{"id":62833,"date":"2023-08-01T17:05:24","date_gmt":"2023-08-01T17:05:24","guid":{"rendered":"https:\/\/www.africa-press.net\/cotedivoire\/politique\/dimbokro-la-fondation-lonaci-offre-une-maternite-au-centre-de-pmi-de-comikro"},"modified":"2023-08-01T18:17:29","modified_gmt":"2023-08-01T18:17:29","slug":"dimbokro-la-fondation-lonaci-offre-une-maternite-au-centre-de-pmi-de-comikro","status":"publish","type":"post","link":"https:\/\/www.africa-press.net\/cotedivoire\/politique\/dimbokro-la-fondation-lonaci-offre-une-maternite-au-centre-de-pmi-de-comikro","title":{"rendered":"Dimbokro, la Fondation LONACI offre une maternit\u00e9 au centre de PMI de Comikro"},"content":{"rendered":"<p><span style=\"color: #ff6600\"><strong>Africa-Press &#8211; C\u00f4te d&rsquo;Ivoire. <\/strong><\/span>Une maternite\u0301 flambant neuve au quartier Comikro de Dimbokro. L&rsquo;\u0153uvre est de la Fondation LONACI, avec a\u0300 sa te\u0302te Dramane Coulibaly.<\/p>\n<p>L&rsquo;e\u0301tablissement sanitaire est sorti des ruines du centre de Protection Maternelle et Infantile du quartier Comikro, ravage\u0301 par un incendie en 2017.<\/p>\n<p>Cette nouvelle maternite\u0301 qui comprend une salle de consultation pre\u0301natale, une salle d\u2019attente, une salle d\u2019accouchement et une suite de couche, a e\u0301te\u0301 inaugure\u0301e, le samedi 29 juillet 2023, en pre\u0301sence des autorite\u0301s administratives et coutumie\u0300res du de\u0301partement de Dimbokro.<\/p>\n<p>Pour le Directeur exe\u0301cutif de la Fondation LONACI, Aboubakary Ouattara, c\u2019est toujours avec une grande satisfaction que l\u2019organisation remet les cle\u0301s d\u2019une infrastructure sanitaire.<\/p>\n<p>\u00ab Nous avons la conviction de contribuer au renforcement des capacite\u0301s de prise en charge du syste\u0300me sanitaire de notre pays \u00bb, a-t-il explique\u0301.<\/p>\n<p>Quant au Pre\u0301fet de re\u0301gion du N\u2019Zi, Pre\u0301fet du de\u0301partement de Dimbokro, Lamine Coulibaly, il a salue\u0301 les actions sociales de la Fondation LONACI qui s\u2019inscrivent dans le programme social du Pre\u0301sident de la Re\u0301publique, Alassane Ouattara. C\u2019est-a\u0300-dire, \u0153uvrer au bien-e\u0302tre de la population, partout sur le territoire national.<\/p>\n<p>La ce\u0301re\u0301monie, notons-le, a e\u0301te\u0301 place\u0301e sous le parrainage du ministre de l&rsquo;E\u0301conomie et des finances, Adama Coulibaly, fils et cadre de Dimbokro.<\/p>\n<p>Wassimagnon<\/p>\n<p><strong>Pour plus d&rsquo;informations et d&rsquo;analyses sur la <a href=\"https:\/\/www.africa-press.net\/cotedivoire\">C\u00f4te d&rsquo;Ivoire<\/a>, suivez <a href=\"https:\/\/www.africa-press.net\/\">Africa-Press<\/a><\/strong><\/p>\n","protected":false},"excerpt":{"rendered":"<p>Africa-Press &#8211; C\u00f4te d&rsquo;Ivoire. Une maternite\u0301 flambant neuve au quartier Comikro de Dimbokro. L&rsquo;\u0153uvre est de la Fondation LONACI, avec a\u0300 sa te\u0302te Dramane Coulibaly. L&rsquo;e\u0301tablissement sanitaire est sorti des ruines du centre de Protection Maternelle et Infantile du quartier Comikro, ravage\u0301 par un incendie en 2017. Cette nouvelle maternite\u0301 qui comprend une salle de [&hellip;]<\/p>\n","protected":false},"author":82,"featured_media":62832,"comment_status":"open","ping_status":"closed","sticky":false,"template":"","format":"standard","meta":{"footnotes":""},"categories":[2,10],"tags":[56,63,10879,29,460,6145,5772],"class_list":["post-62833","post","type-post","status-publish","format-standard","has-post-thumbnail","hentry","category-politique","category-toutes-les-actualites","tag-africa-press","tag-africa-press-cote-divoire","tag-comikro","tag-cote-divoire","tag-dimbokro","tag-dramane-coulibaly","tag-lonaci"],"yoast_head":"<!-- This site is optimized with the Yoast SEO Premium plugin v26.1 (Yoast SEO v27.0) - https:\/\/yoast.com\/product\/yoast-seo-premium-wordpress\/ -->\n<title>Dimbokro, la Fondation LONACI offre une maternit\u00e9 au centre de PMI de Comikro - C\u00f4te d&#039;Ivoire<\/title>\n<meta name=\"description\" content=\"Une maternite\u0301 flambant neuve au quartier Comikro de Dimbokro. L&#039;\u0153uvre est de la Fondation LONACI, avec a\u0300 sa te\u0302te Dram ...\" \/>\n<meta name=\"robots\" content=\"index, follow, max-snippet:-1, max-image-preview:large, max-video-preview:-1\" \/>\n<link rel=\"canonical\" href=\"https:\/\/www.africa-press.net\/cotedivoire\/politique\/dimbokro-la-fondation-lonaci-offre-une-maternite-au-centre-de-pmi-de-comikro\" \/>\n<meta property=\"og:locale\" content=\"fr_FR\" \/>\n<meta property=\"og:type\" content=\"article\" \/>\n<meta property=\"og:title\" content=\"Dimbokro, la Fondation LONACI offre une maternit\u00e9 au centre de PMI de Comikro\" \/>\n<meta property=\"og:description\" content=\"Une maternite\u0301 flambant neuve au quartier Comikro de Dimbokro. L&#039;\u0153uvre est de la Fondation LONACI, avec a\u0300 sa te\u0302te Dram ...\" \/>\n<meta property=\"og:url\" content=\"https:\/\/www.africa-press.net\/cotedivoire\/politique\/dimbokro-la-fondation-lonaci-offre-une-maternite-au-centre-de-pmi-de-comikro\" \/>\n<meta property=\"og:site_name\" content=\"C\u00f4te d&#039;Ivoire\" \/>\n<meta property=\"article:published_time\" content=\"2023-08-01T17:05:24+00:00\" \/>\n<meta property=\"article:modified_time\" content=\"2023-08-01T18:17:29+00:00\" \/>\n<meta property=\"og:image\" content=\"https:\/\/static.africa-press.net\/cote\/sites\/43\/2023\/08\/sm_1690901144.081338.jpg\" \/>\n\t<meta property=\"og:image:width\" content=\"720\" \/>\n\t<meta property=\"og:image:height\" content=\"477\" \/>\n\t<meta property=\"og:image:type\" content=\"image\/jpeg\" \/>\n<meta name=\"author\" content=\"cfeditorfr\" \/>\n<meta name=\"twitter:card\" content=\"summary_large_image\" \/>\n<meta name=\"twitter:label1\" content=\"\u00c9crit par\" \/>\n\t<meta name=\"twitter:data1\" content=\"cfeditorfr\" \/>\n\t<meta name=\"twitter:label2\" content=\"Dur\u00e9e de lecture estim\u00e9e\" \/>\n\t<meta name=\"twitter:data2\" content=\"2 minutes\" \/>\n<script type=\"application\/ld+json\" class=\"yoast-schema-graph\">{\"@context\":\"https:\/\/schema.org\",\"@graph\":[{\"@type\":\"Article\",\"@id\":\"https:\/\/www.africa-press.net\/cotedivoire\/politique\/dimbokro-la-fondation-lonaci-offre-une-maternite-au-centre-de-pmi-de-comikro#article\",\"isPartOf\":{\"@id\":\"https:\/\/www.africa-press.net\/cotedivoire\/politique\/dimbokro-la-fondation-lonaci-offre-une-maternite-au-centre-de-pmi-de-comikro\"},\"author\":{\"name\":\"cfeditorfr\",\"@id\":\"https:\/\/www.africa-press.net\/cotedivoire\/#\/schema\/person\/2b1cf3cd81a31e3cd26889ca66d677f1\"},\"headline\":\"Dimbokro, la Fondation LONACI offre une maternit\u00e9 au centre de PMI de Comikro\",\"datePublished\":\"2023-08-01T17:05:24+00:00\",\"dateModified\":\"2023-08-01T18:17:29+00:00\",\"mainEntityOfPage\":{\"@id\":\"https:\/\/www.africa-press.net\/cotedivoire\/politique\/dimbokro-la-fondation-lonaci-offre-une-maternite-au-centre-de-pmi-de-comikro\"},\"wordCount\":270,\"commentCount\":0,\"image\":{\"@id\":\"https:\/\/www.africa-press.net\/cotedivoire\/politique\/dimbokro-la-fondation-lonaci-offre-une-maternite-au-centre-de-pmi-de-comikro#primaryimage\"},\"thumbnailUrl\":\"https:\/\/static.africa-press.net\/cote\/sites\/43\/2023\/08\/sm_1690901144.081338.jpg\",\"keywords\":[\"Africa Press\",\"Africa Press-C\u00f4te d'Ivoire\",\"Comikro\",\"C\u00d4TE D'IVOIRE\",\"Dimbokro\",\"Dramane Coulibaly\",\"LONACI\"],\"articleSection\":[\"Politique\",\"Toutes les actualit\u00e9s\"],\"inLanguage\":\"fr-FR\",\"potentialAction\":[{\"@type\":\"CommentAction\",\"name\":\"Comment\",\"target\":[\"https:\/\/www.africa-press.net\/cotedivoire\/politique\/dimbokro-la-fondation-lonaci-offre-une-maternite-au-centre-de-pmi-de-comikro#respond\"]}]},{\"@type\":\"WebPage\",\"@id\":\"https:\/\/www.africa-press.net\/cotedivoire\/politique\/dimbokro-la-fondation-lonaci-offre-une-maternite-au-centre-de-pmi-de-comikro\",\"url\":\"https:\/\/www.africa-press.net\/cotedivoire\/politique\/dimbokro-la-fondation-lonaci-offre-une-maternite-au-centre-de-pmi-de-comikro\",\"name\":\"Dimbokro, la Fondation LONACI offre une maternit\u00e9 au centre de PMI de Comikro - C\u00f4te d&#039;Ivoire\",\"isPartOf\":{\"@id\":\"https:\/\/www.africa-press.net\/cotedivoire\/#website\"},\"primaryImageOfPage\":{\"@id\":\"https:\/\/www.africa-press.net\/cotedivoire\/politique\/dimbokro-la-fondation-lonaci-offre-une-maternite-au-centre-de-pmi-de-comikro#primaryimage\"},\"image\":{\"@id\":\"https:\/\/www.africa-press.net\/cotedivoire\/politique\/dimbokro-la-fondation-lonaci-offre-une-maternite-au-centre-de-pmi-de-comikro#primaryimage\"},\"thumbnailUrl\":\"https:\/\/static.africa-press.net\/cote\/sites\/43\/2023\/08\/sm_1690901144.081338.jpg\",\"datePublished\":\"2023-08-01T17:05:24+00:00\",\"dateModified\":\"2023-08-01T18:17:29+00:00\",\"author\":{\"@id\":\"https:\/\/www.africa-press.net\/cotedivoire\/#\/schema\/person\/2b1cf3cd81a31e3cd26889ca66d677f1\"},\"description\":\"Une maternite\u0301 flambant neuve au quartier Comikro de Dimbokro. L'\u0153uvre est de la Fondation LONACI, avec a\u0300 sa te\u0302te Dram ...\",\"breadcrumb\":{\"@id\":\"https:\/\/www.africa-press.net\/cotedivoire\/politique\/dimbokro-la-fondation-lonaci-offre-une-maternite-au-centre-de-pmi-de-comikro#breadcrumb\"},\"inLanguage\":\"fr-FR\",\"potentialAction\":[{\"@type\":\"ReadAction\",\"target\":[\"https:\/\/www.africa-press.net\/cotedivoire\/politique\/dimbokro-la-fondation-lonaci-offre-une-maternite-au-centre-de-pmi-de-comikro\"]}]},{\"@type\":\"ImageObject\",\"inLanguage\":\"fr-FR\",\"@id\":\"https:\/\/www.africa-press.net\/cotedivoire\/politique\/dimbokro-la-fondation-lonaci-offre-une-maternite-au-centre-de-pmi-de-comikro#primaryimage\",\"url\":\"https:\/\/static.africa-press.net\/cote\/sites\/43\/2023\/08\/sm_1690901144.081338.jpg\",\"contentUrl\":\"https:\/\/static.africa-press.net\/cote\/sites\/43\/2023\/08\/sm_1690901144.081338.jpg\",\"width\":720,\"height\":477,\"caption\":\"Dimbokro, la Fondation LONACI offre une maternit\u00e9 au centre de PMI de Comikro\"},{\"@type\":\"BreadcrumbList\",\"@id\":\"https:\/\/www.africa-press.net\/cotedivoire\/politique\/dimbokro-la-fondation-lonaci-offre-une-maternite-au-centre-de-pmi-de-comikro#breadcrumb\",\"itemListElement\":[{\"@type\":\"ListItem\",\"position\":1,\"name\":\"Accueil\",\"item\":\"https:\/\/www.africa-press.net\/cotedivoire\/\"},{\"@type\":\"ListItem\",\"position\":2,\"name\":\"Dimbokro, la Fondation LONACI offre une maternit\u00e9 au centre de PMI de Comikro\"}]},{\"@type\":\"WebSite\",\"@id\":\"https:\/\/www.africa-press.net\/cotedivoire\/#website\",\"url\":\"https:\/\/www.africa-press.net\/cotedivoire\/\",\"name\":\"C\u00f4te d&#039;Ivoire\",\"description\":\"Just another Africa News Agency Sites site\",\"potentialAction\":[{\"@type\":\"SearchAction\",\"target\":{\"@type\":\"EntryPoint\",\"urlTemplate\":\"https:\/\/www.africa-press.net\/cotedivoire\/?s={search_term_string}\"},\"query-input\":{\"@type\":\"PropertyValueSpecification\",\"valueRequired\":true,\"valueName\":\"search_term_string\"}}],\"inLanguage\":\"fr-FR\"},{\"@type\":\"Person\",\"@id\":\"https:\/\/www.africa-press.net\/cotedivoire\/#\/schema\/person\/2b1cf3cd81a31e3cd26889ca66d677f1\",\"name\":\"cfeditorfr\"}]}<\/script>\n<!-- \/ Yoast SEO Premium plugin. -->","yoast_head_json":{"title":"Dimbokro, la Fondation LONACI offre une maternit\u00e9 au centre de PMI de Comikro - C\u00f4te d&#039;Ivoire","description":"Une maternite\u0301 flambant neuve au quartier Comikro de Dimbokro. L'\u0153uvre est de la Fondation LONACI, avec a\u0300 sa te\u0302te Dram ...","robots":{"index":"index","follow":"follow","max-snippet":"max-snippet:-1","max-image-preview":"max-image-preview:large","max-video-preview":"max-video-preview:-1"},"canonical":"https:\/\/www.africa-press.net\/cotedivoire\/politique\/dimbokro-la-fondation-lonaci-offre-une-maternite-au-centre-de-pmi-de-comikro","og_locale":"fr_FR","og_type":"article","og_title":"Dimbokro, la Fondation LONACI offre une maternit\u00e9 au centre de PMI de Comikro","og_description":"Une maternite\u0301 flambant neuve au quartier Comikro de Dimbokro. L'\u0153uvre est de la Fondation LONACI, avec a\u0300 sa te\u0302te Dram ...","og_url":"https:\/\/www.africa-press.net\/cotedivoire\/politique\/dimbokro-la-fondation-lonaci-offre-une-maternite-au-centre-de-pmi-de-comikro","og_site_name":"C\u00f4te d&#039;Ivoire","article_published_time":"2023-08-01T17:05:24+00:00","article_modified_time":"2023-08-01T18:17:29+00:00","og_image":[{"width":720,"height":477,"url":"https:\/\/static.africa-press.net\/cote\/sites\/43\/2023\/08\/sm_1690901144.081338.jpg","type":"image\/jpeg"}],"author":"cfeditorfr","twitter_card":"summary_large_image","twitter_misc":{"\u00c9crit par":"cfeditorfr","Dur\u00e9e de lecture estim\u00e9e":"2 minutes"},"schema":{"@context":"https:\/\/schema.org","@graph":[{"@type":"Article","@id":"https:\/\/www.africa-press.net\/cotedivoire\/politique\/dimbokro-la-fondation-lonaci-offre-une-maternite-au-centre-de-pmi-de-comikro#article","isPartOf":{"@id":"https:\/\/www.africa-press.net\/cotedivoire\/politique\/dimbokro-la-fondation-lonaci-offre-une-maternite-au-centre-de-pmi-de-comikro"},"author":{"name":"cfeditorfr","@id":"https:\/\/www.africa-press.net\/cotedivoire\/#\/schema\/person\/2b1cf3cd81a31e3cd26889ca66d677f1"},"headline":"Dimbokro, la Fondation LONACI offre une maternit\u00e9 au centre de PMI de Comikro","datePublished":"2023-08-01T17:05:24+00:00","dateModified":"2023-08-01T18:17:29+00:00","mainEntityOfPage":{"@id":"https:\/\/www.africa-press.net\/cotedivoire\/politique\/dimbokro-la-fondation-lonaci-offre-une-maternite-au-centre-de-pmi-de-comikro"},"wordCount":270,"commentCount":0,"image":{"@id":"https:\/\/www.africa-press.net\/cotedivoire\/politique\/dimbokro-la-fondation-lonaci-offre-une-maternite-au-centre-de-pmi-de-comikro#primaryimage"},"thumbnailUrl":"https:\/\/static.africa-press.net\/cote\/sites\/43\/2023\/08\/sm_1690901144.081338.jpg","keywords":["Africa Press","Africa Press-C\u00f4te d'Ivoire","Comikro","C\u00d4TE D'IVOIRE","Dimbokro","Dramane Coulibaly","LONACI"],"articleSection":["Politique","Toutes les actualit\u00e9s"],"inLanguage":"fr-FR","potentialAction":[{"@type":"CommentAction","name":"Comment","target":["https:\/\/www.africa-press.net\/cotedivoire\/politique\/dimbokro-la-fondation-lonaci-offre-une-maternite-au-centre-de-pmi-de-comikro#respond"]}]},{"@type":"WebPage","@id":"https:\/\/www.africa-press.net\/cotedivoire\/politique\/dimbokro-la-fondation-lonaci-offre-une-maternite-au-centre-de-pmi-de-comikro","url":"https:\/\/www.africa-press.net\/cotedivoire\/politique\/dimbokro-la-fondation-lonaci-offre-une-maternite-au-centre-de-pmi-de-comikro","name":"Dimbokro, la Fondation LONACI offre une maternit\u00e9 au centre de PMI de Comikro - C\u00f4te d&#039;Ivoire","isPartOf":{"@id":"https:\/\/www.africa-press.net\/cotedivoire\/#website"},"primaryImageOfPage":{"@id":"https:\/\/www.africa-press.net\/cotedivoire\/politique\/dimbokro-la-fondation-lonaci-offre-une-maternite-au-centre-de-pmi-de-comikro#primaryimage"},"image":{"@id":"https:\/\/www.africa-press.net\/cotedivoire\/politique\/dimbokro-la-fondation-lonaci-offre-une-maternite-au-centre-de-pmi-de-comikro#primaryimage"},"thumbnailUrl":"https:\/\/static.africa-press.net\/cote\/sites\/43\/2023\/08\/sm_1690901144.081338.jpg","datePublished":"2023-08-01T17:05:24+00:00","dateModified":"2023-08-01T18:17:29+00:00","author":{"@id":"https:\/\/www.africa-press.net\/cotedivoire\/#\/schema\/person\/2b1cf3cd81a31e3cd26889ca66d677f1"},"description":"Une maternite\u0301 flambant neuve au quartier Comikro de Dimbokro. L'\u0153uvre est de la Fondation LONACI, avec a\u0300 sa te\u0302te Dram ...","breadcrumb":{"@id":"https:\/\/www.africa-press.net\/cotedivoire\/politique\/dimbokro-la-fondation-lonaci-offre-une-maternite-au-centre-de-pmi-de-comikro#breadcrumb"},"inLanguage":"fr-FR","potentialAction":[{"@type":"ReadAction","target":["https:\/\/www.africa-press.net\/cotedivoire\/politique\/dimbokro-la-fondation-lonaci-offre-une-maternite-au-centre-de-pmi-de-comikro"]}]},{"@type":"ImageObject","inLanguage":"fr-FR","@id":"https:\/\/www.africa-press.net\/cotedivoire\/politique\/dimbokro-la-fondation-lonaci-offre-une-maternite-au-centre-de-pmi-de-comikro#primaryimage","url":"https:\/\/static.africa-press.net\/cote\/sites\/43\/2023\/08\/sm_1690901144.081338.jpg","contentUrl":"https:\/\/static.africa-press.net\/cote\/sites\/43\/2023\/08\/sm_1690901144.081338.jpg","width":720,"height":477,"caption":"Dimbokro, la Fondation LONACI offre une maternit\u00e9 au centre de PMI de Comikro"},{"@type":"BreadcrumbList","@id":"https:\/\/www.africa-press.net\/cotedivoire\/politique\/dimbokro-la-fondation-lonaci-offre-une-maternite-au-centre-de-pmi-de-comikro#breadcrumb","itemListElement":[{"@type":"ListItem","position":1,"name":"Accueil","item":"https:\/\/www.africa-press.net\/cotedivoire\/"},{"@type":"ListItem","position":2,"name":"Dimbokro, la Fondation LONACI offre une maternit\u00e9 au centre de PMI de Comikro"}]},{"@type":"WebSite","@id":"https:\/\/www.africa-press.net\/cotedivoire\/#website","url":"https:\/\/www.africa-press.net\/cotedivoire\/","name":"C\u00f4te d&#039;Ivoire","description":"Just another Africa News Agency Sites site","potentialAction":[{"@type":"SearchAction","target":{"@type":"EntryPoint","urlTemplate":"https:\/\/www.africa-press.net\/cotedivoire\/?s={search_term_string}"},"query-input":{"@type":"PropertyValueSpecification","valueRequired":true,"valueName":"search_term_string"}}],"inLanguage":"fr-FR"},{"@type":"Person","@id":"https:\/\/www.africa-press.net\/cotedivoire\/#\/schema\/person\/2b1cf3cd81a31e3cd26889ca66d677f1","name":"cfeditorfr"}]}},"_links":{"self":[{"href":"https:\/\/www.africa-press.net\/cotedivoire\/wp-json\/wp\/v2\/posts\/62833","targetHints":{"allow":["GET"]}}],"collection":[{"href":"https:\/\/www.africa-press.net\/cotedivoire\/wp-json\/wp\/v2\/posts"}],"about":[{"href":"https:\/\/www.africa-press.net\/cotedivoire\/wp-json\/wp\/v2\/types\/post"}],"author":[{"embeddable":true,"href":"https:\/\/www.africa-press.net\/cotedivoire\/wp-json\/wp\/v2\/users\/82"}],"replies":[{"embeddable":true,"href":"https:\/\/www.africa-press.net\/cotedivoire\/wp-json\/wp\/v2\/comments?post=62833"}],"version-history":[{"count":0,"href":"https:\/\/www.africa-press.net\/cotedivoire\/wp-json\/wp\/v2\/posts\/62833\/revisions"}],"wp:featuredmedia":[{"embeddable":true,"href":"https:\/\/www.africa-press.net\/cotedivoire\/wp-json\/wp\/v2\/media\/62832"}],"wp:attachment":[{"href":"https:\/\/www.africa-press.net\/cotedivoire\/wp-json\/wp\/v2\/media?parent=62833"}],"wp:term":[{"taxonomy":"category","embeddable":true,"href":"https:\/\/www.africa-press.net\/cotedivoire\/wp-json\/wp\/v2\/categories?post=62833"},{"taxonomy":"post_tag","embeddable":true,"href":"https:\/\/www.africa-press.net\/cotedivoire\/wp-json\/wp\/v2\/tags?post=62833"}],"curies":[{"name":"wp","href":"https:\/\/api.w.org\/{rel}","templated":true}]}}