{"id":62842,"date":"2023-08-01T17:08:53","date_gmt":"2023-08-01T17:08:53","guid":{"rendered":"https:\/\/www.africa-press.net\/cotedivoire\/politique\/affienou-apres-le-conflit-intercommunautaire-occasionnant-une-victime-ouegnin-aux-populations-laurent-gbagbo-est-une-benediction-pour-le-pays"},"modified":"2023-08-01T18:20:27","modified_gmt":"2023-08-01T18:20:27","slug":"affienou-apres-le-conflit-intercommunautaire-occasionnant-une-victime-ouegnin-aux-populations-laurent-gbagbo-est-une-benediction-pour-le-pays","status":"publish","type":"post","link":"https:\/\/www.africa-press.net\/cotedivoire\/politique\/affienou-apres-le-conflit-intercommunautaire-occasionnant-une-victime-ouegnin-aux-populations-laurent-gbagbo-est-une-benediction-pour-le-pays","title":{"rendered":"Affienou, apr\u00e8s le conflit intercommunautaire occasionnant une victime, Ou\u00e9gnin aux populations \u00ab Laurent Gbagbo est une b\u00e9n\u00e9diction pour le Pays \u00bb"},"content":{"rendered":"<p><span style=\"color: #ff6600\"><strong>Africa-Press &#8211; C\u00f4te d&rsquo;Ivoire. <\/strong><\/span>Affinenou, village situe\u0301 du sud-est de la Co\u0302te d&rsquo;Ivoire, et appartenant au de\u0301partement d&rsquo;Aboisso, Re\u0301gion du Sud-Comoe\u0301, a ve\u0301cu des fa\u0302cheux incidents le vendredi 28 juillet 2023.<\/p>\n<p>Apre\u0300s ce conflit communautaire entre jeunes Burkinabe\u0301s et jeunes Agnis qui a du reste fait une victime et qui a vu l&rsquo;intervention de la police et de la gendarmerie pour calmer la situation et canaliser les bellige\u0301rants, l\u2019honorable Georges-Armand Oue\u0301gnin, candidat du Parti des Peuples Africains \u2013 Co\u0302te d\u2019Ivoire (PPA-CI) aux e\u0301lections re\u0301gionales dans le Sud-Comoe\u0301 s\u2019est rendu dans cette localite\u0301 le lendemain de ce conflit.<\/p>\n<p>En de\u0301pit de ces fa\u0302cheux incidents, l\u2019ancien ministre de Gbagbo a tenu a marque\u0301 d&rsquo;une pierre blanche son passage a\u0300 Affienou en rencontrant a\u0300 son domicile, Ekonde\u0301 Malan, un militant PPA-CI de premie\u0300re heure, fide\u0300le parmi les fide\u0300les de l\u2019ex-pre\u0301sident Laurent Gbagbo.<\/p>\n<p>Selon ce fide\u0300le compagnon de Gbagbo \u00ab Quand, on a eu un pre\u0301sident comme Laurent Gbagbo qui permettait aux paysans que nous sommes de vendre nos produits a\u0300 des prix qui nous comblaient de joie, on ne peut que remercier le Seigneur pour lui avoir permis de revenir de cette prison injuste, mais aussi et surtout de lui donner encore longue vie. Pour notre part, nous le suivrons jusqu&rsquo;au bout du bout parce qu&rsquo;il est dans la ve\u0301rite\u0301 \u00bb.<\/p>\n<p>En retour l&rsquo;Honorable Georges-Armand Oue\u0301gnin, vice-pre\u0301sident du PPA-CI, a promis de revenir de\u0300s que l&rsquo;e\u0301tat de la route le permettra pour rencontrer toutes les populations des villages de la sous-pre\u0301fecture de Kouakro.<\/p>\n<p>Il a exhorte\u0301 ses ho\u0302tes d\u2019Affienou de rester fide\u0300le a\u0300 leurs engagements envers Laurent Gbagbo.<\/p>\n<p>\u00ab Merci de rester loyal et fide\u0300le au pre\u0301sident Laurent GBAGBO qui est une be\u0301ne\u0301diction pour la Co\u0302te d\u2019Ivoire, Merci de rester droit dans vos bottes et je peux vous dire avec certitude en vous regardant droit dans les yeux que les bienfaits de notre Seigneur ne s&rsquo;arre\u0302teront pas a\u0300 ce que nous voyons aujourd&rsquo;hui puisqu&rsquo;il fera bien plus a\u0300 travers le retour au pouvoir en 2025 de notre re\u0301fe\u0301rent politique, SEM Laurent Gbagbo \u00bb, a martele\u0301 le candidat du PPA-CI aux e\u0301lections re\u0301gionales dans le Sud-Comoe\u0301.<\/p>\n<p><strong>Pour plus d&rsquo;informations et d&rsquo;analyses sur la <a href=\"https:\/\/www.africa-press.net\/cotedivoire\">C\u00f4te d&rsquo;Ivoire<\/a>, suivez <a href=\"https:\/\/www.africa-press.net\/\">Africa-Press<\/a><\/strong><\/p>\n","protected":false},"excerpt":{"rendered":"<p>Africa-Press &#8211; C\u00f4te d&rsquo;Ivoire. Affinenou, village situe\u0301 du sud-est de la Co\u0302te d&rsquo;Ivoire, et appartenant au de\u0301partement d&rsquo;Aboisso, Re\u0301gion du Sud-Comoe\u0301, a ve\u0301cu des fa\u0302cheux incidents le vendredi 28 juillet 2023. Apre\u0300s ce conflit communautaire entre jeunes Burkinabe\u0301s et jeunes Agnis qui a du reste fait une victime et qui a vu l&rsquo;intervention de la [&hellip;]<\/p>\n","protected":false},"author":82,"featured_media":62840,"comment_status":"open","ping_status":"closed","sticky":false,"template":"","format":"standard","meta":{"footnotes":""},"categories":[2,10],"tags":[1816,10882,56,63,944,29,320,1119,1952,1650],"class_list":["post-62842","post","type-post","status-publish","format-standard","has-post-thumbnail","hentry","category-politique","category-toutes-les-actualites","tag-aboisso","tag-affienou","tag-africa-press","tag-africa-press-cote-divoire","tag-conflit","tag-cote-divoire","tag-gbagbo","tag-ouegnin","tag-ppa-ci","tag-sud-comoe"],"yoast_head":"<!-- This site is optimized with the Yoast SEO Premium plugin v26.1 (Yoast SEO v27.0) - https:\/\/yoast.com\/product\/yoast-seo-premium-wordpress\/ -->\n<title>Affienou, apr\u00e8s le conflit intercommunautaire occasionnant une victime, Ou\u00e9gnin aux populations \u00ab Laurent Gbagbo est une b\u00e9n\u00e9diction pour le Pays \u00bb - C\u00f4te d&#039;Ivoire<\/title>\n<meta name=\"description\" content=\"Affinenou, village situe\u0301 du sud-est de la Co\u0302te d&#039;Ivoire, et appartenant au de\u0301partement d&#039;Aboisso, Re\u0301gion du Sud-Como ...\" \/>\n<meta name=\"robots\" content=\"index, follow, max-snippet:-1, max-image-preview:large, max-video-preview:-1\" \/>\n<link rel=\"canonical\" href=\"https:\/\/www.africa-press.net\/cotedivoire\/politique\/affienou-apres-le-conflit-intercommunautaire-occasionnant-une-victime-ouegnin-aux-populations-laurent-gbagbo-est-une-benediction-pour-le-pays\" \/>\n<meta property=\"og:locale\" content=\"fr_FR\" \/>\n<meta property=\"og:type\" content=\"article\" \/>\n<meta property=\"og:title\" content=\"Affienou, apr\u00e8s le conflit intercommunautaire occasionnant une victime, Ou\u00e9gnin aux populations \u00ab Laurent Gbagbo est une b\u00e9n\u00e9diction pour le Pays \u00bb\" \/>\n<meta property=\"og:description\" content=\"Affinenou, village situe\u0301 du sud-est de la Co\u0302te d&#039;Ivoire, et appartenant au de\u0301partement d&#039;Aboisso, Re\u0301gion du Sud-Como ...\" \/>\n<meta property=\"og:url\" content=\"https:\/\/www.africa-press.net\/cotedivoire\/politique\/affienou-apres-le-conflit-intercommunautaire-occasionnant-une-victime-ouegnin-aux-populations-laurent-gbagbo-est-une-benediction-pour-le-pays\" \/>\n<meta property=\"og:site_name\" content=\"C\u00f4te d&#039;Ivoire\" \/>\n<meta property=\"article:published_time\" content=\"2023-08-01T17:08:53+00:00\" \/>\n<meta property=\"article:modified_time\" content=\"2023-08-01T18:20:27+00:00\" \/>\n<meta property=\"og:image\" content=\"https:\/\/static.africa-press.net\/cote\/sites\/43\/2023\/08\/sm_1690901324.577652.jpg\" \/>\n\t<meta property=\"og:image:width\" content=\"720\" \/>\n\t<meta property=\"og:image:height\" content=\"480\" \/>\n\t<meta property=\"og:image:type\" content=\"image\/jpeg\" \/>\n<meta name=\"author\" content=\"cfeditorfr\" \/>\n<meta name=\"twitter:card\" content=\"summary_large_image\" \/>\n<meta name=\"twitter:label1\" content=\"\u00c9crit par\" \/>\n\t<meta name=\"twitter:data1\" content=\"cfeditorfr\" \/>\n\t<meta name=\"twitter:label2\" content=\"Dur\u00e9e de lecture estim\u00e9e\" \/>\n\t<meta name=\"twitter:data2\" content=\"2 minutes\" \/>\n<script type=\"application\/ld+json\" class=\"yoast-schema-graph\">{\"@context\":\"https:\/\/schema.org\",\"@graph\":[{\"@type\":\"Article\",\"@id\":\"https:\/\/www.africa-press.net\/cotedivoire\/politique\/affienou-apres-le-conflit-intercommunautaire-occasionnant-une-victime-ouegnin-aux-populations-laurent-gbagbo-est-une-benediction-pour-le-pays#article\",\"isPartOf\":{\"@id\":\"https:\/\/www.africa-press.net\/cotedivoire\/politique\/affienou-apres-le-conflit-intercommunautaire-occasionnant-une-victime-ouegnin-aux-populations-laurent-gbagbo-est-une-benediction-pour-le-pays\"},\"author\":{\"name\":\"cfeditorfr\",\"@id\":\"https:\/\/www.africa-press.net\/cotedivoire\/#\/schema\/person\/2b1cf3cd81a31e3cd26889ca66d677f1\"},\"headline\":\"Affienou, apr\u00e8s le conflit intercommunautaire occasionnant une victime, Ou\u00e9gnin aux populations \u00ab Laurent Gbagbo est une b\u00e9n\u00e9diction pour le Pays \u00bb\",\"datePublished\":\"2023-08-01T17:08:53+00:00\",\"dateModified\":\"2023-08-01T18:20:27+00:00\",\"mainEntityOfPage\":{\"@id\":\"https:\/\/www.africa-press.net\/cotedivoire\/politique\/affienou-apres-le-conflit-intercommunautaire-occasionnant-une-victime-ouegnin-aux-populations-laurent-gbagbo-est-une-benediction-pour-le-pays\"},\"wordCount\":440,\"commentCount\":0,\"image\":{\"@id\":\"https:\/\/www.africa-press.net\/cotedivoire\/politique\/affienou-apres-le-conflit-intercommunautaire-occasionnant-une-victime-ouegnin-aux-populations-laurent-gbagbo-est-une-benediction-pour-le-pays#primaryimage\"},\"thumbnailUrl\":\"https:\/\/static.africa-press.net\/cote\/sites\/43\/2023\/08\/sm_1690901324.577652.jpg\",\"keywords\":[\"Aboisso\",\"Affienou\",\"Africa Press\",\"Africa Press-C\u00f4te d'Ivoire\",\"conflit\",\"C\u00d4TE D'IVOIRE\",\"Gbagbo\",\"Ou\u00e9gnin\",\"PPA-CI\",\"Sud-Como\u00e9\"],\"articleSection\":[\"Politique\",\"Toutes les actualit\u00e9s\"],\"inLanguage\":\"fr-FR\",\"potentialAction\":[{\"@type\":\"CommentAction\",\"name\":\"Comment\",\"target\":[\"https:\/\/www.africa-press.net\/cotedivoire\/politique\/affienou-apres-le-conflit-intercommunautaire-occasionnant-une-victime-ouegnin-aux-populations-laurent-gbagbo-est-une-benediction-pour-le-pays#respond\"]}]},{\"@type\":\"WebPage\",\"@id\":\"https:\/\/www.africa-press.net\/cotedivoire\/politique\/affienou-apres-le-conflit-intercommunautaire-occasionnant-une-victime-ouegnin-aux-populations-laurent-gbagbo-est-une-benediction-pour-le-pays\",\"url\":\"https:\/\/www.africa-press.net\/cotedivoire\/politique\/affienou-apres-le-conflit-intercommunautaire-occasionnant-une-victime-ouegnin-aux-populations-laurent-gbagbo-est-une-benediction-pour-le-pays\",\"name\":\"Affienou, apr\u00e8s le conflit intercommunautaire occasionnant une victime, Ou\u00e9gnin aux populations \u00ab Laurent Gbagbo est une b\u00e9n\u00e9diction pour le Pays \u00bb - C\u00f4te d&#039;Ivoire\",\"isPartOf\":{\"@id\":\"https:\/\/www.africa-press.net\/cotedivoire\/#website\"},\"primaryImageOfPage\":{\"@id\":\"https:\/\/www.africa-press.net\/cotedivoire\/politique\/affienou-apres-le-conflit-intercommunautaire-occasionnant-une-victime-ouegnin-aux-populations-laurent-gbagbo-est-une-benediction-pour-le-pays#primaryimage\"},\"image\":{\"@id\":\"https:\/\/www.africa-press.net\/cotedivoire\/politique\/affienou-apres-le-conflit-intercommunautaire-occasionnant-une-victime-ouegnin-aux-populations-laurent-gbagbo-est-une-benediction-pour-le-pays#primaryimage\"},\"thumbnailUrl\":\"https:\/\/static.africa-press.net\/cote\/sites\/43\/2023\/08\/sm_1690901324.577652.jpg\",\"datePublished\":\"2023-08-01T17:08:53+00:00\",\"dateModified\":\"2023-08-01T18:20:27+00:00\",\"author\":{\"@id\":\"https:\/\/www.africa-press.net\/cotedivoire\/#\/schema\/person\/2b1cf3cd81a31e3cd26889ca66d677f1\"},\"description\":\"Affinenou, village situe\u0301 du sud-est de la Co\u0302te d'Ivoire, et appartenant au de\u0301partement d'Aboisso, Re\u0301gion du Sud-Como ...\",\"breadcrumb\":{\"@id\":\"https:\/\/www.africa-press.net\/cotedivoire\/politique\/affienou-apres-le-conflit-intercommunautaire-occasionnant-une-victime-ouegnin-aux-populations-laurent-gbagbo-est-une-benediction-pour-le-pays#breadcrumb\"},\"inLanguage\":\"fr-FR\",\"potentialAction\":[{\"@type\":\"ReadAction\",\"target\":[\"https:\/\/www.africa-press.net\/cotedivoire\/politique\/affienou-apres-le-conflit-intercommunautaire-occasionnant-une-victime-ouegnin-aux-populations-laurent-gbagbo-est-une-benediction-pour-le-pays\"]}]},{\"@type\":\"ImageObject\",\"inLanguage\":\"fr-FR\",\"@id\":\"https:\/\/www.africa-press.net\/cotedivoire\/politique\/affienou-apres-le-conflit-intercommunautaire-occasionnant-une-victime-ouegnin-aux-populations-laurent-gbagbo-est-une-benediction-pour-le-pays#primaryimage\",\"url\":\"https:\/\/static.africa-press.net\/cote\/sites\/43\/2023\/08\/sm_1690901324.577652.jpg\",\"contentUrl\":\"https:\/\/static.africa-press.net\/cote\/sites\/43\/2023\/08\/sm_1690901324.577652.jpg\",\"width\":720,\"height\":480,\"caption\":\"Affienou, apr\u00e8s le conflit intercommunautaire occasionnant une victime, Ou\u00e9gnin aux populations \u00ab Laurent Gbagbo est une b\u00e9n\u00e9diction pour le Pays \u00bb\"},{\"@type\":\"BreadcrumbList\",\"@id\":\"https:\/\/www.africa-press.net\/cotedivoire\/politique\/affienou-apres-le-conflit-intercommunautaire-occasionnant-une-victime-ouegnin-aux-populations-laurent-gbagbo-est-une-benediction-pour-le-pays#breadcrumb\",\"itemListElement\":[{\"@type\":\"ListItem\",\"position\":1,\"name\":\"Accueil\",\"item\":\"https:\/\/www.africa-press.net\/cotedivoire\/\"},{\"@type\":\"ListItem\",\"position\":2,\"name\":\"Affienou, apr\u00e8s le conflit intercommunautaire occasionnant une victime, Ou\u00e9gnin aux populations \u00ab Laurent Gbagbo est une b\u00e9n\u00e9diction pour le Pays \u00bb\"}]},{\"@type\":\"WebSite\",\"@id\":\"https:\/\/www.africa-press.net\/cotedivoire\/#website\",\"url\":\"https:\/\/www.africa-press.net\/cotedivoire\/\",\"name\":\"C\u00f4te d&#039;Ivoire\",\"description\":\"Just another Africa News Agency Sites site\",\"potentialAction\":[{\"@type\":\"SearchAction\",\"target\":{\"@type\":\"EntryPoint\",\"urlTemplate\":\"https:\/\/www.africa-press.net\/cotedivoire\/?s={search_term_string}\"},\"query-input\":{\"@type\":\"PropertyValueSpecification\",\"valueRequired\":true,\"valueName\":\"search_term_string\"}}],\"inLanguage\":\"fr-FR\"},{\"@type\":\"Person\",\"@id\":\"https:\/\/www.africa-press.net\/cotedivoire\/#\/schema\/person\/2b1cf3cd81a31e3cd26889ca66d677f1\",\"name\":\"cfeditorfr\"}]}<\/script>\n<!-- \/ Yoast SEO Premium plugin. -->","yoast_head_json":{"title":"Affienou, apr\u00e8s le conflit intercommunautaire occasionnant une victime, Ou\u00e9gnin aux populations \u00ab Laurent Gbagbo est une b\u00e9n\u00e9diction pour le Pays \u00bb - C\u00f4te d&#039;Ivoire","description":"Affinenou, village situe\u0301 du sud-est de la Co\u0302te d'Ivoire, et appartenant au de\u0301partement d'Aboisso, Re\u0301gion du Sud-Como ...","robots":{"index":"index","follow":"follow","max-snippet":"max-snippet:-1","max-image-preview":"max-image-preview:large","max-video-preview":"max-video-preview:-1"},"canonical":"https:\/\/www.africa-press.net\/cotedivoire\/politique\/affienou-apres-le-conflit-intercommunautaire-occasionnant-une-victime-ouegnin-aux-populations-laurent-gbagbo-est-une-benediction-pour-le-pays","og_locale":"fr_FR","og_type":"article","og_title":"Affienou, apr\u00e8s le conflit intercommunautaire occasionnant une victime, Ou\u00e9gnin aux populations \u00ab Laurent Gbagbo est une b\u00e9n\u00e9diction pour le Pays \u00bb","og_description":"Affinenou, village situe\u0301 du sud-est de la Co\u0302te d'Ivoire, et appartenant au de\u0301partement d'Aboisso, Re\u0301gion du Sud-Como ...","og_url":"https:\/\/www.africa-press.net\/cotedivoire\/politique\/affienou-apres-le-conflit-intercommunautaire-occasionnant-une-victime-ouegnin-aux-populations-laurent-gbagbo-est-une-benediction-pour-le-pays","og_site_name":"C\u00f4te d&#039;Ivoire","article_published_time":"2023-08-01T17:08:53+00:00","article_modified_time":"2023-08-01T18:20:27+00:00","og_image":[{"width":720,"height":480,"url":"https:\/\/static.africa-press.net\/cote\/sites\/43\/2023\/08\/sm_1690901324.577652.jpg","type":"image\/jpeg"}],"author":"cfeditorfr","twitter_card":"summary_large_image","twitter_misc":{"\u00c9crit par":"cfeditorfr","Dur\u00e9e de lecture estim\u00e9e":"2 minutes"},"schema":{"@context":"https:\/\/schema.org","@graph":[{"@type":"Article","@id":"https:\/\/www.africa-press.net\/cotedivoire\/politique\/affienou-apres-le-conflit-intercommunautaire-occasionnant-une-victime-ouegnin-aux-populations-laurent-gbagbo-est-une-benediction-pour-le-pays#article","isPartOf":{"@id":"https:\/\/www.africa-press.net\/cotedivoire\/politique\/affienou-apres-le-conflit-intercommunautaire-occasionnant-une-victime-ouegnin-aux-populations-laurent-gbagbo-est-une-benediction-pour-le-pays"},"author":{"name":"cfeditorfr","@id":"https:\/\/www.africa-press.net\/cotedivoire\/#\/schema\/person\/2b1cf3cd81a31e3cd26889ca66d677f1"},"headline":"Affienou, apr\u00e8s le conflit intercommunautaire occasionnant une victime, Ou\u00e9gnin aux populations \u00ab Laurent Gbagbo est une b\u00e9n\u00e9diction pour le Pays \u00bb","datePublished":"2023-08-01T17:08:53+00:00","dateModified":"2023-08-01T18:20:27+00:00","mainEntityOfPage":{"@id":"https:\/\/www.africa-press.net\/cotedivoire\/politique\/affienou-apres-le-conflit-intercommunautaire-occasionnant-une-victime-ouegnin-aux-populations-laurent-gbagbo-est-une-benediction-pour-le-pays"},"wordCount":440,"commentCount":0,"image":{"@id":"https:\/\/www.africa-press.net\/cotedivoire\/politique\/affienou-apres-le-conflit-intercommunautaire-occasionnant-une-victime-ouegnin-aux-populations-laurent-gbagbo-est-une-benediction-pour-le-pays#primaryimage"},"thumbnailUrl":"https:\/\/static.africa-press.net\/cote\/sites\/43\/2023\/08\/sm_1690901324.577652.jpg","keywords":["Aboisso","Affienou","Africa Press","Africa Press-C\u00f4te d'Ivoire","conflit","C\u00d4TE D'IVOIRE","Gbagbo","Ou\u00e9gnin","PPA-CI","Sud-Como\u00e9"],"articleSection":["Politique","Toutes les actualit\u00e9s"],"inLanguage":"fr-FR","potentialAction":[{"@type":"CommentAction","name":"Comment","target":["https:\/\/www.africa-press.net\/cotedivoire\/politique\/affienou-apres-le-conflit-intercommunautaire-occasionnant-une-victime-ouegnin-aux-populations-laurent-gbagbo-est-une-benediction-pour-le-pays#respond"]}]},{"@type":"WebPage","@id":"https:\/\/www.africa-press.net\/cotedivoire\/politique\/affienou-apres-le-conflit-intercommunautaire-occasionnant-une-victime-ouegnin-aux-populations-laurent-gbagbo-est-une-benediction-pour-le-pays","url":"https:\/\/www.africa-press.net\/cotedivoire\/politique\/affienou-apres-le-conflit-intercommunautaire-occasionnant-une-victime-ouegnin-aux-populations-laurent-gbagbo-est-une-benediction-pour-le-pays","name":"Affienou, apr\u00e8s le conflit intercommunautaire occasionnant une victime, Ou\u00e9gnin aux populations \u00ab Laurent Gbagbo est une b\u00e9n\u00e9diction pour le Pays \u00bb - C\u00f4te d&#039;Ivoire","isPartOf":{"@id":"https:\/\/www.africa-press.net\/cotedivoire\/#website"},"primaryImageOfPage":{"@id":"https:\/\/www.africa-press.net\/cotedivoire\/politique\/affienou-apres-le-conflit-intercommunautaire-occasionnant-une-victime-ouegnin-aux-populations-laurent-gbagbo-est-une-benediction-pour-le-pays#primaryimage"},"image":{"@id":"https:\/\/www.africa-press.net\/cotedivoire\/politique\/affienou-apres-le-conflit-intercommunautaire-occasionnant-une-victime-ouegnin-aux-populations-laurent-gbagbo-est-une-benediction-pour-le-pays#primaryimage"},"thumbnailUrl":"https:\/\/static.africa-press.net\/cote\/sites\/43\/2023\/08\/sm_1690901324.577652.jpg","datePublished":"2023-08-01T17:08:53+00:00","dateModified":"2023-08-01T18:20:27+00:00","author":{"@id":"https:\/\/www.africa-press.net\/cotedivoire\/#\/schema\/person\/2b1cf3cd81a31e3cd26889ca66d677f1"},"description":"Affinenou, village situe\u0301 du sud-est de la Co\u0302te d'Ivoire, et appartenant au de\u0301partement d'Aboisso, Re\u0301gion du Sud-Como ...","breadcrumb":{"@id":"https:\/\/www.africa-press.net\/cotedivoire\/politique\/affienou-apres-le-conflit-intercommunautaire-occasionnant-une-victime-ouegnin-aux-populations-laurent-gbagbo-est-une-benediction-pour-le-pays#breadcrumb"},"inLanguage":"fr-FR","potentialAction":[{"@type":"ReadAction","target":["https:\/\/www.africa-press.net\/cotedivoire\/politique\/affienou-apres-le-conflit-intercommunautaire-occasionnant-une-victime-ouegnin-aux-populations-laurent-gbagbo-est-une-benediction-pour-le-pays"]}]},{"@type":"ImageObject","inLanguage":"fr-FR","@id":"https:\/\/www.africa-press.net\/cotedivoire\/politique\/affienou-apres-le-conflit-intercommunautaire-occasionnant-une-victime-ouegnin-aux-populations-laurent-gbagbo-est-une-benediction-pour-le-pays#primaryimage","url":"https:\/\/static.africa-press.net\/cote\/sites\/43\/2023\/08\/sm_1690901324.577652.jpg","contentUrl":"https:\/\/static.africa-press.net\/cote\/sites\/43\/2023\/08\/sm_1690901324.577652.jpg","width":720,"height":480,"caption":"Affienou, apr\u00e8s le conflit intercommunautaire occasionnant une victime, Ou\u00e9gnin aux populations \u00ab Laurent Gbagbo est une b\u00e9n\u00e9diction pour le Pays \u00bb"},{"@type":"BreadcrumbList","@id":"https:\/\/www.africa-press.net\/cotedivoire\/politique\/affienou-apres-le-conflit-intercommunautaire-occasionnant-une-victime-ouegnin-aux-populations-laurent-gbagbo-est-une-benediction-pour-le-pays#breadcrumb","itemListElement":[{"@type":"ListItem","position":1,"name":"Accueil","item":"https:\/\/www.africa-press.net\/cotedivoire\/"},{"@type":"ListItem","position":2,"name":"Affienou, apr\u00e8s le conflit intercommunautaire occasionnant une victime, Ou\u00e9gnin aux populations \u00ab Laurent Gbagbo est une b\u00e9n\u00e9diction pour le Pays \u00bb"}]},{"@type":"WebSite","@id":"https:\/\/www.africa-press.net\/cotedivoire\/#website","url":"https:\/\/www.africa-press.net\/cotedivoire\/","name":"C\u00f4te d&#039;Ivoire","description":"Just another Africa News Agency Sites site","potentialAction":[{"@type":"SearchAction","target":{"@type":"EntryPoint","urlTemplate":"https:\/\/www.africa-press.net\/cotedivoire\/?s={search_term_string}"},"query-input":{"@type":"PropertyValueSpecification","valueRequired":true,"valueName":"search_term_string"}}],"inLanguage":"fr-FR"},{"@type":"Person","@id":"https:\/\/www.africa-press.net\/cotedivoire\/#\/schema\/person\/2b1cf3cd81a31e3cd26889ca66d677f1","name":"cfeditorfr"}]}},"_links":{"self":[{"href":"https:\/\/www.africa-press.net\/cotedivoire\/wp-json\/wp\/v2\/posts\/62842","targetHints":{"allow":["GET"]}}],"collection":[{"href":"https:\/\/www.africa-press.net\/cotedivoire\/wp-json\/wp\/v2\/posts"}],"about":[{"href":"https:\/\/www.africa-press.net\/cotedivoire\/wp-json\/wp\/v2\/types\/post"}],"author":[{"embeddable":true,"href":"https:\/\/www.africa-press.net\/cotedivoire\/wp-json\/wp\/v2\/users\/82"}],"replies":[{"embeddable":true,"href":"https:\/\/www.africa-press.net\/cotedivoire\/wp-json\/wp\/v2\/comments?post=62842"}],"version-history":[{"count":0,"href":"https:\/\/www.africa-press.net\/cotedivoire\/wp-json\/wp\/v2\/posts\/62842\/revisions"}],"wp:featuredmedia":[{"embeddable":true,"href":"https:\/\/www.africa-press.net\/cotedivoire\/wp-json\/wp\/v2\/media\/62840"}],"wp:attachment":[{"href":"https:\/\/www.africa-press.net\/cotedivoire\/wp-json\/wp\/v2\/media?parent=62842"}],"wp:term":[{"taxonomy":"category","embeddable":true,"href":"https:\/\/www.africa-press.net\/cotedivoire\/wp-json\/wp\/v2\/categories?post=62842"},{"taxonomy":"post_tag","embeddable":true,"href":"https:\/\/www.africa-press.net\/cotedivoire\/wp-json\/wp\/v2\/tags?post=62842"}],"curies":[{"name":"wp","href":"https:\/\/api.w.org\/{rel}","templated":true}]}}