{"id":63226,"date":"2023-08-10T14:08:05","date_gmt":"2023-08-10T14:08:05","guid":{"rendered":"https:\/\/www.africa-press.net\/cotedivoire\/politique\/depart-a-la-retraite-anne-ouloto-explique-la-preoccupation-sur-le-cas-des-enseignants"},"modified":"2023-08-11T11:11:28","modified_gmt":"2023-08-11T11:11:28","slug":"depart-a-la-retraite-anne-ouloto-explique-la-preoccupation-sur-le-cas-des-enseignants","status":"publish","type":"post","link":"https:\/\/www.africa-press.net\/cotedivoire\/toutes-les-actualites\/depart-a-la-retraite-anne-ouloto-explique-la-preoccupation-sur-le-cas-des-enseignants","title":{"rendered":"D\u00e9part  \u00e0 la retraite, Anne Ouloto explique la pr\u00e9occupation sur le cas des enseignants"},"content":{"rendered":"<p><span style=\"color: #ff6600\"><strong>Africa-Press &#8211; C\u00f4te d&rsquo;Ivoire. <\/strong><\/span>Dans un entretien accorde\u0301 au quotidien pro-Gouvernemental \u00ab Fraternite\u0301 Matin \u00bb la Ministre de la Fonction Publique, Anne De\u0301sire\u0301e Ouloto sur les motivations de la prise du de\u0301cret de l\u2019uniformisation du de\u0301part a\u0300 la retraite des fonctionnaires.<\/p>\n<p>Elle explique avoir propose\u0301 au gouvernement de revoir la date de de\u0301part a\u0300 la retraite des fonctionnaires, car a\u0300 la pratique, il lui a e\u0301te\u0301 donne\u0301 de constater qu\u2019il y avait e\u0301norme\u0301ment de difficulte\u0301s.<\/p>\n<p>\u00ab Notamment dans le cadre de la politique du de\u0301part a\u0300 la retraite des fonctionnaires. J\u2019avais a\u0300 ge\u0301rer deux cate\u0301gories de de\u0301part. Il y a des de\u0301parts conside\u0301re\u0301s comme normaux pour tout le monde. Et les exceptions. Le principe e\u0301tait applique\u0301 a\u0300 tous ceux qui ne sont pas enseignants. Selon ce principe, le fonctionnaire, d\u2019apre\u0300s sa date de naissance, part a\u0300 la retraite a\u0300 la fin du mois de sa date de naissance et est radie\u0301 des effectifs au 1er du mois suivant. Je donne un exemple, vous e\u0302tes ne\u0301 le 20 avril, donc fin avril, vous e\u0302tes admis a\u0300 faire valoir vos droits a\u0300 la retraite. Et le 1er mai, vous e\u0302tes radie\u0301 des effectifs de la Fonction publique. Tel est ce principe \u00bb, pre\u0301cise la Ministre avant d\u2019e\u0301voquer le cas des enseignants quand ces derniers se retrouvent dans l\u2019Administration centrale apre\u0300s avoir quitte\u0301 les salles de classe.<\/p>\n<p>\u00ab Lorsque dans cette administration centrale, vous avez des enseignants qui sont soumis a\u0300 ce principe, cela nous cre\u0301e une situation de deux poids, deux mesures. Quand vous dites a\u0300 l\u2019enseignant que vous e\u0302tes ne\u0301 en avril et qu\u2019a\u0300 la fin du mois, vous allez a\u0300 la retraite, il re\u0301pond pour dire que \u00ab je suis sous-directeur ou directeur, inspecteur, charge\u0301 d\u2019e\u0301tudes dans l\u2019administration centrale, donc je veux qu\u2019on m\u2019applique la mesure des enseignants \u00bb, alors qu\u2019en re\u0301alite\u0301, il n\u2019est affecte\u0301 dans aucune classe \u00bb, fait savoir Anne Ouloto, avant de poursuivre.<\/p>\n<p>\u00ab Partout ou\u0300 vous avez des situations qui font intervenir l\u2019homme, je le dis souvent, on a affaire au cliente\u0301lisme, au favoritisme et la corruption peut nai\u0302tre aussi. Ces agents ne\u0301gocient avec leurs responsables des ressources humaines pour se voir appliquer l\u2019exception qui s\u2019applique aux enseignants. Or la date du de\u0301part a\u0300 la retraite est celle qui est inscrite dans le syste\u0300me inte\u0301gre\u0301 de gestion des fonctionnaires et agents de l\u2019E\u0301tat (SIGFAE) \u00bb, poursuit-elle, et de conclure.<\/p>\n<p>\u00ab Cela veut dire qu\u2019un enseignant qui est cense\u0301 aller a\u0300 la retraite en juillet et qui s\u2019est arrange\u0301 avec son DRH pour aller en de\u0301cembre, nous faisons les calculs que nous acheminons a\u0300 la CGRAE, avec la date du 31 juillet qui est pris en compte dans les livres de la fonction publique. Dans ce cas, la solde se rend compte qu\u2019il y a eu un trop-perc\u0327u. Cet enseignant a e\u0301te\u0301 paye\u0301 indument de juillet au 31 de\u0301cembre, alors qu\u2019il est admis a\u0300 faire valoir ses droits a\u0300 la retraite en juillet et percevoir sa pension de retraite a\u0300 partir du 31 aou\u0302t. Mais, il rembourse ce trop-perc\u0327u de six mois de salaire a\u0300 l\u2019E\u0301tat de Co\u0302te d\u2019Ivoire. Puisque nous devons ge\u0301rer les deniers publics avec rigueur. J\u2019ai donc arbitre\u0301 plusieurs situations de ce genre. Et c\u2019est de\u0301sagre\u0301able \u00bb, de\u0301plore la Ministre de la Fonction Publique.<\/p>\n<p>Donatien Kautcha, Abidjan<\/p>\n<p><strong>Pour plus d&rsquo;informations et d&rsquo;analyses sur la <a href=\"https:\/\/www.africa-press.net\/cotedivoire\">C\u00f4te d&rsquo;Ivoire<\/a>, suivez <a href=\"https:\/\/www.africa-press.net\/\">Africa-Press<\/a><\/strong><\/p>\n","protected":false},"excerpt":{"rendered":"<p>Africa-Press &#8211; C\u00f4te d&rsquo;Ivoire. Dans un entretien accorde\u0301 au quotidien pro-Gouvernemental \u00ab Fraternite\u0301 Matin \u00bb la Ministre de la Fonction Publique, Anne De\u0301sire\u0301e Ouloto sur les motivations de la prise du de\u0301cret de l\u2019uniformisation du de\u0301part a\u0300 la retraite des fonctionnaires. Elle explique avoir propose\u0301 au gouvernement de revoir la date de de\u0301part a\u0300 la [&hellip;]<\/p>\n","protected":false},"author":82,"featured_media":63225,"comment_status":"open","ping_status":"closed","sticky":false,"template":"","format":"standard","meta":{"footnotes":""},"categories":[21,10],"tags":[56,63,1687,29,616,2341,10938,3316,2297,10939],"class_list":["post-63226","post","type-post","status-publish","format-standard","has-post-thumbnail","hentry","category-communaute","category-toutes-les-actualites","tag-africa-press","tag-africa-press-cote-divoire","tag-anne-ouloto","tag-cote-divoire","tag-enseignants","tag-fonction","tag-preocupation","tag-publique","tag-retraite","tag-uniformisation"],"yoast_head":"<!-- This site is optimized with the Yoast SEO Premium plugin v26.1 (Yoast SEO v27.0) - https:\/\/yoast.com\/product\/yoast-seo-premium-wordpress\/ -->\n<title>D\u00e9part \u00e0 la retraite, Anne Ouloto explique la pr\u00e9occupation sur le cas des enseignants - C\u00f4te d&#039;Ivoire<\/title>\n<meta name=\"description\" content=\"Dans un entretien accorde\u0301 au quotidien pro-Gouvernemental \u00ab Fraternite\u0301 Matin \u00bb la Ministre de la Fonction Publique, An ...\" \/>\n<meta name=\"robots\" content=\"index, follow, max-snippet:-1, max-image-preview:large, max-video-preview:-1\" \/>\n<link rel=\"canonical\" href=\"https:\/\/www.africa-press.net\/cotedivoire\/toutes-les-actualites\/depart-a-la-retraite-anne-ouloto-explique-la-preoccupation-sur-le-cas-des-enseignants\" \/>\n<meta property=\"og:locale\" content=\"fr_FR\" \/>\n<meta property=\"og:type\" content=\"article\" \/>\n<meta property=\"og:title\" content=\"D\u00e9part \u00e0 la retraite, Anne Ouloto explique la pr\u00e9occupation sur le cas des enseignants\" \/>\n<meta property=\"og:description\" content=\"Dans un entretien accorde\u0301 au quotidien pro-Gouvernemental \u00ab Fraternite\u0301 Matin \u00bb la Ministre de la Fonction Publique, An ...\" \/>\n<meta property=\"og:url\" content=\"https:\/\/www.africa-press.net\/cotedivoire\/toutes-les-actualites\/depart-a-la-retraite-anne-ouloto-explique-la-preoccupation-sur-le-cas-des-enseignants\" \/>\n<meta property=\"og:site_name\" content=\"C\u00f4te d&#039;Ivoire\" \/>\n<meta property=\"article:published_time\" content=\"2023-08-10T14:08:05+00:00\" \/>\n<meta property=\"article:modified_time\" content=\"2023-08-11T11:11:28+00:00\" \/>\n<meta property=\"og:image\" content=\"https:\/\/static.africa-press.net\/cote\/sites\/43\/2023\/08\/sm_1691667352.606815.jpg\" \/>\n\t<meta property=\"og:image:width\" content=\"720\" \/>\n\t<meta property=\"og:image:height\" content=\"480\" \/>\n\t<meta property=\"og:image:type\" content=\"image\/jpeg\" \/>\n<meta name=\"author\" content=\"cfeditorfr\" \/>\n<meta name=\"twitter:card\" content=\"summary_large_image\" \/>\n<meta name=\"twitter:label1\" content=\"\u00c9crit par\" \/>\n\t<meta name=\"twitter:data1\" content=\"cfeditorfr\" \/>\n\t<meta name=\"twitter:label2\" content=\"Dur\u00e9e de lecture estim\u00e9e\" \/>\n\t<meta name=\"twitter:data2\" content=\"3 minutes\" \/>\n<script type=\"application\/ld+json\" class=\"yoast-schema-graph\">{\"@context\":\"https:\/\/schema.org\",\"@graph\":[{\"@type\":\"Article\",\"@id\":\"https:\/\/www.africa-press.net\/cotedivoire\/toutes-les-actualites\/depart-a-la-retraite-anne-ouloto-explique-la-preoccupation-sur-le-cas-des-enseignants#article\",\"isPartOf\":{\"@id\":\"https:\/\/www.africa-press.net\/cotedivoire\/toutes-les-actualites\/depart-a-la-retraite-anne-ouloto-explique-la-preoccupation-sur-le-cas-des-enseignants\"},\"author\":{\"name\":\"cfeditorfr\",\"@id\":\"https:\/\/www.africa-press.net\/cotedivoire\/#\/schema\/person\/2b1cf3cd81a31e3cd26889ca66d677f1\"},\"headline\":\"D\u00e9part \u00e0 la retraite, Anne Ouloto explique la pr\u00e9occupation sur le cas des enseignants\",\"datePublished\":\"2023-08-10T14:08:05+00:00\",\"dateModified\":\"2023-08-11T11:11:28+00:00\",\"mainEntityOfPage\":{\"@id\":\"https:\/\/www.africa-press.net\/cotedivoire\/toutes-les-actualites\/depart-a-la-retraite-anne-ouloto-explique-la-preoccupation-sur-le-cas-des-enseignants\"},\"wordCount\":633,\"commentCount\":0,\"image\":{\"@id\":\"https:\/\/www.africa-press.net\/cotedivoire\/toutes-les-actualites\/depart-a-la-retraite-anne-ouloto-explique-la-preoccupation-sur-le-cas-des-enseignants#primaryimage\"},\"thumbnailUrl\":\"https:\/\/static.africa-press.net\/cote\/sites\/43\/2023\/08\/sm_1691667352.606815.jpg\",\"keywords\":[\"Africa Press\",\"Africa Press-C\u00f4te d'Ivoire\",\"Anne Ouloto\",\"C\u00d4TE D'IVOIRE\",\"enseignants\",\"Fonction\",\"pr\u00e9ocupation\",\"Publique\",\"retraite\",\"Uniformisation\"],\"articleSection\":[\"Communaut\u00e9\",\"Toutes les actualit\u00e9s\"],\"inLanguage\":\"fr-FR\",\"potentialAction\":[{\"@type\":\"CommentAction\",\"name\":\"Comment\",\"target\":[\"https:\/\/www.africa-press.net\/cotedivoire\/toutes-les-actualites\/depart-a-la-retraite-anne-ouloto-explique-la-preoccupation-sur-le-cas-des-enseignants#respond\"]}]},{\"@type\":\"WebPage\",\"@id\":\"https:\/\/www.africa-press.net\/cotedivoire\/toutes-les-actualites\/depart-a-la-retraite-anne-ouloto-explique-la-preoccupation-sur-le-cas-des-enseignants\",\"url\":\"https:\/\/www.africa-press.net\/cotedivoire\/toutes-les-actualites\/depart-a-la-retraite-anne-ouloto-explique-la-preoccupation-sur-le-cas-des-enseignants\",\"name\":\"D\u00e9part \u00e0 la retraite, Anne Ouloto explique la pr\u00e9occupation sur le cas des enseignants - C\u00f4te d&#039;Ivoire\",\"isPartOf\":{\"@id\":\"https:\/\/www.africa-press.net\/cotedivoire\/#website\"},\"primaryImageOfPage\":{\"@id\":\"https:\/\/www.africa-press.net\/cotedivoire\/toutes-les-actualites\/depart-a-la-retraite-anne-ouloto-explique-la-preoccupation-sur-le-cas-des-enseignants#primaryimage\"},\"image\":{\"@id\":\"https:\/\/www.africa-press.net\/cotedivoire\/toutes-les-actualites\/depart-a-la-retraite-anne-ouloto-explique-la-preoccupation-sur-le-cas-des-enseignants#primaryimage\"},\"thumbnailUrl\":\"https:\/\/static.africa-press.net\/cote\/sites\/43\/2023\/08\/sm_1691667352.606815.jpg\",\"datePublished\":\"2023-08-10T14:08:05+00:00\",\"dateModified\":\"2023-08-11T11:11:28+00:00\",\"author\":{\"@id\":\"https:\/\/www.africa-press.net\/cotedivoire\/#\/schema\/person\/2b1cf3cd81a31e3cd26889ca66d677f1\"},\"description\":\"Dans un entretien accorde\u0301 au quotidien pro-Gouvernemental \u00ab Fraternite\u0301 Matin \u00bb la Ministre de la Fonction Publique, An ...\",\"breadcrumb\":{\"@id\":\"https:\/\/www.africa-press.net\/cotedivoire\/toutes-les-actualites\/depart-a-la-retraite-anne-ouloto-explique-la-preoccupation-sur-le-cas-des-enseignants#breadcrumb\"},\"inLanguage\":\"fr-FR\",\"potentialAction\":[{\"@type\":\"ReadAction\",\"target\":[\"https:\/\/www.africa-press.net\/cotedivoire\/toutes-les-actualites\/depart-a-la-retraite-anne-ouloto-explique-la-preoccupation-sur-le-cas-des-enseignants\"]}]},{\"@type\":\"ImageObject\",\"inLanguage\":\"fr-FR\",\"@id\":\"https:\/\/www.africa-press.net\/cotedivoire\/toutes-les-actualites\/depart-a-la-retraite-anne-ouloto-explique-la-preoccupation-sur-le-cas-des-enseignants#primaryimage\",\"url\":\"https:\/\/static.africa-press.net\/cote\/sites\/43\/2023\/08\/sm_1691667352.606815.jpg\",\"contentUrl\":\"https:\/\/static.africa-press.net\/cote\/sites\/43\/2023\/08\/sm_1691667352.606815.jpg\",\"width\":720,\"height\":480,\"caption\":\"D\u00e9part \u00e0 la retraite, Anne Ouloto explique la pr\u00e9occupation sur le cas des enseignants\"},{\"@type\":\"BreadcrumbList\",\"@id\":\"https:\/\/www.africa-press.net\/cotedivoire\/toutes-les-actualites\/depart-a-la-retraite-anne-ouloto-explique-la-preoccupation-sur-le-cas-des-enseignants#breadcrumb\",\"itemListElement\":[{\"@type\":\"ListItem\",\"position\":1,\"name\":\"Accueil\",\"item\":\"https:\/\/www.africa-press.net\/cotedivoire\/\"},{\"@type\":\"ListItem\",\"position\":2,\"name\":\"D\u00e9part \u00e0 la retraite, Anne Ouloto explique la pr\u00e9occupation sur le cas des enseignants\"}]},{\"@type\":\"WebSite\",\"@id\":\"https:\/\/www.africa-press.net\/cotedivoire\/#website\",\"url\":\"https:\/\/www.africa-press.net\/cotedivoire\/\",\"name\":\"C\u00f4te d&#039;Ivoire\",\"description\":\"Just another Africa News Agency Sites site\",\"potentialAction\":[{\"@type\":\"SearchAction\",\"target\":{\"@type\":\"EntryPoint\",\"urlTemplate\":\"https:\/\/www.africa-press.net\/cotedivoire\/?s={search_term_string}\"},\"query-input\":{\"@type\":\"PropertyValueSpecification\",\"valueRequired\":true,\"valueName\":\"search_term_string\"}}],\"inLanguage\":\"fr-FR\"},{\"@type\":\"Person\",\"@id\":\"https:\/\/www.africa-press.net\/cotedivoire\/#\/schema\/person\/2b1cf3cd81a31e3cd26889ca66d677f1\",\"name\":\"cfeditorfr\"}]}<\/script>\n<!-- \/ Yoast SEO Premium plugin. -->","yoast_head_json":{"title":"D\u00e9part \u00e0 la retraite, Anne Ouloto explique la pr\u00e9occupation sur le cas des enseignants - C\u00f4te d&#039;Ivoire","description":"Dans un entretien accorde\u0301 au quotidien pro-Gouvernemental \u00ab Fraternite\u0301 Matin \u00bb la Ministre de la Fonction Publique, An ...","robots":{"index":"index","follow":"follow","max-snippet":"max-snippet:-1","max-image-preview":"max-image-preview:large","max-video-preview":"max-video-preview:-1"},"canonical":"https:\/\/www.africa-press.net\/cotedivoire\/toutes-les-actualites\/depart-a-la-retraite-anne-ouloto-explique-la-preoccupation-sur-le-cas-des-enseignants","og_locale":"fr_FR","og_type":"article","og_title":"D\u00e9part \u00e0 la retraite, Anne Ouloto explique la pr\u00e9occupation sur le cas des enseignants","og_description":"Dans un entretien accorde\u0301 au quotidien pro-Gouvernemental \u00ab Fraternite\u0301 Matin \u00bb la Ministre de la Fonction Publique, An ...","og_url":"https:\/\/www.africa-press.net\/cotedivoire\/toutes-les-actualites\/depart-a-la-retraite-anne-ouloto-explique-la-preoccupation-sur-le-cas-des-enseignants","og_site_name":"C\u00f4te d&#039;Ivoire","article_published_time":"2023-08-10T14:08:05+00:00","article_modified_time":"2023-08-11T11:11:28+00:00","og_image":[{"width":720,"height":480,"url":"https:\/\/static.africa-press.net\/cote\/sites\/43\/2023\/08\/sm_1691667352.606815.jpg","type":"image\/jpeg"}],"author":"cfeditorfr","twitter_card":"summary_large_image","twitter_misc":{"\u00c9crit par":"cfeditorfr","Dur\u00e9e de lecture estim\u00e9e":"3 minutes"},"schema":{"@context":"https:\/\/schema.org","@graph":[{"@type":"Article","@id":"https:\/\/www.africa-press.net\/cotedivoire\/toutes-les-actualites\/depart-a-la-retraite-anne-ouloto-explique-la-preoccupation-sur-le-cas-des-enseignants#article","isPartOf":{"@id":"https:\/\/www.africa-press.net\/cotedivoire\/toutes-les-actualites\/depart-a-la-retraite-anne-ouloto-explique-la-preoccupation-sur-le-cas-des-enseignants"},"author":{"name":"cfeditorfr","@id":"https:\/\/www.africa-press.net\/cotedivoire\/#\/schema\/person\/2b1cf3cd81a31e3cd26889ca66d677f1"},"headline":"D\u00e9part \u00e0 la retraite, Anne Ouloto explique la pr\u00e9occupation sur le cas des enseignants","datePublished":"2023-08-10T14:08:05+00:00","dateModified":"2023-08-11T11:11:28+00:00","mainEntityOfPage":{"@id":"https:\/\/www.africa-press.net\/cotedivoire\/toutes-les-actualites\/depart-a-la-retraite-anne-ouloto-explique-la-preoccupation-sur-le-cas-des-enseignants"},"wordCount":633,"commentCount":0,"image":{"@id":"https:\/\/www.africa-press.net\/cotedivoire\/toutes-les-actualites\/depart-a-la-retraite-anne-ouloto-explique-la-preoccupation-sur-le-cas-des-enseignants#primaryimage"},"thumbnailUrl":"https:\/\/static.africa-press.net\/cote\/sites\/43\/2023\/08\/sm_1691667352.606815.jpg","keywords":["Africa Press","Africa Press-C\u00f4te d'Ivoire","Anne Ouloto","C\u00d4TE D'IVOIRE","enseignants","Fonction","pr\u00e9ocupation","Publique","retraite","Uniformisation"],"articleSection":["Communaut\u00e9","Toutes les actualit\u00e9s"],"inLanguage":"fr-FR","potentialAction":[{"@type":"CommentAction","name":"Comment","target":["https:\/\/www.africa-press.net\/cotedivoire\/toutes-les-actualites\/depart-a-la-retraite-anne-ouloto-explique-la-preoccupation-sur-le-cas-des-enseignants#respond"]}]},{"@type":"WebPage","@id":"https:\/\/www.africa-press.net\/cotedivoire\/toutes-les-actualites\/depart-a-la-retraite-anne-ouloto-explique-la-preoccupation-sur-le-cas-des-enseignants","url":"https:\/\/www.africa-press.net\/cotedivoire\/toutes-les-actualites\/depart-a-la-retraite-anne-ouloto-explique-la-preoccupation-sur-le-cas-des-enseignants","name":"D\u00e9part \u00e0 la retraite, Anne Ouloto explique la pr\u00e9occupation sur le cas des enseignants - C\u00f4te d&#039;Ivoire","isPartOf":{"@id":"https:\/\/www.africa-press.net\/cotedivoire\/#website"},"primaryImageOfPage":{"@id":"https:\/\/www.africa-press.net\/cotedivoire\/toutes-les-actualites\/depart-a-la-retraite-anne-ouloto-explique-la-preoccupation-sur-le-cas-des-enseignants#primaryimage"},"image":{"@id":"https:\/\/www.africa-press.net\/cotedivoire\/toutes-les-actualites\/depart-a-la-retraite-anne-ouloto-explique-la-preoccupation-sur-le-cas-des-enseignants#primaryimage"},"thumbnailUrl":"https:\/\/static.africa-press.net\/cote\/sites\/43\/2023\/08\/sm_1691667352.606815.jpg","datePublished":"2023-08-10T14:08:05+00:00","dateModified":"2023-08-11T11:11:28+00:00","author":{"@id":"https:\/\/www.africa-press.net\/cotedivoire\/#\/schema\/person\/2b1cf3cd81a31e3cd26889ca66d677f1"},"description":"Dans un entretien accorde\u0301 au quotidien pro-Gouvernemental \u00ab Fraternite\u0301 Matin \u00bb la Ministre de la Fonction Publique, An ...","breadcrumb":{"@id":"https:\/\/www.africa-press.net\/cotedivoire\/toutes-les-actualites\/depart-a-la-retraite-anne-ouloto-explique-la-preoccupation-sur-le-cas-des-enseignants#breadcrumb"},"inLanguage":"fr-FR","potentialAction":[{"@type":"ReadAction","target":["https:\/\/www.africa-press.net\/cotedivoire\/toutes-les-actualites\/depart-a-la-retraite-anne-ouloto-explique-la-preoccupation-sur-le-cas-des-enseignants"]}]},{"@type":"ImageObject","inLanguage":"fr-FR","@id":"https:\/\/www.africa-press.net\/cotedivoire\/toutes-les-actualites\/depart-a-la-retraite-anne-ouloto-explique-la-preoccupation-sur-le-cas-des-enseignants#primaryimage","url":"https:\/\/static.africa-press.net\/cote\/sites\/43\/2023\/08\/sm_1691667352.606815.jpg","contentUrl":"https:\/\/static.africa-press.net\/cote\/sites\/43\/2023\/08\/sm_1691667352.606815.jpg","width":720,"height":480,"caption":"D\u00e9part \u00e0 la retraite, Anne Ouloto explique la pr\u00e9occupation sur le cas des enseignants"},{"@type":"BreadcrumbList","@id":"https:\/\/www.africa-press.net\/cotedivoire\/toutes-les-actualites\/depart-a-la-retraite-anne-ouloto-explique-la-preoccupation-sur-le-cas-des-enseignants#breadcrumb","itemListElement":[{"@type":"ListItem","position":1,"name":"Accueil","item":"https:\/\/www.africa-press.net\/cotedivoire\/"},{"@type":"ListItem","position":2,"name":"D\u00e9part \u00e0 la retraite, Anne Ouloto explique la pr\u00e9occupation sur le cas des enseignants"}]},{"@type":"WebSite","@id":"https:\/\/www.africa-press.net\/cotedivoire\/#website","url":"https:\/\/www.africa-press.net\/cotedivoire\/","name":"C\u00f4te d&#039;Ivoire","description":"Just another Africa News Agency Sites site","potentialAction":[{"@type":"SearchAction","target":{"@type":"EntryPoint","urlTemplate":"https:\/\/www.africa-press.net\/cotedivoire\/?s={search_term_string}"},"query-input":{"@type":"PropertyValueSpecification","valueRequired":true,"valueName":"search_term_string"}}],"inLanguage":"fr-FR"},{"@type":"Person","@id":"https:\/\/www.africa-press.net\/cotedivoire\/#\/schema\/person\/2b1cf3cd81a31e3cd26889ca66d677f1","name":"cfeditorfr"}]}},"_links":{"self":[{"href":"https:\/\/www.africa-press.net\/cotedivoire\/wp-json\/wp\/v2\/posts\/63226","targetHints":{"allow":["GET"]}}],"collection":[{"href":"https:\/\/www.africa-press.net\/cotedivoire\/wp-json\/wp\/v2\/posts"}],"about":[{"href":"https:\/\/www.africa-press.net\/cotedivoire\/wp-json\/wp\/v2\/types\/post"}],"author":[{"embeddable":true,"href":"https:\/\/www.africa-press.net\/cotedivoire\/wp-json\/wp\/v2\/users\/82"}],"replies":[{"embeddable":true,"href":"https:\/\/www.africa-press.net\/cotedivoire\/wp-json\/wp\/v2\/comments?post=63226"}],"version-history":[{"count":0,"href":"https:\/\/www.africa-press.net\/cotedivoire\/wp-json\/wp\/v2\/posts\/63226\/revisions"}],"wp:featuredmedia":[{"embeddable":true,"href":"https:\/\/www.africa-press.net\/cotedivoire\/wp-json\/wp\/v2\/media\/63225"}],"wp:attachment":[{"href":"https:\/\/www.africa-press.net\/cotedivoire\/wp-json\/wp\/v2\/media?parent=63226"}],"wp:term":[{"taxonomy":"category","embeddable":true,"href":"https:\/\/www.africa-press.net\/cotedivoire\/wp-json\/wp\/v2\/categories?post=63226"},{"taxonomy":"post_tag","embeddable":true,"href":"https:\/\/www.africa-press.net\/cotedivoire\/wp-json\/wp\/v2\/tags?post=63226"}],"curies":[{"name":"wp","href":"https:\/\/api.w.org\/{rel}","templated":true}]}}