{"id":63273,"date":"2023-08-11T11:19:08","date_gmt":"2023-08-11T11:19:08","guid":{"rendered":"https:\/\/www.africa-press.net\/cotedivoire\/politique\/crise-au-niger-alassane-ouattara-pret-a-fournir-un-contingent-pour-chasser-la-junte"},"modified":"2023-08-12T12:45:48","modified_gmt":"2023-08-12T12:45:48","slug":"crise-au-niger-alassane-ouattara-pret-a-fournir-un-contingent-pour-chasser-la-junte","status":"publish","type":"post","link":"https:\/\/www.africa-press.net\/cotedivoire\/politique\/crise-au-niger-alassane-ouattara-pret-a-fournir-un-contingent-pour-chasser-la-junte","title":{"rendered":"Crise au Niger, Alassane Ouattara pr\u00eat \u00e0 fournir un contingent pour chasser la junte"},"content":{"rendered":"<p><span style=\"color: #ff6600\"><strong>Africa-Press &#8211; C\u00f4te d&rsquo;Ivoire. <\/strong><\/span>La confe\u0301rence des chefs d&rsquo;Etat de la CEDEAO re\u0301unie ce jeudi 10 aou\u0302t a\u0300 Abuja au Nigeria pour le deuxie\u0300me sommet extraordinaire sur la crise au Niger, a ordonne\u0301 l&rsquo;activation imminente de ses forces en attente, dans l&rsquo;optique de les de\u0301ployer pour re\u0301tablir l&rsquo;ordre constitutionnel si les putschistes continuent de faire la sourde oreille face aux nombreuses injonctions a\u0300 eux faites par l&rsquo;organisation sous-re\u0301gionale.<\/p>\n<p>Tie\u0301moko Kone\u0301 et Alassane Ouattara jeudi a\u0300 l&rsquo;ae\u0301roport d&rsquo;Abidjan au retour d&rsquo;Abuja<\/p>\n<p>De retour d&rsquo;Abuja ou\u0300 il a pris part a\u0300 cette re\u0301union des chefs d&rsquo;E\u0301tat de la CEDEAO, Alassane Ouattara a fait savoir que la Co\u0302te d&rsquo;Ivoire va effectivement participer a\u0300 l&rsquo;intervention militaire en vue au Niger.<\/p>\n<p>Le pays, selon lui, \u00ab\u00a0va fournir un contingent a\u0300 la CEDEAO et les moyens a\u0300 ce sujet seront de\u0301ploye\u0301s pour permettre aux forces ivoiriennes de prendre part a\u0300 cette ope\u0301ration.\u00a0\u00bb.<\/p>\n<p>Pour le reste des de\u0301cisions, il faut savoir que la confe\u0301rence des chefs d&rsquo;E\u0301tats de la CEDEAO ont demande\u0301 aux putschistes de libe\u0301rer sans condition le pre\u0301sident Bazoum ainsi que tous les membres de sa famille, afin qu&rsquo;en tant que pre\u0301sident de\u0301mocratiquement e\u0301lu, il puisse exercer tranquillement ses fonctions de chef d&rsquo;Etat du Niger.<\/p>\n\r\n                <style type=\"text\/css\">\r\n                    \r\n                    #td_uid_1_69f36b5bd5265  .td-doubleSlider-2 .td-item1 {\r\n                        background: url(https:\/\/static.africa-press.net\/cote\/sites\/43\/2023\/08\/sm_1691741774.191392-80x60.jpg) 0 0 no-repeat;\r\n                    }\r\n                    #td_uid_1_69f36b5bd5265  .td-doubleSlider-2 .td-item2 {\r\n                        background: url(https:\/\/static.africa-press.net\/cote\/sites\/43\/2023\/08\/sm_1691741782.708119-80x60.jpg) 0 0 no-repeat;\r\n                    }\r\n                <\/style>\r\n\r\n                <div id=\"td_uid_1_69f36b5bd5265\" class=\"td-gallery td-slide-on-2-columns\">\r\n                    <div class=\"post_td_gallery\">\r\n                        <div class=\"td-gallery-slide-top\">\r\n                           <div class=\"td-gallery-title\"><\/div>\r\n\r\n                            <div class=\"td-gallery-controls-wrapper\">\r\n                                <div class=\"td-gallery-slide-count\"><span class=\"td-gallery-slide-item-focus\">1<\/span> de 2<\/div>\r\n                                <div class=\"td-gallery-slide-prev-next-but\">\r\n                                    <i class = \"td-icon-left doubleSliderPrevButton\"><\/i>\r\n                                    <i class = \"td-icon-right doubleSliderNextButton\"><\/i>\r\n                                <\/div>\r\n                            <\/div>\r\n                        <\/div>\r\n\r\n                        <div class = \"td-doubleSlider-1 \">\r\n                            <div class = \"td-slider\">\r\n                                \r\n                    <div class = \"td-slide-item td-item1\">\r\n                        <figure class=\"td-slide-galery-figure td-slide-popup-gallery\">\r\n                            <a class=\"slide-gallery-image-link\" href=\"https:\/\/static.africa-press.net\/cote\/sites\/43\/2023\/08\/sm_1691741774.191392.jpg\" title=\"sm_1691741774.191392\"  data-caption=\"\"  data-description=\"\">\r\n                                <img decoding=\"async\" src=\"https:\/\/static.africa-press.net\/cote\/sites\/43\/2023\/08\/sm_1691741774.191392.jpg\" srcset=\"https:\/\/static.africa-press.net\/cote\/sites\/43\/2023\/08\/sm_1691741774.191392.jpg 1000w, https:\/\/static.africa-press.net\/cote\/sites\/43\/2023\/08\/sm_1691741774.191392-300x167.jpg 300w, https:\/\/static.africa-press.net\/cote\/sites\/43\/2023\/08\/sm_1691741774.191392-768x429.jpg 768w\" sizes=\"(max-width: 1000px) 100vw, 1000px\" alt=\"\">\r\n                            <\/a>\r\n                            \r\n                        <\/figure>\r\n                    <\/div>\r\n                    <div class = \"td-slide-item td-item2\">\r\n                        <figure class=\"td-slide-galery-figure td-slide-popup-gallery\">\r\n                            <a class=\"slide-gallery-image-link\" href=\"https:\/\/static.africa-press.net\/cote\/sites\/43\/2023\/08\/sm_1691741782.708119.jpg\" title=\"sm_1691741782.708119\"  data-caption=\"\"  data-description=\"\">\r\n                                <img decoding=\"async\" src=\"https:\/\/static.africa-press.net\/cote\/sites\/43\/2023\/08\/sm_1691741782.708119.jpg\" srcset=\"https:\/\/static.africa-press.net\/cote\/sites\/43\/2023\/08\/sm_1691741782.708119.jpg 1000w, https:\/\/static.africa-press.net\/cote\/sites\/43\/2023\/08\/sm_1691741782.708119-300x200.jpg 300w, https:\/\/static.africa-press.net\/cote\/sites\/43\/2023\/08\/sm_1691741782.708119-768x511.jpg 768w\" sizes=\"(max-width: 1000px) 100vw, 1000px\" alt=\"\">\r\n                            <\/a>\r\n                            \r\n                        <\/figure>\r\n                    <\/div>\r\n                            <\/div>\r\n                        <\/div>\r\n\r\n                        <div class = \"td-doubleSlider-2\">\r\n                            <div class = \"td-slider\">\r\n                                \r\n                    <div class = \"td-button td-item1\">\r\n                        <div class = \"td-border\"><\/div>\r\n                    <\/div>\r\n                    <div class = \"td-button td-item2\">\r\n                        <div class = \"td-border\"><\/div>\r\n                    <\/div>\r\n                            <\/div>\r\n                        <\/div>\r\n\r\n                    <\/div>\r\n\r\n                <\/div>\r\n                \n<p><strong>Pour plus d&rsquo;informations et d&rsquo;analyses sur la <a href=\"https:\/\/www.africa-press.net\/cotedivoire\">C\u00f4te d&rsquo;Ivoire<\/a>, suivez <a href=\"https:\/\/www.africa-press.net\/\">Africa-Press<\/a><\/strong><\/p>\n","protected":false},"excerpt":{"rendered":"<p>Africa-Press &#8211; C\u00f4te d&rsquo;Ivoire. La confe\u0301rence des chefs d&rsquo;Etat de la CEDEAO re\u0301unie ce jeudi 10 aou\u0302t a\u0300 Abuja au Nigeria pour le deuxie\u0300me sommet extraordinaire sur la crise au Niger, a ordonne\u0301 l&rsquo;activation imminente de ses forces en attente, dans l&rsquo;optique de les de\u0301ployer pour re\u0301tablir l&rsquo;ordre constitutionnel si les putschistes continuent de faire [&hellip;]<\/p>\n","protected":false},"author":82,"featured_media":63272,"comment_status":"open","ping_status":"closed","sticky":false,"template":"","format":"standard","meta":{"footnotes":""},"categories":[8,2,20,10],"tags":[3256,56,63,38,1150,7589,29,1147,3763,1897],"class_list":["post-63273","post","type-post","status-publish","format-standard","has-post-thumbnail","hentry","category-photo","category-politique","category-top-nouvelles","category-toutes-les-actualites","tag-abuja","tag-africa-press","tag-africa-press-cote-divoire","tag-alassane-ouattara","tag-cedeao","tag-contingent","tag-cote-divoire","tag-coup-detat","tag-junte","tag-militaire"],"yoast_head":"<!-- This site is optimized with the Yoast SEO Premium plugin v26.1 (Yoast SEO v27.0) - https:\/\/yoast.com\/product\/yoast-seo-premium-wordpress\/ -->\n<title>Crise au Niger, Alassane Ouattara pr\u00eat \u00e0 fournir un contingent pour chasser la junte - C\u00f4te d&#039;Ivoire<\/title>\n<meta name=\"description\" content=\"La confe\u0301rence des chefs d&#039;Etat de la CEDEAO re\u0301unie ce jeudi 10 aou\u0302t a\u0300 Abuja au Nigeria pour le deuxie\u0300me sommet extr ...La confe\u0301rence des chefs d&#039;Etat de la CEDEAO re\u0301unie ce jeudi 10 aou\u0302t a\u0300 Abuja au Nigeria pour le deuxie\u0300me sommet extr ...\" \/>\n<meta name=\"robots\" content=\"index, follow, max-snippet:-1, max-image-preview:large, max-video-preview:-1\" \/>\n<link rel=\"canonical\" href=\"https:\/\/www.africa-press.net\/cotedivoire\/politique\/crise-au-niger-alassane-ouattara-pret-a-fournir-un-contingent-pour-chasser-la-junte\" \/>\n<meta property=\"og:locale\" content=\"fr_FR\" \/>\n<meta property=\"og:type\" content=\"article\" \/>\n<meta property=\"og:title\" content=\"Crise au Niger, Alassane Ouattara pr\u00eat \u00e0 fournir un contingent pour chasser la junte\" \/>\n<meta property=\"og:description\" content=\"La confe\u0301rence des chefs d&#039;Etat de la CEDEAO re\u0301unie ce jeudi 10 aou\u0302t a\u0300 Abuja au Nigeria pour le deuxie\u0300me sommet extr ...La confe\u0301rence des chefs d&#039;Etat de la CEDEAO re\u0301unie ce jeudi 10 aou\u0302t a\u0300 Abuja au Nigeria pour le deuxie\u0300me sommet extr ...\" \/>\n<meta property=\"og:url\" content=\"https:\/\/www.africa-press.net\/cotedivoire\/politique\/crise-au-niger-alassane-ouattara-pret-a-fournir-un-contingent-pour-chasser-la-junte\" \/>\n<meta property=\"og:site_name\" content=\"C\u00f4te d&#039;Ivoire\" \/>\n<meta property=\"article:published_time\" content=\"2023-08-11T11:19:08+00:00\" \/>\n<meta property=\"article:modified_time\" content=\"2023-08-12T12:45:48+00:00\" \/>\n<meta property=\"og:image\" content=\"https:\/\/static.africa-press.net\/cote\/sites\/43\/2023\/08\/sm_1691741789.343408.jpg\" \/>\n\t<meta property=\"og:image:width\" content=\"720\" \/>\n\t<meta property=\"og:image:height\" content=\"531\" \/>\n\t<meta property=\"og:image:type\" content=\"image\/jpeg\" \/>\n<meta name=\"author\" content=\"cfeditorfr\" \/>\n<meta name=\"twitter:card\" content=\"summary_large_image\" \/>\n<meta name=\"twitter:label1\" content=\"\u00c9crit par\" \/>\n\t<meta name=\"twitter:data1\" content=\"cfeditorfr\" \/>\n\t<meta name=\"twitter:label2\" content=\"Dur\u00e9e de lecture estim\u00e9e\" \/>\n\t<meta name=\"twitter:data2\" content=\"2 minutes\" \/>\n<script type=\"application\/ld+json\" class=\"yoast-schema-graph\">{\"@context\":\"https:\/\/schema.org\",\"@graph\":[{\"@type\":\"Article\",\"@id\":\"https:\/\/www.africa-press.net\/cotedivoire\/politique\/crise-au-niger-alassane-ouattara-pret-a-fournir-un-contingent-pour-chasser-la-junte#article\",\"isPartOf\":{\"@id\":\"https:\/\/www.africa-press.net\/cotedivoire\/politique\/crise-au-niger-alassane-ouattara-pret-a-fournir-un-contingent-pour-chasser-la-junte\"},\"author\":{\"name\":\"cfeditorfr\",\"@id\":\"https:\/\/www.africa-press.net\/cotedivoire\/#\/schema\/person\/2b1cf3cd81a31e3cd26889ca66d677f1\"},\"headline\":\"Crise au Niger, Alassane Ouattara pr\u00eat \u00e0 fournir un contingent pour chasser la junte\",\"datePublished\":\"2023-08-11T11:19:08+00:00\",\"dateModified\":\"2023-08-12T12:45:48+00:00\",\"mainEntityOfPage\":{\"@id\":\"https:\/\/www.africa-press.net\/cotedivoire\/politique\/crise-au-niger-alassane-ouattara-pret-a-fournir-un-contingent-pour-chasser-la-junte\"},\"wordCount\":278,\"commentCount\":0,\"image\":{\"@id\":\"https:\/\/www.africa-press.net\/cotedivoire\/politique\/crise-au-niger-alassane-ouattara-pret-a-fournir-un-contingent-pour-chasser-la-junte#primaryimage\"},\"thumbnailUrl\":\"https:\/\/static.africa-press.net\/cote\/sites\/43\/2023\/08\/sm_1691741789.343408.jpg\",\"keywords\":[\"Abuja\",\"Africa Press\",\"Africa Press-C\u00f4te d'Ivoire\",\"Alassane Ouattara\",\"CEDEAO\",\"contingent\",\"C\u00d4TE D'IVOIRE\",\"coup d'Etat\",\"junte\",\"militaire\"],\"articleSection\":[\"Photo\",\"Politique\",\"Top Nouvelles\",\"Toutes les actualit\u00e9s\"],\"inLanguage\":\"fr-FR\",\"potentialAction\":[{\"@type\":\"CommentAction\",\"name\":\"Comment\",\"target\":[\"https:\/\/www.africa-press.net\/cotedivoire\/politique\/crise-au-niger-alassane-ouattara-pret-a-fournir-un-contingent-pour-chasser-la-junte#respond\"]}]},{\"@type\":\"WebPage\",\"@id\":\"https:\/\/www.africa-press.net\/cotedivoire\/politique\/crise-au-niger-alassane-ouattara-pret-a-fournir-un-contingent-pour-chasser-la-junte\",\"url\":\"https:\/\/www.africa-press.net\/cotedivoire\/politique\/crise-au-niger-alassane-ouattara-pret-a-fournir-un-contingent-pour-chasser-la-junte\",\"name\":\"Crise au Niger, Alassane Ouattara pr\u00eat \u00e0 fournir un contingent pour chasser la junte - C\u00f4te d&#039;Ivoire\",\"isPartOf\":{\"@id\":\"https:\/\/www.africa-press.net\/cotedivoire\/#website\"},\"primaryImageOfPage\":{\"@id\":\"https:\/\/www.africa-press.net\/cotedivoire\/politique\/crise-au-niger-alassane-ouattara-pret-a-fournir-un-contingent-pour-chasser-la-junte#primaryimage\"},\"image\":{\"@id\":\"https:\/\/www.africa-press.net\/cotedivoire\/politique\/crise-au-niger-alassane-ouattara-pret-a-fournir-un-contingent-pour-chasser-la-junte#primaryimage\"},\"thumbnailUrl\":\"https:\/\/static.africa-press.net\/cote\/sites\/43\/2023\/08\/sm_1691741789.343408.jpg\",\"datePublished\":\"2023-08-11T11:19:08+00:00\",\"dateModified\":\"2023-08-12T12:45:48+00:00\",\"author\":{\"@id\":\"https:\/\/www.africa-press.net\/cotedivoire\/#\/schema\/person\/2b1cf3cd81a31e3cd26889ca66d677f1\"},\"description\":\"La confe\u0301rence des chefs d'Etat de la CEDEAO re\u0301unie ce jeudi 10 aou\u0302t a\u0300 Abuja au Nigeria pour le deuxie\u0300me sommet extr ...La confe\u0301rence des chefs d'Etat de la CEDEAO re\u0301unie ce jeudi 10 aou\u0302t a\u0300 Abuja au Nigeria pour le deuxie\u0300me sommet extr ...\",\"breadcrumb\":{\"@id\":\"https:\/\/www.africa-press.net\/cotedivoire\/politique\/crise-au-niger-alassane-ouattara-pret-a-fournir-un-contingent-pour-chasser-la-junte#breadcrumb\"},\"inLanguage\":\"fr-FR\",\"potentialAction\":[{\"@type\":\"ReadAction\",\"target\":[\"https:\/\/www.africa-press.net\/cotedivoire\/politique\/crise-au-niger-alassane-ouattara-pret-a-fournir-un-contingent-pour-chasser-la-junte\"]}]},{\"@type\":\"ImageObject\",\"inLanguage\":\"fr-FR\",\"@id\":\"https:\/\/www.africa-press.net\/cotedivoire\/politique\/crise-au-niger-alassane-ouattara-pret-a-fournir-un-contingent-pour-chasser-la-junte#primaryimage\",\"url\":\"https:\/\/static.africa-press.net\/cote\/sites\/43\/2023\/08\/sm_1691741789.343408.jpg\",\"contentUrl\":\"https:\/\/static.africa-press.net\/cote\/sites\/43\/2023\/08\/sm_1691741789.343408.jpg\",\"width\":720,\"height\":531,\"caption\":\"Crise au Niger, Alassane Ouattara pr\u00eat \u00e0 fournir un contingent pour chasser la junte\"},{\"@type\":\"BreadcrumbList\",\"@id\":\"https:\/\/www.africa-press.net\/cotedivoire\/politique\/crise-au-niger-alassane-ouattara-pret-a-fournir-un-contingent-pour-chasser-la-junte#breadcrumb\",\"itemListElement\":[{\"@type\":\"ListItem\",\"position\":1,\"name\":\"Accueil\",\"item\":\"https:\/\/www.africa-press.net\/cotedivoire\/\"},{\"@type\":\"ListItem\",\"position\":2,\"name\":\"Crise au Niger, Alassane Ouattara pr\u00eat \u00e0 fournir un contingent pour chasser la junte\"}]},{\"@type\":\"WebSite\",\"@id\":\"https:\/\/www.africa-press.net\/cotedivoire\/#website\",\"url\":\"https:\/\/www.africa-press.net\/cotedivoire\/\",\"name\":\"C\u00f4te d&#039;Ivoire\",\"description\":\"Just another Africa News Agency Sites site\",\"potentialAction\":[{\"@type\":\"SearchAction\",\"target\":{\"@type\":\"EntryPoint\",\"urlTemplate\":\"https:\/\/www.africa-press.net\/cotedivoire\/?s={search_term_string}\"},\"query-input\":{\"@type\":\"PropertyValueSpecification\",\"valueRequired\":true,\"valueName\":\"search_term_string\"}}],\"inLanguage\":\"fr-FR\"},{\"@type\":\"Person\",\"@id\":\"https:\/\/www.africa-press.net\/cotedivoire\/#\/schema\/person\/2b1cf3cd81a31e3cd26889ca66d677f1\",\"name\":\"cfeditorfr\"}]}<\/script>\n<!-- \/ Yoast SEO Premium plugin. -->","yoast_head_json":{"title":"Crise au Niger, Alassane Ouattara pr\u00eat \u00e0 fournir un contingent pour chasser la junte - C\u00f4te d&#039;Ivoire","description":"La confe\u0301rence des chefs d'Etat de la CEDEAO re\u0301unie ce jeudi 10 aou\u0302t a\u0300 Abuja au Nigeria pour le deuxie\u0300me sommet extr ...La confe\u0301rence des chefs d'Etat de la CEDEAO re\u0301unie ce jeudi 10 aou\u0302t a\u0300 Abuja au Nigeria pour le deuxie\u0300me sommet extr ...","robots":{"index":"index","follow":"follow","max-snippet":"max-snippet:-1","max-image-preview":"max-image-preview:large","max-video-preview":"max-video-preview:-1"},"canonical":"https:\/\/www.africa-press.net\/cotedivoire\/politique\/crise-au-niger-alassane-ouattara-pret-a-fournir-un-contingent-pour-chasser-la-junte","og_locale":"fr_FR","og_type":"article","og_title":"Crise au Niger, Alassane Ouattara pr\u00eat \u00e0 fournir un contingent pour chasser la junte","og_description":"La confe\u0301rence des chefs d'Etat de la CEDEAO re\u0301unie ce jeudi 10 aou\u0302t a\u0300 Abuja au Nigeria pour le deuxie\u0300me sommet extr ...La confe\u0301rence des chefs d'Etat de la CEDEAO re\u0301unie ce jeudi 10 aou\u0302t a\u0300 Abuja au Nigeria pour le deuxie\u0300me sommet extr ...","og_url":"https:\/\/www.africa-press.net\/cotedivoire\/politique\/crise-au-niger-alassane-ouattara-pret-a-fournir-un-contingent-pour-chasser-la-junte","og_site_name":"C\u00f4te d&#039;Ivoire","article_published_time":"2023-08-11T11:19:08+00:00","article_modified_time":"2023-08-12T12:45:48+00:00","og_image":[{"width":720,"height":531,"url":"https:\/\/static.africa-press.net\/cote\/sites\/43\/2023\/08\/sm_1691741789.343408.jpg","type":"image\/jpeg"}],"author":"cfeditorfr","twitter_card":"summary_large_image","twitter_misc":{"\u00c9crit par":"cfeditorfr","Dur\u00e9e de lecture estim\u00e9e":"2 minutes"},"schema":{"@context":"https:\/\/schema.org","@graph":[{"@type":"Article","@id":"https:\/\/www.africa-press.net\/cotedivoire\/politique\/crise-au-niger-alassane-ouattara-pret-a-fournir-un-contingent-pour-chasser-la-junte#article","isPartOf":{"@id":"https:\/\/www.africa-press.net\/cotedivoire\/politique\/crise-au-niger-alassane-ouattara-pret-a-fournir-un-contingent-pour-chasser-la-junte"},"author":{"name":"cfeditorfr","@id":"https:\/\/www.africa-press.net\/cotedivoire\/#\/schema\/person\/2b1cf3cd81a31e3cd26889ca66d677f1"},"headline":"Crise au Niger, Alassane Ouattara pr\u00eat \u00e0 fournir un contingent pour chasser la junte","datePublished":"2023-08-11T11:19:08+00:00","dateModified":"2023-08-12T12:45:48+00:00","mainEntityOfPage":{"@id":"https:\/\/www.africa-press.net\/cotedivoire\/politique\/crise-au-niger-alassane-ouattara-pret-a-fournir-un-contingent-pour-chasser-la-junte"},"wordCount":278,"commentCount":0,"image":{"@id":"https:\/\/www.africa-press.net\/cotedivoire\/politique\/crise-au-niger-alassane-ouattara-pret-a-fournir-un-contingent-pour-chasser-la-junte#primaryimage"},"thumbnailUrl":"https:\/\/static.africa-press.net\/cote\/sites\/43\/2023\/08\/sm_1691741789.343408.jpg","keywords":["Abuja","Africa Press","Africa Press-C\u00f4te d'Ivoire","Alassane Ouattara","CEDEAO","contingent","C\u00d4TE D'IVOIRE","coup d'Etat","junte","militaire"],"articleSection":["Photo","Politique","Top Nouvelles","Toutes les actualit\u00e9s"],"inLanguage":"fr-FR","potentialAction":[{"@type":"CommentAction","name":"Comment","target":["https:\/\/www.africa-press.net\/cotedivoire\/politique\/crise-au-niger-alassane-ouattara-pret-a-fournir-un-contingent-pour-chasser-la-junte#respond"]}]},{"@type":"WebPage","@id":"https:\/\/www.africa-press.net\/cotedivoire\/politique\/crise-au-niger-alassane-ouattara-pret-a-fournir-un-contingent-pour-chasser-la-junte","url":"https:\/\/www.africa-press.net\/cotedivoire\/politique\/crise-au-niger-alassane-ouattara-pret-a-fournir-un-contingent-pour-chasser-la-junte","name":"Crise au Niger, Alassane Ouattara pr\u00eat \u00e0 fournir un contingent pour chasser la junte - C\u00f4te d&#039;Ivoire","isPartOf":{"@id":"https:\/\/www.africa-press.net\/cotedivoire\/#website"},"primaryImageOfPage":{"@id":"https:\/\/www.africa-press.net\/cotedivoire\/politique\/crise-au-niger-alassane-ouattara-pret-a-fournir-un-contingent-pour-chasser-la-junte#primaryimage"},"image":{"@id":"https:\/\/www.africa-press.net\/cotedivoire\/politique\/crise-au-niger-alassane-ouattara-pret-a-fournir-un-contingent-pour-chasser-la-junte#primaryimage"},"thumbnailUrl":"https:\/\/static.africa-press.net\/cote\/sites\/43\/2023\/08\/sm_1691741789.343408.jpg","datePublished":"2023-08-11T11:19:08+00:00","dateModified":"2023-08-12T12:45:48+00:00","author":{"@id":"https:\/\/www.africa-press.net\/cotedivoire\/#\/schema\/person\/2b1cf3cd81a31e3cd26889ca66d677f1"},"description":"La confe\u0301rence des chefs d'Etat de la CEDEAO re\u0301unie ce jeudi 10 aou\u0302t a\u0300 Abuja au Nigeria pour le deuxie\u0300me sommet extr ...La confe\u0301rence des chefs d'Etat de la CEDEAO re\u0301unie ce jeudi 10 aou\u0302t a\u0300 Abuja au Nigeria pour le deuxie\u0300me sommet extr ...","breadcrumb":{"@id":"https:\/\/www.africa-press.net\/cotedivoire\/politique\/crise-au-niger-alassane-ouattara-pret-a-fournir-un-contingent-pour-chasser-la-junte#breadcrumb"},"inLanguage":"fr-FR","potentialAction":[{"@type":"ReadAction","target":["https:\/\/www.africa-press.net\/cotedivoire\/politique\/crise-au-niger-alassane-ouattara-pret-a-fournir-un-contingent-pour-chasser-la-junte"]}]},{"@type":"ImageObject","inLanguage":"fr-FR","@id":"https:\/\/www.africa-press.net\/cotedivoire\/politique\/crise-au-niger-alassane-ouattara-pret-a-fournir-un-contingent-pour-chasser-la-junte#primaryimage","url":"https:\/\/static.africa-press.net\/cote\/sites\/43\/2023\/08\/sm_1691741789.343408.jpg","contentUrl":"https:\/\/static.africa-press.net\/cote\/sites\/43\/2023\/08\/sm_1691741789.343408.jpg","width":720,"height":531,"caption":"Crise au Niger, Alassane Ouattara pr\u00eat \u00e0 fournir un contingent pour chasser la junte"},{"@type":"BreadcrumbList","@id":"https:\/\/www.africa-press.net\/cotedivoire\/politique\/crise-au-niger-alassane-ouattara-pret-a-fournir-un-contingent-pour-chasser-la-junte#breadcrumb","itemListElement":[{"@type":"ListItem","position":1,"name":"Accueil","item":"https:\/\/www.africa-press.net\/cotedivoire\/"},{"@type":"ListItem","position":2,"name":"Crise au Niger, Alassane Ouattara pr\u00eat \u00e0 fournir un contingent pour chasser la junte"}]},{"@type":"WebSite","@id":"https:\/\/www.africa-press.net\/cotedivoire\/#website","url":"https:\/\/www.africa-press.net\/cotedivoire\/","name":"C\u00f4te d&#039;Ivoire","description":"Just another Africa News Agency Sites site","potentialAction":[{"@type":"SearchAction","target":{"@type":"EntryPoint","urlTemplate":"https:\/\/www.africa-press.net\/cotedivoire\/?s={search_term_string}"},"query-input":{"@type":"PropertyValueSpecification","valueRequired":true,"valueName":"search_term_string"}}],"inLanguage":"fr-FR"},{"@type":"Person","@id":"https:\/\/www.africa-press.net\/cotedivoire\/#\/schema\/person\/2b1cf3cd81a31e3cd26889ca66d677f1","name":"cfeditorfr"}]}},"_links":{"self":[{"href":"https:\/\/www.africa-press.net\/cotedivoire\/wp-json\/wp\/v2\/posts\/63273","targetHints":{"allow":["GET"]}}],"collection":[{"href":"https:\/\/www.africa-press.net\/cotedivoire\/wp-json\/wp\/v2\/posts"}],"about":[{"href":"https:\/\/www.africa-press.net\/cotedivoire\/wp-json\/wp\/v2\/types\/post"}],"author":[{"embeddable":true,"href":"https:\/\/www.africa-press.net\/cotedivoire\/wp-json\/wp\/v2\/users\/82"}],"replies":[{"embeddable":true,"href":"https:\/\/www.africa-press.net\/cotedivoire\/wp-json\/wp\/v2\/comments?post=63273"}],"version-history":[{"count":0,"href":"https:\/\/www.africa-press.net\/cotedivoire\/wp-json\/wp\/v2\/posts\/63273\/revisions"}],"wp:featuredmedia":[{"embeddable":true,"href":"https:\/\/www.africa-press.net\/cotedivoire\/wp-json\/wp\/v2\/media\/63272"}],"wp:attachment":[{"href":"https:\/\/www.africa-press.net\/cotedivoire\/wp-json\/wp\/v2\/media?parent=63273"}],"wp:term":[{"taxonomy":"category","embeddable":true,"href":"https:\/\/www.africa-press.net\/cotedivoire\/wp-json\/wp\/v2\/categories?post=63273"},{"taxonomy":"post_tag","embeddable":true,"href":"https:\/\/www.africa-press.net\/cotedivoire\/wp-json\/wp\/v2\/tags?post=63273"}],"curies":[{"name":"wp","href":"https:\/\/api.w.org\/{rel}","templated":true}]}}