{"id":64216,"date":"2023-08-31T15:06:49","date_gmt":"2023-08-31T15:06:49","guid":{"rendered":"https:\/\/www.africa-press.net\/cotedivoire\/politique\/voici-les-dispositions-pratiques-prises-par-la-fif-pour-les-rencontres-contre-le-lesotho-et-le-mali"},"modified":"2023-08-31T16:22:59","modified_gmt":"2023-08-31T16:22:59","slug":"voici-les-dispositions-pratiques-prises-par-la-fif-pour-les-rencontres-contre-le-lesotho-et-le-mali","status":"publish","type":"post","link":"https:\/\/www.africa-press.net\/cotedivoire\/sports\/voici-les-dispositions-pratiques-prises-par-la-fif-pour-les-rencontres-contre-le-lesotho-et-le-mali","title":{"rendered":"Voici les dispositions pratiques prises par la FIF pour les rencontres contre le Lesotho et le Mali"},"content":{"rendered":"<p><span style=\"color: #ff6600\"><strong>Africa-Press &#8211; C\u00f4te d&rsquo;Ivoire. <\/strong><\/span>En marge de la Confe\u0301rence de presse du Se\u0301lectionneur des Ele\u0301phants, Jean Louis Gasset, le 1er Vice-Pre\u0301sident de la Fe\u0301de\u0301ration Ivoirienne de Football, M. Malick Tohe\u0301 a annonce\u0301 les dispositions pratiques lie\u0301es aux deux rencontres a\u0300 l&rsquo;affiche de la fene\u0302tre FIFA du mois de septembre 2023, rapporte une note de l\u2019instance.<\/p>\n<p>Il s&rsquo;agit de la vente des billets, de l&rsquo;aspect se\u0301curitaire et bien d&rsquo;autres informations relatives a\u0300 l&rsquo;organisation de ces deux rencontres. La ge\u0301ne\u0301ration \u00ab\u00a0Se\u0301ne\u0301gal 92\u00a0\u00bb et celle de \u00ab\u00a0Guine\u0301e Equatoriale 2015\u00a0\u00bb prendront une part active dans l&rsquo;organisation de deux matchs. Le capitaine Gadji Ce\u0301li (Se\u0301ne\u0301gal 92) et Yaya Toure\u0301 (Guine\u0301e Equatoriale 2015) donneront respectivement le coup d&rsquo;envoi de Co\u0302te d&rsquo;Ivoire-Lesotho et de Co\u0302te d&rsquo;Ivoire-Mali.<\/p>\n<p>Beugre\u0301 Inago, repre\u0301sentant de la Ge\u0301ne\u0301ration de Se\u0301ne\u0301gal 92 a\u0300 cette confe\u0301rence de presse a sonne\u0301 la mobilisation autour des E\u0301le\u0301phants.<\/p>\n<p>I-MATCH CIV-LESOTHO DU 9 SEPT. 2023 A 16H AU STADE LAURENT POKOU DE SAN PEDRO<\/p>\n<p>STADE DE LAURENT POKOU<\/p>\n<p>Capacite\u0301 re\u0301elle du stade : 19.600<\/p>\n<p>Nombre de billets e\u0301dite\u0301s : 16.457<\/p>\n<p>Nombre de billets mis en vente : 14.568<\/p>\n<p>Nombre de billets en invitation : 1.889<\/p>\n<p>Prix des billets<\/p>\n<p>VVIP : 100.000 F<\/p>\n<p>VIP : 50.000 F<\/p>\n<p>Cate\u0301gorie 1 : 10.000 F<\/p>\n<p>Cate\u0301gorie 2 : 2.000 F<\/p>\n<p>Sites de vente<\/p>\n<p>Sie\u0300ge de la FIF<\/p>\n<p>Petite Mairie de San Pedro<\/p>\n<p>Gare SBTA San Pedro<\/p>\n<p>ONPC San Pedro<\/p>\n<p>Direction Re\u0301gionale des Sports San Pedro<\/p>\n<p>Cap Sud Marcory<\/p>\n<p>Cap Sud Riviera<\/p>\n<p>La vente de billets de\u0301bute a\u0300 partir du lundi 4 septembre 2023 au vendredi 8 septembre 2023 ; Le coup d\u2019envoi du match est a\u0300 16H00 ; l\u2019ouverture du stade sera effectue\u0301e a\u0300 partir de 11H. Soit 5H avant le coup d\u2019envoi.<\/p>\n<p>II-MATCH AMICAL CIV-MALI DU 12 SEPT. 2023 A 19H AU STADE ALASSANE OUATTARA D\u2019EBIMPE<\/p>\n<p>STADE ALASSANE OUATTARA<\/p>\n<p>Capacite\u0301 re\u0301elle du stade : 57.638<\/p>\n<p>Nombre de billets e\u0301dite\u0301s : 51.357<\/p>\n<p>Nombre de billets mis en vente : 46.020<\/p>\n<p>Nombre de billets en invitation : 5.337<\/p>\n<p>Prix des billets<\/p>\n<p>VVIP : 200.000 F<\/p>\n<p>VIP : 100.000 F<\/p>\n<p>Premium Gold : 40.000 F<\/p>\n<p>Premium Silver : 25.000 F<\/p>\n<p>Cate\u0301gorie 1 : 10.000 F<\/p>\n<p>Cate\u0301gorie 2 : 5.000 F<\/p>\n<p>Cate\u0301gorie 3 : 2.000 F<\/p>\n<p>Sites de vente<\/p>\n<p>Sie\u0300ge de la FIF<\/p>\n<p>Mairie d\u2019Anyama<\/p>\n<p>Mairie d\u2019Abobo<\/p>\n<p>Mairie de Yopougon<\/p>\n<p>Mairie d\u2019Adjame\u0301<\/p>\n<p>Cap Sud Marcory<\/p>\n<p>Cap Nord Riviera<\/p>\n<p>La vente de billets de\u0301bute du lundi 4 septembre 2023 au lundi 11 septembre 2023 ; Le coup d\u2019envoi du match est pre\u0301vu a\u0300 19H00 ; l\u2019ouverture du stade sera effectue\u0301e a\u0300 partir de 14H. Soit 5H avant le coup d\u2019envoi.<\/p>\n<p>III) CEREMONIE D\u2019INAUGURATION SYMBOLIQUE DU STADE LP DE SAN PEDRO ET COUP D\u2019ENVOI DU MATCH<\/p>\n<p>Il y aura une ce\u0301re\u0301monie inaugurale du stade LP de San Pedro. Cette ce\u0301re\u0301monie se fera a\u0300 huis clos en pre\u0301sence des membres de la famille Laurent Pokou, des he\u0301ros de Se\u0301ne\u0301gal 92 et des vainqueurs de la CAN 2015. Les personnes devant prendre part a\u0300 cette ce\u0301re\u0301monie officieuse doivent e\u0302tre accre\u0301dite\u0301es ;<\/p>\n<p>Un match test de la pelouse du stade LP de San Pedro est pre\u0301vu le lundi 4 septembre 2023 a\u0300 16H. Ce match opposera deux e\u0301quipes de la ville de San Pedro.<\/p>\n<p>Le coup d\u2019envoi du match Co\u0302te d\u2019Ivoire-Lesotho sera donne\u0301 par le capitaine des Ele\u0301phants vainqueurs de la CAN \u00ab Se\u0301ne\u0301gal 92 \u00bb, GADJI CELI SAINT JOSEPH.<\/p>\n<p>Le coup d\u2019envoi du match amical Co\u0302te d\u2019Ivoire-Mali sera exe\u0301cute\u0301 par le capitaine des Ele\u0301phants, vainqueur de la CAN \u00ab Guine\u0301e Equatoriale 2015 \u00bb, YAYA TOURE.<\/p>\n<p>IV) ASPECTS ANIMATION SPONSORS<\/p>\n<p>Il est pre\u0301vu des actions artistiques, des actions des sponsors pour cre\u0301er l\u2019ambiance ;<\/p>\n<p>Il y aura une caravane dans la ville de San Pedro effectue\u0301 par un sponsor de la FIF deux jours avant le match ;<\/p>\n<p>V) ASPECTS SECURITE<\/p>\n<p>Les grandes lignes du plan se\u0301curitaire sont les suivantes :<\/p>\n<p>Match Co\u0302te d\u2019Ivoire-Lesotho a\u0300 San Pedro<\/p>\n<p>1418 agents de se\u0301curite\u0301 (Se\u0301curite\u0301 Mixte Gendarmerie, Police) et se\u0301curite\u0301 civile ;<\/p>\n<p>600 stadiers ;<\/p>\n<p>Palpation de se\u0301curite\u0301 pour rechercher les objets dangereux et interdits ;<\/p>\n<p>Se\u0301curisation des toutes les installations (ho\u0302tels, stade du match, terrain d\u2019entrainement) ;<\/p>\n<p>Dispositions prises pour la fluidite\u0301 au niveau de la circulation ;<\/p>\n<p>Des parkings de stationnement se\u0301curise\u0301s sont pre\u0301vus ;<\/p>\n<p>Co\u0302te d\u2019Ivoire-Mali a\u0300 Abidjan-Ebimpe\u0301<\/p>\n<p>1000 agents de se\u0301curite\u0301 (se\u0301curite\u0301 mixte Gendarmerie, Police) et se\u0301curite\u0301 civile ;<\/p>\n<p>600 stadiers ;<\/p>\n<p>Palpation de se\u0301curite\u0301 pour rechercher les objets dangereux et interdits ;<\/p>\n<p>Deux ceintures de se\u0301curite\u0301 seront forme\u0301es autour du stade ;<\/p>\n<p>Des parkings se\u0301curise\u0301s de relais seront mis en place (Zone Sud, Zone Nord) pour les porteurs de billets de la cate\u0301gorie 1;<\/p>\n<p>Les ve\u0301hicules non concerne\u0301s par le match seront de\u0301vie\u0301s a\u0300 partir du carrefour N\u2019Dotre\u0301 vers AGRIPAC en direction d\u2019Anyama.<\/p>\n<p>Des points de ramassage de la SOTRA pour se rendre au stade sont pre\u0301vus avec les porteurs de billets de la cate\u0301gorie 2 ;<\/p>\n<p>Donatien Kautcha, Abidjan<\/p>\n<p><strong>Pour plus d&rsquo;informations et d&rsquo;analyses sur la <a href=\"https:\/\/www.africa-press.net\/cotedivoire\">C\u00f4te d&rsquo;Ivoire<\/a>, suivez <a href=\"https:\/\/www.africa-press.net\/\">Africa-Press<\/a><\/strong><\/p>\n","protected":false},"excerpt":{"rendered":"<p>Africa-Press &#8211; C\u00f4te d&rsquo;Ivoire. En marge de la Confe\u0301rence de presse du Se\u0301lectionneur des Ele\u0301phants, Jean Louis Gasset, le 1er Vice-Pre\u0301sident de la Fe\u0301de\u0301ration Ivoirienne de Football, M. Malick Tohe\u0301 a annonce\u0301 les dispositions pratiques lie\u0301es aux deux rencontres a\u0300 l&rsquo;affiche de la fene\u0302tre FIFA du mois de septembre 2023, rapporte une note de l\u2019instance. [&hellip;]<\/p>\n","protected":false},"author":82,"featured_media":64214,"comment_status":"open","ping_status":"closed","sticky":false,"template":"","format":"standard","meta":{"footnotes":""},"categories":[6,10],"tags":[56,63,2113,29,8027,859,6311,6037],"class_list":["post-64216","post","type-post","status-publish","format-standard","has-post-thumbnail","hentry","category-sports","category-toutes-les-actualites","tag-africa-press","tag-africa-press-cote-divoire","tag-can-2023","tag-cote-divoire","tag-dispositions","tag-fif","tag-malick-tohe","tag-pratiques"],"yoast_head":"<!-- This site is optimized with the Yoast SEO Premium plugin v26.1 (Yoast SEO v27.0) - https:\/\/yoast.com\/product\/yoast-seo-premium-wordpress\/ -->\n<title>Voici les dispositions pratiques prises par la FIF pour les rencontres contre le Lesotho et le Mali - C\u00f4te d&#039;Ivoire<\/title>\n<meta name=\"description\" content=\"En marge de la Confe\u0301rence de presse du Se\u0301lectionneur des Ele\u0301phants, Jean Louis Gasset, le 1er Vice-Pre\u0301sident de la F ...\" \/>\n<meta name=\"robots\" content=\"index, follow, max-snippet:-1, max-image-preview:large, max-video-preview:-1\" \/>\n<link rel=\"canonical\" href=\"https:\/\/www.africa-press.net\/cotedivoire\/sports\/voici-les-dispositions-pratiques-prises-par-la-fif-pour-les-rencontres-contre-le-lesotho-et-le-mali\" \/>\n<meta property=\"og:locale\" content=\"fr_FR\" \/>\n<meta property=\"og:type\" content=\"article\" \/>\n<meta property=\"og:title\" content=\"Voici les dispositions pratiques prises par la FIF pour les rencontres contre le Lesotho et le Mali\" \/>\n<meta property=\"og:description\" content=\"En marge de la Confe\u0301rence de presse du Se\u0301lectionneur des Ele\u0301phants, Jean Louis Gasset, le 1er Vice-Pre\u0301sident de la F ...\" \/>\n<meta property=\"og:url\" content=\"https:\/\/www.africa-press.net\/cotedivoire\/sports\/voici-les-dispositions-pratiques-prises-par-la-fif-pour-les-rencontres-contre-le-lesotho-et-le-mali\" \/>\n<meta property=\"og:site_name\" content=\"C\u00f4te d&#039;Ivoire\" \/>\n<meta property=\"article:published_time\" content=\"2023-08-31T15:06:49+00:00\" \/>\n<meta property=\"article:modified_time\" content=\"2023-08-31T16:22:59+00:00\" \/>\n<meta property=\"og:image\" content=\"https:\/\/static.africa-press.net\/cote\/sites\/43\/2023\/08\/sm_1693486255.569046.jpg\" \/>\n\t<meta property=\"og:image:width\" content=\"720\" \/>\n\t<meta property=\"og:image:height\" content=\"481\" \/>\n\t<meta property=\"og:image:type\" content=\"image\/jpeg\" \/>\n<meta name=\"author\" content=\"cfeditorfr\" \/>\n<meta name=\"twitter:card\" content=\"summary_large_image\" \/>\n<meta name=\"twitter:label1\" content=\"\u00c9crit par\" \/>\n\t<meta name=\"twitter:data1\" content=\"cfeditorfr\" \/>\n\t<meta name=\"twitter:label2\" content=\"Dur\u00e9e de lecture estim\u00e9e\" \/>\n\t<meta name=\"twitter:data2\" content=\"4 minutes\" \/>\n<script type=\"application\/ld+json\" class=\"yoast-schema-graph\">{\"@context\":\"https:\/\/schema.org\",\"@graph\":[{\"@type\":\"Article\",\"@id\":\"https:\/\/www.africa-press.net\/cotedivoire\/sports\/voici-les-dispositions-pratiques-prises-par-la-fif-pour-les-rencontres-contre-le-lesotho-et-le-mali#article\",\"isPartOf\":{\"@id\":\"https:\/\/www.africa-press.net\/cotedivoire\/sports\/voici-les-dispositions-pratiques-prises-par-la-fif-pour-les-rencontres-contre-le-lesotho-et-le-mali\"},\"author\":{\"name\":\"cfeditorfr\",\"@id\":\"https:\/\/www.africa-press.net\/cotedivoire\/#\/schema\/person\/2b1cf3cd81a31e3cd26889ca66d677f1\"},\"headline\":\"Voici les dispositions pratiques prises par la FIF pour les rencontres contre le Lesotho et le Mali\",\"datePublished\":\"2023-08-31T15:06:49+00:00\",\"dateModified\":\"2023-08-31T16:22:59+00:00\",\"mainEntityOfPage\":{\"@id\":\"https:\/\/www.africa-press.net\/cotedivoire\/sports\/voici-les-dispositions-pratiques-prises-par-la-fif-pour-les-rencontres-contre-le-lesotho-et-le-mali\"},\"wordCount\":870,\"commentCount\":0,\"image\":{\"@id\":\"https:\/\/www.africa-press.net\/cotedivoire\/sports\/voici-les-dispositions-pratiques-prises-par-la-fif-pour-les-rencontres-contre-le-lesotho-et-le-mali#primaryimage\"},\"thumbnailUrl\":\"https:\/\/static.africa-press.net\/cote\/sites\/43\/2023\/08\/sm_1693486255.569046.jpg\",\"keywords\":[\"Africa Press\",\"Africa Press-C\u00f4te d'Ivoire\",\"CAN 2023\",\"C\u00d4TE D'IVOIRE\",\"dispositions\",\"FIF\",\"Malick Toh\u00e9\",\"pratiques\"],\"articleSection\":[\"Sports\",\"Toutes les actualit\u00e9s\"],\"inLanguage\":\"fr-FR\",\"potentialAction\":[{\"@type\":\"CommentAction\",\"name\":\"Comment\",\"target\":[\"https:\/\/www.africa-press.net\/cotedivoire\/sports\/voici-les-dispositions-pratiques-prises-par-la-fif-pour-les-rencontres-contre-le-lesotho-et-le-mali#respond\"]}]},{\"@type\":\"WebPage\",\"@id\":\"https:\/\/www.africa-press.net\/cotedivoire\/sports\/voici-les-dispositions-pratiques-prises-par-la-fif-pour-les-rencontres-contre-le-lesotho-et-le-mali\",\"url\":\"https:\/\/www.africa-press.net\/cotedivoire\/sports\/voici-les-dispositions-pratiques-prises-par-la-fif-pour-les-rencontres-contre-le-lesotho-et-le-mali\",\"name\":\"Voici les dispositions pratiques prises par la FIF pour les rencontres contre le Lesotho et le Mali - C\u00f4te d&#039;Ivoire\",\"isPartOf\":{\"@id\":\"https:\/\/www.africa-press.net\/cotedivoire\/#website\"},\"primaryImageOfPage\":{\"@id\":\"https:\/\/www.africa-press.net\/cotedivoire\/sports\/voici-les-dispositions-pratiques-prises-par-la-fif-pour-les-rencontres-contre-le-lesotho-et-le-mali#primaryimage\"},\"image\":{\"@id\":\"https:\/\/www.africa-press.net\/cotedivoire\/sports\/voici-les-dispositions-pratiques-prises-par-la-fif-pour-les-rencontres-contre-le-lesotho-et-le-mali#primaryimage\"},\"thumbnailUrl\":\"https:\/\/static.africa-press.net\/cote\/sites\/43\/2023\/08\/sm_1693486255.569046.jpg\",\"datePublished\":\"2023-08-31T15:06:49+00:00\",\"dateModified\":\"2023-08-31T16:22:59+00:00\",\"author\":{\"@id\":\"https:\/\/www.africa-press.net\/cotedivoire\/#\/schema\/person\/2b1cf3cd81a31e3cd26889ca66d677f1\"},\"description\":\"En marge de la Confe\u0301rence de presse du Se\u0301lectionneur des Ele\u0301phants, Jean Louis Gasset, le 1er Vice-Pre\u0301sident de la F ...\",\"breadcrumb\":{\"@id\":\"https:\/\/www.africa-press.net\/cotedivoire\/sports\/voici-les-dispositions-pratiques-prises-par-la-fif-pour-les-rencontres-contre-le-lesotho-et-le-mali#breadcrumb\"},\"inLanguage\":\"fr-FR\",\"potentialAction\":[{\"@type\":\"ReadAction\",\"target\":[\"https:\/\/www.africa-press.net\/cotedivoire\/sports\/voici-les-dispositions-pratiques-prises-par-la-fif-pour-les-rencontres-contre-le-lesotho-et-le-mali\"]}]},{\"@type\":\"ImageObject\",\"inLanguage\":\"fr-FR\",\"@id\":\"https:\/\/www.africa-press.net\/cotedivoire\/sports\/voici-les-dispositions-pratiques-prises-par-la-fif-pour-les-rencontres-contre-le-lesotho-et-le-mali#primaryimage\",\"url\":\"https:\/\/static.africa-press.net\/cote\/sites\/43\/2023\/08\/sm_1693486255.569046.jpg\",\"contentUrl\":\"https:\/\/static.africa-press.net\/cote\/sites\/43\/2023\/08\/sm_1693486255.569046.jpg\",\"width\":720,\"height\":481,\"caption\":\"Voici les dispositions pratiques prises par la FIF pour les rencontres contre le Lesotho et le Mali\"},{\"@type\":\"BreadcrumbList\",\"@id\":\"https:\/\/www.africa-press.net\/cotedivoire\/sports\/voici-les-dispositions-pratiques-prises-par-la-fif-pour-les-rencontres-contre-le-lesotho-et-le-mali#breadcrumb\",\"itemListElement\":[{\"@type\":\"ListItem\",\"position\":1,\"name\":\"Accueil\",\"item\":\"https:\/\/www.africa-press.net\/cotedivoire\/\"},{\"@type\":\"ListItem\",\"position\":2,\"name\":\"Voici les dispositions pratiques prises par la FIF pour les rencontres contre le Lesotho et le Mali\"}]},{\"@type\":\"WebSite\",\"@id\":\"https:\/\/www.africa-press.net\/cotedivoire\/#website\",\"url\":\"https:\/\/www.africa-press.net\/cotedivoire\/\",\"name\":\"C\u00f4te d&#039;Ivoire\",\"description\":\"Just another Africa News Agency Sites site\",\"potentialAction\":[{\"@type\":\"SearchAction\",\"target\":{\"@type\":\"EntryPoint\",\"urlTemplate\":\"https:\/\/www.africa-press.net\/cotedivoire\/?s={search_term_string}\"},\"query-input\":{\"@type\":\"PropertyValueSpecification\",\"valueRequired\":true,\"valueName\":\"search_term_string\"}}],\"inLanguage\":\"fr-FR\"},{\"@type\":\"Person\",\"@id\":\"https:\/\/www.africa-press.net\/cotedivoire\/#\/schema\/person\/2b1cf3cd81a31e3cd26889ca66d677f1\",\"name\":\"cfeditorfr\"}]}<\/script>\n<!-- \/ Yoast SEO Premium plugin. -->","yoast_head_json":{"title":"Voici les dispositions pratiques prises par la FIF pour les rencontres contre le Lesotho et le Mali - C\u00f4te d&#039;Ivoire","description":"En marge de la Confe\u0301rence de presse du Se\u0301lectionneur des Ele\u0301phants, Jean Louis Gasset, le 1er Vice-Pre\u0301sident de la F ...","robots":{"index":"index","follow":"follow","max-snippet":"max-snippet:-1","max-image-preview":"max-image-preview:large","max-video-preview":"max-video-preview:-1"},"canonical":"https:\/\/www.africa-press.net\/cotedivoire\/sports\/voici-les-dispositions-pratiques-prises-par-la-fif-pour-les-rencontres-contre-le-lesotho-et-le-mali","og_locale":"fr_FR","og_type":"article","og_title":"Voici les dispositions pratiques prises par la FIF pour les rencontres contre le Lesotho et le Mali","og_description":"En marge de la Confe\u0301rence de presse du Se\u0301lectionneur des Ele\u0301phants, Jean Louis Gasset, le 1er Vice-Pre\u0301sident de la F ...","og_url":"https:\/\/www.africa-press.net\/cotedivoire\/sports\/voici-les-dispositions-pratiques-prises-par-la-fif-pour-les-rencontres-contre-le-lesotho-et-le-mali","og_site_name":"C\u00f4te d&#039;Ivoire","article_published_time":"2023-08-31T15:06:49+00:00","article_modified_time":"2023-08-31T16:22:59+00:00","og_image":[{"width":720,"height":481,"url":"https:\/\/static.africa-press.net\/cote\/sites\/43\/2023\/08\/sm_1693486255.569046.jpg","type":"image\/jpeg"}],"author":"cfeditorfr","twitter_card":"summary_large_image","twitter_misc":{"\u00c9crit par":"cfeditorfr","Dur\u00e9e de lecture estim\u00e9e":"4 minutes"},"schema":{"@context":"https:\/\/schema.org","@graph":[{"@type":"Article","@id":"https:\/\/www.africa-press.net\/cotedivoire\/sports\/voici-les-dispositions-pratiques-prises-par-la-fif-pour-les-rencontres-contre-le-lesotho-et-le-mali#article","isPartOf":{"@id":"https:\/\/www.africa-press.net\/cotedivoire\/sports\/voici-les-dispositions-pratiques-prises-par-la-fif-pour-les-rencontres-contre-le-lesotho-et-le-mali"},"author":{"name":"cfeditorfr","@id":"https:\/\/www.africa-press.net\/cotedivoire\/#\/schema\/person\/2b1cf3cd81a31e3cd26889ca66d677f1"},"headline":"Voici les dispositions pratiques prises par la FIF pour les rencontres contre le Lesotho et le Mali","datePublished":"2023-08-31T15:06:49+00:00","dateModified":"2023-08-31T16:22:59+00:00","mainEntityOfPage":{"@id":"https:\/\/www.africa-press.net\/cotedivoire\/sports\/voici-les-dispositions-pratiques-prises-par-la-fif-pour-les-rencontres-contre-le-lesotho-et-le-mali"},"wordCount":870,"commentCount":0,"image":{"@id":"https:\/\/www.africa-press.net\/cotedivoire\/sports\/voici-les-dispositions-pratiques-prises-par-la-fif-pour-les-rencontres-contre-le-lesotho-et-le-mali#primaryimage"},"thumbnailUrl":"https:\/\/static.africa-press.net\/cote\/sites\/43\/2023\/08\/sm_1693486255.569046.jpg","keywords":["Africa Press","Africa Press-C\u00f4te d'Ivoire","CAN 2023","C\u00d4TE D'IVOIRE","dispositions","FIF","Malick Toh\u00e9","pratiques"],"articleSection":["Sports","Toutes les actualit\u00e9s"],"inLanguage":"fr-FR","potentialAction":[{"@type":"CommentAction","name":"Comment","target":["https:\/\/www.africa-press.net\/cotedivoire\/sports\/voici-les-dispositions-pratiques-prises-par-la-fif-pour-les-rencontres-contre-le-lesotho-et-le-mali#respond"]}]},{"@type":"WebPage","@id":"https:\/\/www.africa-press.net\/cotedivoire\/sports\/voici-les-dispositions-pratiques-prises-par-la-fif-pour-les-rencontres-contre-le-lesotho-et-le-mali","url":"https:\/\/www.africa-press.net\/cotedivoire\/sports\/voici-les-dispositions-pratiques-prises-par-la-fif-pour-les-rencontres-contre-le-lesotho-et-le-mali","name":"Voici les dispositions pratiques prises par la FIF pour les rencontres contre le Lesotho et le Mali - C\u00f4te d&#039;Ivoire","isPartOf":{"@id":"https:\/\/www.africa-press.net\/cotedivoire\/#website"},"primaryImageOfPage":{"@id":"https:\/\/www.africa-press.net\/cotedivoire\/sports\/voici-les-dispositions-pratiques-prises-par-la-fif-pour-les-rencontres-contre-le-lesotho-et-le-mali#primaryimage"},"image":{"@id":"https:\/\/www.africa-press.net\/cotedivoire\/sports\/voici-les-dispositions-pratiques-prises-par-la-fif-pour-les-rencontres-contre-le-lesotho-et-le-mali#primaryimage"},"thumbnailUrl":"https:\/\/static.africa-press.net\/cote\/sites\/43\/2023\/08\/sm_1693486255.569046.jpg","datePublished":"2023-08-31T15:06:49+00:00","dateModified":"2023-08-31T16:22:59+00:00","author":{"@id":"https:\/\/www.africa-press.net\/cotedivoire\/#\/schema\/person\/2b1cf3cd81a31e3cd26889ca66d677f1"},"description":"En marge de la Confe\u0301rence de presse du Se\u0301lectionneur des Ele\u0301phants, Jean Louis Gasset, le 1er Vice-Pre\u0301sident de la F ...","breadcrumb":{"@id":"https:\/\/www.africa-press.net\/cotedivoire\/sports\/voici-les-dispositions-pratiques-prises-par-la-fif-pour-les-rencontres-contre-le-lesotho-et-le-mali#breadcrumb"},"inLanguage":"fr-FR","potentialAction":[{"@type":"ReadAction","target":["https:\/\/www.africa-press.net\/cotedivoire\/sports\/voici-les-dispositions-pratiques-prises-par-la-fif-pour-les-rencontres-contre-le-lesotho-et-le-mali"]}]},{"@type":"ImageObject","inLanguage":"fr-FR","@id":"https:\/\/www.africa-press.net\/cotedivoire\/sports\/voici-les-dispositions-pratiques-prises-par-la-fif-pour-les-rencontres-contre-le-lesotho-et-le-mali#primaryimage","url":"https:\/\/static.africa-press.net\/cote\/sites\/43\/2023\/08\/sm_1693486255.569046.jpg","contentUrl":"https:\/\/static.africa-press.net\/cote\/sites\/43\/2023\/08\/sm_1693486255.569046.jpg","width":720,"height":481,"caption":"Voici les dispositions pratiques prises par la FIF pour les rencontres contre le Lesotho et le Mali"},{"@type":"BreadcrumbList","@id":"https:\/\/www.africa-press.net\/cotedivoire\/sports\/voici-les-dispositions-pratiques-prises-par-la-fif-pour-les-rencontres-contre-le-lesotho-et-le-mali#breadcrumb","itemListElement":[{"@type":"ListItem","position":1,"name":"Accueil","item":"https:\/\/www.africa-press.net\/cotedivoire\/"},{"@type":"ListItem","position":2,"name":"Voici les dispositions pratiques prises par la FIF pour les rencontres contre le Lesotho et le Mali"}]},{"@type":"WebSite","@id":"https:\/\/www.africa-press.net\/cotedivoire\/#website","url":"https:\/\/www.africa-press.net\/cotedivoire\/","name":"C\u00f4te d&#039;Ivoire","description":"Just another Africa News Agency Sites site","potentialAction":[{"@type":"SearchAction","target":{"@type":"EntryPoint","urlTemplate":"https:\/\/www.africa-press.net\/cotedivoire\/?s={search_term_string}"},"query-input":{"@type":"PropertyValueSpecification","valueRequired":true,"valueName":"search_term_string"}}],"inLanguage":"fr-FR"},{"@type":"Person","@id":"https:\/\/www.africa-press.net\/cotedivoire\/#\/schema\/person\/2b1cf3cd81a31e3cd26889ca66d677f1","name":"cfeditorfr"}]}},"_links":{"self":[{"href":"https:\/\/www.africa-press.net\/cotedivoire\/wp-json\/wp\/v2\/posts\/64216","targetHints":{"allow":["GET"]}}],"collection":[{"href":"https:\/\/www.africa-press.net\/cotedivoire\/wp-json\/wp\/v2\/posts"}],"about":[{"href":"https:\/\/www.africa-press.net\/cotedivoire\/wp-json\/wp\/v2\/types\/post"}],"author":[{"embeddable":true,"href":"https:\/\/www.africa-press.net\/cotedivoire\/wp-json\/wp\/v2\/users\/82"}],"replies":[{"embeddable":true,"href":"https:\/\/www.africa-press.net\/cotedivoire\/wp-json\/wp\/v2\/comments?post=64216"}],"version-history":[{"count":0,"href":"https:\/\/www.africa-press.net\/cotedivoire\/wp-json\/wp\/v2\/posts\/64216\/revisions"}],"wp:featuredmedia":[{"embeddable":true,"href":"https:\/\/www.africa-press.net\/cotedivoire\/wp-json\/wp\/v2\/media\/64214"}],"wp:attachment":[{"href":"https:\/\/www.africa-press.net\/cotedivoire\/wp-json\/wp\/v2\/media?parent=64216"}],"wp:term":[{"taxonomy":"category","embeddable":true,"href":"https:\/\/www.africa-press.net\/cotedivoire\/wp-json\/wp\/v2\/categories?post=64216"},{"taxonomy":"post_tag","embeddable":true,"href":"https:\/\/www.africa-press.net\/cotedivoire\/wp-json\/wp\/v2\/tags?post=64216"}],"curies":[{"name":"wp","href":"https:\/\/api.w.org\/{rel}","templated":true}]}}