{"id":6422,"date":"2021-04-12T15:17:36","date_gmt":"2021-04-12T15:17:36","guid":{"rendered":"https:\/\/www.africa-press.net\/cotedivoire\/?p=6422"},"modified":"2021-04-13T16:36:47","modified_gmt":"2021-04-13T16:36:47","slug":"debut-du-ramadan-2021-en-cote-divoire-la-communaute-musulmane-guette-le-croissant-lunaire-ce-lundi","status":"publish","type":"post","link":"https:\/\/www.africa-press.net\/cotedivoire\/culture-et-art\/debut-du-ramadan-2021-en-cote-divoire-la-communaute-musulmane-guette-le-croissant-lunaire-ce-lundi","title":{"rendered":"D\u00e9but du Ramadan 2021 en C\u00f4te d\u2019Ivoire : La communaut\u00e9 musulmane guette le croissant lunaire ce lundi"},"content":{"rendered":"<p><span style=\"color: #ff6600\"><strong><a href=\"https:\/\/www.africa-press.net\/\">Africa-Press<\/a> &#8211; <a href=\"https:\/\/www.africa-press.net\/cotedivoire\">C\u00f4te d&rsquo;Ivoire<\/a>. <\/strong><\/span>Le Conseil Sup\u00e9rieur des Imams, des mosque\u0301es et des affaires islamiques en Co\u0302te d\u2019Ivoire (Cosim), et l\u2019Association des musulmans sunnites de C\u00f4te d\u2019Ivoire (Amsci) et du Conseil des imams sunnites (Codis) dans un communiqu\u00e9 ont inform\u00e9 la communaute\u0301 musulmane en C\u00f4te d\u2019Ivoire que ce lundi 12 avril 2021, correspond au 29 CHA\u2019BAN 1442 He\u0301gire et l\u2019ont, en outre, invit\u00e9e \u00e0 l\u2019observation du croissant lunaire.<\/p>\n<p>En cas d\u2019observation du croissant lunaire ce lundi 12 Avril 2021, le mois du Ramadan commencera en C\u00f4te d\u2019Ivoire ce mardi 13 Avril. Durant cette p\u00e9riode longue de 30 (trente) jours, les croyants devront notamment s\u2019abstenir de boire et de manger de l\u2019aube jusqu\u2019au coucher du soleil.<\/p>\n<p>Le mois du Ramadan s\u2019ach\u00e8vera par l\u2019A\u00efd el-Fitr, la \u201cf\u00eate de la rupture du je\u00fbne\u201d. Le je\u00fbne musulman est prescrit aux fid\u00e8les adultes, mais des dispenses sont pr\u00e9vues pour les voyageurs, les malades, les personnes \u00e2g\u00e9es, les femmes enceintes ou nourrices. Kouam\u00e9 L.-Ph. Arnaud KOUAKOU Correspondant de Burkina24 en C\u00f4te d\u2019Ivoire<\/p>\n","protected":false},"excerpt":{"rendered":"<p>Africa-Press &#8211; C\u00f4te d&rsquo;Ivoire. Le Conseil Sup\u00e9rieur des Imams, des mosque\u0301es et des affaires islamiques en Co\u0302te d\u2019Ivoire (Cosim), et l\u2019Association des musulmans sunnites de C\u00f4te d\u2019Ivoire (Amsci) et du Conseil des imams sunnites (Codis) dans un communiqu\u00e9 ont inform\u00e9 la communaute\u0301 musulmane en C\u00f4te d\u2019Ivoire que ce lundi 12 avril 2021, correspond au 29 [&hellip;]<\/p>\n","protected":false},"author":82,"featured_media":6421,"comment_status":"open","ping_status":"closed","sticky":false,"template":"","format":"standard","meta":{"footnotes":""},"categories":[5,11,10],"tags":[56,63,29],"class_list":["post-6422","post","type-post","status-publish","format-standard","has-post-thumbnail","hentry","category-culture-et-art","category-homepage-french","category-toutes-les-actualites","tag-africa-press","tag-africa-press-cote-divoire","tag-cote-divoire"],"yoast_head":"<!-- This site is optimized with the Yoast SEO Premium plugin v26.1 (Yoast SEO v27.0) - https:\/\/yoast.com\/product\/yoast-seo-premium-wordpress\/ -->\n<title>D\u00e9but du Ramadan 2021 en C\u00f4te d\u2019Ivoire : La communaut\u00e9 musulmane guette le croissant lunaire ce lundi - C\u00f4te d&#039;Ivoire<\/title>\n<meta name=\"description\" content=\"Le Conseil Sup\u00e9rieur des Imams, des mosque\u0301es et des affaires islamiques en Co\u0302te d\u2019Ivoire (Cosim), et l\u2019Association des ...\" \/>\n<meta name=\"robots\" content=\"index, follow, max-snippet:-1, max-image-preview:large, max-video-preview:-1\" \/>\n<link rel=\"canonical\" href=\"https:\/\/www.africa-press.net\/cotedivoire\/culture-et-art\/debut-du-ramadan-2021-en-cote-divoire-la-communaute-musulmane-guette-le-croissant-lunaire-ce-lundi\" \/>\n<meta property=\"og:locale\" content=\"fr_FR\" \/>\n<meta property=\"og:type\" content=\"article\" \/>\n<meta property=\"og:title\" content=\"D\u00e9but du Ramadan 2021 en C\u00f4te d\u2019Ivoire : La communaut\u00e9 musulmane guette le croissant lunaire ce lundi\" \/>\n<meta property=\"og:description\" content=\"Le Conseil Sup\u00e9rieur des Imams, des mosque\u0301es et des affaires islamiques en Co\u0302te d\u2019Ivoire (Cosim), et l\u2019Association des ...\" \/>\n<meta property=\"og:url\" content=\"https:\/\/www.africa-press.net\/cotedivoire\/culture-et-art\/debut-du-ramadan-2021-en-cote-divoire-la-communaute-musulmane-guette-le-croissant-lunaire-ce-lundi\" \/>\n<meta property=\"og:site_name\" content=\"C\u00f4te d&#039;Ivoire\" \/>\n<meta property=\"article:published_time\" content=\"2021-04-12T15:17:36+00:00\" \/>\n<meta property=\"article:modified_time\" content=\"2021-04-13T16:36:47+00:00\" \/>\n<meta property=\"og:image\" content=\"https:\/\/static.africa-press.net\/cote\/sites\/43\/2021\/04\/img-60746409ae295.jpg\" \/>\n\t<meta property=\"og:image:width\" content=\"720\" \/>\n\t<meta property=\"og:image:height\" content=\"503\" \/>\n\t<meta property=\"og:image:type\" content=\"image\/jpeg\" \/>\n<meta name=\"author\" content=\"cfeditorfr\" \/>\n<meta name=\"twitter:card\" content=\"summary_large_image\" \/>\n<meta name=\"twitter:label1\" content=\"\u00c9crit par\" \/>\n\t<meta name=\"twitter:data1\" content=\"cfeditorfr\" \/>\n\t<meta name=\"twitter:label2\" content=\"Dur\u00e9e de lecture estim\u00e9e\" \/>\n\t<meta name=\"twitter:data2\" content=\"1 minute\" \/>\n<script type=\"application\/ld+json\" class=\"yoast-schema-graph\">{\"@context\":\"https:\/\/schema.org\",\"@graph\":[{\"@type\":\"Article\",\"@id\":\"https:\/\/www.africa-press.net\/cotedivoire\/culture-et-art\/debut-du-ramadan-2021-en-cote-divoire-la-communaute-musulmane-guette-le-croissant-lunaire-ce-lundi#article\",\"isPartOf\":{\"@id\":\"https:\/\/www.africa-press.net\/cotedivoire\/culture-et-art\/debut-du-ramadan-2021-en-cote-divoire-la-communaute-musulmane-guette-le-croissant-lunaire-ce-lundi\"},\"author\":{\"name\":\"cfeditorfr\",\"@id\":\"https:\/\/www.africa-press.net\/cotedivoire\/#\/schema\/person\/2b1cf3cd81a31e3cd26889ca66d677f1\"},\"headline\":\"D\u00e9but du Ramadan 2021 en C\u00f4te d\u2019Ivoire : La communaut\u00e9 musulmane guette le croissant lunaire ce lundi\",\"datePublished\":\"2021-04-12T15:17:36+00:00\",\"dateModified\":\"2021-04-13T16:36:47+00:00\",\"mainEntityOfPage\":{\"@id\":\"https:\/\/www.africa-press.net\/cotedivoire\/culture-et-art\/debut-du-ramadan-2021-en-cote-divoire-la-communaute-musulmane-guette-le-croissant-lunaire-ce-lundi\"},\"wordCount\":211,\"commentCount\":0,\"image\":{\"@id\":\"https:\/\/www.africa-press.net\/cotedivoire\/culture-et-art\/debut-du-ramadan-2021-en-cote-divoire-la-communaute-musulmane-guette-le-croissant-lunaire-ce-lundi#primaryimage\"},\"thumbnailUrl\":\"https:\/\/static.africa-press.net\/cote\/sites\/43\/2021\/04\/img-60746409ae295.jpg\",\"keywords\":[\"Africa Press\",\"Africa Press-C\u00f4te d'Ivoire\",\"C\u00d4TE D'IVOIRE\"],\"articleSection\":[\"Culture et Art\",\"homepage-french\",\"Toutes les actualit\u00e9s\"],\"inLanguage\":\"fr-FR\",\"potentialAction\":[{\"@type\":\"CommentAction\",\"name\":\"Comment\",\"target\":[\"https:\/\/www.africa-press.net\/cotedivoire\/culture-et-art\/debut-du-ramadan-2021-en-cote-divoire-la-communaute-musulmane-guette-le-croissant-lunaire-ce-lundi#respond\"]}]},{\"@type\":\"WebPage\",\"@id\":\"https:\/\/www.africa-press.net\/cotedivoire\/culture-et-art\/debut-du-ramadan-2021-en-cote-divoire-la-communaute-musulmane-guette-le-croissant-lunaire-ce-lundi\",\"url\":\"https:\/\/www.africa-press.net\/cotedivoire\/culture-et-art\/debut-du-ramadan-2021-en-cote-divoire-la-communaute-musulmane-guette-le-croissant-lunaire-ce-lundi\",\"name\":\"D\u00e9but du Ramadan 2021 en C\u00f4te d\u2019Ivoire : La communaut\u00e9 musulmane guette le croissant lunaire ce lundi - C\u00f4te d&#039;Ivoire\",\"isPartOf\":{\"@id\":\"https:\/\/www.africa-press.net\/cotedivoire\/#website\"},\"primaryImageOfPage\":{\"@id\":\"https:\/\/www.africa-press.net\/cotedivoire\/culture-et-art\/debut-du-ramadan-2021-en-cote-divoire-la-communaute-musulmane-guette-le-croissant-lunaire-ce-lundi#primaryimage\"},\"image\":{\"@id\":\"https:\/\/www.africa-press.net\/cotedivoire\/culture-et-art\/debut-du-ramadan-2021-en-cote-divoire-la-communaute-musulmane-guette-le-croissant-lunaire-ce-lundi#primaryimage\"},\"thumbnailUrl\":\"https:\/\/static.africa-press.net\/cote\/sites\/43\/2021\/04\/img-60746409ae295.jpg\",\"datePublished\":\"2021-04-12T15:17:36+00:00\",\"dateModified\":\"2021-04-13T16:36:47+00:00\",\"author\":{\"@id\":\"https:\/\/www.africa-press.net\/cotedivoire\/#\/schema\/person\/2b1cf3cd81a31e3cd26889ca66d677f1\"},\"description\":\"Le Conseil Sup\u00e9rieur des Imams, des mosque\u0301es et des affaires islamiques en Co\u0302te d\u2019Ivoire (Cosim), et l\u2019Association des ...\",\"breadcrumb\":{\"@id\":\"https:\/\/www.africa-press.net\/cotedivoire\/culture-et-art\/debut-du-ramadan-2021-en-cote-divoire-la-communaute-musulmane-guette-le-croissant-lunaire-ce-lundi#breadcrumb\"},\"inLanguage\":\"fr-FR\",\"potentialAction\":[{\"@type\":\"ReadAction\",\"target\":[\"https:\/\/www.africa-press.net\/cotedivoire\/culture-et-art\/debut-du-ramadan-2021-en-cote-divoire-la-communaute-musulmane-guette-le-croissant-lunaire-ce-lundi\"]}]},{\"@type\":\"ImageObject\",\"inLanguage\":\"fr-FR\",\"@id\":\"https:\/\/www.africa-press.net\/cotedivoire\/culture-et-art\/debut-du-ramadan-2021-en-cote-divoire-la-communaute-musulmane-guette-le-croissant-lunaire-ce-lundi#primaryimage\",\"url\":\"https:\/\/static.africa-press.net\/cote\/sites\/43\/2021\/04\/img-60746409ae295.jpg\",\"contentUrl\":\"https:\/\/static.africa-press.net\/cote\/sites\/43\/2021\/04\/img-60746409ae295.jpg\",\"width\":720,\"height\":503,\"caption\":\"D\u00e9but du Ramadan 2021 en C\u00f4te d\u2019Ivoire : La communaut\u00e9 musulmane guette le croissant lunaire ce lundi\"},{\"@type\":\"BreadcrumbList\",\"@id\":\"https:\/\/www.africa-press.net\/cotedivoire\/culture-et-art\/debut-du-ramadan-2021-en-cote-divoire-la-communaute-musulmane-guette-le-croissant-lunaire-ce-lundi#breadcrumb\",\"itemListElement\":[{\"@type\":\"ListItem\",\"position\":1,\"name\":\"Accueil\",\"item\":\"https:\/\/www.africa-press.net\/cotedivoire\/\"},{\"@type\":\"ListItem\",\"position\":2,\"name\":\"D\u00e9but du Ramadan 2021 en C\u00f4te d\u2019Ivoire : La communaut\u00e9 musulmane guette le croissant lunaire ce lundi\"}]},{\"@type\":\"WebSite\",\"@id\":\"https:\/\/www.africa-press.net\/cotedivoire\/#website\",\"url\":\"https:\/\/www.africa-press.net\/cotedivoire\/\",\"name\":\"C\u00f4te d&#039;Ivoire\",\"description\":\"Just another Africa News Agency Sites site\",\"potentialAction\":[{\"@type\":\"SearchAction\",\"target\":{\"@type\":\"EntryPoint\",\"urlTemplate\":\"https:\/\/www.africa-press.net\/cotedivoire\/?s={search_term_string}\"},\"query-input\":{\"@type\":\"PropertyValueSpecification\",\"valueRequired\":true,\"valueName\":\"search_term_string\"}}],\"inLanguage\":\"fr-FR\"},{\"@type\":\"Person\",\"@id\":\"https:\/\/www.africa-press.net\/cotedivoire\/#\/schema\/person\/2b1cf3cd81a31e3cd26889ca66d677f1\",\"name\":\"cfeditorfr\"}]}<\/script>\n<!-- \/ Yoast SEO Premium plugin. -->","yoast_head_json":{"title":"D\u00e9but du Ramadan 2021 en C\u00f4te d\u2019Ivoire : La communaut\u00e9 musulmane guette le croissant lunaire ce lundi - C\u00f4te d&#039;Ivoire","description":"Le Conseil Sup\u00e9rieur des Imams, des mosque\u0301es et des affaires islamiques en Co\u0302te d\u2019Ivoire (Cosim), et l\u2019Association des ...","robots":{"index":"index","follow":"follow","max-snippet":"max-snippet:-1","max-image-preview":"max-image-preview:large","max-video-preview":"max-video-preview:-1"},"canonical":"https:\/\/www.africa-press.net\/cotedivoire\/culture-et-art\/debut-du-ramadan-2021-en-cote-divoire-la-communaute-musulmane-guette-le-croissant-lunaire-ce-lundi","og_locale":"fr_FR","og_type":"article","og_title":"D\u00e9but du Ramadan 2021 en C\u00f4te d\u2019Ivoire : La communaut\u00e9 musulmane guette le croissant lunaire ce lundi","og_description":"Le Conseil Sup\u00e9rieur des Imams, des mosque\u0301es et des affaires islamiques en Co\u0302te d\u2019Ivoire (Cosim), et l\u2019Association des ...","og_url":"https:\/\/www.africa-press.net\/cotedivoire\/culture-et-art\/debut-du-ramadan-2021-en-cote-divoire-la-communaute-musulmane-guette-le-croissant-lunaire-ce-lundi","og_site_name":"C\u00f4te d&#039;Ivoire","article_published_time":"2021-04-12T15:17:36+00:00","article_modified_time":"2021-04-13T16:36:47+00:00","og_image":[{"width":720,"height":503,"url":"https:\/\/static.africa-press.net\/cote\/sites\/43\/2021\/04\/img-60746409ae295.jpg","type":"image\/jpeg"}],"author":"cfeditorfr","twitter_card":"summary_large_image","twitter_misc":{"\u00c9crit par":"cfeditorfr","Dur\u00e9e de lecture estim\u00e9e":"1 minute"},"schema":{"@context":"https:\/\/schema.org","@graph":[{"@type":"Article","@id":"https:\/\/www.africa-press.net\/cotedivoire\/culture-et-art\/debut-du-ramadan-2021-en-cote-divoire-la-communaute-musulmane-guette-le-croissant-lunaire-ce-lundi#article","isPartOf":{"@id":"https:\/\/www.africa-press.net\/cotedivoire\/culture-et-art\/debut-du-ramadan-2021-en-cote-divoire-la-communaute-musulmane-guette-le-croissant-lunaire-ce-lundi"},"author":{"name":"cfeditorfr","@id":"https:\/\/www.africa-press.net\/cotedivoire\/#\/schema\/person\/2b1cf3cd81a31e3cd26889ca66d677f1"},"headline":"D\u00e9but du Ramadan 2021 en C\u00f4te d\u2019Ivoire : La communaut\u00e9 musulmane guette le croissant lunaire ce lundi","datePublished":"2021-04-12T15:17:36+00:00","dateModified":"2021-04-13T16:36:47+00:00","mainEntityOfPage":{"@id":"https:\/\/www.africa-press.net\/cotedivoire\/culture-et-art\/debut-du-ramadan-2021-en-cote-divoire-la-communaute-musulmane-guette-le-croissant-lunaire-ce-lundi"},"wordCount":211,"commentCount":0,"image":{"@id":"https:\/\/www.africa-press.net\/cotedivoire\/culture-et-art\/debut-du-ramadan-2021-en-cote-divoire-la-communaute-musulmane-guette-le-croissant-lunaire-ce-lundi#primaryimage"},"thumbnailUrl":"https:\/\/static.africa-press.net\/cote\/sites\/43\/2021\/04\/img-60746409ae295.jpg","keywords":["Africa Press","Africa Press-C\u00f4te d'Ivoire","C\u00d4TE D'IVOIRE"],"articleSection":["Culture et Art","homepage-french","Toutes les actualit\u00e9s"],"inLanguage":"fr-FR","potentialAction":[{"@type":"CommentAction","name":"Comment","target":["https:\/\/www.africa-press.net\/cotedivoire\/culture-et-art\/debut-du-ramadan-2021-en-cote-divoire-la-communaute-musulmane-guette-le-croissant-lunaire-ce-lundi#respond"]}]},{"@type":"WebPage","@id":"https:\/\/www.africa-press.net\/cotedivoire\/culture-et-art\/debut-du-ramadan-2021-en-cote-divoire-la-communaute-musulmane-guette-le-croissant-lunaire-ce-lundi","url":"https:\/\/www.africa-press.net\/cotedivoire\/culture-et-art\/debut-du-ramadan-2021-en-cote-divoire-la-communaute-musulmane-guette-le-croissant-lunaire-ce-lundi","name":"D\u00e9but du Ramadan 2021 en C\u00f4te d\u2019Ivoire : La communaut\u00e9 musulmane guette le croissant lunaire ce lundi - C\u00f4te d&#039;Ivoire","isPartOf":{"@id":"https:\/\/www.africa-press.net\/cotedivoire\/#website"},"primaryImageOfPage":{"@id":"https:\/\/www.africa-press.net\/cotedivoire\/culture-et-art\/debut-du-ramadan-2021-en-cote-divoire-la-communaute-musulmane-guette-le-croissant-lunaire-ce-lundi#primaryimage"},"image":{"@id":"https:\/\/www.africa-press.net\/cotedivoire\/culture-et-art\/debut-du-ramadan-2021-en-cote-divoire-la-communaute-musulmane-guette-le-croissant-lunaire-ce-lundi#primaryimage"},"thumbnailUrl":"https:\/\/static.africa-press.net\/cote\/sites\/43\/2021\/04\/img-60746409ae295.jpg","datePublished":"2021-04-12T15:17:36+00:00","dateModified":"2021-04-13T16:36:47+00:00","author":{"@id":"https:\/\/www.africa-press.net\/cotedivoire\/#\/schema\/person\/2b1cf3cd81a31e3cd26889ca66d677f1"},"description":"Le Conseil Sup\u00e9rieur des Imams, des mosque\u0301es et des affaires islamiques en Co\u0302te d\u2019Ivoire (Cosim), et l\u2019Association des ...","breadcrumb":{"@id":"https:\/\/www.africa-press.net\/cotedivoire\/culture-et-art\/debut-du-ramadan-2021-en-cote-divoire-la-communaute-musulmane-guette-le-croissant-lunaire-ce-lundi#breadcrumb"},"inLanguage":"fr-FR","potentialAction":[{"@type":"ReadAction","target":["https:\/\/www.africa-press.net\/cotedivoire\/culture-et-art\/debut-du-ramadan-2021-en-cote-divoire-la-communaute-musulmane-guette-le-croissant-lunaire-ce-lundi"]}]},{"@type":"ImageObject","inLanguage":"fr-FR","@id":"https:\/\/www.africa-press.net\/cotedivoire\/culture-et-art\/debut-du-ramadan-2021-en-cote-divoire-la-communaute-musulmane-guette-le-croissant-lunaire-ce-lundi#primaryimage","url":"https:\/\/static.africa-press.net\/cote\/sites\/43\/2021\/04\/img-60746409ae295.jpg","contentUrl":"https:\/\/static.africa-press.net\/cote\/sites\/43\/2021\/04\/img-60746409ae295.jpg","width":720,"height":503,"caption":"D\u00e9but du Ramadan 2021 en C\u00f4te d\u2019Ivoire : La communaut\u00e9 musulmane guette le croissant lunaire ce lundi"},{"@type":"BreadcrumbList","@id":"https:\/\/www.africa-press.net\/cotedivoire\/culture-et-art\/debut-du-ramadan-2021-en-cote-divoire-la-communaute-musulmane-guette-le-croissant-lunaire-ce-lundi#breadcrumb","itemListElement":[{"@type":"ListItem","position":1,"name":"Accueil","item":"https:\/\/www.africa-press.net\/cotedivoire\/"},{"@type":"ListItem","position":2,"name":"D\u00e9but du Ramadan 2021 en C\u00f4te d\u2019Ivoire : La communaut\u00e9 musulmane guette le croissant lunaire ce lundi"}]},{"@type":"WebSite","@id":"https:\/\/www.africa-press.net\/cotedivoire\/#website","url":"https:\/\/www.africa-press.net\/cotedivoire\/","name":"C\u00f4te d&#039;Ivoire","description":"Just another Africa News Agency Sites site","potentialAction":[{"@type":"SearchAction","target":{"@type":"EntryPoint","urlTemplate":"https:\/\/www.africa-press.net\/cotedivoire\/?s={search_term_string}"},"query-input":{"@type":"PropertyValueSpecification","valueRequired":true,"valueName":"search_term_string"}}],"inLanguage":"fr-FR"},{"@type":"Person","@id":"https:\/\/www.africa-press.net\/cotedivoire\/#\/schema\/person\/2b1cf3cd81a31e3cd26889ca66d677f1","name":"cfeditorfr"}]}},"_links":{"self":[{"href":"https:\/\/www.africa-press.net\/cotedivoire\/wp-json\/wp\/v2\/posts\/6422","targetHints":{"allow":["GET"]}}],"collection":[{"href":"https:\/\/www.africa-press.net\/cotedivoire\/wp-json\/wp\/v2\/posts"}],"about":[{"href":"https:\/\/www.africa-press.net\/cotedivoire\/wp-json\/wp\/v2\/types\/post"}],"author":[{"embeddable":true,"href":"https:\/\/www.africa-press.net\/cotedivoire\/wp-json\/wp\/v2\/users\/82"}],"replies":[{"embeddable":true,"href":"https:\/\/www.africa-press.net\/cotedivoire\/wp-json\/wp\/v2\/comments?post=6422"}],"version-history":[{"count":0,"href":"https:\/\/www.africa-press.net\/cotedivoire\/wp-json\/wp\/v2\/posts\/6422\/revisions"}],"wp:featuredmedia":[{"embeddable":true,"href":"https:\/\/www.africa-press.net\/cotedivoire\/wp-json\/wp\/v2\/media\/6421"}],"wp:attachment":[{"href":"https:\/\/www.africa-press.net\/cotedivoire\/wp-json\/wp\/v2\/media?parent=6422"}],"wp:term":[{"taxonomy":"category","embeddable":true,"href":"https:\/\/www.africa-press.net\/cotedivoire\/wp-json\/wp\/v2\/categories?post=6422"},{"taxonomy":"post_tag","embeddable":true,"href":"https:\/\/www.africa-press.net\/cotedivoire\/wp-json\/wp\/v2\/tags?post=6422"}],"curies":[{"name":"wp","href":"https:\/\/api.w.org\/{rel}","templated":true}]}}