{"id":64292,"date":"2023-09-01T18:07:10","date_gmt":"2023-09-01T18:07:10","guid":{"rendered":"https:\/\/www.africa-press.net\/cotedivoire\/politique\/anyama-une-collision-entre-un-minicar-gbaka-et-un-camion-poids-lourd-le-bilan-provisoire-ferait-etat-de-02-morts"},"modified":"2023-09-01T18:26:17","modified_gmt":"2023-09-01T18:26:17","slug":"anyama-une-collision-entre-un-minicar-gbaka-et-un-camion-poids-lourd-le-bilan-provisoire-ferait-etat-de-02-morts","status":"publish","type":"post","link":"https:\/\/www.africa-press.net\/cotedivoire\/toutes-les-actualites\/anyama-une-collision-entre-un-minicar-gbaka-et-un-camion-poids-lourd-le-bilan-provisoire-ferait-etat-de-02-morts","title":{"rendered":"Anyama, une collision entre un minicar \u00ab Gbaka \u00bb et un camion poids lourd, le bilan provisoire ferait \u00e9tat de 02 morts ?"},"content":{"rendered":"<p><span style=\"color: #ff6600\"><strong>Africa-Press &#8211; C\u00f4te d&rsquo;Ivoire. <\/strong><\/span>Au dernier jour de la campagne e\u0301lectorale des e\u0301lections couple\u0301es Re\u0301gionales et Municipales, un grave accident de circulation est signale\u0301 ce jeudi 31 aou\u0302t 2023 dans la commune d\u2019Anyama.<\/p>\n<p>Selon les te\u0301moignages, il s\u2019agit d\u2019une collision survenue entre un minicar de transport en commun commune\u0301ment appele\u0301 \u00ab Gbaka \u00bb en provenance d\u2019Adzope\u0301 et un camion poids lourd au niveau du carrefour se\u0301minaire.<\/p>\n<p>Le bilan provisoire ferait e\u0301tat de deux (02) morts et plusieurs blesse\u0301s.<\/p>\n<p>Donatien Kautcha, Abidjan<\/p>\n<p><strong>Pour plus d&rsquo;informations et d&rsquo;analyses sur la <a href=\"https:\/\/www.africa-press.net\/cotedivoire\">C\u00f4te d&rsquo;Ivoire<\/a>, suivez <a href=\"https:\/\/www.africa-press.net\/\">Africa-Press<\/a><\/strong><\/p>\n","protected":false},"excerpt":{"rendered":"<p>Africa-Press &#8211; C\u00f4te d&rsquo;Ivoire. Au dernier jour de la campagne e\u0301lectorale des e\u0301lections couple\u0301es Re\u0301gionales et Municipales, un grave accident de circulation est signale\u0301 ce jeudi 31 aou\u0302t 2023 dans la commune d\u2019Anyama. Selon les te\u0301moignages, il s\u2019agit d\u2019une collision survenue entre un minicar de transport en commun commune\u0301ment appele\u0301 \u00ab Gbaka \u00bb en provenance [&hellip;]<\/p>\n","protected":false},"author":82,"featured_media":64290,"comment_status":"open","ping_status":"closed","sticky":false,"template":"","format":"standard","meta":{"footnotes":""},"categories":[21,10],"tags":[457,56,63,504,461,559,29,2773,3867,11072],"class_list":["post-64292","post","type-post","status-publish","format-standard","has-post-thumbnail","hentry","category-communaute","category-toutes-les-actualites","tag-accident","tag-africa-press","tag-africa-press-cote-divoire","tag-anyama","tag-camion","tag-circulation","tag-cote-divoire","tag-gbaka","tag-minicar","tag-poids-lourd"],"yoast_head":"<!-- This site is optimized with the Yoast SEO Premium plugin v26.1 (Yoast SEO v27.0) - https:\/\/yoast.com\/product\/yoast-seo-premium-wordpress\/ -->\n<title>Anyama, une collision entre un minicar \u00ab Gbaka \u00bb et un camion poids lourd, le bilan provisoire ferait \u00e9tat de 02 morts ? - C\u00f4te d&#039;Ivoire<\/title>\n<meta name=\"description\" content=\"Au dernier jour de la campagne e\u0301lectorale des e\u0301lections couple\u0301es Re\u0301gionales et Municipales, un grave accident de cir ...\" \/>\n<meta name=\"robots\" content=\"index, follow, max-snippet:-1, max-image-preview:large, max-video-preview:-1\" \/>\n<link rel=\"canonical\" href=\"https:\/\/www.africa-press.net\/cotedivoire\/toutes-les-actualites\/anyama-une-collision-entre-un-minicar-gbaka-et-un-camion-poids-lourd-le-bilan-provisoire-ferait-etat-de-02-morts\" \/>\n<meta property=\"og:locale\" content=\"fr_FR\" \/>\n<meta property=\"og:type\" content=\"article\" \/>\n<meta property=\"og:title\" content=\"Anyama, une collision entre un minicar \u00ab Gbaka \u00bb et un camion poids lourd, le bilan provisoire ferait \u00e9tat de 02 morts ?\" \/>\n<meta property=\"og:description\" content=\"Au dernier jour de la campagne e\u0301lectorale des e\u0301lections couple\u0301es Re\u0301gionales et Municipales, un grave accident de cir ...\" \/>\n<meta property=\"og:url\" content=\"https:\/\/www.africa-press.net\/cotedivoire\/toutes-les-actualites\/anyama-une-collision-entre-un-minicar-gbaka-et-un-camion-poids-lourd-le-bilan-provisoire-ferait-etat-de-02-morts\" \/>\n<meta property=\"og:site_name\" content=\"C\u00f4te d&#039;Ivoire\" \/>\n<meta property=\"article:published_time\" content=\"2023-09-01T18:07:10+00:00\" \/>\n<meta property=\"article:modified_time\" content=\"2023-09-01T18:26:17+00:00\" \/>\n<meta property=\"og:image\" content=\"https:\/\/static.africa-press.net\/cote\/sites\/43\/2023\/09\/sm_1693580121.40622.jpg\" \/>\n\t<meta property=\"og:image:width\" content=\"720\" \/>\n\t<meta property=\"og:image:height\" content=\"482\" \/>\n\t<meta property=\"og:image:type\" content=\"image\/jpeg\" \/>\n<meta name=\"author\" content=\"cfeditorfr\" \/>\n<meta name=\"twitter:card\" content=\"summary_large_image\" \/>\n<meta name=\"twitter:label1\" content=\"\u00c9crit par\" \/>\n\t<meta name=\"twitter:data1\" content=\"cfeditorfr\" \/>\n\t<meta name=\"twitter:label2\" content=\"Dur\u00e9e de lecture estim\u00e9e\" \/>\n\t<meta name=\"twitter:data2\" content=\"1 minute\" \/>\n<script type=\"application\/ld+json\" class=\"yoast-schema-graph\">{\"@context\":\"https:\/\/schema.org\",\"@graph\":[{\"@type\":\"Article\",\"@id\":\"https:\/\/www.africa-press.net\/cotedivoire\/toutes-les-actualites\/anyama-une-collision-entre-un-minicar-gbaka-et-un-camion-poids-lourd-le-bilan-provisoire-ferait-etat-de-02-morts#article\",\"isPartOf\":{\"@id\":\"https:\/\/www.africa-press.net\/cotedivoire\/toutes-les-actualites\/anyama-une-collision-entre-un-minicar-gbaka-et-un-camion-poids-lourd-le-bilan-provisoire-ferait-etat-de-02-morts\"},\"author\":{\"name\":\"cfeditorfr\",\"@id\":\"https:\/\/www.africa-press.net\/cotedivoire\/#\/schema\/person\/2b1cf3cd81a31e3cd26889ca66d677f1\"},\"headline\":\"Anyama, une collision entre un minicar \u00ab Gbaka \u00bb et un camion poids lourd, le bilan provisoire ferait \u00e9tat de 02 morts ?\",\"datePublished\":\"2023-09-01T18:07:10+00:00\",\"dateModified\":\"2023-09-01T18:26:17+00:00\",\"mainEntityOfPage\":{\"@id\":\"https:\/\/www.africa-press.net\/cotedivoire\/toutes-les-actualites\/anyama-une-collision-entre-un-minicar-gbaka-et-un-camion-poids-lourd-le-bilan-provisoire-ferait-etat-de-02-morts\"},\"wordCount\":126,\"commentCount\":0,\"image\":{\"@id\":\"https:\/\/www.africa-press.net\/cotedivoire\/toutes-les-actualites\/anyama-une-collision-entre-un-minicar-gbaka-et-un-camion-poids-lourd-le-bilan-provisoire-ferait-etat-de-02-morts#primaryimage\"},\"thumbnailUrl\":\"https:\/\/static.africa-press.net\/cote\/sites\/43\/2023\/09\/sm_1693580121.40622.jpg\",\"keywords\":[\"accident\",\"Africa Press\",\"Africa Press-C\u00f4te d'Ivoire\",\"Anyama\",\"camion\",\"circulation\",\"C\u00d4TE D'IVOIRE\",\"Gbaka\",\"minicar\",\"poids lourd\"],\"articleSection\":[\"Communaut\u00e9\",\"Toutes les actualit\u00e9s\"],\"inLanguage\":\"fr-FR\",\"potentialAction\":[{\"@type\":\"CommentAction\",\"name\":\"Comment\",\"target\":[\"https:\/\/www.africa-press.net\/cotedivoire\/toutes-les-actualites\/anyama-une-collision-entre-un-minicar-gbaka-et-un-camion-poids-lourd-le-bilan-provisoire-ferait-etat-de-02-morts#respond\"]}]},{\"@type\":\"WebPage\",\"@id\":\"https:\/\/www.africa-press.net\/cotedivoire\/toutes-les-actualites\/anyama-une-collision-entre-un-minicar-gbaka-et-un-camion-poids-lourd-le-bilan-provisoire-ferait-etat-de-02-morts\",\"url\":\"https:\/\/www.africa-press.net\/cotedivoire\/toutes-les-actualites\/anyama-une-collision-entre-un-minicar-gbaka-et-un-camion-poids-lourd-le-bilan-provisoire-ferait-etat-de-02-morts\",\"name\":\"Anyama, une collision entre un minicar \u00ab Gbaka \u00bb et un camion poids lourd, le bilan provisoire ferait \u00e9tat de 02 morts ? - C\u00f4te d&#039;Ivoire\",\"isPartOf\":{\"@id\":\"https:\/\/www.africa-press.net\/cotedivoire\/#website\"},\"primaryImageOfPage\":{\"@id\":\"https:\/\/www.africa-press.net\/cotedivoire\/toutes-les-actualites\/anyama-une-collision-entre-un-minicar-gbaka-et-un-camion-poids-lourd-le-bilan-provisoire-ferait-etat-de-02-morts#primaryimage\"},\"image\":{\"@id\":\"https:\/\/www.africa-press.net\/cotedivoire\/toutes-les-actualites\/anyama-une-collision-entre-un-minicar-gbaka-et-un-camion-poids-lourd-le-bilan-provisoire-ferait-etat-de-02-morts#primaryimage\"},\"thumbnailUrl\":\"https:\/\/static.africa-press.net\/cote\/sites\/43\/2023\/09\/sm_1693580121.40622.jpg\",\"datePublished\":\"2023-09-01T18:07:10+00:00\",\"dateModified\":\"2023-09-01T18:26:17+00:00\",\"author\":{\"@id\":\"https:\/\/www.africa-press.net\/cotedivoire\/#\/schema\/person\/2b1cf3cd81a31e3cd26889ca66d677f1\"},\"description\":\"Au dernier jour de la campagne e\u0301lectorale des e\u0301lections couple\u0301es Re\u0301gionales et Municipales, un grave accident de cir ...\",\"breadcrumb\":{\"@id\":\"https:\/\/www.africa-press.net\/cotedivoire\/toutes-les-actualites\/anyama-une-collision-entre-un-minicar-gbaka-et-un-camion-poids-lourd-le-bilan-provisoire-ferait-etat-de-02-morts#breadcrumb\"},\"inLanguage\":\"fr-FR\",\"potentialAction\":[{\"@type\":\"ReadAction\",\"target\":[\"https:\/\/www.africa-press.net\/cotedivoire\/toutes-les-actualites\/anyama-une-collision-entre-un-minicar-gbaka-et-un-camion-poids-lourd-le-bilan-provisoire-ferait-etat-de-02-morts\"]}]},{\"@type\":\"ImageObject\",\"inLanguage\":\"fr-FR\",\"@id\":\"https:\/\/www.africa-press.net\/cotedivoire\/toutes-les-actualites\/anyama-une-collision-entre-un-minicar-gbaka-et-un-camion-poids-lourd-le-bilan-provisoire-ferait-etat-de-02-morts#primaryimage\",\"url\":\"https:\/\/static.africa-press.net\/cote\/sites\/43\/2023\/09\/sm_1693580121.40622.jpg\",\"contentUrl\":\"https:\/\/static.africa-press.net\/cote\/sites\/43\/2023\/09\/sm_1693580121.40622.jpg\",\"width\":720,\"height\":482,\"caption\":\"Anyama, une collision entre un minicar \u00ab Gbaka \u00bb et un camion poids lourd, le bilan provisoire ferait \u00e9tat de 02 morts ?\"},{\"@type\":\"BreadcrumbList\",\"@id\":\"https:\/\/www.africa-press.net\/cotedivoire\/toutes-les-actualites\/anyama-une-collision-entre-un-minicar-gbaka-et-un-camion-poids-lourd-le-bilan-provisoire-ferait-etat-de-02-morts#breadcrumb\",\"itemListElement\":[{\"@type\":\"ListItem\",\"position\":1,\"name\":\"Accueil\",\"item\":\"https:\/\/www.africa-press.net\/cotedivoire\/\"},{\"@type\":\"ListItem\",\"position\":2,\"name\":\"Anyama, une collision entre un minicar \u00ab Gbaka \u00bb et un camion poids lourd, le bilan provisoire ferait \u00e9tat de 02 morts ?\"}]},{\"@type\":\"WebSite\",\"@id\":\"https:\/\/www.africa-press.net\/cotedivoire\/#website\",\"url\":\"https:\/\/www.africa-press.net\/cotedivoire\/\",\"name\":\"C\u00f4te d&#039;Ivoire\",\"description\":\"Just another Africa News Agency Sites site\",\"potentialAction\":[{\"@type\":\"SearchAction\",\"target\":{\"@type\":\"EntryPoint\",\"urlTemplate\":\"https:\/\/www.africa-press.net\/cotedivoire\/?s={search_term_string}\"},\"query-input\":{\"@type\":\"PropertyValueSpecification\",\"valueRequired\":true,\"valueName\":\"search_term_string\"}}],\"inLanguage\":\"fr-FR\"},{\"@type\":\"Person\",\"@id\":\"https:\/\/www.africa-press.net\/cotedivoire\/#\/schema\/person\/2b1cf3cd81a31e3cd26889ca66d677f1\",\"name\":\"cfeditorfr\"}]}<\/script>\n<!-- \/ Yoast SEO Premium plugin. -->","yoast_head_json":{"title":"Anyama, une collision entre un minicar \u00ab Gbaka \u00bb et un camion poids lourd, le bilan provisoire ferait \u00e9tat de 02 morts ? - C\u00f4te d&#039;Ivoire","description":"Au dernier jour de la campagne e\u0301lectorale des e\u0301lections couple\u0301es Re\u0301gionales et Municipales, un grave accident de cir ...","robots":{"index":"index","follow":"follow","max-snippet":"max-snippet:-1","max-image-preview":"max-image-preview:large","max-video-preview":"max-video-preview:-1"},"canonical":"https:\/\/www.africa-press.net\/cotedivoire\/toutes-les-actualites\/anyama-une-collision-entre-un-minicar-gbaka-et-un-camion-poids-lourd-le-bilan-provisoire-ferait-etat-de-02-morts","og_locale":"fr_FR","og_type":"article","og_title":"Anyama, une collision entre un minicar \u00ab Gbaka \u00bb et un camion poids lourd, le bilan provisoire ferait \u00e9tat de 02 morts ?","og_description":"Au dernier jour de la campagne e\u0301lectorale des e\u0301lections couple\u0301es Re\u0301gionales et Municipales, un grave accident de cir ...","og_url":"https:\/\/www.africa-press.net\/cotedivoire\/toutes-les-actualites\/anyama-une-collision-entre-un-minicar-gbaka-et-un-camion-poids-lourd-le-bilan-provisoire-ferait-etat-de-02-morts","og_site_name":"C\u00f4te d&#039;Ivoire","article_published_time":"2023-09-01T18:07:10+00:00","article_modified_time":"2023-09-01T18:26:17+00:00","og_image":[{"width":720,"height":482,"url":"https:\/\/static.africa-press.net\/cote\/sites\/43\/2023\/09\/sm_1693580121.40622.jpg","type":"image\/jpeg"}],"author":"cfeditorfr","twitter_card":"summary_large_image","twitter_misc":{"\u00c9crit par":"cfeditorfr","Dur\u00e9e de lecture estim\u00e9e":"1 minute"},"schema":{"@context":"https:\/\/schema.org","@graph":[{"@type":"Article","@id":"https:\/\/www.africa-press.net\/cotedivoire\/toutes-les-actualites\/anyama-une-collision-entre-un-minicar-gbaka-et-un-camion-poids-lourd-le-bilan-provisoire-ferait-etat-de-02-morts#article","isPartOf":{"@id":"https:\/\/www.africa-press.net\/cotedivoire\/toutes-les-actualites\/anyama-une-collision-entre-un-minicar-gbaka-et-un-camion-poids-lourd-le-bilan-provisoire-ferait-etat-de-02-morts"},"author":{"name":"cfeditorfr","@id":"https:\/\/www.africa-press.net\/cotedivoire\/#\/schema\/person\/2b1cf3cd81a31e3cd26889ca66d677f1"},"headline":"Anyama, une collision entre un minicar \u00ab Gbaka \u00bb et un camion poids lourd, le bilan provisoire ferait \u00e9tat de 02 morts ?","datePublished":"2023-09-01T18:07:10+00:00","dateModified":"2023-09-01T18:26:17+00:00","mainEntityOfPage":{"@id":"https:\/\/www.africa-press.net\/cotedivoire\/toutes-les-actualites\/anyama-une-collision-entre-un-minicar-gbaka-et-un-camion-poids-lourd-le-bilan-provisoire-ferait-etat-de-02-morts"},"wordCount":126,"commentCount":0,"image":{"@id":"https:\/\/www.africa-press.net\/cotedivoire\/toutes-les-actualites\/anyama-une-collision-entre-un-minicar-gbaka-et-un-camion-poids-lourd-le-bilan-provisoire-ferait-etat-de-02-morts#primaryimage"},"thumbnailUrl":"https:\/\/static.africa-press.net\/cote\/sites\/43\/2023\/09\/sm_1693580121.40622.jpg","keywords":["accident","Africa Press","Africa Press-C\u00f4te d'Ivoire","Anyama","camion","circulation","C\u00d4TE D'IVOIRE","Gbaka","minicar","poids lourd"],"articleSection":["Communaut\u00e9","Toutes les actualit\u00e9s"],"inLanguage":"fr-FR","potentialAction":[{"@type":"CommentAction","name":"Comment","target":["https:\/\/www.africa-press.net\/cotedivoire\/toutes-les-actualites\/anyama-une-collision-entre-un-minicar-gbaka-et-un-camion-poids-lourd-le-bilan-provisoire-ferait-etat-de-02-morts#respond"]}]},{"@type":"WebPage","@id":"https:\/\/www.africa-press.net\/cotedivoire\/toutes-les-actualites\/anyama-une-collision-entre-un-minicar-gbaka-et-un-camion-poids-lourd-le-bilan-provisoire-ferait-etat-de-02-morts","url":"https:\/\/www.africa-press.net\/cotedivoire\/toutes-les-actualites\/anyama-une-collision-entre-un-minicar-gbaka-et-un-camion-poids-lourd-le-bilan-provisoire-ferait-etat-de-02-morts","name":"Anyama, une collision entre un minicar \u00ab Gbaka \u00bb et un camion poids lourd, le bilan provisoire ferait \u00e9tat de 02 morts ? - C\u00f4te d&#039;Ivoire","isPartOf":{"@id":"https:\/\/www.africa-press.net\/cotedivoire\/#website"},"primaryImageOfPage":{"@id":"https:\/\/www.africa-press.net\/cotedivoire\/toutes-les-actualites\/anyama-une-collision-entre-un-minicar-gbaka-et-un-camion-poids-lourd-le-bilan-provisoire-ferait-etat-de-02-morts#primaryimage"},"image":{"@id":"https:\/\/www.africa-press.net\/cotedivoire\/toutes-les-actualites\/anyama-une-collision-entre-un-minicar-gbaka-et-un-camion-poids-lourd-le-bilan-provisoire-ferait-etat-de-02-morts#primaryimage"},"thumbnailUrl":"https:\/\/static.africa-press.net\/cote\/sites\/43\/2023\/09\/sm_1693580121.40622.jpg","datePublished":"2023-09-01T18:07:10+00:00","dateModified":"2023-09-01T18:26:17+00:00","author":{"@id":"https:\/\/www.africa-press.net\/cotedivoire\/#\/schema\/person\/2b1cf3cd81a31e3cd26889ca66d677f1"},"description":"Au dernier jour de la campagne e\u0301lectorale des e\u0301lections couple\u0301es Re\u0301gionales et Municipales, un grave accident de cir ...","breadcrumb":{"@id":"https:\/\/www.africa-press.net\/cotedivoire\/toutes-les-actualites\/anyama-une-collision-entre-un-minicar-gbaka-et-un-camion-poids-lourd-le-bilan-provisoire-ferait-etat-de-02-morts#breadcrumb"},"inLanguage":"fr-FR","potentialAction":[{"@type":"ReadAction","target":["https:\/\/www.africa-press.net\/cotedivoire\/toutes-les-actualites\/anyama-une-collision-entre-un-minicar-gbaka-et-un-camion-poids-lourd-le-bilan-provisoire-ferait-etat-de-02-morts"]}]},{"@type":"ImageObject","inLanguage":"fr-FR","@id":"https:\/\/www.africa-press.net\/cotedivoire\/toutes-les-actualites\/anyama-une-collision-entre-un-minicar-gbaka-et-un-camion-poids-lourd-le-bilan-provisoire-ferait-etat-de-02-morts#primaryimage","url":"https:\/\/static.africa-press.net\/cote\/sites\/43\/2023\/09\/sm_1693580121.40622.jpg","contentUrl":"https:\/\/static.africa-press.net\/cote\/sites\/43\/2023\/09\/sm_1693580121.40622.jpg","width":720,"height":482,"caption":"Anyama, une collision entre un minicar \u00ab Gbaka \u00bb et un camion poids lourd, le bilan provisoire ferait \u00e9tat de 02 morts ?"},{"@type":"BreadcrumbList","@id":"https:\/\/www.africa-press.net\/cotedivoire\/toutes-les-actualites\/anyama-une-collision-entre-un-minicar-gbaka-et-un-camion-poids-lourd-le-bilan-provisoire-ferait-etat-de-02-morts#breadcrumb","itemListElement":[{"@type":"ListItem","position":1,"name":"Accueil","item":"https:\/\/www.africa-press.net\/cotedivoire\/"},{"@type":"ListItem","position":2,"name":"Anyama, une collision entre un minicar \u00ab Gbaka \u00bb et un camion poids lourd, le bilan provisoire ferait \u00e9tat de 02 morts ?"}]},{"@type":"WebSite","@id":"https:\/\/www.africa-press.net\/cotedivoire\/#website","url":"https:\/\/www.africa-press.net\/cotedivoire\/","name":"C\u00f4te d&#039;Ivoire","description":"Just another Africa News Agency Sites site","potentialAction":[{"@type":"SearchAction","target":{"@type":"EntryPoint","urlTemplate":"https:\/\/www.africa-press.net\/cotedivoire\/?s={search_term_string}"},"query-input":{"@type":"PropertyValueSpecification","valueRequired":true,"valueName":"search_term_string"}}],"inLanguage":"fr-FR"},{"@type":"Person","@id":"https:\/\/www.africa-press.net\/cotedivoire\/#\/schema\/person\/2b1cf3cd81a31e3cd26889ca66d677f1","name":"cfeditorfr"}]}},"_links":{"self":[{"href":"https:\/\/www.africa-press.net\/cotedivoire\/wp-json\/wp\/v2\/posts\/64292","targetHints":{"allow":["GET"]}}],"collection":[{"href":"https:\/\/www.africa-press.net\/cotedivoire\/wp-json\/wp\/v2\/posts"}],"about":[{"href":"https:\/\/www.africa-press.net\/cotedivoire\/wp-json\/wp\/v2\/types\/post"}],"author":[{"embeddable":true,"href":"https:\/\/www.africa-press.net\/cotedivoire\/wp-json\/wp\/v2\/users\/82"}],"replies":[{"embeddable":true,"href":"https:\/\/www.africa-press.net\/cotedivoire\/wp-json\/wp\/v2\/comments?post=64292"}],"version-history":[{"count":0,"href":"https:\/\/www.africa-press.net\/cotedivoire\/wp-json\/wp\/v2\/posts\/64292\/revisions"}],"wp:featuredmedia":[{"embeddable":true,"href":"https:\/\/www.africa-press.net\/cotedivoire\/wp-json\/wp\/v2\/media\/64290"}],"wp:attachment":[{"href":"https:\/\/www.africa-press.net\/cotedivoire\/wp-json\/wp\/v2\/media?parent=64292"}],"wp:term":[{"taxonomy":"category","embeddable":true,"href":"https:\/\/www.africa-press.net\/cotedivoire\/wp-json\/wp\/v2\/categories?post=64292"},{"taxonomy":"post_tag","embeddable":true,"href":"https:\/\/www.africa-press.net\/cotedivoire\/wp-json\/wp\/v2\/tags?post=64292"}],"curies":[{"name":"wp","href":"https:\/\/api.w.org\/{rel}","templated":true}]}}