{"id":64318,"date":"2023-09-01T18:13:24","date_gmt":"2023-09-01T18:13:24","guid":{"rendered":"https:\/\/www.africa-press.net\/cotedivoire\/politique\/absences-de-cisse-cheick-et-ruth-gbagbi-au-grand-prix-de-taekwondo-en-chine-accusee-la-federation-sexplique"},"modified":"2023-09-02T09:15:41","modified_gmt":"2023-09-02T09:15:41","slug":"absences-de-cisse-cheick-et-ruth-gbagbi-au-grand-prix-de-taekwondo-en-chine-accusee-la-federation-sexplique","status":"publish","type":"post","link":"https:\/\/www.africa-press.net\/cotedivoire\/sports\/absences-de-cisse-cheick-et-ruth-gbagbi-au-grand-prix-de-taekwondo-en-chine-accusee-la-federation-sexplique","title":{"rendered":"Absences de Ciss\u00e9 Cheick et Ruth Gbagbi  au Grand prix de taekwondo en Chine, accus\u00e9e la F\u00e9d\u00e9ration  s&rsquo;explique"},"content":{"rendered":"<p><span style=\"color: #ff6600\"><strong>Africa-Press &#8211; C\u00f4te d&rsquo;Ivoire. <\/strong><\/span>Cisse\u0301 Cheick et Ruth Gbagbi sont en cole\u0300re contre la Fe\u0301de\u0301ration Ivoirienne de Taekwondo (FITKD) dirige\u0301e par Jean-Marc Yace\u0301.<\/p>\n<p>Ruth Gbagbi accuse sa fe\u0301de\u0301ration \u00ab ne\u0301gligence administrative \u00bb raison pour laquelle elle ne prendra pas part ainsi que Cheick Cisse\u0301, au Grand prix de Taiyuan en Chine, en octobre prochain.<\/p>\n<p>Pour se de\u0301fendre la Fe\u0301de\u0301ration e\u0301voque des proble\u0300mes techniques. \u00ab Nous avons subi des proble\u0300mes techniques qui nous sont arrive\u0301s dans le processus d\u2019inscription. Ce n\u2019est pas sciemment qu\u2019on a refuse\u0301 de le faire\u00bb, a explique\u0301 le Secre\u0301taire Ge\u0301ne\u0301ral Niava Jean Jacques lors d\u2019une confe\u0301rence de presse.<\/p>\n<p>Pour permettre donc a\u0300 Gbagbi Ruth de rattraper son retard, la Fe\u0301de\u0301ration l\u2019a inscrite pour l\u2019open de Serbie. \u00ab Nous allons pousser pour deux autres Opens pour qu\u2019elle puisse compenser son retard. Il n\u2019y a donc pas pe\u0301ril en la demeure. Le pre\u0301sident fait tout ce qu\u2019il peut pour qu\u2019on valide les qualifications mais les choses ne sont pas facile pour la Fe\u0301de\u0301ration \u00bb.<\/p>\n<p>\u00ab Il reste 30 points a\u0300 Gbagbi Ruth pour valider sa qualification pour les JO. Si elle de\u0301croche la me\u0301daille d\u2019Or a\u0300 l\u2019Open de Paris qui s\u2019ouvre demain, elle aura 60 points. A co\u0302te\u0301 de cela, nous sommes en train de faire des mains et des pieds pour organiser le Championnat d\u2019Afrique. A ce niveau, nous sommes pre\u0302ts puisque que nous avons paye\u0301 la caution qui s\u2019e\u0301le\u0300ve a\u0300 10.000 dollars mais il reste l\u2019accompagnement financier. Cela pour vous dire que nous faisons tous pour avoir le maximum de qualification pour les JO d\u2019ici l\u2019anne\u0301e prochaine \u00bb, a poursuivi le confe\u0301rencier.<\/p>\n<p>Donatien Kautcha, Abidjan<\/p>\n<p><strong>Pour plus d&rsquo;informations et d&rsquo;analyses sur la <a href=\"https:\/\/www.africa-press.net\/cotedivoire\">C\u00f4te d&rsquo;Ivoire<\/a>, suivez <a href=\"https:\/\/www.africa-press.net\/\">Africa-Press<\/a><\/strong><\/p>\n","protected":false},"excerpt":{"rendered":"<p>Africa-Press &#8211; C\u00f4te d&rsquo;Ivoire. Cisse\u0301 Cheick et Ruth Gbagbi sont en cole\u0300re contre la Fe\u0301de\u0301ration Ivoirienne de Taekwondo (FITKD) dirige\u0301e par Jean-Marc Yace\u0301. Ruth Gbagbi accuse sa fe\u0301de\u0301ration \u00ab ne\u0301gligence administrative \u00bb raison pour laquelle elle ne prendra pas part ainsi que Cheick Cisse\u0301, au Grand prix de Taiyuan en Chine, en octobre prochain. Pour [&hellip;]<\/p>\n","protected":false},"author":82,"featured_media":64317,"comment_status":"open","ping_status":"closed","sticky":false,"template":"","format":"standard","meta":{"footnotes":""},"categories":[6,10],"tags":[56,63,10757,29,720,11076,2240,2659,11077],"class_list":["post-64318","post","type-post","status-publish","format-standard","has-post-thumbnail","hentry","category-sports","category-toutes-les-actualites","tag-africa-press","tag-africa-press-cote-divoire","tag-cisse-cheick","tag-cote-divoire","tag-federation","tag-gbagbi-ruth","tag-jean-marc-yace","tag-taekwondo","tag-taiyuan"],"yoast_head":"<!-- This site is optimized with the Yoast SEO Premium plugin v26.1 (Yoast SEO v27.0) - https:\/\/yoast.com\/product\/yoast-seo-premium-wordpress\/ -->\n<title>Absences de Ciss\u00e9 Cheick et Ruth Gbagbi au Grand prix de taekwondo en Chine, accus\u00e9e la F\u00e9d\u00e9ration s&#039;explique - C\u00f4te d&#039;Ivoire<\/title>\n<meta name=\"description\" content=\"Cisse\u0301 Cheick et Ruth Gbagbi sont en cole\u0300re contre la Fe\u0301de\u0301ration Ivoirienne de Taekwondo (FITKD) dirige\u0301e par Jean-Ma ...\" \/>\n<meta name=\"robots\" content=\"index, follow, max-snippet:-1, max-image-preview:large, max-video-preview:-1\" \/>\n<link rel=\"canonical\" href=\"https:\/\/www.africa-press.net\/cotedivoire\/sports\/absences-de-cisse-cheick-et-ruth-gbagbi-au-grand-prix-de-taekwondo-en-chine-accusee-la-federation-sexplique\" \/>\n<meta property=\"og:locale\" content=\"fr_FR\" \/>\n<meta property=\"og:type\" content=\"article\" \/>\n<meta property=\"og:title\" content=\"Absences de Ciss\u00e9 Cheick et Ruth Gbagbi au Grand prix de taekwondo en Chine, accus\u00e9e la F\u00e9d\u00e9ration s&#039;explique\" \/>\n<meta property=\"og:description\" content=\"Cisse\u0301 Cheick et Ruth Gbagbi sont en cole\u0300re contre la Fe\u0301de\u0301ration Ivoirienne de Taekwondo (FITKD) dirige\u0301e par Jean-Ma ...\" \/>\n<meta property=\"og:url\" content=\"https:\/\/www.africa-press.net\/cotedivoire\/sports\/absences-de-cisse-cheick-et-ruth-gbagbi-au-grand-prix-de-taekwondo-en-chine-accusee-la-federation-sexplique\" \/>\n<meta property=\"og:site_name\" content=\"C\u00f4te d&#039;Ivoire\" \/>\n<meta property=\"article:published_time\" content=\"2023-09-01T18:13:24+00:00\" \/>\n<meta property=\"article:modified_time\" content=\"2023-09-02T09:15:41+00:00\" \/>\n<meta property=\"og:image\" content=\"https:\/\/static.africa-press.net\/cote\/sites\/43\/2023\/09\/sm_1693582451.021552.jpg\" \/>\n\t<meta property=\"og:image:width\" content=\"720\" \/>\n\t<meta property=\"og:image:height\" content=\"469\" \/>\n\t<meta property=\"og:image:type\" content=\"image\/jpeg\" \/>\n<meta name=\"author\" content=\"cfeditorfr\" \/>\n<meta name=\"twitter:card\" content=\"summary_large_image\" \/>\n<meta name=\"twitter:label1\" content=\"\u00c9crit par\" \/>\n\t<meta name=\"twitter:data1\" content=\"cfeditorfr\" \/>\n\t<meta name=\"twitter:label2\" content=\"Dur\u00e9e de lecture estim\u00e9e\" \/>\n\t<meta name=\"twitter:data2\" content=\"2 minutes\" \/>\n<script type=\"application\/ld+json\" class=\"yoast-schema-graph\">{\"@context\":\"https:\/\/schema.org\",\"@graph\":[{\"@type\":\"Article\",\"@id\":\"https:\/\/www.africa-press.net\/cotedivoire\/sports\/absences-de-cisse-cheick-et-ruth-gbagbi-au-grand-prix-de-taekwondo-en-chine-accusee-la-federation-sexplique#article\",\"isPartOf\":{\"@id\":\"https:\/\/www.africa-press.net\/cotedivoire\/sports\/absences-de-cisse-cheick-et-ruth-gbagbi-au-grand-prix-de-taekwondo-en-chine-accusee-la-federation-sexplique\"},\"author\":{\"name\":\"cfeditorfr\",\"@id\":\"https:\/\/www.africa-press.net\/cotedivoire\/#\/schema\/person\/2b1cf3cd81a31e3cd26889ca66d677f1\"},\"headline\":\"Absences de Ciss\u00e9 Cheick et Ruth Gbagbi au Grand prix de taekwondo en Chine, accus\u00e9e la F\u00e9d\u00e9ration s&rsquo;explique\",\"datePublished\":\"2023-09-01T18:13:24+00:00\",\"dateModified\":\"2023-09-02T09:15:41+00:00\",\"mainEntityOfPage\":{\"@id\":\"https:\/\/www.africa-press.net\/cotedivoire\/sports\/absences-de-cisse-cheick-et-ruth-gbagbi-au-grand-prix-de-taekwondo-en-chine-accusee-la-federation-sexplique\"},\"wordCount\":347,\"commentCount\":0,\"image\":{\"@id\":\"https:\/\/www.africa-press.net\/cotedivoire\/sports\/absences-de-cisse-cheick-et-ruth-gbagbi-au-grand-prix-de-taekwondo-en-chine-accusee-la-federation-sexplique#primaryimage\"},\"thumbnailUrl\":\"https:\/\/static.africa-press.net\/cote\/sites\/43\/2023\/09\/sm_1693582451.021552.jpg\",\"keywords\":[\"Africa Press\",\"Africa Press-C\u00f4te d'Ivoire\",\"Ciss\u00e9 Cheick\",\"C\u00d4TE D'IVOIRE\",\"f\u00e9d\u00e9ration\",\"Gbagbi Ruth\",\"Jean-Marc Yac\u00e9\",\"Taekwondo\",\"Taiyuan\"],\"articleSection\":[\"Sports\",\"Toutes les actualit\u00e9s\"],\"inLanguage\":\"fr-FR\",\"potentialAction\":[{\"@type\":\"CommentAction\",\"name\":\"Comment\",\"target\":[\"https:\/\/www.africa-press.net\/cotedivoire\/sports\/absences-de-cisse-cheick-et-ruth-gbagbi-au-grand-prix-de-taekwondo-en-chine-accusee-la-federation-sexplique#respond\"]}]},{\"@type\":\"WebPage\",\"@id\":\"https:\/\/www.africa-press.net\/cotedivoire\/sports\/absences-de-cisse-cheick-et-ruth-gbagbi-au-grand-prix-de-taekwondo-en-chine-accusee-la-federation-sexplique\",\"url\":\"https:\/\/www.africa-press.net\/cotedivoire\/sports\/absences-de-cisse-cheick-et-ruth-gbagbi-au-grand-prix-de-taekwondo-en-chine-accusee-la-federation-sexplique\",\"name\":\"Absences de Ciss\u00e9 Cheick et Ruth Gbagbi au Grand prix de taekwondo en Chine, accus\u00e9e la F\u00e9d\u00e9ration s'explique - C\u00f4te d&#039;Ivoire\",\"isPartOf\":{\"@id\":\"https:\/\/www.africa-press.net\/cotedivoire\/#website\"},\"primaryImageOfPage\":{\"@id\":\"https:\/\/www.africa-press.net\/cotedivoire\/sports\/absences-de-cisse-cheick-et-ruth-gbagbi-au-grand-prix-de-taekwondo-en-chine-accusee-la-federation-sexplique#primaryimage\"},\"image\":{\"@id\":\"https:\/\/www.africa-press.net\/cotedivoire\/sports\/absences-de-cisse-cheick-et-ruth-gbagbi-au-grand-prix-de-taekwondo-en-chine-accusee-la-federation-sexplique#primaryimage\"},\"thumbnailUrl\":\"https:\/\/static.africa-press.net\/cote\/sites\/43\/2023\/09\/sm_1693582451.021552.jpg\",\"datePublished\":\"2023-09-01T18:13:24+00:00\",\"dateModified\":\"2023-09-02T09:15:41+00:00\",\"author\":{\"@id\":\"https:\/\/www.africa-press.net\/cotedivoire\/#\/schema\/person\/2b1cf3cd81a31e3cd26889ca66d677f1\"},\"description\":\"Cisse\u0301 Cheick et Ruth Gbagbi sont en cole\u0300re contre la Fe\u0301de\u0301ration Ivoirienne de Taekwondo (FITKD) dirige\u0301e par Jean-Ma ...\",\"breadcrumb\":{\"@id\":\"https:\/\/www.africa-press.net\/cotedivoire\/sports\/absences-de-cisse-cheick-et-ruth-gbagbi-au-grand-prix-de-taekwondo-en-chine-accusee-la-federation-sexplique#breadcrumb\"},\"inLanguage\":\"fr-FR\",\"potentialAction\":[{\"@type\":\"ReadAction\",\"target\":[\"https:\/\/www.africa-press.net\/cotedivoire\/sports\/absences-de-cisse-cheick-et-ruth-gbagbi-au-grand-prix-de-taekwondo-en-chine-accusee-la-federation-sexplique\"]}]},{\"@type\":\"ImageObject\",\"inLanguage\":\"fr-FR\",\"@id\":\"https:\/\/www.africa-press.net\/cotedivoire\/sports\/absences-de-cisse-cheick-et-ruth-gbagbi-au-grand-prix-de-taekwondo-en-chine-accusee-la-federation-sexplique#primaryimage\",\"url\":\"https:\/\/static.africa-press.net\/cote\/sites\/43\/2023\/09\/sm_1693582451.021552.jpg\",\"contentUrl\":\"https:\/\/static.africa-press.net\/cote\/sites\/43\/2023\/09\/sm_1693582451.021552.jpg\",\"width\":720,\"height\":469,\"caption\":\"Absences de Ciss\u00e9 Cheick et Ruth Gbagbi au Grand prix de taekwondo en Chine, accus\u00e9e la F\u00e9d\u00e9ration s'explique\"},{\"@type\":\"BreadcrumbList\",\"@id\":\"https:\/\/www.africa-press.net\/cotedivoire\/sports\/absences-de-cisse-cheick-et-ruth-gbagbi-au-grand-prix-de-taekwondo-en-chine-accusee-la-federation-sexplique#breadcrumb\",\"itemListElement\":[{\"@type\":\"ListItem\",\"position\":1,\"name\":\"Accueil\",\"item\":\"https:\/\/www.africa-press.net\/cotedivoire\/\"},{\"@type\":\"ListItem\",\"position\":2,\"name\":\"Absences de Ciss\u00e9 Cheick et Ruth Gbagbi au Grand prix de taekwondo en Chine, accus\u00e9e la F\u00e9d\u00e9ration s&#8217;explique\"}]},{\"@type\":\"WebSite\",\"@id\":\"https:\/\/www.africa-press.net\/cotedivoire\/#website\",\"url\":\"https:\/\/www.africa-press.net\/cotedivoire\/\",\"name\":\"C\u00f4te d&#039;Ivoire\",\"description\":\"Just another Africa News Agency Sites site\",\"potentialAction\":[{\"@type\":\"SearchAction\",\"target\":{\"@type\":\"EntryPoint\",\"urlTemplate\":\"https:\/\/www.africa-press.net\/cotedivoire\/?s={search_term_string}\"},\"query-input\":{\"@type\":\"PropertyValueSpecification\",\"valueRequired\":true,\"valueName\":\"search_term_string\"}}],\"inLanguage\":\"fr-FR\"},{\"@type\":\"Person\",\"@id\":\"https:\/\/www.africa-press.net\/cotedivoire\/#\/schema\/person\/2b1cf3cd81a31e3cd26889ca66d677f1\",\"name\":\"cfeditorfr\"}]}<\/script>\n<!-- \/ Yoast SEO Premium plugin. -->","yoast_head_json":{"title":"Absences de Ciss\u00e9 Cheick et Ruth Gbagbi au Grand prix de taekwondo en Chine, accus\u00e9e la F\u00e9d\u00e9ration s'explique - C\u00f4te d&#039;Ivoire","description":"Cisse\u0301 Cheick et Ruth Gbagbi sont en cole\u0300re contre la Fe\u0301de\u0301ration Ivoirienne de Taekwondo (FITKD) dirige\u0301e par Jean-Ma ...","robots":{"index":"index","follow":"follow","max-snippet":"max-snippet:-1","max-image-preview":"max-image-preview:large","max-video-preview":"max-video-preview:-1"},"canonical":"https:\/\/www.africa-press.net\/cotedivoire\/sports\/absences-de-cisse-cheick-et-ruth-gbagbi-au-grand-prix-de-taekwondo-en-chine-accusee-la-federation-sexplique","og_locale":"fr_FR","og_type":"article","og_title":"Absences de Ciss\u00e9 Cheick et Ruth Gbagbi au Grand prix de taekwondo en Chine, accus\u00e9e la F\u00e9d\u00e9ration s'explique","og_description":"Cisse\u0301 Cheick et Ruth Gbagbi sont en cole\u0300re contre la Fe\u0301de\u0301ration Ivoirienne de Taekwondo (FITKD) dirige\u0301e par Jean-Ma ...","og_url":"https:\/\/www.africa-press.net\/cotedivoire\/sports\/absences-de-cisse-cheick-et-ruth-gbagbi-au-grand-prix-de-taekwondo-en-chine-accusee-la-federation-sexplique","og_site_name":"C\u00f4te d&#039;Ivoire","article_published_time":"2023-09-01T18:13:24+00:00","article_modified_time":"2023-09-02T09:15:41+00:00","og_image":[{"width":720,"height":469,"url":"https:\/\/static.africa-press.net\/cote\/sites\/43\/2023\/09\/sm_1693582451.021552.jpg","type":"image\/jpeg"}],"author":"cfeditorfr","twitter_card":"summary_large_image","twitter_misc":{"\u00c9crit par":"cfeditorfr","Dur\u00e9e de lecture estim\u00e9e":"2 minutes"},"schema":{"@context":"https:\/\/schema.org","@graph":[{"@type":"Article","@id":"https:\/\/www.africa-press.net\/cotedivoire\/sports\/absences-de-cisse-cheick-et-ruth-gbagbi-au-grand-prix-de-taekwondo-en-chine-accusee-la-federation-sexplique#article","isPartOf":{"@id":"https:\/\/www.africa-press.net\/cotedivoire\/sports\/absences-de-cisse-cheick-et-ruth-gbagbi-au-grand-prix-de-taekwondo-en-chine-accusee-la-federation-sexplique"},"author":{"name":"cfeditorfr","@id":"https:\/\/www.africa-press.net\/cotedivoire\/#\/schema\/person\/2b1cf3cd81a31e3cd26889ca66d677f1"},"headline":"Absences de Ciss\u00e9 Cheick et Ruth Gbagbi au Grand prix de taekwondo en Chine, accus\u00e9e la F\u00e9d\u00e9ration s&rsquo;explique","datePublished":"2023-09-01T18:13:24+00:00","dateModified":"2023-09-02T09:15:41+00:00","mainEntityOfPage":{"@id":"https:\/\/www.africa-press.net\/cotedivoire\/sports\/absences-de-cisse-cheick-et-ruth-gbagbi-au-grand-prix-de-taekwondo-en-chine-accusee-la-federation-sexplique"},"wordCount":347,"commentCount":0,"image":{"@id":"https:\/\/www.africa-press.net\/cotedivoire\/sports\/absences-de-cisse-cheick-et-ruth-gbagbi-au-grand-prix-de-taekwondo-en-chine-accusee-la-federation-sexplique#primaryimage"},"thumbnailUrl":"https:\/\/static.africa-press.net\/cote\/sites\/43\/2023\/09\/sm_1693582451.021552.jpg","keywords":["Africa Press","Africa Press-C\u00f4te d'Ivoire","Ciss\u00e9 Cheick","C\u00d4TE D'IVOIRE","f\u00e9d\u00e9ration","Gbagbi Ruth","Jean-Marc Yac\u00e9","Taekwondo","Taiyuan"],"articleSection":["Sports","Toutes les actualit\u00e9s"],"inLanguage":"fr-FR","potentialAction":[{"@type":"CommentAction","name":"Comment","target":["https:\/\/www.africa-press.net\/cotedivoire\/sports\/absences-de-cisse-cheick-et-ruth-gbagbi-au-grand-prix-de-taekwondo-en-chine-accusee-la-federation-sexplique#respond"]}]},{"@type":"WebPage","@id":"https:\/\/www.africa-press.net\/cotedivoire\/sports\/absences-de-cisse-cheick-et-ruth-gbagbi-au-grand-prix-de-taekwondo-en-chine-accusee-la-federation-sexplique","url":"https:\/\/www.africa-press.net\/cotedivoire\/sports\/absences-de-cisse-cheick-et-ruth-gbagbi-au-grand-prix-de-taekwondo-en-chine-accusee-la-federation-sexplique","name":"Absences de Ciss\u00e9 Cheick et Ruth Gbagbi au Grand prix de taekwondo en Chine, accus\u00e9e la F\u00e9d\u00e9ration s'explique - C\u00f4te d&#039;Ivoire","isPartOf":{"@id":"https:\/\/www.africa-press.net\/cotedivoire\/#website"},"primaryImageOfPage":{"@id":"https:\/\/www.africa-press.net\/cotedivoire\/sports\/absences-de-cisse-cheick-et-ruth-gbagbi-au-grand-prix-de-taekwondo-en-chine-accusee-la-federation-sexplique#primaryimage"},"image":{"@id":"https:\/\/www.africa-press.net\/cotedivoire\/sports\/absences-de-cisse-cheick-et-ruth-gbagbi-au-grand-prix-de-taekwondo-en-chine-accusee-la-federation-sexplique#primaryimage"},"thumbnailUrl":"https:\/\/static.africa-press.net\/cote\/sites\/43\/2023\/09\/sm_1693582451.021552.jpg","datePublished":"2023-09-01T18:13:24+00:00","dateModified":"2023-09-02T09:15:41+00:00","author":{"@id":"https:\/\/www.africa-press.net\/cotedivoire\/#\/schema\/person\/2b1cf3cd81a31e3cd26889ca66d677f1"},"description":"Cisse\u0301 Cheick et Ruth Gbagbi sont en cole\u0300re contre la Fe\u0301de\u0301ration Ivoirienne de Taekwondo (FITKD) dirige\u0301e par Jean-Ma ...","breadcrumb":{"@id":"https:\/\/www.africa-press.net\/cotedivoire\/sports\/absences-de-cisse-cheick-et-ruth-gbagbi-au-grand-prix-de-taekwondo-en-chine-accusee-la-federation-sexplique#breadcrumb"},"inLanguage":"fr-FR","potentialAction":[{"@type":"ReadAction","target":["https:\/\/www.africa-press.net\/cotedivoire\/sports\/absences-de-cisse-cheick-et-ruth-gbagbi-au-grand-prix-de-taekwondo-en-chine-accusee-la-federation-sexplique"]}]},{"@type":"ImageObject","inLanguage":"fr-FR","@id":"https:\/\/www.africa-press.net\/cotedivoire\/sports\/absences-de-cisse-cheick-et-ruth-gbagbi-au-grand-prix-de-taekwondo-en-chine-accusee-la-federation-sexplique#primaryimage","url":"https:\/\/static.africa-press.net\/cote\/sites\/43\/2023\/09\/sm_1693582451.021552.jpg","contentUrl":"https:\/\/static.africa-press.net\/cote\/sites\/43\/2023\/09\/sm_1693582451.021552.jpg","width":720,"height":469,"caption":"Absences de Ciss\u00e9 Cheick et Ruth Gbagbi au Grand prix de taekwondo en Chine, accus\u00e9e la F\u00e9d\u00e9ration s'explique"},{"@type":"BreadcrumbList","@id":"https:\/\/www.africa-press.net\/cotedivoire\/sports\/absences-de-cisse-cheick-et-ruth-gbagbi-au-grand-prix-de-taekwondo-en-chine-accusee-la-federation-sexplique#breadcrumb","itemListElement":[{"@type":"ListItem","position":1,"name":"Accueil","item":"https:\/\/www.africa-press.net\/cotedivoire\/"},{"@type":"ListItem","position":2,"name":"Absences de Ciss\u00e9 Cheick et Ruth Gbagbi au Grand prix de taekwondo en Chine, accus\u00e9e la F\u00e9d\u00e9ration s&#8217;explique"}]},{"@type":"WebSite","@id":"https:\/\/www.africa-press.net\/cotedivoire\/#website","url":"https:\/\/www.africa-press.net\/cotedivoire\/","name":"C\u00f4te d&#039;Ivoire","description":"Just another Africa News Agency Sites site","potentialAction":[{"@type":"SearchAction","target":{"@type":"EntryPoint","urlTemplate":"https:\/\/www.africa-press.net\/cotedivoire\/?s={search_term_string}"},"query-input":{"@type":"PropertyValueSpecification","valueRequired":true,"valueName":"search_term_string"}}],"inLanguage":"fr-FR"},{"@type":"Person","@id":"https:\/\/www.africa-press.net\/cotedivoire\/#\/schema\/person\/2b1cf3cd81a31e3cd26889ca66d677f1","name":"cfeditorfr"}]}},"_links":{"self":[{"href":"https:\/\/www.africa-press.net\/cotedivoire\/wp-json\/wp\/v2\/posts\/64318","targetHints":{"allow":["GET"]}}],"collection":[{"href":"https:\/\/www.africa-press.net\/cotedivoire\/wp-json\/wp\/v2\/posts"}],"about":[{"href":"https:\/\/www.africa-press.net\/cotedivoire\/wp-json\/wp\/v2\/types\/post"}],"author":[{"embeddable":true,"href":"https:\/\/www.africa-press.net\/cotedivoire\/wp-json\/wp\/v2\/users\/82"}],"replies":[{"embeddable":true,"href":"https:\/\/www.africa-press.net\/cotedivoire\/wp-json\/wp\/v2\/comments?post=64318"}],"version-history":[{"count":0,"href":"https:\/\/www.africa-press.net\/cotedivoire\/wp-json\/wp\/v2\/posts\/64318\/revisions"}],"wp:featuredmedia":[{"embeddable":true,"href":"https:\/\/www.africa-press.net\/cotedivoire\/wp-json\/wp\/v2\/media\/64317"}],"wp:attachment":[{"href":"https:\/\/www.africa-press.net\/cotedivoire\/wp-json\/wp\/v2\/media?parent=64318"}],"wp:term":[{"taxonomy":"category","embeddable":true,"href":"https:\/\/www.africa-press.net\/cotedivoire\/wp-json\/wp\/v2\/categories?post=64318"},{"taxonomy":"post_tag","embeddable":true,"href":"https:\/\/www.africa-press.net\/cotedivoire\/wp-json\/wp\/v2\/tags?post=64318"}],"curies":[{"name":"wp","href":"https:\/\/api.w.org\/{rel}","templated":true}]}}