{"id":64371,"date":"2023-09-02T13:41:48","date_gmt":"2023-09-02T13:41:48","guid":{"rendered":"https:\/\/www.africa-press.net\/cotedivoire\/politique\/forte-pluie-sur-le-gbeke-incidence-sur-le-taux-de-participation-aux-municipalites-et-regionales"},"modified":"2023-09-02T14:23:59","modified_gmt":"2023-09-02T14:23:59","slug":"forte-pluie-sur-le-gbeke-incidence-sur-le-taux-de-participation-aux-municipalites-et-regionales","status":"publish","type":"post","link":"https:\/\/www.africa-press.net\/cotedivoire\/toutes-les-actualites\/forte-pluie-sur-le-gbeke-incidence-sur-le-taux-de-participation-aux-municipalites-et-regionales","title":{"rendered":"Forte pluie sur le Gb\u00eak\u00ea, incidence sur le taux de participation aux municipalit\u00e9s et r\u00e9gionales ?"},"content":{"rendered":"<p><span style=\"color: #ff6600\"><strong>Africa-Press &#8211; C\u00f4te d&rsquo;Ivoire. <\/strong><\/span>Apre\u0300s la pe\u0301riode de pre\u0301-campagne suivie de la campagne des joutes municipales et re\u0301gionales, place est faite ce samedi 02 septembre 2023 au vote proprement dit.<\/p>\n<p>Depuis pratiquement 06h du matin ce samedi 02 septembre 2023, jour de vote pour le scrutin re\u0301gional et municipal, une forte pluie s&rsquo;abat sur les diffe\u0301rentes localite\u0301s de la re\u0301gion du Gbe\u0302ke\u0302. Cette intempe\u0301rie, comme constate\u0301 dans plusieurs bureaux de vote a\u0300 Bouake\u0301, de\u0301motive, voire empe\u0302che des e\u0301lecteurs de se rendre dans leur lieu de vote pour exercer leur devoir civique.<\/p>\n<p>Face a\u0300 cette situation lie\u0301e aux ale\u0301as climatiques, le taux de participation a\u0300 cette e\u0301lection dans la re\u0301gion du Gbe\u0302ke\u0302 pourrait prendre un coup. Dans des quartiers, des personnes sous la pluie et munies de me\u0301gaphones, invitent les habitants a\u0300 sortir pour qu&rsquo;ils aillent voter.<\/p>\n<p><strong>Pour plus d&rsquo;informations et d&rsquo;analyses sur la <a href=\"https:\/\/www.africa-press.net\/cotedivoire\">C\u00f4te d&rsquo;Ivoire<\/a>, suivez <a href=\"https:\/\/www.africa-press.net\/\">Africa-Press<\/a><\/strong><\/p>\n","protected":false},"excerpt":{"rendered":"<p>Africa-Press &#8211; C\u00f4te d&rsquo;Ivoire. Apre\u0300s la pe\u0301riode de pre\u0301-campagne suivie de la campagne des joutes municipales et re\u0301gionales, place est faite ce samedi 02 septembre 2023 au vote proprement dit. Depuis pratiquement 06h du matin ce samedi 02 septembre 2023, jour de vote pour le scrutin re\u0301gional et municipal, une forte pluie s&rsquo;abat sur les [&hellip;]<\/p>\n","protected":false},"author":82,"featured_media":64369,"comment_status":"open","ping_status":"closed","sticky":false,"template":"","format":"standard","meta":{"footnotes":""},"categories":[21,10],"tags":[56,63,366,29,3558,741,1592,5509],"class_list":["post-64371","post","type-post","status-publish","format-standard","has-post-thumbnail","hentry","category-communaute","category-toutes-les-actualites","tag-africa-press","tag-africa-press-cote-divoire","tag-bouake","tag-cote-divoire","tag-election","tag-gbeke","tag-pluie","tag-vote"],"yoast_head":"<!-- This site is optimized with the Yoast SEO Premium plugin v26.1 (Yoast SEO v27.0) - https:\/\/yoast.com\/product\/yoast-seo-premium-wordpress\/ -->\n<title>Forte pluie sur le Gb\u00eak\u00ea, incidence sur le taux de participation aux municipalit\u00e9s et r\u00e9gionales ? - C\u00f4te d&#039;Ivoire<\/title>\n<meta name=\"description\" content=\"Apre\u0300s la pe\u0301riode de pre\u0301-campagne suivie de la campagne des joutes municipales et re\u0301gionales, place est faite ce same ...\" \/>\n<meta name=\"robots\" content=\"index, follow, max-snippet:-1, max-image-preview:large, max-video-preview:-1\" \/>\n<link rel=\"canonical\" href=\"https:\/\/www.africa-press.net\/cotedivoire\/toutes-les-actualites\/forte-pluie-sur-le-gbeke-incidence-sur-le-taux-de-participation-aux-municipalites-et-regionales\" \/>\n<meta property=\"og:locale\" content=\"fr_FR\" \/>\n<meta property=\"og:type\" content=\"article\" \/>\n<meta property=\"og:title\" content=\"Forte pluie sur le Gb\u00eak\u00ea, incidence sur le taux de participation aux municipalit\u00e9s et r\u00e9gionales ?\" \/>\n<meta property=\"og:description\" content=\"Apre\u0300s la pe\u0301riode de pre\u0301-campagne suivie de la campagne des joutes municipales et re\u0301gionales, place est faite ce same ...\" \/>\n<meta property=\"og:url\" content=\"https:\/\/www.africa-press.net\/cotedivoire\/toutes-les-actualites\/forte-pluie-sur-le-gbeke-incidence-sur-le-taux-de-participation-aux-municipalites-et-regionales\" \/>\n<meta property=\"og:site_name\" content=\"C\u00f4te d&#039;Ivoire\" \/>\n<meta property=\"article:published_time\" content=\"2023-09-02T13:41:48+00:00\" \/>\n<meta property=\"article:modified_time\" content=\"2023-09-02T14:23:59+00:00\" \/>\n<meta property=\"og:image\" content=\"https:\/\/static.africa-press.net\/cote\/sites\/43\/2023\/09\/sm_1693651958.704379.jpg\" \/>\n\t<meta property=\"og:image:width\" content=\"720\" \/>\n\t<meta property=\"og:image:height\" content=\"448\" \/>\n\t<meta property=\"og:image:type\" content=\"image\/jpeg\" \/>\n<meta name=\"author\" content=\"cfeditorfr\" \/>\n<meta name=\"twitter:card\" content=\"summary_large_image\" \/>\n<meta name=\"twitter:label1\" content=\"\u00c9crit par\" \/>\n\t<meta name=\"twitter:data1\" content=\"cfeditorfr\" \/>\n\t<meta name=\"twitter:label2\" content=\"Dur\u00e9e de lecture estim\u00e9e\" \/>\n\t<meta name=\"twitter:data2\" content=\"1 minute\" \/>\n<script type=\"application\/ld+json\" class=\"yoast-schema-graph\">{\"@context\":\"https:\/\/schema.org\",\"@graph\":[{\"@type\":\"Article\",\"@id\":\"https:\/\/www.africa-press.net\/cotedivoire\/toutes-les-actualites\/forte-pluie-sur-le-gbeke-incidence-sur-le-taux-de-participation-aux-municipalites-et-regionales#article\",\"isPartOf\":{\"@id\":\"https:\/\/www.africa-press.net\/cotedivoire\/toutes-les-actualites\/forte-pluie-sur-le-gbeke-incidence-sur-le-taux-de-participation-aux-municipalites-et-regionales\"},\"author\":{\"name\":\"cfeditorfr\",\"@id\":\"https:\/\/www.africa-press.net\/cotedivoire\/#\/schema\/person\/2b1cf3cd81a31e3cd26889ca66d677f1\"},\"headline\":\"Forte pluie sur le Gb\u00eak\u00ea, incidence sur le taux de participation aux municipalit\u00e9s et r\u00e9gionales ?\",\"datePublished\":\"2023-09-02T13:41:48+00:00\",\"dateModified\":\"2023-09-02T14:23:59+00:00\",\"mainEntityOfPage\":{\"@id\":\"https:\/\/www.africa-press.net\/cotedivoire\/toutes-les-actualites\/forte-pluie-sur-le-gbeke-incidence-sur-le-taux-de-participation-aux-municipalites-et-regionales\"},\"wordCount\":188,\"commentCount\":0,\"image\":{\"@id\":\"https:\/\/www.africa-press.net\/cotedivoire\/toutes-les-actualites\/forte-pluie-sur-le-gbeke-incidence-sur-le-taux-de-participation-aux-municipalites-et-regionales#primaryimage\"},\"thumbnailUrl\":\"https:\/\/static.africa-press.net\/cote\/sites\/43\/2023\/09\/sm_1693651958.704379.jpg\",\"keywords\":[\"Africa Press\",\"Africa Press-C\u00f4te d'Ivoire\",\"Bouak\u00e9\",\"C\u00d4TE D'IVOIRE\",\"\u00e9lection\",\"Gb\u00eak\u00ea\",\"pluie\",\"Vote\"],\"articleSection\":[\"Communaut\u00e9\",\"Toutes les actualit\u00e9s\"],\"inLanguage\":\"fr-FR\",\"potentialAction\":[{\"@type\":\"CommentAction\",\"name\":\"Comment\",\"target\":[\"https:\/\/www.africa-press.net\/cotedivoire\/toutes-les-actualites\/forte-pluie-sur-le-gbeke-incidence-sur-le-taux-de-participation-aux-municipalites-et-regionales#respond\"]}]},{\"@type\":\"WebPage\",\"@id\":\"https:\/\/www.africa-press.net\/cotedivoire\/toutes-les-actualites\/forte-pluie-sur-le-gbeke-incidence-sur-le-taux-de-participation-aux-municipalites-et-regionales\",\"url\":\"https:\/\/www.africa-press.net\/cotedivoire\/toutes-les-actualites\/forte-pluie-sur-le-gbeke-incidence-sur-le-taux-de-participation-aux-municipalites-et-regionales\",\"name\":\"Forte pluie sur le Gb\u00eak\u00ea, incidence sur le taux de participation aux municipalit\u00e9s et r\u00e9gionales ? - C\u00f4te d&#039;Ivoire\",\"isPartOf\":{\"@id\":\"https:\/\/www.africa-press.net\/cotedivoire\/#website\"},\"primaryImageOfPage\":{\"@id\":\"https:\/\/www.africa-press.net\/cotedivoire\/toutes-les-actualites\/forte-pluie-sur-le-gbeke-incidence-sur-le-taux-de-participation-aux-municipalites-et-regionales#primaryimage\"},\"image\":{\"@id\":\"https:\/\/www.africa-press.net\/cotedivoire\/toutes-les-actualites\/forte-pluie-sur-le-gbeke-incidence-sur-le-taux-de-participation-aux-municipalites-et-regionales#primaryimage\"},\"thumbnailUrl\":\"https:\/\/static.africa-press.net\/cote\/sites\/43\/2023\/09\/sm_1693651958.704379.jpg\",\"datePublished\":\"2023-09-02T13:41:48+00:00\",\"dateModified\":\"2023-09-02T14:23:59+00:00\",\"author\":{\"@id\":\"https:\/\/www.africa-press.net\/cotedivoire\/#\/schema\/person\/2b1cf3cd81a31e3cd26889ca66d677f1\"},\"description\":\"Apre\u0300s la pe\u0301riode de pre\u0301-campagne suivie de la campagne des joutes municipales et re\u0301gionales, place est faite ce same ...\",\"breadcrumb\":{\"@id\":\"https:\/\/www.africa-press.net\/cotedivoire\/toutes-les-actualites\/forte-pluie-sur-le-gbeke-incidence-sur-le-taux-de-participation-aux-municipalites-et-regionales#breadcrumb\"},\"inLanguage\":\"fr-FR\",\"potentialAction\":[{\"@type\":\"ReadAction\",\"target\":[\"https:\/\/www.africa-press.net\/cotedivoire\/toutes-les-actualites\/forte-pluie-sur-le-gbeke-incidence-sur-le-taux-de-participation-aux-municipalites-et-regionales\"]}]},{\"@type\":\"ImageObject\",\"inLanguage\":\"fr-FR\",\"@id\":\"https:\/\/www.africa-press.net\/cotedivoire\/toutes-les-actualites\/forte-pluie-sur-le-gbeke-incidence-sur-le-taux-de-participation-aux-municipalites-et-regionales#primaryimage\",\"url\":\"https:\/\/static.africa-press.net\/cote\/sites\/43\/2023\/09\/sm_1693651958.704379.jpg\",\"contentUrl\":\"https:\/\/static.africa-press.net\/cote\/sites\/43\/2023\/09\/sm_1693651958.704379.jpg\",\"width\":720,\"height\":448,\"caption\":\"Forte pluie sur le Gb\u00eak\u00ea, incidence sur le taux de participation aux municipalit\u00e9s et r\u00e9gionales ?\"},{\"@type\":\"BreadcrumbList\",\"@id\":\"https:\/\/www.africa-press.net\/cotedivoire\/toutes-les-actualites\/forte-pluie-sur-le-gbeke-incidence-sur-le-taux-de-participation-aux-municipalites-et-regionales#breadcrumb\",\"itemListElement\":[{\"@type\":\"ListItem\",\"position\":1,\"name\":\"Accueil\",\"item\":\"https:\/\/www.africa-press.net\/cotedivoire\/\"},{\"@type\":\"ListItem\",\"position\":2,\"name\":\"Forte pluie sur le Gb\u00eak\u00ea, incidence sur le taux de participation aux municipalit\u00e9s et r\u00e9gionales ?\"}]},{\"@type\":\"WebSite\",\"@id\":\"https:\/\/www.africa-press.net\/cotedivoire\/#website\",\"url\":\"https:\/\/www.africa-press.net\/cotedivoire\/\",\"name\":\"C\u00f4te d&#039;Ivoire\",\"description\":\"Just another Africa News Agency Sites site\",\"potentialAction\":[{\"@type\":\"SearchAction\",\"target\":{\"@type\":\"EntryPoint\",\"urlTemplate\":\"https:\/\/www.africa-press.net\/cotedivoire\/?s={search_term_string}\"},\"query-input\":{\"@type\":\"PropertyValueSpecification\",\"valueRequired\":true,\"valueName\":\"search_term_string\"}}],\"inLanguage\":\"fr-FR\"},{\"@type\":\"Person\",\"@id\":\"https:\/\/www.africa-press.net\/cotedivoire\/#\/schema\/person\/2b1cf3cd81a31e3cd26889ca66d677f1\",\"name\":\"cfeditorfr\"}]}<\/script>\n<!-- \/ Yoast SEO Premium plugin. -->","yoast_head_json":{"title":"Forte pluie sur le Gb\u00eak\u00ea, incidence sur le taux de participation aux municipalit\u00e9s et r\u00e9gionales ? - C\u00f4te d&#039;Ivoire","description":"Apre\u0300s la pe\u0301riode de pre\u0301-campagne suivie de la campagne des joutes municipales et re\u0301gionales, place est faite ce same ...","robots":{"index":"index","follow":"follow","max-snippet":"max-snippet:-1","max-image-preview":"max-image-preview:large","max-video-preview":"max-video-preview:-1"},"canonical":"https:\/\/www.africa-press.net\/cotedivoire\/toutes-les-actualites\/forte-pluie-sur-le-gbeke-incidence-sur-le-taux-de-participation-aux-municipalites-et-regionales","og_locale":"fr_FR","og_type":"article","og_title":"Forte pluie sur le Gb\u00eak\u00ea, incidence sur le taux de participation aux municipalit\u00e9s et r\u00e9gionales ?","og_description":"Apre\u0300s la pe\u0301riode de pre\u0301-campagne suivie de la campagne des joutes municipales et re\u0301gionales, place est faite ce same ...","og_url":"https:\/\/www.africa-press.net\/cotedivoire\/toutes-les-actualites\/forte-pluie-sur-le-gbeke-incidence-sur-le-taux-de-participation-aux-municipalites-et-regionales","og_site_name":"C\u00f4te d&#039;Ivoire","article_published_time":"2023-09-02T13:41:48+00:00","article_modified_time":"2023-09-02T14:23:59+00:00","og_image":[{"width":720,"height":448,"url":"https:\/\/static.africa-press.net\/cote\/sites\/43\/2023\/09\/sm_1693651958.704379.jpg","type":"image\/jpeg"}],"author":"cfeditorfr","twitter_card":"summary_large_image","twitter_misc":{"\u00c9crit par":"cfeditorfr","Dur\u00e9e de lecture estim\u00e9e":"1 minute"},"schema":{"@context":"https:\/\/schema.org","@graph":[{"@type":"Article","@id":"https:\/\/www.africa-press.net\/cotedivoire\/toutes-les-actualites\/forte-pluie-sur-le-gbeke-incidence-sur-le-taux-de-participation-aux-municipalites-et-regionales#article","isPartOf":{"@id":"https:\/\/www.africa-press.net\/cotedivoire\/toutes-les-actualites\/forte-pluie-sur-le-gbeke-incidence-sur-le-taux-de-participation-aux-municipalites-et-regionales"},"author":{"name":"cfeditorfr","@id":"https:\/\/www.africa-press.net\/cotedivoire\/#\/schema\/person\/2b1cf3cd81a31e3cd26889ca66d677f1"},"headline":"Forte pluie sur le Gb\u00eak\u00ea, incidence sur le taux de participation aux municipalit\u00e9s et r\u00e9gionales ?","datePublished":"2023-09-02T13:41:48+00:00","dateModified":"2023-09-02T14:23:59+00:00","mainEntityOfPage":{"@id":"https:\/\/www.africa-press.net\/cotedivoire\/toutes-les-actualites\/forte-pluie-sur-le-gbeke-incidence-sur-le-taux-de-participation-aux-municipalites-et-regionales"},"wordCount":188,"commentCount":0,"image":{"@id":"https:\/\/www.africa-press.net\/cotedivoire\/toutes-les-actualites\/forte-pluie-sur-le-gbeke-incidence-sur-le-taux-de-participation-aux-municipalites-et-regionales#primaryimage"},"thumbnailUrl":"https:\/\/static.africa-press.net\/cote\/sites\/43\/2023\/09\/sm_1693651958.704379.jpg","keywords":["Africa Press","Africa Press-C\u00f4te d'Ivoire","Bouak\u00e9","C\u00d4TE D'IVOIRE","\u00e9lection","Gb\u00eak\u00ea","pluie","Vote"],"articleSection":["Communaut\u00e9","Toutes les actualit\u00e9s"],"inLanguage":"fr-FR","potentialAction":[{"@type":"CommentAction","name":"Comment","target":["https:\/\/www.africa-press.net\/cotedivoire\/toutes-les-actualites\/forte-pluie-sur-le-gbeke-incidence-sur-le-taux-de-participation-aux-municipalites-et-regionales#respond"]}]},{"@type":"WebPage","@id":"https:\/\/www.africa-press.net\/cotedivoire\/toutes-les-actualites\/forte-pluie-sur-le-gbeke-incidence-sur-le-taux-de-participation-aux-municipalites-et-regionales","url":"https:\/\/www.africa-press.net\/cotedivoire\/toutes-les-actualites\/forte-pluie-sur-le-gbeke-incidence-sur-le-taux-de-participation-aux-municipalites-et-regionales","name":"Forte pluie sur le Gb\u00eak\u00ea, incidence sur le taux de participation aux municipalit\u00e9s et r\u00e9gionales ? - C\u00f4te d&#039;Ivoire","isPartOf":{"@id":"https:\/\/www.africa-press.net\/cotedivoire\/#website"},"primaryImageOfPage":{"@id":"https:\/\/www.africa-press.net\/cotedivoire\/toutes-les-actualites\/forte-pluie-sur-le-gbeke-incidence-sur-le-taux-de-participation-aux-municipalites-et-regionales#primaryimage"},"image":{"@id":"https:\/\/www.africa-press.net\/cotedivoire\/toutes-les-actualites\/forte-pluie-sur-le-gbeke-incidence-sur-le-taux-de-participation-aux-municipalites-et-regionales#primaryimage"},"thumbnailUrl":"https:\/\/static.africa-press.net\/cote\/sites\/43\/2023\/09\/sm_1693651958.704379.jpg","datePublished":"2023-09-02T13:41:48+00:00","dateModified":"2023-09-02T14:23:59+00:00","author":{"@id":"https:\/\/www.africa-press.net\/cotedivoire\/#\/schema\/person\/2b1cf3cd81a31e3cd26889ca66d677f1"},"description":"Apre\u0300s la pe\u0301riode de pre\u0301-campagne suivie de la campagne des joutes municipales et re\u0301gionales, place est faite ce same ...","breadcrumb":{"@id":"https:\/\/www.africa-press.net\/cotedivoire\/toutes-les-actualites\/forte-pluie-sur-le-gbeke-incidence-sur-le-taux-de-participation-aux-municipalites-et-regionales#breadcrumb"},"inLanguage":"fr-FR","potentialAction":[{"@type":"ReadAction","target":["https:\/\/www.africa-press.net\/cotedivoire\/toutes-les-actualites\/forte-pluie-sur-le-gbeke-incidence-sur-le-taux-de-participation-aux-municipalites-et-regionales"]}]},{"@type":"ImageObject","inLanguage":"fr-FR","@id":"https:\/\/www.africa-press.net\/cotedivoire\/toutes-les-actualites\/forte-pluie-sur-le-gbeke-incidence-sur-le-taux-de-participation-aux-municipalites-et-regionales#primaryimage","url":"https:\/\/static.africa-press.net\/cote\/sites\/43\/2023\/09\/sm_1693651958.704379.jpg","contentUrl":"https:\/\/static.africa-press.net\/cote\/sites\/43\/2023\/09\/sm_1693651958.704379.jpg","width":720,"height":448,"caption":"Forte pluie sur le Gb\u00eak\u00ea, incidence sur le taux de participation aux municipalit\u00e9s et r\u00e9gionales ?"},{"@type":"BreadcrumbList","@id":"https:\/\/www.africa-press.net\/cotedivoire\/toutes-les-actualites\/forte-pluie-sur-le-gbeke-incidence-sur-le-taux-de-participation-aux-municipalites-et-regionales#breadcrumb","itemListElement":[{"@type":"ListItem","position":1,"name":"Accueil","item":"https:\/\/www.africa-press.net\/cotedivoire\/"},{"@type":"ListItem","position":2,"name":"Forte pluie sur le Gb\u00eak\u00ea, incidence sur le taux de participation aux municipalit\u00e9s et r\u00e9gionales ?"}]},{"@type":"WebSite","@id":"https:\/\/www.africa-press.net\/cotedivoire\/#website","url":"https:\/\/www.africa-press.net\/cotedivoire\/","name":"C\u00f4te d&#039;Ivoire","description":"Just another Africa News Agency Sites site","potentialAction":[{"@type":"SearchAction","target":{"@type":"EntryPoint","urlTemplate":"https:\/\/www.africa-press.net\/cotedivoire\/?s={search_term_string}"},"query-input":{"@type":"PropertyValueSpecification","valueRequired":true,"valueName":"search_term_string"}}],"inLanguage":"fr-FR"},{"@type":"Person","@id":"https:\/\/www.africa-press.net\/cotedivoire\/#\/schema\/person\/2b1cf3cd81a31e3cd26889ca66d677f1","name":"cfeditorfr"}]}},"_links":{"self":[{"href":"https:\/\/www.africa-press.net\/cotedivoire\/wp-json\/wp\/v2\/posts\/64371","targetHints":{"allow":["GET"]}}],"collection":[{"href":"https:\/\/www.africa-press.net\/cotedivoire\/wp-json\/wp\/v2\/posts"}],"about":[{"href":"https:\/\/www.africa-press.net\/cotedivoire\/wp-json\/wp\/v2\/types\/post"}],"author":[{"embeddable":true,"href":"https:\/\/www.africa-press.net\/cotedivoire\/wp-json\/wp\/v2\/users\/82"}],"replies":[{"embeddable":true,"href":"https:\/\/www.africa-press.net\/cotedivoire\/wp-json\/wp\/v2\/comments?post=64371"}],"version-history":[{"count":0,"href":"https:\/\/www.africa-press.net\/cotedivoire\/wp-json\/wp\/v2\/posts\/64371\/revisions"}],"wp:featuredmedia":[{"embeddable":true,"href":"https:\/\/www.africa-press.net\/cotedivoire\/wp-json\/wp\/v2\/media\/64369"}],"wp:attachment":[{"href":"https:\/\/www.africa-press.net\/cotedivoire\/wp-json\/wp\/v2\/media?parent=64371"}],"wp:term":[{"taxonomy":"category","embeddable":true,"href":"https:\/\/www.africa-press.net\/cotedivoire\/wp-json\/wp\/v2\/categories?post=64371"},{"taxonomy":"post_tag","embeddable":true,"href":"https:\/\/www.africa-press.net\/cotedivoire\/wp-json\/wp\/v2\/tags?post=64371"}],"curies":[{"name":"wp","href":"https:\/\/api.w.org\/{rel}","templated":true}]}}