{"id":64423,"date":"2023-09-03T18:45:27","date_gmt":"2023-09-03T18:45:27","guid":{"rendered":"https:\/\/www.africa-press.net\/cotedivoire\/politique\/battu-par-mamadou-toure-aux-regionales-dans-le-haut-sassandra-stephane-kipre-admet-leur-defaite"},"modified":"2023-09-03T19:12:30","modified_gmt":"2023-09-03T19:12:30","slug":"battu-par-mamadou-toure-aux-regionales-dans-le-haut-sassandra-stephane-kipre-admet-leur-defaite","status":"publish","type":"post","link":"https:\/\/www.africa-press.net\/cotedivoire\/politique\/battu-par-mamadou-toure-aux-regionales-dans-le-haut-sassandra-stephane-kipre-admet-leur-defaite","title":{"rendered":"Battu par Mamadou Tour\u00e9 aux r\u00e9gionales dans le Haut-Sassandra, St\u00e9phane Kipr\u00e9 admet leur d\u00e9faite"},"content":{"rendered":"<p><span style=\"color: #ff6600\"><strong>Africa-Press &#8211; C\u00f4te d&rsquo;Ivoire. <\/strong><\/span>La liste de l&rsquo;alliance PDCI\/PPA-CI conduite par le professeur Alphonse Dje\u0301dje\u0301 Mady a e\u0301te\u0301 de\u0301faite dans le Haut-Sassandra.<\/p>\n<p>Le candidat du RHDP, parti au pouvoir a remporte\u0301 les e\u0301lections re\u0301gionales dans le Haut-Sassandra.<\/p>\n<p>Ce poste qui e\u0301tait de\u0301tenu par le PDCI passe aux mains du parti pre\u0301sidentiel.<\/p>\n<p>La de\u0301faite de la liste conduite par Dje\u0301dje\u0301 Mady a e\u0301te\u0301 reconnue ce dimanche par Ste\u0301phane Kipre\u0301, colistier de Dje\u0301dje\u0301 Mady.<\/p>\n<p>\u00ab\u00a0Les urnes ont parle\u0301 dans la re\u0301gion du Haut-Sassandra. Nous avions une mission: faire gagner notre alliance a\u0300 l\u2019e\u0301lection re\u0301gionale. Malheureusement, nos efforts n\u2019ont pas suffi. J\u2019aimerais fe\u0301liciter le candidat, la direction de campagne et les e\u0301quipes qui ont donne\u0301 le meilleur d\u2019elles-me\u0302mes. La prochaine fois sera certainement la bonne\u00a0\u00bb, a fait savoir Ste\u0301phane Kipre\u0301 via un post sur son re\u0301seau social ame\u0301ricain.<\/p>\n<p>Jean Chresus, Abidjan<\/p>\n<p><strong>Pour plus d&rsquo;informations et d&rsquo;analyses sur la <a href=\"https:\/\/www.africa-press.net\/cotedivoire\">C\u00f4te d&rsquo;Ivoire<\/a>, suivez <a href=\"https:\/\/www.africa-press.net\/\">Africa-Press<\/a><\/strong><\/p>\n","protected":false},"excerpt":{"rendered":"<p>Africa-Press &#8211; C\u00f4te d&rsquo;Ivoire. La liste de l&rsquo;alliance PDCI\/PPA-CI conduite par le professeur Alphonse Dje\u0301dje\u0301 Mady a e\u0301te\u0301 de\u0301faite dans le Haut-Sassandra. Le candidat du RHDP, parti au pouvoir a remporte\u0301 les e\u0301lections re\u0301gionales dans le Haut-Sassandra. Ce poste qui e\u0301tait de\u0301tenu par le PDCI passe aux mains du parti pre\u0301sidentiel. La de\u0301faite de la [&hellip;]<\/p>\n","protected":false},"author":82,"featured_media":64421,"comment_status":"open","ping_status":"closed","sticky":false,"template":"","format":"standard","meta":{"footnotes":""},"categories":[2,10],"tags":[56,63,29,4961,3226,1652,423,1952],"class_list":["post-64423","post","type-post","status-publish","format-standard","has-post-thumbnail","hentry","category-politique","category-toutes-les-actualites","tag-africa-press","tag-africa-press-cote-divoire","tag-cote-divoire","tag-haut-sassandra","tag-liste","tag-mamadou-toure","tag-pdci","tag-ppa-ci"],"yoast_head":"<!-- This site is optimized with the Yoast SEO Premium plugin v26.1 (Yoast SEO v27.0) - https:\/\/yoast.com\/product\/yoast-seo-premium-wordpress\/ -->\n<title>Battu par Mamadou Tour\u00e9 aux r\u00e9gionales dans le Haut-Sassandra, St\u00e9phane Kipr\u00e9 admet leur d\u00e9faite - C\u00f4te d&#039;Ivoire<\/title>\n<meta name=\"description\" content=\"La liste de l&#039;alliance PDCI\/PPA-CI conduite par le professeur Alphonse Dje\u0301dje\u0301 Mady a e\u0301te\u0301 de\u0301faite dans le Haut-Sassa ...\" \/>\n<meta name=\"robots\" content=\"index, follow, max-snippet:-1, max-image-preview:large, max-video-preview:-1\" \/>\n<link rel=\"canonical\" href=\"https:\/\/www.africa-press.net\/cotedivoire\/politique\/battu-par-mamadou-toure-aux-regionales-dans-le-haut-sassandra-stephane-kipre-admet-leur-defaite\" \/>\n<meta property=\"og:locale\" content=\"fr_FR\" \/>\n<meta property=\"og:type\" content=\"article\" \/>\n<meta property=\"og:title\" content=\"Battu par Mamadou Tour\u00e9 aux r\u00e9gionales dans le Haut-Sassandra, St\u00e9phane Kipr\u00e9 admet leur d\u00e9faite\" \/>\n<meta property=\"og:description\" content=\"La liste de l&#039;alliance PDCI\/PPA-CI conduite par le professeur Alphonse Dje\u0301dje\u0301 Mady a e\u0301te\u0301 de\u0301faite dans le Haut-Sassa ...\" \/>\n<meta property=\"og:url\" content=\"https:\/\/www.africa-press.net\/cotedivoire\/politique\/battu-par-mamadou-toure-aux-regionales-dans-le-haut-sassandra-stephane-kipre-admet-leur-defaite\" \/>\n<meta property=\"og:site_name\" content=\"C\u00f4te d&#039;Ivoire\" \/>\n<meta property=\"article:published_time\" content=\"2023-09-03T18:45:27+00:00\" \/>\n<meta property=\"article:modified_time\" content=\"2023-09-03T19:12:30+00:00\" \/>\n<meta property=\"og:image\" content=\"https:\/\/static.africa-press.net\/cote\/sites\/43\/2023\/09\/sm_1693755691.886724.jpg\" \/>\n\t<meta property=\"og:image:width\" content=\"720\" \/>\n\t<meta property=\"og:image:height\" content=\"481\" \/>\n\t<meta property=\"og:image:type\" content=\"image\/jpeg\" \/>\n<meta name=\"author\" content=\"cfeditorfr\" \/>\n<meta name=\"twitter:card\" content=\"summary_large_image\" \/>\n<meta name=\"twitter:label1\" content=\"\u00c9crit par\" \/>\n\t<meta name=\"twitter:data1\" content=\"cfeditorfr\" \/>\n\t<meta name=\"twitter:label2\" content=\"Dur\u00e9e de lecture estim\u00e9e\" \/>\n\t<meta name=\"twitter:data2\" content=\"1 minute\" \/>\n<script type=\"application\/ld+json\" class=\"yoast-schema-graph\">{\"@context\":\"https:\/\/schema.org\",\"@graph\":[{\"@type\":\"Article\",\"@id\":\"https:\/\/www.africa-press.net\/cotedivoire\/politique\/battu-par-mamadou-toure-aux-regionales-dans-le-haut-sassandra-stephane-kipre-admet-leur-defaite#article\",\"isPartOf\":{\"@id\":\"https:\/\/www.africa-press.net\/cotedivoire\/politique\/battu-par-mamadou-toure-aux-regionales-dans-le-haut-sassandra-stephane-kipre-admet-leur-defaite\"},\"author\":{\"name\":\"cfeditorfr\",\"@id\":\"https:\/\/www.africa-press.net\/cotedivoire\/#\/schema\/person\/2b1cf3cd81a31e3cd26889ca66d677f1\"},\"headline\":\"Battu par Mamadou Tour\u00e9 aux r\u00e9gionales dans le Haut-Sassandra, St\u00e9phane Kipr\u00e9 admet leur d\u00e9faite\",\"datePublished\":\"2023-09-03T18:45:27+00:00\",\"dateModified\":\"2023-09-03T19:12:30+00:00\",\"mainEntityOfPage\":{\"@id\":\"https:\/\/www.africa-press.net\/cotedivoire\/politique\/battu-par-mamadou-toure-aux-regionales-dans-le-haut-sassandra-stephane-kipre-admet-leur-defaite\"},\"wordCount\":200,\"commentCount\":0,\"image\":{\"@id\":\"https:\/\/www.africa-press.net\/cotedivoire\/politique\/battu-par-mamadou-toure-aux-regionales-dans-le-haut-sassandra-stephane-kipre-admet-leur-defaite#primaryimage\"},\"thumbnailUrl\":\"https:\/\/static.africa-press.net\/cote\/sites\/43\/2023\/09\/sm_1693755691.886724.jpg\",\"keywords\":[\"Africa Press\",\"Africa Press-C\u00f4te d'Ivoire\",\"C\u00d4TE D'IVOIRE\",\"Haut-Sassandra\",\"liste\",\"Mamadou Tour\u00e9\",\"Pdci\",\"PPA-CI\"],\"articleSection\":[\"Politique\",\"Toutes les actualit\u00e9s\"],\"inLanguage\":\"fr-FR\",\"potentialAction\":[{\"@type\":\"CommentAction\",\"name\":\"Comment\",\"target\":[\"https:\/\/www.africa-press.net\/cotedivoire\/politique\/battu-par-mamadou-toure-aux-regionales-dans-le-haut-sassandra-stephane-kipre-admet-leur-defaite#respond\"]}]},{\"@type\":\"WebPage\",\"@id\":\"https:\/\/www.africa-press.net\/cotedivoire\/politique\/battu-par-mamadou-toure-aux-regionales-dans-le-haut-sassandra-stephane-kipre-admet-leur-defaite\",\"url\":\"https:\/\/www.africa-press.net\/cotedivoire\/politique\/battu-par-mamadou-toure-aux-regionales-dans-le-haut-sassandra-stephane-kipre-admet-leur-defaite\",\"name\":\"Battu par Mamadou Tour\u00e9 aux r\u00e9gionales dans le Haut-Sassandra, St\u00e9phane Kipr\u00e9 admet leur d\u00e9faite - C\u00f4te d&#039;Ivoire\",\"isPartOf\":{\"@id\":\"https:\/\/www.africa-press.net\/cotedivoire\/#website\"},\"primaryImageOfPage\":{\"@id\":\"https:\/\/www.africa-press.net\/cotedivoire\/politique\/battu-par-mamadou-toure-aux-regionales-dans-le-haut-sassandra-stephane-kipre-admet-leur-defaite#primaryimage\"},\"image\":{\"@id\":\"https:\/\/www.africa-press.net\/cotedivoire\/politique\/battu-par-mamadou-toure-aux-regionales-dans-le-haut-sassandra-stephane-kipre-admet-leur-defaite#primaryimage\"},\"thumbnailUrl\":\"https:\/\/static.africa-press.net\/cote\/sites\/43\/2023\/09\/sm_1693755691.886724.jpg\",\"datePublished\":\"2023-09-03T18:45:27+00:00\",\"dateModified\":\"2023-09-03T19:12:30+00:00\",\"author\":{\"@id\":\"https:\/\/www.africa-press.net\/cotedivoire\/#\/schema\/person\/2b1cf3cd81a31e3cd26889ca66d677f1\"},\"description\":\"La liste de l'alliance PDCI\/PPA-CI conduite par le professeur Alphonse Dje\u0301dje\u0301 Mady a e\u0301te\u0301 de\u0301faite dans le Haut-Sassa ...\",\"breadcrumb\":{\"@id\":\"https:\/\/www.africa-press.net\/cotedivoire\/politique\/battu-par-mamadou-toure-aux-regionales-dans-le-haut-sassandra-stephane-kipre-admet-leur-defaite#breadcrumb\"},\"inLanguage\":\"fr-FR\",\"potentialAction\":[{\"@type\":\"ReadAction\",\"target\":[\"https:\/\/www.africa-press.net\/cotedivoire\/politique\/battu-par-mamadou-toure-aux-regionales-dans-le-haut-sassandra-stephane-kipre-admet-leur-defaite\"]}]},{\"@type\":\"ImageObject\",\"inLanguage\":\"fr-FR\",\"@id\":\"https:\/\/www.africa-press.net\/cotedivoire\/politique\/battu-par-mamadou-toure-aux-regionales-dans-le-haut-sassandra-stephane-kipre-admet-leur-defaite#primaryimage\",\"url\":\"https:\/\/static.africa-press.net\/cote\/sites\/43\/2023\/09\/sm_1693755691.886724.jpg\",\"contentUrl\":\"https:\/\/static.africa-press.net\/cote\/sites\/43\/2023\/09\/sm_1693755691.886724.jpg\",\"width\":720,\"height\":481,\"caption\":\"Battu par Mamadou Tour\u00e9 aux r\u00e9gionales dans le Haut-Sassandra, St\u00e9phane Kipr\u00e9 admet leur d\u00e9faite\"},{\"@type\":\"BreadcrumbList\",\"@id\":\"https:\/\/www.africa-press.net\/cotedivoire\/politique\/battu-par-mamadou-toure-aux-regionales-dans-le-haut-sassandra-stephane-kipre-admet-leur-defaite#breadcrumb\",\"itemListElement\":[{\"@type\":\"ListItem\",\"position\":1,\"name\":\"Accueil\",\"item\":\"https:\/\/www.africa-press.net\/cotedivoire\/\"},{\"@type\":\"ListItem\",\"position\":2,\"name\":\"Battu par Mamadou Tour\u00e9 aux r\u00e9gionales dans le Haut-Sassandra, St\u00e9phane Kipr\u00e9 admet leur d\u00e9faite\"}]},{\"@type\":\"WebSite\",\"@id\":\"https:\/\/www.africa-press.net\/cotedivoire\/#website\",\"url\":\"https:\/\/www.africa-press.net\/cotedivoire\/\",\"name\":\"C\u00f4te d&#039;Ivoire\",\"description\":\"Just another Africa News Agency Sites site\",\"potentialAction\":[{\"@type\":\"SearchAction\",\"target\":{\"@type\":\"EntryPoint\",\"urlTemplate\":\"https:\/\/www.africa-press.net\/cotedivoire\/?s={search_term_string}\"},\"query-input\":{\"@type\":\"PropertyValueSpecification\",\"valueRequired\":true,\"valueName\":\"search_term_string\"}}],\"inLanguage\":\"fr-FR\"},{\"@type\":\"Person\",\"@id\":\"https:\/\/www.africa-press.net\/cotedivoire\/#\/schema\/person\/2b1cf3cd81a31e3cd26889ca66d677f1\",\"name\":\"cfeditorfr\"}]}<\/script>\n<!-- \/ Yoast SEO Premium plugin. -->","yoast_head_json":{"title":"Battu par Mamadou Tour\u00e9 aux r\u00e9gionales dans le Haut-Sassandra, St\u00e9phane Kipr\u00e9 admet leur d\u00e9faite - C\u00f4te d&#039;Ivoire","description":"La liste de l'alliance PDCI\/PPA-CI conduite par le professeur Alphonse Dje\u0301dje\u0301 Mady a e\u0301te\u0301 de\u0301faite dans le Haut-Sassa ...","robots":{"index":"index","follow":"follow","max-snippet":"max-snippet:-1","max-image-preview":"max-image-preview:large","max-video-preview":"max-video-preview:-1"},"canonical":"https:\/\/www.africa-press.net\/cotedivoire\/politique\/battu-par-mamadou-toure-aux-regionales-dans-le-haut-sassandra-stephane-kipre-admet-leur-defaite","og_locale":"fr_FR","og_type":"article","og_title":"Battu par Mamadou Tour\u00e9 aux r\u00e9gionales dans le Haut-Sassandra, St\u00e9phane Kipr\u00e9 admet leur d\u00e9faite","og_description":"La liste de l'alliance PDCI\/PPA-CI conduite par le professeur Alphonse Dje\u0301dje\u0301 Mady a e\u0301te\u0301 de\u0301faite dans le Haut-Sassa ...","og_url":"https:\/\/www.africa-press.net\/cotedivoire\/politique\/battu-par-mamadou-toure-aux-regionales-dans-le-haut-sassandra-stephane-kipre-admet-leur-defaite","og_site_name":"C\u00f4te d&#039;Ivoire","article_published_time":"2023-09-03T18:45:27+00:00","article_modified_time":"2023-09-03T19:12:30+00:00","og_image":[{"width":720,"height":481,"url":"https:\/\/static.africa-press.net\/cote\/sites\/43\/2023\/09\/sm_1693755691.886724.jpg","type":"image\/jpeg"}],"author":"cfeditorfr","twitter_card":"summary_large_image","twitter_misc":{"\u00c9crit par":"cfeditorfr","Dur\u00e9e de lecture estim\u00e9e":"1 minute"},"schema":{"@context":"https:\/\/schema.org","@graph":[{"@type":"Article","@id":"https:\/\/www.africa-press.net\/cotedivoire\/politique\/battu-par-mamadou-toure-aux-regionales-dans-le-haut-sassandra-stephane-kipre-admet-leur-defaite#article","isPartOf":{"@id":"https:\/\/www.africa-press.net\/cotedivoire\/politique\/battu-par-mamadou-toure-aux-regionales-dans-le-haut-sassandra-stephane-kipre-admet-leur-defaite"},"author":{"name":"cfeditorfr","@id":"https:\/\/www.africa-press.net\/cotedivoire\/#\/schema\/person\/2b1cf3cd81a31e3cd26889ca66d677f1"},"headline":"Battu par Mamadou Tour\u00e9 aux r\u00e9gionales dans le Haut-Sassandra, St\u00e9phane Kipr\u00e9 admet leur d\u00e9faite","datePublished":"2023-09-03T18:45:27+00:00","dateModified":"2023-09-03T19:12:30+00:00","mainEntityOfPage":{"@id":"https:\/\/www.africa-press.net\/cotedivoire\/politique\/battu-par-mamadou-toure-aux-regionales-dans-le-haut-sassandra-stephane-kipre-admet-leur-defaite"},"wordCount":200,"commentCount":0,"image":{"@id":"https:\/\/www.africa-press.net\/cotedivoire\/politique\/battu-par-mamadou-toure-aux-regionales-dans-le-haut-sassandra-stephane-kipre-admet-leur-defaite#primaryimage"},"thumbnailUrl":"https:\/\/static.africa-press.net\/cote\/sites\/43\/2023\/09\/sm_1693755691.886724.jpg","keywords":["Africa Press","Africa Press-C\u00f4te d'Ivoire","C\u00d4TE D'IVOIRE","Haut-Sassandra","liste","Mamadou Tour\u00e9","Pdci","PPA-CI"],"articleSection":["Politique","Toutes les actualit\u00e9s"],"inLanguage":"fr-FR","potentialAction":[{"@type":"CommentAction","name":"Comment","target":["https:\/\/www.africa-press.net\/cotedivoire\/politique\/battu-par-mamadou-toure-aux-regionales-dans-le-haut-sassandra-stephane-kipre-admet-leur-defaite#respond"]}]},{"@type":"WebPage","@id":"https:\/\/www.africa-press.net\/cotedivoire\/politique\/battu-par-mamadou-toure-aux-regionales-dans-le-haut-sassandra-stephane-kipre-admet-leur-defaite","url":"https:\/\/www.africa-press.net\/cotedivoire\/politique\/battu-par-mamadou-toure-aux-regionales-dans-le-haut-sassandra-stephane-kipre-admet-leur-defaite","name":"Battu par Mamadou Tour\u00e9 aux r\u00e9gionales dans le Haut-Sassandra, St\u00e9phane Kipr\u00e9 admet leur d\u00e9faite - C\u00f4te d&#039;Ivoire","isPartOf":{"@id":"https:\/\/www.africa-press.net\/cotedivoire\/#website"},"primaryImageOfPage":{"@id":"https:\/\/www.africa-press.net\/cotedivoire\/politique\/battu-par-mamadou-toure-aux-regionales-dans-le-haut-sassandra-stephane-kipre-admet-leur-defaite#primaryimage"},"image":{"@id":"https:\/\/www.africa-press.net\/cotedivoire\/politique\/battu-par-mamadou-toure-aux-regionales-dans-le-haut-sassandra-stephane-kipre-admet-leur-defaite#primaryimage"},"thumbnailUrl":"https:\/\/static.africa-press.net\/cote\/sites\/43\/2023\/09\/sm_1693755691.886724.jpg","datePublished":"2023-09-03T18:45:27+00:00","dateModified":"2023-09-03T19:12:30+00:00","author":{"@id":"https:\/\/www.africa-press.net\/cotedivoire\/#\/schema\/person\/2b1cf3cd81a31e3cd26889ca66d677f1"},"description":"La liste de l'alliance PDCI\/PPA-CI conduite par le professeur Alphonse Dje\u0301dje\u0301 Mady a e\u0301te\u0301 de\u0301faite dans le Haut-Sassa ...","breadcrumb":{"@id":"https:\/\/www.africa-press.net\/cotedivoire\/politique\/battu-par-mamadou-toure-aux-regionales-dans-le-haut-sassandra-stephane-kipre-admet-leur-defaite#breadcrumb"},"inLanguage":"fr-FR","potentialAction":[{"@type":"ReadAction","target":["https:\/\/www.africa-press.net\/cotedivoire\/politique\/battu-par-mamadou-toure-aux-regionales-dans-le-haut-sassandra-stephane-kipre-admet-leur-defaite"]}]},{"@type":"ImageObject","inLanguage":"fr-FR","@id":"https:\/\/www.africa-press.net\/cotedivoire\/politique\/battu-par-mamadou-toure-aux-regionales-dans-le-haut-sassandra-stephane-kipre-admet-leur-defaite#primaryimage","url":"https:\/\/static.africa-press.net\/cote\/sites\/43\/2023\/09\/sm_1693755691.886724.jpg","contentUrl":"https:\/\/static.africa-press.net\/cote\/sites\/43\/2023\/09\/sm_1693755691.886724.jpg","width":720,"height":481,"caption":"Battu par Mamadou Tour\u00e9 aux r\u00e9gionales dans le Haut-Sassandra, St\u00e9phane Kipr\u00e9 admet leur d\u00e9faite"},{"@type":"BreadcrumbList","@id":"https:\/\/www.africa-press.net\/cotedivoire\/politique\/battu-par-mamadou-toure-aux-regionales-dans-le-haut-sassandra-stephane-kipre-admet-leur-defaite#breadcrumb","itemListElement":[{"@type":"ListItem","position":1,"name":"Accueil","item":"https:\/\/www.africa-press.net\/cotedivoire\/"},{"@type":"ListItem","position":2,"name":"Battu par Mamadou Tour\u00e9 aux r\u00e9gionales dans le Haut-Sassandra, St\u00e9phane Kipr\u00e9 admet leur d\u00e9faite"}]},{"@type":"WebSite","@id":"https:\/\/www.africa-press.net\/cotedivoire\/#website","url":"https:\/\/www.africa-press.net\/cotedivoire\/","name":"C\u00f4te d&#039;Ivoire","description":"Just another Africa News Agency Sites site","potentialAction":[{"@type":"SearchAction","target":{"@type":"EntryPoint","urlTemplate":"https:\/\/www.africa-press.net\/cotedivoire\/?s={search_term_string}"},"query-input":{"@type":"PropertyValueSpecification","valueRequired":true,"valueName":"search_term_string"}}],"inLanguage":"fr-FR"},{"@type":"Person","@id":"https:\/\/www.africa-press.net\/cotedivoire\/#\/schema\/person\/2b1cf3cd81a31e3cd26889ca66d677f1","name":"cfeditorfr"}]}},"_links":{"self":[{"href":"https:\/\/www.africa-press.net\/cotedivoire\/wp-json\/wp\/v2\/posts\/64423","targetHints":{"allow":["GET"]}}],"collection":[{"href":"https:\/\/www.africa-press.net\/cotedivoire\/wp-json\/wp\/v2\/posts"}],"about":[{"href":"https:\/\/www.africa-press.net\/cotedivoire\/wp-json\/wp\/v2\/types\/post"}],"author":[{"embeddable":true,"href":"https:\/\/www.africa-press.net\/cotedivoire\/wp-json\/wp\/v2\/users\/82"}],"replies":[{"embeddable":true,"href":"https:\/\/www.africa-press.net\/cotedivoire\/wp-json\/wp\/v2\/comments?post=64423"}],"version-history":[{"count":0,"href":"https:\/\/www.africa-press.net\/cotedivoire\/wp-json\/wp\/v2\/posts\/64423\/revisions"}],"wp:featuredmedia":[{"embeddable":true,"href":"https:\/\/www.africa-press.net\/cotedivoire\/wp-json\/wp\/v2\/media\/64421"}],"wp:attachment":[{"href":"https:\/\/www.africa-press.net\/cotedivoire\/wp-json\/wp\/v2\/media?parent=64423"}],"wp:term":[{"taxonomy":"category","embeddable":true,"href":"https:\/\/www.africa-press.net\/cotedivoire\/wp-json\/wp\/v2\/categories?post=64423"},{"taxonomy":"post_tag","embeddable":true,"href":"https:\/\/www.africa-press.net\/cotedivoire\/wp-json\/wp\/v2\/tags?post=64423"}],"curies":[{"name":"wp","href":"https:\/\/api.w.org\/{rel}","templated":true}]}}