{"id":64557,"date":"2023-09-05T13:49:25","date_gmt":"2023-09-05T13:49:25","guid":{"rendered":"https:\/\/www.africa-press.net\/cotedivoire\/politique\/regionales-dans-le-cavally-et-municipales-a-guiglo-hubert-oulaye-les-resultats-proclames-par-la-cei-ne-sont-pas-vrais"},"modified":"2023-09-05T14:58:28","modified_gmt":"2023-09-05T14:58:28","slug":"regionales-dans-le-cavally-et-municipales-a-guiglo-hubert-oulaye-les-resultats-proclames-par-la-cei-ne-sont-pas-vrais","status":"publish","type":"post","link":"https:\/\/www.africa-press.net\/cotedivoire\/politique\/regionales-dans-le-cavally-et-municipales-a-guiglo-hubert-oulaye-les-resultats-proclames-par-la-cei-ne-sont-pas-vrais","title":{"rendered":"R\u00e9gionales dans le Cavally et Municipales \u00e0 Guiglo, Hubert Oulaye : \u00ab Les r\u00e9sultats proclam\u00e9s par la CEI ne sont pas vrais \u00bb"},"content":{"rendered":"<p><span style=\"color: #ff6600\"><strong>Africa-Press &#8211; C\u00f4te d&rsquo;Ivoire. <\/strong><\/span>Apre\u0300s la proclamation provisoire des re\u0301sultats des e\u0301lections Re\u0301gionales et Municipales du samedi 2 septembre 2023, par la Commission Electorale Inde\u0301pendante (CEI), des candidats de\u0301clare\u0301s perdants contestent lesdits re\u0301sultats.<\/p>\n<p>Apre\u0300s Yopougon ou\u0300 Michel Gbagbo du PPA-CI et Dia Houphoue\u0308t du PDCI rejettent la victoire d\u2019Adama Bictogo du RHDP, ce sont les candidats de l\u2019opposition dans le Cavally qui vont faire des re\u0301clamations.<\/p>\n<p>Le candidat PPA-CI\/PDCI a\u0300 la mairie de Guiglo, Je\u0301sus Sihe\u0301, Hubert Oulaye le postulant a\u0300 la pre\u0301sidence du conseil re\u0301gional du Cavally les re\u0301sultats proclame\u0301s ne sont pas conformes a\u0300 la ve\u0301rite\u0301 des urnes.<\/p>\n<p>\u00ab Les re\u0301sultats proclame\u0301s par la CEI ne sont pas vrais \u00bb, a martele\u0301 l\u2019ancien Ministre de la Fonction Publique, lors d\u2019une confe\u0301rence de presse a\u0300 Guiglo.<\/p>\n<p>\u00abCes deux victoires ont e\u0301te\u0301 obtenues a\u0300 la suite d\u2019une fraude massive, tant au conseil re\u0301gional, qu\u2019au niveau de la commune. Il ne s\u2019agit donc pas de victoire, mais comme nous l\u2019avons observe\u0301 depuis si longtemps, d\u2019un vol e\u0301lectoral \u00bb, a clame\u0301 le pre\u0301sident exe\u0301cutif du PPA-CI, soutenant que leurs victoires (ndlr: Je\u0301sus Sihe\u0301 et lui), leur ont e\u0301te\u0301 vole\u0301es par une fraude massive, planifie\u0301e depuis au moins deux anne\u0301es. Et pour cause, a-t-il argue\u0301, cette fraude a e\u0301te\u0301 possible, d\u2019abord par la modification de la configuration de la population e\u0301lectorale dans les quatre de\u0301partements du Cavally, Guiglo, Tai\u0308, Toulepleu et Blole\u0301quin. Avant de faire remarquer que cette modification a porte\u0301 sur l\u2019ensemble des populations, l\u2019accent ayant e\u0301te\u0301 mis pour ce qui concerne le de\u0301partement de Guiglo, sur la commune.<\/p>\n<p>Pour lui, il y a eu l\u2019inscription d\u2019un grand nombre de personnes e\u0301trange\u0300res sur le fichier e\u0301lectoral national, n\u2019ayant pas le droit de voter. Et ce, par l\u2019utilisation de noms d\u2019autochtones et de pie\u0300ces d\u2019identite\u0301 falsifie\u0301es, d\u2019une part, et d\u2019autre part, a\u0300 travers la transhumance massive sur l\u2019ensemble de la re\u0301gion. Ce qui a fait passer, aujourd\u2019hui, de 110.269 e\u0301lecteurs en 2021 a\u0300 124.666, soit un ajout de 14.397, en deux ans. Alors que de\u0301ja\u0300 en 2021, la population e\u0301trange\u0300re inte\u0301gre\u0301e a\u0300 la liste e\u0301lectorale nationale e\u0301tait existante, sauf qu\u2019elle n\u2019a pas e\u0301te\u0301 active dans le processus e\u0301lectoral. Mais que pour ces e\u0301lections locales-ci, ces personnes en situation dormante sur la liste e\u0301lectorale nationale ont e\u0301te\u0301 re\u0301veille\u0301es et mobilise\u0301es pour participer et modifier le re\u0301sultat des e\u0301lections.<\/p>\n<p>\u00abEt donc la victoire que pre\u0301tendent avoir obtenue nos adversaires du RHDP est fonde\u0301e sur l\u2019activation de cette population indue sur nos listes e\u0301lectorales \u00bb, a martele\u0301 Hubert Oulaye, qui dit de\u0301tenir des preuves de ses alle\u0301gations, citant, entre autres, l\u2019exemple du village de Be\u0301oua, dans la sous-pre\u0301fecture de Kaade\u0301 (Guiglo), ou\u0300 dans le lieu de vote de l\u2019e\u0301cole primaire publique de 12 classes, jusqu\u2019a\u0300 78 instituteurs inconnus des villageois, venus d\u2019ailleurs, s\u2019y sont inscrits pour prendre part au vote. Tout en relevant aussi des proce\u0300s-verbaux sans stickers, notamment dans le de\u0301partement de Guiglo, ou\u0300 sur 284 rec\u0327us, seulement 75 en comportaient, d\u2019ou\u0300 quelque 209 PV non valides.<\/p>\n<p>Selon les re\u0301sultats proclame\u0301s par la CEI, le candidate du Rassemblement des Houphoue\u0308tistes pour la de\u0301mocratie et la paix (RHDP) aux e\u0301lections re\u0301gionales, Anne De\u0301sire\u0301e Ouloto, est de\u0301clare\u0301e vainqueur des e\u0301lections Re\u0301gionales dans le Cavally avec 56,69 % des voix, contre 41,98 %, pour le candidat de la coalition du Parti des peuples africains-Co\u0302te d\u2019Ivoire (PPA-CI) et du Parti de\u0301mocratique de Co\u0302te d\u2019Ivoire (PDCI), Hubert Oulaye. Le de\u0301clare\u0301 vaincu annonce qu\u2019il va faire une re\u0301clamation aupre\u0300s du Conseil d\u2019Etat.<\/p>\n<p><strong>Pour plus d&rsquo;informations et d&rsquo;analyses sur la <a href=\"https:\/\/www.africa-press.net\/cotedivoire\">C\u00f4te d&rsquo;Ivoire<\/a>, suivez <a href=\"https:\/\/www.africa-press.net\/\">Africa-Press<\/a><\/strong><\/p>\n","protected":false},"excerpt":{"rendered":"<p>Africa-Press &#8211; C\u00f4te d&rsquo;Ivoire. Apre\u0300s la proclamation provisoire des re\u0301sultats des e\u0301lections Re\u0301gionales et Municipales du samedi 2 septembre 2023, par la Commission Electorale Inde\u0301pendante (CEI), des candidats de\u0301clare\u0301s perdants contestent lesdits re\u0301sultats. Apre\u0300s Yopougon ou\u0300 Michel Gbagbo du PPA-CI et Dia Houphoue\u0308t du PDCI rejettent la victoire d\u2019Adama Bictogo du RHDP, ce sont les [&hellip;]<\/p>\n","protected":false},"author":82,"featured_media":64555,"comment_status":"open","ping_status":"closed","sticky":false,"template":"","format":"standard","meta":{"footnotes":""},"categories":[2,10],"tags":[56,63,1687,1229,382,1316,29,2097,1952,3655,901],"class_list":["post-64557","post","type-post","status-publish","format-standard","has-post-thumbnail","hentry","category-politique","category-toutes-les-actualites","tag-africa-press","tag-africa-press-cote-divoire","tag-anne-ouloto","tag-candidats","tag-cavally","tag-cei","tag-cote-divoire","tag-hubert-oulaye","tag-ppa-ci","tag-regionales","tag-resultats"],"yoast_head":"<!-- This site is optimized with the Yoast SEO Premium plugin v26.1 (Yoast SEO v27.0) - https:\/\/yoast.com\/product\/yoast-seo-premium-wordpress\/ -->\n<title>R\u00e9gionales dans le Cavally et Municipales \u00e0 Guiglo, Hubert Oulaye : \u00ab Les r\u00e9sultats proclam\u00e9s par la CEI ne sont pas vrais \u00bb - C\u00f4te d&#039;Ivoire<\/title>\n<meta name=\"description\" content=\"Apre\u0300s la proclamation provisoire des re\u0301sultats des e\u0301lections Re\u0301gionales et Municipales du samedi 2 septembre 2023, p ...\" \/>\n<meta name=\"robots\" content=\"index, follow, max-snippet:-1, max-image-preview:large, max-video-preview:-1\" \/>\n<link rel=\"canonical\" href=\"https:\/\/www.africa-press.net\/cotedivoire\/politique\/regionales-dans-le-cavally-et-municipales-a-guiglo-hubert-oulaye-les-resultats-proclames-par-la-cei-ne-sont-pas-vrais\" \/>\n<meta property=\"og:locale\" content=\"fr_FR\" \/>\n<meta property=\"og:type\" content=\"article\" \/>\n<meta property=\"og:title\" content=\"R\u00e9gionales dans le Cavally et Municipales \u00e0 Guiglo, Hubert Oulaye : \u00ab Les r\u00e9sultats proclam\u00e9s par la CEI ne sont pas vrais \u00bb\" \/>\n<meta property=\"og:description\" content=\"Apre\u0300s la proclamation provisoire des re\u0301sultats des e\u0301lections Re\u0301gionales et Municipales du samedi 2 septembre 2023, p ...\" \/>\n<meta property=\"og:url\" content=\"https:\/\/www.africa-press.net\/cotedivoire\/politique\/regionales-dans-le-cavally-et-municipales-a-guiglo-hubert-oulaye-les-resultats-proclames-par-la-cei-ne-sont-pas-vrais\" \/>\n<meta property=\"og:site_name\" content=\"C\u00f4te d&#039;Ivoire\" \/>\n<meta property=\"article:published_time\" content=\"2023-09-05T13:49:25+00:00\" \/>\n<meta property=\"article:modified_time\" content=\"2023-09-05T14:58:28+00:00\" \/>\n<meta property=\"og:image\" content=\"https:\/\/static.africa-press.net\/cote\/sites\/43\/2023\/09\/sm_1693913247.313728.jpg\" \/>\n\t<meta property=\"og:image:width\" content=\"720\" \/>\n\t<meta property=\"og:image:height\" content=\"408\" \/>\n\t<meta property=\"og:image:type\" content=\"image\/jpeg\" \/>\n<meta name=\"author\" content=\"cfeditorfr\" \/>\n<meta name=\"twitter:card\" content=\"summary_large_image\" \/>\n<meta name=\"twitter:label1\" content=\"\u00c9crit par\" \/>\n\t<meta name=\"twitter:data1\" content=\"cfeditorfr\" \/>\n\t<meta name=\"twitter:label2\" content=\"Dur\u00e9e de lecture estim\u00e9e\" \/>\n\t<meta name=\"twitter:data2\" content=\"3 minutes\" \/>\n<script type=\"application\/ld+json\" class=\"yoast-schema-graph\">{\"@context\":\"https:\/\/schema.org\",\"@graph\":[{\"@type\":\"Article\",\"@id\":\"https:\/\/www.africa-press.net\/cotedivoire\/politique\/regionales-dans-le-cavally-et-municipales-a-guiglo-hubert-oulaye-les-resultats-proclames-par-la-cei-ne-sont-pas-vrais#article\",\"isPartOf\":{\"@id\":\"https:\/\/www.africa-press.net\/cotedivoire\/politique\/regionales-dans-le-cavally-et-municipales-a-guiglo-hubert-oulaye-les-resultats-proclames-par-la-cei-ne-sont-pas-vrais\"},\"author\":{\"name\":\"cfeditorfr\",\"@id\":\"https:\/\/www.africa-press.net\/cotedivoire\/#\/schema\/person\/2b1cf3cd81a31e3cd26889ca66d677f1\"},\"headline\":\"R\u00e9gionales dans le Cavally et Municipales \u00e0 Guiglo, Hubert Oulaye : \u00ab Les r\u00e9sultats proclam\u00e9s par la CEI ne sont pas vrais \u00bb\",\"datePublished\":\"2023-09-05T13:49:25+00:00\",\"dateModified\":\"2023-09-05T14:58:28+00:00\",\"mainEntityOfPage\":{\"@id\":\"https:\/\/www.africa-press.net\/cotedivoire\/politique\/regionales-dans-le-cavally-et-municipales-a-guiglo-hubert-oulaye-les-resultats-proclames-par-la-cei-ne-sont-pas-vrais\"},\"wordCount\":715,\"commentCount\":0,\"image\":{\"@id\":\"https:\/\/www.africa-press.net\/cotedivoire\/politique\/regionales-dans-le-cavally-et-municipales-a-guiglo-hubert-oulaye-les-resultats-proclames-par-la-cei-ne-sont-pas-vrais#primaryimage\"},\"thumbnailUrl\":\"https:\/\/static.africa-press.net\/cote\/sites\/43\/2023\/09\/sm_1693913247.313728.jpg\",\"keywords\":[\"Africa Press\",\"Africa Press-C\u00f4te d'Ivoire\",\"Anne Ouloto\",\"candidats\",\"Cavally\",\"Cei\",\"C\u00d4TE D'IVOIRE\",\"Hubert Oulaye\",\"PPA-CI\",\"r\u00e9gionales\",\"r\u00e9sultats\"],\"articleSection\":[\"Politique\",\"Toutes les actualit\u00e9s\"],\"inLanguage\":\"fr-FR\",\"potentialAction\":[{\"@type\":\"CommentAction\",\"name\":\"Comment\",\"target\":[\"https:\/\/www.africa-press.net\/cotedivoire\/politique\/regionales-dans-le-cavally-et-municipales-a-guiglo-hubert-oulaye-les-resultats-proclames-par-la-cei-ne-sont-pas-vrais#respond\"]}]},{\"@type\":\"WebPage\",\"@id\":\"https:\/\/www.africa-press.net\/cotedivoire\/politique\/regionales-dans-le-cavally-et-municipales-a-guiglo-hubert-oulaye-les-resultats-proclames-par-la-cei-ne-sont-pas-vrais\",\"url\":\"https:\/\/www.africa-press.net\/cotedivoire\/politique\/regionales-dans-le-cavally-et-municipales-a-guiglo-hubert-oulaye-les-resultats-proclames-par-la-cei-ne-sont-pas-vrais\",\"name\":\"R\u00e9gionales dans le Cavally et Municipales \u00e0 Guiglo, Hubert Oulaye : \u00ab Les r\u00e9sultats proclam\u00e9s par la CEI ne sont pas vrais \u00bb - C\u00f4te d&#039;Ivoire\",\"isPartOf\":{\"@id\":\"https:\/\/www.africa-press.net\/cotedivoire\/#website\"},\"primaryImageOfPage\":{\"@id\":\"https:\/\/www.africa-press.net\/cotedivoire\/politique\/regionales-dans-le-cavally-et-municipales-a-guiglo-hubert-oulaye-les-resultats-proclames-par-la-cei-ne-sont-pas-vrais#primaryimage\"},\"image\":{\"@id\":\"https:\/\/www.africa-press.net\/cotedivoire\/politique\/regionales-dans-le-cavally-et-municipales-a-guiglo-hubert-oulaye-les-resultats-proclames-par-la-cei-ne-sont-pas-vrais#primaryimage\"},\"thumbnailUrl\":\"https:\/\/static.africa-press.net\/cote\/sites\/43\/2023\/09\/sm_1693913247.313728.jpg\",\"datePublished\":\"2023-09-05T13:49:25+00:00\",\"dateModified\":\"2023-09-05T14:58:28+00:00\",\"author\":{\"@id\":\"https:\/\/www.africa-press.net\/cotedivoire\/#\/schema\/person\/2b1cf3cd81a31e3cd26889ca66d677f1\"},\"description\":\"Apre\u0300s la proclamation provisoire des re\u0301sultats des e\u0301lections Re\u0301gionales et Municipales du samedi 2 septembre 2023, p ...\",\"breadcrumb\":{\"@id\":\"https:\/\/www.africa-press.net\/cotedivoire\/politique\/regionales-dans-le-cavally-et-municipales-a-guiglo-hubert-oulaye-les-resultats-proclames-par-la-cei-ne-sont-pas-vrais#breadcrumb\"},\"inLanguage\":\"fr-FR\",\"potentialAction\":[{\"@type\":\"ReadAction\",\"target\":[\"https:\/\/www.africa-press.net\/cotedivoire\/politique\/regionales-dans-le-cavally-et-municipales-a-guiglo-hubert-oulaye-les-resultats-proclames-par-la-cei-ne-sont-pas-vrais\"]}]},{\"@type\":\"ImageObject\",\"inLanguage\":\"fr-FR\",\"@id\":\"https:\/\/www.africa-press.net\/cotedivoire\/politique\/regionales-dans-le-cavally-et-municipales-a-guiglo-hubert-oulaye-les-resultats-proclames-par-la-cei-ne-sont-pas-vrais#primaryimage\",\"url\":\"https:\/\/static.africa-press.net\/cote\/sites\/43\/2023\/09\/sm_1693913247.313728.jpg\",\"contentUrl\":\"https:\/\/static.africa-press.net\/cote\/sites\/43\/2023\/09\/sm_1693913247.313728.jpg\",\"width\":720,\"height\":408,\"caption\":\"R\u00e9gionales dans le Cavally et Municipales \u00e0 Guiglo, Hubert Oulaye : \u00ab Les r\u00e9sultats proclam\u00e9s par la CEI ne sont pas vrais \u00bb\"},{\"@type\":\"BreadcrumbList\",\"@id\":\"https:\/\/www.africa-press.net\/cotedivoire\/politique\/regionales-dans-le-cavally-et-municipales-a-guiglo-hubert-oulaye-les-resultats-proclames-par-la-cei-ne-sont-pas-vrais#breadcrumb\",\"itemListElement\":[{\"@type\":\"ListItem\",\"position\":1,\"name\":\"Accueil\",\"item\":\"https:\/\/www.africa-press.net\/cotedivoire\/\"},{\"@type\":\"ListItem\",\"position\":2,\"name\":\"R\u00e9gionales dans le Cavally et Municipales \u00e0 Guiglo, Hubert Oulaye : \u00ab Les r\u00e9sultats proclam\u00e9s par la CEI ne sont pas vrais \u00bb\"}]},{\"@type\":\"WebSite\",\"@id\":\"https:\/\/www.africa-press.net\/cotedivoire\/#website\",\"url\":\"https:\/\/www.africa-press.net\/cotedivoire\/\",\"name\":\"C\u00f4te d&#039;Ivoire\",\"description\":\"Just another Africa News Agency Sites site\",\"potentialAction\":[{\"@type\":\"SearchAction\",\"target\":{\"@type\":\"EntryPoint\",\"urlTemplate\":\"https:\/\/www.africa-press.net\/cotedivoire\/?s={search_term_string}\"},\"query-input\":{\"@type\":\"PropertyValueSpecification\",\"valueRequired\":true,\"valueName\":\"search_term_string\"}}],\"inLanguage\":\"fr-FR\"},{\"@type\":\"Person\",\"@id\":\"https:\/\/www.africa-press.net\/cotedivoire\/#\/schema\/person\/2b1cf3cd81a31e3cd26889ca66d677f1\",\"name\":\"cfeditorfr\"}]}<\/script>\n<!-- \/ Yoast SEO Premium plugin. -->","yoast_head_json":{"title":"R\u00e9gionales dans le Cavally et Municipales \u00e0 Guiglo, Hubert Oulaye : \u00ab Les r\u00e9sultats proclam\u00e9s par la CEI ne sont pas vrais \u00bb - C\u00f4te d&#039;Ivoire","description":"Apre\u0300s la proclamation provisoire des re\u0301sultats des e\u0301lections Re\u0301gionales et Municipales du samedi 2 septembre 2023, p ...","robots":{"index":"index","follow":"follow","max-snippet":"max-snippet:-1","max-image-preview":"max-image-preview:large","max-video-preview":"max-video-preview:-1"},"canonical":"https:\/\/www.africa-press.net\/cotedivoire\/politique\/regionales-dans-le-cavally-et-municipales-a-guiglo-hubert-oulaye-les-resultats-proclames-par-la-cei-ne-sont-pas-vrais","og_locale":"fr_FR","og_type":"article","og_title":"R\u00e9gionales dans le Cavally et Municipales \u00e0 Guiglo, Hubert Oulaye : \u00ab Les r\u00e9sultats proclam\u00e9s par la CEI ne sont pas vrais \u00bb","og_description":"Apre\u0300s la proclamation provisoire des re\u0301sultats des e\u0301lections Re\u0301gionales et Municipales du samedi 2 septembre 2023, p ...","og_url":"https:\/\/www.africa-press.net\/cotedivoire\/politique\/regionales-dans-le-cavally-et-municipales-a-guiglo-hubert-oulaye-les-resultats-proclames-par-la-cei-ne-sont-pas-vrais","og_site_name":"C\u00f4te d&#039;Ivoire","article_published_time":"2023-09-05T13:49:25+00:00","article_modified_time":"2023-09-05T14:58:28+00:00","og_image":[{"width":720,"height":408,"url":"https:\/\/static.africa-press.net\/cote\/sites\/43\/2023\/09\/sm_1693913247.313728.jpg","type":"image\/jpeg"}],"author":"cfeditorfr","twitter_card":"summary_large_image","twitter_misc":{"\u00c9crit par":"cfeditorfr","Dur\u00e9e de lecture estim\u00e9e":"3 minutes"},"schema":{"@context":"https:\/\/schema.org","@graph":[{"@type":"Article","@id":"https:\/\/www.africa-press.net\/cotedivoire\/politique\/regionales-dans-le-cavally-et-municipales-a-guiglo-hubert-oulaye-les-resultats-proclames-par-la-cei-ne-sont-pas-vrais#article","isPartOf":{"@id":"https:\/\/www.africa-press.net\/cotedivoire\/politique\/regionales-dans-le-cavally-et-municipales-a-guiglo-hubert-oulaye-les-resultats-proclames-par-la-cei-ne-sont-pas-vrais"},"author":{"name":"cfeditorfr","@id":"https:\/\/www.africa-press.net\/cotedivoire\/#\/schema\/person\/2b1cf3cd81a31e3cd26889ca66d677f1"},"headline":"R\u00e9gionales dans le Cavally et Municipales \u00e0 Guiglo, Hubert Oulaye : \u00ab Les r\u00e9sultats proclam\u00e9s par la CEI ne sont pas vrais \u00bb","datePublished":"2023-09-05T13:49:25+00:00","dateModified":"2023-09-05T14:58:28+00:00","mainEntityOfPage":{"@id":"https:\/\/www.africa-press.net\/cotedivoire\/politique\/regionales-dans-le-cavally-et-municipales-a-guiglo-hubert-oulaye-les-resultats-proclames-par-la-cei-ne-sont-pas-vrais"},"wordCount":715,"commentCount":0,"image":{"@id":"https:\/\/www.africa-press.net\/cotedivoire\/politique\/regionales-dans-le-cavally-et-municipales-a-guiglo-hubert-oulaye-les-resultats-proclames-par-la-cei-ne-sont-pas-vrais#primaryimage"},"thumbnailUrl":"https:\/\/static.africa-press.net\/cote\/sites\/43\/2023\/09\/sm_1693913247.313728.jpg","keywords":["Africa Press","Africa Press-C\u00f4te d'Ivoire","Anne Ouloto","candidats","Cavally","Cei","C\u00d4TE D'IVOIRE","Hubert Oulaye","PPA-CI","r\u00e9gionales","r\u00e9sultats"],"articleSection":["Politique","Toutes les actualit\u00e9s"],"inLanguage":"fr-FR","potentialAction":[{"@type":"CommentAction","name":"Comment","target":["https:\/\/www.africa-press.net\/cotedivoire\/politique\/regionales-dans-le-cavally-et-municipales-a-guiglo-hubert-oulaye-les-resultats-proclames-par-la-cei-ne-sont-pas-vrais#respond"]}]},{"@type":"WebPage","@id":"https:\/\/www.africa-press.net\/cotedivoire\/politique\/regionales-dans-le-cavally-et-municipales-a-guiglo-hubert-oulaye-les-resultats-proclames-par-la-cei-ne-sont-pas-vrais","url":"https:\/\/www.africa-press.net\/cotedivoire\/politique\/regionales-dans-le-cavally-et-municipales-a-guiglo-hubert-oulaye-les-resultats-proclames-par-la-cei-ne-sont-pas-vrais","name":"R\u00e9gionales dans le Cavally et Municipales \u00e0 Guiglo, Hubert Oulaye : \u00ab Les r\u00e9sultats proclam\u00e9s par la CEI ne sont pas vrais \u00bb - C\u00f4te d&#039;Ivoire","isPartOf":{"@id":"https:\/\/www.africa-press.net\/cotedivoire\/#website"},"primaryImageOfPage":{"@id":"https:\/\/www.africa-press.net\/cotedivoire\/politique\/regionales-dans-le-cavally-et-municipales-a-guiglo-hubert-oulaye-les-resultats-proclames-par-la-cei-ne-sont-pas-vrais#primaryimage"},"image":{"@id":"https:\/\/www.africa-press.net\/cotedivoire\/politique\/regionales-dans-le-cavally-et-municipales-a-guiglo-hubert-oulaye-les-resultats-proclames-par-la-cei-ne-sont-pas-vrais#primaryimage"},"thumbnailUrl":"https:\/\/static.africa-press.net\/cote\/sites\/43\/2023\/09\/sm_1693913247.313728.jpg","datePublished":"2023-09-05T13:49:25+00:00","dateModified":"2023-09-05T14:58:28+00:00","author":{"@id":"https:\/\/www.africa-press.net\/cotedivoire\/#\/schema\/person\/2b1cf3cd81a31e3cd26889ca66d677f1"},"description":"Apre\u0300s la proclamation provisoire des re\u0301sultats des e\u0301lections Re\u0301gionales et Municipales du samedi 2 septembre 2023, p ...","breadcrumb":{"@id":"https:\/\/www.africa-press.net\/cotedivoire\/politique\/regionales-dans-le-cavally-et-municipales-a-guiglo-hubert-oulaye-les-resultats-proclames-par-la-cei-ne-sont-pas-vrais#breadcrumb"},"inLanguage":"fr-FR","potentialAction":[{"@type":"ReadAction","target":["https:\/\/www.africa-press.net\/cotedivoire\/politique\/regionales-dans-le-cavally-et-municipales-a-guiglo-hubert-oulaye-les-resultats-proclames-par-la-cei-ne-sont-pas-vrais"]}]},{"@type":"ImageObject","inLanguage":"fr-FR","@id":"https:\/\/www.africa-press.net\/cotedivoire\/politique\/regionales-dans-le-cavally-et-municipales-a-guiglo-hubert-oulaye-les-resultats-proclames-par-la-cei-ne-sont-pas-vrais#primaryimage","url":"https:\/\/static.africa-press.net\/cote\/sites\/43\/2023\/09\/sm_1693913247.313728.jpg","contentUrl":"https:\/\/static.africa-press.net\/cote\/sites\/43\/2023\/09\/sm_1693913247.313728.jpg","width":720,"height":408,"caption":"R\u00e9gionales dans le Cavally et Municipales \u00e0 Guiglo, Hubert Oulaye : \u00ab Les r\u00e9sultats proclam\u00e9s par la CEI ne sont pas vrais \u00bb"},{"@type":"BreadcrumbList","@id":"https:\/\/www.africa-press.net\/cotedivoire\/politique\/regionales-dans-le-cavally-et-municipales-a-guiglo-hubert-oulaye-les-resultats-proclames-par-la-cei-ne-sont-pas-vrais#breadcrumb","itemListElement":[{"@type":"ListItem","position":1,"name":"Accueil","item":"https:\/\/www.africa-press.net\/cotedivoire\/"},{"@type":"ListItem","position":2,"name":"R\u00e9gionales dans le Cavally et Municipales \u00e0 Guiglo, Hubert Oulaye : \u00ab Les r\u00e9sultats proclam\u00e9s par la CEI ne sont pas vrais \u00bb"}]},{"@type":"WebSite","@id":"https:\/\/www.africa-press.net\/cotedivoire\/#website","url":"https:\/\/www.africa-press.net\/cotedivoire\/","name":"C\u00f4te d&#039;Ivoire","description":"Just another Africa News Agency Sites site","potentialAction":[{"@type":"SearchAction","target":{"@type":"EntryPoint","urlTemplate":"https:\/\/www.africa-press.net\/cotedivoire\/?s={search_term_string}"},"query-input":{"@type":"PropertyValueSpecification","valueRequired":true,"valueName":"search_term_string"}}],"inLanguage":"fr-FR"},{"@type":"Person","@id":"https:\/\/www.africa-press.net\/cotedivoire\/#\/schema\/person\/2b1cf3cd81a31e3cd26889ca66d677f1","name":"cfeditorfr"}]}},"_links":{"self":[{"href":"https:\/\/www.africa-press.net\/cotedivoire\/wp-json\/wp\/v2\/posts\/64557","targetHints":{"allow":["GET"]}}],"collection":[{"href":"https:\/\/www.africa-press.net\/cotedivoire\/wp-json\/wp\/v2\/posts"}],"about":[{"href":"https:\/\/www.africa-press.net\/cotedivoire\/wp-json\/wp\/v2\/types\/post"}],"author":[{"embeddable":true,"href":"https:\/\/www.africa-press.net\/cotedivoire\/wp-json\/wp\/v2\/users\/82"}],"replies":[{"embeddable":true,"href":"https:\/\/www.africa-press.net\/cotedivoire\/wp-json\/wp\/v2\/comments?post=64557"}],"version-history":[{"count":0,"href":"https:\/\/www.africa-press.net\/cotedivoire\/wp-json\/wp\/v2\/posts\/64557\/revisions"}],"wp:featuredmedia":[{"embeddable":true,"href":"https:\/\/www.africa-press.net\/cotedivoire\/wp-json\/wp\/v2\/media\/64555"}],"wp:attachment":[{"href":"https:\/\/www.africa-press.net\/cotedivoire\/wp-json\/wp\/v2\/media?parent=64557"}],"wp:term":[{"taxonomy":"category","embeddable":true,"href":"https:\/\/www.africa-press.net\/cotedivoire\/wp-json\/wp\/v2\/categories?post=64557"},{"taxonomy":"post_tag","embeddable":true,"href":"https:\/\/www.africa-press.net\/cotedivoire\/wp-json\/wp\/v2\/tags?post=64557"}],"curies":[{"name":"wp","href":"https:\/\/api.w.org\/{rel}","templated":true}]}}