{"id":64802,"date":"2023-09-08T14:43:04","date_gmt":"2023-09-08T14:43:04","guid":{"rendered":"https:\/\/www.africa-press.net\/cotedivoire\/politique\/rentree-universitaire-unique-voici-les-grandes-decisions-prises-par-le-ministre-adama-diawara"},"modified":"2023-09-08T15:29:38","modified_gmt":"2023-09-08T15:29:38","slug":"rentree-universitaire-unique-voici-les-grandes-decisions-prises-par-le-ministre-adama-diawara","status":"publish","type":"post","link":"https:\/\/www.africa-press.net\/cotedivoire\/toutes-les-actualites\/rentree-universitaire-unique-voici-les-grandes-decisions-prises-par-le-ministre-adama-diawara","title":{"rendered":"Rentr\u00e9e Universitaire Unique, voici les grandes d\u00e9cisions prises par le Ministre Adama Diawara"},"content":{"rendered":"<p><span style=\"color: #ff6600\"><strong>Africa-Press &#8211; C\u00f4te d&rsquo;Ivoire. <\/strong><\/span>Comme nous le relayions dans un pre\u0301ce\u0301dent article, la rentre\u0301e au titre de l\u2019anne\u0301e universitaire 2023-2024, dans les universite\u0301s et grandes e\u0301coles publiques et prive\u0301es, est fixe\u0301e au lundi 02 Octobre 2023 a\u0300 heures.<\/p>\n<p>A travers une de\u0301cision portant organisation de l\u2019anne\u0301e universitaire 2023-2024 dans les e\u0301tablissements d\u2019enseignement supe\u0301rieur,<\/p>\n<p>Avant la rentre\u0301e acade\u0301mique, le Ministre de l\u2019Enseignement Supe\u0301rieur et de la Recherche Scientifique, le Professeur Adama Diawara a pris de grandes de\u0301cisions.<\/p>\n<p>Le ministre pre\u0301cise que les inscriptions et re\u0301inscriptions se feront uniquement sur le Progiciel de Gestion Inte\u0301gre\u0301e de l\u2019Enseignement Supe\u0301rieur et des Universite\u0301s (PROGES-U) et que le paiement des frais d\u2019inscriptions dans les universite\u0301s publiques se fera exclusivement sur TresorMoney-Tre\u0301sorPay.<\/p>\n<p>A cet effet, les inscriptions se feront en ligne sur la plateforme www.inscriptionsup.net du 22 septembre 2023 au 15 octobre 2023.<\/p>\n<p>Les re\u0301inscriptions se feront sur la plateforme www.inscriptionsup.net du 21 septembre 2023 au 31 de\u0301cembre 2023.<\/p>\n<p>Au demeurant, le ministre souligne que le de\u0301coupage de l\u2019anne\u0301e universitaire 2023-2024 se pre\u0301sentera de la manie\u0300re suivante :<\/p>\n<p>Le 1er semestre de\u0301butera le 02 octobre 2023 et prendra fin le 02 mars 2024 ; Le second semestre de\u0301butera le 04 mars 2024 et prendra fin le 13 juillet 2024 ; Les examens de seconde session sont pre\u0301vus du 22 juillet au 10 aou\u0302t 2024.<\/p>\n<p>En conse\u0301quence, les conge\u0301s de Noe\u0308l sont pre\u0301vus du 23 de\u0301cembre 2023 apre\u0300s les cours au 07 janvier 2024 inclus ; Les conge\u0301s de Pa\u0302ques sont pre\u0301vus du 23 mars 2024 apre\u0300s les cours au 07 avril 2024 inclus ; Les grandes Vacances se de\u0301rouleront du 11 aou\u0302t au 22 septembre 2024 inclus.<\/p>\n<p>Quant a\u0300 la date de la rentre\u0301e au titre de l\u2019anne\u0301e universitaire 2024-2025, elle est fixe\u0301e au lundi 23 septembre 2024 a\u0300 partir de 08 heures.<\/p>\n<p>Donatien Kautcha, Abidjan<\/p>\n<p><strong>Pour plus d&rsquo;informations et d&rsquo;analyses sur la <a href=\"https:\/\/www.africa-press.net\/cotedivoire\">C\u00f4te d&rsquo;Ivoire<\/a>, suivez <a href=\"https:\/\/www.africa-press.net\/\">Africa-Press<\/a><\/strong><\/p>\n","protected":false},"excerpt":{"rendered":"<p>Africa-Press &#8211; C\u00f4te d&rsquo;Ivoire. Comme nous le relayions dans un pre\u0301ce\u0301dent article, la rentre\u0301e au titre de l\u2019anne\u0301e universitaire 2023-2024, dans les universite\u0301s et grandes e\u0301coles publiques et prive\u0301es, est fixe\u0301e au lundi 02 Octobre 2023 a\u0300 heures. A travers une de\u0301cision portant organisation de l\u2019anne\u0301e universitaire 2023-2024 dans les e\u0301tablissements d\u2019enseignement supe\u0301rieur, Avant la [&hellip;]<\/p>\n","protected":false},"author":82,"featured_media":64800,"comment_status":"open","ping_status":"closed","sticky":false,"template":"","format":"standard","meta":{"footnotes":""},"categories":[21,10],"tags":[617,56,63,3209,29,2112,1640,11138,8138],"class_list":["post-64802","post","type-post","status-publish","format-standard","has-post-thumbnail","hentry","category-communaute","category-toutes-les-actualites","tag-adama-diawara","tag-africa-press","tag-africa-press-cote-divoire","tag-conges","tag-cote-divoire","tag-decisions","tag-rentree","tag-semestre","tag-universitaire"],"yoast_head":"<!-- This site is optimized with the Yoast SEO Premium plugin v26.1 (Yoast SEO v27.0) - https:\/\/yoast.com\/product\/yoast-seo-premium-wordpress\/ -->\n<title>Rentr\u00e9e Universitaire Unique, voici les grandes d\u00e9cisions prises par le Ministre Adama Diawara - C\u00f4te d&#039;Ivoire<\/title>\n<meta name=\"description\" content=\"Comme nous le relayions dans un pre\u0301ce\u0301dent article, la rentre\u0301e au titre de l\u2019anne\u0301e universitaire 2023-2024, dans les ...\" \/>\n<meta name=\"robots\" content=\"index, follow, max-snippet:-1, max-image-preview:large, max-video-preview:-1\" \/>\n<link rel=\"canonical\" href=\"https:\/\/www.africa-press.net\/cotedivoire\/toutes-les-actualites\/rentree-universitaire-unique-voici-les-grandes-decisions-prises-par-le-ministre-adama-diawara\" \/>\n<meta property=\"og:locale\" content=\"fr_FR\" \/>\n<meta property=\"og:type\" content=\"article\" \/>\n<meta property=\"og:title\" content=\"Rentr\u00e9e Universitaire Unique, voici les grandes d\u00e9cisions prises par le Ministre Adama Diawara\" \/>\n<meta property=\"og:description\" content=\"Comme nous le relayions dans un pre\u0301ce\u0301dent article, la rentre\u0301e au titre de l\u2019anne\u0301e universitaire 2023-2024, dans les ...\" \/>\n<meta property=\"og:url\" content=\"https:\/\/www.africa-press.net\/cotedivoire\/toutes-les-actualites\/rentree-universitaire-unique-voici-les-grandes-decisions-prises-par-le-ministre-adama-diawara\" \/>\n<meta property=\"og:site_name\" content=\"C\u00f4te d&#039;Ivoire\" \/>\n<meta property=\"article:published_time\" content=\"2023-09-08T14:43:04+00:00\" \/>\n<meta property=\"article:modified_time\" content=\"2023-09-08T15:29:38+00:00\" \/>\n<meta property=\"og:image\" content=\"https:\/\/static.africa-press.net\/cote\/sites\/43\/2023\/09\/sm_1694174158.972687.jpg\" \/>\n\t<meta property=\"og:image:width\" content=\"720\" \/>\n\t<meta property=\"og:image:height\" content=\"480\" \/>\n\t<meta property=\"og:image:type\" content=\"image\/jpeg\" \/>\n<meta name=\"author\" content=\"cfeditorfr\" \/>\n<meta name=\"twitter:card\" content=\"summary_large_image\" \/>\n<meta name=\"twitter:label1\" content=\"\u00c9crit par\" \/>\n\t<meta name=\"twitter:data1\" content=\"cfeditorfr\" \/>\n\t<meta name=\"twitter:label2\" content=\"Dur\u00e9e de lecture estim\u00e9e\" \/>\n\t<meta name=\"twitter:data2\" content=\"2 minutes\" \/>\n<script type=\"application\/ld+json\" class=\"yoast-schema-graph\">{\"@context\":\"https:\/\/schema.org\",\"@graph\":[{\"@type\":\"Article\",\"@id\":\"https:\/\/www.africa-press.net\/cotedivoire\/toutes-les-actualites\/rentree-universitaire-unique-voici-les-grandes-decisions-prises-par-le-ministre-adama-diawara#article\",\"isPartOf\":{\"@id\":\"https:\/\/www.africa-press.net\/cotedivoire\/toutes-les-actualites\/rentree-universitaire-unique-voici-les-grandes-decisions-prises-par-le-ministre-adama-diawara\"},\"author\":{\"name\":\"cfeditorfr\",\"@id\":\"https:\/\/www.africa-press.net\/cotedivoire\/#\/schema\/person\/2b1cf3cd81a31e3cd26889ca66d677f1\"},\"headline\":\"Rentr\u00e9e Universitaire Unique, voici les grandes d\u00e9cisions prises par le Ministre Adama Diawara\",\"datePublished\":\"2023-09-08T14:43:04+00:00\",\"dateModified\":\"2023-09-08T15:29:38+00:00\",\"mainEntityOfPage\":{\"@id\":\"https:\/\/www.africa-press.net\/cotedivoire\/toutes-les-actualites\/rentree-universitaire-unique-voici-les-grandes-decisions-prises-par-le-ministre-adama-diawara\"},\"wordCount\":353,\"commentCount\":0,\"image\":{\"@id\":\"https:\/\/www.africa-press.net\/cotedivoire\/toutes-les-actualites\/rentree-universitaire-unique-voici-les-grandes-decisions-prises-par-le-ministre-adama-diawara#primaryimage\"},\"thumbnailUrl\":\"https:\/\/static.africa-press.net\/cote\/sites\/43\/2023\/09\/sm_1694174158.972687.jpg\",\"keywords\":[\"Adama Diawara\",\"Africa Press\",\"Africa Press-C\u00f4te d'Ivoire\",\"cong\u00e9s\",\"C\u00d4TE D'IVOIRE\",\"d\u00e9cisions\",\"rentr\u00e9e\",\"semestre\",\"universitaire\"],\"articleSection\":[\"Communaut\u00e9\",\"Toutes les actualit\u00e9s\"],\"inLanguage\":\"fr-FR\",\"potentialAction\":[{\"@type\":\"CommentAction\",\"name\":\"Comment\",\"target\":[\"https:\/\/www.africa-press.net\/cotedivoire\/toutes-les-actualites\/rentree-universitaire-unique-voici-les-grandes-decisions-prises-par-le-ministre-adama-diawara#respond\"]}]},{\"@type\":\"WebPage\",\"@id\":\"https:\/\/www.africa-press.net\/cotedivoire\/toutes-les-actualites\/rentree-universitaire-unique-voici-les-grandes-decisions-prises-par-le-ministre-adama-diawara\",\"url\":\"https:\/\/www.africa-press.net\/cotedivoire\/toutes-les-actualites\/rentree-universitaire-unique-voici-les-grandes-decisions-prises-par-le-ministre-adama-diawara\",\"name\":\"Rentr\u00e9e Universitaire Unique, voici les grandes d\u00e9cisions prises par le Ministre Adama Diawara - C\u00f4te d&#039;Ivoire\",\"isPartOf\":{\"@id\":\"https:\/\/www.africa-press.net\/cotedivoire\/#website\"},\"primaryImageOfPage\":{\"@id\":\"https:\/\/www.africa-press.net\/cotedivoire\/toutes-les-actualites\/rentree-universitaire-unique-voici-les-grandes-decisions-prises-par-le-ministre-adama-diawara#primaryimage\"},\"image\":{\"@id\":\"https:\/\/www.africa-press.net\/cotedivoire\/toutes-les-actualites\/rentree-universitaire-unique-voici-les-grandes-decisions-prises-par-le-ministre-adama-diawara#primaryimage\"},\"thumbnailUrl\":\"https:\/\/static.africa-press.net\/cote\/sites\/43\/2023\/09\/sm_1694174158.972687.jpg\",\"datePublished\":\"2023-09-08T14:43:04+00:00\",\"dateModified\":\"2023-09-08T15:29:38+00:00\",\"author\":{\"@id\":\"https:\/\/www.africa-press.net\/cotedivoire\/#\/schema\/person\/2b1cf3cd81a31e3cd26889ca66d677f1\"},\"description\":\"Comme nous le relayions dans un pre\u0301ce\u0301dent article, la rentre\u0301e au titre de l\u2019anne\u0301e universitaire 2023-2024, dans les ...\",\"breadcrumb\":{\"@id\":\"https:\/\/www.africa-press.net\/cotedivoire\/toutes-les-actualites\/rentree-universitaire-unique-voici-les-grandes-decisions-prises-par-le-ministre-adama-diawara#breadcrumb\"},\"inLanguage\":\"fr-FR\",\"potentialAction\":[{\"@type\":\"ReadAction\",\"target\":[\"https:\/\/www.africa-press.net\/cotedivoire\/toutes-les-actualites\/rentree-universitaire-unique-voici-les-grandes-decisions-prises-par-le-ministre-adama-diawara\"]}]},{\"@type\":\"ImageObject\",\"inLanguage\":\"fr-FR\",\"@id\":\"https:\/\/www.africa-press.net\/cotedivoire\/toutes-les-actualites\/rentree-universitaire-unique-voici-les-grandes-decisions-prises-par-le-ministre-adama-diawara#primaryimage\",\"url\":\"https:\/\/static.africa-press.net\/cote\/sites\/43\/2023\/09\/sm_1694174158.972687.jpg\",\"contentUrl\":\"https:\/\/static.africa-press.net\/cote\/sites\/43\/2023\/09\/sm_1694174158.972687.jpg\",\"width\":720,\"height\":480,\"caption\":\"Rentr\u00e9e Universitaire Unique, voici les grandes d\u00e9cisions prises par le Ministre Adama Diawara\"},{\"@type\":\"BreadcrumbList\",\"@id\":\"https:\/\/www.africa-press.net\/cotedivoire\/toutes-les-actualites\/rentree-universitaire-unique-voici-les-grandes-decisions-prises-par-le-ministre-adama-diawara#breadcrumb\",\"itemListElement\":[{\"@type\":\"ListItem\",\"position\":1,\"name\":\"Accueil\",\"item\":\"https:\/\/www.africa-press.net\/cotedivoire\/\"},{\"@type\":\"ListItem\",\"position\":2,\"name\":\"Rentr\u00e9e Universitaire Unique, voici les grandes d\u00e9cisions prises par le Ministre Adama Diawara\"}]},{\"@type\":\"WebSite\",\"@id\":\"https:\/\/www.africa-press.net\/cotedivoire\/#website\",\"url\":\"https:\/\/www.africa-press.net\/cotedivoire\/\",\"name\":\"C\u00f4te d&#039;Ivoire\",\"description\":\"Just another Africa News Agency Sites site\",\"potentialAction\":[{\"@type\":\"SearchAction\",\"target\":{\"@type\":\"EntryPoint\",\"urlTemplate\":\"https:\/\/www.africa-press.net\/cotedivoire\/?s={search_term_string}\"},\"query-input\":{\"@type\":\"PropertyValueSpecification\",\"valueRequired\":true,\"valueName\":\"search_term_string\"}}],\"inLanguage\":\"fr-FR\"},{\"@type\":\"Person\",\"@id\":\"https:\/\/www.africa-press.net\/cotedivoire\/#\/schema\/person\/2b1cf3cd81a31e3cd26889ca66d677f1\",\"name\":\"cfeditorfr\"}]}<\/script>\n<!-- \/ Yoast SEO Premium plugin. -->","yoast_head_json":{"title":"Rentr\u00e9e Universitaire Unique, voici les grandes d\u00e9cisions prises par le Ministre Adama Diawara - C\u00f4te d&#039;Ivoire","description":"Comme nous le relayions dans un pre\u0301ce\u0301dent article, la rentre\u0301e au titre de l\u2019anne\u0301e universitaire 2023-2024, dans les ...","robots":{"index":"index","follow":"follow","max-snippet":"max-snippet:-1","max-image-preview":"max-image-preview:large","max-video-preview":"max-video-preview:-1"},"canonical":"https:\/\/www.africa-press.net\/cotedivoire\/toutes-les-actualites\/rentree-universitaire-unique-voici-les-grandes-decisions-prises-par-le-ministre-adama-diawara","og_locale":"fr_FR","og_type":"article","og_title":"Rentr\u00e9e Universitaire Unique, voici les grandes d\u00e9cisions prises par le Ministre Adama Diawara","og_description":"Comme nous le relayions dans un pre\u0301ce\u0301dent article, la rentre\u0301e au titre de l\u2019anne\u0301e universitaire 2023-2024, dans les ...","og_url":"https:\/\/www.africa-press.net\/cotedivoire\/toutes-les-actualites\/rentree-universitaire-unique-voici-les-grandes-decisions-prises-par-le-ministre-adama-diawara","og_site_name":"C\u00f4te d&#039;Ivoire","article_published_time":"2023-09-08T14:43:04+00:00","article_modified_time":"2023-09-08T15:29:38+00:00","og_image":[{"width":720,"height":480,"url":"https:\/\/static.africa-press.net\/cote\/sites\/43\/2023\/09\/sm_1694174158.972687.jpg","type":"image\/jpeg"}],"author":"cfeditorfr","twitter_card":"summary_large_image","twitter_misc":{"\u00c9crit par":"cfeditorfr","Dur\u00e9e de lecture estim\u00e9e":"2 minutes"},"schema":{"@context":"https:\/\/schema.org","@graph":[{"@type":"Article","@id":"https:\/\/www.africa-press.net\/cotedivoire\/toutes-les-actualites\/rentree-universitaire-unique-voici-les-grandes-decisions-prises-par-le-ministre-adama-diawara#article","isPartOf":{"@id":"https:\/\/www.africa-press.net\/cotedivoire\/toutes-les-actualites\/rentree-universitaire-unique-voici-les-grandes-decisions-prises-par-le-ministre-adama-diawara"},"author":{"name":"cfeditorfr","@id":"https:\/\/www.africa-press.net\/cotedivoire\/#\/schema\/person\/2b1cf3cd81a31e3cd26889ca66d677f1"},"headline":"Rentr\u00e9e Universitaire Unique, voici les grandes d\u00e9cisions prises par le Ministre Adama Diawara","datePublished":"2023-09-08T14:43:04+00:00","dateModified":"2023-09-08T15:29:38+00:00","mainEntityOfPage":{"@id":"https:\/\/www.africa-press.net\/cotedivoire\/toutes-les-actualites\/rentree-universitaire-unique-voici-les-grandes-decisions-prises-par-le-ministre-adama-diawara"},"wordCount":353,"commentCount":0,"image":{"@id":"https:\/\/www.africa-press.net\/cotedivoire\/toutes-les-actualites\/rentree-universitaire-unique-voici-les-grandes-decisions-prises-par-le-ministre-adama-diawara#primaryimage"},"thumbnailUrl":"https:\/\/static.africa-press.net\/cote\/sites\/43\/2023\/09\/sm_1694174158.972687.jpg","keywords":["Adama Diawara","Africa Press","Africa Press-C\u00f4te d'Ivoire","cong\u00e9s","C\u00d4TE D'IVOIRE","d\u00e9cisions","rentr\u00e9e","semestre","universitaire"],"articleSection":["Communaut\u00e9","Toutes les actualit\u00e9s"],"inLanguage":"fr-FR","potentialAction":[{"@type":"CommentAction","name":"Comment","target":["https:\/\/www.africa-press.net\/cotedivoire\/toutes-les-actualites\/rentree-universitaire-unique-voici-les-grandes-decisions-prises-par-le-ministre-adama-diawara#respond"]}]},{"@type":"WebPage","@id":"https:\/\/www.africa-press.net\/cotedivoire\/toutes-les-actualites\/rentree-universitaire-unique-voici-les-grandes-decisions-prises-par-le-ministre-adama-diawara","url":"https:\/\/www.africa-press.net\/cotedivoire\/toutes-les-actualites\/rentree-universitaire-unique-voici-les-grandes-decisions-prises-par-le-ministre-adama-diawara","name":"Rentr\u00e9e Universitaire Unique, voici les grandes d\u00e9cisions prises par le Ministre Adama Diawara - C\u00f4te d&#039;Ivoire","isPartOf":{"@id":"https:\/\/www.africa-press.net\/cotedivoire\/#website"},"primaryImageOfPage":{"@id":"https:\/\/www.africa-press.net\/cotedivoire\/toutes-les-actualites\/rentree-universitaire-unique-voici-les-grandes-decisions-prises-par-le-ministre-adama-diawara#primaryimage"},"image":{"@id":"https:\/\/www.africa-press.net\/cotedivoire\/toutes-les-actualites\/rentree-universitaire-unique-voici-les-grandes-decisions-prises-par-le-ministre-adama-diawara#primaryimage"},"thumbnailUrl":"https:\/\/static.africa-press.net\/cote\/sites\/43\/2023\/09\/sm_1694174158.972687.jpg","datePublished":"2023-09-08T14:43:04+00:00","dateModified":"2023-09-08T15:29:38+00:00","author":{"@id":"https:\/\/www.africa-press.net\/cotedivoire\/#\/schema\/person\/2b1cf3cd81a31e3cd26889ca66d677f1"},"description":"Comme nous le relayions dans un pre\u0301ce\u0301dent article, la rentre\u0301e au titre de l\u2019anne\u0301e universitaire 2023-2024, dans les ...","breadcrumb":{"@id":"https:\/\/www.africa-press.net\/cotedivoire\/toutes-les-actualites\/rentree-universitaire-unique-voici-les-grandes-decisions-prises-par-le-ministre-adama-diawara#breadcrumb"},"inLanguage":"fr-FR","potentialAction":[{"@type":"ReadAction","target":["https:\/\/www.africa-press.net\/cotedivoire\/toutes-les-actualites\/rentree-universitaire-unique-voici-les-grandes-decisions-prises-par-le-ministre-adama-diawara"]}]},{"@type":"ImageObject","inLanguage":"fr-FR","@id":"https:\/\/www.africa-press.net\/cotedivoire\/toutes-les-actualites\/rentree-universitaire-unique-voici-les-grandes-decisions-prises-par-le-ministre-adama-diawara#primaryimage","url":"https:\/\/static.africa-press.net\/cote\/sites\/43\/2023\/09\/sm_1694174158.972687.jpg","contentUrl":"https:\/\/static.africa-press.net\/cote\/sites\/43\/2023\/09\/sm_1694174158.972687.jpg","width":720,"height":480,"caption":"Rentr\u00e9e Universitaire Unique, voici les grandes d\u00e9cisions prises par le Ministre Adama Diawara"},{"@type":"BreadcrumbList","@id":"https:\/\/www.africa-press.net\/cotedivoire\/toutes-les-actualites\/rentree-universitaire-unique-voici-les-grandes-decisions-prises-par-le-ministre-adama-diawara#breadcrumb","itemListElement":[{"@type":"ListItem","position":1,"name":"Accueil","item":"https:\/\/www.africa-press.net\/cotedivoire\/"},{"@type":"ListItem","position":2,"name":"Rentr\u00e9e Universitaire Unique, voici les grandes d\u00e9cisions prises par le Ministre Adama Diawara"}]},{"@type":"WebSite","@id":"https:\/\/www.africa-press.net\/cotedivoire\/#website","url":"https:\/\/www.africa-press.net\/cotedivoire\/","name":"C\u00f4te d&#039;Ivoire","description":"Just another Africa News Agency Sites site","potentialAction":[{"@type":"SearchAction","target":{"@type":"EntryPoint","urlTemplate":"https:\/\/www.africa-press.net\/cotedivoire\/?s={search_term_string}"},"query-input":{"@type":"PropertyValueSpecification","valueRequired":true,"valueName":"search_term_string"}}],"inLanguage":"fr-FR"},{"@type":"Person","@id":"https:\/\/www.africa-press.net\/cotedivoire\/#\/schema\/person\/2b1cf3cd81a31e3cd26889ca66d677f1","name":"cfeditorfr"}]}},"_links":{"self":[{"href":"https:\/\/www.africa-press.net\/cotedivoire\/wp-json\/wp\/v2\/posts\/64802","targetHints":{"allow":["GET"]}}],"collection":[{"href":"https:\/\/www.africa-press.net\/cotedivoire\/wp-json\/wp\/v2\/posts"}],"about":[{"href":"https:\/\/www.africa-press.net\/cotedivoire\/wp-json\/wp\/v2\/types\/post"}],"author":[{"embeddable":true,"href":"https:\/\/www.africa-press.net\/cotedivoire\/wp-json\/wp\/v2\/users\/82"}],"replies":[{"embeddable":true,"href":"https:\/\/www.africa-press.net\/cotedivoire\/wp-json\/wp\/v2\/comments?post=64802"}],"version-history":[{"count":0,"href":"https:\/\/www.africa-press.net\/cotedivoire\/wp-json\/wp\/v2\/posts\/64802\/revisions"}],"wp:featuredmedia":[{"embeddable":true,"href":"https:\/\/www.africa-press.net\/cotedivoire\/wp-json\/wp\/v2\/media\/64800"}],"wp:attachment":[{"href":"https:\/\/www.africa-press.net\/cotedivoire\/wp-json\/wp\/v2\/media?parent=64802"}],"wp:term":[{"taxonomy":"category","embeddable":true,"href":"https:\/\/www.africa-press.net\/cotedivoire\/wp-json\/wp\/v2\/categories?post=64802"},{"taxonomy":"post_tag","embeddable":true,"href":"https:\/\/www.africa-press.net\/cotedivoire\/wp-json\/wp\/v2\/tags?post=64802"}],"curies":[{"name":"wp","href":"https:\/\/api.w.org\/{rel}","templated":true}]}}