{"id":65174,"date":"2023-09-14T13:28:39","date_gmt":"2023-09-14T13:28:39","guid":{"rendered":"https:\/\/www.africa-press.net\/cotedivoire\/politique\/seisme-au-maroc-ouverture-dune-cellule-de-crise-pour-prendre-en-charge-les-victimes-ivoiriennes"},"modified":"2023-09-14T14:30:57","modified_gmt":"2023-09-14T14:30:57","slug":"seisme-au-maroc-ouverture-dune-cellule-de-crise-pour-prendre-en-charge-les-victimes-ivoiriennes","status":"publish","type":"post","link":"https:\/\/www.africa-press.net\/cotedivoire\/politique\/seisme-au-maroc-ouverture-dune-cellule-de-crise-pour-prendre-en-charge-les-victimes-ivoiriennes","title":{"rendered":"S\u00e9isme au Maroc, ouverture d&rsquo;une cellule de crise pour prendre en charge les victimes ivoiriennes"},"content":{"rendered":"<p><span style=\"color: #ff6600\"><strong>Africa-Press &#8211; C\u00f4te d&rsquo;Ivoire. <\/strong><\/span>Le Royaume du Maroc a e\u0301te\u0301 frappe\u0301, dans la nuit du 08 au 09 septembre 2023, par un violent se\u0301isme qui a endeuille\u0301 ce pays. Plusieurs milliers de vies ont e\u0301te\u0301 englouties par cette catastrophe naturelle, plongeant cette nation dans une situation chaotique.<\/p>\n<p>Suite a\u0300 la survenue de ce malheur, l&rsquo;E\u0301tat ivoirien, avec a\u0300 sa te\u0302te, le pre\u0301sident Alassane Ouattara, a exprime\u0301 sa compassion aussi bien a\u0300 son homologue marocain, qu&rsquo;a\u0300 tout le Royaume Che\u0301rifien.<\/p>\n<p>Par ailleurs, tre\u0300s soucieux de la vie de ses compatriotes vivant a\u0300 l&rsquo;e\u0301tranger, le gouvernement ivoirien, a\u0300 travers le ministe\u0300re d&rsquo;E\u0301tat, ministe\u0300re des Affaires E\u0301trange\u0300res, de l&rsquo;Inte\u0301gration Africaine et de la Diaspora, s&rsquo;est de\u0301pe\u0302che\u0301 de mettre sur pied de\u0300s les premie\u0300res heures du sinistre, une cellule de crise au sein de l\u2019Ambassade de la Co\u0302te d\u2019Ivoire au Maroc pour l\u2019e\u0301valuation et le suivi de la situation de la communaute\u0301 ivoirienne vivant au Royaume du Maroc.<\/p>\n<p>Un nume\u0301ro d\u2019urgence pour contacter ladite cellule de crise en cas de besoin a d&rsquo;ailleurs e\u0301te\u0301 cre\u0301e\u0301. Il s&rsquo;agit du +(212) 06 89 77 79 78. Les Ivoiriens vivant donc au Maroc peuvent entrer en contact avec les responsables de leur ambassade pour be\u0301ne\u0301ficier du dispositif mis en place pour leur prise en charge.<\/p>\n<p>Wassimagnon<\/p>\n<p><strong>Pour plus d&rsquo;informations et d&rsquo;analyses sur la <a href=\"https:\/\/www.africa-press.net\/cotedivoire\">C\u00f4te d&rsquo;Ivoire<\/a>, suivez <a href=\"https:\/\/www.africa-press.net\/\">Africa-Press<\/a><\/strong><\/p>\n","protected":false},"excerpt":{"rendered":"<p>Africa-Press &#8211; C\u00f4te d&rsquo;Ivoire. Le Royaume du Maroc a e\u0301te\u0301 frappe\u0301, dans la nuit du 08 au 09 septembre 2023, par un violent se\u0301isme qui a endeuille\u0301 ce pays. Plusieurs milliers de vies ont e\u0301te\u0301 englouties par cette catastrophe naturelle, plongeant cette nation dans une situation chaotique. Suite a\u0300 la survenue de ce malheur, l&rsquo;E\u0301tat [&hellip;]<\/p>\n","protected":false},"author":82,"featured_media":65173,"comment_status":"open","ping_status":"closed","sticky":false,"template":"","format":"standard","meta":{"footnotes":""},"categories":[2,10],"tags":[56,63,29,9374],"class_list":["post-65174","post","type-post","status-publish","format-standard","has-post-thumbnail","hentry","category-politique","category-toutes-les-actualites","tag-africa-press","tag-africa-press-cote-divoire","tag-cote-divoire","tag-seisme"],"yoast_head":"<!-- This site is optimized with the Yoast SEO Premium plugin v26.1 (Yoast SEO v27.0) - https:\/\/yoast.com\/product\/yoast-seo-premium-wordpress\/ -->\n<title>S\u00e9isme au Maroc, ouverture d&#039;une cellule de crise pour prendre en charge les victimes ivoiriennes - C\u00f4te d&#039;Ivoire<\/title>\n<meta name=\"description\" content=\"Le Royaume du Maroc a e\u0301te\u0301 frappe\u0301, dans la nuit du 08 au 09 septembre 2023, par un violent se\u0301isme qui a endeuille\u0301 ce ...\" \/>\n<meta name=\"robots\" content=\"index, follow, max-snippet:-1, max-image-preview:large, max-video-preview:-1\" \/>\n<link rel=\"canonical\" href=\"https:\/\/www.africa-press.net\/cotedivoire\/politique\/seisme-au-maroc-ouverture-dune-cellule-de-crise-pour-prendre-en-charge-les-victimes-ivoiriennes\" \/>\n<meta property=\"og:locale\" content=\"fr_FR\" \/>\n<meta property=\"og:type\" content=\"article\" \/>\n<meta property=\"og:title\" content=\"S\u00e9isme au Maroc, ouverture d&#039;une cellule de crise pour prendre en charge les victimes ivoiriennes\" \/>\n<meta property=\"og:description\" content=\"Le Royaume du Maroc a e\u0301te\u0301 frappe\u0301, dans la nuit du 08 au 09 septembre 2023, par un violent se\u0301isme qui a endeuille\u0301 ce ...\" \/>\n<meta property=\"og:url\" content=\"https:\/\/www.africa-press.net\/cotedivoire\/politique\/seisme-au-maroc-ouverture-dune-cellule-de-crise-pour-prendre-en-charge-les-victimes-ivoiriennes\" \/>\n<meta property=\"og:site_name\" content=\"C\u00f4te d&#039;Ivoire\" \/>\n<meta property=\"article:published_time\" content=\"2023-09-14T13:28:39+00:00\" \/>\n<meta property=\"article:modified_time\" content=\"2023-09-14T14:30:57+00:00\" \/>\n<meta property=\"og:image\" content=\"https:\/\/static.africa-press.net\/cote\/sites\/43\/2023\/09\/sm_1694689162.019724.jpg\" \/>\n\t<meta property=\"og:image:width\" content=\"720\" \/>\n\t<meta property=\"og:image:height\" content=\"398\" \/>\n\t<meta property=\"og:image:type\" content=\"image\/jpeg\" \/>\n<meta name=\"author\" content=\"cfeditorfr\" \/>\n<meta name=\"twitter:card\" content=\"summary_large_image\" \/>\n<meta name=\"twitter:label1\" content=\"\u00c9crit par\" \/>\n\t<meta name=\"twitter:data1\" content=\"cfeditorfr\" \/>\n\t<meta name=\"twitter:label2\" content=\"Dur\u00e9e de lecture estim\u00e9e\" \/>\n\t<meta name=\"twitter:data2\" content=\"1 minute\" \/>\n<script type=\"application\/ld+json\" class=\"yoast-schema-graph\">{\"@context\":\"https:\/\/schema.org\",\"@graph\":[{\"@type\":\"Article\",\"@id\":\"https:\/\/www.africa-press.net\/cotedivoire\/politique\/seisme-au-maroc-ouverture-dune-cellule-de-crise-pour-prendre-en-charge-les-victimes-ivoiriennes#article\",\"isPartOf\":{\"@id\":\"https:\/\/www.africa-press.net\/cotedivoire\/politique\/seisme-au-maroc-ouverture-dune-cellule-de-crise-pour-prendre-en-charge-les-victimes-ivoiriennes\"},\"author\":{\"name\":\"cfeditorfr\",\"@id\":\"https:\/\/www.africa-press.net\/cotedivoire\/#\/schema\/person\/2b1cf3cd81a31e3cd26889ca66d677f1\"},\"headline\":\"S\u00e9isme au Maroc, ouverture d&rsquo;une cellule de crise pour prendre en charge les victimes ivoiriennes\",\"datePublished\":\"2023-09-14T13:28:39+00:00\",\"dateModified\":\"2023-09-14T14:30:57+00:00\",\"mainEntityOfPage\":{\"@id\":\"https:\/\/www.africa-press.net\/cotedivoire\/politique\/seisme-au-maroc-ouverture-dune-cellule-de-crise-pour-prendre-en-charge-les-victimes-ivoiriennes\"},\"wordCount\":272,\"commentCount\":0,\"image\":{\"@id\":\"https:\/\/www.africa-press.net\/cotedivoire\/politique\/seisme-au-maroc-ouverture-dune-cellule-de-crise-pour-prendre-en-charge-les-victimes-ivoiriennes#primaryimage\"},\"thumbnailUrl\":\"https:\/\/static.africa-press.net\/cote\/sites\/43\/2023\/09\/sm_1694689162.019724.jpg\",\"keywords\":[\"Africa Press\",\"Africa Press-C\u00f4te d'Ivoire\",\"C\u00d4TE D'IVOIRE\",\"S\u00e9isme\"],\"articleSection\":[\"Politique\",\"Toutes les actualit\u00e9s\"],\"inLanguage\":\"fr-FR\",\"potentialAction\":[{\"@type\":\"CommentAction\",\"name\":\"Comment\",\"target\":[\"https:\/\/www.africa-press.net\/cotedivoire\/politique\/seisme-au-maroc-ouverture-dune-cellule-de-crise-pour-prendre-en-charge-les-victimes-ivoiriennes#respond\"]}]},{\"@type\":\"WebPage\",\"@id\":\"https:\/\/www.africa-press.net\/cotedivoire\/politique\/seisme-au-maroc-ouverture-dune-cellule-de-crise-pour-prendre-en-charge-les-victimes-ivoiriennes\",\"url\":\"https:\/\/www.africa-press.net\/cotedivoire\/politique\/seisme-au-maroc-ouverture-dune-cellule-de-crise-pour-prendre-en-charge-les-victimes-ivoiriennes\",\"name\":\"S\u00e9isme au Maroc, ouverture d'une cellule de crise pour prendre en charge les victimes ivoiriennes - C\u00f4te d&#039;Ivoire\",\"isPartOf\":{\"@id\":\"https:\/\/www.africa-press.net\/cotedivoire\/#website\"},\"primaryImageOfPage\":{\"@id\":\"https:\/\/www.africa-press.net\/cotedivoire\/politique\/seisme-au-maroc-ouverture-dune-cellule-de-crise-pour-prendre-en-charge-les-victimes-ivoiriennes#primaryimage\"},\"image\":{\"@id\":\"https:\/\/www.africa-press.net\/cotedivoire\/politique\/seisme-au-maroc-ouverture-dune-cellule-de-crise-pour-prendre-en-charge-les-victimes-ivoiriennes#primaryimage\"},\"thumbnailUrl\":\"https:\/\/static.africa-press.net\/cote\/sites\/43\/2023\/09\/sm_1694689162.019724.jpg\",\"datePublished\":\"2023-09-14T13:28:39+00:00\",\"dateModified\":\"2023-09-14T14:30:57+00:00\",\"author\":{\"@id\":\"https:\/\/www.africa-press.net\/cotedivoire\/#\/schema\/person\/2b1cf3cd81a31e3cd26889ca66d677f1\"},\"description\":\"Le Royaume du Maroc a e\u0301te\u0301 frappe\u0301, dans la nuit du 08 au 09 septembre 2023, par un violent se\u0301isme qui a endeuille\u0301 ce ...\",\"breadcrumb\":{\"@id\":\"https:\/\/www.africa-press.net\/cotedivoire\/politique\/seisme-au-maroc-ouverture-dune-cellule-de-crise-pour-prendre-en-charge-les-victimes-ivoiriennes#breadcrumb\"},\"inLanguage\":\"fr-FR\",\"potentialAction\":[{\"@type\":\"ReadAction\",\"target\":[\"https:\/\/www.africa-press.net\/cotedivoire\/politique\/seisme-au-maroc-ouverture-dune-cellule-de-crise-pour-prendre-en-charge-les-victimes-ivoiriennes\"]}]},{\"@type\":\"ImageObject\",\"inLanguage\":\"fr-FR\",\"@id\":\"https:\/\/www.africa-press.net\/cotedivoire\/politique\/seisme-au-maroc-ouverture-dune-cellule-de-crise-pour-prendre-en-charge-les-victimes-ivoiriennes#primaryimage\",\"url\":\"https:\/\/static.africa-press.net\/cote\/sites\/43\/2023\/09\/sm_1694689162.019724.jpg\",\"contentUrl\":\"https:\/\/static.africa-press.net\/cote\/sites\/43\/2023\/09\/sm_1694689162.019724.jpg\",\"width\":720,\"height\":398,\"caption\":\"S\u00e9isme au Maroc, ouverture d'une cellule de crise pour prendre en charge les victimes ivoiriennes\"},{\"@type\":\"BreadcrumbList\",\"@id\":\"https:\/\/www.africa-press.net\/cotedivoire\/politique\/seisme-au-maroc-ouverture-dune-cellule-de-crise-pour-prendre-en-charge-les-victimes-ivoiriennes#breadcrumb\",\"itemListElement\":[{\"@type\":\"ListItem\",\"position\":1,\"name\":\"Accueil\",\"item\":\"https:\/\/www.africa-press.net\/cotedivoire\/\"},{\"@type\":\"ListItem\",\"position\":2,\"name\":\"S\u00e9isme au Maroc, ouverture d&#8217;une cellule de crise pour prendre en charge les victimes ivoiriennes\"}]},{\"@type\":\"WebSite\",\"@id\":\"https:\/\/www.africa-press.net\/cotedivoire\/#website\",\"url\":\"https:\/\/www.africa-press.net\/cotedivoire\/\",\"name\":\"C\u00f4te d&#039;Ivoire\",\"description\":\"Just another Africa News Agency Sites site\",\"potentialAction\":[{\"@type\":\"SearchAction\",\"target\":{\"@type\":\"EntryPoint\",\"urlTemplate\":\"https:\/\/www.africa-press.net\/cotedivoire\/?s={search_term_string}\"},\"query-input\":{\"@type\":\"PropertyValueSpecification\",\"valueRequired\":true,\"valueName\":\"search_term_string\"}}],\"inLanguage\":\"fr-FR\"},{\"@type\":\"Person\",\"@id\":\"https:\/\/www.africa-press.net\/cotedivoire\/#\/schema\/person\/2b1cf3cd81a31e3cd26889ca66d677f1\",\"name\":\"cfeditorfr\"}]}<\/script>\n<!-- \/ Yoast SEO Premium plugin. -->","yoast_head_json":{"title":"S\u00e9isme au Maroc, ouverture d'une cellule de crise pour prendre en charge les victimes ivoiriennes - C\u00f4te d&#039;Ivoire","description":"Le Royaume du Maroc a e\u0301te\u0301 frappe\u0301, dans la nuit du 08 au 09 septembre 2023, par un violent se\u0301isme qui a endeuille\u0301 ce ...","robots":{"index":"index","follow":"follow","max-snippet":"max-snippet:-1","max-image-preview":"max-image-preview:large","max-video-preview":"max-video-preview:-1"},"canonical":"https:\/\/www.africa-press.net\/cotedivoire\/politique\/seisme-au-maroc-ouverture-dune-cellule-de-crise-pour-prendre-en-charge-les-victimes-ivoiriennes","og_locale":"fr_FR","og_type":"article","og_title":"S\u00e9isme au Maroc, ouverture d'une cellule de crise pour prendre en charge les victimes ivoiriennes","og_description":"Le Royaume du Maroc a e\u0301te\u0301 frappe\u0301, dans la nuit du 08 au 09 septembre 2023, par un violent se\u0301isme qui a endeuille\u0301 ce ...","og_url":"https:\/\/www.africa-press.net\/cotedivoire\/politique\/seisme-au-maroc-ouverture-dune-cellule-de-crise-pour-prendre-en-charge-les-victimes-ivoiriennes","og_site_name":"C\u00f4te d&#039;Ivoire","article_published_time":"2023-09-14T13:28:39+00:00","article_modified_time":"2023-09-14T14:30:57+00:00","og_image":[{"width":720,"height":398,"url":"https:\/\/static.africa-press.net\/cote\/sites\/43\/2023\/09\/sm_1694689162.019724.jpg","type":"image\/jpeg"}],"author":"cfeditorfr","twitter_card":"summary_large_image","twitter_misc":{"\u00c9crit par":"cfeditorfr","Dur\u00e9e de lecture estim\u00e9e":"1 minute"},"schema":{"@context":"https:\/\/schema.org","@graph":[{"@type":"Article","@id":"https:\/\/www.africa-press.net\/cotedivoire\/politique\/seisme-au-maroc-ouverture-dune-cellule-de-crise-pour-prendre-en-charge-les-victimes-ivoiriennes#article","isPartOf":{"@id":"https:\/\/www.africa-press.net\/cotedivoire\/politique\/seisme-au-maroc-ouverture-dune-cellule-de-crise-pour-prendre-en-charge-les-victimes-ivoiriennes"},"author":{"name":"cfeditorfr","@id":"https:\/\/www.africa-press.net\/cotedivoire\/#\/schema\/person\/2b1cf3cd81a31e3cd26889ca66d677f1"},"headline":"S\u00e9isme au Maroc, ouverture d&rsquo;une cellule de crise pour prendre en charge les victimes ivoiriennes","datePublished":"2023-09-14T13:28:39+00:00","dateModified":"2023-09-14T14:30:57+00:00","mainEntityOfPage":{"@id":"https:\/\/www.africa-press.net\/cotedivoire\/politique\/seisme-au-maroc-ouverture-dune-cellule-de-crise-pour-prendre-en-charge-les-victimes-ivoiriennes"},"wordCount":272,"commentCount":0,"image":{"@id":"https:\/\/www.africa-press.net\/cotedivoire\/politique\/seisme-au-maroc-ouverture-dune-cellule-de-crise-pour-prendre-en-charge-les-victimes-ivoiriennes#primaryimage"},"thumbnailUrl":"https:\/\/static.africa-press.net\/cote\/sites\/43\/2023\/09\/sm_1694689162.019724.jpg","keywords":["Africa Press","Africa Press-C\u00f4te d'Ivoire","C\u00d4TE D'IVOIRE","S\u00e9isme"],"articleSection":["Politique","Toutes les actualit\u00e9s"],"inLanguage":"fr-FR","potentialAction":[{"@type":"CommentAction","name":"Comment","target":["https:\/\/www.africa-press.net\/cotedivoire\/politique\/seisme-au-maroc-ouverture-dune-cellule-de-crise-pour-prendre-en-charge-les-victimes-ivoiriennes#respond"]}]},{"@type":"WebPage","@id":"https:\/\/www.africa-press.net\/cotedivoire\/politique\/seisme-au-maroc-ouverture-dune-cellule-de-crise-pour-prendre-en-charge-les-victimes-ivoiriennes","url":"https:\/\/www.africa-press.net\/cotedivoire\/politique\/seisme-au-maroc-ouverture-dune-cellule-de-crise-pour-prendre-en-charge-les-victimes-ivoiriennes","name":"S\u00e9isme au Maroc, ouverture d'une cellule de crise pour prendre en charge les victimes ivoiriennes - C\u00f4te d&#039;Ivoire","isPartOf":{"@id":"https:\/\/www.africa-press.net\/cotedivoire\/#website"},"primaryImageOfPage":{"@id":"https:\/\/www.africa-press.net\/cotedivoire\/politique\/seisme-au-maroc-ouverture-dune-cellule-de-crise-pour-prendre-en-charge-les-victimes-ivoiriennes#primaryimage"},"image":{"@id":"https:\/\/www.africa-press.net\/cotedivoire\/politique\/seisme-au-maroc-ouverture-dune-cellule-de-crise-pour-prendre-en-charge-les-victimes-ivoiriennes#primaryimage"},"thumbnailUrl":"https:\/\/static.africa-press.net\/cote\/sites\/43\/2023\/09\/sm_1694689162.019724.jpg","datePublished":"2023-09-14T13:28:39+00:00","dateModified":"2023-09-14T14:30:57+00:00","author":{"@id":"https:\/\/www.africa-press.net\/cotedivoire\/#\/schema\/person\/2b1cf3cd81a31e3cd26889ca66d677f1"},"description":"Le Royaume du Maroc a e\u0301te\u0301 frappe\u0301, dans la nuit du 08 au 09 septembre 2023, par un violent se\u0301isme qui a endeuille\u0301 ce ...","breadcrumb":{"@id":"https:\/\/www.africa-press.net\/cotedivoire\/politique\/seisme-au-maroc-ouverture-dune-cellule-de-crise-pour-prendre-en-charge-les-victimes-ivoiriennes#breadcrumb"},"inLanguage":"fr-FR","potentialAction":[{"@type":"ReadAction","target":["https:\/\/www.africa-press.net\/cotedivoire\/politique\/seisme-au-maroc-ouverture-dune-cellule-de-crise-pour-prendre-en-charge-les-victimes-ivoiriennes"]}]},{"@type":"ImageObject","inLanguage":"fr-FR","@id":"https:\/\/www.africa-press.net\/cotedivoire\/politique\/seisme-au-maroc-ouverture-dune-cellule-de-crise-pour-prendre-en-charge-les-victimes-ivoiriennes#primaryimage","url":"https:\/\/static.africa-press.net\/cote\/sites\/43\/2023\/09\/sm_1694689162.019724.jpg","contentUrl":"https:\/\/static.africa-press.net\/cote\/sites\/43\/2023\/09\/sm_1694689162.019724.jpg","width":720,"height":398,"caption":"S\u00e9isme au Maroc, ouverture d'une cellule de crise pour prendre en charge les victimes ivoiriennes"},{"@type":"BreadcrumbList","@id":"https:\/\/www.africa-press.net\/cotedivoire\/politique\/seisme-au-maroc-ouverture-dune-cellule-de-crise-pour-prendre-en-charge-les-victimes-ivoiriennes#breadcrumb","itemListElement":[{"@type":"ListItem","position":1,"name":"Accueil","item":"https:\/\/www.africa-press.net\/cotedivoire\/"},{"@type":"ListItem","position":2,"name":"S\u00e9isme au Maroc, ouverture d&#8217;une cellule de crise pour prendre en charge les victimes ivoiriennes"}]},{"@type":"WebSite","@id":"https:\/\/www.africa-press.net\/cotedivoire\/#website","url":"https:\/\/www.africa-press.net\/cotedivoire\/","name":"C\u00f4te d&#039;Ivoire","description":"Just another Africa News Agency Sites site","potentialAction":[{"@type":"SearchAction","target":{"@type":"EntryPoint","urlTemplate":"https:\/\/www.africa-press.net\/cotedivoire\/?s={search_term_string}"},"query-input":{"@type":"PropertyValueSpecification","valueRequired":true,"valueName":"search_term_string"}}],"inLanguage":"fr-FR"},{"@type":"Person","@id":"https:\/\/www.africa-press.net\/cotedivoire\/#\/schema\/person\/2b1cf3cd81a31e3cd26889ca66d677f1","name":"cfeditorfr"}]}},"_links":{"self":[{"href":"https:\/\/www.africa-press.net\/cotedivoire\/wp-json\/wp\/v2\/posts\/65174","targetHints":{"allow":["GET"]}}],"collection":[{"href":"https:\/\/www.africa-press.net\/cotedivoire\/wp-json\/wp\/v2\/posts"}],"about":[{"href":"https:\/\/www.africa-press.net\/cotedivoire\/wp-json\/wp\/v2\/types\/post"}],"author":[{"embeddable":true,"href":"https:\/\/www.africa-press.net\/cotedivoire\/wp-json\/wp\/v2\/users\/82"}],"replies":[{"embeddable":true,"href":"https:\/\/www.africa-press.net\/cotedivoire\/wp-json\/wp\/v2\/comments?post=65174"}],"version-history":[{"count":0,"href":"https:\/\/www.africa-press.net\/cotedivoire\/wp-json\/wp\/v2\/posts\/65174\/revisions"}],"wp:featuredmedia":[{"embeddable":true,"href":"https:\/\/www.africa-press.net\/cotedivoire\/wp-json\/wp\/v2\/media\/65173"}],"wp:attachment":[{"href":"https:\/\/www.africa-press.net\/cotedivoire\/wp-json\/wp\/v2\/media?parent=65174"}],"wp:term":[{"taxonomy":"category","embeddable":true,"href":"https:\/\/www.africa-press.net\/cotedivoire\/wp-json\/wp\/v2\/categories?post=65174"},{"taxonomy":"post_tag","embeddable":true,"href":"https:\/\/www.africa-press.net\/cotedivoire\/wp-json\/wp\/v2\/tags?post=65174"}],"curies":[{"name":"wp","href":"https:\/\/api.w.org\/{rel}","templated":true}]}}