{"id":65264,"date":"2023-09-15T14:50:13","date_gmt":"2023-09-15T14:50:13","guid":{"rendered":"https:\/\/www.africa-press.net\/cotedivoire\/politique\/une-societe-filiale-du-groupe-snedai-de-bictogo-porte-plainte-contre-x-aupres-du-procureur-de-la-republique-pour-malversations"},"modified":"2023-09-15T15:16:19","modified_gmt":"2023-09-15T15:16:19","slug":"une-societe-filiale-du-groupe-snedai-de-bictogo-porte-plainte-contre-x-aupres-du-procureur-de-la-republique-pour-malversations","status":"publish","type":"post","link":"https:\/\/www.africa-press.net\/cotedivoire\/toutes-les-actualites\/une-societe-filiale-du-groupe-snedai-de-bictogo-porte-plainte-contre-x-aupres-du-procureur-de-la-republique-pour-malversations","title":{"rendered":"Une soci\u00e9t\u00e9 filiale du groupe SNEDAI de Bictogo porte plainte contre X aupr\u00e8s du Procureur de la R\u00e9publique pour \u00ab malversations \u00bb"},"content":{"rendered":"<p><span style=\"color: #ff6600\"><strong>Africa-Press &#8211; C\u00f4te d&rsquo;Ivoire. <\/strong><\/span>La socie\u0301te\u0301 MEDAFRIQUE, filiale du Groupe SNEDAI dirige\u0301 par Adama Bictogo , a porte\u0301 plainte contre X aupre\u0300s du Procureur de la Re\u0301publique pour des faits de de\u0301tournement et de faux en e\u0301criture prive\u0301e de commerce, rapporte une note transmise ce vendredi 15 septembre 2023 a\u0300 KOACI.<\/p>\n<p>Selon la note, les investigations se poursuivent en collaboration avec les autorite\u0301s compe\u0301tentes afin de situer les responsabilite\u0301s et retrouver les auteurs de ces faits.<\/p>\n<p>\u00ab Paralle\u0300lement, des mesures de se\u0301curite\u0301 et de contro\u0302le interne plus strictes sont en cours de de\u0301ploiement afin de pre\u0301venir de tels incidents. Le Groupe SNEDAI tient a\u0300 signaler que ces actes de\u0301lictueux ne refle\u0300tent en aucun cas ses valeurs et re\u0301affirme son engagement a\u0300 agir avec inte\u0301grite\u0301 et transparence afin de maintenir la confiance et pre\u0301server la re\u0301putation de son organisation \u00bb, rele\u0300ve-t-on.<\/p>\n<p>Le Groupe SNEDAI tient e\u0301galement a\u0300 rappeler que cette situation n\u2019a aucun impact sur le bon de\u0301roulement et la poursuite de ses activite\u0301s.<\/p>\n<p>Par ailleurs, et ce, depuis le 12 septembre 2023, le groupe fonde\u0301 par le Pre\u0301sident de l\u2019Assemble\u0301e Nationale ivoirienne, nous apprend que des mesures conservatoires ont e\u0301te\u0301 prises en attendant les re\u0301sultats des enque\u0302tes en cours.<\/p>\n<p>\u00ab En tant qu\u2019entreprise responsable, le Groupe SNEDAI est de\u0301termine\u0301 a\u0300 tirer les lec\u0327ons de cette situation et a\u0300 prendre toutes les mesures ne\u0301cessaires pour e\u0301viter la re\u0301ite\u0301ration de tels e\u0301ve\u0300nements. La confiance et l\u2019inte\u0301grite\u0301 sont des valeurs essentielles auxquelles restent attache\u0301s le Groupe SNEDAI et l\u2019ensemble de ses filiales exerc\u0327ant tant en Co\u0302te d\u2019Ivoire que dans la sous-re\u0301gion \u00bb, poursuit le document.<\/p>\n<p>Enfin, le Groupe informe qu\u2019il demeure engage\u0301 a\u0300 respecter les hauts standards de bonne conduite et a\u0300 observer une parfaite transparence dans toutes ses activite\u0301s.<\/p>\n<p>Donatien Kautcha, Abidjan<\/p>\n<p><strong>Pour plus d&rsquo;informations et d&rsquo;analyses sur la <a href=\"https:\/\/www.africa-press.net\/cotedivoire\">C\u00f4te d&rsquo;Ivoire<\/a>, suivez <a href=\"https:\/\/www.africa-press.net\/\">Africa-Press<\/a><\/strong><\/p>\n","protected":false},"excerpt":{"rendered":"<p>Africa-Press &#8211; C\u00f4te d&rsquo;Ivoire. La socie\u0301te\u0301 MEDAFRIQUE, filiale du Groupe SNEDAI dirige\u0301 par Adama Bictogo , a porte\u0301 plainte contre X aupre\u0300s du Procureur de la Re\u0301publique pour des faits de de\u0301tournement et de faux en e\u0301criture prive\u0301e de commerce, rapporte une note transmise ce vendredi 15 septembre 2023 a\u0300 KOACI. Selon la note, les [&hellip;]<\/p>\n","protected":false},"author":82,"featured_media":65262,"comment_status":"open","ping_status":"closed","sticky":false,"template":"","format":"standard","meta":{"footnotes":""},"categories":[21,10],"tags":[1265,56,63,29,7307,11200,6436,53],"class_list":["post-65264","post","type-post","status-publish","format-standard","has-post-thumbnail","hentry","category-communaute","category-toutes-les-actualites","tag-adama-bictogo","tag-africa-press","tag-africa-press-cote-divoire","tag-cote-divoire","tag-malversations","tag-medafrique","tag-snedai","tag-societe"],"yoast_head":"<!-- This site is optimized with the Yoast SEO Premium plugin v26.1 (Yoast SEO v27.0) - https:\/\/yoast.com\/product\/yoast-seo-premium-wordpress\/ -->\n<title>Une soci\u00e9t\u00e9 filiale du groupe SNEDAI de Bictogo porte plainte contre X aupr\u00e8s du Procureur de la R\u00e9publique pour \u00ab malversations \u00bb - C\u00f4te d&#039;Ivoire<\/title>\n<meta name=\"description\" content=\"La socie\u0301te\u0301 MEDAFRIQUE, filiale du Groupe SNEDAI dirige\u0301 par Adama Bictogo , a porte\u0301 plainte contre X aupre\u0300s du Procu ...\" \/>\n<meta name=\"robots\" content=\"index, follow, max-snippet:-1, max-image-preview:large, max-video-preview:-1\" \/>\n<link rel=\"canonical\" href=\"https:\/\/www.africa-press.net\/cotedivoire\/toutes-les-actualites\/une-societe-filiale-du-groupe-snedai-de-bictogo-porte-plainte-contre-x-aupres-du-procureur-de-la-republique-pour-malversations\" \/>\n<meta property=\"og:locale\" content=\"fr_FR\" \/>\n<meta property=\"og:type\" content=\"article\" \/>\n<meta property=\"og:title\" content=\"Une soci\u00e9t\u00e9 filiale du groupe SNEDAI de Bictogo porte plainte contre X aupr\u00e8s du Procureur de la R\u00e9publique pour \u00ab malversations \u00bb\" \/>\n<meta property=\"og:description\" content=\"La socie\u0301te\u0301 MEDAFRIQUE, filiale du Groupe SNEDAI dirige\u0301 par Adama Bictogo , a porte\u0301 plainte contre X aupre\u0300s du Procu ...\" \/>\n<meta property=\"og:url\" content=\"https:\/\/www.africa-press.net\/cotedivoire\/toutes-les-actualites\/une-societe-filiale-du-groupe-snedai-de-bictogo-porte-plainte-contre-x-aupres-du-procureur-de-la-republique-pour-malversations\" \/>\n<meta property=\"og:site_name\" content=\"C\u00f4te d&#039;Ivoire\" \/>\n<meta property=\"article:published_time\" content=\"2023-09-15T14:50:13+00:00\" \/>\n<meta property=\"article:modified_time\" content=\"2023-09-15T15:16:19+00:00\" \/>\n<meta property=\"og:image\" content=\"https:\/\/static.africa-press.net\/cote\/sites\/43\/2023\/09\/sm_1694778322.604792.jpg\" \/>\n\t<meta property=\"og:image:width\" content=\"720\" \/>\n\t<meta property=\"og:image:height\" content=\"404\" \/>\n\t<meta property=\"og:image:type\" content=\"image\/jpeg\" \/>\n<meta name=\"author\" content=\"cfeditorfr\" \/>\n<meta name=\"twitter:card\" content=\"summary_large_image\" \/>\n<meta name=\"twitter:label1\" content=\"\u00c9crit par\" \/>\n\t<meta name=\"twitter:data1\" content=\"cfeditorfr\" \/>\n\t<meta name=\"twitter:label2\" content=\"Dur\u00e9e de lecture estim\u00e9e\" \/>\n\t<meta name=\"twitter:data2\" content=\"2 minutes\" \/>\n<script type=\"application\/ld+json\" class=\"yoast-schema-graph\">{\"@context\":\"https:\/\/schema.org\",\"@graph\":[{\"@type\":\"Article\",\"@id\":\"https:\/\/www.africa-press.net\/cotedivoire\/toutes-les-actualites\/une-societe-filiale-du-groupe-snedai-de-bictogo-porte-plainte-contre-x-aupres-du-procureur-de-la-republique-pour-malversations#article\",\"isPartOf\":{\"@id\":\"https:\/\/www.africa-press.net\/cotedivoire\/toutes-les-actualites\/une-societe-filiale-du-groupe-snedai-de-bictogo-porte-plainte-contre-x-aupres-du-procureur-de-la-republique-pour-malversations\"},\"author\":{\"name\":\"cfeditorfr\",\"@id\":\"https:\/\/www.africa-press.net\/cotedivoire\/#\/schema\/person\/2b1cf3cd81a31e3cd26889ca66d677f1\"},\"headline\":\"Une soci\u00e9t\u00e9 filiale du groupe SNEDAI de Bictogo porte plainte contre X aupr\u00e8s du Procureur de la R\u00e9publique pour \u00ab malversations \u00bb\",\"datePublished\":\"2023-09-15T14:50:13+00:00\",\"dateModified\":\"2023-09-15T15:16:19+00:00\",\"mainEntityOfPage\":{\"@id\":\"https:\/\/www.africa-press.net\/cotedivoire\/toutes-les-actualites\/une-societe-filiale-du-groupe-snedai-de-bictogo-porte-plainte-contre-x-aupres-du-procureur-de-la-republique-pour-malversations\"},\"wordCount\":371,\"commentCount\":0,\"image\":{\"@id\":\"https:\/\/www.africa-press.net\/cotedivoire\/toutes-les-actualites\/une-societe-filiale-du-groupe-snedai-de-bictogo-porte-plainte-contre-x-aupres-du-procureur-de-la-republique-pour-malversations#primaryimage\"},\"thumbnailUrl\":\"https:\/\/static.africa-press.net\/cote\/sites\/43\/2023\/09\/sm_1694778322.604792.jpg\",\"keywords\":[\"Adama Bictogo\",\"Africa Press\",\"Africa Press-C\u00f4te d'Ivoire\",\"C\u00d4TE D'IVOIRE\",\"Malversations\",\"MEDAFRIQUE\",\"Snedai\",\"Soci\u00e9t\u00e9\"],\"articleSection\":[\"Communaut\u00e9\",\"Toutes les actualit\u00e9s\"],\"inLanguage\":\"fr-FR\",\"potentialAction\":[{\"@type\":\"CommentAction\",\"name\":\"Comment\",\"target\":[\"https:\/\/www.africa-press.net\/cotedivoire\/toutes-les-actualites\/une-societe-filiale-du-groupe-snedai-de-bictogo-porte-plainte-contre-x-aupres-du-procureur-de-la-republique-pour-malversations#respond\"]}]},{\"@type\":\"WebPage\",\"@id\":\"https:\/\/www.africa-press.net\/cotedivoire\/toutes-les-actualites\/une-societe-filiale-du-groupe-snedai-de-bictogo-porte-plainte-contre-x-aupres-du-procureur-de-la-republique-pour-malversations\",\"url\":\"https:\/\/www.africa-press.net\/cotedivoire\/toutes-les-actualites\/une-societe-filiale-du-groupe-snedai-de-bictogo-porte-plainte-contre-x-aupres-du-procureur-de-la-republique-pour-malversations\",\"name\":\"Une soci\u00e9t\u00e9 filiale du groupe SNEDAI de Bictogo porte plainte contre X aupr\u00e8s du Procureur de la R\u00e9publique pour \u00ab malversations \u00bb - C\u00f4te d&#039;Ivoire\",\"isPartOf\":{\"@id\":\"https:\/\/www.africa-press.net\/cotedivoire\/#website\"},\"primaryImageOfPage\":{\"@id\":\"https:\/\/www.africa-press.net\/cotedivoire\/toutes-les-actualites\/une-societe-filiale-du-groupe-snedai-de-bictogo-porte-plainte-contre-x-aupres-du-procureur-de-la-republique-pour-malversations#primaryimage\"},\"image\":{\"@id\":\"https:\/\/www.africa-press.net\/cotedivoire\/toutes-les-actualites\/une-societe-filiale-du-groupe-snedai-de-bictogo-porte-plainte-contre-x-aupres-du-procureur-de-la-republique-pour-malversations#primaryimage\"},\"thumbnailUrl\":\"https:\/\/static.africa-press.net\/cote\/sites\/43\/2023\/09\/sm_1694778322.604792.jpg\",\"datePublished\":\"2023-09-15T14:50:13+00:00\",\"dateModified\":\"2023-09-15T15:16:19+00:00\",\"author\":{\"@id\":\"https:\/\/www.africa-press.net\/cotedivoire\/#\/schema\/person\/2b1cf3cd81a31e3cd26889ca66d677f1\"},\"description\":\"La socie\u0301te\u0301 MEDAFRIQUE, filiale du Groupe SNEDAI dirige\u0301 par Adama Bictogo , a porte\u0301 plainte contre X aupre\u0300s du Procu ...\",\"breadcrumb\":{\"@id\":\"https:\/\/www.africa-press.net\/cotedivoire\/toutes-les-actualites\/une-societe-filiale-du-groupe-snedai-de-bictogo-porte-plainte-contre-x-aupres-du-procureur-de-la-republique-pour-malversations#breadcrumb\"},\"inLanguage\":\"fr-FR\",\"potentialAction\":[{\"@type\":\"ReadAction\",\"target\":[\"https:\/\/www.africa-press.net\/cotedivoire\/toutes-les-actualites\/une-societe-filiale-du-groupe-snedai-de-bictogo-porte-plainte-contre-x-aupres-du-procureur-de-la-republique-pour-malversations\"]}]},{\"@type\":\"ImageObject\",\"inLanguage\":\"fr-FR\",\"@id\":\"https:\/\/www.africa-press.net\/cotedivoire\/toutes-les-actualites\/une-societe-filiale-du-groupe-snedai-de-bictogo-porte-plainte-contre-x-aupres-du-procureur-de-la-republique-pour-malversations#primaryimage\",\"url\":\"https:\/\/static.africa-press.net\/cote\/sites\/43\/2023\/09\/sm_1694778322.604792.jpg\",\"contentUrl\":\"https:\/\/static.africa-press.net\/cote\/sites\/43\/2023\/09\/sm_1694778322.604792.jpg\",\"width\":720,\"height\":404,\"caption\":\"Une soci\u00e9t\u00e9 filiale du groupe SNEDAI de Bictogo porte plainte contre X aupr\u00e8s du Procureur de la R\u00e9publique pour \u00ab malversations \u00bb\"},{\"@type\":\"BreadcrumbList\",\"@id\":\"https:\/\/www.africa-press.net\/cotedivoire\/toutes-les-actualites\/une-societe-filiale-du-groupe-snedai-de-bictogo-porte-plainte-contre-x-aupres-du-procureur-de-la-republique-pour-malversations#breadcrumb\",\"itemListElement\":[{\"@type\":\"ListItem\",\"position\":1,\"name\":\"Accueil\",\"item\":\"https:\/\/www.africa-press.net\/cotedivoire\/\"},{\"@type\":\"ListItem\",\"position\":2,\"name\":\"Une soci\u00e9t\u00e9 filiale du groupe SNEDAI de Bictogo porte plainte contre X aupr\u00e8s du Procureur de la R\u00e9publique pour \u00ab malversations \u00bb\"}]},{\"@type\":\"WebSite\",\"@id\":\"https:\/\/www.africa-press.net\/cotedivoire\/#website\",\"url\":\"https:\/\/www.africa-press.net\/cotedivoire\/\",\"name\":\"C\u00f4te d&#039;Ivoire\",\"description\":\"Just another Africa News Agency Sites site\",\"potentialAction\":[{\"@type\":\"SearchAction\",\"target\":{\"@type\":\"EntryPoint\",\"urlTemplate\":\"https:\/\/www.africa-press.net\/cotedivoire\/?s={search_term_string}\"},\"query-input\":{\"@type\":\"PropertyValueSpecification\",\"valueRequired\":true,\"valueName\":\"search_term_string\"}}],\"inLanguage\":\"fr-FR\"},{\"@type\":\"Person\",\"@id\":\"https:\/\/www.africa-press.net\/cotedivoire\/#\/schema\/person\/2b1cf3cd81a31e3cd26889ca66d677f1\",\"name\":\"cfeditorfr\"}]}<\/script>\n<!-- \/ Yoast SEO Premium plugin. -->","yoast_head_json":{"title":"Une soci\u00e9t\u00e9 filiale du groupe SNEDAI de Bictogo porte plainte contre X aupr\u00e8s du Procureur de la R\u00e9publique pour \u00ab malversations \u00bb - C\u00f4te d&#039;Ivoire","description":"La socie\u0301te\u0301 MEDAFRIQUE, filiale du Groupe SNEDAI dirige\u0301 par Adama Bictogo , a porte\u0301 plainte contre X aupre\u0300s du Procu ...","robots":{"index":"index","follow":"follow","max-snippet":"max-snippet:-1","max-image-preview":"max-image-preview:large","max-video-preview":"max-video-preview:-1"},"canonical":"https:\/\/www.africa-press.net\/cotedivoire\/toutes-les-actualites\/une-societe-filiale-du-groupe-snedai-de-bictogo-porte-plainte-contre-x-aupres-du-procureur-de-la-republique-pour-malversations","og_locale":"fr_FR","og_type":"article","og_title":"Une soci\u00e9t\u00e9 filiale du groupe SNEDAI de Bictogo porte plainte contre X aupr\u00e8s du Procureur de la R\u00e9publique pour \u00ab malversations \u00bb","og_description":"La socie\u0301te\u0301 MEDAFRIQUE, filiale du Groupe SNEDAI dirige\u0301 par Adama Bictogo , a porte\u0301 plainte contre X aupre\u0300s du Procu ...","og_url":"https:\/\/www.africa-press.net\/cotedivoire\/toutes-les-actualites\/une-societe-filiale-du-groupe-snedai-de-bictogo-porte-plainte-contre-x-aupres-du-procureur-de-la-republique-pour-malversations","og_site_name":"C\u00f4te d&#039;Ivoire","article_published_time":"2023-09-15T14:50:13+00:00","article_modified_time":"2023-09-15T15:16:19+00:00","og_image":[{"width":720,"height":404,"url":"https:\/\/static.africa-press.net\/cote\/sites\/43\/2023\/09\/sm_1694778322.604792.jpg","type":"image\/jpeg"}],"author":"cfeditorfr","twitter_card":"summary_large_image","twitter_misc":{"\u00c9crit par":"cfeditorfr","Dur\u00e9e de lecture estim\u00e9e":"2 minutes"},"schema":{"@context":"https:\/\/schema.org","@graph":[{"@type":"Article","@id":"https:\/\/www.africa-press.net\/cotedivoire\/toutes-les-actualites\/une-societe-filiale-du-groupe-snedai-de-bictogo-porte-plainte-contre-x-aupres-du-procureur-de-la-republique-pour-malversations#article","isPartOf":{"@id":"https:\/\/www.africa-press.net\/cotedivoire\/toutes-les-actualites\/une-societe-filiale-du-groupe-snedai-de-bictogo-porte-plainte-contre-x-aupres-du-procureur-de-la-republique-pour-malversations"},"author":{"name":"cfeditorfr","@id":"https:\/\/www.africa-press.net\/cotedivoire\/#\/schema\/person\/2b1cf3cd81a31e3cd26889ca66d677f1"},"headline":"Une soci\u00e9t\u00e9 filiale du groupe SNEDAI de Bictogo porte plainte contre X aupr\u00e8s du Procureur de la R\u00e9publique pour \u00ab malversations \u00bb","datePublished":"2023-09-15T14:50:13+00:00","dateModified":"2023-09-15T15:16:19+00:00","mainEntityOfPage":{"@id":"https:\/\/www.africa-press.net\/cotedivoire\/toutes-les-actualites\/une-societe-filiale-du-groupe-snedai-de-bictogo-porte-plainte-contre-x-aupres-du-procureur-de-la-republique-pour-malversations"},"wordCount":371,"commentCount":0,"image":{"@id":"https:\/\/www.africa-press.net\/cotedivoire\/toutes-les-actualites\/une-societe-filiale-du-groupe-snedai-de-bictogo-porte-plainte-contre-x-aupres-du-procureur-de-la-republique-pour-malversations#primaryimage"},"thumbnailUrl":"https:\/\/static.africa-press.net\/cote\/sites\/43\/2023\/09\/sm_1694778322.604792.jpg","keywords":["Adama Bictogo","Africa Press","Africa Press-C\u00f4te d'Ivoire","C\u00d4TE D'IVOIRE","Malversations","MEDAFRIQUE","Snedai","Soci\u00e9t\u00e9"],"articleSection":["Communaut\u00e9","Toutes les actualit\u00e9s"],"inLanguage":"fr-FR","potentialAction":[{"@type":"CommentAction","name":"Comment","target":["https:\/\/www.africa-press.net\/cotedivoire\/toutes-les-actualites\/une-societe-filiale-du-groupe-snedai-de-bictogo-porte-plainte-contre-x-aupres-du-procureur-de-la-republique-pour-malversations#respond"]}]},{"@type":"WebPage","@id":"https:\/\/www.africa-press.net\/cotedivoire\/toutes-les-actualites\/une-societe-filiale-du-groupe-snedai-de-bictogo-porte-plainte-contre-x-aupres-du-procureur-de-la-republique-pour-malversations","url":"https:\/\/www.africa-press.net\/cotedivoire\/toutes-les-actualites\/une-societe-filiale-du-groupe-snedai-de-bictogo-porte-plainte-contre-x-aupres-du-procureur-de-la-republique-pour-malversations","name":"Une soci\u00e9t\u00e9 filiale du groupe SNEDAI de Bictogo porte plainte contre X aupr\u00e8s du Procureur de la R\u00e9publique pour \u00ab malversations \u00bb - C\u00f4te d&#039;Ivoire","isPartOf":{"@id":"https:\/\/www.africa-press.net\/cotedivoire\/#website"},"primaryImageOfPage":{"@id":"https:\/\/www.africa-press.net\/cotedivoire\/toutes-les-actualites\/une-societe-filiale-du-groupe-snedai-de-bictogo-porte-plainte-contre-x-aupres-du-procureur-de-la-republique-pour-malversations#primaryimage"},"image":{"@id":"https:\/\/www.africa-press.net\/cotedivoire\/toutes-les-actualites\/une-societe-filiale-du-groupe-snedai-de-bictogo-porte-plainte-contre-x-aupres-du-procureur-de-la-republique-pour-malversations#primaryimage"},"thumbnailUrl":"https:\/\/static.africa-press.net\/cote\/sites\/43\/2023\/09\/sm_1694778322.604792.jpg","datePublished":"2023-09-15T14:50:13+00:00","dateModified":"2023-09-15T15:16:19+00:00","author":{"@id":"https:\/\/www.africa-press.net\/cotedivoire\/#\/schema\/person\/2b1cf3cd81a31e3cd26889ca66d677f1"},"description":"La socie\u0301te\u0301 MEDAFRIQUE, filiale du Groupe SNEDAI dirige\u0301 par Adama Bictogo , a porte\u0301 plainte contre X aupre\u0300s du Procu ...","breadcrumb":{"@id":"https:\/\/www.africa-press.net\/cotedivoire\/toutes-les-actualites\/une-societe-filiale-du-groupe-snedai-de-bictogo-porte-plainte-contre-x-aupres-du-procureur-de-la-republique-pour-malversations#breadcrumb"},"inLanguage":"fr-FR","potentialAction":[{"@type":"ReadAction","target":["https:\/\/www.africa-press.net\/cotedivoire\/toutes-les-actualites\/une-societe-filiale-du-groupe-snedai-de-bictogo-porte-plainte-contre-x-aupres-du-procureur-de-la-republique-pour-malversations"]}]},{"@type":"ImageObject","inLanguage":"fr-FR","@id":"https:\/\/www.africa-press.net\/cotedivoire\/toutes-les-actualites\/une-societe-filiale-du-groupe-snedai-de-bictogo-porte-plainte-contre-x-aupres-du-procureur-de-la-republique-pour-malversations#primaryimage","url":"https:\/\/static.africa-press.net\/cote\/sites\/43\/2023\/09\/sm_1694778322.604792.jpg","contentUrl":"https:\/\/static.africa-press.net\/cote\/sites\/43\/2023\/09\/sm_1694778322.604792.jpg","width":720,"height":404,"caption":"Une soci\u00e9t\u00e9 filiale du groupe SNEDAI de Bictogo porte plainte contre X aupr\u00e8s du Procureur de la R\u00e9publique pour \u00ab malversations \u00bb"},{"@type":"BreadcrumbList","@id":"https:\/\/www.africa-press.net\/cotedivoire\/toutes-les-actualites\/une-societe-filiale-du-groupe-snedai-de-bictogo-porte-plainte-contre-x-aupres-du-procureur-de-la-republique-pour-malversations#breadcrumb","itemListElement":[{"@type":"ListItem","position":1,"name":"Accueil","item":"https:\/\/www.africa-press.net\/cotedivoire\/"},{"@type":"ListItem","position":2,"name":"Une soci\u00e9t\u00e9 filiale du groupe SNEDAI de Bictogo porte plainte contre X aupr\u00e8s du Procureur de la R\u00e9publique pour \u00ab malversations \u00bb"}]},{"@type":"WebSite","@id":"https:\/\/www.africa-press.net\/cotedivoire\/#website","url":"https:\/\/www.africa-press.net\/cotedivoire\/","name":"C\u00f4te d&#039;Ivoire","description":"Just another Africa News Agency Sites site","potentialAction":[{"@type":"SearchAction","target":{"@type":"EntryPoint","urlTemplate":"https:\/\/www.africa-press.net\/cotedivoire\/?s={search_term_string}"},"query-input":{"@type":"PropertyValueSpecification","valueRequired":true,"valueName":"search_term_string"}}],"inLanguage":"fr-FR"},{"@type":"Person","@id":"https:\/\/www.africa-press.net\/cotedivoire\/#\/schema\/person\/2b1cf3cd81a31e3cd26889ca66d677f1","name":"cfeditorfr"}]}},"_links":{"self":[{"href":"https:\/\/www.africa-press.net\/cotedivoire\/wp-json\/wp\/v2\/posts\/65264","targetHints":{"allow":["GET"]}}],"collection":[{"href":"https:\/\/www.africa-press.net\/cotedivoire\/wp-json\/wp\/v2\/posts"}],"about":[{"href":"https:\/\/www.africa-press.net\/cotedivoire\/wp-json\/wp\/v2\/types\/post"}],"author":[{"embeddable":true,"href":"https:\/\/www.africa-press.net\/cotedivoire\/wp-json\/wp\/v2\/users\/82"}],"replies":[{"embeddable":true,"href":"https:\/\/www.africa-press.net\/cotedivoire\/wp-json\/wp\/v2\/comments?post=65264"}],"version-history":[{"count":0,"href":"https:\/\/www.africa-press.net\/cotedivoire\/wp-json\/wp\/v2\/posts\/65264\/revisions"}],"wp:featuredmedia":[{"embeddable":true,"href":"https:\/\/www.africa-press.net\/cotedivoire\/wp-json\/wp\/v2\/media\/65262"}],"wp:attachment":[{"href":"https:\/\/www.africa-press.net\/cotedivoire\/wp-json\/wp\/v2\/media?parent=65264"}],"wp:term":[{"taxonomy":"category","embeddable":true,"href":"https:\/\/www.africa-press.net\/cotedivoire\/wp-json\/wp\/v2\/categories?post=65264"},{"taxonomy":"post_tag","embeddable":true,"href":"https:\/\/www.africa-press.net\/cotedivoire\/wp-json\/wp\/v2\/tags?post=65264"}],"curies":[{"name":"wp","href":"https:\/\/api.w.org\/{rel}","templated":true}]}}