{"id":65269,"date":"2023-09-15T14:52:00","date_gmt":"2023-09-15T14:52:00","guid":{"rendered":"https:\/\/www.africa-press.net\/cotedivoire\/politique\/le-risque-de-surendettement-juge-modere-selon-le-ministre-moussa-sanogo"},"modified":"2023-09-15T15:17:45","modified_gmt":"2023-09-15T15:17:45","slug":"le-risque-de-surendettement-juge-modere-selon-le-ministre-moussa-sanogo","status":"publish","type":"post","link":"https:\/\/www.africa-press.net\/cotedivoire\/economie\/le-risque-de-surendettement-juge-modere-selon-le-ministre-moussa-sanogo","title":{"rendered":"Le risque de surendettement jug\u00e9 mod\u00e9r\u00e9 selon le ministre Moussa Sanogo"},"content":{"rendered":"<p><span style=\"color: #ff6600\"><strong>Africa-Press &#8211; C\u00f4te d&rsquo;Ivoire. <\/strong><\/span>Le risque de surendettement de la Co\u0302te d\u2019Ivoire est juge\u0301 mode\u0301re\u0301, a affirme\u0301 devant la presse le ministre du Budget et du Portefeuille de l\u2019Etat, Moussa Sanogo, le jeudi 14 septembre 2023.<\/p>\n<p>\u00ab\u00a0Donner un niveau de dette ne permet pas d\u2019en de\u0301duire grande chose. On ne peut appre\u0301cier la dette que par rapport a\u0300 un niveau de soutenabilite\u0301 de la dette. Le risque de surendettement de la Co\u0302te d\u2019Ivoire est juge\u0301 mode\u0301re\u0301\u00a0\u00bb, a de\u0301clare\u0301 le ministre Moussa Sanogo.<\/p>\n<p>Porte\u0301 par une volonte\u0301 de transparence dans la gestion de la dette publique, la Co\u0302te d\u2019Ivoire a rendu publique son niveau d\u2019endettement. Il est consultable sur internet, a fait savoir le ministre du Budget et du Portefeuille de l\u2019Etat.<\/p>\n<p>Sur les passations de marche\u0301s, d\u2019importants efforts ont e\u0301te\u0301 faits, a\u0300 en croire Moussa Sanogo, puisque le taux de passation de marche\u0301 de gre\u0301 a\u0300 gre\u0301 est passe\u0301 de 17% en 2017 a\u0300 11% en 2021. \u2018\u2019Le taux de marche\u0301 de gre\u0301 a\u0300 gre\u0301 qui se situe entre 10 a\u0300 11% ne plonge pas la Co\u0302te dans l\u2019exce\u0300s en matie\u0300re de proce\u0301dure non concurrentielle\u2019\u2019, se fe\u0301licite le ministre. Il a rappele\u0301 cependant que \u2018\u2019le marche\u0301 de gre\u0301 a\u0300 gre\u0301 est une proce\u0301dure le\u0301gale re\u0301sultant de situations d\u2019urgence impe\u0301rieuse\u2019\u2019.<\/p>\n<p>Moussa Sanogo a affirme\u0301 que la Co\u0302te d\u2019Ivoire subit des audits chaque anne\u0301e. \u00ab Jusque-la\u0300 ,les re\u0301sultats sont en notre faveur \u00bb, a-t-il souligne\u0301.<\/p>\n<p>Le fraichement e\u0301lu pre\u0301sident du Conseil Re\u0301gional du Bafing a rappele\u0301 a\u0300 l\u2019attention de ceux qui seraient dans le besoin, que le journal des marche\u0301s publics est disponible en ligne sur le site web du ministe\u0300re www.budget.gouv.ci.<\/p>\n<p>En ce qui concerne les audits dans les entreprises, le confe\u0301rencier a assure\u0301 que \u00ab cela se passe bien \u00bb. Il a insiste\u0301 sur le fait que l\u2019audit est un outil important pour ame\u0301liorer le processus du travail dans une socie\u0301te\u0301.<\/p>\n<p>Revenant sur la question de l\u2019assainissement des de\u0301penses publiques, le ministre du Budget et du Portefeuille de l\u2019Etat a fait e\u0301tat de mesures prises a\u0300 cet effet. Il a e\u0301voque\u0301 des outils de contro\u0302le tels que le scanner, la vide\u0301osurveillance, le syste\u0300me d\u2019informations, etc.<\/p>\n<p>Le budget de l&rsquo;Etat est passe\u0301 de 3 189 milliards FCFA en 2012 a\u0300 11 694 milliards FCFA en 2023<\/p>\n<p>Le budget de l\u2019Etat de Co\u0302te d\u2019Ivoire est passe\u0301 de 3 189 milliards FCFA en 2012 a\u0300 11 694 milliards FCFA en 2023, signe de progre\u0300s e\u0301conomique important.<\/p>\n<p>\u00ab La Co\u0302te d\u2019Ivoire a connu des progre\u0300s assez importants. En 2012, le niveau de budget de l\u2019Etat qui e\u0301tait de 3 189 milliards FCFA est passe\u0301 a\u0300 11 694 milliards FCFA en 2023. Cela veut dire qu\u2019en une de\u0301cennie, le budget a e\u0301te\u0301 multiplie\u0301 par 3,5 \u00bb, a de\u0301clare\u0301 le ministre Moussa Sanogo.<\/p>\n<p>Selon le ministre du Budget et du portefeuille de l&rsquo;Etat, la transformation physique du pays est le fruit de cet important progre\u0300s e\u0301conomique. Poursuivant, il a souligne\u0301 que le niveau d\u2019investissements publics est passe\u0301 a\u0300 3 3 38 milliards FCFA en 2023 contre 608 milliards FCFA en 2012, soit une hausse de 5,5 points sur une de\u0301cennie.<\/p>\n<p>Pour la gestion des entreprises publiques, la Co\u0302te d\u2019Ivoire est passe\u0301e d\u2019un re\u0301sultat net de 1,4 milliards FCFA en 2017 a\u0300 un re\u0301sultat net de 55 milliards FCFA en 2021. Ce re\u0301sultat a e\u0301te\u0301 multiplie\u0301 par 39 en l\u2019espace de 5 ans.<\/p>\n<p>Il a rappele\u0301 que la Co\u0302te d\u2019Ivoire a mis en place des outils et des me\u0301canismes dont la mise en \u0153uvre a rendu l\u2019administration budge\u0301taire performante. Il s\u2019agit entre autres du budget programme qui se de\u0301finit par la gestion axe\u0301e sur le re\u0301sultat.<\/p>\n<p>De plus il y a eu la mise en place du syste\u0300me inte\u0301gre\u0301 de gestion des ope\u0301rations budge\u0301taires (SIGOBE) qui permet de ge\u0301rer l\u2019ensemble des ope\u0301rations budge\u0301taires, la cre\u0301ation de la plateforme e-fournisseur permettant de suivre en temps re\u0301el l\u2019e\u0301tat de traitement des commandes, du budget citoyen.<\/p>\n<p>En matie\u0300re de marche\u0301 public, il a e\u0301te\u0301 mis en place, selon le ministre, une banque de donne\u0301es de prix de re\u0301fe\u0301rence. L\u2019objectif e\u0301tant de permettre a\u0300 l\u2019Etat de payer la bonne de\u0301pense.<\/p>\n<p>Donatien Kautcha, Abidjan<\/p>\n<p><strong>Pour plus d&rsquo;informations et d&rsquo;analyses sur la <a href=\"https:\/\/www.africa-press.net\/cotedivoire\">C\u00f4te d&rsquo;Ivoire<\/a>, suivez <a href=\"https:\/\/www.africa-press.net\/\">Africa-Press<\/a><\/strong><\/p>\n","protected":false},"excerpt":{"rendered":"<p>Africa-Press &#8211; C\u00f4te d&rsquo;Ivoire. Le risque de surendettement de la Co\u0302te d\u2019Ivoire est juge\u0301 mode\u0301re\u0301, a affirme\u0301 devant la presse le ministre du Budget et du Portefeuille de l\u2019Etat, Moussa Sanogo, le jeudi 14 septembre 2023. \u00ab\u00a0Donner un niveau de dette ne permet pas d\u2019en de\u0301duire grande chose. On ne peut appre\u0301cier la dette que [&hellip;]<\/p>\n","protected":false},"author":82,"featured_media":65268,"comment_status":"open","ping_status":"closed","sticky":false,"template":"","format":"standard","meta":{"footnotes":""},"categories":[3,10],"tags":[56,63,29,2451,1102],"class_list":["post-65269","post","type-post","status-publish","format-standard","has-post-thumbnail","hentry","category-economie","category-toutes-les-actualites","tag-africa-press","tag-africa-press-cote-divoire","tag-cote-divoire","tag-dette","tag-moussa-sanogo"],"yoast_head":"<!-- This site is optimized with the Yoast SEO Premium plugin v26.1 (Yoast SEO v27.0) - https:\/\/yoast.com\/product\/yoast-seo-premium-wordpress\/ -->\n<title>Le risque de surendettement jug\u00e9 mod\u00e9r\u00e9 selon le ministre Moussa Sanogo - C\u00f4te d&#039;Ivoire<\/title>\n<meta name=\"description\" content=\"Le risque de surendettement de la Co\u0302te d\u2019Ivoire est juge\u0301 mode\u0301re\u0301, a affirme\u0301 devant la presse le ministre du Budget e ...\" \/>\n<meta name=\"robots\" content=\"index, follow, max-snippet:-1, max-image-preview:large, max-video-preview:-1\" \/>\n<link rel=\"canonical\" href=\"https:\/\/www.africa-press.net\/cotedivoire\/economie\/le-risque-de-surendettement-juge-modere-selon-le-ministre-moussa-sanogo\" \/>\n<meta property=\"og:locale\" content=\"fr_FR\" \/>\n<meta property=\"og:type\" content=\"article\" \/>\n<meta property=\"og:title\" content=\"Le risque de surendettement jug\u00e9 mod\u00e9r\u00e9 selon le ministre Moussa Sanogo\" \/>\n<meta property=\"og:description\" content=\"Le risque de surendettement de la Co\u0302te d\u2019Ivoire est juge\u0301 mode\u0301re\u0301, a affirme\u0301 devant la presse le ministre du Budget e ...\" \/>\n<meta property=\"og:url\" content=\"https:\/\/www.africa-press.net\/cotedivoire\/economie\/le-risque-de-surendettement-juge-modere-selon-le-ministre-moussa-sanogo\" \/>\n<meta property=\"og:site_name\" content=\"C\u00f4te d&#039;Ivoire\" \/>\n<meta property=\"article:published_time\" content=\"2023-09-15T14:52:00+00:00\" \/>\n<meta property=\"article:modified_time\" content=\"2023-09-15T15:17:45+00:00\" \/>\n<meta property=\"og:image\" content=\"https:\/\/static.africa-press.net\/cote\/sites\/43\/2023\/09\/sm_1694778410.420328.jpg\" \/>\n\t<meta property=\"og:image:width\" content=\"720\" \/>\n\t<meta property=\"og:image:height\" content=\"414\" \/>\n\t<meta property=\"og:image:type\" content=\"image\/jpeg\" \/>\n<meta name=\"author\" content=\"cfeditorfr\" \/>\n<meta name=\"twitter:card\" content=\"summary_large_image\" \/>\n<meta name=\"twitter:label1\" content=\"\u00c9crit par\" \/>\n\t<meta name=\"twitter:data1\" content=\"cfeditorfr\" \/>\n\t<meta name=\"twitter:label2\" content=\"Dur\u00e9e de lecture estim\u00e9e\" \/>\n\t<meta name=\"twitter:data2\" content=\"4 minutes\" \/>\n<script type=\"application\/ld+json\" class=\"yoast-schema-graph\">{\"@context\":\"https:\/\/schema.org\",\"@graph\":[{\"@type\":\"Article\",\"@id\":\"https:\/\/www.africa-press.net\/cotedivoire\/economie\/le-risque-de-surendettement-juge-modere-selon-le-ministre-moussa-sanogo#article\",\"isPartOf\":{\"@id\":\"https:\/\/www.africa-press.net\/cotedivoire\/economie\/le-risque-de-surendettement-juge-modere-selon-le-ministre-moussa-sanogo\"},\"author\":{\"name\":\"cfeditorfr\",\"@id\":\"https:\/\/www.africa-press.net\/cotedivoire\/#\/schema\/person\/2b1cf3cd81a31e3cd26889ca66d677f1\"},\"headline\":\"Le risque de surendettement jug\u00e9 mod\u00e9r\u00e9 selon le ministre Moussa Sanogo\",\"datePublished\":\"2023-09-15T14:52:00+00:00\",\"dateModified\":\"2023-09-15T15:17:45+00:00\",\"mainEntityOfPage\":{\"@id\":\"https:\/\/www.africa-press.net\/cotedivoire\/economie\/le-risque-de-surendettement-juge-modere-selon-le-ministre-moussa-sanogo\"},\"wordCount\":779,\"commentCount\":0,\"image\":{\"@id\":\"https:\/\/www.africa-press.net\/cotedivoire\/economie\/le-risque-de-surendettement-juge-modere-selon-le-ministre-moussa-sanogo#primaryimage\"},\"thumbnailUrl\":\"https:\/\/static.africa-press.net\/cote\/sites\/43\/2023\/09\/sm_1694778410.420328.jpg\",\"keywords\":[\"Africa Press\",\"Africa Press-C\u00f4te d'Ivoire\",\"C\u00d4TE D'IVOIRE\",\"dette\",\"Moussa Sanogo\"],\"articleSection\":[\"\u00c9conomie\",\"Toutes les actualit\u00e9s\"],\"inLanguage\":\"fr-FR\",\"potentialAction\":[{\"@type\":\"CommentAction\",\"name\":\"Comment\",\"target\":[\"https:\/\/www.africa-press.net\/cotedivoire\/economie\/le-risque-de-surendettement-juge-modere-selon-le-ministre-moussa-sanogo#respond\"]}]},{\"@type\":\"WebPage\",\"@id\":\"https:\/\/www.africa-press.net\/cotedivoire\/economie\/le-risque-de-surendettement-juge-modere-selon-le-ministre-moussa-sanogo\",\"url\":\"https:\/\/www.africa-press.net\/cotedivoire\/economie\/le-risque-de-surendettement-juge-modere-selon-le-ministre-moussa-sanogo\",\"name\":\"Le risque de surendettement jug\u00e9 mod\u00e9r\u00e9 selon le ministre Moussa Sanogo - C\u00f4te d&#039;Ivoire\",\"isPartOf\":{\"@id\":\"https:\/\/www.africa-press.net\/cotedivoire\/#website\"},\"primaryImageOfPage\":{\"@id\":\"https:\/\/www.africa-press.net\/cotedivoire\/economie\/le-risque-de-surendettement-juge-modere-selon-le-ministre-moussa-sanogo#primaryimage\"},\"image\":{\"@id\":\"https:\/\/www.africa-press.net\/cotedivoire\/economie\/le-risque-de-surendettement-juge-modere-selon-le-ministre-moussa-sanogo#primaryimage\"},\"thumbnailUrl\":\"https:\/\/static.africa-press.net\/cote\/sites\/43\/2023\/09\/sm_1694778410.420328.jpg\",\"datePublished\":\"2023-09-15T14:52:00+00:00\",\"dateModified\":\"2023-09-15T15:17:45+00:00\",\"author\":{\"@id\":\"https:\/\/www.africa-press.net\/cotedivoire\/#\/schema\/person\/2b1cf3cd81a31e3cd26889ca66d677f1\"},\"description\":\"Le risque de surendettement de la Co\u0302te d\u2019Ivoire est juge\u0301 mode\u0301re\u0301, a affirme\u0301 devant la presse le ministre du Budget e ...\",\"breadcrumb\":{\"@id\":\"https:\/\/www.africa-press.net\/cotedivoire\/economie\/le-risque-de-surendettement-juge-modere-selon-le-ministre-moussa-sanogo#breadcrumb\"},\"inLanguage\":\"fr-FR\",\"potentialAction\":[{\"@type\":\"ReadAction\",\"target\":[\"https:\/\/www.africa-press.net\/cotedivoire\/economie\/le-risque-de-surendettement-juge-modere-selon-le-ministre-moussa-sanogo\"]}]},{\"@type\":\"ImageObject\",\"inLanguage\":\"fr-FR\",\"@id\":\"https:\/\/www.africa-press.net\/cotedivoire\/economie\/le-risque-de-surendettement-juge-modere-selon-le-ministre-moussa-sanogo#primaryimage\",\"url\":\"https:\/\/static.africa-press.net\/cote\/sites\/43\/2023\/09\/sm_1694778410.420328.jpg\",\"contentUrl\":\"https:\/\/static.africa-press.net\/cote\/sites\/43\/2023\/09\/sm_1694778410.420328.jpg\",\"width\":720,\"height\":414,\"caption\":\"Le risque de surendettement jug\u00e9 mod\u00e9r\u00e9 selon le ministre Moussa Sanogo\"},{\"@type\":\"BreadcrumbList\",\"@id\":\"https:\/\/www.africa-press.net\/cotedivoire\/economie\/le-risque-de-surendettement-juge-modere-selon-le-ministre-moussa-sanogo#breadcrumb\",\"itemListElement\":[{\"@type\":\"ListItem\",\"position\":1,\"name\":\"Accueil\",\"item\":\"https:\/\/www.africa-press.net\/cotedivoire\/\"},{\"@type\":\"ListItem\",\"position\":2,\"name\":\"Le risque de surendettement jug\u00e9 mod\u00e9r\u00e9 selon le ministre Moussa Sanogo\"}]},{\"@type\":\"WebSite\",\"@id\":\"https:\/\/www.africa-press.net\/cotedivoire\/#website\",\"url\":\"https:\/\/www.africa-press.net\/cotedivoire\/\",\"name\":\"C\u00f4te d&#039;Ivoire\",\"description\":\"Just another Africa News Agency Sites site\",\"potentialAction\":[{\"@type\":\"SearchAction\",\"target\":{\"@type\":\"EntryPoint\",\"urlTemplate\":\"https:\/\/www.africa-press.net\/cotedivoire\/?s={search_term_string}\"},\"query-input\":{\"@type\":\"PropertyValueSpecification\",\"valueRequired\":true,\"valueName\":\"search_term_string\"}}],\"inLanguage\":\"fr-FR\"},{\"@type\":\"Person\",\"@id\":\"https:\/\/www.africa-press.net\/cotedivoire\/#\/schema\/person\/2b1cf3cd81a31e3cd26889ca66d677f1\",\"name\":\"cfeditorfr\"}]}<\/script>\n<!-- \/ Yoast SEO Premium plugin. -->","yoast_head_json":{"title":"Le risque de surendettement jug\u00e9 mod\u00e9r\u00e9 selon le ministre Moussa Sanogo - C\u00f4te d&#039;Ivoire","description":"Le risque de surendettement de la Co\u0302te d\u2019Ivoire est juge\u0301 mode\u0301re\u0301, a affirme\u0301 devant la presse le ministre du Budget e ...","robots":{"index":"index","follow":"follow","max-snippet":"max-snippet:-1","max-image-preview":"max-image-preview:large","max-video-preview":"max-video-preview:-1"},"canonical":"https:\/\/www.africa-press.net\/cotedivoire\/economie\/le-risque-de-surendettement-juge-modere-selon-le-ministre-moussa-sanogo","og_locale":"fr_FR","og_type":"article","og_title":"Le risque de surendettement jug\u00e9 mod\u00e9r\u00e9 selon le ministre Moussa Sanogo","og_description":"Le risque de surendettement de la Co\u0302te d\u2019Ivoire est juge\u0301 mode\u0301re\u0301, a affirme\u0301 devant la presse le ministre du Budget e ...","og_url":"https:\/\/www.africa-press.net\/cotedivoire\/economie\/le-risque-de-surendettement-juge-modere-selon-le-ministre-moussa-sanogo","og_site_name":"C\u00f4te d&#039;Ivoire","article_published_time":"2023-09-15T14:52:00+00:00","article_modified_time":"2023-09-15T15:17:45+00:00","og_image":[{"width":720,"height":414,"url":"https:\/\/static.africa-press.net\/cote\/sites\/43\/2023\/09\/sm_1694778410.420328.jpg","type":"image\/jpeg"}],"author":"cfeditorfr","twitter_card":"summary_large_image","twitter_misc":{"\u00c9crit par":"cfeditorfr","Dur\u00e9e de lecture estim\u00e9e":"4 minutes"},"schema":{"@context":"https:\/\/schema.org","@graph":[{"@type":"Article","@id":"https:\/\/www.africa-press.net\/cotedivoire\/economie\/le-risque-de-surendettement-juge-modere-selon-le-ministre-moussa-sanogo#article","isPartOf":{"@id":"https:\/\/www.africa-press.net\/cotedivoire\/economie\/le-risque-de-surendettement-juge-modere-selon-le-ministre-moussa-sanogo"},"author":{"name":"cfeditorfr","@id":"https:\/\/www.africa-press.net\/cotedivoire\/#\/schema\/person\/2b1cf3cd81a31e3cd26889ca66d677f1"},"headline":"Le risque de surendettement jug\u00e9 mod\u00e9r\u00e9 selon le ministre Moussa Sanogo","datePublished":"2023-09-15T14:52:00+00:00","dateModified":"2023-09-15T15:17:45+00:00","mainEntityOfPage":{"@id":"https:\/\/www.africa-press.net\/cotedivoire\/economie\/le-risque-de-surendettement-juge-modere-selon-le-ministre-moussa-sanogo"},"wordCount":779,"commentCount":0,"image":{"@id":"https:\/\/www.africa-press.net\/cotedivoire\/economie\/le-risque-de-surendettement-juge-modere-selon-le-ministre-moussa-sanogo#primaryimage"},"thumbnailUrl":"https:\/\/static.africa-press.net\/cote\/sites\/43\/2023\/09\/sm_1694778410.420328.jpg","keywords":["Africa Press","Africa Press-C\u00f4te d'Ivoire","C\u00d4TE D'IVOIRE","dette","Moussa Sanogo"],"articleSection":["\u00c9conomie","Toutes les actualit\u00e9s"],"inLanguage":"fr-FR","potentialAction":[{"@type":"CommentAction","name":"Comment","target":["https:\/\/www.africa-press.net\/cotedivoire\/economie\/le-risque-de-surendettement-juge-modere-selon-le-ministre-moussa-sanogo#respond"]}]},{"@type":"WebPage","@id":"https:\/\/www.africa-press.net\/cotedivoire\/economie\/le-risque-de-surendettement-juge-modere-selon-le-ministre-moussa-sanogo","url":"https:\/\/www.africa-press.net\/cotedivoire\/economie\/le-risque-de-surendettement-juge-modere-selon-le-ministre-moussa-sanogo","name":"Le risque de surendettement jug\u00e9 mod\u00e9r\u00e9 selon le ministre Moussa Sanogo - C\u00f4te d&#039;Ivoire","isPartOf":{"@id":"https:\/\/www.africa-press.net\/cotedivoire\/#website"},"primaryImageOfPage":{"@id":"https:\/\/www.africa-press.net\/cotedivoire\/economie\/le-risque-de-surendettement-juge-modere-selon-le-ministre-moussa-sanogo#primaryimage"},"image":{"@id":"https:\/\/www.africa-press.net\/cotedivoire\/economie\/le-risque-de-surendettement-juge-modere-selon-le-ministre-moussa-sanogo#primaryimage"},"thumbnailUrl":"https:\/\/static.africa-press.net\/cote\/sites\/43\/2023\/09\/sm_1694778410.420328.jpg","datePublished":"2023-09-15T14:52:00+00:00","dateModified":"2023-09-15T15:17:45+00:00","author":{"@id":"https:\/\/www.africa-press.net\/cotedivoire\/#\/schema\/person\/2b1cf3cd81a31e3cd26889ca66d677f1"},"description":"Le risque de surendettement de la Co\u0302te d\u2019Ivoire est juge\u0301 mode\u0301re\u0301, a affirme\u0301 devant la presse le ministre du Budget e ...","breadcrumb":{"@id":"https:\/\/www.africa-press.net\/cotedivoire\/economie\/le-risque-de-surendettement-juge-modere-selon-le-ministre-moussa-sanogo#breadcrumb"},"inLanguage":"fr-FR","potentialAction":[{"@type":"ReadAction","target":["https:\/\/www.africa-press.net\/cotedivoire\/economie\/le-risque-de-surendettement-juge-modere-selon-le-ministre-moussa-sanogo"]}]},{"@type":"ImageObject","inLanguage":"fr-FR","@id":"https:\/\/www.africa-press.net\/cotedivoire\/economie\/le-risque-de-surendettement-juge-modere-selon-le-ministre-moussa-sanogo#primaryimage","url":"https:\/\/static.africa-press.net\/cote\/sites\/43\/2023\/09\/sm_1694778410.420328.jpg","contentUrl":"https:\/\/static.africa-press.net\/cote\/sites\/43\/2023\/09\/sm_1694778410.420328.jpg","width":720,"height":414,"caption":"Le risque de surendettement jug\u00e9 mod\u00e9r\u00e9 selon le ministre Moussa Sanogo"},{"@type":"BreadcrumbList","@id":"https:\/\/www.africa-press.net\/cotedivoire\/economie\/le-risque-de-surendettement-juge-modere-selon-le-ministre-moussa-sanogo#breadcrumb","itemListElement":[{"@type":"ListItem","position":1,"name":"Accueil","item":"https:\/\/www.africa-press.net\/cotedivoire\/"},{"@type":"ListItem","position":2,"name":"Le risque de surendettement jug\u00e9 mod\u00e9r\u00e9 selon le ministre Moussa Sanogo"}]},{"@type":"WebSite","@id":"https:\/\/www.africa-press.net\/cotedivoire\/#website","url":"https:\/\/www.africa-press.net\/cotedivoire\/","name":"C\u00f4te d&#039;Ivoire","description":"Just another Africa News Agency Sites site","potentialAction":[{"@type":"SearchAction","target":{"@type":"EntryPoint","urlTemplate":"https:\/\/www.africa-press.net\/cotedivoire\/?s={search_term_string}"},"query-input":{"@type":"PropertyValueSpecification","valueRequired":true,"valueName":"search_term_string"}}],"inLanguage":"fr-FR"},{"@type":"Person","@id":"https:\/\/www.africa-press.net\/cotedivoire\/#\/schema\/person\/2b1cf3cd81a31e3cd26889ca66d677f1","name":"cfeditorfr"}]}},"_links":{"self":[{"href":"https:\/\/www.africa-press.net\/cotedivoire\/wp-json\/wp\/v2\/posts\/65269","targetHints":{"allow":["GET"]}}],"collection":[{"href":"https:\/\/www.africa-press.net\/cotedivoire\/wp-json\/wp\/v2\/posts"}],"about":[{"href":"https:\/\/www.africa-press.net\/cotedivoire\/wp-json\/wp\/v2\/types\/post"}],"author":[{"embeddable":true,"href":"https:\/\/www.africa-press.net\/cotedivoire\/wp-json\/wp\/v2\/users\/82"}],"replies":[{"embeddable":true,"href":"https:\/\/www.africa-press.net\/cotedivoire\/wp-json\/wp\/v2\/comments?post=65269"}],"version-history":[{"count":0,"href":"https:\/\/www.africa-press.net\/cotedivoire\/wp-json\/wp\/v2\/posts\/65269\/revisions"}],"wp:featuredmedia":[{"embeddable":true,"href":"https:\/\/www.africa-press.net\/cotedivoire\/wp-json\/wp\/v2\/media\/65268"}],"wp:attachment":[{"href":"https:\/\/www.africa-press.net\/cotedivoire\/wp-json\/wp\/v2\/media?parent=65269"}],"wp:term":[{"taxonomy":"category","embeddable":true,"href":"https:\/\/www.africa-press.net\/cotedivoire\/wp-json\/wp\/v2\/categories?post=65269"},{"taxonomy":"post_tag","embeddable":true,"href":"https:\/\/www.africa-press.net\/cotedivoire\/wp-json\/wp\/v2\/tags?post=65269"}],"curies":[{"name":"wp","href":"https:\/\/api.w.org\/{rel}","templated":true}]}}