{"id":65275,"date":"2023-09-15T14:52:42","date_gmt":"2023-09-15T14:52:42","guid":{"rendered":"https:\/\/www.africa-press.net\/cotedivoire\/politique\/fonction-publique-des-innovations-pour-la-deuxieme-edition-des-awards-dont-les-laureats-seront-connus-le-1er-decembre-prochain"},"modified":"2023-09-15T15:19:09","modified_gmt":"2023-09-15T15:19:09","slug":"fonction-publique-des-innovations-pour-la-deuxieme-edition-des-awards-dont-les-laureats-seront-connus-le-1er-decembre-prochain","status":"publish","type":"post","link":"https:\/\/www.africa-press.net\/cotedivoire\/toutes-les-actualites\/fonction-publique-des-innovations-pour-la-deuxieme-edition-des-awards-dont-les-laureats-seront-connus-le-1er-decembre-prochain","title":{"rendered":"Fonction Publique, des innovations pour la deuxi\u00e8me \u00e9dition des Awards dont les laur\u00e9ats seront connus le 1er d\u00e9cembre prochain"},"content":{"rendered":"<p><span style=\"color: #ff6600\"><strong>Africa-Press &#8211; C\u00f4te d&rsquo;Ivoire. <\/strong><\/span>La ce\u0301re\u0301monie de lancement de deuxie\u0300me e\u0301dition des Awards du Ministe\u0300re de la Fonction Publique a eu lieu le jeudi 14 Septembre 2023 a\u0300 Abidjan.<\/p>\n<p>Dans l\u2019optique d\u2019encourager ces acteurs incontournables de l\u2019e\u0301cosyste\u0300me administratif du pays, le Ministre de la Fonction Publique, Anne De\u0301sire\u0301e Ouloto, a initie\u0301 une distinction pour re\u0301compenser le meilleur Directeur des Ressources Humaines des Ministe\u0300res techniques et le meilleur Directeur Re\u0301gional de la fonction Publique.<\/p>\n<p>Les Awards de la Fonction Publique 2023, selon les organisateurs, ainsi qu\u2019il est propose\u0301 de nommer cette 2e\u0300me e\u0301dition, sera a\u0300 nouveau l\u2019occasion de reconnai\u0302tre les me\u0301rites du Primus inter pares et de distinguer le meilleur collaborateur.<\/p>\n<p>Le repre\u0301sentant de la Ministre de la Fonction Publique, Soro Gninagafol a releve\u0301 devant la presse que cette activite\u0301 reve\u0302t une importance capitale pour notre ministe\u0300re, d\u2019une part et pour l\u2019Administration publique, d\u2019autre part.<\/p>\n<p>\u00ab En effet, notre volonte\u0301 et notre de\u0301termination a\u0300 construire une administration publique responsable, compe\u0301titive, porteuse de pratiques vertueuses et qui offre aux usagers-clients des solutions adapte\u0301es a\u0300 leurs reque\u0302tes, des opportunite\u0301s de succe\u0300s pour leurs initiatives et l\u2019e\u0301galite\u0301 de chance face a\u0300 l\u2019emploi public, ne\u0301cessite l\u2019ame\u0301lioration de la gouvernance des ressources humaines civiles de l\u2019Etat \u00bb, a-t-il releve\u0301 au nom de Madame la Ministre.<\/p>\n<p>Selon ce dernier, la que\u0302te de cette performance passe ine\u0301luctablement par une gestion efficace des effectifs, des processus et services.<\/p>\n<p>\u00ab Les Awards de la Fonction Publique sont donc, l\u2019heureuse opportunite\u0301, qui vise a\u0300 reconnai\u0302tre le me\u0301rite et l\u2019excellence chez les gestionnaires des ressources humaines civiles de l\u2019Etat, les Directeurs Re\u0301gionaux et les agents ayant une conscience professionnelle e\u0301leve\u0301e. A travers cette activite\u0301, nous renforc\u0327ons notre engagement envers le service public de qualite\u0301 et nous inspirons les ge\u0301ne\u0301rations futures de fonctionnaires a\u0300 donner le meilleur d\u2019eux-me\u0302mes \u00bb, a poursuivi M Soro.<\/p>\n<p>De manie\u0300re pratique, il s\u2019agit d\u2019une distinction qui re\u0301compensera les trois (03) meilleurs de chaque cate\u0301gorie, mettant ainsi en lumie\u0300re les re\u0301alisations exceptionnelles qui contribuent a\u0300 l\u2019ame\u0301lioration de la qualite\u0301 du service public et partant de la transformation de la Fonction Publique.<\/p>\n<p>Pour l\u2019e\u0301dition 2023, le Directeur Ge\u0301ne\u0301ral a fait savoir que les innovations porteront sur : L\u2019institution de l\u2019Awards du meilleur agent de la Fonction Publique ; L\u2019institution du prix spe\u0301cial de la presse.<\/p>\n<p>\u00ab Ce dernier prix, vient re\u0301compenser nos amis de la presse qui contribue a\u0300 donner de la visibilite\u0301 aux grandes actions du Ministe\u0300re de la Fonction Publique. Gra\u0302ce a\u0300 eux, nous arrivons a\u0300 sensibiliser et former les usagers-clients et nos collaborateurs sur les chantiers et les de\u0301fis de notre de\u0301partement ministe\u0301riel \u00bb, a-t-il souligne\u0301.<\/p>\n<p>Pour cette seconde e\u0301dition des Awards de la Fonction Publique, les candidats seront soumis a\u0300 l\u2019e\u0301valuation du jury sur la base de la conduite de leurs missions, mais aussi par des acteurs que sont les Pre\u0301fets de Re\u0301gion, leurs supe\u0301rieurs hie\u0301rarchiques et les fonctionnaires et agents de l\u2019Etat dont ils ge\u0300rent la carrie\u0300re.<\/p>\n<p>Aux termes de ces e\u0301valuations, le jury, sous la Pre\u0301sidence du Ministre de la Fonction Publique analysera les donne\u0301es recueillies et proce\u0301dera a\u0300 la de\u0301signation des distingue\u0301s laure\u0301ats.<\/p>\n<p>Le comite\u0301 d\u2019organisation conduit par le Directeur Ge\u0301ne\u0301ral de la Fonction Publique, Soro Gninagafol a e\u0301te\u0301 instruit a\u0300 l\u2019effet de la re\u0301alisation, avec rigueur et efficacite\u0301 des diffe\u0301rentes activite\u0301s devant aboutir a\u0300 la nuit des Awards de la Fonction Publique, pre\u0301vue le 1er de\u0301cembre 2023, au Sofitel Ho\u0302tel Ivoire.<\/p>\n<p>Pour rappel, la premie\u0300re e\u0301dition des Awards a e\u0301te\u0301 ce\u0301le\u0301bre\u0301e le 1er de\u0301cembre 2022 et a vu la distinction de tris DRH&rsquo;&gt;DRH et des trois DR ainsi que la remise d\u2019un prix spe\u0301cial de leadership transformationnel de\u0301cerne\u0301 a\u0300 Madame Anne De\u0301sire\u0301e Ouloto, Ministre de la Fonction Publique.<\/p>\n<p>Donatien Kautcha, Abidjan<\/p>\n<p><strong>Pour plus d&rsquo;informations et d&rsquo;analyses sur la <a href=\"https:\/\/www.africa-press.net\/cotedivoire\">C\u00f4te d&rsquo;Ivoire<\/a>, suivez <a href=\"https:\/\/www.africa-press.net\/\">Africa-Press<\/a><\/strong><\/p>\n","protected":false},"excerpt":{"rendered":"<p>Africa-Press &#8211; C\u00f4te d&rsquo;Ivoire. La ce\u0301re\u0301monie de lancement de deuxie\u0300me e\u0301dition des Awards du Ministe\u0300re de la Fonction Publique a eu lieu le jeudi 14 Septembre 2023 a\u0300 Abidjan. Dans l\u2019optique d\u2019encourager ces acteurs incontournables de l\u2019e\u0301cosyste\u0300me administratif du pays, le Ministre de la Fonction Publique, Anne De\u0301sire\u0301e Ouloto, a initie\u0301 une distinction pour re\u0301compenser [&hellip;]<\/p>\n","protected":false},"author":82,"featured_media":65274,"comment_status":"open","ping_status":"closed","sticky":false,"template":"","format":"standard","meta":{"footnotes":""},"categories":[21,10],"tags":[56,63,1687,2013,29,11207,4764,1689,9219],"class_list":["post-65275","post","type-post","status-publish","format-standard","has-post-thumbnail","hentry","category-communaute","category-toutes-les-actualites","tag-africa-press","tag-africa-press-cote-divoire","tag-anne-ouloto","tag-awards","tag-cote-divoire","tag-dr","tag-drh","tag-fonction-publique","tag-soro-gninagafol"],"yoast_head":"<!-- This site is optimized with the Yoast SEO Premium plugin v26.1 (Yoast SEO v27.0) - https:\/\/yoast.com\/product\/yoast-seo-premium-wordpress\/ -->\n<title>Fonction Publique, des innovations pour la deuxi\u00e8me \u00e9dition des Awards dont les laur\u00e9ats seront connus le 1er d\u00e9cembre prochain - C\u00f4te d&#039;Ivoire<\/title>\n<meta name=\"description\" content=\"La ce\u0301re\u0301monie de lancement de deuxie\u0300me e\u0301dition des Awards du Ministe\u0300re de la Fonction Publique a eu lieu le jeudi 14 ...\" \/>\n<meta name=\"robots\" content=\"index, follow, max-snippet:-1, max-image-preview:large, max-video-preview:-1\" \/>\n<link rel=\"canonical\" href=\"https:\/\/www.africa-press.net\/cotedivoire\/toutes-les-actualites\/fonction-publique-des-innovations-pour-la-deuxieme-edition-des-awards-dont-les-laureats-seront-connus-le-1er-decembre-prochain\" \/>\n<meta property=\"og:locale\" content=\"fr_FR\" \/>\n<meta property=\"og:type\" content=\"article\" \/>\n<meta property=\"og:title\" content=\"Fonction Publique, des innovations pour la deuxi\u00e8me \u00e9dition des Awards dont les laur\u00e9ats seront connus le 1er d\u00e9cembre prochain\" \/>\n<meta property=\"og:description\" content=\"La ce\u0301re\u0301monie de lancement de deuxie\u0300me e\u0301dition des Awards du Ministe\u0300re de la Fonction Publique a eu lieu le jeudi 14 ...\" \/>\n<meta property=\"og:url\" content=\"https:\/\/www.africa-press.net\/cotedivoire\/toutes-les-actualites\/fonction-publique-des-innovations-pour-la-deuxieme-edition-des-awards-dont-les-laureats-seront-connus-le-1er-decembre-prochain\" \/>\n<meta property=\"og:site_name\" content=\"C\u00f4te d&#039;Ivoire\" \/>\n<meta property=\"article:published_time\" content=\"2023-09-15T14:52:42+00:00\" \/>\n<meta property=\"article:modified_time\" content=\"2023-09-15T15:19:09+00:00\" \/>\n<meta property=\"og:image\" content=\"https:\/\/static.africa-press.net\/cote\/sites\/43\/2023\/09\/sm_1694778473.475282.jpg\" \/>\n\t<meta property=\"og:image:width\" content=\"720\" \/>\n\t<meta property=\"og:image:height\" content=\"388\" \/>\n\t<meta property=\"og:image:type\" content=\"image\/jpeg\" \/>\n<meta name=\"author\" content=\"cfeditorfr\" \/>\n<meta name=\"twitter:card\" content=\"summary_large_image\" \/>\n<meta name=\"twitter:label1\" content=\"\u00c9crit par\" \/>\n\t<meta name=\"twitter:data1\" content=\"cfeditorfr\" \/>\n\t<meta name=\"twitter:label2\" content=\"Dur\u00e9e de lecture estim\u00e9e\" \/>\n\t<meta name=\"twitter:data2\" content=\"4 minutes\" \/>\n<script type=\"application\/ld+json\" class=\"yoast-schema-graph\">{\"@context\":\"https:\/\/schema.org\",\"@graph\":[{\"@type\":\"Article\",\"@id\":\"https:\/\/www.africa-press.net\/cotedivoire\/toutes-les-actualites\/fonction-publique-des-innovations-pour-la-deuxieme-edition-des-awards-dont-les-laureats-seront-connus-le-1er-decembre-prochain#article\",\"isPartOf\":{\"@id\":\"https:\/\/www.africa-press.net\/cotedivoire\/toutes-les-actualites\/fonction-publique-des-innovations-pour-la-deuxieme-edition-des-awards-dont-les-laureats-seront-connus-le-1er-decembre-prochain\"},\"author\":{\"name\":\"cfeditorfr\",\"@id\":\"https:\/\/www.africa-press.net\/cotedivoire\/#\/schema\/person\/2b1cf3cd81a31e3cd26889ca66d677f1\"},\"headline\":\"Fonction Publique, des innovations pour la deuxi\u00e8me \u00e9dition des Awards dont les laur\u00e9ats seront connus le 1er d\u00e9cembre prochain\",\"datePublished\":\"2023-09-15T14:52:42+00:00\",\"dateModified\":\"2023-09-15T15:19:09+00:00\",\"mainEntityOfPage\":{\"@id\":\"https:\/\/www.africa-press.net\/cotedivoire\/toutes-les-actualites\/fonction-publique-des-innovations-pour-la-deuxieme-edition-des-awards-dont-les-laureats-seront-connus-le-1er-decembre-prochain\"},\"wordCount\":753,\"commentCount\":0,\"image\":{\"@id\":\"https:\/\/www.africa-press.net\/cotedivoire\/toutes-les-actualites\/fonction-publique-des-innovations-pour-la-deuxieme-edition-des-awards-dont-les-laureats-seront-connus-le-1er-decembre-prochain#primaryimage\"},\"thumbnailUrl\":\"https:\/\/static.africa-press.net\/cote\/sites\/43\/2023\/09\/sm_1694778473.475282.jpg\",\"keywords\":[\"Africa Press\",\"Africa Press-C\u00f4te d'Ivoire\",\"Anne Ouloto\",\"Awards\",\"C\u00d4TE D'IVOIRE\",\"DR\",\"DRH\",\"Fonction Publique\",\"Soro Gninagafol\"],\"articleSection\":[\"Communaut\u00e9\",\"Toutes les actualit\u00e9s\"],\"inLanguage\":\"fr-FR\",\"potentialAction\":[{\"@type\":\"CommentAction\",\"name\":\"Comment\",\"target\":[\"https:\/\/www.africa-press.net\/cotedivoire\/toutes-les-actualites\/fonction-publique-des-innovations-pour-la-deuxieme-edition-des-awards-dont-les-laureats-seront-connus-le-1er-decembre-prochain#respond\"]}]},{\"@type\":\"WebPage\",\"@id\":\"https:\/\/www.africa-press.net\/cotedivoire\/toutes-les-actualites\/fonction-publique-des-innovations-pour-la-deuxieme-edition-des-awards-dont-les-laureats-seront-connus-le-1er-decembre-prochain\",\"url\":\"https:\/\/www.africa-press.net\/cotedivoire\/toutes-les-actualites\/fonction-publique-des-innovations-pour-la-deuxieme-edition-des-awards-dont-les-laureats-seront-connus-le-1er-decembre-prochain\",\"name\":\"Fonction Publique, des innovations pour la deuxi\u00e8me \u00e9dition des Awards dont les laur\u00e9ats seront connus le 1er d\u00e9cembre prochain - C\u00f4te d&#039;Ivoire\",\"isPartOf\":{\"@id\":\"https:\/\/www.africa-press.net\/cotedivoire\/#website\"},\"primaryImageOfPage\":{\"@id\":\"https:\/\/www.africa-press.net\/cotedivoire\/toutes-les-actualites\/fonction-publique-des-innovations-pour-la-deuxieme-edition-des-awards-dont-les-laureats-seront-connus-le-1er-decembre-prochain#primaryimage\"},\"image\":{\"@id\":\"https:\/\/www.africa-press.net\/cotedivoire\/toutes-les-actualites\/fonction-publique-des-innovations-pour-la-deuxieme-edition-des-awards-dont-les-laureats-seront-connus-le-1er-decembre-prochain#primaryimage\"},\"thumbnailUrl\":\"https:\/\/static.africa-press.net\/cote\/sites\/43\/2023\/09\/sm_1694778473.475282.jpg\",\"datePublished\":\"2023-09-15T14:52:42+00:00\",\"dateModified\":\"2023-09-15T15:19:09+00:00\",\"author\":{\"@id\":\"https:\/\/www.africa-press.net\/cotedivoire\/#\/schema\/person\/2b1cf3cd81a31e3cd26889ca66d677f1\"},\"description\":\"La ce\u0301re\u0301monie de lancement de deuxie\u0300me e\u0301dition des Awards du Ministe\u0300re de la Fonction Publique a eu lieu le jeudi 14 ...\",\"breadcrumb\":{\"@id\":\"https:\/\/www.africa-press.net\/cotedivoire\/toutes-les-actualites\/fonction-publique-des-innovations-pour-la-deuxieme-edition-des-awards-dont-les-laureats-seront-connus-le-1er-decembre-prochain#breadcrumb\"},\"inLanguage\":\"fr-FR\",\"potentialAction\":[{\"@type\":\"ReadAction\",\"target\":[\"https:\/\/www.africa-press.net\/cotedivoire\/toutes-les-actualites\/fonction-publique-des-innovations-pour-la-deuxieme-edition-des-awards-dont-les-laureats-seront-connus-le-1er-decembre-prochain\"]}]},{\"@type\":\"ImageObject\",\"inLanguage\":\"fr-FR\",\"@id\":\"https:\/\/www.africa-press.net\/cotedivoire\/toutes-les-actualites\/fonction-publique-des-innovations-pour-la-deuxieme-edition-des-awards-dont-les-laureats-seront-connus-le-1er-decembre-prochain#primaryimage\",\"url\":\"https:\/\/static.africa-press.net\/cote\/sites\/43\/2023\/09\/sm_1694778473.475282.jpg\",\"contentUrl\":\"https:\/\/static.africa-press.net\/cote\/sites\/43\/2023\/09\/sm_1694778473.475282.jpg\",\"width\":720,\"height\":388,\"caption\":\"Fonction Publique, des innovations pour la deuxi\u00e8me \u00e9dition des Awards dont les laur\u00e9ats seront connus le 1er d\u00e9cembre prochain\"},{\"@type\":\"BreadcrumbList\",\"@id\":\"https:\/\/www.africa-press.net\/cotedivoire\/toutes-les-actualites\/fonction-publique-des-innovations-pour-la-deuxieme-edition-des-awards-dont-les-laureats-seront-connus-le-1er-decembre-prochain#breadcrumb\",\"itemListElement\":[{\"@type\":\"ListItem\",\"position\":1,\"name\":\"Accueil\",\"item\":\"https:\/\/www.africa-press.net\/cotedivoire\/\"},{\"@type\":\"ListItem\",\"position\":2,\"name\":\"Fonction Publique, des innovations pour la deuxi\u00e8me \u00e9dition des Awards dont les laur\u00e9ats seront connus le 1er d\u00e9cembre prochain\"}]},{\"@type\":\"WebSite\",\"@id\":\"https:\/\/www.africa-press.net\/cotedivoire\/#website\",\"url\":\"https:\/\/www.africa-press.net\/cotedivoire\/\",\"name\":\"C\u00f4te d&#039;Ivoire\",\"description\":\"Just another Africa News Agency Sites site\",\"potentialAction\":[{\"@type\":\"SearchAction\",\"target\":{\"@type\":\"EntryPoint\",\"urlTemplate\":\"https:\/\/www.africa-press.net\/cotedivoire\/?s={search_term_string}\"},\"query-input\":{\"@type\":\"PropertyValueSpecification\",\"valueRequired\":true,\"valueName\":\"search_term_string\"}}],\"inLanguage\":\"fr-FR\"},{\"@type\":\"Person\",\"@id\":\"https:\/\/www.africa-press.net\/cotedivoire\/#\/schema\/person\/2b1cf3cd81a31e3cd26889ca66d677f1\",\"name\":\"cfeditorfr\"}]}<\/script>\n<!-- \/ Yoast SEO Premium plugin. -->","yoast_head_json":{"title":"Fonction Publique, des innovations pour la deuxi\u00e8me \u00e9dition des Awards dont les laur\u00e9ats seront connus le 1er d\u00e9cembre prochain - C\u00f4te d&#039;Ivoire","description":"La ce\u0301re\u0301monie de lancement de deuxie\u0300me e\u0301dition des Awards du Ministe\u0300re de la Fonction Publique a eu lieu le jeudi 14 ...","robots":{"index":"index","follow":"follow","max-snippet":"max-snippet:-1","max-image-preview":"max-image-preview:large","max-video-preview":"max-video-preview:-1"},"canonical":"https:\/\/www.africa-press.net\/cotedivoire\/toutes-les-actualites\/fonction-publique-des-innovations-pour-la-deuxieme-edition-des-awards-dont-les-laureats-seront-connus-le-1er-decembre-prochain","og_locale":"fr_FR","og_type":"article","og_title":"Fonction Publique, des innovations pour la deuxi\u00e8me \u00e9dition des Awards dont les laur\u00e9ats seront connus le 1er d\u00e9cembre prochain","og_description":"La ce\u0301re\u0301monie de lancement de deuxie\u0300me e\u0301dition des Awards du Ministe\u0300re de la Fonction Publique a eu lieu le jeudi 14 ...","og_url":"https:\/\/www.africa-press.net\/cotedivoire\/toutes-les-actualites\/fonction-publique-des-innovations-pour-la-deuxieme-edition-des-awards-dont-les-laureats-seront-connus-le-1er-decembre-prochain","og_site_name":"C\u00f4te d&#039;Ivoire","article_published_time":"2023-09-15T14:52:42+00:00","article_modified_time":"2023-09-15T15:19:09+00:00","og_image":[{"width":720,"height":388,"url":"https:\/\/static.africa-press.net\/cote\/sites\/43\/2023\/09\/sm_1694778473.475282.jpg","type":"image\/jpeg"}],"author":"cfeditorfr","twitter_card":"summary_large_image","twitter_misc":{"\u00c9crit par":"cfeditorfr","Dur\u00e9e de lecture estim\u00e9e":"4 minutes"},"schema":{"@context":"https:\/\/schema.org","@graph":[{"@type":"Article","@id":"https:\/\/www.africa-press.net\/cotedivoire\/toutes-les-actualites\/fonction-publique-des-innovations-pour-la-deuxieme-edition-des-awards-dont-les-laureats-seront-connus-le-1er-decembre-prochain#article","isPartOf":{"@id":"https:\/\/www.africa-press.net\/cotedivoire\/toutes-les-actualites\/fonction-publique-des-innovations-pour-la-deuxieme-edition-des-awards-dont-les-laureats-seront-connus-le-1er-decembre-prochain"},"author":{"name":"cfeditorfr","@id":"https:\/\/www.africa-press.net\/cotedivoire\/#\/schema\/person\/2b1cf3cd81a31e3cd26889ca66d677f1"},"headline":"Fonction Publique, des innovations pour la deuxi\u00e8me \u00e9dition des Awards dont les laur\u00e9ats seront connus le 1er d\u00e9cembre prochain","datePublished":"2023-09-15T14:52:42+00:00","dateModified":"2023-09-15T15:19:09+00:00","mainEntityOfPage":{"@id":"https:\/\/www.africa-press.net\/cotedivoire\/toutes-les-actualites\/fonction-publique-des-innovations-pour-la-deuxieme-edition-des-awards-dont-les-laureats-seront-connus-le-1er-decembre-prochain"},"wordCount":753,"commentCount":0,"image":{"@id":"https:\/\/www.africa-press.net\/cotedivoire\/toutes-les-actualites\/fonction-publique-des-innovations-pour-la-deuxieme-edition-des-awards-dont-les-laureats-seront-connus-le-1er-decembre-prochain#primaryimage"},"thumbnailUrl":"https:\/\/static.africa-press.net\/cote\/sites\/43\/2023\/09\/sm_1694778473.475282.jpg","keywords":["Africa Press","Africa Press-C\u00f4te d'Ivoire","Anne Ouloto","Awards","C\u00d4TE D'IVOIRE","DR","DRH","Fonction Publique","Soro Gninagafol"],"articleSection":["Communaut\u00e9","Toutes les actualit\u00e9s"],"inLanguage":"fr-FR","potentialAction":[{"@type":"CommentAction","name":"Comment","target":["https:\/\/www.africa-press.net\/cotedivoire\/toutes-les-actualites\/fonction-publique-des-innovations-pour-la-deuxieme-edition-des-awards-dont-les-laureats-seront-connus-le-1er-decembre-prochain#respond"]}]},{"@type":"WebPage","@id":"https:\/\/www.africa-press.net\/cotedivoire\/toutes-les-actualites\/fonction-publique-des-innovations-pour-la-deuxieme-edition-des-awards-dont-les-laureats-seront-connus-le-1er-decembre-prochain","url":"https:\/\/www.africa-press.net\/cotedivoire\/toutes-les-actualites\/fonction-publique-des-innovations-pour-la-deuxieme-edition-des-awards-dont-les-laureats-seront-connus-le-1er-decembre-prochain","name":"Fonction Publique, des innovations pour la deuxi\u00e8me \u00e9dition des Awards dont les laur\u00e9ats seront connus le 1er d\u00e9cembre prochain - C\u00f4te d&#039;Ivoire","isPartOf":{"@id":"https:\/\/www.africa-press.net\/cotedivoire\/#website"},"primaryImageOfPage":{"@id":"https:\/\/www.africa-press.net\/cotedivoire\/toutes-les-actualites\/fonction-publique-des-innovations-pour-la-deuxieme-edition-des-awards-dont-les-laureats-seront-connus-le-1er-decembre-prochain#primaryimage"},"image":{"@id":"https:\/\/www.africa-press.net\/cotedivoire\/toutes-les-actualites\/fonction-publique-des-innovations-pour-la-deuxieme-edition-des-awards-dont-les-laureats-seront-connus-le-1er-decembre-prochain#primaryimage"},"thumbnailUrl":"https:\/\/static.africa-press.net\/cote\/sites\/43\/2023\/09\/sm_1694778473.475282.jpg","datePublished":"2023-09-15T14:52:42+00:00","dateModified":"2023-09-15T15:19:09+00:00","author":{"@id":"https:\/\/www.africa-press.net\/cotedivoire\/#\/schema\/person\/2b1cf3cd81a31e3cd26889ca66d677f1"},"description":"La ce\u0301re\u0301monie de lancement de deuxie\u0300me e\u0301dition des Awards du Ministe\u0300re de la Fonction Publique a eu lieu le jeudi 14 ...","breadcrumb":{"@id":"https:\/\/www.africa-press.net\/cotedivoire\/toutes-les-actualites\/fonction-publique-des-innovations-pour-la-deuxieme-edition-des-awards-dont-les-laureats-seront-connus-le-1er-decembre-prochain#breadcrumb"},"inLanguage":"fr-FR","potentialAction":[{"@type":"ReadAction","target":["https:\/\/www.africa-press.net\/cotedivoire\/toutes-les-actualites\/fonction-publique-des-innovations-pour-la-deuxieme-edition-des-awards-dont-les-laureats-seront-connus-le-1er-decembre-prochain"]}]},{"@type":"ImageObject","inLanguage":"fr-FR","@id":"https:\/\/www.africa-press.net\/cotedivoire\/toutes-les-actualites\/fonction-publique-des-innovations-pour-la-deuxieme-edition-des-awards-dont-les-laureats-seront-connus-le-1er-decembre-prochain#primaryimage","url":"https:\/\/static.africa-press.net\/cote\/sites\/43\/2023\/09\/sm_1694778473.475282.jpg","contentUrl":"https:\/\/static.africa-press.net\/cote\/sites\/43\/2023\/09\/sm_1694778473.475282.jpg","width":720,"height":388,"caption":"Fonction Publique, des innovations pour la deuxi\u00e8me \u00e9dition des Awards dont les laur\u00e9ats seront connus le 1er d\u00e9cembre prochain"},{"@type":"BreadcrumbList","@id":"https:\/\/www.africa-press.net\/cotedivoire\/toutes-les-actualites\/fonction-publique-des-innovations-pour-la-deuxieme-edition-des-awards-dont-les-laureats-seront-connus-le-1er-decembre-prochain#breadcrumb","itemListElement":[{"@type":"ListItem","position":1,"name":"Accueil","item":"https:\/\/www.africa-press.net\/cotedivoire\/"},{"@type":"ListItem","position":2,"name":"Fonction Publique, des innovations pour la deuxi\u00e8me \u00e9dition des Awards dont les laur\u00e9ats seront connus le 1er d\u00e9cembre prochain"}]},{"@type":"WebSite","@id":"https:\/\/www.africa-press.net\/cotedivoire\/#website","url":"https:\/\/www.africa-press.net\/cotedivoire\/","name":"C\u00f4te d&#039;Ivoire","description":"Just another Africa News Agency Sites site","potentialAction":[{"@type":"SearchAction","target":{"@type":"EntryPoint","urlTemplate":"https:\/\/www.africa-press.net\/cotedivoire\/?s={search_term_string}"},"query-input":{"@type":"PropertyValueSpecification","valueRequired":true,"valueName":"search_term_string"}}],"inLanguage":"fr-FR"},{"@type":"Person","@id":"https:\/\/www.africa-press.net\/cotedivoire\/#\/schema\/person\/2b1cf3cd81a31e3cd26889ca66d677f1","name":"cfeditorfr"}]}},"_links":{"self":[{"href":"https:\/\/www.africa-press.net\/cotedivoire\/wp-json\/wp\/v2\/posts\/65275","targetHints":{"allow":["GET"]}}],"collection":[{"href":"https:\/\/www.africa-press.net\/cotedivoire\/wp-json\/wp\/v2\/posts"}],"about":[{"href":"https:\/\/www.africa-press.net\/cotedivoire\/wp-json\/wp\/v2\/types\/post"}],"author":[{"embeddable":true,"href":"https:\/\/www.africa-press.net\/cotedivoire\/wp-json\/wp\/v2\/users\/82"}],"replies":[{"embeddable":true,"href":"https:\/\/www.africa-press.net\/cotedivoire\/wp-json\/wp\/v2\/comments?post=65275"}],"version-history":[{"count":0,"href":"https:\/\/www.africa-press.net\/cotedivoire\/wp-json\/wp\/v2\/posts\/65275\/revisions"}],"wp:featuredmedia":[{"embeddable":true,"href":"https:\/\/www.africa-press.net\/cotedivoire\/wp-json\/wp\/v2\/media\/65274"}],"wp:attachment":[{"href":"https:\/\/www.africa-press.net\/cotedivoire\/wp-json\/wp\/v2\/media?parent=65275"}],"wp:term":[{"taxonomy":"category","embeddable":true,"href":"https:\/\/www.africa-press.net\/cotedivoire\/wp-json\/wp\/v2\/categories?post=65275"},{"taxonomy":"post_tag","embeddable":true,"href":"https:\/\/www.africa-press.net\/cotedivoire\/wp-json\/wp\/v2\/tags?post=65275"}],"curies":[{"name":"wp","href":"https:\/\/api.w.org\/{rel}","templated":true}]}}