{"id":65354,"date":"2023-09-16T14:55:33","date_gmt":"2023-09-16T14:55:33","guid":{"rendered":"https:\/\/www.africa-press.net\/cotedivoire\/politique\/apres-son-echec-aux-elections-locales-le-ppa-ci-de-gbagbo-decide-de-ne-pas-participer-aux-senatoriales"},"modified":"2023-09-16T15:31:10","modified_gmt":"2023-09-16T15:31:10","slug":"apres-son-echec-aux-elections-locales-le-ppa-ci-de-gbagbo-decide-de-ne-pas-participer-aux-senatoriales","status":"publish","type":"post","link":"https:\/\/www.africa-press.net\/cotedivoire\/parties\/apres-son-echec-aux-elections-locales-le-ppa-ci-de-gbagbo-decide-de-ne-pas-participer-aux-senatoriales","title":{"rendered":"Apr\u00e8s son \u00e9chec aux \u00e9lections locales, le PPA-CI de Gbagbo d\u00e9cide de ne pas participer aux s\u00e9natoriales"},"content":{"rendered":"<p><span style=\"color: #ff6600\"><strong>Africa-Press &#8211; C\u00f4te d&rsquo;Ivoire. <\/strong><\/span>Les e\u0301lections municipales et les re\u0301gionales du 2 septembre dernier sont termine\u0301es, place aux se\u0301natoriales qui sont pre\u0301vues pour ce samedi 16 septembre 2023.<\/p>\n<p>Ce jour, c\u2019est un colle\u0300ge e\u0301lectoral spe\u0301cial va e\u0302tre charge\u0301 d\u2019e\u0301lire le Se\u0301nat, la deuxie\u0300me chambre du Parlement de Co\u0302te d\u2019Ivoire.<\/p>\n<p>Pour ce scrutin indirect, les membres de cette chambre haute du Parlement seront e\u0301lus par des personnes qui, elles-me\u0302mes, ont e\u0301te\u0301 e\u0301lues aux dernie\u0300res e\u0301lections municipales et re\u0301gionales.<\/p>\n<p>Selon l\u2019article 109 du Code e\u0301lectoral ivoirien, le colle\u0300ge e\u0301lectoral des se\u0301nateurs est compose\u0301 des conseillers de districts e\u0301lus ; conseillers re\u0301gionaux ; conseillers municipaux ; des candidats a\u0300 l\u2019e\u0301lection des se\u0301nateurs.<\/p>\n<p>Une source proche de la commission e\u0301lectorale inde\u0301pendante (CEI) confie que ce sont les e\u0301lus locaux issus des e\u0301lections du 2 septembre dernier qui vont e\u0301lire les se\u0301nateurs, me\u0302me si certaines reque\u0302tes ont e\u0301te\u0301 porte\u0301es devant le conseil d\u2019Etat.<\/p>\n<p>64 se\u0301nateurs seront e\u0301lus au soir du 16 septembre 2023. Le parti des peuples Africains \u2013 Co\u0302te d\u2019Ivoire (PPA-CI), ne sera pas de la course.<\/p>\n<p>S\u2019il est vrai que le PPA-CI de Gbagbo avait au pre\u0301alable mis sur pied son commando devant participer a\u0300 ces e\u0301lections se\u0301natoriales, a\u0300 la dernie\u0300re minute, KOACI apprend de sources proches du PPA-CI que cette formation politique ne prendra plus part au scrutin.<\/p>\n<p>La de\u0301cision a e\u0301te\u0301 prise hier vendredi 15 septembre 2023 au cours d\u2019un secre\u0301tariat ge\u0301ne\u0301ral extraordinaire convoque\u0301 par Damana Pickass.<\/p>\n<p>\u00ab Le secre\u0301tariat ge\u0301ne\u0301ral du PPA-CI a de\u0301cide\u0301 qu\u2019on ne participe pas aux e\u0301lections se\u0301natoriales ni en tant que candidats ni en tant qu\u2019e\u0301lecteurs \u00bb, a confie\u0301 une source bien introduite au sein du parti de Gbagbo.<\/p>\n<p>Cette de\u0301cision, savamment mu\u0302rie par la formation politique de l\u2019ancien pre\u0301sident ivoirien Laurent Gbagbo de\u0301coulerait du fait que le PPA-CI a essuye\u0301 un cinglant e\u0301chec aux dernie\u0300res e\u0301lections locales avec moins de dix (10) maires et ze\u0301ro pre\u0301sident de conseil re\u0301gional. L\u2019allie\u0301 du PDCI n\u2019ayant pas joue\u0301 franc-jeu a\u0300 ces e\u0301lections, ne be\u0301ne\u0301ficiera pas du soutien des quelques conseillers municipaux et re\u0301gionaux du parti de Gbagbo.<\/p>\n<p>Jean Chre\u0301sus, Abidjan<\/p>\n<p><strong>Pour plus d&rsquo;informations et d&rsquo;analyses sur la <a href=\"https:\/\/www.africa-press.net\/cotedivoire\">C\u00f4te d&rsquo;Ivoire<\/a>, suivez <a href=\"https:\/\/www.africa-press.net\/\">Africa-Press<\/a><\/strong><\/p>\n","protected":false},"excerpt":{"rendered":"<p>Africa-Press &#8211; C\u00f4te d&rsquo;Ivoire. Les e\u0301lections municipales et les re\u0301gionales du 2 septembre dernier sont termine\u0301es, place aux se\u0301natoriales qui sont pre\u0301vues pour ce samedi 16 septembre 2023. Ce jour, c\u2019est un colle\u0300ge e\u0301lectoral spe\u0301cial va e\u0302tre charge\u0301 d\u2019e\u0301lire le Se\u0301nat, la deuxie\u0300me chambre du Parlement de Co\u0302te d\u2019Ivoire. Pour ce scrutin indirect, les membres [&hellip;]<\/p>\n","protected":false},"author":82,"featured_media":65353,"comment_status":"open","ping_status":"closed","sticky":false,"template":"","format":"standard","meta":{"footnotes":""},"categories":[4,10],"tags":[56,63,1316,1372,29,3558,320,1759,423,1952,11040],"class_list":["post-65354","post","type-post","status-publish","format-standard","has-post-thumbnail","hentry","category-parties","category-toutes-les-actualites","tag-africa-press","tag-africa-press-cote-divoire","tag-cei","tag-chambre","tag-cote-divoire","tag-election","tag-gbagbo","tag-maire","tag-pdci","tag-ppa-ci","tag-senatoriale"],"yoast_head":"<!-- This site is optimized with the Yoast SEO Premium plugin v26.1 (Yoast SEO v27.0) - https:\/\/yoast.com\/product\/yoast-seo-premium-wordpress\/ -->\n<title>Apr\u00e8s son \u00e9chec aux \u00e9lections locales, le PPA-CI de Gbagbo d\u00e9cide de ne pas participer aux s\u00e9natoriales - C\u00f4te d&#039;Ivoire<\/title>\n<meta name=\"description\" content=\"Les e\u0301lections municipales et les re\u0301gionales du 2 septembre dernier sont termine\u0301es, place aux se\u0301natoriales qui sont p ...\" \/>\n<meta name=\"robots\" content=\"index, follow, max-snippet:-1, max-image-preview:large, max-video-preview:-1\" \/>\n<link rel=\"canonical\" href=\"https:\/\/www.africa-press.net\/cotedivoire\/parties\/apres-son-echec-aux-elections-locales-le-ppa-ci-de-gbagbo-decide-de-ne-pas-participer-aux-senatoriales\" \/>\n<meta property=\"og:locale\" content=\"fr_FR\" \/>\n<meta property=\"og:type\" content=\"article\" \/>\n<meta property=\"og:title\" content=\"Apr\u00e8s son \u00e9chec aux \u00e9lections locales, le PPA-CI de Gbagbo d\u00e9cide de ne pas participer aux s\u00e9natoriales\" \/>\n<meta property=\"og:description\" content=\"Les e\u0301lections municipales et les re\u0301gionales du 2 septembre dernier sont termine\u0301es, place aux se\u0301natoriales qui sont p ...\" \/>\n<meta property=\"og:url\" content=\"https:\/\/www.africa-press.net\/cotedivoire\/parties\/apres-son-echec-aux-elections-locales-le-ppa-ci-de-gbagbo-decide-de-ne-pas-participer-aux-senatoriales\" \/>\n<meta property=\"og:site_name\" content=\"C\u00f4te d&#039;Ivoire\" \/>\n<meta property=\"article:published_time\" content=\"2023-09-16T14:55:33+00:00\" \/>\n<meta property=\"article:modified_time\" content=\"2023-09-16T15:31:10+00:00\" \/>\n<meta property=\"og:image\" content=\"https:\/\/static.africa-press.net\/cote\/sites\/43\/2023\/09\/sm_1694865636.992449.jpg\" \/>\n\t<meta property=\"og:image:width\" content=\"720\" \/>\n\t<meta property=\"og:image:height\" content=\"483\" \/>\n\t<meta property=\"og:image:type\" content=\"image\/jpeg\" \/>\n<meta name=\"author\" content=\"cfeditorfr\" \/>\n<meta name=\"twitter:card\" content=\"summary_large_image\" \/>\n<meta name=\"twitter:label1\" content=\"\u00c9crit par\" \/>\n\t<meta name=\"twitter:data1\" content=\"cfeditorfr\" \/>\n\t<meta name=\"twitter:label2\" content=\"Dur\u00e9e de lecture estim\u00e9e\" \/>\n\t<meta name=\"twitter:data2\" content=\"2 minutes\" \/>\n<script type=\"application\/ld+json\" class=\"yoast-schema-graph\">{\"@context\":\"https:\/\/schema.org\",\"@graph\":[{\"@type\":\"Article\",\"@id\":\"https:\/\/www.africa-press.net\/cotedivoire\/parties\/apres-son-echec-aux-elections-locales-le-ppa-ci-de-gbagbo-decide-de-ne-pas-participer-aux-senatoriales#article\",\"isPartOf\":{\"@id\":\"https:\/\/www.africa-press.net\/cotedivoire\/parties\/apres-son-echec-aux-elections-locales-le-ppa-ci-de-gbagbo-decide-de-ne-pas-participer-aux-senatoriales\"},\"author\":{\"name\":\"cfeditorfr\",\"@id\":\"https:\/\/www.africa-press.net\/cotedivoire\/#\/schema\/person\/2b1cf3cd81a31e3cd26889ca66d677f1\"},\"headline\":\"Apr\u00e8s son \u00e9chec aux \u00e9lections locales, le PPA-CI de Gbagbo d\u00e9cide de ne pas participer aux s\u00e9natoriales\",\"datePublished\":\"2023-09-16T14:55:33+00:00\",\"dateModified\":\"2023-09-16T15:31:10+00:00\",\"mainEntityOfPage\":{\"@id\":\"https:\/\/www.africa-press.net\/cotedivoire\/parties\/apres-son-echec-aux-elections-locales-le-ppa-ci-de-gbagbo-decide-de-ne-pas-participer-aux-senatoriales\"},\"wordCount\":448,\"commentCount\":0,\"image\":{\"@id\":\"https:\/\/www.africa-press.net\/cotedivoire\/parties\/apres-son-echec-aux-elections-locales-le-ppa-ci-de-gbagbo-decide-de-ne-pas-participer-aux-senatoriales#primaryimage\"},\"thumbnailUrl\":\"https:\/\/static.africa-press.net\/cote\/sites\/43\/2023\/09\/sm_1694865636.992449.jpg\",\"keywords\":[\"Africa Press\",\"Africa Press-C\u00f4te d'Ivoire\",\"Cei\",\"chambre\",\"C\u00d4TE D'IVOIRE\",\"\u00e9lection\",\"Gbagbo\",\"Maire\",\"Pdci\",\"PPA-CI\",\"S\u00e9natoriale\"],\"articleSection\":[\"Parties\",\"Toutes les actualit\u00e9s\"],\"inLanguage\":\"fr-FR\",\"potentialAction\":[{\"@type\":\"CommentAction\",\"name\":\"Comment\",\"target\":[\"https:\/\/www.africa-press.net\/cotedivoire\/parties\/apres-son-echec-aux-elections-locales-le-ppa-ci-de-gbagbo-decide-de-ne-pas-participer-aux-senatoriales#respond\"]}]},{\"@type\":\"WebPage\",\"@id\":\"https:\/\/www.africa-press.net\/cotedivoire\/parties\/apres-son-echec-aux-elections-locales-le-ppa-ci-de-gbagbo-decide-de-ne-pas-participer-aux-senatoriales\",\"url\":\"https:\/\/www.africa-press.net\/cotedivoire\/parties\/apres-son-echec-aux-elections-locales-le-ppa-ci-de-gbagbo-decide-de-ne-pas-participer-aux-senatoriales\",\"name\":\"Apr\u00e8s son \u00e9chec aux \u00e9lections locales, le PPA-CI de Gbagbo d\u00e9cide de ne pas participer aux s\u00e9natoriales - C\u00f4te d&#039;Ivoire\",\"isPartOf\":{\"@id\":\"https:\/\/www.africa-press.net\/cotedivoire\/#website\"},\"primaryImageOfPage\":{\"@id\":\"https:\/\/www.africa-press.net\/cotedivoire\/parties\/apres-son-echec-aux-elections-locales-le-ppa-ci-de-gbagbo-decide-de-ne-pas-participer-aux-senatoriales#primaryimage\"},\"image\":{\"@id\":\"https:\/\/www.africa-press.net\/cotedivoire\/parties\/apres-son-echec-aux-elections-locales-le-ppa-ci-de-gbagbo-decide-de-ne-pas-participer-aux-senatoriales#primaryimage\"},\"thumbnailUrl\":\"https:\/\/static.africa-press.net\/cote\/sites\/43\/2023\/09\/sm_1694865636.992449.jpg\",\"datePublished\":\"2023-09-16T14:55:33+00:00\",\"dateModified\":\"2023-09-16T15:31:10+00:00\",\"author\":{\"@id\":\"https:\/\/www.africa-press.net\/cotedivoire\/#\/schema\/person\/2b1cf3cd81a31e3cd26889ca66d677f1\"},\"description\":\"Les e\u0301lections municipales et les re\u0301gionales du 2 septembre dernier sont termine\u0301es, place aux se\u0301natoriales qui sont p ...\",\"breadcrumb\":{\"@id\":\"https:\/\/www.africa-press.net\/cotedivoire\/parties\/apres-son-echec-aux-elections-locales-le-ppa-ci-de-gbagbo-decide-de-ne-pas-participer-aux-senatoriales#breadcrumb\"},\"inLanguage\":\"fr-FR\",\"potentialAction\":[{\"@type\":\"ReadAction\",\"target\":[\"https:\/\/www.africa-press.net\/cotedivoire\/parties\/apres-son-echec-aux-elections-locales-le-ppa-ci-de-gbagbo-decide-de-ne-pas-participer-aux-senatoriales\"]}]},{\"@type\":\"ImageObject\",\"inLanguage\":\"fr-FR\",\"@id\":\"https:\/\/www.africa-press.net\/cotedivoire\/parties\/apres-son-echec-aux-elections-locales-le-ppa-ci-de-gbagbo-decide-de-ne-pas-participer-aux-senatoriales#primaryimage\",\"url\":\"https:\/\/static.africa-press.net\/cote\/sites\/43\/2023\/09\/sm_1694865636.992449.jpg\",\"contentUrl\":\"https:\/\/static.africa-press.net\/cote\/sites\/43\/2023\/09\/sm_1694865636.992449.jpg\",\"width\":720,\"height\":483,\"caption\":\"Apr\u00e8s son \u00e9chec aux \u00e9lections locales, le PPA-CI de Gbagbo d\u00e9cide de ne pas participer aux s\u00e9natoriales\"},{\"@type\":\"BreadcrumbList\",\"@id\":\"https:\/\/www.africa-press.net\/cotedivoire\/parties\/apres-son-echec-aux-elections-locales-le-ppa-ci-de-gbagbo-decide-de-ne-pas-participer-aux-senatoriales#breadcrumb\",\"itemListElement\":[{\"@type\":\"ListItem\",\"position\":1,\"name\":\"Accueil\",\"item\":\"https:\/\/www.africa-press.net\/cotedivoire\/\"},{\"@type\":\"ListItem\",\"position\":2,\"name\":\"Apr\u00e8s son \u00e9chec aux \u00e9lections locales, le PPA-CI de Gbagbo d\u00e9cide de ne pas participer aux s\u00e9natoriales\"}]},{\"@type\":\"WebSite\",\"@id\":\"https:\/\/www.africa-press.net\/cotedivoire\/#website\",\"url\":\"https:\/\/www.africa-press.net\/cotedivoire\/\",\"name\":\"C\u00f4te d&#039;Ivoire\",\"description\":\"Just another Africa News Agency Sites site\",\"potentialAction\":[{\"@type\":\"SearchAction\",\"target\":{\"@type\":\"EntryPoint\",\"urlTemplate\":\"https:\/\/www.africa-press.net\/cotedivoire\/?s={search_term_string}\"},\"query-input\":{\"@type\":\"PropertyValueSpecification\",\"valueRequired\":true,\"valueName\":\"search_term_string\"}}],\"inLanguage\":\"fr-FR\"},{\"@type\":\"Person\",\"@id\":\"https:\/\/www.africa-press.net\/cotedivoire\/#\/schema\/person\/2b1cf3cd81a31e3cd26889ca66d677f1\",\"name\":\"cfeditorfr\"}]}<\/script>\n<!-- \/ Yoast SEO Premium plugin. -->","yoast_head_json":{"title":"Apr\u00e8s son \u00e9chec aux \u00e9lections locales, le PPA-CI de Gbagbo d\u00e9cide de ne pas participer aux s\u00e9natoriales - C\u00f4te d&#039;Ivoire","description":"Les e\u0301lections municipales et les re\u0301gionales du 2 septembre dernier sont termine\u0301es, place aux se\u0301natoriales qui sont p ...","robots":{"index":"index","follow":"follow","max-snippet":"max-snippet:-1","max-image-preview":"max-image-preview:large","max-video-preview":"max-video-preview:-1"},"canonical":"https:\/\/www.africa-press.net\/cotedivoire\/parties\/apres-son-echec-aux-elections-locales-le-ppa-ci-de-gbagbo-decide-de-ne-pas-participer-aux-senatoriales","og_locale":"fr_FR","og_type":"article","og_title":"Apr\u00e8s son \u00e9chec aux \u00e9lections locales, le PPA-CI de Gbagbo d\u00e9cide de ne pas participer aux s\u00e9natoriales","og_description":"Les e\u0301lections municipales et les re\u0301gionales du 2 septembre dernier sont termine\u0301es, place aux se\u0301natoriales qui sont p ...","og_url":"https:\/\/www.africa-press.net\/cotedivoire\/parties\/apres-son-echec-aux-elections-locales-le-ppa-ci-de-gbagbo-decide-de-ne-pas-participer-aux-senatoriales","og_site_name":"C\u00f4te d&#039;Ivoire","article_published_time":"2023-09-16T14:55:33+00:00","article_modified_time":"2023-09-16T15:31:10+00:00","og_image":[{"width":720,"height":483,"url":"https:\/\/static.africa-press.net\/cote\/sites\/43\/2023\/09\/sm_1694865636.992449.jpg","type":"image\/jpeg"}],"author":"cfeditorfr","twitter_card":"summary_large_image","twitter_misc":{"\u00c9crit par":"cfeditorfr","Dur\u00e9e de lecture estim\u00e9e":"2 minutes"},"schema":{"@context":"https:\/\/schema.org","@graph":[{"@type":"Article","@id":"https:\/\/www.africa-press.net\/cotedivoire\/parties\/apres-son-echec-aux-elections-locales-le-ppa-ci-de-gbagbo-decide-de-ne-pas-participer-aux-senatoriales#article","isPartOf":{"@id":"https:\/\/www.africa-press.net\/cotedivoire\/parties\/apres-son-echec-aux-elections-locales-le-ppa-ci-de-gbagbo-decide-de-ne-pas-participer-aux-senatoriales"},"author":{"name":"cfeditorfr","@id":"https:\/\/www.africa-press.net\/cotedivoire\/#\/schema\/person\/2b1cf3cd81a31e3cd26889ca66d677f1"},"headline":"Apr\u00e8s son \u00e9chec aux \u00e9lections locales, le PPA-CI de Gbagbo d\u00e9cide de ne pas participer aux s\u00e9natoriales","datePublished":"2023-09-16T14:55:33+00:00","dateModified":"2023-09-16T15:31:10+00:00","mainEntityOfPage":{"@id":"https:\/\/www.africa-press.net\/cotedivoire\/parties\/apres-son-echec-aux-elections-locales-le-ppa-ci-de-gbagbo-decide-de-ne-pas-participer-aux-senatoriales"},"wordCount":448,"commentCount":0,"image":{"@id":"https:\/\/www.africa-press.net\/cotedivoire\/parties\/apres-son-echec-aux-elections-locales-le-ppa-ci-de-gbagbo-decide-de-ne-pas-participer-aux-senatoriales#primaryimage"},"thumbnailUrl":"https:\/\/static.africa-press.net\/cote\/sites\/43\/2023\/09\/sm_1694865636.992449.jpg","keywords":["Africa Press","Africa Press-C\u00f4te d'Ivoire","Cei","chambre","C\u00d4TE D'IVOIRE","\u00e9lection","Gbagbo","Maire","Pdci","PPA-CI","S\u00e9natoriale"],"articleSection":["Parties","Toutes les actualit\u00e9s"],"inLanguage":"fr-FR","potentialAction":[{"@type":"CommentAction","name":"Comment","target":["https:\/\/www.africa-press.net\/cotedivoire\/parties\/apres-son-echec-aux-elections-locales-le-ppa-ci-de-gbagbo-decide-de-ne-pas-participer-aux-senatoriales#respond"]}]},{"@type":"WebPage","@id":"https:\/\/www.africa-press.net\/cotedivoire\/parties\/apres-son-echec-aux-elections-locales-le-ppa-ci-de-gbagbo-decide-de-ne-pas-participer-aux-senatoriales","url":"https:\/\/www.africa-press.net\/cotedivoire\/parties\/apres-son-echec-aux-elections-locales-le-ppa-ci-de-gbagbo-decide-de-ne-pas-participer-aux-senatoriales","name":"Apr\u00e8s son \u00e9chec aux \u00e9lections locales, le PPA-CI de Gbagbo d\u00e9cide de ne pas participer aux s\u00e9natoriales - C\u00f4te d&#039;Ivoire","isPartOf":{"@id":"https:\/\/www.africa-press.net\/cotedivoire\/#website"},"primaryImageOfPage":{"@id":"https:\/\/www.africa-press.net\/cotedivoire\/parties\/apres-son-echec-aux-elections-locales-le-ppa-ci-de-gbagbo-decide-de-ne-pas-participer-aux-senatoriales#primaryimage"},"image":{"@id":"https:\/\/www.africa-press.net\/cotedivoire\/parties\/apres-son-echec-aux-elections-locales-le-ppa-ci-de-gbagbo-decide-de-ne-pas-participer-aux-senatoriales#primaryimage"},"thumbnailUrl":"https:\/\/static.africa-press.net\/cote\/sites\/43\/2023\/09\/sm_1694865636.992449.jpg","datePublished":"2023-09-16T14:55:33+00:00","dateModified":"2023-09-16T15:31:10+00:00","author":{"@id":"https:\/\/www.africa-press.net\/cotedivoire\/#\/schema\/person\/2b1cf3cd81a31e3cd26889ca66d677f1"},"description":"Les e\u0301lections municipales et les re\u0301gionales du 2 septembre dernier sont termine\u0301es, place aux se\u0301natoriales qui sont p ...","breadcrumb":{"@id":"https:\/\/www.africa-press.net\/cotedivoire\/parties\/apres-son-echec-aux-elections-locales-le-ppa-ci-de-gbagbo-decide-de-ne-pas-participer-aux-senatoriales#breadcrumb"},"inLanguage":"fr-FR","potentialAction":[{"@type":"ReadAction","target":["https:\/\/www.africa-press.net\/cotedivoire\/parties\/apres-son-echec-aux-elections-locales-le-ppa-ci-de-gbagbo-decide-de-ne-pas-participer-aux-senatoriales"]}]},{"@type":"ImageObject","inLanguage":"fr-FR","@id":"https:\/\/www.africa-press.net\/cotedivoire\/parties\/apres-son-echec-aux-elections-locales-le-ppa-ci-de-gbagbo-decide-de-ne-pas-participer-aux-senatoriales#primaryimage","url":"https:\/\/static.africa-press.net\/cote\/sites\/43\/2023\/09\/sm_1694865636.992449.jpg","contentUrl":"https:\/\/static.africa-press.net\/cote\/sites\/43\/2023\/09\/sm_1694865636.992449.jpg","width":720,"height":483,"caption":"Apr\u00e8s son \u00e9chec aux \u00e9lections locales, le PPA-CI de Gbagbo d\u00e9cide de ne pas participer aux s\u00e9natoriales"},{"@type":"BreadcrumbList","@id":"https:\/\/www.africa-press.net\/cotedivoire\/parties\/apres-son-echec-aux-elections-locales-le-ppa-ci-de-gbagbo-decide-de-ne-pas-participer-aux-senatoriales#breadcrumb","itemListElement":[{"@type":"ListItem","position":1,"name":"Accueil","item":"https:\/\/www.africa-press.net\/cotedivoire\/"},{"@type":"ListItem","position":2,"name":"Apr\u00e8s son \u00e9chec aux \u00e9lections locales, le PPA-CI de Gbagbo d\u00e9cide de ne pas participer aux s\u00e9natoriales"}]},{"@type":"WebSite","@id":"https:\/\/www.africa-press.net\/cotedivoire\/#website","url":"https:\/\/www.africa-press.net\/cotedivoire\/","name":"C\u00f4te d&#039;Ivoire","description":"Just another Africa News Agency Sites site","potentialAction":[{"@type":"SearchAction","target":{"@type":"EntryPoint","urlTemplate":"https:\/\/www.africa-press.net\/cotedivoire\/?s={search_term_string}"},"query-input":{"@type":"PropertyValueSpecification","valueRequired":true,"valueName":"search_term_string"}}],"inLanguage":"fr-FR"},{"@type":"Person","@id":"https:\/\/www.africa-press.net\/cotedivoire\/#\/schema\/person\/2b1cf3cd81a31e3cd26889ca66d677f1","name":"cfeditorfr"}]}},"_links":{"self":[{"href":"https:\/\/www.africa-press.net\/cotedivoire\/wp-json\/wp\/v2\/posts\/65354","targetHints":{"allow":["GET"]}}],"collection":[{"href":"https:\/\/www.africa-press.net\/cotedivoire\/wp-json\/wp\/v2\/posts"}],"about":[{"href":"https:\/\/www.africa-press.net\/cotedivoire\/wp-json\/wp\/v2\/types\/post"}],"author":[{"embeddable":true,"href":"https:\/\/www.africa-press.net\/cotedivoire\/wp-json\/wp\/v2\/users\/82"}],"replies":[{"embeddable":true,"href":"https:\/\/www.africa-press.net\/cotedivoire\/wp-json\/wp\/v2\/comments?post=65354"}],"version-history":[{"count":0,"href":"https:\/\/www.africa-press.net\/cotedivoire\/wp-json\/wp\/v2\/posts\/65354\/revisions"}],"wp:featuredmedia":[{"embeddable":true,"href":"https:\/\/www.africa-press.net\/cotedivoire\/wp-json\/wp\/v2\/media\/65353"}],"wp:attachment":[{"href":"https:\/\/www.africa-press.net\/cotedivoire\/wp-json\/wp\/v2\/media?parent=65354"}],"wp:term":[{"taxonomy":"category","embeddable":true,"href":"https:\/\/www.africa-press.net\/cotedivoire\/wp-json\/wp\/v2\/categories?post=65354"},{"taxonomy":"post_tag","embeddable":true,"href":"https:\/\/www.africa-press.net\/cotedivoire\/wp-json\/wp\/v2\/tags?post=65354"}],"curies":[{"name":"wp","href":"https:\/\/api.w.org\/{rel}","templated":true}]}}