{"id":65357,"date":"2023-09-16T14:56:04","date_gmt":"2023-09-16T14:56:04","guid":{"rendered":"https:\/\/www.africa-press.net\/cotedivoire\/politique\/a-abobo-dr-yves-sea-de-la-dcspa-avoue-que-lalphabetisation-demeure-a-la-traine-et-patauge-dans-une-impasse-presquindescriptible"},"modified":"2023-09-16T15:32:11","modified_gmt":"2023-09-16T15:32:11","slug":"a-abobo-dr-yves-sea-de-la-dcspa-avoue-que-lalphabetisation-demeure-a-la-traine-et-patauge-dans-une-impasse-presquindescriptible","status":"publish","type":"post","link":"https:\/\/www.africa-press.net\/cotedivoire\/toutes-les-actualites\/a-abobo-dr-yves-sea-de-la-dcspa-avoue-que-lalphabetisation-demeure-a-la-traine-et-patauge-dans-une-impasse-presquindescriptible","title":{"rendered":"A Abobo, Dr Yves S\u00e9a de la DCSPA avoue que l&rsquo;alphab\u00e9tisation demeure \u00e0 la tra\u00eene et patauge dans une impasse presqu&rsquo;indescriptible"},"content":{"rendered":"<p><span style=\"color: #ff6600\"><strong>Africa-Press &#8211; C\u00f4te d&rsquo;Ivoire. <\/strong><\/span>L&rsquo;externat Saint-Franc\u0327ois Xavier d&rsquo;Abobo Sogephia a accueilli l\u2019e\u0301dition 2023 des journe\u0301es de l\u2019organisation de la promotion de l\u2019alphabe\u0301tisation \u00ab Etabien \u00bb.<\/p>\n<p>Cette e\u0301dition fut meuble\u0301e par plusieurs activite\u0301s au nombre desquelles, un panel a e\u0301te\u0301 anime\u0301 par Dr. Yves Se\u0301a Souhan, Directeur de la Coordination et du Suivi des Programmes d\u2019Alphabe\u0301tisation (DCSPA) et M. Silue\u0301 Te\u0301guy, Directeur des Mate\u0301riels Didactiques et de l&rsquo;alphabe\u0301tisation (DMDA).<\/p>\n<p>\u00ab Alphabe\u0301tisation et autonomisation de la femme \u00bb, e\u0301tait le the\u0300me au centre des e\u0301changes.<\/p>\n<p>Fre\u0301de\u0301ric Toure\u0301 Mamadou, PCA de l\u2019organisation \u00ab Etabien \u00bb, initiateur de cette ce\u0301re\u0301monie a, dans son allocation, salue\u0301 la pre\u0301sence de la direction de la Coordination et du Suivi des Programmes d\u2019Alphabe\u0301tisation du Ministe\u0300re de l\u2019e\u0301ducation avant de dresser un chapelet de dole\u0301ances.<\/p>\n<p>Parrain de cette ce\u0301re\u0301monie, Dr. Yves Se\u0301a, a tenu a\u0300 exprimer sa profonde gratitude au Gouvernement ivoirien qui a fait de l\u2019Alphabe\u0301tisation une priorite\u0301 nationale et a initie\u0301 d\u2019importantes re\u0301formes dans ce secteur, notamment l\u2019arrimage de la composante Alphabe\u0301tisation au Ministe\u0300re de l\u2019Education Nationale et la cre\u0301ation de quatre (4) Directions centrales charge\u0301es de l\u2019Alphabe\u0301tisation dont la Direction de la Coordination et Suivi des Programmes d\u2019Alphabe\u0301tisation (DCSPA) a le privile\u0300ge de pre\u0301sider la pre\u0301sente ce\u0301re\u0301monie.<\/p>\n<p>Dr Yves Kone\u0301 a salue\u0301 l\u2019engagement d Madame La ministre de l&rsquo;E\u0301ducation nationale et de l\u2019Alphabe\u0301tisation, Mariatou Kone\u0301, en faveur de la lutte contre l\u2019analphabe\u0301tisme et sa volonte\u0301 manifeste de relever les de\u0301fis de l\u2019alphabe\u0301tisation en vue de favoriser son impact dans l\u2019ame\u0301lioration constante des conditions d\u2019existence des communaute\u0301s cible.<\/p>\n<p>Dans son discours, l\u2019e\u0301missaire de la ministre de l\u2019e\u0301ducation a fait savoir qu\u2019en de\u0301pit de la mutualisation des efforts soutenus de l\u2019Etat, des parties prenantes et des me\u0301ce\u0300nes pour inverser la tendance, l\u2019alphabe\u0301tisation demeure a\u0300 la trai\u0302ne et patauge dans une impasse presqu\u2019indescriptible.<\/p>\n<p>Enfin, Dr Yves Se\u0301a a invite\u0301 l\u2019organisation \u00ab Etabien \u00bb, a\u0300 accentuer sa que\u0302te d\u2019embarquer la jeunesse et les communaute\u0301s dans des actions constructives qui permettent de tirer des dividendes susceptibles d\u2019ame\u0301liorer le niveau de vie des groupes cible.<\/p>\n<p>\u00ab Pour certains observateurs de l\u2019univers de l\u2019alphabe\u0301tisation, l\u2019ONG Etabien que vous dirige\u0301 si bien, se positionne aujourd\u2019hui comme le creuset des \u0153uvre humanitaires. Ainsi, conscient de votre part active et votre grande responsabilite\u0301 dans l\u2019action d\u2019alphabe\u0301tisation des concitoyens, l\u2019on ne saurait passer sous silence votre militantisme ave\u0301re\u0301 au profit de ce secteur important \u00bb, a-t-il conclu.<\/p>\n<p>Jean Chre\u0301sus, Abidjan<\/p>\n<p><strong>Pour plus d&rsquo;informations et d&rsquo;analyses sur la <a href=\"https:\/\/www.africa-press.net\/cotedivoire\">C\u00f4te d&rsquo;Ivoire<\/a>, suivez <a href=\"https:\/\/www.africa-press.net\/\">Africa-Press<\/a><\/strong><\/p>\n","protected":false},"excerpt":{"rendered":"<p>Africa-Press &#8211; C\u00f4te d&rsquo;Ivoire. L&rsquo;externat Saint-Franc\u0327ois Xavier d&rsquo;Abobo Sogephia a accueilli l\u2019e\u0301dition 2023 des journe\u0301es de l\u2019organisation de la promotion de l\u2019alphabe\u0301tisation \u00ab Etabien \u00bb. Cette e\u0301dition fut meuble\u0301e par plusieurs activite\u0301s au nombre desquelles, un panel a e\u0301te\u0301 anime\u0301 par Dr. Yves Se\u0301a Souhan, Directeur de la Coordination et du Suivi des Programmes d\u2019Alphabe\u0301tisation [&hellip;]<\/p>\n","protected":false},"author":82,"featured_media":65355,"comment_status":"open","ping_status":"closed","sticky":false,"template":"","format":"standard","meta":{"footnotes":""},"categories":[21,10],"tags":[787,56,63,11224,29,11223,11220,1127,11221,11222],"class_list":["post-65357","post","type-post","status-publish","format-standard","has-post-thumbnail","hentry","category-communaute","category-toutes-les-actualites","tag-abobo","tag-africa-press","tag-africa-press-cote-divoire","tag-alphabetisation","tag-cote-divoire","tag-dmda","tag-etabien","tag-mariatou-kone","tag-sea","tag-yves"],"yoast_head":"<!-- This site is optimized with the Yoast SEO Premium plugin v26.1 (Yoast SEO v27.0) - https:\/\/yoast.com\/product\/yoast-seo-premium-wordpress\/ -->\n<title>A Abobo, Dr Yves S\u00e9a de la DCSPA avoue que l&#039;alphab\u00e9tisation demeure \u00e0 la tra\u00eene et patauge dans une impasse presqu&#039;indescriptible - C\u00f4te d&#039;Ivoire<\/title>\n<meta name=\"description\" content=\"L&#039;externat Saint-Franc\u0327ois Xavier d&#039;Abobo Sogephia a accueilli l\u2019e\u0301dition 2023 des journe\u0301es de l\u2019organisation de la pro ...\" \/>\n<meta name=\"robots\" content=\"index, follow, max-snippet:-1, max-image-preview:large, max-video-preview:-1\" \/>\n<link rel=\"canonical\" href=\"https:\/\/www.africa-press.net\/cotedivoire\/toutes-les-actualites\/a-abobo-dr-yves-sea-de-la-dcspa-avoue-que-lalphabetisation-demeure-a-la-traine-et-patauge-dans-une-impasse-presquindescriptible\" \/>\n<meta property=\"og:locale\" content=\"fr_FR\" \/>\n<meta property=\"og:type\" content=\"article\" \/>\n<meta property=\"og:title\" content=\"A Abobo, Dr Yves S\u00e9a de la DCSPA avoue que l&#039;alphab\u00e9tisation demeure \u00e0 la tra\u00eene et patauge dans une impasse presqu&#039;indescriptible\" \/>\n<meta property=\"og:description\" content=\"L&#039;externat Saint-Franc\u0327ois Xavier d&#039;Abobo Sogephia a accueilli l\u2019e\u0301dition 2023 des journe\u0301es de l\u2019organisation de la pro ...\" \/>\n<meta property=\"og:url\" content=\"https:\/\/www.africa-press.net\/cotedivoire\/toutes-les-actualites\/a-abobo-dr-yves-sea-de-la-dcspa-avoue-que-lalphabetisation-demeure-a-la-traine-et-patauge-dans-une-impasse-presquindescriptible\" \/>\n<meta property=\"og:site_name\" content=\"C\u00f4te d&#039;Ivoire\" \/>\n<meta property=\"article:published_time\" content=\"2023-09-16T14:56:04+00:00\" \/>\n<meta property=\"article:modified_time\" content=\"2023-09-16T15:32:11+00:00\" \/>\n<meta property=\"og:image\" content=\"https:\/\/static.africa-press.net\/cote\/sites\/43\/2023\/09\/sm_1694865660.720651.jpg\" \/>\n\t<meta property=\"og:image:width\" content=\"720\" \/>\n\t<meta property=\"og:image:height\" content=\"540\" \/>\n\t<meta property=\"og:image:type\" content=\"image\/jpeg\" \/>\n<meta name=\"author\" content=\"cfeditorfr\" \/>\n<meta name=\"twitter:card\" content=\"summary_large_image\" \/>\n<meta name=\"twitter:label1\" content=\"\u00c9crit par\" \/>\n\t<meta name=\"twitter:data1\" content=\"cfeditorfr\" \/>\n\t<meta name=\"twitter:label2\" content=\"Dur\u00e9e de lecture estim\u00e9e\" \/>\n\t<meta name=\"twitter:data2\" content=\"2 minutes\" \/>\n<script type=\"application\/ld+json\" class=\"yoast-schema-graph\">{\"@context\":\"https:\/\/schema.org\",\"@graph\":[{\"@type\":\"Article\",\"@id\":\"https:\/\/www.africa-press.net\/cotedivoire\/toutes-les-actualites\/a-abobo-dr-yves-sea-de-la-dcspa-avoue-que-lalphabetisation-demeure-a-la-traine-et-patauge-dans-une-impasse-presquindescriptible#article\",\"isPartOf\":{\"@id\":\"https:\/\/www.africa-press.net\/cotedivoire\/toutes-les-actualites\/a-abobo-dr-yves-sea-de-la-dcspa-avoue-que-lalphabetisation-demeure-a-la-traine-et-patauge-dans-une-impasse-presquindescriptible\"},\"author\":{\"name\":\"cfeditorfr\",\"@id\":\"https:\/\/www.africa-press.net\/cotedivoire\/#\/schema\/person\/2b1cf3cd81a31e3cd26889ca66d677f1\"},\"headline\":\"A Abobo, Dr Yves S\u00e9a de la DCSPA avoue que l&rsquo;alphab\u00e9tisation demeure \u00e0 la tra\u00eene et patauge dans une impasse presqu&rsquo;indescriptible\",\"datePublished\":\"2023-09-16T14:56:04+00:00\",\"dateModified\":\"2023-09-16T15:32:11+00:00\",\"mainEntityOfPage\":{\"@id\":\"https:\/\/www.africa-press.net\/cotedivoire\/toutes-les-actualites\/a-abobo-dr-yves-sea-de-la-dcspa-avoue-que-lalphabetisation-demeure-a-la-traine-et-patauge-dans-une-impasse-presquindescriptible\"},\"wordCount\":526,\"commentCount\":0,\"image\":{\"@id\":\"https:\/\/www.africa-press.net\/cotedivoire\/toutes-les-actualites\/a-abobo-dr-yves-sea-de-la-dcspa-avoue-que-lalphabetisation-demeure-a-la-traine-et-patauge-dans-une-impasse-presquindescriptible#primaryimage\"},\"thumbnailUrl\":\"https:\/\/static.africa-press.net\/cote\/sites\/43\/2023\/09\/sm_1694865660.720651.jpg\",\"keywords\":[\"Abobo\",\"Africa Press\",\"Africa Press-C\u00f4te d'Ivoire\",\"Alphab\u00e9tisation\",\"C\u00d4TE D'IVOIRE\",\"DMDA\",\"Etabien\",\"Mariatou Kon\u00e9\",\"S\u00e9a\",\"Yves\"],\"articleSection\":[\"Communaut\u00e9\",\"Toutes les actualit\u00e9s\"],\"inLanguage\":\"fr-FR\",\"potentialAction\":[{\"@type\":\"CommentAction\",\"name\":\"Comment\",\"target\":[\"https:\/\/www.africa-press.net\/cotedivoire\/toutes-les-actualites\/a-abobo-dr-yves-sea-de-la-dcspa-avoue-que-lalphabetisation-demeure-a-la-traine-et-patauge-dans-une-impasse-presquindescriptible#respond\"]}]},{\"@type\":\"WebPage\",\"@id\":\"https:\/\/www.africa-press.net\/cotedivoire\/toutes-les-actualites\/a-abobo-dr-yves-sea-de-la-dcspa-avoue-que-lalphabetisation-demeure-a-la-traine-et-patauge-dans-une-impasse-presquindescriptible\",\"url\":\"https:\/\/www.africa-press.net\/cotedivoire\/toutes-les-actualites\/a-abobo-dr-yves-sea-de-la-dcspa-avoue-que-lalphabetisation-demeure-a-la-traine-et-patauge-dans-une-impasse-presquindescriptible\",\"name\":\"A Abobo, Dr Yves S\u00e9a de la DCSPA avoue que l'alphab\u00e9tisation demeure \u00e0 la tra\u00eene et patauge dans une impasse presqu'indescriptible - C\u00f4te d&#039;Ivoire\",\"isPartOf\":{\"@id\":\"https:\/\/www.africa-press.net\/cotedivoire\/#website\"},\"primaryImageOfPage\":{\"@id\":\"https:\/\/www.africa-press.net\/cotedivoire\/toutes-les-actualites\/a-abobo-dr-yves-sea-de-la-dcspa-avoue-que-lalphabetisation-demeure-a-la-traine-et-patauge-dans-une-impasse-presquindescriptible#primaryimage\"},\"image\":{\"@id\":\"https:\/\/www.africa-press.net\/cotedivoire\/toutes-les-actualites\/a-abobo-dr-yves-sea-de-la-dcspa-avoue-que-lalphabetisation-demeure-a-la-traine-et-patauge-dans-une-impasse-presquindescriptible#primaryimage\"},\"thumbnailUrl\":\"https:\/\/static.africa-press.net\/cote\/sites\/43\/2023\/09\/sm_1694865660.720651.jpg\",\"datePublished\":\"2023-09-16T14:56:04+00:00\",\"dateModified\":\"2023-09-16T15:32:11+00:00\",\"author\":{\"@id\":\"https:\/\/www.africa-press.net\/cotedivoire\/#\/schema\/person\/2b1cf3cd81a31e3cd26889ca66d677f1\"},\"description\":\"L'externat Saint-Franc\u0327ois Xavier d'Abobo Sogephia a accueilli l\u2019e\u0301dition 2023 des journe\u0301es de l\u2019organisation de la pro ...\",\"breadcrumb\":{\"@id\":\"https:\/\/www.africa-press.net\/cotedivoire\/toutes-les-actualites\/a-abobo-dr-yves-sea-de-la-dcspa-avoue-que-lalphabetisation-demeure-a-la-traine-et-patauge-dans-une-impasse-presquindescriptible#breadcrumb\"},\"inLanguage\":\"fr-FR\",\"potentialAction\":[{\"@type\":\"ReadAction\",\"target\":[\"https:\/\/www.africa-press.net\/cotedivoire\/toutes-les-actualites\/a-abobo-dr-yves-sea-de-la-dcspa-avoue-que-lalphabetisation-demeure-a-la-traine-et-patauge-dans-une-impasse-presquindescriptible\"]}]},{\"@type\":\"ImageObject\",\"inLanguage\":\"fr-FR\",\"@id\":\"https:\/\/www.africa-press.net\/cotedivoire\/toutes-les-actualites\/a-abobo-dr-yves-sea-de-la-dcspa-avoue-que-lalphabetisation-demeure-a-la-traine-et-patauge-dans-une-impasse-presquindescriptible#primaryimage\",\"url\":\"https:\/\/static.africa-press.net\/cote\/sites\/43\/2023\/09\/sm_1694865660.720651.jpg\",\"contentUrl\":\"https:\/\/static.africa-press.net\/cote\/sites\/43\/2023\/09\/sm_1694865660.720651.jpg\",\"width\":720,\"height\":540,\"caption\":\"A Abobo, Dr Yves S\u00e9a de la DCSPA avoue que l'alphab\u00e9tisation demeure \u00e0 la tra\u00eene et patauge dans une impasse presqu'indescriptible\"},{\"@type\":\"BreadcrumbList\",\"@id\":\"https:\/\/www.africa-press.net\/cotedivoire\/toutes-les-actualites\/a-abobo-dr-yves-sea-de-la-dcspa-avoue-que-lalphabetisation-demeure-a-la-traine-et-patauge-dans-une-impasse-presquindescriptible#breadcrumb\",\"itemListElement\":[{\"@type\":\"ListItem\",\"position\":1,\"name\":\"Accueil\",\"item\":\"https:\/\/www.africa-press.net\/cotedivoire\/\"},{\"@type\":\"ListItem\",\"position\":2,\"name\":\"A Abobo, Dr Yves S\u00e9a de la DCSPA avoue que l&#8217;alphab\u00e9tisation demeure \u00e0 la tra\u00eene et patauge dans une impasse presqu&#8217;indescriptible\"}]},{\"@type\":\"WebSite\",\"@id\":\"https:\/\/www.africa-press.net\/cotedivoire\/#website\",\"url\":\"https:\/\/www.africa-press.net\/cotedivoire\/\",\"name\":\"C\u00f4te d&#039;Ivoire\",\"description\":\"Just another Africa News Agency Sites site\",\"potentialAction\":[{\"@type\":\"SearchAction\",\"target\":{\"@type\":\"EntryPoint\",\"urlTemplate\":\"https:\/\/www.africa-press.net\/cotedivoire\/?s={search_term_string}\"},\"query-input\":{\"@type\":\"PropertyValueSpecification\",\"valueRequired\":true,\"valueName\":\"search_term_string\"}}],\"inLanguage\":\"fr-FR\"},{\"@type\":\"Person\",\"@id\":\"https:\/\/www.africa-press.net\/cotedivoire\/#\/schema\/person\/2b1cf3cd81a31e3cd26889ca66d677f1\",\"name\":\"cfeditorfr\"}]}<\/script>\n<!-- \/ Yoast SEO Premium plugin. -->","yoast_head_json":{"title":"A Abobo, Dr Yves S\u00e9a de la DCSPA avoue que l'alphab\u00e9tisation demeure \u00e0 la tra\u00eene et patauge dans une impasse presqu'indescriptible - C\u00f4te d&#039;Ivoire","description":"L'externat Saint-Franc\u0327ois Xavier d'Abobo Sogephia a accueilli l\u2019e\u0301dition 2023 des journe\u0301es de l\u2019organisation de la pro ...","robots":{"index":"index","follow":"follow","max-snippet":"max-snippet:-1","max-image-preview":"max-image-preview:large","max-video-preview":"max-video-preview:-1"},"canonical":"https:\/\/www.africa-press.net\/cotedivoire\/toutes-les-actualites\/a-abobo-dr-yves-sea-de-la-dcspa-avoue-que-lalphabetisation-demeure-a-la-traine-et-patauge-dans-une-impasse-presquindescriptible","og_locale":"fr_FR","og_type":"article","og_title":"A Abobo, Dr Yves S\u00e9a de la DCSPA avoue que l'alphab\u00e9tisation demeure \u00e0 la tra\u00eene et patauge dans une impasse presqu'indescriptible","og_description":"L'externat Saint-Franc\u0327ois Xavier d'Abobo Sogephia a accueilli l\u2019e\u0301dition 2023 des journe\u0301es de l\u2019organisation de la pro ...","og_url":"https:\/\/www.africa-press.net\/cotedivoire\/toutes-les-actualites\/a-abobo-dr-yves-sea-de-la-dcspa-avoue-que-lalphabetisation-demeure-a-la-traine-et-patauge-dans-une-impasse-presquindescriptible","og_site_name":"C\u00f4te d&#039;Ivoire","article_published_time":"2023-09-16T14:56:04+00:00","article_modified_time":"2023-09-16T15:32:11+00:00","og_image":[{"width":720,"height":540,"url":"https:\/\/static.africa-press.net\/cote\/sites\/43\/2023\/09\/sm_1694865660.720651.jpg","type":"image\/jpeg"}],"author":"cfeditorfr","twitter_card":"summary_large_image","twitter_misc":{"\u00c9crit par":"cfeditorfr","Dur\u00e9e de lecture estim\u00e9e":"2 minutes"},"schema":{"@context":"https:\/\/schema.org","@graph":[{"@type":"Article","@id":"https:\/\/www.africa-press.net\/cotedivoire\/toutes-les-actualites\/a-abobo-dr-yves-sea-de-la-dcspa-avoue-que-lalphabetisation-demeure-a-la-traine-et-patauge-dans-une-impasse-presquindescriptible#article","isPartOf":{"@id":"https:\/\/www.africa-press.net\/cotedivoire\/toutes-les-actualites\/a-abobo-dr-yves-sea-de-la-dcspa-avoue-que-lalphabetisation-demeure-a-la-traine-et-patauge-dans-une-impasse-presquindescriptible"},"author":{"name":"cfeditorfr","@id":"https:\/\/www.africa-press.net\/cotedivoire\/#\/schema\/person\/2b1cf3cd81a31e3cd26889ca66d677f1"},"headline":"A Abobo, Dr Yves S\u00e9a de la DCSPA avoue que l&rsquo;alphab\u00e9tisation demeure \u00e0 la tra\u00eene et patauge dans une impasse presqu&rsquo;indescriptible","datePublished":"2023-09-16T14:56:04+00:00","dateModified":"2023-09-16T15:32:11+00:00","mainEntityOfPage":{"@id":"https:\/\/www.africa-press.net\/cotedivoire\/toutes-les-actualites\/a-abobo-dr-yves-sea-de-la-dcspa-avoue-que-lalphabetisation-demeure-a-la-traine-et-patauge-dans-une-impasse-presquindescriptible"},"wordCount":526,"commentCount":0,"image":{"@id":"https:\/\/www.africa-press.net\/cotedivoire\/toutes-les-actualites\/a-abobo-dr-yves-sea-de-la-dcspa-avoue-que-lalphabetisation-demeure-a-la-traine-et-patauge-dans-une-impasse-presquindescriptible#primaryimage"},"thumbnailUrl":"https:\/\/static.africa-press.net\/cote\/sites\/43\/2023\/09\/sm_1694865660.720651.jpg","keywords":["Abobo","Africa Press","Africa Press-C\u00f4te d'Ivoire","Alphab\u00e9tisation","C\u00d4TE D'IVOIRE","DMDA","Etabien","Mariatou Kon\u00e9","S\u00e9a","Yves"],"articleSection":["Communaut\u00e9","Toutes les actualit\u00e9s"],"inLanguage":"fr-FR","potentialAction":[{"@type":"CommentAction","name":"Comment","target":["https:\/\/www.africa-press.net\/cotedivoire\/toutes-les-actualites\/a-abobo-dr-yves-sea-de-la-dcspa-avoue-que-lalphabetisation-demeure-a-la-traine-et-patauge-dans-une-impasse-presquindescriptible#respond"]}]},{"@type":"WebPage","@id":"https:\/\/www.africa-press.net\/cotedivoire\/toutes-les-actualites\/a-abobo-dr-yves-sea-de-la-dcspa-avoue-que-lalphabetisation-demeure-a-la-traine-et-patauge-dans-une-impasse-presquindescriptible","url":"https:\/\/www.africa-press.net\/cotedivoire\/toutes-les-actualites\/a-abobo-dr-yves-sea-de-la-dcspa-avoue-que-lalphabetisation-demeure-a-la-traine-et-patauge-dans-une-impasse-presquindescriptible","name":"A Abobo, Dr Yves S\u00e9a de la DCSPA avoue que l'alphab\u00e9tisation demeure \u00e0 la tra\u00eene et patauge dans une impasse presqu'indescriptible - C\u00f4te d&#039;Ivoire","isPartOf":{"@id":"https:\/\/www.africa-press.net\/cotedivoire\/#website"},"primaryImageOfPage":{"@id":"https:\/\/www.africa-press.net\/cotedivoire\/toutes-les-actualites\/a-abobo-dr-yves-sea-de-la-dcspa-avoue-que-lalphabetisation-demeure-a-la-traine-et-patauge-dans-une-impasse-presquindescriptible#primaryimage"},"image":{"@id":"https:\/\/www.africa-press.net\/cotedivoire\/toutes-les-actualites\/a-abobo-dr-yves-sea-de-la-dcspa-avoue-que-lalphabetisation-demeure-a-la-traine-et-patauge-dans-une-impasse-presquindescriptible#primaryimage"},"thumbnailUrl":"https:\/\/static.africa-press.net\/cote\/sites\/43\/2023\/09\/sm_1694865660.720651.jpg","datePublished":"2023-09-16T14:56:04+00:00","dateModified":"2023-09-16T15:32:11+00:00","author":{"@id":"https:\/\/www.africa-press.net\/cotedivoire\/#\/schema\/person\/2b1cf3cd81a31e3cd26889ca66d677f1"},"description":"L'externat Saint-Franc\u0327ois Xavier d'Abobo Sogephia a accueilli l\u2019e\u0301dition 2023 des journe\u0301es de l\u2019organisation de la pro ...","breadcrumb":{"@id":"https:\/\/www.africa-press.net\/cotedivoire\/toutes-les-actualites\/a-abobo-dr-yves-sea-de-la-dcspa-avoue-que-lalphabetisation-demeure-a-la-traine-et-patauge-dans-une-impasse-presquindescriptible#breadcrumb"},"inLanguage":"fr-FR","potentialAction":[{"@type":"ReadAction","target":["https:\/\/www.africa-press.net\/cotedivoire\/toutes-les-actualites\/a-abobo-dr-yves-sea-de-la-dcspa-avoue-que-lalphabetisation-demeure-a-la-traine-et-patauge-dans-une-impasse-presquindescriptible"]}]},{"@type":"ImageObject","inLanguage":"fr-FR","@id":"https:\/\/www.africa-press.net\/cotedivoire\/toutes-les-actualites\/a-abobo-dr-yves-sea-de-la-dcspa-avoue-que-lalphabetisation-demeure-a-la-traine-et-patauge-dans-une-impasse-presquindescriptible#primaryimage","url":"https:\/\/static.africa-press.net\/cote\/sites\/43\/2023\/09\/sm_1694865660.720651.jpg","contentUrl":"https:\/\/static.africa-press.net\/cote\/sites\/43\/2023\/09\/sm_1694865660.720651.jpg","width":720,"height":540,"caption":"A Abobo, Dr Yves S\u00e9a de la DCSPA avoue que l'alphab\u00e9tisation demeure \u00e0 la tra\u00eene et patauge dans une impasse presqu'indescriptible"},{"@type":"BreadcrumbList","@id":"https:\/\/www.africa-press.net\/cotedivoire\/toutes-les-actualites\/a-abobo-dr-yves-sea-de-la-dcspa-avoue-que-lalphabetisation-demeure-a-la-traine-et-patauge-dans-une-impasse-presquindescriptible#breadcrumb","itemListElement":[{"@type":"ListItem","position":1,"name":"Accueil","item":"https:\/\/www.africa-press.net\/cotedivoire\/"},{"@type":"ListItem","position":2,"name":"A Abobo, Dr Yves S\u00e9a de la DCSPA avoue que l&#8217;alphab\u00e9tisation demeure \u00e0 la tra\u00eene et patauge dans une impasse presqu&#8217;indescriptible"}]},{"@type":"WebSite","@id":"https:\/\/www.africa-press.net\/cotedivoire\/#website","url":"https:\/\/www.africa-press.net\/cotedivoire\/","name":"C\u00f4te d&#039;Ivoire","description":"Just another Africa News Agency Sites site","potentialAction":[{"@type":"SearchAction","target":{"@type":"EntryPoint","urlTemplate":"https:\/\/www.africa-press.net\/cotedivoire\/?s={search_term_string}"},"query-input":{"@type":"PropertyValueSpecification","valueRequired":true,"valueName":"search_term_string"}}],"inLanguage":"fr-FR"},{"@type":"Person","@id":"https:\/\/www.africa-press.net\/cotedivoire\/#\/schema\/person\/2b1cf3cd81a31e3cd26889ca66d677f1","name":"cfeditorfr"}]}},"_links":{"self":[{"href":"https:\/\/www.africa-press.net\/cotedivoire\/wp-json\/wp\/v2\/posts\/65357","targetHints":{"allow":["GET"]}}],"collection":[{"href":"https:\/\/www.africa-press.net\/cotedivoire\/wp-json\/wp\/v2\/posts"}],"about":[{"href":"https:\/\/www.africa-press.net\/cotedivoire\/wp-json\/wp\/v2\/types\/post"}],"author":[{"embeddable":true,"href":"https:\/\/www.africa-press.net\/cotedivoire\/wp-json\/wp\/v2\/users\/82"}],"replies":[{"embeddable":true,"href":"https:\/\/www.africa-press.net\/cotedivoire\/wp-json\/wp\/v2\/comments?post=65357"}],"version-history":[{"count":0,"href":"https:\/\/www.africa-press.net\/cotedivoire\/wp-json\/wp\/v2\/posts\/65357\/revisions"}],"wp:featuredmedia":[{"embeddable":true,"href":"https:\/\/www.africa-press.net\/cotedivoire\/wp-json\/wp\/v2\/media\/65355"}],"wp:attachment":[{"href":"https:\/\/www.africa-press.net\/cotedivoire\/wp-json\/wp\/v2\/media?parent=65357"}],"wp:term":[{"taxonomy":"category","embeddable":true,"href":"https:\/\/www.africa-press.net\/cotedivoire\/wp-json\/wp\/v2\/categories?post=65357"},{"taxonomy":"post_tag","embeddable":true,"href":"https:\/\/www.africa-press.net\/cotedivoire\/wp-json\/wp\/v2\/tags?post=65357"}],"curies":[{"name":"wp","href":"https:\/\/api.w.org\/{rel}","templated":true}]}}