{"id":65515,"date":"2023-09-18T16:35:21","date_gmt":"2023-09-18T16:35:21","guid":{"rendered":"https:\/\/www.africa-press.net\/cotedivoire\/politique\/senat-alassane-ouattara-sauvera-t-il-ahoussou-apres-ses-echecs-consecutifs-aux-regionales-et-aux-senatoriales"},"modified":"2023-09-18T17:45:06","modified_gmt":"2023-09-18T17:45:06","slug":"senat-alassane-ouattara-sauvera-t-il-ahoussou-apres-ses-echecs-consecutifs-aux-regionales-et-aux-senatoriales","status":"publish","type":"post","link":"https:\/\/www.africa-press.net\/cotedivoire\/dossiers\/senat-alassane-ouattara-sauvera-t-il-ahoussou-apres-ses-echecs-consecutifs-aux-regionales-et-aux-senatoriales","title":{"rendered":"S\u00e9nat, Alassane Ouattara sauvera-t-il Ahoussou apr\u00e8s ses \u00e9checs cons\u00e9cutifs aux r\u00e9gionales et aux s\u00e9natoriales?"},"content":{"rendered":"<p><span style=\"color: #ff6600\"><strong>Africa-Press &#8211; C\u00f4te d&rsquo;Ivoire. <\/strong><\/span>Les populations de la re\u0301gion du Be\u0301lier, au centre de la Co\u0302te d&rsquo;Ivoire, ont de\u0301cide\u0301 de tourner de\u0301finitivement la page Jeannot Ahoussou-Kouadio. Leur estime envers l&rsquo;ancien pre\u0301sident du Se\u0301nat est, de toute e\u0301vidence, un vieux souvenir.<\/p>\n<p>Battu en effet, le 2 septembre 2023, lors de l&rsquo;e\u0301lection du Conseil re\u0301gional dans le Be\u0301lier par Konan Kouakou Raymond, le candidat PDCI-RDA, le Pre\u0301sident sortant du Se\u0301nat ivoirien a encore mordu la poussie\u0300re, samedi dernier, face au candidat du me\u0302me parti, Re\u0301mi Allah Kouadio, lors de l&rsquo;e\u0301lection se\u0301natoriale toujours dans la me\u0302me re\u0301gion.<\/p>\n<p>Avec ces deux revers conse\u0301cutifs en l&rsquo;espace de deux semaines, l&rsquo;on se pose des questions sur l&rsquo;avenir politique de celui qui a e\u0301te\u0301 durant plusieurs de\u0301cennies, le leader des cadres de la re\u0301gion du Be\u0301lier.<\/p>\n<p>De\u0301sormais en chute libre, le soldat Jeannot Ahoussou Kouadio ne doit son salut politique qu&rsquo;a\u0300 la magnanimite\u0301 du chef de l&rsquo;Etat ivoirien, Alassane Ouattara qui, seul, par son pouvoir discre\u0301tionnaire, pourrait le re\u0301inscrire sur la liste des se\u0301nateurs nomme\u0301s dans les prochains jours.<\/p>\n<p>Mais la\u0300 encore, s&rsquo;il venait a\u0300 e\u0302tre nomme\u0301 en de\u0301pit de ses deux cuisants e\u0301checs, Jeannot Ahoussou-Kouadio retrouvera-t-il son poste de pre\u0301sident du Se\u0301nat, lui le repe\u0302che\u0301 ? Cette question trottine en ce moment dans l&rsquo;esprit de certains militants du RHDP, au lendemain de la publication des re\u0301sultats du scrutin du 16 septembre 2023.<\/p>\n<p>D&rsquo;aucuns estiment que, me\u0302me si le chef de l&rsquo;Etat ivoirien souhaiterait son maintien au Se\u0301nat, l&rsquo;ancien Pre\u0301sident du Conseil re\u0301gional du Be\u0301lier ne pourrait pas pre\u0301sider la deuxie\u0300me chambre du parlement. Pour la simple raison, qu&rsquo;il a perdu la le\u0301gitimite\u0301 et ne repre\u0301senterait pratiquement plus rien dans la re\u0301gion du Be\u0301lier ou\u0300 il e\u0301tait le leader inconteste\u0301.<\/p>\n<p>L\u2019avenir nous situera !<\/p>\n<p>Nous apprenons, par ailleurs, que les e\u0301checs re\u0301pe\u0301te\u0301s du fils de Raviard dans le centre de la Co\u0302te d&rsquo;Ivoire s&rsquo;expliquent. Des populations affirment qu&rsquo;en plus d&rsquo;avoir e\u0301te\u0301 abandonne\u0301 par les militants du RHDP, Jeannot Ahoussou-Kouadio est e\u0301galement victime de ses nombreuses sorties contre son ancien mentor, le Pre\u0301sident du PDCI-RDA qui lui a tout donne\u0301 ou presque.<\/p>\n<p>\u00abIl a passe\u0301 son temps a\u0300 vilipender et a\u030a insulter, le Pre\u0301sident Henri Konan Be\u0301die\u0301 et au lendemain de son de\u0301ce\u0300s, Jeannot Ahoussou-Kouadio a voulu se ressaisir, mais il e\u0301tait trop tard \u00bb, a confie\u0301 un militant du PDCI-RDA de Toumodi.<\/p>\n<p>En outre, l&rsquo;homme n&rsquo;a eu de cesse de traiter le PDCI-RDA, parti dont il est originaire, de \u00ab\u00a0rabougri qui ne repre\u0301sente plus rien\u00a0\u00bb. A chaque fois que l&rsquo;occasion lui e\u0301tait donne\u0301e, il ne se retenait pas d&rsquo;humilier cette formation politique qui lui a pourtant tout donne\u0301 et tout appris. Morceau choisi de l&rsquo;une de ses sorties sur le plus vieux parti politique ivoirien a\u0300 Lomokankro, dans la localite\u0301 de Tie\u0301bissou en mai 2023.<\/p>\n<p>\u00a0\u00bb Le PDCI-RDA, c&rsquo;est fini, c&rsquo;est l&rsquo;Ancien Testament\u00a0\u00bb. Des propos moqueurs et de\u0301nigrants que les responsables du parti vert et blanc n&rsquo;ont jamais dige\u0301re\u0301s.<\/p>\n<p>Aujourd&rsquo;hui, avec ses deux e\u0301checs conse\u0301cutifs, Jeannot Ahoussou Kouadio qui a traite\u0301 le PDCI-RDA d'\u00a0\u00bbAncien Testament\u00a0\u00bb, se retrouve lui-me\u0302me rele\u0301gue\u0301 dans cette premie\u0300re partie de la Bible, comme personnage cle\u0301. Son avenir politique est plus que jamais en pointille\u0301. A\u0300 moins que bien su\u0302r, Ouattara veuille bien le sauver politiquement apre\u0300s, rappelons-le, l&rsquo;avoir sauve\u0301 physiquement en re\u0300glant de lourdes factures de soins a\u0300 l&rsquo;exte\u0301rieur en 2020.<\/p>\n<p>Wassimagnon<\/p>\n<p><b>Source: KOACI<\/b><\/p>\n<p><strong>Pour plus d&rsquo;informations et d&rsquo;analyses sur la <a href=\"https:\/\/www.africa-press.net\/cotedivoire\">C\u00f4te d&rsquo;Ivoire<\/a>, suivez <a href=\"https:\/\/www.africa-press.net\/\">Africa-Press<\/a><\/strong><\/p>\n","protected":false},"excerpt":{"rendered":"<p>Africa-Press &#8211; C\u00f4te d&rsquo;Ivoire. Les populations de la re\u0301gion du Be\u0301lier, au centre de la Co\u0302te d&rsquo;Ivoire, ont de\u0301cide\u0301 de tourner de\u0301finitivement la page Jeannot Ahoussou-Kouadio. Leur estime envers l&rsquo;ancien pre\u0301sident du Se\u0301nat est, de toute e\u0301vidence, un vieux souvenir. Battu en effet, le 2 septembre 2023, lors de l&rsquo;e\u0301lection du Conseil re\u0301gional dans le [&hellip;]<\/p>\n","protected":false},"author":82,"featured_media":65513,"comment_status":"open","ping_status":"closed","sticky":false,"template":"","format":"standard","meta":{"footnotes":""},"categories":[7,10],"tags":[56,63,38,29,871,371,421],"class_list":["post-65515","post","type-post","status-publish","format-standard","has-post-thumbnail","hentry","category-dossiers","category-toutes-les-actualites","tag-africa-press","tag-africa-press-cote-divoire","tag-alassane-ouattara","tag-cote-divoire","tag-jeannot-ahoussou-kouadio","tag-rhdp","tag-senat"],"yoast_head":"<!-- This site is optimized with the Yoast SEO Premium plugin v26.1 (Yoast SEO v27.0) - https:\/\/yoast.com\/product\/yoast-seo-premium-wordpress\/ -->\n<title>S\u00e9nat, Alassane Ouattara sauvera-t-il Ahoussou apr\u00e8s ses \u00e9checs cons\u00e9cutifs aux r\u00e9gionales et aux s\u00e9natoriales? - C\u00f4te d&#039;Ivoire<\/title>\n<meta name=\"description\" content=\"Les populations de la re\u0301gion du Be\u0301lier, au centre de la Co\u0302te d&#039;Ivoire, ont de\u0301cide\u0301 de tourner de\u0301finitivement la pag ...\" \/>\n<meta name=\"robots\" content=\"index, follow, max-snippet:-1, max-image-preview:large, max-video-preview:-1\" \/>\n<link rel=\"canonical\" href=\"https:\/\/www.africa-press.net\/cotedivoire\/dossiers\/senat-alassane-ouattara-sauvera-t-il-ahoussou-apres-ses-echecs-consecutifs-aux-regionales-et-aux-senatoriales\" \/>\n<meta property=\"og:locale\" content=\"fr_FR\" \/>\n<meta property=\"og:type\" content=\"article\" \/>\n<meta property=\"og:title\" content=\"S\u00e9nat, Alassane Ouattara sauvera-t-il Ahoussou apr\u00e8s ses \u00e9checs cons\u00e9cutifs aux r\u00e9gionales et aux s\u00e9natoriales?\" \/>\n<meta property=\"og:description\" content=\"Les populations de la re\u0301gion du Be\u0301lier, au centre de la Co\u0302te d&#039;Ivoire, ont de\u0301cide\u0301 de tourner de\u0301finitivement la pag ...\" \/>\n<meta property=\"og:url\" content=\"https:\/\/www.africa-press.net\/cotedivoire\/dossiers\/senat-alassane-ouattara-sauvera-t-il-ahoussou-apres-ses-echecs-consecutifs-aux-regionales-et-aux-senatoriales\" \/>\n<meta property=\"og:site_name\" content=\"C\u00f4te d&#039;Ivoire\" \/>\n<meta property=\"article:published_time\" content=\"2023-09-18T16:35:21+00:00\" \/>\n<meta property=\"article:modified_time\" content=\"2023-09-18T17:45:06+00:00\" \/>\n<meta property=\"og:image\" content=\"https:\/\/static.africa-press.net\/cote\/sites\/43\/2023\/09\/sm_1695046385.910165.jpg\" \/>\n\t<meta property=\"og:image:width\" content=\"720\" \/>\n\t<meta property=\"og:image:height\" content=\"403\" \/>\n\t<meta property=\"og:image:type\" content=\"image\/jpeg\" \/>\n<meta name=\"author\" content=\"cfeditorfr\" \/>\n<meta name=\"twitter:card\" content=\"summary_large_image\" \/>\n<meta name=\"twitter:label1\" content=\"\u00c9crit par\" \/>\n\t<meta name=\"twitter:data1\" content=\"cfeditorfr\" \/>\n\t<meta name=\"twitter:label2\" content=\"Dur\u00e9e de lecture estim\u00e9e\" \/>\n\t<meta name=\"twitter:data2\" content=\"3 minutes\" \/>\n<script type=\"application\/ld+json\" class=\"yoast-schema-graph\">{\"@context\":\"https:\/\/schema.org\",\"@graph\":[{\"@type\":\"Article\",\"@id\":\"https:\/\/www.africa-press.net\/cotedivoire\/dossiers\/senat-alassane-ouattara-sauvera-t-il-ahoussou-apres-ses-echecs-consecutifs-aux-regionales-et-aux-senatoriales#article\",\"isPartOf\":{\"@id\":\"https:\/\/www.africa-press.net\/cotedivoire\/dossiers\/senat-alassane-ouattara-sauvera-t-il-ahoussou-apres-ses-echecs-consecutifs-aux-regionales-et-aux-senatoriales\"},\"author\":{\"name\":\"cfeditorfr\",\"@id\":\"https:\/\/www.africa-press.net\/cotedivoire\/#\/schema\/person\/2b1cf3cd81a31e3cd26889ca66d677f1\"},\"headline\":\"S\u00e9nat, Alassane Ouattara sauvera-t-il Ahoussou apr\u00e8s ses \u00e9checs cons\u00e9cutifs aux r\u00e9gionales et aux s\u00e9natoriales?\",\"datePublished\":\"2023-09-18T16:35:21+00:00\",\"dateModified\":\"2023-09-18T17:45:06+00:00\",\"mainEntityOfPage\":{\"@id\":\"https:\/\/www.africa-press.net\/cotedivoire\/dossiers\/senat-alassane-ouattara-sauvera-t-il-ahoussou-apres-ses-echecs-consecutifs-aux-regionales-et-aux-senatoriales\"},\"wordCount\":688,\"commentCount\":0,\"image\":{\"@id\":\"https:\/\/www.africa-press.net\/cotedivoire\/dossiers\/senat-alassane-ouattara-sauvera-t-il-ahoussou-apres-ses-echecs-consecutifs-aux-regionales-et-aux-senatoriales#primaryimage\"},\"thumbnailUrl\":\"https:\/\/static.africa-press.net\/cote\/sites\/43\/2023\/09\/sm_1695046385.910165.jpg\",\"keywords\":[\"Africa Press\",\"Africa Press-C\u00f4te d'Ivoire\",\"Alassane Ouattara\",\"C\u00d4TE D'IVOIRE\",\"Jeannot Ahoussou-Kouadio\",\"RHDP\",\"S\u00e9nat\"],\"articleSection\":[\"Dossiers\",\"Toutes les actualit\u00e9s\"],\"inLanguage\":\"fr-FR\",\"potentialAction\":[{\"@type\":\"CommentAction\",\"name\":\"Comment\",\"target\":[\"https:\/\/www.africa-press.net\/cotedivoire\/dossiers\/senat-alassane-ouattara-sauvera-t-il-ahoussou-apres-ses-echecs-consecutifs-aux-regionales-et-aux-senatoriales#respond\"]}]},{\"@type\":\"WebPage\",\"@id\":\"https:\/\/www.africa-press.net\/cotedivoire\/dossiers\/senat-alassane-ouattara-sauvera-t-il-ahoussou-apres-ses-echecs-consecutifs-aux-regionales-et-aux-senatoriales\",\"url\":\"https:\/\/www.africa-press.net\/cotedivoire\/dossiers\/senat-alassane-ouattara-sauvera-t-il-ahoussou-apres-ses-echecs-consecutifs-aux-regionales-et-aux-senatoriales\",\"name\":\"S\u00e9nat, Alassane Ouattara sauvera-t-il Ahoussou apr\u00e8s ses \u00e9checs cons\u00e9cutifs aux r\u00e9gionales et aux s\u00e9natoriales? - C\u00f4te d&#039;Ivoire\",\"isPartOf\":{\"@id\":\"https:\/\/www.africa-press.net\/cotedivoire\/#website\"},\"primaryImageOfPage\":{\"@id\":\"https:\/\/www.africa-press.net\/cotedivoire\/dossiers\/senat-alassane-ouattara-sauvera-t-il-ahoussou-apres-ses-echecs-consecutifs-aux-regionales-et-aux-senatoriales#primaryimage\"},\"image\":{\"@id\":\"https:\/\/www.africa-press.net\/cotedivoire\/dossiers\/senat-alassane-ouattara-sauvera-t-il-ahoussou-apres-ses-echecs-consecutifs-aux-regionales-et-aux-senatoriales#primaryimage\"},\"thumbnailUrl\":\"https:\/\/static.africa-press.net\/cote\/sites\/43\/2023\/09\/sm_1695046385.910165.jpg\",\"datePublished\":\"2023-09-18T16:35:21+00:00\",\"dateModified\":\"2023-09-18T17:45:06+00:00\",\"author\":{\"@id\":\"https:\/\/www.africa-press.net\/cotedivoire\/#\/schema\/person\/2b1cf3cd81a31e3cd26889ca66d677f1\"},\"description\":\"Les populations de la re\u0301gion du Be\u0301lier, au centre de la Co\u0302te d'Ivoire, ont de\u0301cide\u0301 de tourner de\u0301finitivement la pag ...\",\"breadcrumb\":{\"@id\":\"https:\/\/www.africa-press.net\/cotedivoire\/dossiers\/senat-alassane-ouattara-sauvera-t-il-ahoussou-apres-ses-echecs-consecutifs-aux-regionales-et-aux-senatoriales#breadcrumb\"},\"inLanguage\":\"fr-FR\",\"potentialAction\":[{\"@type\":\"ReadAction\",\"target\":[\"https:\/\/www.africa-press.net\/cotedivoire\/dossiers\/senat-alassane-ouattara-sauvera-t-il-ahoussou-apres-ses-echecs-consecutifs-aux-regionales-et-aux-senatoriales\"]}]},{\"@type\":\"ImageObject\",\"inLanguage\":\"fr-FR\",\"@id\":\"https:\/\/www.africa-press.net\/cotedivoire\/dossiers\/senat-alassane-ouattara-sauvera-t-il-ahoussou-apres-ses-echecs-consecutifs-aux-regionales-et-aux-senatoriales#primaryimage\",\"url\":\"https:\/\/static.africa-press.net\/cote\/sites\/43\/2023\/09\/sm_1695046385.910165.jpg\",\"contentUrl\":\"https:\/\/static.africa-press.net\/cote\/sites\/43\/2023\/09\/sm_1695046385.910165.jpg\",\"width\":720,\"height\":403,\"caption\":\"S\u00e9nat, Alassane Ouattara sauvera-t-il Ahoussou apr\u00e8s ses \u00e9checs cons\u00e9cutifs aux r\u00e9gionales et aux s\u00e9natoriales?\"},{\"@type\":\"BreadcrumbList\",\"@id\":\"https:\/\/www.africa-press.net\/cotedivoire\/dossiers\/senat-alassane-ouattara-sauvera-t-il-ahoussou-apres-ses-echecs-consecutifs-aux-regionales-et-aux-senatoriales#breadcrumb\",\"itemListElement\":[{\"@type\":\"ListItem\",\"position\":1,\"name\":\"Accueil\",\"item\":\"https:\/\/www.africa-press.net\/cotedivoire\/\"},{\"@type\":\"ListItem\",\"position\":2,\"name\":\"S\u00e9nat, Alassane Ouattara sauvera-t-il Ahoussou apr\u00e8s ses \u00e9checs cons\u00e9cutifs aux r\u00e9gionales et aux s\u00e9natoriales?\"}]},{\"@type\":\"WebSite\",\"@id\":\"https:\/\/www.africa-press.net\/cotedivoire\/#website\",\"url\":\"https:\/\/www.africa-press.net\/cotedivoire\/\",\"name\":\"C\u00f4te d&#039;Ivoire\",\"description\":\"Just another Africa News Agency Sites site\",\"potentialAction\":[{\"@type\":\"SearchAction\",\"target\":{\"@type\":\"EntryPoint\",\"urlTemplate\":\"https:\/\/www.africa-press.net\/cotedivoire\/?s={search_term_string}\"},\"query-input\":{\"@type\":\"PropertyValueSpecification\",\"valueRequired\":true,\"valueName\":\"search_term_string\"}}],\"inLanguage\":\"fr-FR\"},{\"@type\":\"Person\",\"@id\":\"https:\/\/www.africa-press.net\/cotedivoire\/#\/schema\/person\/2b1cf3cd81a31e3cd26889ca66d677f1\",\"name\":\"cfeditorfr\"}]}<\/script>\n<!-- \/ Yoast SEO Premium plugin. -->","yoast_head_json":{"title":"S\u00e9nat, Alassane Ouattara sauvera-t-il Ahoussou apr\u00e8s ses \u00e9checs cons\u00e9cutifs aux r\u00e9gionales et aux s\u00e9natoriales? - C\u00f4te d&#039;Ivoire","description":"Les populations de la re\u0301gion du Be\u0301lier, au centre de la Co\u0302te d'Ivoire, ont de\u0301cide\u0301 de tourner de\u0301finitivement la pag ...","robots":{"index":"index","follow":"follow","max-snippet":"max-snippet:-1","max-image-preview":"max-image-preview:large","max-video-preview":"max-video-preview:-1"},"canonical":"https:\/\/www.africa-press.net\/cotedivoire\/dossiers\/senat-alassane-ouattara-sauvera-t-il-ahoussou-apres-ses-echecs-consecutifs-aux-regionales-et-aux-senatoriales","og_locale":"fr_FR","og_type":"article","og_title":"S\u00e9nat, Alassane Ouattara sauvera-t-il Ahoussou apr\u00e8s ses \u00e9checs cons\u00e9cutifs aux r\u00e9gionales et aux s\u00e9natoriales?","og_description":"Les populations de la re\u0301gion du Be\u0301lier, au centre de la Co\u0302te d'Ivoire, ont de\u0301cide\u0301 de tourner de\u0301finitivement la pag ...","og_url":"https:\/\/www.africa-press.net\/cotedivoire\/dossiers\/senat-alassane-ouattara-sauvera-t-il-ahoussou-apres-ses-echecs-consecutifs-aux-regionales-et-aux-senatoriales","og_site_name":"C\u00f4te d&#039;Ivoire","article_published_time":"2023-09-18T16:35:21+00:00","article_modified_time":"2023-09-18T17:45:06+00:00","og_image":[{"width":720,"height":403,"url":"https:\/\/static.africa-press.net\/cote\/sites\/43\/2023\/09\/sm_1695046385.910165.jpg","type":"image\/jpeg"}],"author":"cfeditorfr","twitter_card":"summary_large_image","twitter_misc":{"\u00c9crit par":"cfeditorfr","Dur\u00e9e de lecture estim\u00e9e":"3 minutes"},"schema":{"@context":"https:\/\/schema.org","@graph":[{"@type":"Article","@id":"https:\/\/www.africa-press.net\/cotedivoire\/dossiers\/senat-alassane-ouattara-sauvera-t-il-ahoussou-apres-ses-echecs-consecutifs-aux-regionales-et-aux-senatoriales#article","isPartOf":{"@id":"https:\/\/www.africa-press.net\/cotedivoire\/dossiers\/senat-alassane-ouattara-sauvera-t-il-ahoussou-apres-ses-echecs-consecutifs-aux-regionales-et-aux-senatoriales"},"author":{"name":"cfeditorfr","@id":"https:\/\/www.africa-press.net\/cotedivoire\/#\/schema\/person\/2b1cf3cd81a31e3cd26889ca66d677f1"},"headline":"S\u00e9nat, Alassane Ouattara sauvera-t-il Ahoussou apr\u00e8s ses \u00e9checs cons\u00e9cutifs aux r\u00e9gionales et aux s\u00e9natoriales?","datePublished":"2023-09-18T16:35:21+00:00","dateModified":"2023-09-18T17:45:06+00:00","mainEntityOfPage":{"@id":"https:\/\/www.africa-press.net\/cotedivoire\/dossiers\/senat-alassane-ouattara-sauvera-t-il-ahoussou-apres-ses-echecs-consecutifs-aux-regionales-et-aux-senatoriales"},"wordCount":688,"commentCount":0,"image":{"@id":"https:\/\/www.africa-press.net\/cotedivoire\/dossiers\/senat-alassane-ouattara-sauvera-t-il-ahoussou-apres-ses-echecs-consecutifs-aux-regionales-et-aux-senatoriales#primaryimage"},"thumbnailUrl":"https:\/\/static.africa-press.net\/cote\/sites\/43\/2023\/09\/sm_1695046385.910165.jpg","keywords":["Africa Press","Africa Press-C\u00f4te d'Ivoire","Alassane Ouattara","C\u00d4TE D'IVOIRE","Jeannot Ahoussou-Kouadio","RHDP","S\u00e9nat"],"articleSection":["Dossiers","Toutes les actualit\u00e9s"],"inLanguage":"fr-FR","potentialAction":[{"@type":"CommentAction","name":"Comment","target":["https:\/\/www.africa-press.net\/cotedivoire\/dossiers\/senat-alassane-ouattara-sauvera-t-il-ahoussou-apres-ses-echecs-consecutifs-aux-regionales-et-aux-senatoriales#respond"]}]},{"@type":"WebPage","@id":"https:\/\/www.africa-press.net\/cotedivoire\/dossiers\/senat-alassane-ouattara-sauvera-t-il-ahoussou-apres-ses-echecs-consecutifs-aux-regionales-et-aux-senatoriales","url":"https:\/\/www.africa-press.net\/cotedivoire\/dossiers\/senat-alassane-ouattara-sauvera-t-il-ahoussou-apres-ses-echecs-consecutifs-aux-regionales-et-aux-senatoriales","name":"S\u00e9nat, Alassane Ouattara sauvera-t-il Ahoussou apr\u00e8s ses \u00e9checs cons\u00e9cutifs aux r\u00e9gionales et aux s\u00e9natoriales? - C\u00f4te d&#039;Ivoire","isPartOf":{"@id":"https:\/\/www.africa-press.net\/cotedivoire\/#website"},"primaryImageOfPage":{"@id":"https:\/\/www.africa-press.net\/cotedivoire\/dossiers\/senat-alassane-ouattara-sauvera-t-il-ahoussou-apres-ses-echecs-consecutifs-aux-regionales-et-aux-senatoriales#primaryimage"},"image":{"@id":"https:\/\/www.africa-press.net\/cotedivoire\/dossiers\/senat-alassane-ouattara-sauvera-t-il-ahoussou-apres-ses-echecs-consecutifs-aux-regionales-et-aux-senatoriales#primaryimage"},"thumbnailUrl":"https:\/\/static.africa-press.net\/cote\/sites\/43\/2023\/09\/sm_1695046385.910165.jpg","datePublished":"2023-09-18T16:35:21+00:00","dateModified":"2023-09-18T17:45:06+00:00","author":{"@id":"https:\/\/www.africa-press.net\/cotedivoire\/#\/schema\/person\/2b1cf3cd81a31e3cd26889ca66d677f1"},"description":"Les populations de la re\u0301gion du Be\u0301lier, au centre de la Co\u0302te d'Ivoire, ont de\u0301cide\u0301 de tourner de\u0301finitivement la pag ...","breadcrumb":{"@id":"https:\/\/www.africa-press.net\/cotedivoire\/dossiers\/senat-alassane-ouattara-sauvera-t-il-ahoussou-apres-ses-echecs-consecutifs-aux-regionales-et-aux-senatoriales#breadcrumb"},"inLanguage":"fr-FR","potentialAction":[{"@type":"ReadAction","target":["https:\/\/www.africa-press.net\/cotedivoire\/dossiers\/senat-alassane-ouattara-sauvera-t-il-ahoussou-apres-ses-echecs-consecutifs-aux-regionales-et-aux-senatoriales"]}]},{"@type":"ImageObject","inLanguage":"fr-FR","@id":"https:\/\/www.africa-press.net\/cotedivoire\/dossiers\/senat-alassane-ouattara-sauvera-t-il-ahoussou-apres-ses-echecs-consecutifs-aux-regionales-et-aux-senatoriales#primaryimage","url":"https:\/\/static.africa-press.net\/cote\/sites\/43\/2023\/09\/sm_1695046385.910165.jpg","contentUrl":"https:\/\/static.africa-press.net\/cote\/sites\/43\/2023\/09\/sm_1695046385.910165.jpg","width":720,"height":403,"caption":"S\u00e9nat, Alassane Ouattara sauvera-t-il Ahoussou apr\u00e8s ses \u00e9checs cons\u00e9cutifs aux r\u00e9gionales et aux s\u00e9natoriales?"},{"@type":"BreadcrumbList","@id":"https:\/\/www.africa-press.net\/cotedivoire\/dossiers\/senat-alassane-ouattara-sauvera-t-il-ahoussou-apres-ses-echecs-consecutifs-aux-regionales-et-aux-senatoriales#breadcrumb","itemListElement":[{"@type":"ListItem","position":1,"name":"Accueil","item":"https:\/\/www.africa-press.net\/cotedivoire\/"},{"@type":"ListItem","position":2,"name":"S\u00e9nat, Alassane Ouattara sauvera-t-il Ahoussou apr\u00e8s ses \u00e9checs cons\u00e9cutifs aux r\u00e9gionales et aux s\u00e9natoriales?"}]},{"@type":"WebSite","@id":"https:\/\/www.africa-press.net\/cotedivoire\/#website","url":"https:\/\/www.africa-press.net\/cotedivoire\/","name":"C\u00f4te d&#039;Ivoire","description":"Just another Africa News Agency Sites site","potentialAction":[{"@type":"SearchAction","target":{"@type":"EntryPoint","urlTemplate":"https:\/\/www.africa-press.net\/cotedivoire\/?s={search_term_string}"},"query-input":{"@type":"PropertyValueSpecification","valueRequired":true,"valueName":"search_term_string"}}],"inLanguage":"fr-FR"},{"@type":"Person","@id":"https:\/\/www.africa-press.net\/cotedivoire\/#\/schema\/person\/2b1cf3cd81a31e3cd26889ca66d677f1","name":"cfeditorfr"}]}},"_links":{"self":[{"href":"https:\/\/www.africa-press.net\/cotedivoire\/wp-json\/wp\/v2\/posts\/65515","targetHints":{"allow":["GET"]}}],"collection":[{"href":"https:\/\/www.africa-press.net\/cotedivoire\/wp-json\/wp\/v2\/posts"}],"about":[{"href":"https:\/\/www.africa-press.net\/cotedivoire\/wp-json\/wp\/v2\/types\/post"}],"author":[{"embeddable":true,"href":"https:\/\/www.africa-press.net\/cotedivoire\/wp-json\/wp\/v2\/users\/82"}],"replies":[{"embeddable":true,"href":"https:\/\/www.africa-press.net\/cotedivoire\/wp-json\/wp\/v2\/comments?post=65515"}],"version-history":[{"count":0,"href":"https:\/\/www.africa-press.net\/cotedivoire\/wp-json\/wp\/v2\/posts\/65515\/revisions"}],"wp:featuredmedia":[{"embeddable":true,"href":"https:\/\/www.africa-press.net\/cotedivoire\/wp-json\/wp\/v2\/media\/65513"}],"wp:attachment":[{"href":"https:\/\/www.africa-press.net\/cotedivoire\/wp-json\/wp\/v2\/media?parent=65515"}],"wp:term":[{"taxonomy":"category","embeddable":true,"href":"https:\/\/www.africa-press.net\/cotedivoire\/wp-json\/wp\/v2\/categories?post=65515"},{"taxonomy":"post_tag","embeddable":true,"href":"https:\/\/www.africa-press.net\/cotedivoire\/wp-json\/wp\/v2\/tags?post=65515"}],"curies":[{"name":"wp","href":"https:\/\/api.w.org\/{rel}","templated":true}]}}