{"id":6556,"date":"2021-04-15T14:19:33","date_gmt":"2021-04-15T14:19:33","guid":{"rendered":"https:\/\/www.africa-press.net\/cotedivoire\/?p=6556"},"modified":"2021-04-15T14:37:52","modified_gmt":"2021-04-15T14:37:52","slug":"75-ans-du-pdci-au-dela-du-discours-une-mue-a-operer-les-verites-dun-cadre-de-la-diaspora","status":"publish","type":"post","link":"https:\/\/www.africa-press.net\/cotedivoire\/politique\/75-ans-du-pdci-au-dela-du-discours-une-mue-a-operer-les-verites-dun-cadre-de-la-diaspora","title":{"rendered":"75 ans du Pdci \u2013 Au-del\u00e0 du discours, une mue \u00e0 op\u00e9rer \u2013 Les verit\u00e9s d\u2019un cadre de la diaspora"},"content":{"rendered":"<p><span style=\"color: #ff6600\"><strong><a href=\"https:\/\/www.africa-press.net\/\">Africa-Press<\/a> &#8211; <a href=\"https:\/\/www.africa-press.net\/cotedivoire\">C\u00f4te d&rsquo;Ivoire<\/a>. <\/strong><\/span>Le discours de r\u00e9conciliation du pr\u00e9sident Henri Konan B\u00e9di\u00e9 est \u00e0 saluer. Il rappelle avec \u00ab brio \u00bb le r\u00f4le pr\u00e9pond\u00e9rant du PDCI-RDA dans la construction de notre cher pays. Appr\u00e9ciable, tout aussi n\u00e9cessaire qu\u2019il convient de rappeler cette longue p\u00e9riode de d\u00e9construction qui court depuis 1999, date du premier coup de force qui marque le d\u00e9but d\u2019un v\u00e9ritable d\u00e9voiement de la vie politique en C\u00f4te d\u2019Ivoire. Quelle triste p\u00e9riode qui est celle de ces \u00e9checs \u00e0 l\u2019origine des divisions abyssales du tissu social ivoirien.<\/p>\n<p>Malgr\u00e9 notre volont\u00e9 de recherche de paix dans un dialogue absolu, comme nous l\u2019a enseign\u00e9 le p\u00e8re de la nation, son excellence le pr\u00e9sident F\u00e9lix Houphou\u00ebt Boigny, nous nous devons de surmonter ce qui s\u2019impose \u00e0 nous comme une fatalit\u00e9.<br \/>\nL\u2019ivoirien nouveau, la jeunesse ivoirienne doit r\u00e9ellement se saisir des situations m\u00e9diocres qui s\u2019imposent \u00e0 nous, soit par coercition, soit par des travers constitutionnels.<\/p>\n<p>La c\u00e9l\u00e9bration des 75 ans du PDCI-RDA ne doit elle pas \u00eatre l\u2019occasion d\u2019une volont\u00e9 de sortir d\u2019une situation ex\u00e9crable ? Nous devons pour cela r\u00e9affirmer notre d\u00e9sir de nous extraire du despotisme et de la tyrannie qui devient l\u2019apanage en Afrique subsaharienne, et que nous observons impassibles, dans un mutisme assourdissant.<\/p>\n<p>La d\u00e9mocratie se pervertit dans notre pays et bien au-del\u00e0 encore, jusque dans large partie de notre continent. L\u2019achat des consciences, la pratique de fraudes et la coercition qui assurent la r\u00e9\u00e9lection de nos dictateurs doivent \u00eatre vigoureusement combattus, de mani\u00e8re bien plus active, sous l\u2019impulsion de vraies convictions chevill\u00e9es au corps.<\/p>\n<p>Il nous faut pour cela nous interroger et nous remettre en cause, quand \u00e0 ce que nous souhaitons pour l\u2019avenir de notre jeune nation.<br \/>\n\u2013 Que reste t-il de ce grand parti ?<br \/>\n\u2013 De quels moyens dispose le PDCI-RDA pour remobiliser ses militants ?<br \/>\nVoici venue la c\u00e9l\u00e9bration des 75 ans.<br \/>\n\u2013 Que doit-on en attendre au plan national ?<br \/>\n\u2013 Quel r\u00f4le est assign\u00e9 \u00e0 la diaspora ?<br \/>\nSans complaisance aucune, nous nous devons d\u2019avouer le faible investissement dans les actions de formation de nos militants. De vrais ateliers de r\u00e9flexion \u00e0 la \u00ab chose d\u00e9mocratique \u00bb m\u00e9ritent d\u2019\u00eatre organis\u00e9s. Etre en mesure de relayer les messages du parti aupr\u00e8s de la population, \u00e0 travers tout le pays dans le but de faire naitre des convictions profondes non corruptibles.<\/p>\n<p>&nbsp;<\/p>\n","protected":false},"excerpt":{"rendered":"<p>Africa-Press &#8211; C\u00f4te d&rsquo;Ivoire. Le discours de r\u00e9conciliation du pr\u00e9sident Henri Konan B\u00e9di\u00e9 est \u00e0 saluer. Il rappelle avec \u00ab brio \u00bb le r\u00f4le pr\u00e9pond\u00e9rant du PDCI-RDA dans la construction de notre cher pays. Appr\u00e9ciable, tout aussi n\u00e9cessaire qu\u2019il convient de rappeler cette longue p\u00e9riode de d\u00e9construction qui court depuis 1999, date du premier coup [&hellip;]<\/p>\n","protected":false},"author":82,"featured_media":6555,"comment_status":"open","ping_status":"closed","sticky":false,"template":"","format":"standard","meta":{"footnotes":""},"categories":[11,2,20,10],"tags":[56,63,29],"class_list":["post-6556","post","type-post","status-publish","format-standard","has-post-thumbnail","hentry","category-homepage-french","category-politique","category-top-nouvelles","category-toutes-les-actualites","tag-africa-press","tag-africa-press-cote-divoire","tag-cote-divoire"],"yoast_head":"<!-- This site is optimized with the Yoast SEO Premium plugin v26.1 (Yoast SEO v27.0) - https:\/\/yoast.com\/product\/yoast-seo-premium-wordpress\/ -->\n<title>75 ans du Pdci \u2013 Au-del\u00e0 du discours, une mue \u00e0 op\u00e9rer \u2013 Les verit\u00e9s d\u2019un cadre de la diaspora - C\u00f4te d&#039;Ivoire<\/title>\n<meta name=\"description\" content=\"Le discours de r\u00e9conciliation du pr\u00e9sident Henri Konan B\u00e9di\u00e9 est \u00e0 saluer. Il rappelle avec \u00ab brio \u00bb le r\u00f4le pr\u00e9pond\u00e9ran ...\" \/>\n<meta name=\"robots\" content=\"index, follow, max-snippet:-1, max-image-preview:large, max-video-preview:-1\" \/>\n<link rel=\"canonical\" href=\"https:\/\/www.africa-press.net\/cotedivoire\/politique\/75-ans-du-pdci-au-dela-du-discours-une-mue-a-operer-les-verites-dun-cadre-de-la-diaspora\" \/>\n<meta property=\"og:locale\" content=\"fr_FR\" \/>\n<meta property=\"og:type\" content=\"article\" \/>\n<meta property=\"og:title\" content=\"75 ans du Pdci \u2013 Au-del\u00e0 du discours, une mue \u00e0 op\u00e9rer \u2013 Les verit\u00e9s d\u2019un cadre de la diaspora\" \/>\n<meta property=\"og:description\" content=\"Le discours de r\u00e9conciliation du pr\u00e9sident Henri Konan B\u00e9di\u00e9 est \u00e0 saluer. Il rappelle avec \u00ab brio \u00bb le r\u00f4le pr\u00e9pond\u00e9ran ...\" \/>\n<meta property=\"og:url\" content=\"https:\/\/www.africa-press.net\/cotedivoire\/politique\/75-ans-du-pdci-au-dela-du-discours-une-mue-a-operer-les-verites-dun-cadre-de-la-diaspora\" \/>\n<meta property=\"og:site_name\" content=\"C\u00f4te d&#039;Ivoire\" \/>\n<meta property=\"article:published_time\" content=\"2021-04-15T14:19:33+00:00\" \/>\n<meta property=\"article:modified_time\" content=\"2021-04-15T14:37:52+00:00\" \/>\n<meta property=\"og:image\" content=\"https:\/\/static.africa-press.net\/cote\/sites\/43\/2021\/04\/img-60783e0aca792.jpg\" \/>\n\t<meta property=\"og:image:width\" content=\"720\" \/>\n\t<meta property=\"og:image:height\" content=\"765\" \/>\n\t<meta property=\"og:image:type\" content=\"image\/jpeg\" \/>\n<meta name=\"author\" content=\"cfeditorfr\" \/>\n<meta name=\"twitter:card\" content=\"summary_large_image\" \/>\n<meta name=\"twitter:label1\" content=\"\u00c9crit par\" \/>\n\t<meta name=\"twitter:data1\" content=\"cfeditorfr\" \/>\n\t<meta name=\"twitter:label2\" content=\"Dur\u00e9e de lecture estim\u00e9e\" \/>\n\t<meta name=\"twitter:data2\" content=\"2 minutes\" \/>\n<script type=\"application\/ld+json\" class=\"yoast-schema-graph\">{\"@context\":\"https:\/\/schema.org\",\"@graph\":[{\"@type\":\"Article\",\"@id\":\"https:\/\/www.africa-press.net\/cotedivoire\/politique\/75-ans-du-pdci-au-dela-du-discours-une-mue-a-operer-les-verites-dun-cadre-de-la-diaspora#article\",\"isPartOf\":{\"@id\":\"https:\/\/www.africa-press.net\/cotedivoire\/politique\/75-ans-du-pdci-au-dela-du-discours-une-mue-a-operer-les-verites-dun-cadre-de-la-diaspora\"},\"author\":{\"name\":\"cfeditorfr\",\"@id\":\"https:\/\/www.africa-press.net\/cotedivoire\/#\/schema\/person\/2b1cf3cd81a31e3cd26889ca66d677f1\"},\"headline\":\"75 ans du Pdci \u2013 Au-del\u00e0 du discours, une mue \u00e0 op\u00e9rer \u2013 Les verit\u00e9s d\u2019un cadre de la diaspora\",\"datePublished\":\"2021-04-15T14:19:33+00:00\",\"dateModified\":\"2021-04-15T14:37:52+00:00\",\"mainEntityOfPage\":{\"@id\":\"https:\/\/www.africa-press.net\/cotedivoire\/politique\/75-ans-du-pdci-au-dela-du-discours-une-mue-a-operer-les-verites-dun-cadre-de-la-diaspora\"},\"wordCount\":441,\"commentCount\":0,\"image\":{\"@id\":\"https:\/\/www.africa-press.net\/cotedivoire\/politique\/75-ans-du-pdci-au-dela-du-discours-une-mue-a-operer-les-verites-dun-cadre-de-la-diaspora#primaryimage\"},\"thumbnailUrl\":\"https:\/\/static.africa-press.net\/cote\/sites\/43\/2021\/04\/img-60783e0aca792.jpg\",\"keywords\":[\"Africa Press\",\"Africa Press-C\u00f4te d'Ivoire\",\"C\u00d4TE D'IVOIRE\"],\"articleSection\":[\"homepage-french\",\"Politique\",\"Top Nouvelles\",\"Toutes les actualit\u00e9s\"],\"inLanguage\":\"fr-FR\",\"potentialAction\":[{\"@type\":\"CommentAction\",\"name\":\"Comment\",\"target\":[\"https:\/\/www.africa-press.net\/cotedivoire\/politique\/75-ans-du-pdci-au-dela-du-discours-une-mue-a-operer-les-verites-dun-cadre-de-la-diaspora#respond\"]}]},{\"@type\":\"WebPage\",\"@id\":\"https:\/\/www.africa-press.net\/cotedivoire\/politique\/75-ans-du-pdci-au-dela-du-discours-une-mue-a-operer-les-verites-dun-cadre-de-la-diaspora\",\"url\":\"https:\/\/www.africa-press.net\/cotedivoire\/politique\/75-ans-du-pdci-au-dela-du-discours-une-mue-a-operer-les-verites-dun-cadre-de-la-diaspora\",\"name\":\"75 ans du Pdci \u2013 Au-del\u00e0 du discours, une mue \u00e0 op\u00e9rer \u2013 Les verit\u00e9s d\u2019un cadre de la diaspora - C\u00f4te d&#039;Ivoire\",\"isPartOf\":{\"@id\":\"https:\/\/www.africa-press.net\/cotedivoire\/#website\"},\"primaryImageOfPage\":{\"@id\":\"https:\/\/www.africa-press.net\/cotedivoire\/politique\/75-ans-du-pdci-au-dela-du-discours-une-mue-a-operer-les-verites-dun-cadre-de-la-diaspora#primaryimage\"},\"image\":{\"@id\":\"https:\/\/www.africa-press.net\/cotedivoire\/politique\/75-ans-du-pdci-au-dela-du-discours-une-mue-a-operer-les-verites-dun-cadre-de-la-diaspora#primaryimage\"},\"thumbnailUrl\":\"https:\/\/static.africa-press.net\/cote\/sites\/43\/2021\/04\/img-60783e0aca792.jpg\",\"datePublished\":\"2021-04-15T14:19:33+00:00\",\"dateModified\":\"2021-04-15T14:37:52+00:00\",\"author\":{\"@id\":\"https:\/\/www.africa-press.net\/cotedivoire\/#\/schema\/person\/2b1cf3cd81a31e3cd26889ca66d677f1\"},\"description\":\"Le discours de r\u00e9conciliation du pr\u00e9sident Henri Konan B\u00e9di\u00e9 est \u00e0 saluer. Il rappelle avec \u00ab brio \u00bb le r\u00f4le pr\u00e9pond\u00e9ran ...\",\"breadcrumb\":{\"@id\":\"https:\/\/www.africa-press.net\/cotedivoire\/politique\/75-ans-du-pdci-au-dela-du-discours-une-mue-a-operer-les-verites-dun-cadre-de-la-diaspora#breadcrumb\"},\"inLanguage\":\"fr-FR\",\"potentialAction\":[{\"@type\":\"ReadAction\",\"target\":[\"https:\/\/www.africa-press.net\/cotedivoire\/politique\/75-ans-du-pdci-au-dela-du-discours-une-mue-a-operer-les-verites-dun-cadre-de-la-diaspora\"]}]},{\"@type\":\"ImageObject\",\"inLanguage\":\"fr-FR\",\"@id\":\"https:\/\/www.africa-press.net\/cotedivoire\/politique\/75-ans-du-pdci-au-dela-du-discours-une-mue-a-operer-les-verites-dun-cadre-de-la-diaspora#primaryimage\",\"url\":\"https:\/\/static.africa-press.net\/cote\/sites\/43\/2021\/04\/img-60783e0aca792.jpg\",\"contentUrl\":\"https:\/\/static.africa-press.net\/cote\/sites\/43\/2021\/04\/img-60783e0aca792.jpg\",\"width\":720,\"height\":765,\"caption\":\"75 ans du Pdci \u2013 Au-del\u00e0 du discours, une mue \u00e0 op\u00e9rer \u2013 Les verit\u00e9s d\u2019un cadre de la diaspora\"},{\"@type\":\"BreadcrumbList\",\"@id\":\"https:\/\/www.africa-press.net\/cotedivoire\/politique\/75-ans-du-pdci-au-dela-du-discours-une-mue-a-operer-les-verites-dun-cadre-de-la-diaspora#breadcrumb\",\"itemListElement\":[{\"@type\":\"ListItem\",\"position\":1,\"name\":\"Accueil\",\"item\":\"https:\/\/www.africa-press.net\/cotedivoire\/\"},{\"@type\":\"ListItem\",\"position\":2,\"name\":\"75 ans du Pdci \u2013 Au-del\u00e0 du discours, une mue \u00e0 op\u00e9rer \u2013 Les verit\u00e9s d\u2019un cadre de la diaspora\"}]},{\"@type\":\"WebSite\",\"@id\":\"https:\/\/www.africa-press.net\/cotedivoire\/#website\",\"url\":\"https:\/\/www.africa-press.net\/cotedivoire\/\",\"name\":\"C\u00f4te d&#039;Ivoire\",\"description\":\"Just another Africa News Agency Sites site\",\"potentialAction\":[{\"@type\":\"SearchAction\",\"target\":{\"@type\":\"EntryPoint\",\"urlTemplate\":\"https:\/\/www.africa-press.net\/cotedivoire\/?s={search_term_string}\"},\"query-input\":{\"@type\":\"PropertyValueSpecification\",\"valueRequired\":true,\"valueName\":\"search_term_string\"}}],\"inLanguage\":\"fr-FR\"},{\"@type\":\"Person\",\"@id\":\"https:\/\/www.africa-press.net\/cotedivoire\/#\/schema\/person\/2b1cf3cd81a31e3cd26889ca66d677f1\",\"name\":\"cfeditorfr\"}]}<\/script>\n<!-- \/ Yoast SEO Premium plugin. -->","yoast_head_json":{"title":"75 ans du Pdci \u2013 Au-del\u00e0 du discours, une mue \u00e0 op\u00e9rer \u2013 Les verit\u00e9s d\u2019un cadre de la diaspora - C\u00f4te d&#039;Ivoire","description":"Le discours de r\u00e9conciliation du pr\u00e9sident Henri Konan B\u00e9di\u00e9 est \u00e0 saluer. Il rappelle avec \u00ab brio \u00bb le r\u00f4le pr\u00e9pond\u00e9ran ...","robots":{"index":"index","follow":"follow","max-snippet":"max-snippet:-1","max-image-preview":"max-image-preview:large","max-video-preview":"max-video-preview:-1"},"canonical":"https:\/\/www.africa-press.net\/cotedivoire\/politique\/75-ans-du-pdci-au-dela-du-discours-une-mue-a-operer-les-verites-dun-cadre-de-la-diaspora","og_locale":"fr_FR","og_type":"article","og_title":"75 ans du Pdci \u2013 Au-del\u00e0 du discours, une mue \u00e0 op\u00e9rer \u2013 Les verit\u00e9s d\u2019un cadre de la diaspora","og_description":"Le discours de r\u00e9conciliation du pr\u00e9sident Henri Konan B\u00e9di\u00e9 est \u00e0 saluer. Il rappelle avec \u00ab brio \u00bb le r\u00f4le pr\u00e9pond\u00e9ran ...","og_url":"https:\/\/www.africa-press.net\/cotedivoire\/politique\/75-ans-du-pdci-au-dela-du-discours-une-mue-a-operer-les-verites-dun-cadre-de-la-diaspora","og_site_name":"C\u00f4te d&#039;Ivoire","article_published_time":"2021-04-15T14:19:33+00:00","article_modified_time":"2021-04-15T14:37:52+00:00","og_image":[{"width":720,"height":765,"url":"https:\/\/static.africa-press.net\/cote\/sites\/43\/2021\/04\/img-60783e0aca792.jpg","type":"image\/jpeg"}],"author":"cfeditorfr","twitter_card":"summary_large_image","twitter_misc":{"\u00c9crit par":"cfeditorfr","Dur\u00e9e de lecture estim\u00e9e":"2 minutes"},"schema":{"@context":"https:\/\/schema.org","@graph":[{"@type":"Article","@id":"https:\/\/www.africa-press.net\/cotedivoire\/politique\/75-ans-du-pdci-au-dela-du-discours-une-mue-a-operer-les-verites-dun-cadre-de-la-diaspora#article","isPartOf":{"@id":"https:\/\/www.africa-press.net\/cotedivoire\/politique\/75-ans-du-pdci-au-dela-du-discours-une-mue-a-operer-les-verites-dun-cadre-de-la-diaspora"},"author":{"name":"cfeditorfr","@id":"https:\/\/www.africa-press.net\/cotedivoire\/#\/schema\/person\/2b1cf3cd81a31e3cd26889ca66d677f1"},"headline":"75 ans du Pdci \u2013 Au-del\u00e0 du discours, une mue \u00e0 op\u00e9rer \u2013 Les verit\u00e9s d\u2019un cadre de la diaspora","datePublished":"2021-04-15T14:19:33+00:00","dateModified":"2021-04-15T14:37:52+00:00","mainEntityOfPage":{"@id":"https:\/\/www.africa-press.net\/cotedivoire\/politique\/75-ans-du-pdci-au-dela-du-discours-une-mue-a-operer-les-verites-dun-cadre-de-la-diaspora"},"wordCount":441,"commentCount":0,"image":{"@id":"https:\/\/www.africa-press.net\/cotedivoire\/politique\/75-ans-du-pdci-au-dela-du-discours-une-mue-a-operer-les-verites-dun-cadre-de-la-diaspora#primaryimage"},"thumbnailUrl":"https:\/\/static.africa-press.net\/cote\/sites\/43\/2021\/04\/img-60783e0aca792.jpg","keywords":["Africa Press","Africa Press-C\u00f4te d'Ivoire","C\u00d4TE D'IVOIRE"],"articleSection":["homepage-french","Politique","Top Nouvelles","Toutes les actualit\u00e9s"],"inLanguage":"fr-FR","potentialAction":[{"@type":"CommentAction","name":"Comment","target":["https:\/\/www.africa-press.net\/cotedivoire\/politique\/75-ans-du-pdci-au-dela-du-discours-une-mue-a-operer-les-verites-dun-cadre-de-la-diaspora#respond"]}]},{"@type":"WebPage","@id":"https:\/\/www.africa-press.net\/cotedivoire\/politique\/75-ans-du-pdci-au-dela-du-discours-une-mue-a-operer-les-verites-dun-cadre-de-la-diaspora","url":"https:\/\/www.africa-press.net\/cotedivoire\/politique\/75-ans-du-pdci-au-dela-du-discours-une-mue-a-operer-les-verites-dun-cadre-de-la-diaspora","name":"75 ans du Pdci \u2013 Au-del\u00e0 du discours, une mue \u00e0 op\u00e9rer \u2013 Les verit\u00e9s d\u2019un cadre de la diaspora - C\u00f4te d&#039;Ivoire","isPartOf":{"@id":"https:\/\/www.africa-press.net\/cotedivoire\/#website"},"primaryImageOfPage":{"@id":"https:\/\/www.africa-press.net\/cotedivoire\/politique\/75-ans-du-pdci-au-dela-du-discours-une-mue-a-operer-les-verites-dun-cadre-de-la-diaspora#primaryimage"},"image":{"@id":"https:\/\/www.africa-press.net\/cotedivoire\/politique\/75-ans-du-pdci-au-dela-du-discours-une-mue-a-operer-les-verites-dun-cadre-de-la-diaspora#primaryimage"},"thumbnailUrl":"https:\/\/static.africa-press.net\/cote\/sites\/43\/2021\/04\/img-60783e0aca792.jpg","datePublished":"2021-04-15T14:19:33+00:00","dateModified":"2021-04-15T14:37:52+00:00","author":{"@id":"https:\/\/www.africa-press.net\/cotedivoire\/#\/schema\/person\/2b1cf3cd81a31e3cd26889ca66d677f1"},"description":"Le discours de r\u00e9conciliation du pr\u00e9sident Henri Konan B\u00e9di\u00e9 est \u00e0 saluer. Il rappelle avec \u00ab brio \u00bb le r\u00f4le pr\u00e9pond\u00e9ran ...","breadcrumb":{"@id":"https:\/\/www.africa-press.net\/cotedivoire\/politique\/75-ans-du-pdci-au-dela-du-discours-une-mue-a-operer-les-verites-dun-cadre-de-la-diaspora#breadcrumb"},"inLanguage":"fr-FR","potentialAction":[{"@type":"ReadAction","target":["https:\/\/www.africa-press.net\/cotedivoire\/politique\/75-ans-du-pdci-au-dela-du-discours-une-mue-a-operer-les-verites-dun-cadre-de-la-diaspora"]}]},{"@type":"ImageObject","inLanguage":"fr-FR","@id":"https:\/\/www.africa-press.net\/cotedivoire\/politique\/75-ans-du-pdci-au-dela-du-discours-une-mue-a-operer-les-verites-dun-cadre-de-la-diaspora#primaryimage","url":"https:\/\/static.africa-press.net\/cote\/sites\/43\/2021\/04\/img-60783e0aca792.jpg","contentUrl":"https:\/\/static.africa-press.net\/cote\/sites\/43\/2021\/04\/img-60783e0aca792.jpg","width":720,"height":765,"caption":"75 ans du Pdci \u2013 Au-del\u00e0 du discours, une mue \u00e0 op\u00e9rer \u2013 Les verit\u00e9s d\u2019un cadre de la diaspora"},{"@type":"BreadcrumbList","@id":"https:\/\/www.africa-press.net\/cotedivoire\/politique\/75-ans-du-pdci-au-dela-du-discours-une-mue-a-operer-les-verites-dun-cadre-de-la-diaspora#breadcrumb","itemListElement":[{"@type":"ListItem","position":1,"name":"Accueil","item":"https:\/\/www.africa-press.net\/cotedivoire\/"},{"@type":"ListItem","position":2,"name":"75 ans du Pdci \u2013 Au-del\u00e0 du discours, une mue \u00e0 op\u00e9rer \u2013 Les verit\u00e9s d\u2019un cadre de la diaspora"}]},{"@type":"WebSite","@id":"https:\/\/www.africa-press.net\/cotedivoire\/#website","url":"https:\/\/www.africa-press.net\/cotedivoire\/","name":"C\u00f4te d&#039;Ivoire","description":"Just another Africa News Agency Sites site","potentialAction":[{"@type":"SearchAction","target":{"@type":"EntryPoint","urlTemplate":"https:\/\/www.africa-press.net\/cotedivoire\/?s={search_term_string}"},"query-input":{"@type":"PropertyValueSpecification","valueRequired":true,"valueName":"search_term_string"}}],"inLanguage":"fr-FR"},{"@type":"Person","@id":"https:\/\/www.africa-press.net\/cotedivoire\/#\/schema\/person\/2b1cf3cd81a31e3cd26889ca66d677f1","name":"cfeditorfr"}]}},"_links":{"self":[{"href":"https:\/\/www.africa-press.net\/cotedivoire\/wp-json\/wp\/v2\/posts\/6556","targetHints":{"allow":["GET"]}}],"collection":[{"href":"https:\/\/www.africa-press.net\/cotedivoire\/wp-json\/wp\/v2\/posts"}],"about":[{"href":"https:\/\/www.africa-press.net\/cotedivoire\/wp-json\/wp\/v2\/types\/post"}],"author":[{"embeddable":true,"href":"https:\/\/www.africa-press.net\/cotedivoire\/wp-json\/wp\/v2\/users\/82"}],"replies":[{"embeddable":true,"href":"https:\/\/www.africa-press.net\/cotedivoire\/wp-json\/wp\/v2\/comments?post=6556"}],"version-history":[{"count":0,"href":"https:\/\/www.africa-press.net\/cotedivoire\/wp-json\/wp\/v2\/posts\/6556\/revisions"}],"wp:featuredmedia":[{"embeddable":true,"href":"https:\/\/www.africa-press.net\/cotedivoire\/wp-json\/wp\/v2\/media\/6555"}],"wp:attachment":[{"href":"https:\/\/www.africa-press.net\/cotedivoire\/wp-json\/wp\/v2\/media?parent=6556"}],"wp:term":[{"taxonomy":"category","embeddable":true,"href":"https:\/\/www.africa-press.net\/cotedivoire\/wp-json\/wp\/v2\/categories?post=6556"},{"taxonomy":"post_tag","embeddable":true,"href":"https:\/\/www.africa-press.net\/cotedivoire\/wp-json\/wp\/v2\/tags?post=6556"}],"curies":[{"name":"wp","href":"https:\/\/api.w.org\/{rel}","templated":true}]}}