{"id":65998,"date":"2023-09-24T16:42:00","date_gmt":"2023-09-24T16:42:00","guid":{"rendered":"https:\/\/www.africa-press.net\/cotedivoire\/politique\/forum-des-radiocommunications-300-experts-bientot-a-abidjan-pour-adresser-les-defis-du-domaine-dont-celui-des-cas-dusage-de-la-5g"},"modified":"2023-09-24T17:17:33","modified_gmt":"2023-09-24T17:17:33","slug":"forum-des-radiocommunications-300-experts-bientot-a-abidjan-pour-adresser-les-defis-du-domaine-dont-celui-des-cas-dusage-de-la-5g","status":"publish","type":"post","link":"https:\/\/www.africa-press.net\/cotedivoire\/politique\/forum-des-radiocommunications-300-experts-bientot-a-abidjan-pour-adresser-les-defis-du-domaine-dont-celui-des-cas-dusage-de-la-5g","title":{"rendered":"Forum des Radiocommunications, 300 experts bient\u00f4t \u00e0 Abidjan pour adresser les d\u00e9fis du domaine dont celui des cas d&rsquo;usage de la 5G"},"content":{"rendered":"<p><span style=\"color: #ff6600\"><strong>Africa-Press &#8211; C\u00f4te d&rsquo;Ivoire. <\/strong><\/span>Abidjan, la capitale e\u0301conomique ivoirienne va abriter du 3 au 5 octobre 2023, la premie\u0300re e\u0301dition du Forum des Radiocommunications, a\u0300 l&rsquo;initiative de l&rsquo;Agence Ivoirienne de Gestion des Fre\u0301quences radioe\u0301lectriques ( AIGF). L&rsquo;information a e\u0301te\u0301 officiellement livre\u0301e a\u0300 la presse, ce jeudi 21 septembre 2023, par le Directeur ge\u0301ne\u0301ral de l&rsquo;AIGF, Dr Yacouba Coulibaly, dans les locaux de ladite structure sis a\u0300 Marcory-Anoumabo, au sud d&rsquo;Abidjan.<\/p>\n<p>Place\u0301 sous le parrainage du ministre de la Communication et de l\u2019Economie Nume\u0301rique, Amadou Coulibaly, ce forum selon le premier responsable de la structure en charge de la gestion des fre\u0301quences radioe\u0301lectriques en Co\u0302te d&rsquo;Ivoire, est une belle tribune qui s&rsquo;offre aux experts locaux de ce domaine d&rsquo;activite\u0301, pour adresser les sujets qui constituent de re\u0301els de\u0301fis pour eux dans ce monde ou\u0300 l&rsquo;e\u0301volution technologique avance a\u0300 un rythme effre\u0301ne\u0301. Ces de\u0301fis ont pour nom, l&rsquo;internet des objets, les re\u0301seaux mobiles 5G et tre\u0300s prochainement 6G, et d\u2019autres technologies e\u0301mergentes, ainsi que la proble\u0301matique de la coexistence des services de radiocommunications.<\/p>\n<p>\u00a0\u00bb Ce forum permettra de mettre en e\u0301vidence les enjeux de la gestion du spectre en Co\u0302te d\u2019Ivoire au regard de l\u2019e\u0301volution des technologies sans fil, d\u2019adresser la proble\u0301matique du de\u0301veloppement des re\u0301seaux radioe\u0301lectriques, la gestion des brouillages et l\u2019exposition des personnes aux Rayonnements Non Ionisants (RNI), de pre\u0301senter les cas d\u2019usage de la 5G ainsi que ses de\u0301fis. C\u0327a sera par ailleurs, l\u2019occasion pour l\u2019Agence de faire le point de ses re\u0301alisations et de ses acquis depuis sa cre\u0301ation, apre\u0300s 10 ans d\u2019existence en tant que socie\u0301te\u0301 d\u2019Etat\u00a0\u00bb, a explique\u0301 Dr Yacouba Coulibaly.<\/p>\n<p>Pendant trois jours, des experts locaux et internationaux au nombre de 300 issus de toutes les parties inte\u0301resse\u0301es du secteur des Radiocommunications, ainsi que d&rsquo;autres secteurs, interviendront pour pre\u0301senter diverses the\u0301matiques. Ces sujets seront explore\u0301s a\u0300 travers des pre\u0301sentations, des discussions en panels, et des tables rondes. Ces participants auront l&rsquo;opportunite\u0301 de partager leurs points de vue sur des questions cruciales, potentiellement source de recommandations a\u0300 l&rsquo;adresse de toutes les parties prenantes, y compris du gouvernement.<\/p>\n<p>Pour sa part, Christiane Yangni-Angate\u0301, pre\u0301sidente du comite\u0301 d&rsquo;organisation (PCO) du Forum, a annonce\u0301 la participation de plusieurs participants de haut rang notamment, le Directeur de la Gestion des Fre\u0301quences de la France M. Gilles Bregant qui interviendra sur un panel et sera e\u0301galement mode\u0301rateur. A l&rsquo;en croire, pour faire de ce forum une re\u0301ussite, 3 facteurs de succe\u0300s ont e\u0301te\u0301 identifie\u0301s a savoir \u00a0\u00bb une organisation ade\u0301quate pour la circonstance, une communication en large diffusion d\u2019ou\u0300 l\u2019installation d\u2019un TV de\u0301die\u0301 et enfin une connectivite\u0301 qui se veut sans interruption\u00a0\u00bb.<\/p>\n<p>Le forum selon elle, sera compose\u0301 de plusieurs activite\u0301s. Au niveau des communications, les experts pre\u0301senteront leurs travaux et leurs recherches sous forme de communications. Ces pre\u0301sentations permettront de partager des informations importantes et d&rsquo;explorer de nouvelles ide\u0301es. Il y aura e\u0301galement des panels compose\u0301s d&rsquo;experts locaux et internationaux qui discuteront des enjeux majeurs du secteur des radiocommunications. Les participants pourront poser des questions et participer activement aux de\u0301bats. Des ateliers the\u0301matiques permettront en outre, d&rsquo;approfondir certains sujets spe\u0301cifiques qui les concernent directement.<\/p>\n<p>Quant au PCA de l&rsquo;AIGF, Pascal Brou Aka, il a estime\u0301 que l&rsquo;organisation de ce forum, sonne \u00ab\u00a0la pe\u0301riode d\u2019une prise de conscience de soi et au cours de laquelle l\u2019on a la capacite\u0301 de re\u0301fle\u0301chir sur son propre e\u0302tre. C\u2019est donc le moment de sortir de sa coquille et de se re\u0301inventer, en s\u2019inspirant des meilleurs exemples et donc des bonnes pratiques\u00a0\u00bb.<\/p>\n<p>Pour rappel, Cre\u0301e\u0301e par Ordonnance n\u00b02012-293 du 21 mars 2012 a\u0300 la faveur de la re\u0301vision du cadre institutionnel et re\u0300glementaire du secteur des te\u0301le\u0301communications \/ TIC.<\/p>\n<p>L\u2019AIGF est charge\u0301e d\u2019assurer les fonctions de planification, d\u2019attribution et de contro\u0302le des fre\u0301quences radioe\u0301lectriques, ressources rares qui fait partie du domaine public de l\u2019Etat.<\/p>\n<p>Depuis sa cre\u0301ation jusqu\u2019a\u0300 ce jour, l\u2019Agence a contribue\u0301 a\u0300 offrir aux secteurs utilisateurs de fre\u0301quences radioe\u0301lectriques, des services sans brouillages pre\u0301judiciables, a\u0300 surveiller l\u2019exposition des populations aux rayonnements non-ionisants, a\u0300 coordonner l\u2019implantation des sites radioe\u0301lectriques afin d\u2019en assurer une utilisation efficiente, a\u0300 de\u0301fendre les inte\u0301re\u0302ts de la Co\u0302te d\u2019Ivoire a\u0300 l\u2019international en matie\u0300re de radiocommunication. Ce forum sera donc l&rsquo;occasion pour l&rsquo;AIGF de ce\u0301le\u0301brer les 10 anne\u0301es de son existence.<\/p>\n<p>Wassimagnon<\/p>\n<p><strong>Pour plus d&rsquo;informations et d&rsquo;analyses sur la <a href=\"https:\/\/www.africa-press.net\/cotedivoire\">C\u00f4te d&rsquo;Ivoire<\/a>, suivez <a href=\"https:\/\/www.africa-press.net\/\">Africa-Press<\/a><\/strong><\/p>\n","protected":false},"excerpt":{"rendered":"<p>Africa-Press &#8211; C\u00f4te d&rsquo;Ivoire. Abidjan, la capitale e\u0301conomique ivoirienne va abriter du 3 au 5 octobre 2023, la premie\u0300re e\u0301dition du Forum des Radiocommunications, a\u0300 l&rsquo;initiative de l&rsquo;Agence Ivoirienne de Gestion des Fre\u0301quences radioe\u0301lectriques ( AIGF). L&rsquo;information a e\u0301te\u0301 officiellement livre\u0301e a\u0300 la presse, ce jeudi 21 septembre 2023, par le Directeur ge\u0301ne\u0301ral de l&rsquo;AIGF, [&hellip;]<\/p>\n","protected":false},"author":82,"featured_media":65996,"comment_status":"open","ping_status":"closed","sticky":false,"template":"","format":"standard","meta":{"footnotes":""},"categories":[2,10],"tags":[294,56,63,11303,29,11302],"class_list":["post-65998","post","type-post","status-publish","format-standard","has-post-thumbnail","hentry","category-politique","category-toutes-les-actualites","tag-5g","tag-africa-press","tag-africa-press-cote-divoire","tag-aigf","tag-cote-divoire","tag-forum-des-radiocommunications"],"yoast_head":"<!-- This site is optimized with the Yoast SEO Premium plugin v26.1 (Yoast SEO v27.0) - https:\/\/yoast.com\/product\/yoast-seo-premium-wordpress\/ -->\n<title>Forum des Radiocommunications, 300 experts bient\u00f4t \u00e0 Abidjan pour adresser les d\u00e9fis du domaine dont celui des cas d&#039;usage de la 5G - C\u00f4te d&#039;Ivoire<\/title>\n<meta name=\"description\" content=\"Abidjan, la capitale e\u0301conomique ivoirienne va abriter du 3 au 5 octobre 2023, la premie\u0300re e\u0301dition du Forum des Radioc ...\" \/>\n<meta name=\"robots\" content=\"index, follow, max-snippet:-1, max-image-preview:large, max-video-preview:-1\" \/>\n<link rel=\"canonical\" href=\"https:\/\/www.africa-press.net\/cotedivoire\/politique\/forum-des-radiocommunications-300-experts-bientot-a-abidjan-pour-adresser-les-defis-du-domaine-dont-celui-des-cas-dusage-de-la-5g\" \/>\n<meta property=\"og:locale\" content=\"fr_FR\" \/>\n<meta property=\"og:type\" content=\"article\" \/>\n<meta property=\"og:title\" content=\"Forum des Radiocommunications, 300 experts bient\u00f4t \u00e0 Abidjan pour adresser les d\u00e9fis du domaine dont celui des cas d&#039;usage de la 5G\" \/>\n<meta property=\"og:description\" content=\"Abidjan, la capitale e\u0301conomique ivoirienne va abriter du 3 au 5 octobre 2023, la premie\u0300re e\u0301dition du Forum des Radioc ...\" \/>\n<meta property=\"og:url\" content=\"https:\/\/www.africa-press.net\/cotedivoire\/politique\/forum-des-radiocommunications-300-experts-bientot-a-abidjan-pour-adresser-les-defis-du-domaine-dont-celui-des-cas-dusage-de-la-5g\" \/>\n<meta property=\"og:site_name\" content=\"C\u00f4te d&#039;Ivoire\" \/>\n<meta property=\"article:published_time\" content=\"2023-09-24T16:42:00+00:00\" \/>\n<meta property=\"article:modified_time\" content=\"2023-09-24T17:17:33+00:00\" \/>\n<meta property=\"og:image\" content=\"https:\/\/static.africa-press.net\/cote\/sites\/43\/2023\/09\/sm_1695563182.033673.jpg\" \/>\n\t<meta property=\"og:image:width\" content=\"720\" \/>\n\t<meta property=\"og:image:height\" content=\"317\" \/>\n\t<meta property=\"og:image:type\" content=\"image\/jpeg\" \/>\n<meta name=\"author\" content=\"cfeditorfr\" \/>\n<meta name=\"twitter:card\" content=\"summary_large_image\" \/>\n<meta name=\"twitter:label1\" content=\"\u00c9crit par\" \/>\n\t<meta name=\"twitter:data1\" content=\"cfeditorfr\" \/>\n\t<meta name=\"twitter:label2\" content=\"Dur\u00e9e de lecture estim\u00e9e\" \/>\n\t<meta name=\"twitter:data2\" content=\"4 minutes\" \/>\n<script type=\"application\/ld+json\" class=\"yoast-schema-graph\">{\"@context\":\"https:\/\/schema.org\",\"@graph\":[{\"@type\":\"Article\",\"@id\":\"https:\/\/www.africa-press.net\/cotedivoire\/politique\/forum-des-radiocommunications-300-experts-bientot-a-abidjan-pour-adresser-les-defis-du-domaine-dont-celui-des-cas-dusage-de-la-5g#article\",\"isPartOf\":{\"@id\":\"https:\/\/www.africa-press.net\/cotedivoire\/politique\/forum-des-radiocommunications-300-experts-bientot-a-abidjan-pour-adresser-les-defis-du-domaine-dont-celui-des-cas-dusage-de-la-5g\"},\"author\":{\"name\":\"cfeditorfr\",\"@id\":\"https:\/\/www.africa-press.net\/cotedivoire\/#\/schema\/person\/2b1cf3cd81a31e3cd26889ca66d677f1\"},\"headline\":\"Forum des Radiocommunications, 300 experts bient\u00f4t \u00e0 Abidjan pour adresser les d\u00e9fis du domaine dont celui des cas d&rsquo;usage de la 5G\",\"datePublished\":\"2023-09-24T16:42:00+00:00\",\"dateModified\":\"2023-09-24T17:17:33+00:00\",\"mainEntityOfPage\":{\"@id\":\"https:\/\/www.africa-press.net\/cotedivoire\/politique\/forum-des-radiocommunications-300-experts-bientot-a-abidjan-pour-adresser-les-defis-du-domaine-dont-celui-des-cas-dusage-de-la-5g\"},\"wordCount\":867,\"commentCount\":0,\"image\":{\"@id\":\"https:\/\/www.africa-press.net\/cotedivoire\/politique\/forum-des-radiocommunications-300-experts-bientot-a-abidjan-pour-adresser-les-defis-du-domaine-dont-celui-des-cas-dusage-de-la-5g#primaryimage\"},\"thumbnailUrl\":\"https:\/\/static.africa-press.net\/cote\/sites\/43\/2023\/09\/sm_1695563182.033673.jpg\",\"keywords\":[\"5G\",\"Africa Press\",\"Africa Press-C\u00f4te d'Ivoire\",\"AIGF\",\"C\u00d4TE D'IVOIRE\",\"Forum des Radiocommunications\"],\"articleSection\":[\"Politique\",\"Toutes les actualit\u00e9s\"],\"inLanguage\":\"fr-FR\",\"potentialAction\":[{\"@type\":\"CommentAction\",\"name\":\"Comment\",\"target\":[\"https:\/\/www.africa-press.net\/cotedivoire\/politique\/forum-des-radiocommunications-300-experts-bientot-a-abidjan-pour-adresser-les-defis-du-domaine-dont-celui-des-cas-dusage-de-la-5g#respond\"]}]},{\"@type\":\"WebPage\",\"@id\":\"https:\/\/www.africa-press.net\/cotedivoire\/politique\/forum-des-radiocommunications-300-experts-bientot-a-abidjan-pour-adresser-les-defis-du-domaine-dont-celui-des-cas-dusage-de-la-5g\",\"url\":\"https:\/\/www.africa-press.net\/cotedivoire\/politique\/forum-des-radiocommunications-300-experts-bientot-a-abidjan-pour-adresser-les-defis-du-domaine-dont-celui-des-cas-dusage-de-la-5g\",\"name\":\"Forum des Radiocommunications, 300 experts bient\u00f4t \u00e0 Abidjan pour adresser les d\u00e9fis du domaine dont celui des cas d'usage de la 5G - C\u00f4te d&#039;Ivoire\",\"isPartOf\":{\"@id\":\"https:\/\/www.africa-press.net\/cotedivoire\/#website\"},\"primaryImageOfPage\":{\"@id\":\"https:\/\/www.africa-press.net\/cotedivoire\/politique\/forum-des-radiocommunications-300-experts-bientot-a-abidjan-pour-adresser-les-defis-du-domaine-dont-celui-des-cas-dusage-de-la-5g#primaryimage\"},\"image\":{\"@id\":\"https:\/\/www.africa-press.net\/cotedivoire\/politique\/forum-des-radiocommunications-300-experts-bientot-a-abidjan-pour-adresser-les-defis-du-domaine-dont-celui-des-cas-dusage-de-la-5g#primaryimage\"},\"thumbnailUrl\":\"https:\/\/static.africa-press.net\/cote\/sites\/43\/2023\/09\/sm_1695563182.033673.jpg\",\"datePublished\":\"2023-09-24T16:42:00+00:00\",\"dateModified\":\"2023-09-24T17:17:33+00:00\",\"author\":{\"@id\":\"https:\/\/www.africa-press.net\/cotedivoire\/#\/schema\/person\/2b1cf3cd81a31e3cd26889ca66d677f1\"},\"description\":\"Abidjan, la capitale e\u0301conomique ivoirienne va abriter du 3 au 5 octobre 2023, la premie\u0300re e\u0301dition du Forum des Radioc ...\",\"breadcrumb\":{\"@id\":\"https:\/\/www.africa-press.net\/cotedivoire\/politique\/forum-des-radiocommunications-300-experts-bientot-a-abidjan-pour-adresser-les-defis-du-domaine-dont-celui-des-cas-dusage-de-la-5g#breadcrumb\"},\"inLanguage\":\"fr-FR\",\"potentialAction\":[{\"@type\":\"ReadAction\",\"target\":[\"https:\/\/www.africa-press.net\/cotedivoire\/politique\/forum-des-radiocommunications-300-experts-bientot-a-abidjan-pour-adresser-les-defis-du-domaine-dont-celui-des-cas-dusage-de-la-5g\"]}]},{\"@type\":\"ImageObject\",\"inLanguage\":\"fr-FR\",\"@id\":\"https:\/\/www.africa-press.net\/cotedivoire\/politique\/forum-des-radiocommunications-300-experts-bientot-a-abidjan-pour-adresser-les-defis-du-domaine-dont-celui-des-cas-dusage-de-la-5g#primaryimage\",\"url\":\"https:\/\/static.africa-press.net\/cote\/sites\/43\/2023\/09\/sm_1695563182.033673.jpg\",\"contentUrl\":\"https:\/\/static.africa-press.net\/cote\/sites\/43\/2023\/09\/sm_1695563182.033673.jpg\",\"width\":720,\"height\":317,\"caption\":\"Forum des Radiocommunications, 300 experts bient\u00f4t \u00e0 Abidjan pour adresser les d\u00e9fis du domaine dont celui des cas d'usage de la 5G\"},{\"@type\":\"BreadcrumbList\",\"@id\":\"https:\/\/www.africa-press.net\/cotedivoire\/politique\/forum-des-radiocommunications-300-experts-bientot-a-abidjan-pour-adresser-les-defis-du-domaine-dont-celui-des-cas-dusage-de-la-5g#breadcrumb\",\"itemListElement\":[{\"@type\":\"ListItem\",\"position\":1,\"name\":\"Accueil\",\"item\":\"https:\/\/www.africa-press.net\/cotedivoire\/\"},{\"@type\":\"ListItem\",\"position\":2,\"name\":\"Forum des Radiocommunications, 300 experts bient\u00f4t \u00e0 Abidjan pour adresser les d\u00e9fis du domaine dont celui des cas d&#8217;usage de la 5G\"}]},{\"@type\":\"WebSite\",\"@id\":\"https:\/\/www.africa-press.net\/cotedivoire\/#website\",\"url\":\"https:\/\/www.africa-press.net\/cotedivoire\/\",\"name\":\"C\u00f4te d&#039;Ivoire\",\"description\":\"Just another Africa News Agency Sites site\",\"potentialAction\":[{\"@type\":\"SearchAction\",\"target\":{\"@type\":\"EntryPoint\",\"urlTemplate\":\"https:\/\/www.africa-press.net\/cotedivoire\/?s={search_term_string}\"},\"query-input\":{\"@type\":\"PropertyValueSpecification\",\"valueRequired\":true,\"valueName\":\"search_term_string\"}}],\"inLanguage\":\"fr-FR\"},{\"@type\":\"Person\",\"@id\":\"https:\/\/www.africa-press.net\/cotedivoire\/#\/schema\/person\/2b1cf3cd81a31e3cd26889ca66d677f1\",\"name\":\"cfeditorfr\"}]}<\/script>\n<!-- \/ Yoast SEO Premium plugin. -->","yoast_head_json":{"title":"Forum des Radiocommunications, 300 experts bient\u00f4t \u00e0 Abidjan pour adresser les d\u00e9fis du domaine dont celui des cas d'usage de la 5G - C\u00f4te d&#039;Ivoire","description":"Abidjan, la capitale e\u0301conomique ivoirienne va abriter du 3 au 5 octobre 2023, la premie\u0300re e\u0301dition du Forum des Radioc ...","robots":{"index":"index","follow":"follow","max-snippet":"max-snippet:-1","max-image-preview":"max-image-preview:large","max-video-preview":"max-video-preview:-1"},"canonical":"https:\/\/www.africa-press.net\/cotedivoire\/politique\/forum-des-radiocommunications-300-experts-bientot-a-abidjan-pour-adresser-les-defis-du-domaine-dont-celui-des-cas-dusage-de-la-5g","og_locale":"fr_FR","og_type":"article","og_title":"Forum des Radiocommunications, 300 experts bient\u00f4t \u00e0 Abidjan pour adresser les d\u00e9fis du domaine dont celui des cas d'usage de la 5G","og_description":"Abidjan, la capitale e\u0301conomique ivoirienne va abriter du 3 au 5 octobre 2023, la premie\u0300re e\u0301dition du Forum des Radioc ...","og_url":"https:\/\/www.africa-press.net\/cotedivoire\/politique\/forum-des-radiocommunications-300-experts-bientot-a-abidjan-pour-adresser-les-defis-du-domaine-dont-celui-des-cas-dusage-de-la-5g","og_site_name":"C\u00f4te d&#039;Ivoire","article_published_time":"2023-09-24T16:42:00+00:00","article_modified_time":"2023-09-24T17:17:33+00:00","og_image":[{"width":720,"height":317,"url":"https:\/\/static.africa-press.net\/cote\/sites\/43\/2023\/09\/sm_1695563182.033673.jpg","type":"image\/jpeg"}],"author":"cfeditorfr","twitter_card":"summary_large_image","twitter_misc":{"\u00c9crit par":"cfeditorfr","Dur\u00e9e de lecture estim\u00e9e":"4 minutes"},"schema":{"@context":"https:\/\/schema.org","@graph":[{"@type":"Article","@id":"https:\/\/www.africa-press.net\/cotedivoire\/politique\/forum-des-radiocommunications-300-experts-bientot-a-abidjan-pour-adresser-les-defis-du-domaine-dont-celui-des-cas-dusage-de-la-5g#article","isPartOf":{"@id":"https:\/\/www.africa-press.net\/cotedivoire\/politique\/forum-des-radiocommunications-300-experts-bientot-a-abidjan-pour-adresser-les-defis-du-domaine-dont-celui-des-cas-dusage-de-la-5g"},"author":{"name":"cfeditorfr","@id":"https:\/\/www.africa-press.net\/cotedivoire\/#\/schema\/person\/2b1cf3cd81a31e3cd26889ca66d677f1"},"headline":"Forum des Radiocommunications, 300 experts bient\u00f4t \u00e0 Abidjan pour adresser les d\u00e9fis du domaine dont celui des cas d&rsquo;usage de la 5G","datePublished":"2023-09-24T16:42:00+00:00","dateModified":"2023-09-24T17:17:33+00:00","mainEntityOfPage":{"@id":"https:\/\/www.africa-press.net\/cotedivoire\/politique\/forum-des-radiocommunications-300-experts-bientot-a-abidjan-pour-adresser-les-defis-du-domaine-dont-celui-des-cas-dusage-de-la-5g"},"wordCount":867,"commentCount":0,"image":{"@id":"https:\/\/www.africa-press.net\/cotedivoire\/politique\/forum-des-radiocommunications-300-experts-bientot-a-abidjan-pour-adresser-les-defis-du-domaine-dont-celui-des-cas-dusage-de-la-5g#primaryimage"},"thumbnailUrl":"https:\/\/static.africa-press.net\/cote\/sites\/43\/2023\/09\/sm_1695563182.033673.jpg","keywords":["5G","Africa Press","Africa Press-C\u00f4te d'Ivoire","AIGF","C\u00d4TE D'IVOIRE","Forum des Radiocommunications"],"articleSection":["Politique","Toutes les actualit\u00e9s"],"inLanguage":"fr-FR","potentialAction":[{"@type":"CommentAction","name":"Comment","target":["https:\/\/www.africa-press.net\/cotedivoire\/politique\/forum-des-radiocommunications-300-experts-bientot-a-abidjan-pour-adresser-les-defis-du-domaine-dont-celui-des-cas-dusage-de-la-5g#respond"]}]},{"@type":"WebPage","@id":"https:\/\/www.africa-press.net\/cotedivoire\/politique\/forum-des-radiocommunications-300-experts-bientot-a-abidjan-pour-adresser-les-defis-du-domaine-dont-celui-des-cas-dusage-de-la-5g","url":"https:\/\/www.africa-press.net\/cotedivoire\/politique\/forum-des-radiocommunications-300-experts-bientot-a-abidjan-pour-adresser-les-defis-du-domaine-dont-celui-des-cas-dusage-de-la-5g","name":"Forum des Radiocommunications, 300 experts bient\u00f4t \u00e0 Abidjan pour adresser les d\u00e9fis du domaine dont celui des cas d'usage de la 5G - C\u00f4te d&#039;Ivoire","isPartOf":{"@id":"https:\/\/www.africa-press.net\/cotedivoire\/#website"},"primaryImageOfPage":{"@id":"https:\/\/www.africa-press.net\/cotedivoire\/politique\/forum-des-radiocommunications-300-experts-bientot-a-abidjan-pour-adresser-les-defis-du-domaine-dont-celui-des-cas-dusage-de-la-5g#primaryimage"},"image":{"@id":"https:\/\/www.africa-press.net\/cotedivoire\/politique\/forum-des-radiocommunications-300-experts-bientot-a-abidjan-pour-adresser-les-defis-du-domaine-dont-celui-des-cas-dusage-de-la-5g#primaryimage"},"thumbnailUrl":"https:\/\/static.africa-press.net\/cote\/sites\/43\/2023\/09\/sm_1695563182.033673.jpg","datePublished":"2023-09-24T16:42:00+00:00","dateModified":"2023-09-24T17:17:33+00:00","author":{"@id":"https:\/\/www.africa-press.net\/cotedivoire\/#\/schema\/person\/2b1cf3cd81a31e3cd26889ca66d677f1"},"description":"Abidjan, la capitale e\u0301conomique ivoirienne va abriter du 3 au 5 octobre 2023, la premie\u0300re e\u0301dition du Forum des Radioc ...","breadcrumb":{"@id":"https:\/\/www.africa-press.net\/cotedivoire\/politique\/forum-des-radiocommunications-300-experts-bientot-a-abidjan-pour-adresser-les-defis-du-domaine-dont-celui-des-cas-dusage-de-la-5g#breadcrumb"},"inLanguage":"fr-FR","potentialAction":[{"@type":"ReadAction","target":["https:\/\/www.africa-press.net\/cotedivoire\/politique\/forum-des-radiocommunications-300-experts-bientot-a-abidjan-pour-adresser-les-defis-du-domaine-dont-celui-des-cas-dusage-de-la-5g"]}]},{"@type":"ImageObject","inLanguage":"fr-FR","@id":"https:\/\/www.africa-press.net\/cotedivoire\/politique\/forum-des-radiocommunications-300-experts-bientot-a-abidjan-pour-adresser-les-defis-du-domaine-dont-celui-des-cas-dusage-de-la-5g#primaryimage","url":"https:\/\/static.africa-press.net\/cote\/sites\/43\/2023\/09\/sm_1695563182.033673.jpg","contentUrl":"https:\/\/static.africa-press.net\/cote\/sites\/43\/2023\/09\/sm_1695563182.033673.jpg","width":720,"height":317,"caption":"Forum des Radiocommunications, 300 experts bient\u00f4t \u00e0 Abidjan pour adresser les d\u00e9fis du domaine dont celui des cas d'usage de la 5G"},{"@type":"BreadcrumbList","@id":"https:\/\/www.africa-press.net\/cotedivoire\/politique\/forum-des-radiocommunications-300-experts-bientot-a-abidjan-pour-adresser-les-defis-du-domaine-dont-celui-des-cas-dusage-de-la-5g#breadcrumb","itemListElement":[{"@type":"ListItem","position":1,"name":"Accueil","item":"https:\/\/www.africa-press.net\/cotedivoire\/"},{"@type":"ListItem","position":2,"name":"Forum des Radiocommunications, 300 experts bient\u00f4t \u00e0 Abidjan pour adresser les d\u00e9fis du domaine dont celui des cas d&#8217;usage de la 5G"}]},{"@type":"WebSite","@id":"https:\/\/www.africa-press.net\/cotedivoire\/#website","url":"https:\/\/www.africa-press.net\/cotedivoire\/","name":"C\u00f4te d&#039;Ivoire","description":"Just another Africa News Agency Sites site","potentialAction":[{"@type":"SearchAction","target":{"@type":"EntryPoint","urlTemplate":"https:\/\/www.africa-press.net\/cotedivoire\/?s={search_term_string}"},"query-input":{"@type":"PropertyValueSpecification","valueRequired":true,"valueName":"search_term_string"}}],"inLanguage":"fr-FR"},{"@type":"Person","@id":"https:\/\/www.africa-press.net\/cotedivoire\/#\/schema\/person\/2b1cf3cd81a31e3cd26889ca66d677f1","name":"cfeditorfr"}]}},"_links":{"self":[{"href":"https:\/\/www.africa-press.net\/cotedivoire\/wp-json\/wp\/v2\/posts\/65998","targetHints":{"allow":["GET"]}}],"collection":[{"href":"https:\/\/www.africa-press.net\/cotedivoire\/wp-json\/wp\/v2\/posts"}],"about":[{"href":"https:\/\/www.africa-press.net\/cotedivoire\/wp-json\/wp\/v2\/types\/post"}],"author":[{"embeddable":true,"href":"https:\/\/www.africa-press.net\/cotedivoire\/wp-json\/wp\/v2\/users\/82"}],"replies":[{"embeddable":true,"href":"https:\/\/www.africa-press.net\/cotedivoire\/wp-json\/wp\/v2\/comments?post=65998"}],"version-history":[{"count":0,"href":"https:\/\/www.africa-press.net\/cotedivoire\/wp-json\/wp\/v2\/posts\/65998\/revisions"}],"wp:featuredmedia":[{"embeddable":true,"href":"https:\/\/www.africa-press.net\/cotedivoire\/wp-json\/wp\/v2\/media\/65996"}],"wp:attachment":[{"href":"https:\/\/www.africa-press.net\/cotedivoire\/wp-json\/wp\/v2\/media?parent=65998"}],"wp:term":[{"taxonomy":"category","embeddable":true,"href":"https:\/\/www.africa-press.net\/cotedivoire\/wp-json\/wp\/v2\/categories?post=65998"},{"taxonomy":"post_tag","embeddable":true,"href":"https:\/\/www.africa-press.net\/cotedivoire\/wp-json\/wp\/v2\/tags?post=65998"}],"curies":[{"name":"wp","href":"https:\/\/api.w.org\/{rel}","templated":true}]}}