{"id":66058,"date":"2023-09-25T14:09:28","date_gmt":"2023-09-25T14:09:28","guid":{"rendered":"https:\/\/www.africa-press.net\/cotedivoire\/politique\/en-attendant-le-denouement-de-laffaire-des-gendarmes-detenus-a-ouaga-des-elements-pris-en-flagrant-delit-de-consommation-de-la-drogue-radies-du-corps-delite"},"modified":"2023-09-25T16:00:37","modified_gmt":"2023-09-25T16:00:37","slug":"en-attendant-le-denouement-de-laffaire-des-gendarmes-detenus-a-ouaga-des-elements-pris-en-flagrant-delit-de-consommation-de-la-drogue-radies-du-corps-delite","status":"publish","type":"post","link":"https:\/\/www.africa-press.net\/cotedivoire\/toutes-les-actualites\/en-attendant-le-denouement-de-laffaire-des-gendarmes-detenus-a-ouaga-des-elements-pris-en-flagrant-delit-de-consommation-de-la-drogue-radies-du-corps-delite","title":{"rendered":"En attendant le d\u00e9nouement de l&rsquo;affaire des Gendarmes d\u00e9tenus \u00e0 Ouaga, des \u00e9l\u00e9ments pris en flagrant d\u00e9lit de consommation de la Drogue radi\u00e9s du corps d&rsquo;\u00e9lite"},"content":{"rendered":"<p><span style=\"color: #ff6600\"><strong>Africa-Press &#8211; C\u00f4te d&rsquo;Ivoire. <\/strong><\/span>En attendant le de\u0301nouement de l\u2019affaire des Gendarmes ivoiriens de\u0301tenus depuis mercredi a\u0300 Ouagadougou au Burkina Faso, des e\u0301le\u0301ments du Corps d\u2019Elite ont e\u0301te\u0301 pris en flagrant de\u0301lit de consommation de la Drogue.<\/p>\n<p>Il s\u2019agit des Mare\u0301chaux des Logis (MDL) Kane\u0301 Habib Matricule (Mle) 92.518, Goulayo Pierre Franklin Mle 92.489, Soro Sie\u0301 Valy Aime\u0301 Mle 93.051, Gnolou Mady Curtis Mle 92.477, Diomande\u0301 Ben Idriss Mle 92.339 et de Toure\u0301 Oyo Mimel Mle 93.135. Ils sont tous issus de l\u2019Escadron de Gendarmerie de Due\u0301koue\u0301.<\/p>\n<p>Leurs effets militaires ont e\u0301te\u0301 retire\u0301s ainsi que leurs cartes professionnelles et celles de la MUGEFCI, souligne une source se\u0301curitaire.<\/p>\n<p><strong>Pour plus d&rsquo;informations et d&rsquo;analyses sur la <a href=\"https:\/\/www.africa-press.net\/cotedivoire\">C\u00f4te d&rsquo;Ivoire<\/a>, suivez <a href=\"https:\/\/www.africa-press.net\/\">Africa-Press<\/a><\/strong><\/p>\n","protected":false},"excerpt":{"rendered":"<p>Africa-Press &#8211; C\u00f4te d&rsquo;Ivoire. En attendant le de\u0301nouement de l\u2019affaire des Gendarmes ivoiriens de\u0301tenus depuis mercredi a\u0300 Ouagadougou au Burkina Faso, des e\u0301le\u0301ments du Corps d\u2019Elite ont e\u0301te\u0301 pris en flagrant de\u0301lit de consommation de la Drogue. Il s\u2019agit des Mare\u0301chaux des Logis (MDL) Kane\u0301 Habib Matricule (Mle) 92.518, Goulayo Pierre Franklin Mle 92.489, Soro [&hellip;]<\/p>\n","protected":false},"author":82,"featured_media":66057,"comment_status":"open","ping_status":"closed","sticky":false,"template":"","format":"standard","meta":{"footnotes":""},"categories":[21,10],"tags":[56,63,29,645,643,2500,1142,11310],"class_list":["post-66058","post","type-post","status-publish","format-standard","has-post-thumbnail","hentry","category-communaute","category-toutes-les-actualites","tag-africa-press","tag-africa-press-cote-divoire","tag-cote-divoire","tag-drogue","tag-duekoue","tag-gendarmes","tag-ouagadougou","tag-radies"],"yoast_head":"<!-- This site is optimized with the Yoast SEO Premium plugin v26.1 (Yoast SEO v27.0) - https:\/\/yoast.com\/product\/yoast-seo-premium-wordpress\/ -->\n<title>En attendant le d\u00e9nouement de l&#039;affaire des Gendarmes d\u00e9tenus \u00e0 Ouaga, des \u00e9l\u00e9ments pris en flagrant d\u00e9lit de consommation de la Drogue radi\u00e9s du corps d&#039;\u00e9lite - C\u00f4te d&#039;Ivoire<\/title>\n<meta name=\"description\" content=\"En attendant le de\u0301nouement de l\u2019affaire des Gendarmes ivoiriens de\u0301tenus depuis mercredi a\u0300 Ouagadougou au Burkina Faso ...\" \/>\n<meta name=\"robots\" content=\"index, follow, max-snippet:-1, max-image-preview:large, max-video-preview:-1\" \/>\n<link rel=\"canonical\" href=\"https:\/\/www.africa-press.net\/cotedivoire\/toutes-les-actualites\/en-attendant-le-denouement-de-laffaire-des-gendarmes-detenus-a-ouaga-des-elements-pris-en-flagrant-delit-de-consommation-de-la-drogue-radies-du-corps-delite\" \/>\n<meta property=\"og:locale\" content=\"fr_FR\" \/>\n<meta property=\"og:type\" content=\"article\" \/>\n<meta property=\"og:title\" content=\"En attendant le d\u00e9nouement de l&#039;affaire des Gendarmes d\u00e9tenus \u00e0 Ouaga, des \u00e9l\u00e9ments pris en flagrant d\u00e9lit de consommation de la Drogue radi\u00e9s du corps d&#039;\u00e9lite\" \/>\n<meta property=\"og:description\" content=\"En attendant le de\u0301nouement de l\u2019affaire des Gendarmes ivoiriens de\u0301tenus depuis mercredi a\u0300 Ouagadougou au Burkina Faso ...\" \/>\n<meta property=\"og:url\" content=\"https:\/\/www.africa-press.net\/cotedivoire\/toutes-les-actualites\/en-attendant-le-denouement-de-laffaire-des-gendarmes-detenus-a-ouaga-des-elements-pris-en-flagrant-delit-de-consommation-de-la-drogue-radies-du-corps-delite\" \/>\n<meta property=\"og:site_name\" content=\"C\u00f4te d&#039;Ivoire\" \/>\n<meta property=\"article:published_time\" content=\"2023-09-25T14:09:28+00:00\" \/>\n<meta property=\"article:modified_time\" content=\"2023-09-25T16:00:37+00:00\" \/>\n<meta property=\"og:image\" content=\"https:\/\/static.africa-press.net\/cote\/sites\/43\/2023\/09\/sm_1695639689.71426.jpg\" \/>\n\t<meta property=\"og:image:width\" content=\"720\" \/>\n\t<meta property=\"og:image:height\" content=\"439\" \/>\n\t<meta property=\"og:image:type\" content=\"image\/jpeg\" \/>\n<meta name=\"author\" content=\"cfeditorfr\" \/>\n<meta name=\"twitter:card\" content=\"summary_large_image\" \/>\n<meta name=\"twitter:label1\" content=\"\u00c9crit par\" \/>\n\t<meta name=\"twitter:data1\" content=\"cfeditorfr\" \/>\n\t<meta name=\"twitter:label2\" content=\"Dur\u00e9e de lecture estim\u00e9e\" \/>\n\t<meta name=\"twitter:data2\" content=\"1 minute\" \/>\n<script type=\"application\/ld+json\" class=\"yoast-schema-graph\">{\"@context\":\"https:\/\/schema.org\",\"@graph\":[{\"@type\":\"Article\",\"@id\":\"https:\/\/www.africa-press.net\/cotedivoire\/toutes-les-actualites\/en-attendant-le-denouement-de-laffaire-des-gendarmes-detenus-a-ouaga-des-elements-pris-en-flagrant-delit-de-consommation-de-la-drogue-radies-du-corps-delite#article\",\"isPartOf\":{\"@id\":\"https:\/\/www.africa-press.net\/cotedivoire\/toutes-les-actualites\/en-attendant-le-denouement-de-laffaire-des-gendarmes-detenus-a-ouaga-des-elements-pris-en-flagrant-delit-de-consommation-de-la-drogue-radies-du-corps-delite\"},\"author\":{\"name\":\"cfeditorfr\",\"@id\":\"https:\/\/www.africa-press.net\/cotedivoire\/#\/schema\/person\/2b1cf3cd81a31e3cd26889ca66d677f1\"},\"headline\":\"En attendant le d\u00e9nouement de l&rsquo;affaire des Gendarmes d\u00e9tenus \u00e0 Ouaga, des \u00e9l\u00e9ments pris en flagrant d\u00e9lit de consommation de la Drogue radi\u00e9s du corps d&rsquo;\u00e9lite\",\"datePublished\":\"2023-09-25T14:09:28+00:00\",\"dateModified\":\"2023-09-25T16:00:37+00:00\",\"mainEntityOfPage\":{\"@id\":\"https:\/\/www.africa-press.net\/cotedivoire\/toutes-les-actualites\/en-attendant-le-denouement-de-laffaire-des-gendarmes-detenus-a-ouaga-des-elements-pris-en-flagrant-delit-de-consommation-de-la-drogue-radies-du-corps-delite\"},\"wordCount\":165,\"commentCount\":0,\"image\":{\"@id\":\"https:\/\/www.africa-press.net\/cotedivoire\/toutes-les-actualites\/en-attendant-le-denouement-de-laffaire-des-gendarmes-detenus-a-ouaga-des-elements-pris-en-flagrant-delit-de-consommation-de-la-drogue-radies-du-corps-delite#primaryimage\"},\"thumbnailUrl\":\"https:\/\/static.africa-press.net\/cote\/sites\/43\/2023\/09\/sm_1695639689.71426.jpg\",\"keywords\":[\"Africa Press\",\"Africa Press-C\u00f4te d'Ivoire\",\"C\u00d4TE D'IVOIRE\",\"drogue\",\"Du\u00e9kou\u00e9\",\"gendarmes\",\"Ouagadougou\",\"radi\u00e9s\"],\"articleSection\":[\"Communaut\u00e9\",\"Toutes les actualit\u00e9s\"],\"inLanguage\":\"fr-FR\",\"potentialAction\":[{\"@type\":\"CommentAction\",\"name\":\"Comment\",\"target\":[\"https:\/\/www.africa-press.net\/cotedivoire\/toutes-les-actualites\/en-attendant-le-denouement-de-laffaire-des-gendarmes-detenus-a-ouaga-des-elements-pris-en-flagrant-delit-de-consommation-de-la-drogue-radies-du-corps-delite#respond\"]}]},{\"@type\":\"WebPage\",\"@id\":\"https:\/\/www.africa-press.net\/cotedivoire\/toutes-les-actualites\/en-attendant-le-denouement-de-laffaire-des-gendarmes-detenus-a-ouaga-des-elements-pris-en-flagrant-delit-de-consommation-de-la-drogue-radies-du-corps-delite\",\"url\":\"https:\/\/www.africa-press.net\/cotedivoire\/toutes-les-actualites\/en-attendant-le-denouement-de-laffaire-des-gendarmes-detenus-a-ouaga-des-elements-pris-en-flagrant-delit-de-consommation-de-la-drogue-radies-du-corps-delite\",\"name\":\"En attendant le d\u00e9nouement de l'affaire des Gendarmes d\u00e9tenus \u00e0 Ouaga, des \u00e9l\u00e9ments pris en flagrant d\u00e9lit de consommation de la Drogue radi\u00e9s du corps d'\u00e9lite - C\u00f4te d&#039;Ivoire\",\"isPartOf\":{\"@id\":\"https:\/\/www.africa-press.net\/cotedivoire\/#website\"},\"primaryImageOfPage\":{\"@id\":\"https:\/\/www.africa-press.net\/cotedivoire\/toutes-les-actualites\/en-attendant-le-denouement-de-laffaire-des-gendarmes-detenus-a-ouaga-des-elements-pris-en-flagrant-delit-de-consommation-de-la-drogue-radies-du-corps-delite#primaryimage\"},\"image\":{\"@id\":\"https:\/\/www.africa-press.net\/cotedivoire\/toutes-les-actualites\/en-attendant-le-denouement-de-laffaire-des-gendarmes-detenus-a-ouaga-des-elements-pris-en-flagrant-delit-de-consommation-de-la-drogue-radies-du-corps-delite#primaryimage\"},\"thumbnailUrl\":\"https:\/\/static.africa-press.net\/cote\/sites\/43\/2023\/09\/sm_1695639689.71426.jpg\",\"datePublished\":\"2023-09-25T14:09:28+00:00\",\"dateModified\":\"2023-09-25T16:00:37+00:00\",\"author\":{\"@id\":\"https:\/\/www.africa-press.net\/cotedivoire\/#\/schema\/person\/2b1cf3cd81a31e3cd26889ca66d677f1\"},\"description\":\"En attendant le de\u0301nouement de l\u2019affaire des Gendarmes ivoiriens de\u0301tenus depuis mercredi a\u0300 Ouagadougou au Burkina Faso ...\",\"breadcrumb\":{\"@id\":\"https:\/\/www.africa-press.net\/cotedivoire\/toutes-les-actualites\/en-attendant-le-denouement-de-laffaire-des-gendarmes-detenus-a-ouaga-des-elements-pris-en-flagrant-delit-de-consommation-de-la-drogue-radies-du-corps-delite#breadcrumb\"},\"inLanguage\":\"fr-FR\",\"potentialAction\":[{\"@type\":\"ReadAction\",\"target\":[\"https:\/\/www.africa-press.net\/cotedivoire\/toutes-les-actualites\/en-attendant-le-denouement-de-laffaire-des-gendarmes-detenus-a-ouaga-des-elements-pris-en-flagrant-delit-de-consommation-de-la-drogue-radies-du-corps-delite\"]}]},{\"@type\":\"ImageObject\",\"inLanguage\":\"fr-FR\",\"@id\":\"https:\/\/www.africa-press.net\/cotedivoire\/toutes-les-actualites\/en-attendant-le-denouement-de-laffaire-des-gendarmes-detenus-a-ouaga-des-elements-pris-en-flagrant-delit-de-consommation-de-la-drogue-radies-du-corps-delite#primaryimage\",\"url\":\"https:\/\/static.africa-press.net\/cote\/sites\/43\/2023\/09\/sm_1695639689.71426.jpg\",\"contentUrl\":\"https:\/\/static.africa-press.net\/cote\/sites\/43\/2023\/09\/sm_1695639689.71426.jpg\",\"width\":720,\"height\":439,\"caption\":\"En attendant le d\u00e9nouement de l'affaire des Gendarmes d\u00e9tenus \u00e0 Ouaga, des \u00e9l\u00e9ments pris en flagrant d\u00e9lit de consommation de la Drogue radi\u00e9s du corps d'\u00e9lite\"},{\"@type\":\"BreadcrumbList\",\"@id\":\"https:\/\/www.africa-press.net\/cotedivoire\/toutes-les-actualites\/en-attendant-le-denouement-de-laffaire-des-gendarmes-detenus-a-ouaga-des-elements-pris-en-flagrant-delit-de-consommation-de-la-drogue-radies-du-corps-delite#breadcrumb\",\"itemListElement\":[{\"@type\":\"ListItem\",\"position\":1,\"name\":\"Accueil\",\"item\":\"https:\/\/www.africa-press.net\/cotedivoire\/\"},{\"@type\":\"ListItem\",\"position\":2,\"name\":\"En attendant le d\u00e9nouement de l&#8217;affaire des Gendarmes d\u00e9tenus \u00e0 Ouaga, des \u00e9l\u00e9ments pris en flagrant d\u00e9lit de consommation de la Drogue radi\u00e9s du corps d&#8217;\u00e9lite\"}]},{\"@type\":\"WebSite\",\"@id\":\"https:\/\/www.africa-press.net\/cotedivoire\/#website\",\"url\":\"https:\/\/www.africa-press.net\/cotedivoire\/\",\"name\":\"C\u00f4te d&#039;Ivoire\",\"description\":\"Just another Africa News Agency Sites site\",\"potentialAction\":[{\"@type\":\"SearchAction\",\"target\":{\"@type\":\"EntryPoint\",\"urlTemplate\":\"https:\/\/www.africa-press.net\/cotedivoire\/?s={search_term_string}\"},\"query-input\":{\"@type\":\"PropertyValueSpecification\",\"valueRequired\":true,\"valueName\":\"search_term_string\"}}],\"inLanguage\":\"fr-FR\"},{\"@type\":\"Person\",\"@id\":\"https:\/\/www.africa-press.net\/cotedivoire\/#\/schema\/person\/2b1cf3cd81a31e3cd26889ca66d677f1\",\"name\":\"cfeditorfr\"}]}<\/script>\n<!-- \/ Yoast SEO Premium plugin. -->","yoast_head_json":{"title":"En attendant le d\u00e9nouement de l'affaire des Gendarmes d\u00e9tenus \u00e0 Ouaga, des \u00e9l\u00e9ments pris en flagrant d\u00e9lit de consommation de la Drogue radi\u00e9s du corps d'\u00e9lite - C\u00f4te d&#039;Ivoire","description":"En attendant le de\u0301nouement de l\u2019affaire des Gendarmes ivoiriens de\u0301tenus depuis mercredi a\u0300 Ouagadougou au Burkina Faso ...","robots":{"index":"index","follow":"follow","max-snippet":"max-snippet:-1","max-image-preview":"max-image-preview:large","max-video-preview":"max-video-preview:-1"},"canonical":"https:\/\/www.africa-press.net\/cotedivoire\/toutes-les-actualites\/en-attendant-le-denouement-de-laffaire-des-gendarmes-detenus-a-ouaga-des-elements-pris-en-flagrant-delit-de-consommation-de-la-drogue-radies-du-corps-delite","og_locale":"fr_FR","og_type":"article","og_title":"En attendant le d\u00e9nouement de l'affaire des Gendarmes d\u00e9tenus \u00e0 Ouaga, des \u00e9l\u00e9ments pris en flagrant d\u00e9lit de consommation de la Drogue radi\u00e9s du corps d'\u00e9lite","og_description":"En attendant le de\u0301nouement de l\u2019affaire des Gendarmes ivoiriens de\u0301tenus depuis mercredi a\u0300 Ouagadougou au Burkina Faso ...","og_url":"https:\/\/www.africa-press.net\/cotedivoire\/toutes-les-actualites\/en-attendant-le-denouement-de-laffaire-des-gendarmes-detenus-a-ouaga-des-elements-pris-en-flagrant-delit-de-consommation-de-la-drogue-radies-du-corps-delite","og_site_name":"C\u00f4te d&#039;Ivoire","article_published_time":"2023-09-25T14:09:28+00:00","article_modified_time":"2023-09-25T16:00:37+00:00","og_image":[{"width":720,"height":439,"url":"https:\/\/static.africa-press.net\/cote\/sites\/43\/2023\/09\/sm_1695639689.71426.jpg","type":"image\/jpeg"}],"author":"cfeditorfr","twitter_card":"summary_large_image","twitter_misc":{"\u00c9crit par":"cfeditorfr","Dur\u00e9e de lecture estim\u00e9e":"1 minute"},"schema":{"@context":"https:\/\/schema.org","@graph":[{"@type":"Article","@id":"https:\/\/www.africa-press.net\/cotedivoire\/toutes-les-actualites\/en-attendant-le-denouement-de-laffaire-des-gendarmes-detenus-a-ouaga-des-elements-pris-en-flagrant-delit-de-consommation-de-la-drogue-radies-du-corps-delite#article","isPartOf":{"@id":"https:\/\/www.africa-press.net\/cotedivoire\/toutes-les-actualites\/en-attendant-le-denouement-de-laffaire-des-gendarmes-detenus-a-ouaga-des-elements-pris-en-flagrant-delit-de-consommation-de-la-drogue-radies-du-corps-delite"},"author":{"name":"cfeditorfr","@id":"https:\/\/www.africa-press.net\/cotedivoire\/#\/schema\/person\/2b1cf3cd81a31e3cd26889ca66d677f1"},"headline":"En attendant le d\u00e9nouement de l&rsquo;affaire des Gendarmes d\u00e9tenus \u00e0 Ouaga, des \u00e9l\u00e9ments pris en flagrant d\u00e9lit de consommation de la Drogue radi\u00e9s du corps d&rsquo;\u00e9lite","datePublished":"2023-09-25T14:09:28+00:00","dateModified":"2023-09-25T16:00:37+00:00","mainEntityOfPage":{"@id":"https:\/\/www.africa-press.net\/cotedivoire\/toutes-les-actualites\/en-attendant-le-denouement-de-laffaire-des-gendarmes-detenus-a-ouaga-des-elements-pris-en-flagrant-delit-de-consommation-de-la-drogue-radies-du-corps-delite"},"wordCount":165,"commentCount":0,"image":{"@id":"https:\/\/www.africa-press.net\/cotedivoire\/toutes-les-actualites\/en-attendant-le-denouement-de-laffaire-des-gendarmes-detenus-a-ouaga-des-elements-pris-en-flagrant-delit-de-consommation-de-la-drogue-radies-du-corps-delite#primaryimage"},"thumbnailUrl":"https:\/\/static.africa-press.net\/cote\/sites\/43\/2023\/09\/sm_1695639689.71426.jpg","keywords":["Africa Press","Africa Press-C\u00f4te d'Ivoire","C\u00d4TE D'IVOIRE","drogue","Du\u00e9kou\u00e9","gendarmes","Ouagadougou","radi\u00e9s"],"articleSection":["Communaut\u00e9","Toutes les actualit\u00e9s"],"inLanguage":"fr-FR","potentialAction":[{"@type":"CommentAction","name":"Comment","target":["https:\/\/www.africa-press.net\/cotedivoire\/toutes-les-actualites\/en-attendant-le-denouement-de-laffaire-des-gendarmes-detenus-a-ouaga-des-elements-pris-en-flagrant-delit-de-consommation-de-la-drogue-radies-du-corps-delite#respond"]}]},{"@type":"WebPage","@id":"https:\/\/www.africa-press.net\/cotedivoire\/toutes-les-actualites\/en-attendant-le-denouement-de-laffaire-des-gendarmes-detenus-a-ouaga-des-elements-pris-en-flagrant-delit-de-consommation-de-la-drogue-radies-du-corps-delite","url":"https:\/\/www.africa-press.net\/cotedivoire\/toutes-les-actualites\/en-attendant-le-denouement-de-laffaire-des-gendarmes-detenus-a-ouaga-des-elements-pris-en-flagrant-delit-de-consommation-de-la-drogue-radies-du-corps-delite","name":"En attendant le d\u00e9nouement de l'affaire des Gendarmes d\u00e9tenus \u00e0 Ouaga, des \u00e9l\u00e9ments pris en flagrant d\u00e9lit de consommation de la Drogue radi\u00e9s du corps d'\u00e9lite - C\u00f4te d&#039;Ivoire","isPartOf":{"@id":"https:\/\/www.africa-press.net\/cotedivoire\/#website"},"primaryImageOfPage":{"@id":"https:\/\/www.africa-press.net\/cotedivoire\/toutes-les-actualites\/en-attendant-le-denouement-de-laffaire-des-gendarmes-detenus-a-ouaga-des-elements-pris-en-flagrant-delit-de-consommation-de-la-drogue-radies-du-corps-delite#primaryimage"},"image":{"@id":"https:\/\/www.africa-press.net\/cotedivoire\/toutes-les-actualites\/en-attendant-le-denouement-de-laffaire-des-gendarmes-detenus-a-ouaga-des-elements-pris-en-flagrant-delit-de-consommation-de-la-drogue-radies-du-corps-delite#primaryimage"},"thumbnailUrl":"https:\/\/static.africa-press.net\/cote\/sites\/43\/2023\/09\/sm_1695639689.71426.jpg","datePublished":"2023-09-25T14:09:28+00:00","dateModified":"2023-09-25T16:00:37+00:00","author":{"@id":"https:\/\/www.africa-press.net\/cotedivoire\/#\/schema\/person\/2b1cf3cd81a31e3cd26889ca66d677f1"},"description":"En attendant le de\u0301nouement de l\u2019affaire des Gendarmes ivoiriens de\u0301tenus depuis mercredi a\u0300 Ouagadougou au Burkina Faso ...","breadcrumb":{"@id":"https:\/\/www.africa-press.net\/cotedivoire\/toutes-les-actualites\/en-attendant-le-denouement-de-laffaire-des-gendarmes-detenus-a-ouaga-des-elements-pris-en-flagrant-delit-de-consommation-de-la-drogue-radies-du-corps-delite#breadcrumb"},"inLanguage":"fr-FR","potentialAction":[{"@type":"ReadAction","target":["https:\/\/www.africa-press.net\/cotedivoire\/toutes-les-actualites\/en-attendant-le-denouement-de-laffaire-des-gendarmes-detenus-a-ouaga-des-elements-pris-en-flagrant-delit-de-consommation-de-la-drogue-radies-du-corps-delite"]}]},{"@type":"ImageObject","inLanguage":"fr-FR","@id":"https:\/\/www.africa-press.net\/cotedivoire\/toutes-les-actualites\/en-attendant-le-denouement-de-laffaire-des-gendarmes-detenus-a-ouaga-des-elements-pris-en-flagrant-delit-de-consommation-de-la-drogue-radies-du-corps-delite#primaryimage","url":"https:\/\/static.africa-press.net\/cote\/sites\/43\/2023\/09\/sm_1695639689.71426.jpg","contentUrl":"https:\/\/static.africa-press.net\/cote\/sites\/43\/2023\/09\/sm_1695639689.71426.jpg","width":720,"height":439,"caption":"En attendant le d\u00e9nouement de l'affaire des Gendarmes d\u00e9tenus \u00e0 Ouaga, des \u00e9l\u00e9ments pris en flagrant d\u00e9lit de consommation de la Drogue radi\u00e9s du corps d'\u00e9lite"},{"@type":"BreadcrumbList","@id":"https:\/\/www.africa-press.net\/cotedivoire\/toutes-les-actualites\/en-attendant-le-denouement-de-laffaire-des-gendarmes-detenus-a-ouaga-des-elements-pris-en-flagrant-delit-de-consommation-de-la-drogue-radies-du-corps-delite#breadcrumb","itemListElement":[{"@type":"ListItem","position":1,"name":"Accueil","item":"https:\/\/www.africa-press.net\/cotedivoire\/"},{"@type":"ListItem","position":2,"name":"En attendant le d\u00e9nouement de l&#8217;affaire des Gendarmes d\u00e9tenus \u00e0 Ouaga, des \u00e9l\u00e9ments pris en flagrant d\u00e9lit de consommation de la Drogue radi\u00e9s du corps d&#8217;\u00e9lite"}]},{"@type":"WebSite","@id":"https:\/\/www.africa-press.net\/cotedivoire\/#website","url":"https:\/\/www.africa-press.net\/cotedivoire\/","name":"C\u00f4te d&#039;Ivoire","description":"Just another Africa News Agency Sites site","potentialAction":[{"@type":"SearchAction","target":{"@type":"EntryPoint","urlTemplate":"https:\/\/www.africa-press.net\/cotedivoire\/?s={search_term_string}"},"query-input":{"@type":"PropertyValueSpecification","valueRequired":true,"valueName":"search_term_string"}}],"inLanguage":"fr-FR"},{"@type":"Person","@id":"https:\/\/www.africa-press.net\/cotedivoire\/#\/schema\/person\/2b1cf3cd81a31e3cd26889ca66d677f1","name":"cfeditorfr"}]}},"_links":{"self":[{"href":"https:\/\/www.africa-press.net\/cotedivoire\/wp-json\/wp\/v2\/posts\/66058","targetHints":{"allow":["GET"]}}],"collection":[{"href":"https:\/\/www.africa-press.net\/cotedivoire\/wp-json\/wp\/v2\/posts"}],"about":[{"href":"https:\/\/www.africa-press.net\/cotedivoire\/wp-json\/wp\/v2\/types\/post"}],"author":[{"embeddable":true,"href":"https:\/\/www.africa-press.net\/cotedivoire\/wp-json\/wp\/v2\/users\/82"}],"replies":[{"embeddable":true,"href":"https:\/\/www.africa-press.net\/cotedivoire\/wp-json\/wp\/v2\/comments?post=66058"}],"version-history":[{"count":0,"href":"https:\/\/www.africa-press.net\/cotedivoire\/wp-json\/wp\/v2\/posts\/66058\/revisions"}],"wp:featuredmedia":[{"embeddable":true,"href":"https:\/\/www.africa-press.net\/cotedivoire\/wp-json\/wp\/v2\/media\/66057"}],"wp:attachment":[{"href":"https:\/\/www.africa-press.net\/cotedivoire\/wp-json\/wp\/v2\/media?parent=66058"}],"wp:term":[{"taxonomy":"category","embeddable":true,"href":"https:\/\/www.africa-press.net\/cotedivoire\/wp-json\/wp\/v2\/categories?post=66058"},{"taxonomy":"post_tag","embeddable":true,"href":"https:\/\/www.africa-press.net\/cotedivoire\/wp-json\/wp\/v2\/tags?post=66058"}],"curies":[{"name":"wp","href":"https:\/\/api.w.org\/{rel}","templated":true}]}}