{"id":66274,"date":"2023-09-27T14:54:50","date_gmt":"2023-09-27T14:54:50","guid":{"rendered":"https:\/\/www.africa-press.net\/cotedivoire\/politique\/la-deuxieme-edition-des-journees-de-la-marque-ivoirienne-innovante-prevue-du-10-au-13-octobre-a-abidjan"},"modified":"2023-09-27T16:20:43","modified_gmt":"2023-09-27T16:20:43","slug":"la-deuxieme-edition-des-journees-de-la-marque-ivoirienne-innovante-prevue-du-10-au-13-octobre-a-abidjan","status":"publish","type":"post","link":"https:\/\/www.africa-press.net\/cotedivoire\/toutes-les-actualites\/la-deuxieme-edition-des-journees-de-la-marque-ivoirienne-innovante-prevue-du-10-au-13-octobre-a-abidjan","title":{"rendered":"La deuxi\u00e8me \u00e9dition des Journ\u00e9es de la marque ivoirienne innovante pr\u00e9vue du 10 au 13 octobre \u00e0 Abidjan"},"content":{"rendered":"<p><span style=\"color: #ff6600\"><strong>Africa-Press &#8211; C\u00f4te d&rsquo;Ivoire. <\/strong><\/span>L&rsquo;Office Ivoirien de la Proprie\u0301te\u0301 Intellectuelle (OIPI), en partenariat avec le Comite\u0301 National de Lutte contre la Contrefac\u0327on (CNLC), le Bureau Ivoirien des Droits d&rsquo;Auteurs (BURIDA) et UNIFAB Abidjan, et avec l&rsquo;appui technique et financier de l&rsquo;Organisation Mondiale de la Proprie\u0301te\u0301 Intellectuelle (OMPI), de l&rsquo;Organisation Africaine de la Proprie\u0301te\u0301 Intellectuelle (OAPI) et de l&rsquo;Institut National de la Proprie\u0301te\u0301 Industrielle de France (INPI), organise la deuxie\u0300me e\u0301dition des JM21 du 10 au 13 octobre 2023 a\u0300 la Maison de l&rsquo;Entreprise de la CGECI, Abidjan-Plateau.<\/p>\n<p>Pour cette e\u0301dition sous le format Grandes Rencontres annuelles de la Proprie\u0301te\u0301 Intellectuelle (GRAPI), le the\u0300me retenu est : : \u00abProprie\u0301te\u0301 intellectuelle et lutte contre la contrefac\u0327on et le piratage : la ne\u0301cessaire mobilisation de TOUS pour un de\u0301veloppement socio-e\u0301conomique et culturel inclusif et durable\u00bb.<\/p>\n<p>Au programme, il est annonce\u0301 la formation des magistrats et directeurs d&rsquo;e\u0301coles de magistrature de 20 pays africains les 10 et Il octobre 2023 sur le dispositif de protection et de de\u0301fense des droits de proprie\u0301te\u0301 intellectuelle ; Un panel de haut niveau sur les pratiques de coope\u0301ration public-prive\u0301 en Afrique et en Europe pour une lutte plus efficace contre la contrefac\u0327on et le piratage le 12 octobre 2023 dans la matine\u0301e ; Cinq ateliers d&rsquo;e\u0301changes et de partage d&rsquo;expe\u0301rience sur les dispositifs de lutte contre la contrefac\u0327on, les enjeux e\u0301conomiques et sanitaires du phe\u0301nome\u0300ne dans diffe\u0301rents secteurs d&rsquo;activite\u0301 : me\u0301dicaments, BTP, pie\u0300ces de\u0301tache\u0301es automobiles, agro-alimentaires, textiles et industries cre\u0301atives et culturelles, les 12 et 13 octobre 2023 ; Un Di\u0302ner de gala the\u0301matique le jeudi 12 octobre 2023.<\/p>\n<p>Les responsables des faitie\u0300res et groupements d&rsquo;entreprises, les Chefs d&rsquo;entreprises, les Responsables administratifs, les experts en proprie\u0301te\u0301 intellectuelle, les juristes, les responsables des associations de consommateurs, les e\u0301tudiants sont attendus a\u0300 cet important e\u0301ve\u0300nement pour des e\u0301changes favorisant une meilleure synergie d&rsquo;actions dans la lutte contre la contrefac\u0327on et le piratage, note-t-on.<\/p>\n<p>Donatien Kautcha, Abidjan<\/p>\n<p><strong>Pour plus d&rsquo;informations et d&rsquo;analyses sur la <a href=\"https:\/\/www.africa-press.net\/cotedivoire\">C\u00f4te d&rsquo;Ivoire<\/a>, suivez <a href=\"https:\/\/www.africa-press.net\/\">Africa-Press<\/a><\/strong><\/p>\n","protected":false},"excerpt":{"rendered":"<p>Africa-Press &#8211; C\u00f4te d&rsquo;Ivoire. L&rsquo;Office Ivoirien de la Proprie\u0301te\u0301 Intellectuelle (OIPI), en partenariat avec le Comite\u0301 National de Lutte contre la Contrefac\u0327on (CNLC), le Bureau Ivoirien des Droits d&rsquo;Auteurs (BURIDA) et UNIFAB Abidjan, et avec l&rsquo;appui technique et financier de l&rsquo;Organisation Mondiale de la Proprie\u0301te\u0301 Intellectuelle (OMPI), de l&rsquo;Organisation Africaine de la Proprie\u0301te\u0301 Intellectuelle (OAPI) [&hellip;]<\/p>\n","protected":false},"author":82,"featured_media":66271,"comment_status":"open","ping_status":"closed","sticky":false,"template":"","format":"standard","meta":{"footnotes":""},"categories":[21,10],"tags":[56,63,1401,11321,29,7257,1554,11322,8087,11323],"class_list":["post-66274","post","type-post","status-publish","format-standard","has-post-thumbnail","hentry","category-communaute","category-toutes-les-actualites","tag-africa-press","tag-africa-press-cote-divoire","tag-burida","tag-cnlc","tag-cote-divoire","tag-ivoirienne","tag-journees","tag-marque","tag-oipi","tag-ompi"],"yoast_head":"<!-- This site is optimized with the Yoast SEO Premium plugin v26.1 (Yoast SEO v27.0) - https:\/\/yoast.com\/product\/yoast-seo-premium-wordpress\/ -->\n<title>La deuxi\u00e8me \u00e9dition des Journ\u00e9es de la marque ivoirienne innovante pr\u00e9vue du 10 au 13 octobre \u00e0 Abidjan - C\u00f4te d&#039;Ivoire<\/title>\n<meta name=\"description\" content=\"L&#039;Office Ivoirien de la Proprie\u0301te\u0301 Intellectuelle (OIPI), en partenariat avec le Comite\u0301 National de Lutte contre la Co ...\" \/>\n<meta name=\"robots\" content=\"index, follow, max-snippet:-1, max-image-preview:large, max-video-preview:-1\" \/>\n<link rel=\"canonical\" href=\"https:\/\/www.africa-press.net\/cotedivoire\/toutes-les-actualites\/la-deuxieme-edition-des-journees-de-la-marque-ivoirienne-innovante-prevue-du-10-au-13-octobre-a-abidjan\" \/>\n<meta property=\"og:locale\" content=\"fr_FR\" \/>\n<meta property=\"og:type\" content=\"article\" \/>\n<meta property=\"og:title\" content=\"La deuxi\u00e8me \u00e9dition des Journ\u00e9es de la marque ivoirienne innovante pr\u00e9vue du 10 au 13 octobre \u00e0 Abidjan\" \/>\n<meta property=\"og:description\" content=\"L&#039;Office Ivoirien de la Proprie\u0301te\u0301 Intellectuelle (OIPI), en partenariat avec le Comite\u0301 National de Lutte contre la Co ...\" \/>\n<meta property=\"og:url\" content=\"https:\/\/www.africa-press.net\/cotedivoire\/toutes-les-actualites\/la-deuxieme-edition-des-journees-de-la-marque-ivoirienne-innovante-prevue-du-10-au-13-octobre-a-abidjan\" \/>\n<meta property=\"og:site_name\" content=\"C\u00f4te d&#039;Ivoire\" \/>\n<meta property=\"article:published_time\" content=\"2023-09-27T14:54:50+00:00\" \/>\n<meta property=\"article:modified_time\" content=\"2023-09-27T16:20:43+00:00\" \/>\n<meta property=\"og:image\" content=\"https:\/\/static.africa-press.net\/cote\/sites\/43\/2023\/09\/sm_1695818952.044081.jpg\" \/>\n\t<meta property=\"og:image:width\" content=\"720\" \/>\n\t<meta property=\"og:image:height\" content=\"480\" \/>\n\t<meta property=\"og:image:type\" content=\"image\/jpeg\" \/>\n<meta name=\"author\" content=\"cfeditorfr\" \/>\n<meta name=\"twitter:card\" content=\"summary_large_image\" \/>\n<meta name=\"twitter:label1\" content=\"\u00c9crit par\" \/>\n\t<meta name=\"twitter:data1\" content=\"cfeditorfr\" \/>\n\t<meta name=\"twitter:label2\" content=\"Dur\u00e9e de lecture estim\u00e9e\" \/>\n\t<meta name=\"twitter:data2\" content=\"2 minutes\" \/>\n<script type=\"application\/ld+json\" class=\"yoast-schema-graph\">{\"@context\":\"https:\/\/schema.org\",\"@graph\":[{\"@type\":\"Article\",\"@id\":\"https:\/\/www.africa-press.net\/cotedivoire\/toutes-les-actualites\/la-deuxieme-edition-des-journees-de-la-marque-ivoirienne-innovante-prevue-du-10-au-13-octobre-a-abidjan#article\",\"isPartOf\":{\"@id\":\"https:\/\/www.africa-press.net\/cotedivoire\/toutes-les-actualites\/la-deuxieme-edition-des-journees-de-la-marque-ivoirienne-innovante-prevue-du-10-au-13-octobre-a-abidjan\"},\"author\":{\"name\":\"cfeditorfr\",\"@id\":\"https:\/\/www.africa-press.net\/cotedivoire\/#\/schema\/person\/2b1cf3cd81a31e3cd26889ca66d677f1\"},\"headline\":\"La deuxi\u00e8me \u00e9dition des Journ\u00e9es de la marque ivoirienne innovante pr\u00e9vue du 10 au 13 octobre \u00e0 Abidjan\",\"datePublished\":\"2023-09-27T14:54:50+00:00\",\"dateModified\":\"2023-09-27T16:20:43+00:00\",\"mainEntityOfPage\":{\"@id\":\"https:\/\/www.africa-press.net\/cotedivoire\/toutes-les-actualites\/la-deuxieme-edition-des-journees-de-la-marque-ivoirienne-innovante-prevue-du-10-au-13-octobre-a-abidjan\"},\"wordCount\":387,\"commentCount\":0,\"image\":{\"@id\":\"https:\/\/www.africa-press.net\/cotedivoire\/toutes-les-actualites\/la-deuxieme-edition-des-journees-de-la-marque-ivoirienne-innovante-prevue-du-10-au-13-octobre-a-abidjan#primaryimage\"},\"thumbnailUrl\":\"https:\/\/static.africa-press.net\/cote\/sites\/43\/2023\/09\/sm_1695818952.044081.jpg\",\"keywords\":[\"Africa Press\",\"Africa Press-C\u00f4te d'Ivoire\",\"Burida\",\"CNLC\",\"C\u00d4TE D'IVOIRE\",\"ivoirienne\",\"journ\u00e9es\",\"marque\",\"OIPI\",\"OMPI\"],\"articleSection\":[\"Communaut\u00e9\",\"Toutes les actualit\u00e9s\"],\"inLanguage\":\"fr-FR\",\"potentialAction\":[{\"@type\":\"CommentAction\",\"name\":\"Comment\",\"target\":[\"https:\/\/www.africa-press.net\/cotedivoire\/toutes-les-actualites\/la-deuxieme-edition-des-journees-de-la-marque-ivoirienne-innovante-prevue-du-10-au-13-octobre-a-abidjan#respond\"]}]},{\"@type\":\"WebPage\",\"@id\":\"https:\/\/www.africa-press.net\/cotedivoire\/toutes-les-actualites\/la-deuxieme-edition-des-journees-de-la-marque-ivoirienne-innovante-prevue-du-10-au-13-octobre-a-abidjan\",\"url\":\"https:\/\/www.africa-press.net\/cotedivoire\/toutes-les-actualites\/la-deuxieme-edition-des-journees-de-la-marque-ivoirienne-innovante-prevue-du-10-au-13-octobre-a-abidjan\",\"name\":\"La deuxi\u00e8me \u00e9dition des Journ\u00e9es de la marque ivoirienne innovante pr\u00e9vue du 10 au 13 octobre \u00e0 Abidjan - C\u00f4te d&#039;Ivoire\",\"isPartOf\":{\"@id\":\"https:\/\/www.africa-press.net\/cotedivoire\/#website\"},\"primaryImageOfPage\":{\"@id\":\"https:\/\/www.africa-press.net\/cotedivoire\/toutes-les-actualites\/la-deuxieme-edition-des-journees-de-la-marque-ivoirienne-innovante-prevue-du-10-au-13-octobre-a-abidjan#primaryimage\"},\"image\":{\"@id\":\"https:\/\/www.africa-press.net\/cotedivoire\/toutes-les-actualites\/la-deuxieme-edition-des-journees-de-la-marque-ivoirienne-innovante-prevue-du-10-au-13-octobre-a-abidjan#primaryimage\"},\"thumbnailUrl\":\"https:\/\/static.africa-press.net\/cote\/sites\/43\/2023\/09\/sm_1695818952.044081.jpg\",\"datePublished\":\"2023-09-27T14:54:50+00:00\",\"dateModified\":\"2023-09-27T16:20:43+00:00\",\"author\":{\"@id\":\"https:\/\/www.africa-press.net\/cotedivoire\/#\/schema\/person\/2b1cf3cd81a31e3cd26889ca66d677f1\"},\"description\":\"L'Office Ivoirien de la Proprie\u0301te\u0301 Intellectuelle (OIPI), en partenariat avec le Comite\u0301 National de Lutte contre la Co ...\",\"breadcrumb\":{\"@id\":\"https:\/\/www.africa-press.net\/cotedivoire\/toutes-les-actualites\/la-deuxieme-edition-des-journees-de-la-marque-ivoirienne-innovante-prevue-du-10-au-13-octobre-a-abidjan#breadcrumb\"},\"inLanguage\":\"fr-FR\",\"potentialAction\":[{\"@type\":\"ReadAction\",\"target\":[\"https:\/\/www.africa-press.net\/cotedivoire\/toutes-les-actualites\/la-deuxieme-edition-des-journees-de-la-marque-ivoirienne-innovante-prevue-du-10-au-13-octobre-a-abidjan\"]}]},{\"@type\":\"ImageObject\",\"inLanguage\":\"fr-FR\",\"@id\":\"https:\/\/www.africa-press.net\/cotedivoire\/toutes-les-actualites\/la-deuxieme-edition-des-journees-de-la-marque-ivoirienne-innovante-prevue-du-10-au-13-octobre-a-abidjan#primaryimage\",\"url\":\"https:\/\/static.africa-press.net\/cote\/sites\/43\/2023\/09\/sm_1695818952.044081.jpg\",\"contentUrl\":\"https:\/\/static.africa-press.net\/cote\/sites\/43\/2023\/09\/sm_1695818952.044081.jpg\",\"width\":720,\"height\":480,\"caption\":\"La deuxi\u00e8me \u00e9dition des Journ\u00e9es de la marque ivoirienne innovante pr\u00e9vue du 10 au 13 octobre \u00e0 Abidjan\"},{\"@type\":\"BreadcrumbList\",\"@id\":\"https:\/\/www.africa-press.net\/cotedivoire\/toutes-les-actualites\/la-deuxieme-edition-des-journees-de-la-marque-ivoirienne-innovante-prevue-du-10-au-13-octobre-a-abidjan#breadcrumb\",\"itemListElement\":[{\"@type\":\"ListItem\",\"position\":1,\"name\":\"Accueil\",\"item\":\"https:\/\/www.africa-press.net\/cotedivoire\/\"},{\"@type\":\"ListItem\",\"position\":2,\"name\":\"La deuxi\u00e8me \u00e9dition des Journ\u00e9es de la marque ivoirienne innovante pr\u00e9vue du 10 au 13 octobre \u00e0 Abidjan\"}]},{\"@type\":\"WebSite\",\"@id\":\"https:\/\/www.africa-press.net\/cotedivoire\/#website\",\"url\":\"https:\/\/www.africa-press.net\/cotedivoire\/\",\"name\":\"C\u00f4te d&#039;Ivoire\",\"description\":\"Just another Africa News Agency Sites site\",\"potentialAction\":[{\"@type\":\"SearchAction\",\"target\":{\"@type\":\"EntryPoint\",\"urlTemplate\":\"https:\/\/www.africa-press.net\/cotedivoire\/?s={search_term_string}\"},\"query-input\":{\"@type\":\"PropertyValueSpecification\",\"valueRequired\":true,\"valueName\":\"search_term_string\"}}],\"inLanguage\":\"fr-FR\"},{\"@type\":\"Person\",\"@id\":\"https:\/\/www.africa-press.net\/cotedivoire\/#\/schema\/person\/2b1cf3cd81a31e3cd26889ca66d677f1\",\"name\":\"cfeditorfr\"}]}<\/script>\n<!-- \/ Yoast SEO Premium plugin. -->","yoast_head_json":{"title":"La deuxi\u00e8me \u00e9dition des Journ\u00e9es de la marque ivoirienne innovante pr\u00e9vue du 10 au 13 octobre \u00e0 Abidjan - C\u00f4te d&#039;Ivoire","description":"L'Office Ivoirien de la Proprie\u0301te\u0301 Intellectuelle (OIPI), en partenariat avec le Comite\u0301 National de Lutte contre la Co ...","robots":{"index":"index","follow":"follow","max-snippet":"max-snippet:-1","max-image-preview":"max-image-preview:large","max-video-preview":"max-video-preview:-1"},"canonical":"https:\/\/www.africa-press.net\/cotedivoire\/toutes-les-actualites\/la-deuxieme-edition-des-journees-de-la-marque-ivoirienne-innovante-prevue-du-10-au-13-octobre-a-abidjan","og_locale":"fr_FR","og_type":"article","og_title":"La deuxi\u00e8me \u00e9dition des Journ\u00e9es de la marque ivoirienne innovante pr\u00e9vue du 10 au 13 octobre \u00e0 Abidjan","og_description":"L'Office Ivoirien de la Proprie\u0301te\u0301 Intellectuelle (OIPI), en partenariat avec le Comite\u0301 National de Lutte contre la Co ...","og_url":"https:\/\/www.africa-press.net\/cotedivoire\/toutes-les-actualites\/la-deuxieme-edition-des-journees-de-la-marque-ivoirienne-innovante-prevue-du-10-au-13-octobre-a-abidjan","og_site_name":"C\u00f4te d&#039;Ivoire","article_published_time":"2023-09-27T14:54:50+00:00","article_modified_time":"2023-09-27T16:20:43+00:00","og_image":[{"width":720,"height":480,"url":"https:\/\/static.africa-press.net\/cote\/sites\/43\/2023\/09\/sm_1695818952.044081.jpg","type":"image\/jpeg"}],"author":"cfeditorfr","twitter_card":"summary_large_image","twitter_misc":{"\u00c9crit par":"cfeditorfr","Dur\u00e9e de lecture estim\u00e9e":"2 minutes"},"schema":{"@context":"https:\/\/schema.org","@graph":[{"@type":"Article","@id":"https:\/\/www.africa-press.net\/cotedivoire\/toutes-les-actualites\/la-deuxieme-edition-des-journees-de-la-marque-ivoirienne-innovante-prevue-du-10-au-13-octobre-a-abidjan#article","isPartOf":{"@id":"https:\/\/www.africa-press.net\/cotedivoire\/toutes-les-actualites\/la-deuxieme-edition-des-journees-de-la-marque-ivoirienne-innovante-prevue-du-10-au-13-octobre-a-abidjan"},"author":{"name":"cfeditorfr","@id":"https:\/\/www.africa-press.net\/cotedivoire\/#\/schema\/person\/2b1cf3cd81a31e3cd26889ca66d677f1"},"headline":"La deuxi\u00e8me \u00e9dition des Journ\u00e9es de la marque ivoirienne innovante pr\u00e9vue du 10 au 13 octobre \u00e0 Abidjan","datePublished":"2023-09-27T14:54:50+00:00","dateModified":"2023-09-27T16:20:43+00:00","mainEntityOfPage":{"@id":"https:\/\/www.africa-press.net\/cotedivoire\/toutes-les-actualites\/la-deuxieme-edition-des-journees-de-la-marque-ivoirienne-innovante-prevue-du-10-au-13-octobre-a-abidjan"},"wordCount":387,"commentCount":0,"image":{"@id":"https:\/\/www.africa-press.net\/cotedivoire\/toutes-les-actualites\/la-deuxieme-edition-des-journees-de-la-marque-ivoirienne-innovante-prevue-du-10-au-13-octobre-a-abidjan#primaryimage"},"thumbnailUrl":"https:\/\/static.africa-press.net\/cote\/sites\/43\/2023\/09\/sm_1695818952.044081.jpg","keywords":["Africa Press","Africa Press-C\u00f4te d'Ivoire","Burida","CNLC","C\u00d4TE D'IVOIRE","ivoirienne","journ\u00e9es","marque","OIPI","OMPI"],"articleSection":["Communaut\u00e9","Toutes les actualit\u00e9s"],"inLanguage":"fr-FR","potentialAction":[{"@type":"CommentAction","name":"Comment","target":["https:\/\/www.africa-press.net\/cotedivoire\/toutes-les-actualites\/la-deuxieme-edition-des-journees-de-la-marque-ivoirienne-innovante-prevue-du-10-au-13-octobre-a-abidjan#respond"]}]},{"@type":"WebPage","@id":"https:\/\/www.africa-press.net\/cotedivoire\/toutes-les-actualites\/la-deuxieme-edition-des-journees-de-la-marque-ivoirienne-innovante-prevue-du-10-au-13-octobre-a-abidjan","url":"https:\/\/www.africa-press.net\/cotedivoire\/toutes-les-actualites\/la-deuxieme-edition-des-journees-de-la-marque-ivoirienne-innovante-prevue-du-10-au-13-octobre-a-abidjan","name":"La deuxi\u00e8me \u00e9dition des Journ\u00e9es de la marque ivoirienne innovante pr\u00e9vue du 10 au 13 octobre \u00e0 Abidjan - C\u00f4te d&#039;Ivoire","isPartOf":{"@id":"https:\/\/www.africa-press.net\/cotedivoire\/#website"},"primaryImageOfPage":{"@id":"https:\/\/www.africa-press.net\/cotedivoire\/toutes-les-actualites\/la-deuxieme-edition-des-journees-de-la-marque-ivoirienne-innovante-prevue-du-10-au-13-octobre-a-abidjan#primaryimage"},"image":{"@id":"https:\/\/www.africa-press.net\/cotedivoire\/toutes-les-actualites\/la-deuxieme-edition-des-journees-de-la-marque-ivoirienne-innovante-prevue-du-10-au-13-octobre-a-abidjan#primaryimage"},"thumbnailUrl":"https:\/\/static.africa-press.net\/cote\/sites\/43\/2023\/09\/sm_1695818952.044081.jpg","datePublished":"2023-09-27T14:54:50+00:00","dateModified":"2023-09-27T16:20:43+00:00","author":{"@id":"https:\/\/www.africa-press.net\/cotedivoire\/#\/schema\/person\/2b1cf3cd81a31e3cd26889ca66d677f1"},"description":"L'Office Ivoirien de la Proprie\u0301te\u0301 Intellectuelle (OIPI), en partenariat avec le Comite\u0301 National de Lutte contre la Co ...","breadcrumb":{"@id":"https:\/\/www.africa-press.net\/cotedivoire\/toutes-les-actualites\/la-deuxieme-edition-des-journees-de-la-marque-ivoirienne-innovante-prevue-du-10-au-13-octobre-a-abidjan#breadcrumb"},"inLanguage":"fr-FR","potentialAction":[{"@type":"ReadAction","target":["https:\/\/www.africa-press.net\/cotedivoire\/toutes-les-actualites\/la-deuxieme-edition-des-journees-de-la-marque-ivoirienne-innovante-prevue-du-10-au-13-octobre-a-abidjan"]}]},{"@type":"ImageObject","inLanguage":"fr-FR","@id":"https:\/\/www.africa-press.net\/cotedivoire\/toutes-les-actualites\/la-deuxieme-edition-des-journees-de-la-marque-ivoirienne-innovante-prevue-du-10-au-13-octobre-a-abidjan#primaryimage","url":"https:\/\/static.africa-press.net\/cote\/sites\/43\/2023\/09\/sm_1695818952.044081.jpg","contentUrl":"https:\/\/static.africa-press.net\/cote\/sites\/43\/2023\/09\/sm_1695818952.044081.jpg","width":720,"height":480,"caption":"La deuxi\u00e8me \u00e9dition des Journ\u00e9es de la marque ivoirienne innovante pr\u00e9vue du 10 au 13 octobre \u00e0 Abidjan"},{"@type":"BreadcrumbList","@id":"https:\/\/www.africa-press.net\/cotedivoire\/toutes-les-actualites\/la-deuxieme-edition-des-journees-de-la-marque-ivoirienne-innovante-prevue-du-10-au-13-octobre-a-abidjan#breadcrumb","itemListElement":[{"@type":"ListItem","position":1,"name":"Accueil","item":"https:\/\/www.africa-press.net\/cotedivoire\/"},{"@type":"ListItem","position":2,"name":"La deuxi\u00e8me \u00e9dition des Journ\u00e9es de la marque ivoirienne innovante pr\u00e9vue du 10 au 13 octobre \u00e0 Abidjan"}]},{"@type":"WebSite","@id":"https:\/\/www.africa-press.net\/cotedivoire\/#website","url":"https:\/\/www.africa-press.net\/cotedivoire\/","name":"C\u00f4te d&#039;Ivoire","description":"Just another Africa News Agency Sites site","potentialAction":[{"@type":"SearchAction","target":{"@type":"EntryPoint","urlTemplate":"https:\/\/www.africa-press.net\/cotedivoire\/?s={search_term_string}"},"query-input":{"@type":"PropertyValueSpecification","valueRequired":true,"valueName":"search_term_string"}}],"inLanguage":"fr-FR"},{"@type":"Person","@id":"https:\/\/www.africa-press.net\/cotedivoire\/#\/schema\/person\/2b1cf3cd81a31e3cd26889ca66d677f1","name":"cfeditorfr"}]}},"_links":{"self":[{"href":"https:\/\/www.africa-press.net\/cotedivoire\/wp-json\/wp\/v2\/posts\/66274","targetHints":{"allow":["GET"]}}],"collection":[{"href":"https:\/\/www.africa-press.net\/cotedivoire\/wp-json\/wp\/v2\/posts"}],"about":[{"href":"https:\/\/www.africa-press.net\/cotedivoire\/wp-json\/wp\/v2\/types\/post"}],"author":[{"embeddable":true,"href":"https:\/\/www.africa-press.net\/cotedivoire\/wp-json\/wp\/v2\/users\/82"}],"replies":[{"embeddable":true,"href":"https:\/\/www.africa-press.net\/cotedivoire\/wp-json\/wp\/v2\/comments?post=66274"}],"version-history":[{"count":0,"href":"https:\/\/www.africa-press.net\/cotedivoire\/wp-json\/wp\/v2\/posts\/66274\/revisions"}],"wp:featuredmedia":[{"embeddable":true,"href":"https:\/\/www.africa-press.net\/cotedivoire\/wp-json\/wp\/v2\/media\/66271"}],"wp:attachment":[{"href":"https:\/\/www.africa-press.net\/cotedivoire\/wp-json\/wp\/v2\/media?parent=66274"}],"wp:term":[{"taxonomy":"category","embeddable":true,"href":"https:\/\/www.africa-press.net\/cotedivoire\/wp-json\/wp\/v2\/categories?post=66274"},{"taxonomy":"post_tag","embeddable":true,"href":"https:\/\/www.africa-press.net\/cotedivoire\/wp-json\/wp\/v2\/tags?post=66274"}],"curies":[{"name":"wp","href":"https:\/\/api.w.org\/{rel}","templated":true}]}}