{"id":66720,"date":"2023-10-02T16:25:51","date_gmt":"2023-10-02T16:25:51","guid":{"rendered":"https:\/\/www.africa-press.net\/cotedivoire\/politique\/ministere-des-eaux-et-forets-des-syndicalistes-annoncent-un-preavis-de-greve-a-partir-du-15-octobre-prochain"},"modified":"2023-10-02T17:12:52","modified_gmt":"2023-10-02T17:12:52","slug":"ministere-des-eaux-et-forets-des-syndicalistes-annoncent-un-preavis-de-greve-a-partir-du-15-octobre-prochain","status":"publish","type":"post","link":"https:\/\/www.africa-press.net\/cotedivoire\/toutes-les-actualites\/ministere-des-eaux-et-forets-des-syndicalistes-annoncent-un-preavis-de-greve-a-partir-du-15-octobre-prochain","title":{"rendered":"Minist\u00e8re des Eaux et For\u00eats, des syndicalistes annoncent un pr\u00e9avis de gr\u00e8ve \u00e0 partir du 15 octobre prochain"},"content":{"rendered":"<p><span style=\"color: #ff6600\"><strong>Africa-Press &#8211; C\u00f4te d&rsquo;Ivoire. <\/strong><\/span>Va-t-on vers des jours qui ne seront pas du tout repos pour le Ministre des Eaux et Fore\u0302ts Laurent Tchagba.<\/p>\n<p>Les informations en notre possession annoncent les journe\u0301es mouvemente\u0301es a\u0300 parti du 15 octobre 2023.<\/p>\n<p>Le Synajustef, Synaefci, Synatefci, Saefci, Synaparci et Ufor, tous des syndicats du ministe\u0300re des Eaux et Fore\u0302ts de Co\u0302te d\u2019Ivoire. Ils ont de\u0301cide\u0301 d\u2019ouvrir des actions judiciaires et de de\u0301poser un pre\u0301avis de gre\u0300ve a\u0300 partir du 15 octobre 2023, a-t-on appris de sources concordantes.<\/p>\n<p>\u00ab La re\u0301cre\u0301ation est termine\u0301e. Nous allons prendre les de\u0301cisions qu\u2019il faut pour re\u0301clamer tout ce qui nous revient de droit. Plus question de laisser quelqu&rsquo;un ponctionner nos salaires sans notre accord. Nous n&rsquo;accepterons plus d\u2019e\u0302tre abuse\u0301s \u00bb, a indique\u0301 un syndicaliste.<\/p>\n<p>Les syndicalistes entendent apporter ainsi une re\u0301plique aux pre\u0301comptes obligatoires sur salaires initie\u0301s depuis juillet 2023, \u00ab sans l\u2019accord des Agents Techniques \u00bb, au profit d\u2019un nouveau Fonds de Pre\u0301voyances.<\/p>\n<p>Pour se faire, ils ont e\u0301tabli un chronogramme d\u2019action qui pre\u0301voit dans un premier temps, une rencontre explicative sur la le\u0301galite\u0301 des pre\u0301le\u0300vements effectue\u0301s sans signature pre\u0301alable avec le directeur de la solde, le mercredi 4 octobre 2023.<\/p>\n<p>A les en croire, c\u2019est courant fe\u0301vrier 2023, qu\u2019ils ont appris qu\u2019il se pre\u0301parerait des pre\u0301le\u0300vements sur les salaires des agents pour le compte du fonds.<\/p>\n<p>Le 06 mars, ils disent avoir saisi leur ministre de tutelle pour exprimer l\u2019opposition des agents dans leur majorite\u0301 par des courriers avec ampliation au directeur Ge\u0301ne\u0301rale de la solde, aux ministe\u0300res de l\u2019environnement, du de\u0301veloppement durable et celui de la fonction publique.<\/p>\n<p>Seule Mme la ministre Anne Ouloto de la fonction leur a re\u0301pondu en proposant traiter cette question dans le cadre du dialogue intersectoriel du ministe\u0300re.<\/p>\n<p>Malheureusement, selon eux, c\u2019est a\u0300 partir du 22 juillet, alors que le directeur des Ressources Humaines et de la Formation (DRHF) e\u0301tait en me\u0301diation, des pre\u0301comptes ont de\u0301marre\u0301, sans aucun engagement des agents.<\/p>\n<p>Les syndicalistes re\u0301clament en plus de l&rsquo;arre\u0302t des ponctions, la trac\u0327abilite\u0301 dans la gestion de leur re\u0301gie d&rsquo;avance et de recettes et la mise en place d\u2019un Re\u0300glement Ge\u0301ne\u0301ral des Eaux et Fore\u0302ts.<\/p>\n<p>Donatien Kautcha, Abidjan<\/p>\n<p><strong>Pour plus d&rsquo;informations et d&rsquo;analyses sur la <a href=\"https:\/\/www.africa-press.net\/cotedivoire\">C\u00f4te d&rsquo;Ivoire<\/a>, suivez <a href=\"https:\/\/www.africa-press.net\/\">Africa-Press<\/a><\/strong><\/p>\n","protected":false},"excerpt":{"rendered":"<p>Africa-Press &#8211; C\u00f4te d&rsquo;Ivoire. Va-t-on vers des jours qui ne seront pas du tout repos pour le Ministre des Eaux et Fore\u0302ts Laurent Tchagba. Les informations en notre possession annoncent les journe\u0301es mouvemente\u0301es a\u0300 parti du 15 octobre 2023. Le Synajustef, Synaefci, Synatefci, Saefci, Synaparci et Ufor, tous des syndicats du ministe\u0300re des Eaux et [&hellip;]<\/p>\n","protected":false},"author":82,"featured_media":66718,"comment_status":"open","ping_status":"closed","sticky":false,"template":"","format":"standard","meta":{"footnotes":""},"categories":[21,10],"tags":[56,63,29,554,678,588,1686],"class_list":["post-66720","post","type-post","status-publish","format-standard","has-post-thumbnail","hentry","category-communaute","category-toutes-les-actualites","tag-africa-press","tag-africa-press-cote-divoire","tag-cote-divoire","tag-greve","tag-laurent-tchagba","tag-preavis","tag-syndicalistes"],"yoast_head":"<!-- This site is optimized with the Yoast SEO Premium plugin v26.1 (Yoast SEO v27.0) - https:\/\/yoast.com\/product\/yoast-seo-premium-wordpress\/ -->\n<title>Minist\u00e8re des Eaux et For\u00eats, des syndicalistes annoncent un pr\u00e9avis de gr\u00e8ve \u00e0 partir du 15 octobre prochain - C\u00f4te d&#039;Ivoire<\/title>\n<meta name=\"description\" content=\"Va-t-on vers des jours qui ne seront pas du tout repos pour le Ministre des Eaux et Fore\u0302ts Laurent Tchagba. Les inform ...\" \/>\n<meta name=\"robots\" content=\"index, follow, max-snippet:-1, max-image-preview:large, max-video-preview:-1\" \/>\n<link rel=\"canonical\" href=\"https:\/\/www.africa-press.net\/cotedivoire\/toutes-les-actualites\/ministere-des-eaux-et-forets-des-syndicalistes-annoncent-un-preavis-de-greve-a-partir-du-15-octobre-prochain\" \/>\n<meta property=\"og:locale\" content=\"fr_FR\" \/>\n<meta property=\"og:type\" content=\"article\" \/>\n<meta property=\"og:title\" content=\"Minist\u00e8re des Eaux et For\u00eats, des syndicalistes annoncent un pr\u00e9avis de gr\u00e8ve \u00e0 partir du 15 octobre prochain\" \/>\n<meta property=\"og:description\" content=\"Va-t-on vers des jours qui ne seront pas du tout repos pour le Ministre des Eaux et Fore\u0302ts Laurent Tchagba. Les inform ...\" \/>\n<meta property=\"og:url\" content=\"https:\/\/www.africa-press.net\/cotedivoire\/toutes-les-actualites\/ministere-des-eaux-et-forets-des-syndicalistes-annoncent-un-preavis-de-greve-a-partir-du-15-octobre-prochain\" \/>\n<meta property=\"og:site_name\" content=\"C\u00f4te d&#039;Ivoire\" \/>\n<meta property=\"article:published_time\" content=\"2023-10-02T16:25:51+00:00\" \/>\n<meta property=\"article:modified_time\" content=\"2023-10-02T17:12:52+00:00\" \/>\n<meta property=\"og:image\" content=\"https:\/\/static.africa-press.net\/cote\/sites\/43\/2023\/10\/sm_1696254144.661068.jpg\" \/>\n\t<meta property=\"og:image:width\" content=\"720\" \/>\n\t<meta property=\"og:image:height\" content=\"363\" \/>\n\t<meta property=\"og:image:type\" content=\"image\/jpeg\" \/>\n<meta name=\"author\" content=\"cfeditorfr\" \/>\n<meta name=\"twitter:card\" content=\"summary_large_image\" \/>\n<meta name=\"twitter:label1\" content=\"\u00c9crit par\" \/>\n\t<meta name=\"twitter:data1\" content=\"cfeditorfr\" \/>\n\t<meta name=\"twitter:label2\" content=\"Dur\u00e9e de lecture estim\u00e9e\" \/>\n\t<meta name=\"twitter:data2\" content=\"2 minutes\" \/>\n<script type=\"application\/ld+json\" class=\"yoast-schema-graph\">{\"@context\":\"https:\/\/schema.org\",\"@graph\":[{\"@type\":\"Article\",\"@id\":\"https:\/\/www.africa-press.net\/cotedivoire\/toutes-les-actualites\/ministere-des-eaux-et-forets-des-syndicalistes-annoncent-un-preavis-de-greve-a-partir-du-15-octobre-prochain#article\",\"isPartOf\":{\"@id\":\"https:\/\/www.africa-press.net\/cotedivoire\/toutes-les-actualites\/ministere-des-eaux-et-forets-des-syndicalistes-annoncent-un-preavis-de-greve-a-partir-du-15-octobre-prochain\"},\"author\":{\"name\":\"cfeditorfr\",\"@id\":\"https:\/\/www.africa-press.net\/cotedivoire\/#\/schema\/person\/2b1cf3cd81a31e3cd26889ca66d677f1\"},\"headline\":\"Minist\u00e8re des Eaux et For\u00eats, des syndicalistes annoncent un pr\u00e9avis de gr\u00e8ve \u00e0 partir du 15 octobre prochain\",\"datePublished\":\"2023-10-02T16:25:51+00:00\",\"dateModified\":\"2023-10-02T17:12:52+00:00\",\"mainEntityOfPage\":{\"@id\":\"https:\/\/www.africa-press.net\/cotedivoire\/toutes-les-actualites\/ministere-des-eaux-et-forets-des-syndicalistes-annoncent-un-preavis-de-greve-a-partir-du-15-octobre-prochain\"},\"wordCount\":448,\"commentCount\":0,\"image\":{\"@id\":\"https:\/\/www.africa-press.net\/cotedivoire\/toutes-les-actualites\/ministere-des-eaux-et-forets-des-syndicalistes-annoncent-un-preavis-de-greve-a-partir-du-15-octobre-prochain#primaryimage\"},\"thumbnailUrl\":\"https:\/\/static.africa-press.net\/cote\/sites\/43\/2023\/10\/sm_1696254144.661068.jpg\",\"keywords\":[\"Africa Press\",\"Africa Press-C\u00f4te d'Ivoire\",\"C\u00d4TE D'IVOIRE\",\"gr\u00e8ve\",\"Laurent Tchagba\",\"pr\u00e9avis\",\"syndicalistes\"],\"articleSection\":[\"Communaut\u00e9\",\"Toutes les actualit\u00e9s\"],\"inLanguage\":\"fr-FR\",\"potentialAction\":[{\"@type\":\"CommentAction\",\"name\":\"Comment\",\"target\":[\"https:\/\/www.africa-press.net\/cotedivoire\/toutes-les-actualites\/ministere-des-eaux-et-forets-des-syndicalistes-annoncent-un-preavis-de-greve-a-partir-du-15-octobre-prochain#respond\"]}]},{\"@type\":\"WebPage\",\"@id\":\"https:\/\/www.africa-press.net\/cotedivoire\/toutes-les-actualites\/ministere-des-eaux-et-forets-des-syndicalistes-annoncent-un-preavis-de-greve-a-partir-du-15-octobre-prochain\",\"url\":\"https:\/\/www.africa-press.net\/cotedivoire\/toutes-les-actualites\/ministere-des-eaux-et-forets-des-syndicalistes-annoncent-un-preavis-de-greve-a-partir-du-15-octobre-prochain\",\"name\":\"Minist\u00e8re des Eaux et For\u00eats, des syndicalistes annoncent un pr\u00e9avis de gr\u00e8ve \u00e0 partir du 15 octobre prochain - C\u00f4te d&#039;Ivoire\",\"isPartOf\":{\"@id\":\"https:\/\/www.africa-press.net\/cotedivoire\/#website\"},\"primaryImageOfPage\":{\"@id\":\"https:\/\/www.africa-press.net\/cotedivoire\/toutes-les-actualites\/ministere-des-eaux-et-forets-des-syndicalistes-annoncent-un-preavis-de-greve-a-partir-du-15-octobre-prochain#primaryimage\"},\"image\":{\"@id\":\"https:\/\/www.africa-press.net\/cotedivoire\/toutes-les-actualites\/ministere-des-eaux-et-forets-des-syndicalistes-annoncent-un-preavis-de-greve-a-partir-du-15-octobre-prochain#primaryimage\"},\"thumbnailUrl\":\"https:\/\/static.africa-press.net\/cote\/sites\/43\/2023\/10\/sm_1696254144.661068.jpg\",\"datePublished\":\"2023-10-02T16:25:51+00:00\",\"dateModified\":\"2023-10-02T17:12:52+00:00\",\"author\":{\"@id\":\"https:\/\/www.africa-press.net\/cotedivoire\/#\/schema\/person\/2b1cf3cd81a31e3cd26889ca66d677f1\"},\"description\":\"Va-t-on vers des jours qui ne seront pas du tout repos pour le Ministre des Eaux et Fore\u0302ts Laurent Tchagba. Les inform ...\",\"breadcrumb\":{\"@id\":\"https:\/\/www.africa-press.net\/cotedivoire\/toutes-les-actualites\/ministere-des-eaux-et-forets-des-syndicalistes-annoncent-un-preavis-de-greve-a-partir-du-15-octobre-prochain#breadcrumb\"},\"inLanguage\":\"fr-FR\",\"potentialAction\":[{\"@type\":\"ReadAction\",\"target\":[\"https:\/\/www.africa-press.net\/cotedivoire\/toutes-les-actualites\/ministere-des-eaux-et-forets-des-syndicalistes-annoncent-un-preavis-de-greve-a-partir-du-15-octobre-prochain\"]}]},{\"@type\":\"ImageObject\",\"inLanguage\":\"fr-FR\",\"@id\":\"https:\/\/www.africa-press.net\/cotedivoire\/toutes-les-actualites\/ministere-des-eaux-et-forets-des-syndicalistes-annoncent-un-preavis-de-greve-a-partir-du-15-octobre-prochain#primaryimage\",\"url\":\"https:\/\/static.africa-press.net\/cote\/sites\/43\/2023\/10\/sm_1696254144.661068.jpg\",\"contentUrl\":\"https:\/\/static.africa-press.net\/cote\/sites\/43\/2023\/10\/sm_1696254144.661068.jpg\",\"width\":720,\"height\":363,\"caption\":\"Minist\u00e8re des Eaux et For\u00eats, des syndicalistes annoncent un pr\u00e9avis de gr\u00e8ve \u00e0 partir du 15 octobre prochain\"},{\"@type\":\"BreadcrumbList\",\"@id\":\"https:\/\/www.africa-press.net\/cotedivoire\/toutes-les-actualites\/ministere-des-eaux-et-forets-des-syndicalistes-annoncent-un-preavis-de-greve-a-partir-du-15-octobre-prochain#breadcrumb\",\"itemListElement\":[{\"@type\":\"ListItem\",\"position\":1,\"name\":\"Accueil\",\"item\":\"https:\/\/www.africa-press.net\/cotedivoire\/\"},{\"@type\":\"ListItem\",\"position\":2,\"name\":\"Minist\u00e8re des Eaux et For\u00eats, des syndicalistes annoncent un pr\u00e9avis de gr\u00e8ve \u00e0 partir du 15 octobre prochain\"}]},{\"@type\":\"WebSite\",\"@id\":\"https:\/\/www.africa-press.net\/cotedivoire\/#website\",\"url\":\"https:\/\/www.africa-press.net\/cotedivoire\/\",\"name\":\"C\u00f4te d&#039;Ivoire\",\"description\":\"Just another Africa News Agency Sites site\",\"potentialAction\":[{\"@type\":\"SearchAction\",\"target\":{\"@type\":\"EntryPoint\",\"urlTemplate\":\"https:\/\/www.africa-press.net\/cotedivoire\/?s={search_term_string}\"},\"query-input\":{\"@type\":\"PropertyValueSpecification\",\"valueRequired\":true,\"valueName\":\"search_term_string\"}}],\"inLanguage\":\"fr-FR\"},{\"@type\":\"Person\",\"@id\":\"https:\/\/www.africa-press.net\/cotedivoire\/#\/schema\/person\/2b1cf3cd81a31e3cd26889ca66d677f1\",\"name\":\"cfeditorfr\"}]}<\/script>\n<!-- \/ Yoast SEO Premium plugin. -->","yoast_head_json":{"title":"Minist\u00e8re des Eaux et For\u00eats, des syndicalistes annoncent un pr\u00e9avis de gr\u00e8ve \u00e0 partir du 15 octobre prochain - C\u00f4te d&#039;Ivoire","description":"Va-t-on vers des jours qui ne seront pas du tout repos pour le Ministre des Eaux et Fore\u0302ts Laurent Tchagba. Les inform ...","robots":{"index":"index","follow":"follow","max-snippet":"max-snippet:-1","max-image-preview":"max-image-preview:large","max-video-preview":"max-video-preview:-1"},"canonical":"https:\/\/www.africa-press.net\/cotedivoire\/toutes-les-actualites\/ministere-des-eaux-et-forets-des-syndicalistes-annoncent-un-preavis-de-greve-a-partir-du-15-octobre-prochain","og_locale":"fr_FR","og_type":"article","og_title":"Minist\u00e8re des Eaux et For\u00eats, des syndicalistes annoncent un pr\u00e9avis de gr\u00e8ve \u00e0 partir du 15 octobre prochain","og_description":"Va-t-on vers des jours qui ne seront pas du tout repos pour le Ministre des Eaux et Fore\u0302ts Laurent Tchagba. Les inform ...","og_url":"https:\/\/www.africa-press.net\/cotedivoire\/toutes-les-actualites\/ministere-des-eaux-et-forets-des-syndicalistes-annoncent-un-preavis-de-greve-a-partir-du-15-octobre-prochain","og_site_name":"C\u00f4te d&#039;Ivoire","article_published_time":"2023-10-02T16:25:51+00:00","article_modified_time":"2023-10-02T17:12:52+00:00","og_image":[{"width":720,"height":363,"url":"https:\/\/static.africa-press.net\/cote\/sites\/43\/2023\/10\/sm_1696254144.661068.jpg","type":"image\/jpeg"}],"author":"cfeditorfr","twitter_card":"summary_large_image","twitter_misc":{"\u00c9crit par":"cfeditorfr","Dur\u00e9e de lecture estim\u00e9e":"2 minutes"},"schema":{"@context":"https:\/\/schema.org","@graph":[{"@type":"Article","@id":"https:\/\/www.africa-press.net\/cotedivoire\/toutes-les-actualites\/ministere-des-eaux-et-forets-des-syndicalistes-annoncent-un-preavis-de-greve-a-partir-du-15-octobre-prochain#article","isPartOf":{"@id":"https:\/\/www.africa-press.net\/cotedivoire\/toutes-les-actualites\/ministere-des-eaux-et-forets-des-syndicalistes-annoncent-un-preavis-de-greve-a-partir-du-15-octobre-prochain"},"author":{"name":"cfeditorfr","@id":"https:\/\/www.africa-press.net\/cotedivoire\/#\/schema\/person\/2b1cf3cd81a31e3cd26889ca66d677f1"},"headline":"Minist\u00e8re des Eaux et For\u00eats, des syndicalistes annoncent un pr\u00e9avis de gr\u00e8ve \u00e0 partir du 15 octobre prochain","datePublished":"2023-10-02T16:25:51+00:00","dateModified":"2023-10-02T17:12:52+00:00","mainEntityOfPage":{"@id":"https:\/\/www.africa-press.net\/cotedivoire\/toutes-les-actualites\/ministere-des-eaux-et-forets-des-syndicalistes-annoncent-un-preavis-de-greve-a-partir-du-15-octobre-prochain"},"wordCount":448,"commentCount":0,"image":{"@id":"https:\/\/www.africa-press.net\/cotedivoire\/toutes-les-actualites\/ministere-des-eaux-et-forets-des-syndicalistes-annoncent-un-preavis-de-greve-a-partir-du-15-octobre-prochain#primaryimage"},"thumbnailUrl":"https:\/\/static.africa-press.net\/cote\/sites\/43\/2023\/10\/sm_1696254144.661068.jpg","keywords":["Africa Press","Africa Press-C\u00f4te d'Ivoire","C\u00d4TE D'IVOIRE","gr\u00e8ve","Laurent Tchagba","pr\u00e9avis","syndicalistes"],"articleSection":["Communaut\u00e9","Toutes les actualit\u00e9s"],"inLanguage":"fr-FR","potentialAction":[{"@type":"CommentAction","name":"Comment","target":["https:\/\/www.africa-press.net\/cotedivoire\/toutes-les-actualites\/ministere-des-eaux-et-forets-des-syndicalistes-annoncent-un-preavis-de-greve-a-partir-du-15-octobre-prochain#respond"]}]},{"@type":"WebPage","@id":"https:\/\/www.africa-press.net\/cotedivoire\/toutes-les-actualites\/ministere-des-eaux-et-forets-des-syndicalistes-annoncent-un-preavis-de-greve-a-partir-du-15-octobre-prochain","url":"https:\/\/www.africa-press.net\/cotedivoire\/toutes-les-actualites\/ministere-des-eaux-et-forets-des-syndicalistes-annoncent-un-preavis-de-greve-a-partir-du-15-octobre-prochain","name":"Minist\u00e8re des Eaux et For\u00eats, des syndicalistes annoncent un pr\u00e9avis de gr\u00e8ve \u00e0 partir du 15 octobre prochain - C\u00f4te d&#039;Ivoire","isPartOf":{"@id":"https:\/\/www.africa-press.net\/cotedivoire\/#website"},"primaryImageOfPage":{"@id":"https:\/\/www.africa-press.net\/cotedivoire\/toutes-les-actualites\/ministere-des-eaux-et-forets-des-syndicalistes-annoncent-un-preavis-de-greve-a-partir-du-15-octobre-prochain#primaryimage"},"image":{"@id":"https:\/\/www.africa-press.net\/cotedivoire\/toutes-les-actualites\/ministere-des-eaux-et-forets-des-syndicalistes-annoncent-un-preavis-de-greve-a-partir-du-15-octobre-prochain#primaryimage"},"thumbnailUrl":"https:\/\/static.africa-press.net\/cote\/sites\/43\/2023\/10\/sm_1696254144.661068.jpg","datePublished":"2023-10-02T16:25:51+00:00","dateModified":"2023-10-02T17:12:52+00:00","author":{"@id":"https:\/\/www.africa-press.net\/cotedivoire\/#\/schema\/person\/2b1cf3cd81a31e3cd26889ca66d677f1"},"description":"Va-t-on vers des jours qui ne seront pas du tout repos pour le Ministre des Eaux et Fore\u0302ts Laurent Tchagba. Les inform ...","breadcrumb":{"@id":"https:\/\/www.africa-press.net\/cotedivoire\/toutes-les-actualites\/ministere-des-eaux-et-forets-des-syndicalistes-annoncent-un-preavis-de-greve-a-partir-du-15-octobre-prochain#breadcrumb"},"inLanguage":"fr-FR","potentialAction":[{"@type":"ReadAction","target":["https:\/\/www.africa-press.net\/cotedivoire\/toutes-les-actualites\/ministere-des-eaux-et-forets-des-syndicalistes-annoncent-un-preavis-de-greve-a-partir-du-15-octobre-prochain"]}]},{"@type":"ImageObject","inLanguage":"fr-FR","@id":"https:\/\/www.africa-press.net\/cotedivoire\/toutes-les-actualites\/ministere-des-eaux-et-forets-des-syndicalistes-annoncent-un-preavis-de-greve-a-partir-du-15-octobre-prochain#primaryimage","url":"https:\/\/static.africa-press.net\/cote\/sites\/43\/2023\/10\/sm_1696254144.661068.jpg","contentUrl":"https:\/\/static.africa-press.net\/cote\/sites\/43\/2023\/10\/sm_1696254144.661068.jpg","width":720,"height":363,"caption":"Minist\u00e8re des Eaux et For\u00eats, des syndicalistes annoncent un pr\u00e9avis de gr\u00e8ve \u00e0 partir du 15 octobre prochain"},{"@type":"BreadcrumbList","@id":"https:\/\/www.africa-press.net\/cotedivoire\/toutes-les-actualites\/ministere-des-eaux-et-forets-des-syndicalistes-annoncent-un-preavis-de-greve-a-partir-du-15-octobre-prochain#breadcrumb","itemListElement":[{"@type":"ListItem","position":1,"name":"Accueil","item":"https:\/\/www.africa-press.net\/cotedivoire\/"},{"@type":"ListItem","position":2,"name":"Minist\u00e8re des Eaux et For\u00eats, des syndicalistes annoncent un pr\u00e9avis de gr\u00e8ve \u00e0 partir du 15 octobre prochain"}]},{"@type":"WebSite","@id":"https:\/\/www.africa-press.net\/cotedivoire\/#website","url":"https:\/\/www.africa-press.net\/cotedivoire\/","name":"C\u00f4te d&#039;Ivoire","description":"Just another Africa News Agency Sites site","potentialAction":[{"@type":"SearchAction","target":{"@type":"EntryPoint","urlTemplate":"https:\/\/www.africa-press.net\/cotedivoire\/?s={search_term_string}"},"query-input":{"@type":"PropertyValueSpecification","valueRequired":true,"valueName":"search_term_string"}}],"inLanguage":"fr-FR"},{"@type":"Person","@id":"https:\/\/www.africa-press.net\/cotedivoire\/#\/schema\/person\/2b1cf3cd81a31e3cd26889ca66d677f1","name":"cfeditorfr"}]}},"_links":{"self":[{"href":"https:\/\/www.africa-press.net\/cotedivoire\/wp-json\/wp\/v2\/posts\/66720","targetHints":{"allow":["GET"]}}],"collection":[{"href":"https:\/\/www.africa-press.net\/cotedivoire\/wp-json\/wp\/v2\/posts"}],"about":[{"href":"https:\/\/www.africa-press.net\/cotedivoire\/wp-json\/wp\/v2\/types\/post"}],"author":[{"embeddable":true,"href":"https:\/\/www.africa-press.net\/cotedivoire\/wp-json\/wp\/v2\/users\/82"}],"replies":[{"embeddable":true,"href":"https:\/\/www.africa-press.net\/cotedivoire\/wp-json\/wp\/v2\/comments?post=66720"}],"version-history":[{"count":0,"href":"https:\/\/www.africa-press.net\/cotedivoire\/wp-json\/wp\/v2\/posts\/66720\/revisions"}],"wp:featuredmedia":[{"embeddable":true,"href":"https:\/\/www.africa-press.net\/cotedivoire\/wp-json\/wp\/v2\/media\/66718"}],"wp:attachment":[{"href":"https:\/\/www.africa-press.net\/cotedivoire\/wp-json\/wp\/v2\/media?parent=66720"}],"wp:term":[{"taxonomy":"category","embeddable":true,"href":"https:\/\/www.africa-press.net\/cotedivoire\/wp-json\/wp\/v2\/categories?post=66720"},{"taxonomy":"post_tag","embeddable":true,"href":"https:\/\/www.africa-press.net\/cotedivoire\/wp-json\/wp\/v2\/tags?post=66720"}],"curies":[{"name":"wp","href":"https:\/\/api.w.org\/{rel}","templated":true}]}}