{"id":67115,"date":"2023-10-07T14:12:52","date_gmt":"2023-10-07T14:12:52","guid":{"rendered":"https:\/\/www.africa-press.net\/cotedivoire\/politique\/affaire-crise-asthmatique-des-detenus-a-la-prison-de-man-ladministration-penitentiaire-dement-et-fait-des-precisions"},"modified":"2023-10-07T15:10:48","modified_gmt":"2023-10-07T15:10:48","slug":"affaire-crise-asthmatique-des-detenus-a-la-prison-de-man-ladministration-penitentiaire-dement-et-fait-des-precisions","status":"publish","type":"post","link":"https:\/\/www.africa-press.net\/cotedivoire\/toutes-les-actualites\/affaire-crise-asthmatique-des-detenus-a-la-prison-de-man-ladministration-penitentiaire-dement-et-fait-des-precisions","title":{"rendered":"\u00ab Affaire crise asthmatique des d\u00e9tenus \u00e0 la prison de Man \u00bb, l&rsquo;administration p\u00e9nitentiaire d\u00e9ment et fait des pr\u00e9cisions"},"content":{"rendered":"<p><span style=\"color: #ff6600\"><strong>Africa-Press &#8211; C\u00f4te d&rsquo;Ivoire. <\/strong><\/span>Dans sa parution n\u00b0 8683 de ce vendredi 06 octobre 2023, le confre\u0300re \u00ab Soir Info \u00bb, barrait en manchette l\u2019information selon laquelle \u00ab plusieurs de\u0301tenus de la Maison d\u2019Arre\u0302t et de Correction de Man auraient subitement ressenti des difficulte\u0301s respiratoires comparables a\u0300 une crise asthmatique et auraient commence\u0301 a\u0300 tousser sans cesse \u00bb.<\/p>\n<p>Toujours selon cet article, \u00ab trois de ces de\u0301tenus auraient rapidement e\u0301te\u0301 pris en charge par les pompiers civils du Tonkpi avant d\u2019e\u0302tre transporte\u0301s d\u2019urgence au Centre Hospitalier Re\u0301gional de Man \u00bb.<\/p>\n<p>Suite a\u0300 cette publication, le directeur de l&rsquo;administration pe\u0301nitentiaire, le magistrat Ce\u0301lestin Doheuly Kamin a apporte\u0301 un de\u0301menti a\u0300 cette information qui, selon lui, est de\u0301nue\u0301e de tout fondement.<\/p>\n<p>\u00ab\u00a0Les e\u0301le\u0301ments d\u2019informations contenus dans cet article du quotidien \u00ab SOIR INFO \u00bb sont de\u0301nue\u0301s de tout fondement. En effet, les de\u0301tenus n\u2019ont pas eu de crise asthmatique comme mentionne\u0301 dans ledit article. Leur transfert dans les centres de sante\u0301 de Man par l\u2019Office National de la Protection Civile s\u2019inscrit dans le cadre d\u2019une collaboration entre ces deux structures e\u0301tatiques en vue de faciliter le re\u0301fe\u0301rencement sanitaire des de\u0301tenus malades a\u0300 l\u2019exte\u0301rieur dudit e\u0301tablissement.<\/p>\n<p>Eu e\u0301gard au caracte\u0300re sensible de ces informations qui pourraient troubler la quie\u0301tude de la population en ge\u0301ne\u0301ral et des parents de de\u0301tenus en particulier, le Directeur de l\u2019Administration Pe\u0301nitentiaire invite toute personne physique ou morale qui de\u0301sire obtenir des informations fiables a\u0300 se reprocher dore\u0301navant de ses services\u00a0\u00bb, a-t-il fait pre\u0301ciser.<\/p>\n<p>Par ailleurs, le Directeur de l\u2019Administration Pe\u0301nitentiaire fait savoir que la sante\u0301 et le bien-e\u0302tre des de\u0301tenus sont une priorite\u0301 pour l\u2019Etat de Co\u0302te d\u2019Ivoire et tous les moyens sont mis en \u0153uvre en vue d\u2019assurer aux pensionnaires une prise en charge correcte et conforme aux standards internationaux.<\/p>\n<p>Wassimagnon<\/p>\n<p><strong>Pour plus d&rsquo;informations et d&rsquo;analyses sur la <a href=\"https:\/\/www.africa-press.net\/cotedivoire\">C\u00f4te d&rsquo;Ivoire<\/a>, suivez <a href=\"https:\/\/www.africa-press.net\/\">Africa-Press<\/a><\/strong><\/p>\n","protected":false},"excerpt":{"rendered":"<p>Africa-Press &#8211; C\u00f4te d&rsquo;Ivoire. Dans sa parution n\u00b0 8683 de ce vendredi 06 octobre 2023, le confre\u0300re \u00ab Soir Info \u00bb, barrait en manchette l\u2019information selon laquelle \u00ab plusieurs de\u0301tenus de la Maison d\u2019Arre\u0302t et de Correction de Man auraient subitement ressenti des difficulte\u0301s respiratoires comparables a\u0300 une crise asthmatique et auraient commence\u0301 a\u0300 tousser [&hellip;]<\/p>\n","protected":false},"author":82,"featured_media":67113,"comment_status":"open","ping_status":"closed","sticky":false,"template":"","format":"standard","meta":{"footnotes":""},"categories":[21,10],"tags":[56,63,11427,11428,29,644,551],"class_list":["post-67115","post","type-post","status-publish","format-standard","has-post-thumbnail","hentry","category-communaute","category-toutes-les-actualites","tag-africa-press","tag-africa-press-cote-divoire","tag-asthme","tag-celestin-doheuly-kamin","tag-cote-divoire","tag-man","tag-prison"],"yoast_head":"<!-- This site is optimized with the Yoast SEO Premium plugin v26.1 (Yoast SEO v27.0) - https:\/\/yoast.com\/product\/yoast-seo-premium-wordpress\/ -->\n<title>\u00ab Affaire crise asthmatique des d\u00e9tenus \u00e0 la prison de Man \u00bb, l&#039;administration p\u00e9nitentiaire d\u00e9ment et fait des pr\u00e9cisions - C\u00f4te d&#039;Ivoire<\/title>\n<meta name=\"description\" content=\"Dans sa parution n\u00b0 8683 de ce vendredi 06 octobre 2023, le confre\u0300re \u00ab Soir Info \u00bb, barrait en manchette l\u2019information ...\" \/>\n<meta name=\"robots\" content=\"index, follow, max-snippet:-1, max-image-preview:large, max-video-preview:-1\" \/>\n<link rel=\"canonical\" href=\"https:\/\/www.africa-press.net\/cotedivoire\/toutes-les-actualites\/affaire-crise-asthmatique-des-detenus-a-la-prison-de-man-ladministration-penitentiaire-dement-et-fait-des-precisions\" \/>\n<meta property=\"og:locale\" content=\"fr_FR\" \/>\n<meta property=\"og:type\" content=\"article\" \/>\n<meta property=\"og:title\" content=\"\u00ab Affaire crise asthmatique des d\u00e9tenus \u00e0 la prison de Man \u00bb, l&#039;administration p\u00e9nitentiaire d\u00e9ment et fait des pr\u00e9cisions\" \/>\n<meta property=\"og:description\" content=\"Dans sa parution n\u00b0 8683 de ce vendredi 06 octobre 2023, le confre\u0300re \u00ab Soir Info \u00bb, barrait en manchette l\u2019information ...\" \/>\n<meta property=\"og:url\" content=\"https:\/\/www.africa-press.net\/cotedivoire\/toutes-les-actualites\/affaire-crise-asthmatique-des-detenus-a-la-prison-de-man-ladministration-penitentiaire-dement-et-fait-des-precisions\" \/>\n<meta property=\"og:site_name\" content=\"C\u00f4te d&#039;Ivoire\" \/>\n<meta property=\"article:published_time\" content=\"2023-10-07T14:12:52+00:00\" \/>\n<meta property=\"article:modified_time\" content=\"2023-10-07T15:10:48+00:00\" \/>\n<meta property=\"og:image\" content=\"https:\/\/static.africa-press.net\/cote\/sites\/43\/2023\/10\/sm_1696678743.070692.jpg\" \/>\n\t<meta property=\"og:image:width\" content=\"720\" \/>\n\t<meta property=\"og:image:height\" content=\"405\" \/>\n\t<meta property=\"og:image:type\" content=\"image\/jpeg\" \/>\n<meta name=\"author\" content=\"cfeditorfr\" \/>\n<meta name=\"twitter:card\" content=\"summary_large_image\" \/>\n<meta name=\"twitter:label1\" content=\"\u00c9crit par\" \/>\n\t<meta name=\"twitter:data1\" content=\"cfeditorfr\" \/>\n\t<meta name=\"twitter:label2\" content=\"Dur\u00e9e de lecture estim\u00e9e\" \/>\n\t<meta name=\"twitter:data2\" content=\"2 minutes\" \/>\n<script type=\"application\/ld+json\" class=\"yoast-schema-graph\">{\"@context\":\"https:\/\/schema.org\",\"@graph\":[{\"@type\":\"Article\",\"@id\":\"https:\/\/www.africa-press.net\/cotedivoire\/toutes-les-actualites\/affaire-crise-asthmatique-des-detenus-a-la-prison-de-man-ladministration-penitentiaire-dement-et-fait-des-precisions#article\",\"isPartOf\":{\"@id\":\"https:\/\/www.africa-press.net\/cotedivoire\/toutes-les-actualites\/affaire-crise-asthmatique-des-detenus-a-la-prison-de-man-ladministration-penitentiaire-dement-et-fait-des-precisions\"},\"author\":{\"name\":\"cfeditorfr\",\"@id\":\"https:\/\/www.africa-press.net\/cotedivoire\/#\/schema\/person\/2b1cf3cd81a31e3cd26889ca66d677f1\"},\"headline\":\"\u00ab Affaire crise asthmatique des d\u00e9tenus \u00e0 la prison de Man \u00bb, l&rsquo;administration p\u00e9nitentiaire d\u00e9ment et fait des pr\u00e9cisions\",\"datePublished\":\"2023-10-07T14:12:52+00:00\",\"dateModified\":\"2023-10-07T15:10:48+00:00\",\"mainEntityOfPage\":{\"@id\":\"https:\/\/www.africa-press.net\/cotedivoire\/toutes-les-actualites\/affaire-crise-asthmatique-des-detenus-a-la-prison-de-man-ladministration-penitentiaire-dement-et-fait-des-precisions\"},\"wordCount\":376,\"commentCount\":0,\"image\":{\"@id\":\"https:\/\/www.africa-press.net\/cotedivoire\/toutes-les-actualites\/affaire-crise-asthmatique-des-detenus-a-la-prison-de-man-ladministration-penitentiaire-dement-et-fait-des-precisions#primaryimage\"},\"thumbnailUrl\":\"https:\/\/static.africa-press.net\/cote\/sites\/43\/2023\/10\/sm_1696678743.070692.jpg\",\"keywords\":[\"Africa Press\",\"Africa Press-C\u00f4te d'Ivoire\",\"Asthme\",\"C\u00e9lestin Doheuly Kamin\",\"C\u00d4TE D'IVOIRE\",\"Man\",\"prison\"],\"articleSection\":[\"Communaut\u00e9\",\"Toutes les actualit\u00e9s\"],\"inLanguage\":\"fr-FR\",\"potentialAction\":[{\"@type\":\"CommentAction\",\"name\":\"Comment\",\"target\":[\"https:\/\/www.africa-press.net\/cotedivoire\/toutes-les-actualites\/affaire-crise-asthmatique-des-detenus-a-la-prison-de-man-ladministration-penitentiaire-dement-et-fait-des-precisions#respond\"]}]},{\"@type\":\"WebPage\",\"@id\":\"https:\/\/www.africa-press.net\/cotedivoire\/toutes-les-actualites\/affaire-crise-asthmatique-des-detenus-a-la-prison-de-man-ladministration-penitentiaire-dement-et-fait-des-precisions\",\"url\":\"https:\/\/www.africa-press.net\/cotedivoire\/toutes-les-actualites\/affaire-crise-asthmatique-des-detenus-a-la-prison-de-man-ladministration-penitentiaire-dement-et-fait-des-precisions\",\"name\":\"\u00ab Affaire crise asthmatique des d\u00e9tenus \u00e0 la prison de Man \u00bb, l'administration p\u00e9nitentiaire d\u00e9ment et fait des pr\u00e9cisions - C\u00f4te d&#039;Ivoire\",\"isPartOf\":{\"@id\":\"https:\/\/www.africa-press.net\/cotedivoire\/#website\"},\"primaryImageOfPage\":{\"@id\":\"https:\/\/www.africa-press.net\/cotedivoire\/toutes-les-actualites\/affaire-crise-asthmatique-des-detenus-a-la-prison-de-man-ladministration-penitentiaire-dement-et-fait-des-precisions#primaryimage\"},\"image\":{\"@id\":\"https:\/\/www.africa-press.net\/cotedivoire\/toutes-les-actualites\/affaire-crise-asthmatique-des-detenus-a-la-prison-de-man-ladministration-penitentiaire-dement-et-fait-des-precisions#primaryimage\"},\"thumbnailUrl\":\"https:\/\/static.africa-press.net\/cote\/sites\/43\/2023\/10\/sm_1696678743.070692.jpg\",\"datePublished\":\"2023-10-07T14:12:52+00:00\",\"dateModified\":\"2023-10-07T15:10:48+00:00\",\"author\":{\"@id\":\"https:\/\/www.africa-press.net\/cotedivoire\/#\/schema\/person\/2b1cf3cd81a31e3cd26889ca66d677f1\"},\"description\":\"Dans sa parution n\u00b0 8683 de ce vendredi 06 octobre 2023, le confre\u0300re \u00ab Soir Info \u00bb, barrait en manchette l\u2019information ...\",\"breadcrumb\":{\"@id\":\"https:\/\/www.africa-press.net\/cotedivoire\/toutes-les-actualites\/affaire-crise-asthmatique-des-detenus-a-la-prison-de-man-ladministration-penitentiaire-dement-et-fait-des-precisions#breadcrumb\"},\"inLanguage\":\"fr-FR\",\"potentialAction\":[{\"@type\":\"ReadAction\",\"target\":[\"https:\/\/www.africa-press.net\/cotedivoire\/toutes-les-actualites\/affaire-crise-asthmatique-des-detenus-a-la-prison-de-man-ladministration-penitentiaire-dement-et-fait-des-precisions\"]}]},{\"@type\":\"ImageObject\",\"inLanguage\":\"fr-FR\",\"@id\":\"https:\/\/www.africa-press.net\/cotedivoire\/toutes-les-actualites\/affaire-crise-asthmatique-des-detenus-a-la-prison-de-man-ladministration-penitentiaire-dement-et-fait-des-precisions#primaryimage\",\"url\":\"https:\/\/static.africa-press.net\/cote\/sites\/43\/2023\/10\/sm_1696678743.070692.jpg\",\"contentUrl\":\"https:\/\/static.africa-press.net\/cote\/sites\/43\/2023\/10\/sm_1696678743.070692.jpg\",\"width\":720,\"height\":405,\"caption\":\"\u00ab Affaire crise asthmatique des d\u00e9tenus \u00e0 la prison de Man \u00bb, l'administration p\u00e9nitentiaire d\u00e9ment et fait des pr\u00e9cisions\"},{\"@type\":\"BreadcrumbList\",\"@id\":\"https:\/\/www.africa-press.net\/cotedivoire\/toutes-les-actualites\/affaire-crise-asthmatique-des-detenus-a-la-prison-de-man-ladministration-penitentiaire-dement-et-fait-des-precisions#breadcrumb\",\"itemListElement\":[{\"@type\":\"ListItem\",\"position\":1,\"name\":\"Accueil\",\"item\":\"https:\/\/www.africa-press.net\/cotedivoire\/\"},{\"@type\":\"ListItem\",\"position\":2,\"name\":\"\u00ab Affaire crise asthmatique des d\u00e9tenus \u00e0 la prison de Man \u00bb, l&#8217;administration p\u00e9nitentiaire d\u00e9ment et fait des pr\u00e9cisions\"}]},{\"@type\":\"WebSite\",\"@id\":\"https:\/\/www.africa-press.net\/cotedivoire\/#website\",\"url\":\"https:\/\/www.africa-press.net\/cotedivoire\/\",\"name\":\"C\u00f4te d&#039;Ivoire\",\"description\":\"Just another Africa News Agency Sites site\",\"potentialAction\":[{\"@type\":\"SearchAction\",\"target\":{\"@type\":\"EntryPoint\",\"urlTemplate\":\"https:\/\/www.africa-press.net\/cotedivoire\/?s={search_term_string}\"},\"query-input\":{\"@type\":\"PropertyValueSpecification\",\"valueRequired\":true,\"valueName\":\"search_term_string\"}}],\"inLanguage\":\"fr-FR\"},{\"@type\":\"Person\",\"@id\":\"https:\/\/www.africa-press.net\/cotedivoire\/#\/schema\/person\/2b1cf3cd81a31e3cd26889ca66d677f1\",\"name\":\"cfeditorfr\"}]}<\/script>\n<!-- \/ Yoast SEO Premium plugin. -->","yoast_head_json":{"title":"\u00ab Affaire crise asthmatique des d\u00e9tenus \u00e0 la prison de Man \u00bb, l'administration p\u00e9nitentiaire d\u00e9ment et fait des pr\u00e9cisions - C\u00f4te d&#039;Ivoire","description":"Dans sa parution n\u00b0 8683 de ce vendredi 06 octobre 2023, le confre\u0300re \u00ab Soir Info \u00bb, barrait en manchette l\u2019information ...","robots":{"index":"index","follow":"follow","max-snippet":"max-snippet:-1","max-image-preview":"max-image-preview:large","max-video-preview":"max-video-preview:-1"},"canonical":"https:\/\/www.africa-press.net\/cotedivoire\/toutes-les-actualites\/affaire-crise-asthmatique-des-detenus-a-la-prison-de-man-ladministration-penitentiaire-dement-et-fait-des-precisions","og_locale":"fr_FR","og_type":"article","og_title":"\u00ab Affaire crise asthmatique des d\u00e9tenus \u00e0 la prison de Man \u00bb, l'administration p\u00e9nitentiaire d\u00e9ment et fait des pr\u00e9cisions","og_description":"Dans sa parution n\u00b0 8683 de ce vendredi 06 octobre 2023, le confre\u0300re \u00ab Soir Info \u00bb, barrait en manchette l\u2019information ...","og_url":"https:\/\/www.africa-press.net\/cotedivoire\/toutes-les-actualites\/affaire-crise-asthmatique-des-detenus-a-la-prison-de-man-ladministration-penitentiaire-dement-et-fait-des-precisions","og_site_name":"C\u00f4te d&#039;Ivoire","article_published_time":"2023-10-07T14:12:52+00:00","article_modified_time":"2023-10-07T15:10:48+00:00","og_image":[{"width":720,"height":405,"url":"https:\/\/static.africa-press.net\/cote\/sites\/43\/2023\/10\/sm_1696678743.070692.jpg","type":"image\/jpeg"}],"author":"cfeditorfr","twitter_card":"summary_large_image","twitter_misc":{"\u00c9crit par":"cfeditorfr","Dur\u00e9e de lecture estim\u00e9e":"2 minutes"},"schema":{"@context":"https:\/\/schema.org","@graph":[{"@type":"Article","@id":"https:\/\/www.africa-press.net\/cotedivoire\/toutes-les-actualites\/affaire-crise-asthmatique-des-detenus-a-la-prison-de-man-ladministration-penitentiaire-dement-et-fait-des-precisions#article","isPartOf":{"@id":"https:\/\/www.africa-press.net\/cotedivoire\/toutes-les-actualites\/affaire-crise-asthmatique-des-detenus-a-la-prison-de-man-ladministration-penitentiaire-dement-et-fait-des-precisions"},"author":{"name":"cfeditorfr","@id":"https:\/\/www.africa-press.net\/cotedivoire\/#\/schema\/person\/2b1cf3cd81a31e3cd26889ca66d677f1"},"headline":"\u00ab Affaire crise asthmatique des d\u00e9tenus \u00e0 la prison de Man \u00bb, l&rsquo;administration p\u00e9nitentiaire d\u00e9ment et fait des pr\u00e9cisions","datePublished":"2023-10-07T14:12:52+00:00","dateModified":"2023-10-07T15:10:48+00:00","mainEntityOfPage":{"@id":"https:\/\/www.africa-press.net\/cotedivoire\/toutes-les-actualites\/affaire-crise-asthmatique-des-detenus-a-la-prison-de-man-ladministration-penitentiaire-dement-et-fait-des-precisions"},"wordCount":376,"commentCount":0,"image":{"@id":"https:\/\/www.africa-press.net\/cotedivoire\/toutes-les-actualites\/affaire-crise-asthmatique-des-detenus-a-la-prison-de-man-ladministration-penitentiaire-dement-et-fait-des-precisions#primaryimage"},"thumbnailUrl":"https:\/\/static.africa-press.net\/cote\/sites\/43\/2023\/10\/sm_1696678743.070692.jpg","keywords":["Africa Press","Africa Press-C\u00f4te d'Ivoire","Asthme","C\u00e9lestin Doheuly Kamin","C\u00d4TE D'IVOIRE","Man","prison"],"articleSection":["Communaut\u00e9","Toutes les actualit\u00e9s"],"inLanguage":"fr-FR","potentialAction":[{"@type":"CommentAction","name":"Comment","target":["https:\/\/www.africa-press.net\/cotedivoire\/toutes-les-actualites\/affaire-crise-asthmatique-des-detenus-a-la-prison-de-man-ladministration-penitentiaire-dement-et-fait-des-precisions#respond"]}]},{"@type":"WebPage","@id":"https:\/\/www.africa-press.net\/cotedivoire\/toutes-les-actualites\/affaire-crise-asthmatique-des-detenus-a-la-prison-de-man-ladministration-penitentiaire-dement-et-fait-des-precisions","url":"https:\/\/www.africa-press.net\/cotedivoire\/toutes-les-actualites\/affaire-crise-asthmatique-des-detenus-a-la-prison-de-man-ladministration-penitentiaire-dement-et-fait-des-precisions","name":"\u00ab Affaire crise asthmatique des d\u00e9tenus \u00e0 la prison de Man \u00bb, l'administration p\u00e9nitentiaire d\u00e9ment et fait des pr\u00e9cisions - C\u00f4te d&#039;Ivoire","isPartOf":{"@id":"https:\/\/www.africa-press.net\/cotedivoire\/#website"},"primaryImageOfPage":{"@id":"https:\/\/www.africa-press.net\/cotedivoire\/toutes-les-actualites\/affaire-crise-asthmatique-des-detenus-a-la-prison-de-man-ladministration-penitentiaire-dement-et-fait-des-precisions#primaryimage"},"image":{"@id":"https:\/\/www.africa-press.net\/cotedivoire\/toutes-les-actualites\/affaire-crise-asthmatique-des-detenus-a-la-prison-de-man-ladministration-penitentiaire-dement-et-fait-des-precisions#primaryimage"},"thumbnailUrl":"https:\/\/static.africa-press.net\/cote\/sites\/43\/2023\/10\/sm_1696678743.070692.jpg","datePublished":"2023-10-07T14:12:52+00:00","dateModified":"2023-10-07T15:10:48+00:00","author":{"@id":"https:\/\/www.africa-press.net\/cotedivoire\/#\/schema\/person\/2b1cf3cd81a31e3cd26889ca66d677f1"},"description":"Dans sa parution n\u00b0 8683 de ce vendredi 06 octobre 2023, le confre\u0300re \u00ab Soir Info \u00bb, barrait en manchette l\u2019information ...","breadcrumb":{"@id":"https:\/\/www.africa-press.net\/cotedivoire\/toutes-les-actualites\/affaire-crise-asthmatique-des-detenus-a-la-prison-de-man-ladministration-penitentiaire-dement-et-fait-des-precisions#breadcrumb"},"inLanguage":"fr-FR","potentialAction":[{"@type":"ReadAction","target":["https:\/\/www.africa-press.net\/cotedivoire\/toutes-les-actualites\/affaire-crise-asthmatique-des-detenus-a-la-prison-de-man-ladministration-penitentiaire-dement-et-fait-des-precisions"]}]},{"@type":"ImageObject","inLanguage":"fr-FR","@id":"https:\/\/www.africa-press.net\/cotedivoire\/toutes-les-actualites\/affaire-crise-asthmatique-des-detenus-a-la-prison-de-man-ladministration-penitentiaire-dement-et-fait-des-precisions#primaryimage","url":"https:\/\/static.africa-press.net\/cote\/sites\/43\/2023\/10\/sm_1696678743.070692.jpg","contentUrl":"https:\/\/static.africa-press.net\/cote\/sites\/43\/2023\/10\/sm_1696678743.070692.jpg","width":720,"height":405,"caption":"\u00ab Affaire crise asthmatique des d\u00e9tenus \u00e0 la prison de Man \u00bb, l'administration p\u00e9nitentiaire d\u00e9ment et fait des pr\u00e9cisions"},{"@type":"BreadcrumbList","@id":"https:\/\/www.africa-press.net\/cotedivoire\/toutes-les-actualites\/affaire-crise-asthmatique-des-detenus-a-la-prison-de-man-ladministration-penitentiaire-dement-et-fait-des-precisions#breadcrumb","itemListElement":[{"@type":"ListItem","position":1,"name":"Accueil","item":"https:\/\/www.africa-press.net\/cotedivoire\/"},{"@type":"ListItem","position":2,"name":"\u00ab Affaire crise asthmatique des d\u00e9tenus \u00e0 la prison de Man \u00bb, l&#8217;administration p\u00e9nitentiaire d\u00e9ment et fait des pr\u00e9cisions"}]},{"@type":"WebSite","@id":"https:\/\/www.africa-press.net\/cotedivoire\/#website","url":"https:\/\/www.africa-press.net\/cotedivoire\/","name":"C\u00f4te d&#039;Ivoire","description":"Just another Africa News Agency Sites site","potentialAction":[{"@type":"SearchAction","target":{"@type":"EntryPoint","urlTemplate":"https:\/\/www.africa-press.net\/cotedivoire\/?s={search_term_string}"},"query-input":{"@type":"PropertyValueSpecification","valueRequired":true,"valueName":"search_term_string"}}],"inLanguage":"fr-FR"},{"@type":"Person","@id":"https:\/\/www.africa-press.net\/cotedivoire\/#\/schema\/person\/2b1cf3cd81a31e3cd26889ca66d677f1","name":"cfeditorfr"}]}},"_links":{"self":[{"href":"https:\/\/www.africa-press.net\/cotedivoire\/wp-json\/wp\/v2\/posts\/67115","targetHints":{"allow":["GET"]}}],"collection":[{"href":"https:\/\/www.africa-press.net\/cotedivoire\/wp-json\/wp\/v2\/posts"}],"about":[{"href":"https:\/\/www.africa-press.net\/cotedivoire\/wp-json\/wp\/v2\/types\/post"}],"author":[{"embeddable":true,"href":"https:\/\/www.africa-press.net\/cotedivoire\/wp-json\/wp\/v2\/users\/82"}],"replies":[{"embeddable":true,"href":"https:\/\/www.africa-press.net\/cotedivoire\/wp-json\/wp\/v2\/comments?post=67115"}],"version-history":[{"count":0,"href":"https:\/\/www.africa-press.net\/cotedivoire\/wp-json\/wp\/v2\/posts\/67115\/revisions"}],"wp:featuredmedia":[{"embeddable":true,"href":"https:\/\/www.africa-press.net\/cotedivoire\/wp-json\/wp\/v2\/media\/67113"}],"wp:attachment":[{"href":"https:\/\/www.africa-press.net\/cotedivoire\/wp-json\/wp\/v2\/media?parent=67115"}],"wp:term":[{"taxonomy":"category","embeddable":true,"href":"https:\/\/www.africa-press.net\/cotedivoire\/wp-json\/wp\/v2\/categories?post=67115"},{"taxonomy":"post_tag","embeddable":true,"href":"https:\/\/www.africa-press.net\/cotedivoire\/wp-json\/wp\/v2\/tags?post=67115"}],"curies":[{"name":"wp","href":"https:\/\/api.w.org\/{rel}","templated":true}]}}