{"id":67154,"date":"2023-10-08T13:18:14","date_gmt":"2023-10-08T13:18:14","guid":{"rendered":"https:\/\/www.africa-press.net\/cotedivoire\/politique\/la-region-de-la-bagoue-rafle-le-prix-dexcellence-du-meilleur-stand-au-sara"},"modified":"2023-10-08T14:15:48","modified_gmt":"2023-10-08T14:15:48","slug":"la-region-de-la-bagoue-rafle-le-prix-dexcellence-du-meilleur-stand-au-sara","status":"publish","type":"post","link":"https:\/\/www.africa-press.net\/cotedivoire\/economie\/la-region-de-la-bagoue-rafle-le-prix-dexcellence-du-meilleur-stand-au-sara","title":{"rendered":"La r\u00e9gion de la Bagou\u00e9 rafle le prix d&rsquo;excellence du meilleur stand au SARA"},"content":{"rendered":"<p><span style=\"color: #ff6600\"><strong>Africa-Press &#8211; C\u00f4te d&rsquo;Ivoire. <\/strong><\/span>Le nombre de visiteurs, la qualite\u0301 des visiteurs, l\u2019organisation et l\u2019animation du stand, voila\u0300 entre autres les crite\u0300res qui ont permis aux organisateurs de la 6e e\u0301dition du Salon International de l\u2019Agriculture et des Ressources Animales (SARA) de porter leur choix sur le Conseil Re\u0301gional de la Bagoue\u0301.<\/p>\n<p>Le prix d\u2019excellence du meilleur stand des re\u0301gions a e\u0301te\u0301 donc attribue\u0301 le vendredi 6 octobre 2023, au Radisson Blu Ho\u0302tel, au Conseil Re\u0301gional de la Bagoue\u0301, des mains du Ministre d\u2019E\u0301tat, ministre de l\u2019Agriculture et du de\u0301veloppement rural, Kobenan Kouassi Adjoumani.<\/p>\n<p>Selon le Commissariat ge\u0301ne\u0301ral du SARA, ce prix a pour objectif de saluer la participation remarquable du Conseil Re\u0301gional de la Bagoue\u0301 a\u0300 la sixie\u0300me e\u0301dition du SARA 2023. Un prix qui intervient a\u0300 seulement pre\u0300s d\u2019un mois des e\u0301lections re\u0301gionales qui a vu la victoire e\u0301crasante du ministre Bruno Nabagne\u0301 Kone\u0301.<\/p>\n<p>A\u0300 ce stand anime\u0301 par des membres de la Fe\u0301de\u0301ration des Groupements et Associations Fe\u0301minins de la Bagoue\u0301 (Fegaf-Bagoue\u0301) dirige\u0301e par Mme Salimata Dembele\u0301 Diarra, plusieurs produits de la re\u0301gion y ont e\u0301te\u0301 expose\u0301s a\u0300 savoir le beurre de karite\u0301, le soumara, la pa\u0302te d\u2019arachide, le miel, etc.<\/p>\n<p>De\u0301bute\u0301 le 29 septembre dernier, avec pour the\u0300me : l\u2019agriculture africaine face aux de\u0301fis des chocs internes et externes : quelles innovations structurelles pour ame\u0301liorer les secteurs agricoles et garantir la souverainete\u0301 alimentaire, le SARA a ferme\u0301 ses portes ce samedi 07 octobre 2023.<\/p>\n<p>Jean Chresus, Abidjan<\/p>\n<p><strong>Pour plus d&rsquo;informations et d&rsquo;analyses sur la <a href=\"https:\/\/www.africa-press.net\/cotedivoire\">C\u00f4te d&rsquo;Ivoire<\/a>, suivez <a href=\"https:\/\/www.africa-press.net\/\">Africa-Press<\/a><\/strong><\/p>\n","protected":false},"excerpt":{"rendered":"<p>Africa-Press &#8211; C\u00f4te d&rsquo;Ivoire. Le nombre de visiteurs, la qualite\u0301 des visiteurs, l\u2019organisation et l\u2019animation du stand, voila\u0300 entre autres les crite\u0300res qui ont permis aux organisateurs de la 6e e\u0301dition du Salon International de l\u2019Agriculture et des Ressources Animales (SARA) de porter leur choix sur le Conseil Re\u0301gional de la Bagoue\u0301. Le prix d\u2019excellence [&hellip;]<\/p>\n","protected":false},"author":82,"featured_media":67153,"comment_status":"open","ping_status":"closed","sticky":false,"template":"","format":"standard","meta":{"footnotes":""},"categories":[3,10],"tags":[1475,56,63,406,403,29,401,1587,9042],"class_list":["post-67154","post","type-post","status-publish","format-standard","has-post-thumbnail","hentry","category-economie","category-toutes-les-actualites","tag-adjoumani","tag-africa-press","tag-africa-press-cote-divoire","tag-bagoue","tag-bruno","tag-cote-divoire","tag-kone","tag-port-bouet-3","tag-sara"],"yoast_head":"<!-- This site is optimized with the Yoast SEO Premium plugin v26.1 (Yoast SEO v27.0) - https:\/\/yoast.com\/product\/yoast-seo-premium-wordpress\/ -->\n<title>La r\u00e9gion de la Bagou\u00e9 rafle le prix d&#039;excellence du meilleur stand au SARA - C\u00f4te d&#039;Ivoire<\/title>\n<meta name=\"description\" content=\"Le nombre de visiteurs, la qualite\u0301 des visiteurs, l\u2019organisation et l\u2019animation du stand, voila\u0300 entre autres les crite ...\" \/>\n<meta name=\"robots\" content=\"index, follow, max-snippet:-1, max-image-preview:large, max-video-preview:-1\" \/>\n<link rel=\"canonical\" href=\"https:\/\/www.africa-press.net\/cotedivoire\/economie\/la-region-de-la-bagoue-rafle-le-prix-dexcellence-du-meilleur-stand-au-sara\" \/>\n<meta property=\"og:locale\" content=\"fr_FR\" \/>\n<meta property=\"og:type\" content=\"article\" \/>\n<meta property=\"og:title\" content=\"La r\u00e9gion de la Bagou\u00e9 rafle le prix d&#039;excellence du meilleur stand au SARA\" \/>\n<meta property=\"og:description\" content=\"Le nombre de visiteurs, la qualite\u0301 des visiteurs, l\u2019organisation et l\u2019animation du stand, voila\u0300 entre autres les crite ...\" \/>\n<meta property=\"og:url\" content=\"https:\/\/www.africa-press.net\/cotedivoire\/economie\/la-region-de-la-bagoue-rafle-le-prix-dexcellence-du-meilleur-stand-au-sara\" \/>\n<meta property=\"og:site_name\" content=\"C\u00f4te d&#039;Ivoire\" \/>\n<meta property=\"article:published_time\" content=\"2023-10-08T13:18:14+00:00\" \/>\n<meta property=\"article:modified_time\" content=\"2023-10-08T14:15:48+00:00\" \/>\n<meta property=\"og:image\" content=\"https:\/\/static.africa-press.net\/cote\/sites\/43\/2023\/10\/sm_1696761855.870455.jpg\" \/>\n\t<meta property=\"og:image:width\" content=\"720\" \/>\n\t<meta property=\"og:image:height\" content=\"480\" \/>\n\t<meta property=\"og:image:type\" content=\"image\/jpeg\" \/>\n<meta name=\"author\" content=\"cfeditorfr\" \/>\n<meta name=\"twitter:card\" content=\"summary_large_image\" \/>\n<meta name=\"twitter:label1\" content=\"\u00c9crit par\" \/>\n\t<meta name=\"twitter:data1\" content=\"cfeditorfr\" \/>\n\t<meta name=\"twitter:label2\" content=\"Dur\u00e9e de lecture estim\u00e9e\" \/>\n\t<meta name=\"twitter:data2\" content=\"1 minute\" \/>\n<script type=\"application\/ld+json\" class=\"yoast-schema-graph\">{\"@context\":\"https:\/\/schema.org\",\"@graph\":[{\"@type\":\"Article\",\"@id\":\"https:\/\/www.africa-press.net\/cotedivoire\/economie\/la-region-de-la-bagoue-rafle-le-prix-dexcellence-du-meilleur-stand-au-sara#article\",\"isPartOf\":{\"@id\":\"https:\/\/www.africa-press.net\/cotedivoire\/economie\/la-region-de-la-bagoue-rafle-le-prix-dexcellence-du-meilleur-stand-au-sara\"},\"author\":{\"name\":\"cfeditorfr\",\"@id\":\"https:\/\/www.africa-press.net\/cotedivoire\/#\/schema\/person\/2b1cf3cd81a31e3cd26889ca66d677f1\"},\"headline\":\"La r\u00e9gion de la Bagou\u00e9 rafle le prix d&rsquo;excellence du meilleur stand au SARA\",\"datePublished\":\"2023-10-08T13:18:14+00:00\",\"dateModified\":\"2023-10-08T14:15:48+00:00\",\"mainEntityOfPage\":{\"@id\":\"https:\/\/www.africa-press.net\/cotedivoire\/economie\/la-region-de-la-bagoue-rafle-le-prix-dexcellence-du-meilleur-stand-au-sara\"},\"wordCount\":305,\"commentCount\":0,\"image\":{\"@id\":\"https:\/\/www.africa-press.net\/cotedivoire\/economie\/la-region-de-la-bagoue-rafle-le-prix-dexcellence-du-meilleur-stand-au-sara#primaryimage\"},\"thumbnailUrl\":\"https:\/\/static.africa-press.net\/cote\/sites\/43\/2023\/10\/sm_1696761855.870455.jpg\",\"keywords\":[\"Adjoumani\",\"Africa Press\",\"Africa Press-C\u00f4te d'Ivoire\",\"Bagou\u00e9\",\"Bruno\",\"C\u00d4TE D'IVOIRE\",\"Kon\u00e9\",\"Port-Bou\u00ebt\",\"SARA\"],\"articleSection\":[\"\u00c9conomie\",\"Toutes les actualit\u00e9s\"],\"inLanguage\":\"fr-FR\",\"potentialAction\":[{\"@type\":\"CommentAction\",\"name\":\"Comment\",\"target\":[\"https:\/\/www.africa-press.net\/cotedivoire\/economie\/la-region-de-la-bagoue-rafle-le-prix-dexcellence-du-meilleur-stand-au-sara#respond\"]}]},{\"@type\":\"WebPage\",\"@id\":\"https:\/\/www.africa-press.net\/cotedivoire\/economie\/la-region-de-la-bagoue-rafle-le-prix-dexcellence-du-meilleur-stand-au-sara\",\"url\":\"https:\/\/www.africa-press.net\/cotedivoire\/economie\/la-region-de-la-bagoue-rafle-le-prix-dexcellence-du-meilleur-stand-au-sara\",\"name\":\"La r\u00e9gion de la Bagou\u00e9 rafle le prix d'excellence du meilleur stand au SARA - C\u00f4te d&#039;Ivoire\",\"isPartOf\":{\"@id\":\"https:\/\/www.africa-press.net\/cotedivoire\/#website\"},\"primaryImageOfPage\":{\"@id\":\"https:\/\/www.africa-press.net\/cotedivoire\/economie\/la-region-de-la-bagoue-rafle-le-prix-dexcellence-du-meilleur-stand-au-sara#primaryimage\"},\"image\":{\"@id\":\"https:\/\/www.africa-press.net\/cotedivoire\/economie\/la-region-de-la-bagoue-rafle-le-prix-dexcellence-du-meilleur-stand-au-sara#primaryimage\"},\"thumbnailUrl\":\"https:\/\/static.africa-press.net\/cote\/sites\/43\/2023\/10\/sm_1696761855.870455.jpg\",\"datePublished\":\"2023-10-08T13:18:14+00:00\",\"dateModified\":\"2023-10-08T14:15:48+00:00\",\"author\":{\"@id\":\"https:\/\/www.africa-press.net\/cotedivoire\/#\/schema\/person\/2b1cf3cd81a31e3cd26889ca66d677f1\"},\"description\":\"Le nombre de visiteurs, la qualite\u0301 des visiteurs, l\u2019organisation et l\u2019animation du stand, voila\u0300 entre autres les crite ...\",\"breadcrumb\":{\"@id\":\"https:\/\/www.africa-press.net\/cotedivoire\/economie\/la-region-de-la-bagoue-rafle-le-prix-dexcellence-du-meilleur-stand-au-sara#breadcrumb\"},\"inLanguage\":\"fr-FR\",\"potentialAction\":[{\"@type\":\"ReadAction\",\"target\":[\"https:\/\/www.africa-press.net\/cotedivoire\/economie\/la-region-de-la-bagoue-rafle-le-prix-dexcellence-du-meilleur-stand-au-sara\"]}]},{\"@type\":\"ImageObject\",\"inLanguage\":\"fr-FR\",\"@id\":\"https:\/\/www.africa-press.net\/cotedivoire\/economie\/la-region-de-la-bagoue-rafle-le-prix-dexcellence-du-meilleur-stand-au-sara#primaryimage\",\"url\":\"https:\/\/static.africa-press.net\/cote\/sites\/43\/2023\/10\/sm_1696761855.870455.jpg\",\"contentUrl\":\"https:\/\/static.africa-press.net\/cote\/sites\/43\/2023\/10\/sm_1696761855.870455.jpg\",\"width\":720,\"height\":480,\"caption\":\"La r\u00e9gion de la Bagou\u00e9 rafle le prix d'excellence du meilleur stand au SARA\"},{\"@type\":\"BreadcrumbList\",\"@id\":\"https:\/\/www.africa-press.net\/cotedivoire\/economie\/la-region-de-la-bagoue-rafle-le-prix-dexcellence-du-meilleur-stand-au-sara#breadcrumb\",\"itemListElement\":[{\"@type\":\"ListItem\",\"position\":1,\"name\":\"Accueil\",\"item\":\"https:\/\/www.africa-press.net\/cotedivoire\/\"},{\"@type\":\"ListItem\",\"position\":2,\"name\":\"La r\u00e9gion de la Bagou\u00e9 rafle le prix d&#8217;excellence du meilleur stand au SARA\"}]},{\"@type\":\"WebSite\",\"@id\":\"https:\/\/www.africa-press.net\/cotedivoire\/#website\",\"url\":\"https:\/\/www.africa-press.net\/cotedivoire\/\",\"name\":\"C\u00f4te d&#039;Ivoire\",\"description\":\"Just another Africa News Agency Sites site\",\"potentialAction\":[{\"@type\":\"SearchAction\",\"target\":{\"@type\":\"EntryPoint\",\"urlTemplate\":\"https:\/\/www.africa-press.net\/cotedivoire\/?s={search_term_string}\"},\"query-input\":{\"@type\":\"PropertyValueSpecification\",\"valueRequired\":true,\"valueName\":\"search_term_string\"}}],\"inLanguage\":\"fr-FR\"},{\"@type\":\"Person\",\"@id\":\"https:\/\/www.africa-press.net\/cotedivoire\/#\/schema\/person\/2b1cf3cd81a31e3cd26889ca66d677f1\",\"name\":\"cfeditorfr\"}]}<\/script>\n<!-- \/ Yoast SEO Premium plugin. -->","yoast_head_json":{"title":"La r\u00e9gion de la Bagou\u00e9 rafle le prix d'excellence du meilleur stand au SARA - C\u00f4te d&#039;Ivoire","description":"Le nombre de visiteurs, la qualite\u0301 des visiteurs, l\u2019organisation et l\u2019animation du stand, voila\u0300 entre autres les crite ...","robots":{"index":"index","follow":"follow","max-snippet":"max-snippet:-1","max-image-preview":"max-image-preview:large","max-video-preview":"max-video-preview:-1"},"canonical":"https:\/\/www.africa-press.net\/cotedivoire\/economie\/la-region-de-la-bagoue-rafle-le-prix-dexcellence-du-meilleur-stand-au-sara","og_locale":"fr_FR","og_type":"article","og_title":"La r\u00e9gion de la Bagou\u00e9 rafle le prix d'excellence du meilleur stand au SARA","og_description":"Le nombre de visiteurs, la qualite\u0301 des visiteurs, l\u2019organisation et l\u2019animation du stand, voila\u0300 entre autres les crite ...","og_url":"https:\/\/www.africa-press.net\/cotedivoire\/economie\/la-region-de-la-bagoue-rafle-le-prix-dexcellence-du-meilleur-stand-au-sara","og_site_name":"C\u00f4te d&#039;Ivoire","article_published_time":"2023-10-08T13:18:14+00:00","article_modified_time":"2023-10-08T14:15:48+00:00","og_image":[{"width":720,"height":480,"url":"https:\/\/static.africa-press.net\/cote\/sites\/43\/2023\/10\/sm_1696761855.870455.jpg","type":"image\/jpeg"}],"author":"cfeditorfr","twitter_card":"summary_large_image","twitter_misc":{"\u00c9crit par":"cfeditorfr","Dur\u00e9e de lecture estim\u00e9e":"1 minute"},"schema":{"@context":"https:\/\/schema.org","@graph":[{"@type":"Article","@id":"https:\/\/www.africa-press.net\/cotedivoire\/economie\/la-region-de-la-bagoue-rafle-le-prix-dexcellence-du-meilleur-stand-au-sara#article","isPartOf":{"@id":"https:\/\/www.africa-press.net\/cotedivoire\/economie\/la-region-de-la-bagoue-rafle-le-prix-dexcellence-du-meilleur-stand-au-sara"},"author":{"name":"cfeditorfr","@id":"https:\/\/www.africa-press.net\/cotedivoire\/#\/schema\/person\/2b1cf3cd81a31e3cd26889ca66d677f1"},"headline":"La r\u00e9gion de la Bagou\u00e9 rafle le prix d&rsquo;excellence du meilleur stand au SARA","datePublished":"2023-10-08T13:18:14+00:00","dateModified":"2023-10-08T14:15:48+00:00","mainEntityOfPage":{"@id":"https:\/\/www.africa-press.net\/cotedivoire\/economie\/la-region-de-la-bagoue-rafle-le-prix-dexcellence-du-meilleur-stand-au-sara"},"wordCount":305,"commentCount":0,"image":{"@id":"https:\/\/www.africa-press.net\/cotedivoire\/economie\/la-region-de-la-bagoue-rafle-le-prix-dexcellence-du-meilleur-stand-au-sara#primaryimage"},"thumbnailUrl":"https:\/\/static.africa-press.net\/cote\/sites\/43\/2023\/10\/sm_1696761855.870455.jpg","keywords":["Adjoumani","Africa Press","Africa Press-C\u00f4te d'Ivoire","Bagou\u00e9","Bruno","C\u00d4TE D'IVOIRE","Kon\u00e9","Port-Bou\u00ebt","SARA"],"articleSection":["\u00c9conomie","Toutes les actualit\u00e9s"],"inLanguage":"fr-FR","potentialAction":[{"@type":"CommentAction","name":"Comment","target":["https:\/\/www.africa-press.net\/cotedivoire\/economie\/la-region-de-la-bagoue-rafle-le-prix-dexcellence-du-meilleur-stand-au-sara#respond"]}]},{"@type":"WebPage","@id":"https:\/\/www.africa-press.net\/cotedivoire\/economie\/la-region-de-la-bagoue-rafle-le-prix-dexcellence-du-meilleur-stand-au-sara","url":"https:\/\/www.africa-press.net\/cotedivoire\/economie\/la-region-de-la-bagoue-rafle-le-prix-dexcellence-du-meilleur-stand-au-sara","name":"La r\u00e9gion de la Bagou\u00e9 rafle le prix d'excellence du meilleur stand au SARA - C\u00f4te d&#039;Ivoire","isPartOf":{"@id":"https:\/\/www.africa-press.net\/cotedivoire\/#website"},"primaryImageOfPage":{"@id":"https:\/\/www.africa-press.net\/cotedivoire\/economie\/la-region-de-la-bagoue-rafle-le-prix-dexcellence-du-meilleur-stand-au-sara#primaryimage"},"image":{"@id":"https:\/\/www.africa-press.net\/cotedivoire\/economie\/la-region-de-la-bagoue-rafle-le-prix-dexcellence-du-meilleur-stand-au-sara#primaryimage"},"thumbnailUrl":"https:\/\/static.africa-press.net\/cote\/sites\/43\/2023\/10\/sm_1696761855.870455.jpg","datePublished":"2023-10-08T13:18:14+00:00","dateModified":"2023-10-08T14:15:48+00:00","author":{"@id":"https:\/\/www.africa-press.net\/cotedivoire\/#\/schema\/person\/2b1cf3cd81a31e3cd26889ca66d677f1"},"description":"Le nombre de visiteurs, la qualite\u0301 des visiteurs, l\u2019organisation et l\u2019animation du stand, voila\u0300 entre autres les crite ...","breadcrumb":{"@id":"https:\/\/www.africa-press.net\/cotedivoire\/economie\/la-region-de-la-bagoue-rafle-le-prix-dexcellence-du-meilleur-stand-au-sara#breadcrumb"},"inLanguage":"fr-FR","potentialAction":[{"@type":"ReadAction","target":["https:\/\/www.africa-press.net\/cotedivoire\/economie\/la-region-de-la-bagoue-rafle-le-prix-dexcellence-du-meilleur-stand-au-sara"]}]},{"@type":"ImageObject","inLanguage":"fr-FR","@id":"https:\/\/www.africa-press.net\/cotedivoire\/economie\/la-region-de-la-bagoue-rafle-le-prix-dexcellence-du-meilleur-stand-au-sara#primaryimage","url":"https:\/\/static.africa-press.net\/cote\/sites\/43\/2023\/10\/sm_1696761855.870455.jpg","contentUrl":"https:\/\/static.africa-press.net\/cote\/sites\/43\/2023\/10\/sm_1696761855.870455.jpg","width":720,"height":480,"caption":"La r\u00e9gion de la Bagou\u00e9 rafle le prix d'excellence du meilleur stand au SARA"},{"@type":"BreadcrumbList","@id":"https:\/\/www.africa-press.net\/cotedivoire\/economie\/la-region-de-la-bagoue-rafle-le-prix-dexcellence-du-meilleur-stand-au-sara#breadcrumb","itemListElement":[{"@type":"ListItem","position":1,"name":"Accueil","item":"https:\/\/www.africa-press.net\/cotedivoire\/"},{"@type":"ListItem","position":2,"name":"La r\u00e9gion de la Bagou\u00e9 rafle le prix d&#8217;excellence du meilleur stand au SARA"}]},{"@type":"WebSite","@id":"https:\/\/www.africa-press.net\/cotedivoire\/#website","url":"https:\/\/www.africa-press.net\/cotedivoire\/","name":"C\u00f4te d&#039;Ivoire","description":"Just another Africa News Agency Sites site","potentialAction":[{"@type":"SearchAction","target":{"@type":"EntryPoint","urlTemplate":"https:\/\/www.africa-press.net\/cotedivoire\/?s={search_term_string}"},"query-input":{"@type":"PropertyValueSpecification","valueRequired":true,"valueName":"search_term_string"}}],"inLanguage":"fr-FR"},{"@type":"Person","@id":"https:\/\/www.africa-press.net\/cotedivoire\/#\/schema\/person\/2b1cf3cd81a31e3cd26889ca66d677f1","name":"cfeditorfr"}]}},"_links":{"self":[{"href":"https:\/\/www.africa-press.net\/cotedivoire\/wp-json\/wp\/v2\/posts\/67154","targetHints":{"allow":["GET"]}}],"collection":[{"href":"https:\/\/www.africa-press.net\/cotedivoire\/wp-json\/wp\/v2\/posts"}],"about":[{"href":"https:\/\/www.africa-press.net\/cotedivoire\/wp-json\/wp\/v2\/types\/post"}],"author":[{"embeddable":true,"href":"https:\/\/www.africa-press.net\/cotedivoire\/wp-json\/wp\/v2\/users\/82"}],"replies":[{"embeddable":true,"href":"https:\/\/www.africa-press.net\/cotedivoire\/wp-json\/wp\/v2\/comments?post=67154"}],"version-history":[{"count":0,"href":"https:\/\/www.africa-press.net\/cotedivoire\/wp-json\/wp\/v2\/posts\/67154\/revisions"}],"wp:featuredmedia":[{"embeddable":true,"href":"https:\/\/www.africa-press.net\/cotedivoire\/wp-json\/wp\/v2\/media\/67153"}],"wp:attachment":[{"href":"https:\/\/www.africa-press.net\/cotedivoire\/wp-json\/wp\/v2\/media?parent=67154"}],"wp:term":[{"taxonomy":"category","embeddable":true,"href":"https:\/\/www.africa-press.net\/cotedivoire\/wp-json\/wp\/v2\/categories?post=67154"},{"taxonomy":"post_tag","embeddable":true,"href":"https:\/\/www.africa-press.net\/cotedivoire\/wp-json\/wp\/v2\/tags?post=67154"}],"curies":[{"name":"wp","href":"https:\/\/api.w.org\/{rel}","templated":true}]}}