{"id":67274,"date":"2023-10-10T16:35:15","date_gmt":"2023-10-10T16:35:15","guid":{"rendered":"https:\/\/www.africa-press.net\/cotedivoire\/politique\/lakota-lunesco-fait-don-dun-important-lot-de-materiels-didactiques-et-pedagogiques-aux-eleves-et-enseignants-de-zokolilie"},"modified":"2023-10-10T17:36:36","modified_gmt":"2023-10-10T17:36:36","slug":"lakota-lunesco-fait-don-dun-important-lot-de-materiels-didactiques-et-pedagogiques-aux-eleves-et-enseignants-de-zokolilie","status":"publish","type":"post","link":"https:\/\/www.africa-press.net\/cotedivoire\/photo\/lakota-lunesco-fait-don-dun-important-lot-de-materiels-didactiques-et-pedagogiques-aux-eleves-et-enseignants-de-zokolilie","title":{"rendered":"Lakota, l&rsquo;Unesco fait don d&rsquo;un important lot de mat\u00e9riels didactiques et p\u00e9dagogiques aux \u00e9l\u00e8ves et enseignants de Zokolili\u00e9"},"content":{"rendered":"<p><span style=\"color: #ff6600\"><strong>Africa-Press &#8211; C\u00f4te d&rsquo;Ivoire. <\/strong><\/span>Dans le courant du mois de mars 2023, une tornade a fait de nombreux de\u0301ga\u0302ts a\u0300 Zokolilie\u0301, un village de la sous-pre\u0301fecture de Lakota. Les 3 e\u0301coles primaires dudit village ont e\u0301te\u0301 sinistre\u0301es.<\/p>\n<p>\u00abJ\u2019ai vu des institutrices en pleurs parce qu\u2019elles avaient tout perdu. Le mate\u0301riel didactique e\u0301tait dans l\u2019eau\u00bb, s\u2019est souvenu Binate\u0301 Lassina, pre\u0301fet du de\u0301partement de Lakota.<\/p>\n<p>Samedi, il a pre\u0301side\u0301 la ce\u0301re\u0301monie de remise de kits scolaires a\u0300 la communaute\u0301 e\u0301ducative de Zokolilie\u0301. Un don de l\u2019Unesco compose\u0301 essentiellement de mate\u0301riels pe\u0301dagogiques pour e\u0301le\u0300ves et enseignants. Le pre\u0301fet a salue\u0301 la spontane\u0301ite\u0301 avec laquelle les cadres de Zokolilie\u0301 se sont organise\u0301s pour voler au secours de ces e\u0301coles.<\/p>\n<p>Aussi, l\u2019autorite\u0301 administrative a-t-elle remercie\u0301 l\u2019Unesco pour son geste envers le village.<\/p>\n<p>\u00abNous sommes conscients des de\u0301fis<\/p>\n<p>auxquels les e\u0301coles de Zokolilie\u0301 sont confronte\u0301s. En particulier les<\/p>\n<p>dommages cause\u0301s par la tornade du 4 mars 2023. Cela a eu un impact significatif sur les e\u0301le\u0300ves de ces e\u0301coles et sur la vie de la<\/p>\n<p>communaute\u0301 scolaire. La ce\u0301re\u0301monie de remise de don de mate\u0301riel didactique de l\u2019Unesco rentre dans le cadre du programme de participation 2022-2023\u00bb, a de\u0301clare\u0301 Soro N\u2019golo, le Secre\u0301taire ge\u0301ne\u0301ral de la commission nationale de l\u2019Unesco. Il dit avoir e\u0301te\u0301 saisi par Sam Wakouboue\u0301, fils et cadre du village, pour que la structure en charge de l\u2019e\u0301ducation dans le monde apporte un appui a\u0300 Zokolilie\u0301.<\/p>\n<p>\u00abNous sommes venus ici dans un esprit de collaboration, de solidarite\u0301, fraternite\u0301, des valeurs qui sont au c\u0153ur de la mission de<\/p>\n<p>l\u2019Unesco. Cette ce\u0301re\u0301monie de remise de don de l\u2019Unesco est la preuve de l\u2019engagement de l\u2019Unesco pour une e\u0301ducation inclusive et de qualite\u0301\u00bb, a ajoute\u0301 Soro N\u2019golo. Il n\u2019a pas manque\u0301 de remercier Sam Wakouboue\u0301, initiateur de cette ce\u0301re\u0301monie, pour sa de\u0301termination en faveur de l\u2019e\u0301ducation des enfants de Zokolilie\u0301, qui sont, dira N\u2019golo,<\/p>\n<p>l\u2019espoir de la nation et la promesse d\u2019un meilleur avenir. Des remerciements re\u0301ite\u0301re\u0301s par Fofana Inza, Directeur re\u0301gional de<\/p>\n<p>l\u2019e\u0301ducation nationale.<\/p>\n<p>\u00abVous avez agi dans le bon sens. Nous voulons que les cadres s\u2019impliquent dans l\u2019e\u0301ducation car l\u2019Etat seul ne peut pas tout faire\u00bb, a souligne\u0301 le collaborateur de la ministre Mariatou Kone\u0301.<\/p>\n<p>Les diffe\u0301rents intervenants ont demande\u0301 aux be\u0301ne\u0301ficiaires des dons d\u2019en faire bon usage. Signalons que Zokolilie\u0301 est le village natal de professeur Gnale\u0301ga Je\u0301re\u0301mie, 1er proviseur noir de Co\u0302te d\u2019Ivoire. A cet effet, le secre\u0301taire ge\u0301ne\u0301ral de l\u2019Unesco a rendu un hommage au pre\u0301curseur de l\u2019e\u0301ducation et de l\u2019e\u0301mancipation de la jeunesse ivoirienne. \u00abSon he\u0301ritage est entretenu par ses enfants et les cadres de Zokolilie\u0301, parmi lesquels Sam Wakouboue\u0301\u00bb, a conclu le repre\u0301sentant du donateur.<\/p>\n<p>Wassimagnon<\/p>\n\r\n                <style type=\"text\/css\">\r\n                    \r\n                    #td_uid_1_69f53fd974056  .td-doubleSlider-2 .td-item1 {\r\n                        background: url(https:\/\/static.africa-press.net\/cote\/sites\/43\/2023\/10\/sm_1696946658.357365-80x60.jpg) 0 0 no-repeat;\r\n                    }\r\n                    #td_uid_1_69f53fd974056  .td-doubleSlider-2 .td-item2 {\r\n                        background: url(https:\/\/static.africa-press.net\/cote\/sites\/43\/2023\/10\/sm_1696946679.2146-80x60.jpg) 0 0 no-repeat;\r\n                    }\r\n                <\/style>\r\n\r\n                <div id=\"td_uid_1_69f53fd974056\" class=\"td-gallery td-slide-on-2-columns\">\r\n                    <div class=\"post_td_gallery\">\r\n                        <div class=\"td-gallery-slide-top\">\r\n                           <div class=\"td-gallery-title\"><\/div>\r\n\r\n                            <div class=\"td-gallery-controls-wrapper\">\r\n                                <div class=\"td-gallery-slide-count\"><span class=\"td-gallery-slide-item-focus\">1<\/span> de 2<\/div>\r\n                                <div class=\"td-gallery-slide-prev-next-but\">\r\n                                    <i class = \"td-icon-left doubleSliderPrevButton\"><\/i>\r\n                                    <i class = \"td-icon-right doubleSliderNextButton\"><\/i>\r\n                                <\/div>\r\n                            <\/div>\r\n                        <\/div>\r\n\r\n                        <div class = \"td-doubleSlider-1 \">\r\n                            <div class = \"td-slider\">\r\n                                \r\n                    <div class = \"td-slide-item td-item1\">\r\n                        <figure class=\"td-slide-galery-figure td-slide-popup-gallery\">\r\n                            <a class=\"slide-gallery-image-link\" href=\"https:\/\/static.africa-press.net\/cote\/sites\/43\/2023\/10\/sm_1696946658.357365.jpg\" title=\"sm_1696946658.357365\"  data-caption=\"\"  data-description=\"\">\r\n                                <img decoding=\"async\" src=\"https:\/\/static.africa-press.net\/cote\/sites\/43\/2023\/10\/sm_1696946658.357365.jpg\" srcset=\"https:\/\/static.africa-press.net\/cote\/sites\/43\/2023\/10\/sm_1696946658.357365.jpg 1000w, https:\/\/static.africa-press.net\/cote\/sites\/43\/2023\/10\/sm_1696946658.357365-300x169.jpg 300w, https:\/\/static.africa-press.net\/cote\/sites\/43\/2023\/10\/sm_1696946658.357365-768x432.jpg 768w\" sizes=\"(max-width: 1000px) 100vw, 1000px\" alt=\"\">\r\n                            <\/a>\r\n                            \r\n                        <\/figure>\r\n                    <\/div>\r\n                    <div class = \"td-slide-item td-item2\">\r\n                        <figure class=\"td-slide-galery-figure td-slide-popup-gallery\">\r\n                            <a class=\"slide-gallery-image-link\" href=\"https:\/\/static.africa-press.net\/cote\/sites\/43\/2023\/10\/sm_1696946679.2146.jpg\" title=\"sm_1696946679.2146\"  data-caption=\"\"  data-description=\"\">\r\n                                <img decoding=\"async\" src=\"https:\/\/static.africa-press.net\/cote\/sites\/43\/2023\/10\/sm_1696946679.2146.jpg\" srcset=\"https:\/\/static.africa-press.net\/cote\/sites\/43\/2023\/10\/sm_1696946679.2146.jpg 1000w, https:\/\/static.africa-press.net\/cote\/sites\/43\/2023\/10\/sm_1696946679.2146-300x200.jpg 300w, https:\/\/static.africa-press.net\/cote\/sites\/43\/2023\/10\/sm_1696946679.2146-768x512.jpg 768w\" sizes=\"(max-width: 1000px) 100vw, 1000px\" alt=\"\">\r\n                            <\/a>\r\n                            \r\n                        <\/figure>\r\n                    <\/div>\r\n                            <\/div>\r\n                        <\/div>\r\n\r\n                        <div class = \"td-doubleSlider-2\">\r\n                            <div class = \"td-slider\">\r\n                                \r\n                    <div class = \"td-button td-item1\">\r\n                        <div class = \"td-border\"><\/div>\r\n                    <\/div>\r\n                    <div class = \"td-button td-item2\">\r\n                        <div class = \"td-border\"><\/div>\r\n                    <\/div>\r\n                            <\/div>\r\n                        <\/div>\r\n\r\n                    <\/div>\r\n\r\n                <\/div>\r\n                \n<p><strong>Pour plus d&rsquo;informations et d&rsquo;analyses sur la <a href=\"https:\/\/www.africa-press.net\/cotedivoire\">C\u00f4te d&rsquo;Ivoire<\/a>, suivez <a href=\"https:\/\/www.africa-press.net\/\">Africa-Press<\/a><\/strong><\/p>\n","protected":false},"excerpt":{"rendered":"<p>Africa-Press &#8211; C\u00f4te d&rsquo;Ivoire. Dans le courant du mois de mars 2023, une tornade a fait de nombreux de\u0301ga\u0302ts a\u0300 Zokolilie\u0301, un village de la sous-pre\u0301fecture de Lakota. Les 3 e\u0301coles primaires dudit village ont e\u0301te\u0301 sinistre\u0301es. \u00abJ\u2019ai vu des institutrices en pleurs parce qu\u2019elles avaient tout perdu. Le mate\u0301riel didactique e\u0301tait dans l\u2019eau\u00bb, s\u2019est [&hellip;]<\/p>\n","protected":false},"author":82,"featured_media":67273,"comment_status":"open","ping_status":"closed","sticky":false,"template":"","format":"standard","meta":{"footnotes":""},"categories":[21,8,10],"tags":[56,63,29,9373,11441,1993,11440],"class_list":["post-67274","post","type-post","status-publish","format-standard","has-post-thumbnail","hentry","category-communaute","category-photo","category-toutes-les-actualites","tag-africa-press","tag-africa-press-cote-divoire","tag-cote-divoire","tag-dons","tag-primaires","tag-unesco","tag-zokolilie"],"yoast_head":"<!-- This site is optimized with the Yoast SEO Premium plugin v26.1 (Yoast SEO v27.0) - https:\/\/yoast.com\/product\/yoast-seo-premium-wordpress\/ -->\n<title>Lakota, l&#039;Unesco fait don d&#039;un important lot de mat\u00e9riels didactiques et p\u00e9dagogiques aux \u00e9l\u00e8ves et enseignants de Zokolili\u00e9 - C\u00f4te d&#039;Ivoire<\/title>\n<meta name=\"description\" content=\"Dans le courant du mois de mars 2023, une tornade a fait de nombreux de\u0301ga\u0302ts a\u0300 Zokolilie\u0301, un village de la sous-pre\u0301f ...\" \/>\n<meta name=\"robots\" content=\"index, follow, max-snippet:-1, max-image-preview:large, max-video-preview:-1\" \/>\n<link rel=\"canonical\" href=\"https:\/\/www.africa-press.net\/cotedivoire\/photo\/lakota-lunesco-fait-don-dun-important-lot-de-materiels-didactiques-et-pedagogiques-aux-eleves-et-enseignants-de-zokolilie\" \/>\n<meta property=\"og:locale\" content=\"fr_FR\" \/>\n<meta property=\"og:type\" content=\"article\" \/>\n<meta property=\"og:title\" content=\"Lakota, l&#039;Unesco fait don d&#039;un important lot de mat\u00e9riels didactiques et p\u00e9dagogiques aux \u00e9l\u00e8ves et enseignants de Zokolili\u00e9\" \/>\n<meta property=\"og:description\" content=\"Dans le courant du mois de mars 2023, une tornade a fait de nombreux de\u0301ga\u0302ts a\u0300 Zokolilie\u0301, un village de la sous-pre\u0301f ...\" \/>\n<meta property=\"og:url\" content=\"https:\/\/www.africa-press.net\/cotedivoire\/photo\/lakota-lunesco-fait-don-dun-important-lot-de-materiels-didactiques-et-pedagogiques-aux-eleves-et-enseignants-de-zokolilie\" \/>\n<meta property=\"og:site_name\" content=\"C\u00f4te d&#039;Ivoire\" \/>\n<meta property=\"article:published_time\" content=\"2023-10-10T16:35:15+00:00\" \/>\n<meta property=\"article:modified_time\" content=\"2023-10-10T17:36:36+00:00\" \/>\n<meta property=\"og:image\" content=\"https:\/\/static.africa-press.net\/cote\/sites\/43\/2023\/10\/sm_1696946697.199633.jpg\" \/>\n\t<meta property=\"og:image:width\" content=\"720\" \/>\n\t<meta property=\"og:image:height\" content=\"480\" \/>\n\t<meta property=\"og:image:type\" content=\"image\/jpeg\" \/>\n<meta name=\"author\" content=\"cfeditorfr\" \/>\n<meta name=\"twitter:card\" content=\"summary_large_image\" \/>\n<meta name=\"twitter:label1\" content=\"\u00c9crit par\" \/>\n\t<meta name=\"twitter:data1\" content=\"cfeditorfr\" \/>\n\t<meta name=\"twitter:label2\" content=\"Dur\u00e9e de lecture estim\u00e9e\" \/>\n\t<meta name=\"twitter:data2\" content=\"3 minutes\" \/>\n<script type=\"application\/ld+json\" class=\"yoast-schema-graph\">{\"@context\":\"https:\/\/schema.org\",\"@graph\":[{\"@type\":\"Article\",\"@id\":\"https:\/\/www.africa-press.net\/cotedivoire\/photo\/lakota-lunesco-fait-don-dun-important-lot-de-materiels-didactiques-et-pedagogiques-aux-eleves-et-enseignants-de-zokolilie#article\",\"isPartOf\":{\"@id\":\"https:\/\/www.africa-press.net\/cotedivoire\/photo\/lakota-lunesco-fait-don-dun-important-lot-de-materiels-didactiques-et-pedagogiques-aux-eleves-et-enseignants-de-zokolilie\"},\"author\":{\"name\":\"cfeditorfr\",\"@id\":\"https:\/\/www.africa-press.net\/cotedivoire\/#\/schema\/person\/2b1cf3cd81a31e3cd26889ca66d677f1\"},\"headline\":\"Lakota, l&rsquo;Unesco fait don d&rsquo;un important lot de mat\u00e9riels didactiques et p\u00e9dagogiques aux \u00e9l\u00e8ves et enseignants de Zokolili\u00e9\",\"datePublished\":\"2023-10-10T16:35:15+00:00\",\"dateModified\":\"2023-10-10T17:36:36+00:00\",\"mainEntityOfPage\":{\"@id\":\"https:\/\/www.africa-press.net\/cotedivoire\/photo\/lakota-lunesco-fait-don-dun-important-lot-de-materiels-didactiques-et-pedagogiques-aux-eleves-et-enseignants-de-zokolilie\"},\"wordCount\":581,\"commentCount\":0,\"image\":{\"@id\":\"https:\/\/www.africa-press.net\/cotedivoire\/photo\/lakota-lunesco-fait-don-dun-important-lot-de-materiels-didactiques-et-pedagogiques-aux-eleves-et-enseignants-de-zokolilie#primaryimage\"},\"thumbnailUrl\":\"https:\/\/static.africa-press.net\/cote\/sites\/43\/2023\/10\/sm_1696946697.199633.jpg\",\"keywords\":[\"Africa Press\",\"Africa Press-C\u00f4te d'Ivoire\",\"C\u00d4TE D'IVOIRE\",\"Dons\",\"primaires\",\"UNESCO\",\"Zokolili\u00e9\"],\"articleSection\":[\"Communaut\u00e9\",\"Photo\",\"Toutes les actualit\u00e9s\"],\"inLanguage\":\"fr-FR\",\"potentialAction\":[{\"@type\":\"CommentAction\",\"name\":\"Comment\",\"target\":[\"https:\/\/www.africa-press.net\/cotedivoire\/photo\/lakota-lunesco-fait-don-dun-important-lot-de-materiels-didactiques-et-pedagogiques-aux-eleves-et-enseignants-de-zokolilie#respond\"]}]},{\"@type\":\"WebPage\",\"@id\":\"https:\/\/www.africa-press.net\/cotedivoire\/photo\/lakota-lunesco-fait-don-dun-important-lot-de-materiels-didactiques-et-pedagogiques-aux-eleves-et-enseignants-de-zokolilie\",\"url\":\"https:\/\/www.africa-press.net\/cotedivoire\/photo\/lakota-lunesco-fait-don-dun-important-lot-de-materiels-didactiques-et-pedagogiques-aux-eleves-et-enseignants-de-zokolilie\",\"name\":\"Lakota, l'Unesco fait don d'un important lot de mat\u00e9riels didactiques et p\u00e9dagogiques aux \u00e9l\u00e8ves et enseignants de Zokolili\u00e9 - C\u00f4te d&#039;Ivoire\",\"isPartOf\":{\"@id\":\"https:\/\/www.africa-press.net\/cotedivoire\/#website\"},\"primaryImageOfPage\":{\"@id\":\"https:\/\/www.africa-press.net\/cotedivoire\/photo\/lakota-lunesco-fait-don-dun-important-lot-de-materiels-didactiques-et-pedagogiques-aux-eleves-et-enseignants-de-zokolilie#primaryimage\"},\"image\":{\"@id\":\"https:\/\/www.africa-press.net\/cotedivoire\/photo\/lakota-lunesco-fait-don-dun-important-lot-de-materiels-didactiques-et-pedagogiques-aux-eleves-et-enseignants-de-zokolilie#primaryimage\"},\"thumbnailUrl\":\"https:\/\/static.africa-press.net\/cote\/sites\/43\/2023\/10\/sm_1696946697.199633.jpg\",\"datePublished\":\"2023-10-10T16:35:15+00:00\",\"dateModified\":\"2023-10-10T17:36:36+00:00\",\"author\":{\"@id\":\"https:\/\/www.africa-press.net\/cotedivoire\/#\/schema\/person\/2b1cf3cd81a31e3cd26889ca66d677f1\"},\"description\":\"Dans le courant du mois de mars 2023, une tornade a fait de nombreux de\u0301ga\u0302ts a\u0300 Zokolilie\u0301, un village de la sous-pre\u0301f ...\",\"breadcrumb\":{\"@id\":\"https:\/\/www.africa-press.net\/cotedivoire\/photo\/lakota-lunesco-fait-don-dun-important-lot-de-materiels-didactiques-et-pedagogiques-aux-eleves-et-enseignants-de-zokolilie#breadcrumb\"},\"inLanguage\":\"fr-FR\",\"potentialAction\":[{\"@type\":\"ReadAction\",\"target\":[\"https:\/\/www.africa-press.net\/cotedivoire\/photo\/lakota-lunesco-fait-don-dun-important-lot-de-materiels-didactiques-et-pedagogiques-aux-eleves-et-enseignants-de-zokolilie\"]}]},{\"@type\":\"ImageObject\",\"inLanguage\":\"fr-FR\",\"@id\":\"https:\/\/www.africa-press.net\/cotedivoire\/photo\/lakota-lunesco-fait-don-dun-important-lot-de-materiels-didactiques-et-pedagogiques-aux-eleves-et-enseignants-de-zokolilie#primaryimage\",\"url\":\"https:\/\/static.africa-press.net\/cote\/sites\/43\/2023\/10\/sm_1696946697.199633.jpg\",\"contentUrl\":\"https:\/\/static.africa-press.net\/cote\/sites\/43\/2023\/10\/sm_1696946697.199633.jpg\",\"width\":720,\"height\":480,\"caption\":\"Lakota, l'Unesco fait don d'un important lot de mat\u00e9riels didactiques et p\u00e9dagogiques aux \u00e9l\u00e8ves et enseignants de Zokolili\u00e9\"},{\"@type\":\"BreadcrumbList\",\"@id\":\"https:\/\/www.africa-press.net\/cotedivoire\/photo\/lakota-lunesco-fait-don-dun-important-lot-de-materiels-didactiques-et-pedagogiques-aux-eleves-et-enseignants-de-zokolilie#breadcrumb\",\"itemListElement\":[{\"@type\":\"ListItem\",\"position\":1,\"name\":\"Accueil\",\"item\":\"https:\/\/www.africa-press.net\/cotedivoire\/\"},{\"@type\":\"ListItem\",\"position\":2,\"name\":\"Lakota, l&#8217;Unesco fait don d&#8217;un important lot de mat\u00e9riels didactiques et p\u00e9dagogiques aux \u00e9l\u00e8ves et enseignants de Zokolili\u00e9\"}]},{\"@type\":\"WebSite\",\"@id\":\"https:\/\/www.africa-press.net\/cotedivoire\/#website\",\"url\":\"https:\/\/www.africa-press.net\/cotedivoire\/\",\"name\":\"C\u00f4te d&#039;Ivoire\",\"description\":\"Just another Africa News Agency Sites site\",\"potentialAction\":[{\"@type\":\"SearchAction\",\"target\":{\"@type\":\"EntryPoint\",\"urlTemplate\":\"https:\/\/www.africa-press.net\/cotedivoire\/?s={search_term_string}\"},\"query-input\":{\"@type\":\"PropertyValueSpecification\",\"valueRequired\":true,\"valueName\":\"search_term_string\"}}],\"inLanguage\":\"fr-FR\"},{\"@type\":\"Person\",\"@id\":\"https:\/\/www.africa-press.net\/cotedivoire\/#\/schema\/person\/2b1cf3cd81a31e3cd26889ca66d677f1\",\"name\":\"cfeditorfr\"}]}<\/script>\n<!-- \/ Yoast SEO Premium plugin. -->","yoast_head_json":{"title":"Lakota, l'Unesco fait don d'un important lot de mat\u00e9riels didactiques et p\u00e9dagogiques aux \u00e9l\u00e8ves et enseignants de Zokolili\u00e9 - C\u00f4te d&#039;Ivoire","description":"Dans le courant du mois de mars 2023, une tornade a fait de nombreux de\u0301ga\u0302ts a\u0300 Zokolilie\u0301, un village de la sous-pre\u0301f ...","robots":{"index":"index","follow":"follow","max-snippet":"max-snippet:-1","max-image-preview":"max-image-preview:large","max-video-preview":"max-video-preview:-1"},"canonical":"https:\/\/www.africa-press.net\/cotedivoire\/photo\/lakota-lunesco-fait-don-dun-important-lot-de-materiels-didactiques-et-pedagogiques-aux-eleves-et-enseignants-de-zokolilie","og_locale":"fr_FR","og_type":"article","og_title":"Lakota, l'Unesco fait don d'un important lot de mat\u00e9riels didactiques et p\u00e9dagogiques aux \u00e9l\u00e8ves et enseignants de Zokolili\u00e9","og_description":"Dans le courant du mois de mars 2023, une tornade a fait de nombreux de\u0301ga\u0302ts a\u0300 Zokolilie\u0301, un village de la sous-pre\u0301f ...","og_url":"https:\/\/www.africa-press.net\/cotedivoire\/photo\/lakota-lunesco-fait-don-dun-important-lot-de-materiels-didactiques-et-pedagogiques-aux-eleves-et-enseignants-de-zokolilie","og_site_name":"C\u00f4te d&#039;Ivoire","article_published_time":"2023-10-10T16:35:15+00:00","article_modified_time":"2023-10-10T17:36:36+00:00","og_image":[{"width":720,"height":480,"url":"https:\/\/static.africa-press.net\/cote\/sites\/43\/2023\/10\/sm_1696946697.199633.jpg","type":"image\/jpeg"}],"author":"cfeditorfr","twitter_card":"summary_large_image","twitter_misc":{"\u00c9crit par":"cfeditorfr","Dur\u00e9e de lecture estim\u00e9e":"3 minutes"},"schema":{"@context":"https:\/\/schema.org","@graph":[{"@type":"Article","@id":"https:\/\/www.africa-press.net\/cotedivoire\/photo\/lakota-lunesco-fait-don-dun-important-lot-de-materiels-didactiques-et-pedagogiques-aux-eleves-et-enseignants-de-zokolilie#article","isPartOf":{"@id":"https:\/\/www.africa-press.net\/cotedivoire\/photo\/lakota-lunesco-fait-don-dun-important-lot-de-materiels-didactiques-et-pedagogiques-aux-eleves-et-enseignants-de-zokolilie"},"author":{"name":"cfeditorfr","@id":"https:\/\/www.africa-press.net\/cotedivoire\/#\/schema\/person\/2b1cf3cd81a31e3cd26889ca66d677f1"},"headline":"Lakota, l&rsquo;Unesco fait don d&rsquo;un important lot de mat\u00e9riels didactiques et p\u00e9dagogiques aux \u00e9l\u00e8ves et enseignants de Zokolili\u00e9","datePublished":"2023-10-10T16:35:15+00:00","dateModified":"2023-10-10T17:36:36+00:00","mainEntityOfPage":{"@id":"https:\/\/www.africa-press.net\/cotedivoire\/photo\/lakota-lunesco-fait-don-dun-important-lot-de-materiels-didactiques-et-pedagogiques-aux-eleves-et-enseignants-de-zokolilie"},"wordCount":581,"commentCount":0,"image":{"@id":"https:\/\/www.africa-press.net\/cotedivoire\/photo\/lakota-lunesco-fait-don-dun-important-lot-de-materiels-didactiques-et-pedagogiques-aux-eleves-et-enseignants-de-zokolilie#primaryimage"},"thumbnailUrl":"https:\/\/static.africa-press.net\/cote\/sites\/43\/2023\/10\/sm_1696946697.199633.jpg","keywords":["Africa Press","Africa Press-C\u00f4te d'Ivoire","C\u00d4TE D'IVOIRE","Dons","primaires","UNESCO","Zokolili\u00e9"],"articleSection":["Communaut\u00e9","Photo","Toutes les actualit\u00e9s"],"inLanguage":"fr-FR","potentialAction":[{"@type":"CommentAction","name":"Comment","target":["https:\/\/www.africa-press.net\/cotedivoire\/photo\/lakota-lunesco-fait-don-dun-important-lot-de-materiels-didactiques-et-pedagogiques-aux-eleves-et-enseignants-de-zokolilie#respond"]}]},{"@type":"WebPage","@id":"https:\/\/www.africa-press.net\/cotedivoire\/photo\/lakota-lunesco-fait-don-dun-important-lot-de-materiels-didactiques-et-pedagogiques-aux-eleves-et-enseignants-de-zokolilie","url":"https:\/\/www.africa-press.net\/cotedivoire\/photo\/lakota-lunesco-fait-don-dun-important-lot-de-materiels-didactiques-et-pedagogiques-aux-eleves-et-enseignants-de-zokolilie","name":"Lakota, l'Unesco fait don d'un important lot de mat\u00e9riels didactiques et p\u00e9dagogiques aux \u00e9l\u00e8ves et enseignants de Zokolili\u00e9 - C\u00f4te d&#039;Ivoire","isPartOf":{"@id":"https:\/\/www.africa-press.net\/cotedivoire\/#website"},"primaryImageOfPage":{"@id":"https:\/\/www.africa-press.net\/cotedivoire\/photo\/lakota-lunesco-fait-don-dun-important-lot-de-materiels-didactiques-et-pedagogiques-aux-eleves-et-enseignants-de-zokolilie#primaryimage"},"image":{"@id":"https:\/\/www.africa-press.net\/cotedivoire\/photo\/lakota-lunesco-fait-don-dun-important-lot-de-materiels-didactiques-et-pedagogiques-aux-eleves-et-enseignants-de-zokolilie#primaryimage"},"thumbnailUrl":"https:\/\/static.africa-press.net\/cote\/sites\/43\/2023\/10\/sm_1696946697.199633.jpg","datePublished":"2023-10-10T16:35:15+00:00","dateModified":"2023-10-10T17:36:36+00:00","author":{"@id":"https:\/\/www.africa-press.net\/cotedivoire\/#\/schema\/person\/2b1cf3cd81a31e3cd26889ca66d677f1"},"description":"Dans le courant du mois de mars 2023, une tornade a fait de nombreux de\u0301ga\u0302ts a\u0300 Zokolilie\u0301, un village de la sous-pre\u0301f ...","breadcrumb":{"@id":"https:\/\/www.africa-press.net\/cotedivoire\/photo\/lakota-lunesco-fait-don-dun-important-lot-de-materiels-didactiques-et-pedagogiques-aux-eleves-et-enseignants-de-zokolilie#breadcrumb"},"inLanguage":"fr-FR","potentialAction":[{"@type":"ReadAction","target":["https:\/\/www.africa-press.net\/cotedivoire\/photo\/lakota-lunesco-fait-don-dun-important-lot-de-materiels-didactiques-et-pedagogiques-aux-eleves-et-enseignants-de-zokolilie"]}]},{"@type":"ImageObject","inLanguage":"fr-FR","@id":"https:\/\/www.africa-press.net\/cotedivoire\/photo\/lakota-lunesco-fait-don-dun-important-lot-de-materiels-didactiques-et-pedagogiques-aux-eleves-et-enseignants-de-zokolilie#primaryimage","url":"https:\/\/static.africa-press.net\/cote\/sites\/43\/2023\/10\/sm_1696946697.199633.jpg","contentUrl":"https:\/\/static.africa-press.net\/cote\/sites\/43\/2023\/10\/sm_1696946697.199633.jpg","width":720,"height":480,"caption":"Lakota, l'Unesco fait don d'un important lot de mat\u00e9riels didactiques et p\u00e9dagogiques aux \u00e9l\u00e8ves et enseignants de Zokolili\u00e9"},{"@type":"BreadcrumbList","@id":"https:\/\/www.africa-press.net\/cotedivoire\/photo\/lakota-lunesco-fait-don-dun-important-lot-de-materiels-didactiques-et-pedagogiques-aux-eleves-et-enseignants-de-zokolilie#breadcrumb","itemListElement":[{"@type":"ListItem","position":1,"name":"Accueil","item":"https:\/\/www.africa-press.net\/cotedivoire\/"},{"@type":"ListItem","position":2,"name":"Lakota, l&#8217;Unesco fait don d&#8217;un important lot de mat\u00e9riels didactiques et p\u00e9dagogiques aux \u00e9l\u00e8ves et enseignants de Zokolili\u00e9"}]},{"@type":"WebSite","@id":"https:\/\/www.africa-press.net\/cotedivoire\/#website","url":"https:\/\/www.africa-press.net\/cotedivoire\/","name":"C\u00f4te d&#039;Ivoire","description":"Just another Africa News Agency Sites site","potentialAction":[{"@type":"SearchAction","target":{"@type":"EntryPoint","urlTemplate":"https:\/\/www.africa-press.net\/cotedivoire\/?s={search_term_string}"},"query-input":{"@type":"PropertyValueSpecification","valueRequired":true,"valueName":"search_term_string"}}],"inLanguage":"fr-FR"},{"@type":"Person","@id":"https:\/\/www.africa-press.net\/cotedivoire\/#\/schema\/person\/2b1cf3cd81a31e3cd26889ca66d677f1","name":"cfeditorfr"}]}},"_links":{"self":[{"href":"https:\/\/www.africa-press.net\/cotedivoire\/wp-json\/wp\/v2\/posts\/67274","targetHints":{"allow":["GET"]}}],"collection":[{"href":"https:\/\/www.africa-press.net\/cotedivoire\/wp-json\/wp\/v2\/posts"}],"about":[{"href":"https:\/\/www.africa-press.net\/cotedivoire\/wp-json\/wp\/v2\/types\/post"}],"author":[{"embeddable":true,"href":"https:\/\/www.africa-press.net\/cotedivoire\/wp-json\/wp\/v2\/users\/82"}],"replies":[{"embeddable":true,"href":"https:\/\/www.africa-press.net\/cotedivoire\/wp-json\/wp\/v2\/comments?post=67274"}],"version-history":[{"count":0,"href":"https:\/\/www.africa-press.net\/cotedivoire\/wp-json\/wp\/v2\/posts\/67274\/revisions"}],"wp:featuredmedia":[{"embeddable":true,"href":"https:\/\/www.africa-press.net\/cotedivoire\/wp-json\/wp\/v2\/media\/67273"}],"wp:attachment":[{"href":"https:\/\/www.africa-press.net\/cotedivoire\/wp-json\/wp\/v2\/media?parent=67274"}],"wp:term":[{"taxonomy":"category","embeddable":true,"href":"https:\/\/www.africa-press.net\/cotedivoire\/wp-json\/wp\/v2\/categories?post=67274"},{"taxonomy":"post_tag","embeddable":true,"href":"https:\/\/www.africa-press.net\/cotedivoire\/wp-json\/wp\/v2\/tags?post=67274"}],"curies":[{"name":"wp","href":"https:\/\/api.w.org\/{rel}","templated":true}]}}