{"id":67279,"date":"2023-10-10T16:35:54","date_gmt":"2023-10-10T16:35:54","guid":{"rendered":"https:\/\/www.africa-press.net\/cotedivoire\/politique\/journee-de-reconnaissance-des-militants-rhdp-de-la-france-celebres"},"modified":"2023-10-10T17:38:05","modified_gmt":"2023-10-10T17:38:05","slug":"journee-de-reconnaissance-des-militants-rhdp-de-la-france-celebres","status":"publish","type":"post","link":"https:\/\/www.africa-press.net\/cotedivoire\/politique\/journee-de-reconnaissance-des-militants-rhdp-de-la-france-celebres","title":{"rendered":"Journ\u00e9e de reconnaissance, des militants RHDP de la France c\u00e9l\u00e9br\u00e9s"},"content":{"rendered":"<p><span style=\"color: #ff6600\"><strong>Africa-Press &#8211; C\u00f4te d&rsquo;Ivoire. <\/strong><\/span>Les militants du Rassemblement des Houphoue\u0301tistes pour la de\u0301mocratie et la paix (Rhdp) ont e\u0301te\u0301 magnifie\u0301s a\u0300 la Journe\u0301e de remerciement aux militants de la diaspora (Joremid) dont l\u2019acte 1 s\u2019est de\u0301roule\u0301 a\u0300 l&rsquo;ho\u0302tel Novotel Paris-Est porte de Bagnolet en France, le samedi 7 octobre 2023. Cet e\u0301ve\u0300nement a e\u0301te\u0301 initie\u0301 par Ouattara Dramane dit OD, le Secre\u0301taire national charge\u0301 des militants de l\u2019exte\u0301rieur du Rassemblement des Houphoue\u0301tistes pour la de\u0301mocratie et la paix (Rhdp) dans le but d&rsquo;honorer les sympathisants du parti pre\u0301sidentiel installe\u0301s hors des frontie\u0300res ivoiriennes.<\/p>\n<p>La premie\u0300re ce\u0301re\u0301monie e\u0301tait place\u0301e sous le parrainage du Secre\u0301taire exe\u0301cutif du Rhdp, le ministre Ibrahima Bacongo Cisse\u0301 qui e\u0301tait repre\u0301sente\u0301 par le de\u0301pute\u0301 Kader Ouattara. Les militants me\u0301ritants du Rhdp France ont rec\u0327u des diplo\u0302mes d&rsquo;honneur qui sont venus couronner leur de\u0301marche politique. \u00ab Je voudrais saluer votre mobilisation et tout ce que vous aviez fait pour le pre\u0301sident Alassane Ouattara, la Co\u0302te d\u2019Ivoire et le Rhdp \u00bb, a de\u0301clare\u0301 OD avant de traduire sa reconnaissance a\u0300 son pre\u0301de\u0301cesseur Lancine\u0301 Diaby. \u00ab Je suis aussi la\u0300 pour vous dire les remerciements du parti a\u0300 votre e\u0301gard. Vos actions sont connues et remonte\u0301es a\u0300 la haute hie\u0301rarchie du parti \u00bb, a-t-il ajoute\u0301. Il a mentionne\u0301 l\u2019adhe\u0301sion conside\u0301rable des militants a\u0300 la vision inspirante du pre\u0301sident Ouattara.<\/p>\n<p>En prenant le poste de Secre\u0301taire national charge\u0301 des militants de l\u2019exte\u0301rieur du Rassemblement des Houphoue\u0301tistes pour la de\u0301mocratie et la paix (Rhdp), en fe\u0301vrier 2022, Ouattara Dramane dit O.D s&rsquo;e\u0301tait fixe\u0301 un objectif qui consiste a\u0300 transformer la diaspora ivoirienne en un maillon essentiel dans l\u2019encrage international du parti pre\u0301sidentiel. Pour ce faire, il ne cesse de multiplier les initiatives en faveur des militants de l\u2019exte\u0301rieur du Rhdp. Ce sont notamment des ruptures collectives de jeu\u0302ne, des se\u0301minaires de formation et des rencontres informelles qui ont permis de redynamiser les structures du parti hors de la Co\u0302te d\u2019Ivoire. \u00ab Notre vision, c&rsquo;est de mettre 2 % des suffrages exprime\u0301s au parti en 2025, soit environ 200.000 e\u0301lecteurs \u00bb, pre\u0301voit le patron du Rhdp Diaspora et de souhaiter qu\u2019il y ait des de\u0301pute\u0301s de la diaspora, plus de se\u0301nateurs de la diaspora, plus de conseillers e\u0301conomiques, sociaux et environnementaux. \u00ab Pour que cela soit possible, nous devons compter e\u0301lectoralement et e\u0302tre en situation de force \u00bb, a soutenu Ouattara Dramane qui veut e\u0301galement faire du Rhdp Diaspora, la premie\u0300re force de mobilisation a\u0300 l\u2019exte\u0301rieur. Il se bat aussi pour mieux l\u2019organiser et le discipliner.<\/p>\n<p>A\u0300 la ce\u0301re\u0301monie d\u2019hommage aux militants Rhdp France comme dans ses diffe\u0301rentes missions, OD a constate\u0301 la ne\u0301cessite\u0301 de reconnai\u0302tre le me\u0301rite et l&rsquo;engagement des militants. Ainsi, a-t-il fait la promesse de les ce\u0301le\u0301brer pour leur engagement a\u0300 des heures cruciales pour le Parti. Car, ils ont su rester loyaux et de\u0301termine\u0301s. \u00ab Je voudrais qu\u2019on continue a\u0300 renforcer le rayonnement du parti a\u0300 l\u2019exte\u0301rieur, e\u0301largir notre base, promouvoir cohe\u0301sion entre nos militants \u00bb, a mentionne\u0301 OD avant d\u2019inviter \u2018\u2019ceux qui sont partis a\u0300 revenir\u2019\u2019. Avant de prendre conge\u0301s de ses ho\u0302tes, le Secre\u0301taire national charge\u0301 des militants de l\u2019exte\u0301rieur du parti pre\u0301sidentiel, est revenu sur la grande mobilisation des militants d&rsquo;Europe, et particulie\u0300rement de France, lors de l\u2019e\u0301lection pre\u0301sidentielle de 2020 qui s\u2019e\u0301tait tenue dans un contexte particulier. Les militants et sympathisants s\u2019e\u0301taient mobilise\u0301s en masse a\u0300 travers la mare\u0301e orange sous la houlette de Lancine\u0301 Diaby alors Directeur exe\u0301cutif adjoint en charge des militants de l\u2019exte\u0301rieur.<\/p>\n<p>Apre\u0300s la capitale franc\u0327aise, la Journe\u0301e de remerciement aux militants de la diaspora (Joremid sillonnera six pays d&rsquo;Europe. L\u2019e\u0301tape parisienne a vu la pre\u0301sence des autres formations politiques comme le FPI, le PDCI, le PPA-CI, le COJEP et La Douce France.<\/p>\n<p>Wassimagnon<\/p>\n\r\n                <style type=\"text\/css\">\r\n                    \r\n                    #td_uid_1_69f3735db55e8  .td-doubleSlider-2 .td-item1 {\r\n                        background: url(https:\/\/static.africa-press.net\/cote\/sites\/43\/2023\/10\/sm_1696946773.44685-80x60.jpg) 0 0 no-repeat;\r\n                    }\r\n                    #td_uid_1_69f3735db55e8  .td-doubleSlider-2 .td-item2 {\r\n                        background: url(https:\/\/static.africa-press.net\/cote\/sites\/43\/2023\/10\/sm_1696946791.900632-80x60.jpg) 0 0 no-repeat;\r\n                    }\r\n                <\/style>\r\n\r\n                <div id=\"td_uid_1_69f3735db55e8\" class=\"td-gallery td-slide-on-2-columns\">\r\n                    <div class=\"post_td_gallery\">\r\n                        <div class=\"td-gallery-slide-top\">\r\n                           <div class=\"td-gallery-title\"><\/div>\r\n\r\n                            <div class=\"td-gallery-controls-wrapper\">\r\n                                <div class=\"td-gallery-slide-count\"><span class=\"td-gallery-slide-item-focus\">1<\/span> de 2<\/div>\r\n                                <div class=\"td-gallery-slide-prev-next-but\">\r\n                                    <i class = \"td-icon-left doubleSliderPrevButton\"><\/i>\r\n                                    <i class = \"td-icon-right doubleSliderNextButton\"><\/i>\r\n                                <\/div>\r\n                            <\/div>\r\n                        <\/div>\r\n\r\n                        <div class = \"td-doubleSlider-1 \">\r\n                            <div class = \"td-slider\">\r\n                                \r\n                    <div class = \"td-slide-item td-item1\">\r\n                        <figure class=\"td-slide-galery-figure td-slide-popup-gallery\">\r\n                            <a class=\"slide-gallery-image-link\" href=\"https:\/\/static.africa-press.net\/cote\/sites\/43\/2023\/10\/sm_1696946773.44685.jpg\" title=\"sm_1696946773.44685\"  data-caption=\"\"  data-description=\"\">\r\n                                <img decoding=\"async\" src=\"https:\/\/static.africa-press.net\/cote\/sites\/43\/2023\/10\/sm_1696946773.44685.jpg\" srcset=\"https:\/\/static.africa-press.net\/cote\/sites\/43\/2023\/10\/sm_1696946773.44685.jpg 1000w, https:\/\/static.africa-press.net\/cote\/sites\/43\/2023\/10\/sm_1696946773.44685-300x200.jpg 300w, https:\/\/static.africa-press.net\/cote\/sites\/43\/2023\/10\/sm_1696946773.44685-768x512.jpg 768w\" sizes=\"(max-width: 1000px) 100vw, 1000px\" alt=\"\">\r\n                            <\/a>\r\n                            \r\n                        <\/figure>\r\n                    <\/div>\r\n                    <div class = \"td-slide-item td-item2\">\r\n                        <figure class=\"td-slide-galery-figure td-slide-popup-gallery\">\r\n                            <a class=\"slide-gallery-image-link\" href=\"https:\/\/static.africa-press.net\/cote\/sites\/43\/2023\/10\/sm_1696946791.900632.jpg\" title=\"sm_1696946791.900632\"  data-caption=\"\"  data-description=\"\">\r\n                                <img decoding=\"async\" src=\"https:\/\/static.africa-press.net\/cote\/sites\/43\/2023\/10\/sm_1696946791.900632.jpg\" srcset=\"https:\/\/static.africa-press.net\/cote\/sites\/43\/2023\/10\/sm_1696946791.900632.jpg 1000w, https:\/\/static.africa-press.net\/cote\/sites\/43\/2023\/10\/sm_1696946791.900632-300x200.jpg 300w, https:\/\/static.africa-press.net\/cote\/sites\/43\/2023\/10\/sm_1696946791.900632-768x512.jpg 768w\" sizes=\"(max-width: 1000px) 100vw, 1000px\" alt=\"\">\r\n                            <\/a>\r\n                            \r\n                        <\/figure>\r\n                    <\/div>\r\n                            <\/div>\r\n                        <\/div>\r\n\r\n                        <div class = \"td-doubleSlider-2\">\r\n                            <div class = \"td-slider\">\r\n                                \r\n                    <div class = \"td-button td-item1\">\r\n                        <div class = \"td-border\"><\/div>\r\n                    <\/div>\r\n                    <div class = \"td-button td-item2\">\r\n                        <div class = \"td-border\"><\/div>\r\n                    <\/div>\r\n                            <\/div>\r\n                        <\/div>\r\n\r\n                    <\/div>\r\n\r\n                <\/div>\r\n                \n<p><strong>Pour plus d&rsquo;informations et d&rsquo;analyses sur la <a href=\"https:\/\/www.africa-press.net\/cotedivoire\">C\u00f4te d&rsquo;Ivoire<\/a>, suivez <a href=\"https:\/\/www.africa-press.net\/\">Africa-Press<\/a><\/strong><\/p>\n","protected":false},"excerpt":{"rendered":"<p>Africa-Press &#8211; C\u00f4te d&rsquo;Ivoire. Les militants du Rassemblement des Houphoue\u0301tistes pour la de\u0301mocratie et la paix (Rhdp) ont e\u0301te\u0301 magnifie\u0301s a\u0300 la Journe\u0301e de remerciement aux militants de la diaspora (Joremid) dont l\u2019acte 1 s\u2019est de\u0301roule\u0301 a\u0300 l&rsquo;ho\u0302tel Novotel Paris-Est porte de Bagnolet en France, le samedi 7 octobre 2023. Cet e\u0301ve\u0300nement a e\u0301te\u0301 initie\u0301 [&hellip;]<\/p>\n","protected":false},"author":82,"featured_media":67278,"comment_status":"open","ping_status":"closed","sticky":false,"template":"","format":"standard","meta":{"footnotes":""},"categories":[8,2,10],"tags":[56,63,29,88,7026,371],"class_list":["post-67279","post","type-post","status-publish","format-standard","has-post-thumbnail","hentry","category-photo","category-politique","category-toutes-les-actualites","tag-africa-press","tag-africa-press-cote-divoire","tag-cote-divoire","tag-france","tag-od","tag-rhdp"],"yoast_head":"<!-- This site is optimized with the Yoast SEO Premium plugin v26.1 (Yoast SEO v27.0) - https:\/\/yoast.com\/product\/yoast-seo-premium-wordpress\/ -->\n<title>Journ\u00e9e de reconnaissance, des militants RHDP de la France c\u00e9l\u00e9br\u00e9s - C\u00f4te d&#039;Ivoire<\/title>\n<meta name=\"description\" content=\"Les militants du Rassemblement des Houphoue\u0301tistes pour la de\u0301mocratie et la paix (Rhdp) ont e\u0301te\u0301 magnifie\u0301s a\u0300 la Jour ...\" \/>\n<meta name=\"robots\" content=\"index, follow, max-snippet:-1, max-image-preview:large, max-video-preview:-1\" \/>\n<link rel=\"canonical\" href=\"https:\/\/www.africa-press.net\/cotedivoire\/politique\/journee-de-reconnaissance-des-militants-rhdp-de-la-france-celebres\" \/>\n<meta property=\"og:locale\" content=\"fr_FR\" \/>\n<meta property=\"og:type\" content=\"article\" \/>\n<meta property=\"og:title\" content=\"Journ\u00e9e de reconnaissance, des militants RHDP de la France c\u00e9l\u00e9br\u00e9s\" \/>\n<meta property=\"og:description\" content=\"Les militants du Rassemblement des Houphoue\u0301tistes pour la de\u0301mocratie et la paix (Rhdp) ont e\u0301te\u0301 magnifie\u0301s a\u0300 la Jour ...\" \/>\n<meta property=\"og:url\" content=\"https:\/\/www.africa-press.net\/cotedivoire\/politique\/journee-de-reconnaissance-des-militants-rhdp-de-la-france-celebres\" \/>\n<meta property=\"og:site_name\" content=\"C\u00f4te d&#039;Ivoire\" \/>\n<meta property=\"article:published_time\" content=\"2023-10-10T16:35:54+00:00\" \/>\n<meta property=\"article:modified_time\" content=\"2023-10-10T17:38:05+00:00\" \/>\n<meta property=\"og:image\" content=\"https:\/\/static.africa-press.net\/cote\/sites\/43\/2023\/10\/sm_1696946811.598598.jpg\" \/>\n\t<meta property=\"og:image:width\" content=\"720\" \/>\n\t<meta property=\"og:image:height\" content=\"480\" \/>\n\t<meta property=\"og:image:type\" content=\"image\/jpeg\" \/>\n<meta name=\"author\" content=\"cfeditorfr\" \/>\n<meta name=\"twitter:card\" content=\"summary_large_image\" \/>\n<meta name=\"twitter:label1\" content=\"\u00c9crit par\" \/>\n\t<meta name=\"twitter:data1\" content=\"cfeditorfr\" \/>\n\t<meta name=\"twitter:label2\" content=\"Dur\u00e9e de lecture estim\u00e9e\" \/>\n\t<meta name=\"twitter:data2\" content=\"4 minutes\" \/>\n<script type=\"application\/ld+json\" class=\"yoast-schema-graph\">{\"@context\":\"https:\/\/schema.org\",\"@graph\":[{\"@type\":\"Article\",\"@id\":\"https:\/\/www.africa-press.net\/cotedivoire\/politique\/journee-de-reconnaissance-des-militants-rhdp-de-la-france-celebres#article\",\"isPartOf\":{\"@id\":\"https:\/\/www.africa-press.net\/cotedivoire\/politique\/journee-de-reconnaissance-des-militants-rhdp-de-la-france-celebres\"},\"author\":{\"name\":\"cfeditorfr\",\"@id\":\"https:\/\/www.africa-press.net\/cotedivoire\/#\/schema\/person\/2b1cf3cd81a31e3cd26889ca66d677f1\"},\"headline\":\"Journ\u00e9e de reconnaissance, des militants RHDP de la France c\u00e9l\u00e9br\u00e9s\",\"datePublished\":\"2023-10-10T16:35:54+00:00\",\"dateModified\":\"2023-10-10T17:38:05+00:00\",\"mainEntityOfPage\":{\"@id\":\"https:\/\/www.africa-press.net\/cotedivoire\/politique\/journee-de-reconnaissance-des-militants-rhdp-de-la-france-celebres\"},\"wordCount\":763,\"commentCount\":0,\"image\":{\"@id\":\"https:\/\/www.africa-press.net\/cotedivoire\/politique\/journee-de-reconnaissance-des-militants-rhdp-de-la-france-celebres#primaryimage\"},\"thumbnailUrl\":\"https:\/\/static.africa-press.net\/cote\/sites\/43\/2023\/10\/sm_1696946811.598598.jpg\",\"keywords\":[\"Africa Press\",\"Africa Press-C\u00f4te d'Ivoire\",\"C\u00d4TE D'IVOIRE\",\"France\",\"OD\",\"RHDP\"],\"articleSection\":[\"Photo\",\"Politique\",\"Toutes les actualit\u00e9s\"],\"inLanguage\":\"fr-FR\",\"potentialAction\":[{\"@type\":\"CommentAction\",\"name\":\"Comment\",\"target\":[\"https:\/\/www.africa-press.net\/cotedivoire\/politique\/journee-de-reconnaissance-des-militants-rhdp-de-la-france-celebres#respond\"]}]},{\"@type\":\"WebPage\",\"@id\":\"https:\/\/www.africa-press.net\/cotedivoire\/politique\/journee-de-reconnaissance-des-militants-rhdp-de-la-france-celebres\",\"url\":\"https:\/\/www.africa-press.net\/cotedivoire\/politique\/journee-de-reconnaissance-des-militants-rhdp-de-la-france-celebres\",\"name\":\"Journ\u00e9e de reconnaissance, des militants RHDP de la France c\u00e9l\u00e9br\u00e9s - C\u00f4te d&#039;Ivoire\",\"isPartOf\":{\"@id\":\"https:\/\/www.africa-press.net\/cotedivoire\/#website\"},\"primaryImageOfPage\":{\"@id\":\"https:\/\/www.africa-press.net\/cotedivoire\/politique\/journee-de-reconnaissance-des-militants-rhdp-de-la-france-celebres#primaryimage\"},\"image\":{\"@id\":\"https:\/\/www.africa-press.net\/cotedivoire\/politique\/journee-de-reconnaissance-des-militants-rhdp-de-la-france-celebres#primaryimage\"},\"thumbnailUrl\":\"https:\/\/static.africa-press.net\/cote\/sites\/43\/2023\/10\/sm_1696946811.598598.jpg\",\"datePublished\":\"2023-10-10T16:35:54+00:00\",\"dateModified\":\"2023-10-10T17:38:05+00:00\",\"author\":{\"@id\":\"https:\/\/www.africa-press.net\/cotedivoire\/#\/schema\/person\/2b1cf3cd81a31e3cd26889ca66d677f1\"},\"description\":\"Les militants du Rassemblement des Houphoue\u0301tistes pour la de\u0301mocratie et la paix (Rhdp) ont e\u0301te\u0301 magnifie\u0301s a\u0300 la Jour ...\",\"breadcrumb\":{\"@id\":\"https:\/\/www.africa-press.net\/cotedivoire\/politique\/journee-de-reconnaissance-des-militants-rhdp-de-la-france-celebres#breadcrumb\"},\"inLanguage\":\"fr-FR\",\"potentialAction\":[{\"@type\":\"ReadAction\",\"target\":[\"https:\/\/www.africa-press.net\/cotedivoire\/politique\/journee-de-reconnaissance-des-militants-rhdp-de-la-france-celebres\"]}]},{\"@type\":\"ImageObject\",\"inLanguage\":\"fr-FR\",\"@id\":\"https:\/\/www.africa-press.net\/cotedivoire\/politique\/journee-de-reconnaissance-des-militants-rhdp-de-la-france-celebres#primaryimage\",\"url\":\"https:\/\/static.africa-press.net\/cote\/sites\/43\/2023\/10\/sm_1696946811.598598.jpg\",\"contentUrl\":\"https:\/\/static.africa-press.net\/cote\/sites\/43\/2023\/10\/sm_1696946811.598598.jpg\",\"width\":720,\"height\":480,\"caption\":\"Journ\u00e9e de reconnaissance, des militants RHDP de la France c\u00e9l\u00e9br\u00e9s\"},{\"@type\":\"BreadcrumbList\",\"@id\":\"https:\/\/www.africa-press.net\/cotedivoire\/politique\/journee-de-reconnaissance-des-militants-rhdp-de-la-france-celebres#breadcrumb\",\"itemListElement\":[{\"@type\":\"ListItem\",\"position\":1,\"name\":\"Accueil\",\"item\":\"https:\/\/www.africa-press.net\/cotedivoire\/\"},{\"@type\":\"ListItem\",\"position\":2,\"name\":\"Journ\u00e9e de reconnaissance, des militants RHDP de la France c\u00e9l\u00e9br\u00e9s\"}]},{\"@type\":\"WebSite\",\"@id\":\"https:\/\/www.africa-press.net\/cotedivoire\/#website\",\"url\":\"https:\/\/www.africa-press.net\/cotedivoire\/\",\"name\":\"C\u00f4te d&#039;Ivoire\",\"description\":\"Just another Africa News Agency Sites site\",\"potentialAction\":[{\"@type\":\"SearchAction\",\"target\":{\"@type\":\"EntryPoint\",\"urlTemplate\":\"https:\/\/www.africa-press.net\/cotedivoire\/?s={search_term_string}\"},\"query-input\":{\"@type\":\"PropertyValueSpecification\",\"valueRequired\":true,\"valueName\":\"search_term_string\"}}],\"inLanguage\":\"fr-FR\"},{\"@type\":\"Person\",\"@id\":\"https:\/\/www.africa-press.net\/cotedivoire\/#\/schema\/person\/2b1cf3cd81a31e3cd26889ca66d677f1\",\"name\":\"cfeditorfr\"}]}<\/script>\n<!-- \/ Yoast SEO Premium plugin. -->","yoast_head_json":{"title":"Journ\u00e9e de reconnaissance, des militants RHDP de la France c\u00e9l\u00e9br\u00e9s - C\u00f4te d&#039;Ivoire","description":"Les militants du Rassemblement des Houphoue\u0301tistes pour la de\u0301mocratie et la paix (Rhdp) ont e\u0301te\u0301 magnifie\u0301s a\u0300 la Jour ...","robots":{"index":"index","follow":"follow","max-snippet":"max-snippet:-1","max-image-preview":"max-image-preview:large","max-video-preview":"max-video-preview:-1"},"canonical":"https:\/\/www.africa-press.net\/cotedivoire\/politique\/journee-de-reconnaissance-des-militants-rhdp-de-la-france-celebres","og_locale":"fr_FR","og_type":"article","og_title":"Journ\u00e9e de reconnaissance, des militants RHDP de la France c\u00e9l\u00e9br\u00e9s","og_description":"Les militants du Rassemblement des Houphoue\u0301tistes pour la de\u0301mocratie et la paix (Rhdp) ont e\u0301te\u0301 magnifie\u0301s a\u0300 la Jour ...","og_url":"https:\/\/www.africa-press.net\/cotedivoire\/politique\/journee-de-reconnaissance-des-militants-rhdp-de-la-france-celebres","og_site_name":"C\u00f4te d&#039;Ivoire","article_published_time":"2023-10-10T16:35:54+00:00","article_modified_time":"2023-10-10T17:38:05+00:00","og_image":[{"width":720,"height":480,"url":"https:\/\/static.africa-press.net\/cote\/sites\/43\/2023\/10\/sm_1696946811.598598.jpg","type":"image\/jpeg"}],"author":"cfeditorfr","twitter_card":"summary_large_image","twitter_misc":{"\u00c9crit par":"cfeditorfr","Dur\u00e9e de lecture estim\u00e9e":"4 minutes"},"schema":{"@context":"https:\/\/schema.org","@graph":[{"@type":"Article","@id":"https:\/\/www.africa-press.net\/cotedivoire\/politique\/journee-de-reconnaissance-des-militants-rhdp-de-la-france-celebres#article","isPartOf":{"@id":"https:\/\/www.africa-press.net\/cotedivoire\/politique\/journee-de-reconnaissance-des-militants-rhdp-de-la-france-celebres"},"author":{"name":"cfeditorfr","@id":"https:\/\/www.africa-press.net\/cotedivoire\/#\/schema\/person\/2b1cf3cd81a31e3cd26889ca66d677f1"},"headline":"Journ\u00e9e de reconnaissance, des militants RHDP de la France c\u00e9l\u00e9br\u00e9s","datePublished":"2023-10-10T16:35:54+00:00","dateModified":"2023-10-10T17:38:05+00:00","mainEntityOfPage":{"@id":"https:\/\/www.africa-press.net\/cotedivoire\/politique\/journee-de-reconnaissance-des-militants-rhdp-de-la-france-celebres"},"wordCount":763,"commentCount":0,"image":{"@id":"https:\/\/www.africa-press.net\/cotedivoire\/politique\/journee-de-reconnaissance-des-militants-rhdp-de-la-france-celebres#primaryimage"},"thumbnailUrl":"https:\/\/static.africa-press.net\/cote\/sites\/43\/2023\/10\/sm_1696946811.598598.jpg","keywords":["Africa Press","Africa Press-C\u00f4te d'Ivoire","C\u00d4TE D'IVOIRE","France","OD","RHDP"],"articleSection":["Photo","Politique","Toutes les actualit\u00e9s"],"inLanguage":"fr-FR","potentialAction":[{"@type":"CommentAction","name":"Comment","target":["https:\/\/www.africa-press.net\/cotedivoire\/politique\/journee-de-reconnaissance-des-militants-rhdp-de-la-france-celebres#respond"]}]},{"@type":"WebPage","@id":"https:\/\/www.africa-press.net\/cotedivoire\/politique\/journee-de-reconnaissance-des-militants-rhdp-de-la-france-celebres","url":"https:\/\/www.africa-press.net\/cotedivoire\/politique\/journee-de-reconnaissance-des-militants-rhdp-de-la-france-celebres","name":"Journ\u00e9e de reconnaissance, des militants RHDP de la France c\u00e9l\u00e9br\u00e9s - C\u00f4te d&#039;Ivoire","isPartOf":{"@id":"https:\/\/www.africa-press.net\/cotedivoire\/#website"},"primaryImageOfPage":{"@id":"https:\/\/www.africa-press.net\/cotedivoire\/politique\/journee-de-reconnaissance-des-militants-rhdp-de-la-france-celebres#primaryimage"},"image":{"@id":"https:\/\/www.africa-press.net\/cotedivoire\/politique\/journee-de-reconnaissance-des-militants-rhdp-de-la-france-celebres#primaryimage"},"thumbnailUrl":"https:\/\/static.africa-press.net\/cote\/sites\/43\/2023\/10\/sm_1696946811.598598.jpg","datePublished":"2023-10-10T16:35:54+00:00","dateModified":"2023-10-10T17:38:05+00:00","author":{"@id":"https:\/\/www.africa-press.net\/cotedivoire\/#\/schema\/person\/2b1cf3cd81a31e3cd26889ca66d677f1"},"description":"Les militants du Rassemblement des Houphoue\u0301tistes pour la de\u0301mocratie et la paix (Rhdp) ont e\u0301te\u0301 magnifie\u0301s a\u0300 la Jour ...","breadcrumb":{"@id":"https:\/\/www.africa-press.net\/cotedivoire\/politique\/journee-de-reconnaissance-des-militants-rhdp-de-la-france-celebres#breadcrumb"},"inLanguage":"fr-FR","potentialAction":[{"@type":"ReadAction","target":["https:\/\/www.africa-press.net\/cotedivoire\/politique\/journee-de-reconnaissance-des-militants-rhdp-de-la-france-celebres"]}]},{"@type":"ImageObject","inLanguage":"fr-FR","@id":"https:\/\/www.africa-press.net\/cotedivoire\/politique\/journee-de-reconnaissance-des-militants-rhdp-de-la-france-celebres#primaryimage","url":"https:\/\/static.africa-press.net\/cote\/sites\/43\/2023\/10\/sm_1696946811.598598.jpg","contentUrl":"https:\/\/static.africa-press.net\/cote\/sites\/43\/2023\/10\/sm_1696946811.598598.jpg","width":720,"height":480,"caption":"Journ\u00e9e de reconnaissance, des militants RHDP de la France c\u00e9l\u00e9br\u00e9s"},{"@type":"BreadcrumbList","@id":"https:\/\/www.africa-press.net\/cotedivoire\/politique\/journee-de-reconnaissance-des-militants-rhdp-de-la-france-celebres#breadcrumb","itemListElement":[{"@type":"ListItem","position":1,"name":"Accueil","item":"https:\/\/www.africa-press.net\/cotedivoire\/"},{"@type":"ListItem","position":2,"name":"Journ\u00e9e de reconnaissance, des militants RHDP de la France c\u00e9l\u00e9br\u00e9s"}]},{"@type":"WebSite","@id":"https:\/\/www.africa-press.net\/cotedivoire\/#website","url":"https:\/\/www.africa-press.net\/cotedivoire\/","name":"C\u00f4te d&#039;Ivoire","description":"Just another Africa News Agency Sites site","potentialAction":[{"@type":"SearchAction","target":{"@type":"EntryPoint","urlTemplate":"https:\/\/www.africa-press.net\/cotedivoire\/?s={search_term_string}"},"query-input":{"@type":"PropertyValueSpecification","valueRequired":true,"valueName":"search_term_string"}}],"inLanguage":"fr-FR"},{"@type":"Person","@id":"https:\/\/www.africa-press.net\/cotedivoire\/#\/schema\/person\/2b1cf3cd81a31e3cd26889ca66d677f1","name":"cfeditorfr"}]}},"_links":{"self":[{"href":"https:\/\/www.africa-press.net\/cotedivoire\/wp-json\/wp\/v2\/posts\/67279","targetHints":{"allow":["GET"]}}],"collection":[{"href":"https:\/\/www.africa-press.net\/cotedivoire\/wp-json\/wp\/v2\/posts"}],"about":[{"href":"https:\/\/www.africa-press.net\/cotedivoire\/wp-json\/wp\/v2\/types\/post"}],"author":[{"embeddable":true,"href":"https:\/\/www.africa-press.net\/cotedivoire\/wp-json\/wp\/v2\/users\/82"}],"replies":[{"embeddable":true,"href":"https:\/\/www.africa-press.net\/cotedivoire\/wp-json\/wp\/v2\/comments?post=67279"}],"version-history":[{"count":0,"href":"https:\/\/www.africa-press.net\/cotedivoire\/wp-json\/wp\/v2\/posts\/67279\/revisions"}],"wp:featuredmedia":[{"embeddable":true,"href":"https:\/\/www.africa-press.net\/cotedivoire\/wp-json\/wp\/v2\/media\/67278"}],"wp:attachment":[{"href":"https:\/\/www.africa-press.net\/cotedivoire\/wp-json\/wp\/v2\/media?parent=67279"}],"wp:term":[{"taxonomy":"category","embeddable":true,"href":"https:\/\/www.africa-press.net\/cotedivoire\/wp-json\/wp\/v2\/categories?post=67279"},{"taxonomy":"post_tag","embeddable":true,"href":"https:\/\/www.africa-press.net\/cotedivoire\/wp-json\/wp\/v2\/tags?post=67279"}],"curies":[{"name":"wp","href":"https:\/\/api.w.org\/{rel}","templated":true}]}}