{"id":67312,"date":"2023-10-11T14:42:36","date_gmt":"2023-10-11T14:42:36","guid":{"rendered":"https:\/\/www.africa-press.net\/cotedivoire\/politique\/pluies-diluviennes-depuis-vendredi-retards-au-travail-et-accidents"},"modified":"2023-10-11T16:10:50","modified_gmt":"2023-10-11T16:10:50","slug":"pluies-diluviennes-depuis-vendredi-retards-au-travail-et-accidents","status":"publish","type":"post","link":"https:\/\/www.africa-press.net\/cotedivoire\/toutes-les-actualites\/pluies-diluviennes-depuis-vendredi-retards-au-travail-et-accidents","title":{"rendered":"Pluies diluviennes depuis vendredi, retards au travail et accidents"},"content":{"rendered":"<p><span style=\"color: #ff6600\"><strong>Africa-Press &#8211; C\u00f4te d&rsquo;Ivoire. <\/strong><\/span>La pluie s&rsquo;abat de fac\u0327on diluvienne depuis vendredi soir (6 octobre 2023, ndlr) sur une grande partie centre-sud de la Co\u0302te d&rsquo;Ivoire.<\/p>\n<p>Parfois, il pleut sans discontinuite\u0301, a\u0300 l&rsquo;image de ce mercredi matin avec ces trombes d&rsquo;eau et ses spectacles de torrents d&rsquo;eaux ruisselantes transformant certaines zones en ve\u0301ritables points d&rsquo;eau, me\u0302me si, contrairement a\u0300 d&rsquo;autres e\u0301poques, l&rsquo;e\u0301vacuation s&rsquo;effectue bel et bien.<\/p>\n<p>Conse\u0301quence, embouteillages monstres, des retards au travail, des travailleurs ruraux contraints de remettre les travaux champe\u0302tres, des enfants scotche\u0301s a\u0300 la maison dans l&rsquo;incapacite\u0301 d&rsquo;aller a\u0300 l&rsquo;e\u0301cole et, poubelles sur roues qui circulent, des accrochages et des accidents de la circulation en pagaille.<\/p>\n<p>Ce matin a\u0300 Bingerville<\/p>\n<p>La phase actuelle dite d&rsquo;entre\u0301e dans une phase de re\u0301chauffement climatique pourrait e\u0302tre a\u0300 l&rsquo;origine de ces changements de calendriers, peut e\u0302tre e\u0301tablis lors d&rsquo;une phase de refroidissement.<\/p>\n\r\n                <style type=\"text\/css\">\r\n                    \r\n                    #td_uid_1_69f4cca5aac0a  .td-doubleSlider-2 .td-item1 {\r\n                        background: url(https:\/\/static.africa-press.net\/cote\/sites\/43\/2023\/10\/sm_1697027979.28323-80x60.jpg) 0 0 no-repeat;\r\n                    }\r\n                <\/style>\r\n\r\n                <div id=\"td_uid_1_69f4cca5aac0a\" class=\"td-gallery td-slide-on-2-columns\">\r\n                    <div class=\"post_td_gallery\">\r\n                        <div class=\"td-gallery-slide-top\">\r\n                           <div class=\"td-gallery-title\"><\/div>\r\n\r\n                            <div class=\"td-gallery-controls-wrapper\">\r\n                                <div class=\"td-gallery-slide-count\"><span class=\"td-gallery-slide-item-focus\">1<\/span> de 1<\/div>\r\n                                <div class=\"td-gallery-slide-prev-next-but\">\r\n                                    <i class = \"td-icon-left doubleSliderPrevButton\"><\/i>\r\n                                    <i class = \"td-icon-right doubleSliderNextButton\"><\/i>\r\n                                <\/div>\r\n                            <\/div>\r\n                        <\/div>\r\n\r\n                        <div class = \"td-doubleSlider-1 \">\r\n                            <div class = \"td-slider\">\r\n                                \r\n                    <div class = \"td-slide-item td-item1\">\r\n                        <figure class=\"td-slide-galery-figure td-slide-popup-gallery\">\r\n                            <a class=\"slide-gallery-image-link\" href=\"https:\/\/static.africa-press.net\/cote\/sites\/43\/2023\/10\/sm_1697027979.28323.jpg\" title=\"sm_1697027979.28323\"  data-caption=\"\"  data-description=\"\">\r\n                                <img decoding=\"async\" src=\"https:\/\/static.africa-press.net\/cote\/sites\/43\/2023\/10\/sm_1697027979.28323.jpg\" srcset=\"https:\/\/static.africa-press.net\/cote\/sites\/43\/2023\/10\/sm_1697027979.28323.jpg 1000w, https:\/\/static.africa-press.net\/cote\/sites\/43\/2023\/10\/sm_1697027979.28323-300x187.jpg 300w, https:\/\/static.africa-press.net\/cote\/sites\/43\/2023\/10\/sm_1697027979.28323-768x478.jpg 768w\" sizes=\"(max-width: 1000px) 100vw, 1000px\" alt=\"\">\r\n                            <\/a>\r\n                            \r\n                        <\/figure>\r\n                    <\/div>\r\n                            <\/div>\r\n                        <\/div>\r\n\r\n                        <div class = \"td-doubleSlider-2\">\r\n                            <div class = \"td-slider\">\r\n                                \r\n                    <div class = \"td-button td-item1\">\r\n                        <div class = \"td-border\"><\/div>\r\n                    <\/div>\r\n                            <\/div>\r\n                        <\/div>\r\n\r\n                    <\/div>\r\n\r\n                <\/div>\r\n                \n<p><strong>Pour plus d&rsquo;informations et d&rsquo;analyses sur la <a href=\"https:\/\/www.africa-press.net\/cotedivoire\">C\u00f4te d&rsquo;Ivoire<\/a>, suivez <a href=\"https:\/\/www.africa-press.net\/\">Africa-Press<\/a><\/strong><\/p>\n","protected":false},"excerpt":{"rendered":"<p>Africa-Press &#8211; C\u00f4te d&rsquo;Ivoire. La pluie s&rsquo;abat de fac\u0327on diluvienne depuis vendredi soir (6 octobre 2023, ndlr) sur une grande partie centre-sud de la Co\u0302te d&rsquo;Ivoire. Parfois, il pleut sans discontinuite\u0301, a\u0300 l&rsquo;image de ce mercredi matin avec ces trombes d&rsquo;eau et ses spectacles de torrents d&rsquo;eaux ruisselantes transformant certaines zones en ve\u0301ritables points d&rsquo;eau, [&hellip;]<\/p>\n","protected":false},"author":82,"featured_media":67311,"comment_status":"open","ping_status":"closed","sticky":false,"template":"","format":"standard","meta":{"footnotes":""},"categories":[21,10],"tags":[56,63,29,1592],"class_list":["post-67312","post","type-post","status-publish","format-standard","has-post-thumbnail","hentry","category-communaute","category-toutes-les-actualites","tag-africa-press","tag-africa-press-cote-divoire","tag-cote-divoire","tag-pluie"],"yoast_head":"<!-- This site is optimized with the Yoast SEO Premium plugin v26.1 (Yoast SEO v27.0) - https:\/\/yoast.com\/product\/yoast-seo-premium-wordpress\/ -->\n<title>Pluies diluviennes depuis vendredi, retards au travail et accidents - C\u00f4te d&#039;Ivoire<\/title>\n<meta name=\"description\" content=\"La pluie s&#039;abat de fac\u0327on diluvienne depuis vendredi soir (6 octobre 2023, ndlr) sur une grande partie centre-sud de la ...\" \/>\n<meta name=\"robots\" content=\"index, follow, max-snippet:-1, max-image-preview:large, max-video-preview:-1\" \/>\n<link rel=\"canonical\" href=\"https:\/\/www.africa-press.net\/cotedivoire\/toutes-les-actualites\/pluies-diluviennes-depuis-vendredi-retards-au-travail-et-accidents\" \/>\n<meta property=\"og:locale\" content=\"fr_FR\" \/>\n<meta property=\"og:type\" content=\"article\" \/>\n<meta property=\"og:title\" content=\"Pluies diluviennes depuis vendredi, retards au travail et accidents\" \/>\n<meta property=\"og:description\" content=\"La pluie s&#039;abat de fac\u0327on diluvienne depuis vendredi soir (6 octobre 2023, ndlr) sur une grande partie centre-sud de la ...\" \/>\n<meta property=\"og:url\" content=\"https:\/\/www.africa-press.net\/cotedivoire\/toutes-les-actualites\/pluies-diluviennes-depuis-vendredi-retards-au-travail-et-accidents\" \/>\n<meta property=\"og:site_name\" content=\"C\u00f4te d&#039;Ivoire\" \/>\n<meta property=\"article:published_time\" content=\"2023-10-11T14:42:36+00:00\" \/>\n<meta property=\"article:modified_time\" content=\"2023-10-11T16:10:50+00:00\" \/>\n<meta property=\"og:image\" content=\"https:\/\/static.africa-press.net\/cote\/sites\/43\/2023\/10\/sm_1697027994.128784.jpg\" \/>\n\t<meta property=\"og:image:width\" content=\"720\" \/>\n\t<meta property=\"og:image:height\" content=\"427\" \/>\n\t<meta property=\"og:image:type\" content=\"image\/jpeg\" \/>\n<meta name=\"author\" content=\"cfeditorfr\" \/>\n<meta name=\"twitter:card\" content=\"summary_large_image\" \/>\n<meta name=\"twitter:label1\" content=\"\u00c9crit par\" \/>\n\t<meta name=\"twitter:data1\" content=\"cfeditorfr\" \/>\n\t<meta name=\"twitter:label2\" content=\"Dur\u00e9e de lecture estim\u00e9e\" \/>\n\t<meta name=\"twitter:data2\" content=\"1 minute\" \/>\n<script type=\"application\/ld+json\" class=\"yoast-schema-graph\">{\"@context\":\"https:\/\/schema.org\",\"@graph\":[{\"@type\":\"Article\",\"@id\":\"https:\/\/www.africa-press.net\/cotedivoire\/toutes-les-actualites\/pluies-diluviennes-depuis-vendredi-retards-au-travail-et-accidents#article\",\"isPartOf\":{\"@id\":\"https:\/\/www.africa-press.net\/cotedivoire\/toutes-les-actualites\/pluies-diluviennes-depuis-vendredi-retards-au-travail-et-accidents\"},\"author\":{\"name\":\"cfeditorfr\",\"@id\":\"https:\/\/www.africa-press.net\/cotedivoire\/#\/schema\/person\/2b1cf3cd81a31e3cd26889ca66d677f1\"},\"headline\":\"Pluies diluviennes depuis vendredi, retards au travail et accidents\",\"datePublished\":\"2023-10-11T14:42:36+00:00\",\"dateModified\":\"2023-10-11T16:10:50+00:00\",\"mainEntityOfPage\":{\"@id\":\"https:\/\/www.africa-press.net\/cotedivoire\/toutes-les-actualites\/pluies-diluviennes-depuis-vendredi-retards-au-travail-et-accidents\"},\"wordCount\":205,\"commentCount\":0,\"image\":{\"@id\":\"https:\/\/www.africa-press.net\/cotedivoire\/toutes-les-actualites\/pluies-diluviennes-depuis-vendredi-retards-au-travail-et-accidents#primaryimage\"},\"thumbnailUrl\":\"https:\/\/static.africa-press.net\/cote\/sites\/43\/2023\/10\/sm_1697027994.128784.jpg\",\"keywords\":[\"Africa Press\",\"Africa Press-C\u00f4te d'Ivoire\",\"C\u00d4TE D'IVOIRE\",\"pluie\"],\"articleSection\":[\"Communaut\u00e9\",\"Toutes les actualit\u00e9s\"],\"inLanguage\":\"fr-FR\",\"potentialAction\":[{\"@type\":\"CommentAction\",\"name\":\"Comment\",\"target\":[\"https:\/\/www.africa-press.net\/cotedivoire\/toutes-les-actualites\/pluies-diluviennes-depuis-vendredi-retards-au-travail-et-accidents#respond\"]}]},{\"@type\":\"WebPage\",\"@id\":\"https:\/\/www.africa-press.net\/cotedivoire\/toutes-les-actualites\/pluies-diluviennes-depuis-vendredi-retards-au-travail-et-accidents\",\"url\":\"https:\/\/www.africa-press.net\/cotedivoire\/toutes-les-actualites\/pluies-diluviennes-depuis-vendredi-retards-au-travail-et-accidents\",\"name\":\"Pluies diluviennes depuis vendredi, retards au travail et accidents - C\u00f4te d&#039;Ivoire\",\"isPartOf\":{\"@id\":\"https:\/\/www.africa-press.net\/cotedivoire\/#website\"},\"primaryImageOfPage\":{\"@id\":\"https:\/\/www.africa-press.net\/cotedivoire\/toutes-les-actualites\/pluies-diluviennes-depuis-vendredi-retards-au-travail-et-accidents#primaryimage\"},\"image\":{\"@id\":\"https:\/\/www.africa-press.net\/cotedivoire\/toutes-les-actualites\/pluies-diluviennes-depuis-vendredi-retards-au-travail-et-accidents#primaryimage\"},\"thumbnailUrl\":\"https:\/\/static.africa-press.net\/cote\/sites\/43\/2023\/10\/sm_1697027994.128784.jpg\",\"datePublished\":\"2023-10-11T14:42:36+00:00\",\"dateModified\":\"2023-10-11T16:10:50+00:00\",\"author\":{\"@id\":\"https:\/\/www.africa-press.net\/cotedivoire\/#\/schema\/person\/2b1cf3cd81a31e3cd26889ca66d677f1\"},\"description\":\"La pluie s'abat de fac\u0327on diluvienne depuis vendredi soir (6 octobre 2023, ndlr) sur une grande partie centre-sud de la ...\",\"breadcrumb\":{\"@id\":\"https:\/\/www.africa-press.net\/cotedivoire\/toutes-les-actualites\/pluies-diluviennes-depuis-vendredi-retards-au-travail-et-accidents#breadcrumb\"},\"inLanguage\":\"fr-FR\",\"potentialAction\":[{\"@type\":\"ReadAction\",\"target\":[\"https:\/\/www.africa-press.net\/cotedivoire\/toutes-les-actualites\/pluies-diluviennes-depuis-vendredi-retards-au-travail-et-accidents\"]}]},{\"@type\":\"ImageObject\",\"inLanguage\":\"fr-FR\",\"@id\":\"https:\/\/www.africa-press.net\/cotedivoire\/toutes-les-actualites\/pluies-diluviennes-depuis-vendredi-retards-au-travail-et-accidents#primaryimage\",\"url\":\"https:\/\/static.africa-press.net\/cote\/sites\/43\/2023\/10\/sm_1697027994.128784.jpg\",\"contentUrl\":\"https:\/\/static.africa-press.net\/cote\/sites\/43\/2023\/10\/sm_1697027994.128784.jpg\",\"width\":720,\"height\":427,\"caption\":\"Pluies diluviennes depuis vendredi, retards au travail et accidents\"},{\"@type\":\"BreadcrumbList\",\"@id\":\"https:\/\/www.africa-press.net\/cotedivoire\/toutes-les-actualites\/pluies-diluviennes-depuis-vendredi-retards-au-travail-et-accidents#breadcrumb\",\"itemListElement\":[{\"@type\":\"ListItem\",\"position\":1,\"name\":\"Accueil\",\"item\":\"https:\/\/www.africa-press.net\/cotedivoire\/\"},{\"@type\":\"ListItem\",\"position\":2,\"name\":\"Pluies diluviennes depuis vendredi, retards au travail et accidents\"}]},{\"@type\":\"WebSite\",\"@id\":\"https:\/\/www.africa-press.net\/cotedivoire\/#website\",\"url\":\"https:\/\/www.africa-press.net\/cotedivoire\/\",\"name\":\"C\u00f4te d&#039;Ivoire\",\"description\":\"Just another Africa News Agency Sites site\",\"potentialAction\":[{\"@type\":\"SearchAction\",\"target\":{\"@type\":\"EntryPoint\",\"urlTemplate\":\"https:\/\/www.africa-press.net\/cotedivoire\/?s={search_term_string}\"},\"query-input\":{\"@type\":\"PropertyValueSpecification\",\"valueRequired\":true,\"valueName\":\"search_term_string\"}}],\"inLanguage\":\"fr-FR\"},{\"@type\":\"Person\",\"@id\":\"https:\/\/www.africa-press.net\/cotedivoire\/#\/schema\/person\/2b1cf3cd81a31e3cd26889ca66d677f1\",\"name\":\"cfeditorfr\"}]}<\/script>\n<!-- \/ Yoast SEO Premium plugin. -->","yoast_head_json":{"title":"Pluies diluviennes depuis vendredi, retards au travail et accidents - C\u00f4te d&#039;Ivoire","description":"La pluie s'abat de fac\u0327on diluvienne depuis vendredi soir (6 octobre 2023, ndlr) sur une grande partie centre-sud de la ...","robots":{"index":"index","follow":"follow","max-snippet":"max-snippet:-1","max-image-preview":"max-image-preview:large","max-video-preview":"max-video-preview:-1"},"canonical":"https:\/\/www.africa-press.net\/cotedivoire\/toutes-les-actualites\/pluies-diluviennes-depuis-vendredi-retards-au-travail-et-accidents","og_locale":"fr_FR","og_type":"article","og_title":"Pluies diluviennes depuis vendredi, retards au travail et accidents","og_description":"La pluie s'abat de fac\u0327on diluvienne depuis vendredi soir (6 octobre 2023, ndlr) sur une grande partie centre-sud de la ...","og_url":"https:\/\/www.africa-press.net\/cotedivoire\/toutes-les-actualites\/pluies-diluviennes-depuis-vendredi-retards-au-travail-et-accidents","og_site_name":"C\u00f4te d&#039;Ivoire","article_published_time":"2023-10-11T14:42:36+00:00","article_modified_time":"2023-10-11T16:10:50+00:00","og_image":[{"width":720,"height":427,"url":"https:\/\/static.africa-press.net\/cote\/sites\/43\/2023\/10\/sm_1697027994.128784.jpg","type":"image\/jpeg"}],"author":"cfeditorfr","twitter_card":"summary_large_image","twitter_misc":{"\u00c9crit par":"cfeditorfr","Dur\u00e9e de lecture estim\u00e9e":"1 minute"},"schema":{"@context":"https:\/\/schema.org","@graph":[{"@type":"Article","@id":"https:\/\/www.africa-press.net\/cotedivoire\/toutes-les-actualites\/pluies-diluviennes-depuis-vendredi-retards-au-travail-et-accidents#article","isPartOf":{"@id":"https:\/\/www.africa-press.net\/cotedivoire\/toutes-les-actualites\/pluies-diluviennes-depuis-vendredi-retards-au-travail-et-accidents"},"author":{"name":"cfeditorfr","@id":"https:\/\/www.africa-press.net\/cotedivoire\/#\/schema\/person\/2b1cf3cd81a31e3cd26889ca66d677f1"},"headline":"Pluies diluviennes depuis vendredi, retards au travail et accidents","datePublished":"2023-10-11T14:42:36+00:00","dateModified":"2023-10-11T16:10:50+00:00","mainEntityOfPage":{"@id":"https:\/\/www.africa-press.net\/cotedivoire\/toutes-les-actualites\/pluies-diluviennes-depuis-vendredi-retards-au-travail-et-accidents"},"wordCount":205,"commentCount":0,"image":{"@id":"https:\/\/www.africa-press.net\/cotedivoire\/toutes-les-actualites\/pluies-diluviennes-depuis-vendredi-retards-au-travail-et-accidents#primaryimage"},"thumbnailUrl":"https:\/\/static.africa-press.net\/cote\/sites\/43\/2023\/10\/sm_1697027994.128784.jpg","keywords":["Africa Press","Africa Press-C\u00f4te d'Ivoire","C\u00d4TE D'IVOIRE","pluie"],"articleSection":["Communaut\u00e9","Toutes les actualit\u00e9s"],"inLanguage":"fr-FR","potentialAction":[{"@type":"CommentAction","name":"Comment","target":["https:\/\/www.africa-press.net\/cotedivoire\/toutes-les-actualites\/pluies-diluviennes-depuis-vendredi-retards-au-travail-et-accidents#respond"]}]},{"@type":"WebPage","@id":"https:\/\/www.africa-press.net\/cotedivoire\/toutes-les-actualites\/pluies-diluviennes-depuis-vendredi-retards-au-travail-et-accidents","url":"https:\/\/www.africa-press.net\/cotedivoire\/toutes-les-actualites\/pluies-diluviennes-depuis-vendredi-retards-au-travail-et-accidents","name":"Pluies diluviennes depuis vendredi, retards au travail et accidents - C\u00f4te d&#039;Ivoire","isPartOf":{"@id":"https:\/\/www.africa-press.net\/cotedivoire\/#website"},"primaryImageOfPage":{"@id":"https:\/\/www.africa-press.net\/cotedivoire\/toutes-les-actualites\/pluies-diluviennes-depuis-vendredi-retards-au-travail-et-accidents#primaryimage"},"image":{"@id":"https:\/\/www.africa-press.net\/cotedivoire\/toutes-les-actualites\/pluies-diluviennes-depuis-vendredi-retards-au-travail-et-accidents#primaryimage"},"thumbnailUrl":"https:\/\/static.africa-press.net\/cote\/sites\/43\/2023\/10\/sm_1697027994.128784.jpg","datePublished":"2023-10-11T14:42:36+00:00","dateModified":"2023-10-11T16:10:50+00:00","author":{"@id":"https:\/\/www.africa-press.net\/cotedivoire\/#\/schema\/person\/2b1cf3cd81a31e3cd26889ca66d677f1"},"description":"La pluie s'abat de fac\u0327on diluvienne depuis vendredi soir (6 octobre 2023, ndlr) sur une grande partie centre-sud de la ...","breadcrumb":{"@id":"https:\/\/www.africa-press.net\/cotedivoire\/toutes-les-actualites\/pluies-diluviennes-depuis-vendredi-retards-au-travail-et-accidents#breadcrumb"},"inLanguage":"fr-FR","potentialAction":[{"@type":"ReadAction","target":["https:\/\/www.africa-press.net\/cotedivoire\/toutes-les-actualites\/pluies-diluviennes-depuis-vendredi-retards-au-travail-et-accidents"]}]},{"@type":"ImageObject","inLanguage":"fr-FR","@id":"https:\/\/www.africa-press.net\/cotedivoire\/toutes-les-actualites\/pluies-diluviennes-depuis-vendredi-retards-au-travail-et-accidents#primaryimage","url":"https:\/\/static.africa-press.net\/cote\/sites\/43\/2023\/10\/sm_1697027994.128784.jpg","contentUrl":"https:\/\/static.africa-press.net\/cote\/sites\/43\/2023\/10\/sm_1697027994.128784.jpg","width":720,"height":427,"caption":"Pluies diluviennes depuis vendredi, retards au travail et accidents"},{"@type":"BreadcrumbList","@id":"https:\/\/www.africa-press.net\/cotedivoire\/toutes-les-actualites\/pluies-diluviennes-depuis-vendredi-retards-au-travail-et-accidents#breadcrumb","itemListElement":[{"@type":"ListItem","position":1,"name":"Accueil","item":"https:\/\/www.africa-press.net\/cotedivoire\/"},{"@type":"ListItem","position":2,"name":"Pluies diluviennes depuis vendredi, retards au travail et accidents"}]},{"@type":"WebSite","@id":"https:\/\/www.africa-press.net\/cotedivoire\/#website","url":"https:\/\/www.africa-press.net\/cotedivoire\/","name":"C\u00f4te d&#039;Ivoire","description":"Just another Africa News Agency Sites site","potentialAction":[{"@type":"SearchAction","target":{"@type":"EntryPoint","urlTemplate":"https:\/\/www.africa-press.net\/cotedivoire\/?s={search_term_string}"},"query-input":{"@type":"PropertyValueSpecification","valueRequired":true,"valueName":"search_term_string"}}],"inLanguage":"fr-FR"},{"@type":"Person","@id":"https:\/\/www.africa-press.net\/cotedivoire\/#\/schema\/person\/2b1cf3cd81a31e3cd26889ca66d677f1","name":"cfeditorfr"}]}},"_links":{"self":[{"href":"https:\/\/www.africa-press.net\/cotedivoire\/wp-json\/wp\/v2\/posts\/67312","targetHints":{"allow":["GET"]}}],"collection":[{"href":"https:\/\/www.africa-press.net\/cotedivoire\/wp-json\/wp\/v2\/posts"}],"about":[{"href":"https:\/\/www.africa-press.net\/cotedivoire\/wp-json\/wp\/v2\/types\/post"}],"author":[{"embeddable":true,"href":"https:\/\/www.africa-press.net\/cotedivoire\/wp-json\/wp\/v2\/users\/82"}],"replies":[{"embeddable":true,"href":"https:\/\/www.africa-press.net\/cotedivoire\/wp-json\/wp\/v2\/comments?post=67312"}],"version-history":[{"count":0,"href":"https:\/\/www.africa-press.net\/cotedivoire\/wp-json\/wp\/v2\/posts\/67312\/revisions"}],"wp:featuredmedia":[{"embeddable":true,"href":"https:\/\/www.africa-press.net\/cotedivoire\/wp-json\/wp\/v2\/media\/67311"}],"wp:attachment":[{"href":"https:\/\/www.africa-press.net\/cotedivoire\/wp-json\/wp\/v2\/media?parent=67312"}],"wp:term":[{"taxonomy":"category","embeddable":true,"href":"https:\/\/www.africa-press.net\/cotedivoire\/wp-json\/wp\/v2\/categories?post=67312"},{"taxonomy":"post_tag","embeddable":true,"href":"https:\/\/www.africa-press.net\/cotedivoire\/wp-json\/wp\/v2\/tags?post=67312"}],"curies":[{"name":"wp","href":"https:\/\/api.w.org\/{rel}","templated":true}]}}