{"id":67504,"date":"2023-10-14T16:28:32","date_gmt":"2023-10-14T16:28:32","guid":{"rendered":"https:\/\/www.africa-press.net\/cotedivoire\/politique\/la-caf-rassure-sur-le-stade-debimpe-le-systeme-de-drainage-a-ete-double-et-tout-ira-bien"},"modified":"2023-10-14T16:45:04","modified_gmt":"2023-10-14T16:45:04","slug":"la-caf-rassure-sur-le-stade-debimpe-le-systeme-de-drainage-a-ete-double-et-tout-ira-bien","status":"publish","type":"post","link":"https:\/\/www.africa-press.net\/cotedivoire\/sports\/la-caf-rassure-sur-le-stade-debimpe-le-systeme-de-drainage-a-ete-double-et-tout-ira-bien","title":{"rendered":"La CAF rassure sur le stade d&rsquo;Ebimp\u00e9 : \u00ab Le syst\u00e8me de drainage a \u00e9t\u00e9 doubl\u00e9 et tout ira bien \u00bb"},"content":{"rendered":"<p><span style=\"color: #ff6600\"><strong>Africa-Press &#8211; C\u00f4te d&rsquo;Ivoire. <\/strong><\/span>Le Stade Olympique Alassane Ouattara d\u2019Ebimpe\u0301 accueillera bien les rencontres de la Poule A de la Coupe d\u2019Afrique des Nations (CAN) 2023 qui aura lieu du 13 janvier au 11 fe\u0301vrier 2024.<\/p>\n<p>La Confe\u0301de\u0301ration Africaine de Football (CAF) a rassure\u0301 jeudi dernier depuis Abidjan les acteurs du football qu\u2019elle n\u2019a pas pre\u0301vu de plan B concernant cette infrastructure sportive apre\u0300s son inondation le 12 septembre dernier lors de la rencontre amicale entre la Co\u0302te d\u2019Ivoire et le Mali.<\/p>\n<p>\u00ab Il n\u2019y a pas de plan B pour Ebimpe\u0301 ; Il n\u2019y a pas de proble\u0300me de drainage comme l\u2019a dit notre rapport, pluto\u0302t un proble\u0300me d\u2019entretien \u00bb, ont rassure\u0301 les membres de la CAF en marge du tirage au sort de la CAN 2023, avant d\u2019ajouter. \u00ab Le syste\u0300me de drainage a e\u0301te\u0301 double\u0301 et tout ira bien. \u00bb<\/p>\n<p>La Co\u0302te d\u2019Ivoire, le Nigeria, la Guine\u0301e-Equatoriale et la Guine\u0301e-Bissau loge\u0301s dans la Poule A joueront leurs rencontres du premier au stade d\u2019Ebimpe\u0301.<\/p>\n<p>Notons que, le match d\u2019ouverture de la CAN 2023 aura lieu le vendredi 13 janvier 2023 au stade d\u2019Ebimpe\u0301 entre la Co\u0302te d\u2019Ivoire et la Guine\u0301e-Bissau.<\/p>\n<p><strong>Pour plus d&rsquo;informations et d&rsquo;analyses sur la <a href=\"https:\/\/www.africa-press.net\/cotedivoire\">C\u00f4te d&rsquo;Ivoire<\/a>, suivez <a href=\"https:\/\/www.africa-press.net\/\">Africa-Press<\/a><\/strong><\/p>\n","protected":false},"excerpt":{"rendered":"<p>Africa-Press &#8211; C\u00f4te d&rsquo;Ivoire. Le Stade Olympique Alassane Ouattara d\u2019Ebimpe\u0301 accueillera bien les rencontres de la Poule A de la Coupe d\u2019Afrique des Nations (CAN) 2023 qui aura lieu du 13 janvier au 11 fe\u0301vrier 2024. La Confe\u0301de\u0301ration Africaine de Football (CAF) a rassure\u0301 jeudi dernier depuis Abidjan les acteurs du football qu\u2019elle n\u2019a pas [&hellip;]<\/p>\n","protected":false},"author":82,"featured_media":67503,"comment_status":"open","ping_status":"closed","sticky":false,"template":"","format":"standard","meta":{"footnotes":""},"categories":[6,10],"tags":[56,63,941,29,11480],"class_list":["post-67504","post","type-post","status-publish","format-standard","has-post-thumbnail","hentry","category-sports","category-toutes-les-actualites","tag-africa-press","tag-africa-press-cote-divoire","tag-caf","tag-cote-divoire","tag-stade-debimpe-2"],"yoast_head":"<!-- This site is optimized with the Yoast SEO Premium plugin v26.1 (Yoast SEO v27.0) - https:\/\/yoast.com\/product\/yoast-seo-premium-wordpress\/ -->\n<title>La CAF rassure sur le stade d&#039;Ebimp\u00e9 : \u00ab Le syst\u00e8me de drainage a \u00e9t\u00e9 doubl\u00e9 et tout ira bien \u00bb - C\u00f4te d&#039;Ivoire<\/title>\n<meta name=\"description\" content=\"Le Stade Olympique Alassane Ouattara d\u2019Ebimpe\u0301 accueillera bien les rencontres de la Poule A de la Coupe d\u2019Afrique des N ...\" \/>\n<meta name=\"robots\" content=\"index, follow, max-snippet:-1, max-image-preview:large, max-video-preview:-1\" \/>\n<link rel=\"canonical\" href=\"https:\/\/www.africa-press.net\/cotedivoire\/sports\/la-caf-rassure-sur-le-stade-debimpe-le-systeme-de-drainage-a-ete-double-et-tout-ira-bien\" \/>\n<meta property=\"og:locale\" content=\"fr_FR\" \/>\n<meta property=\"og:type\" content=\"article\" \/>\n<meta property=\"og:title\" content=\"La CAF rassure sur le stade d&#039;Ebimp\u00e9 : \u00ab Le syst\u00e8me de drainage a \u00e9t\u00e9 doubl\u00e9 et tout ira bien \u00bb\" \/>\n<meta property=\"og:description\" content=\"Le Stade Olympique Alassane Ouattara d\u2019Ebimpe\u0301 accueillera bien les rencontres de la Poule A de la Coupe d\u2019Afrique des N ...\" \/>\n<meta property=\"og:url\" content=\"https:\/\/www.africa-press.net\/cotedivoire\/sports\/la-caf-rassure-sur-le-stade-debimpe-le-systeme-de-drainage-a-ete-double-et-tout-ira-bien\" \/>\n<meta property=\"og:site_name\" content=\"C\u00f4te d&#039;Ivoire\" \/>\n<meta property=\"article:published_time\" content=\"2023-10-14T16:28:32+00:00\" \/>\n<meta property=\"article:modified_time\" content=\"2023-10-14T16:45:04+00:00\" \/>\n<meta property=\"og:image\" content=\"https:\/\/static.africa-press.net\/cote\/sites\/43\/2023\/10\/sm_1697289126.308716.jpg\" \/>\n\t<meta property=\"og:image:width\" content=\"720\" \/>\n\t<meta property=\"og:image:height\" content=\"540\" \/>\n\t<meta property=\"og:image:type\" content=\"image\/jpeg\" \/>\n<meta name=\"author\" content=\"cfeditorfr\" \/>\n<meta name=\"twitter:card\" content=\"summary_large_image\" \/>\n<meta name=\"twitter:label1\" content=\"\u00c9crit par\" \/>\n\t<meta name=\"twitter:data1\" content=\"cfeditorfr\" \/>\n\t<meta name=\"twitter:label2\" content=\"Dur\u00e9e de lecture estim\u00e9e\" \/>\n\t<meta name=\"twitter:data2\" content=\"1 minute\" \/>\n<script type=\"application\/ld+json\" class=\"yoast-schema-graph\">{\"@context\":\"https:\/\/schema.org\",\"@graph\":[{\"@type\":\"Article\",\"@id\":\"https:\/\/www.africa-press.net\/cotedivoire\/sports\/la-caf-rassure-sur-le-stade-debimpe-le-systeme-de-drainage-a-ete-double-et-tout-ira-bien#article\",\"isPartOf\":{\"@id\":\"https:\/\/www.africa-press.net\/cotedivoire\/sports\/la-caf-rassure-sur-le-stade-debimpe-le-systeme-de-drainage-a-ete-double-et-tout-ira-bien\"},\"author\":{\"name\":\"cfeditorfr\",\"@id\":\"https:\/\/www.africa-press.net\/cotedivoire\/#\/schema\/person\/2b1cf3cd81a31e3cd26889ca66d677f1\"},\"headline\":\"La CAF rassure sur le stade d&rsquo;Ebimp\u00e9 : \u00ab Le syst\u00e8me de drainage a \u00e9t\u00e9 doubl\u00e9 et tout ira bien \u00bb\",\"datePublished\":\"2023-10-14T16:28:32+00:00\",\"dateModified\":\"2023-10-14T16:45:04+00:00\",\"mainEntityOfPage\":{\"@id\":\"https:\/\/www.africa-press.net\/cotedivoire\/sports\/la-caf-rassure-sur-le-stade-debimpe-le-systeme-de-drainage-a-ete-double-et-tout-ira-bien\"},\"wordCount\":247,\"commentCount\":0,\"image\":{\"@id\":\"https:\/\/www.africa-press.net\/cotedivoire\/sports\/la-caf-rassure-sur-le-stade-debimpe-le-systeme-de-drainage-a-ete-double-et-tout-ira-bien#primaryimage\"},\"thumbnailUrl\":\"https:\/\/static.africa-press.net\/cote\/sites\/43\/2023\/10\/sm_1697289126.308716.jpg\",\"keywords\":[\"Africa Press\",\"Africa Press-C\u00f4te d'Ivoire\",\"CAF\",\"C\u00d4TE D'IVOIRE\",\"stade d\u2019Ebimp\u00e9\"],\"articleSection\":[\"Sports\",\"Toutes les actualit\u00e9s\"],\"inLanguage\":\"fr-FR\",\"potentialAction\":[{\"@type\":\"CommentAction\",\"name\":\"Comment\",\"target\":[\"https:\/\/www.africa-press.net\/cotedivoire\/sports\/la-caf-rassure-sur-le-stade-debimpe-le-systeme-de-drainage-a-ete-double-et-tout-ira-bien#respond\"]}]},{\"@type\":\"WebPage\",\"@id\":\"https:\/\/www.africa-press.net\/cotedivoire\/sports\/la-caf-rassure-sur-le-stade-debimpe-le-systeme-de-drainage-a-ete-double-et-tout-ira-bien\",\"url\":\"https:\/\/www.africa-press.net\/cotedivoire\/sports\/la-caf-rassure-sur-le-stade-debimpe-le-systeme-de-drainage-a-ete-double-et-tout-ira-bien\",\"name\":\"La CAF rassure sur le stade d'Ebimp\u00e9 : \u00ab Le syst\u00e8me de drainage a \u00e9t\u00e9 doubl\u00e9 et tout ira bien \u00bb - C\u00f4te d&#039;Ivoire\",\"isPartOf\":{\"@id\":\"https:\/\/www.africa-press.net\/cotedivoire\/#website\"},\"primaryImageOfPage\":{\"@id\":\"https:\/\/www.africa-press.net\/cotedivoire\/sports\/la-caf-rassure-sur-le-stade-debimpe-le-systeme-de-drainage-a-ete-double-et-tout-ira-bien#primaryimage\"},\"image\":{\"@id\":\"https:\/\/www.africa-press.net\/cotedivoire\/sports\/la-caf-rassure-sur-le-stade-debimpe-le-systeme-de-drainage-a-ete-double-et-tout-ira-bien#primaryimage\"},\"thumbnailUrl\":\"https:\/\/static.africa-press.net\/cote\/sites\/43\/2023\/10\/sm_1697289126.308716.jpg\",\"datePublished\":\"2023-10-14T16:28:32+00:00\",\"dateModified\":\"2023-10-14T16:45:04+00:00\",\"author\":{\"@id\":\"https:\/\/www.africa-press.net\/cotedivoire\/#\/schema\/person\/2b1cf3cd81a31e3cd26889ca66d677f1\"},\"description\":\"Le Stade Olympique Alassane Ouattara d\u2019Ebimpe\u0301 accueillera bien les rencontres de la Poule A de la Coupe d\u2019Afrique des N ...\",\"breadcrumb\":{\"@id\":\"https:\/\/www.africa-press.net\/cotedivoire\/sports\/la-caf-rassure-sur-le-stade-debimpe-le-systeme-de-drainage-a-ete-double-et-tout-ira-bien#breadcrumb\"},\"inLanguage\":\"fr-FR\",\"potentialAction\":[{\"@type\":\"ReadAction\",\"target\":[\"https:\/\/www.africa-press.net\/cotedivoire\/sports\/la-caf-rassure-sur-le-stade-debimpe-le-systeme-de-drainage-a-ete-double-et-tout-ira-bien\"]}]},{\"@type\":\"ImageObject\",\"inLanguage\":\"fr-FR\",\"@id\":\"https:\/\/www.africa-press.net\/cotedivoire\/sports\/la-caf-rassure-sur-le-stade-debimpe-le-systeme-de-drainage-a-ete-double-et-tout-ira-bien#primaryimage\",\"url\":\"https:\/\/static.africa-press.net\/cote\/sites\/43\/2023\/10\/sm_1697289126.308716.jpg\",\"contentUrl\":\"https:\/\/static.africa-press.net\/cote\/sites\/43\/2023\/10\/sm_1697289126.308716.jpg\",\"width\":720,\"height\":540,\"caption\":\"La CAF rassure sur le stade d'Ebimp\u00e9 : \u00ab Le syst\u00e8me de drainage a \u00e9t\u00e9 doubl\u00e9 et tout ira bien \u00bb\"},{\"@type\":\"BreadcrumbList\",\"@id\":\"https:\/\/www.africa-press.net\/cotedivoire\/sports\/la-caf-rassure-sur-le-stade-debimpe-le-systeme-de-drainage-a-ete-double-et-tout-ira-bien#breadcrumb\",\"itemListElement\":[{\"@type\":\"ListItem\",\"position\":1,\"name\":\"Accueil\",\"item\":\"https:\/\/www.africa-press.net\/cotedivoire\/\"},{\"@type\":\"ListItem\",\"position\":2,\"name\":\"La CAF rassure sur le stade d&#8217;Ebimp\u00e9 : \u00ab Le syst\u00e8me de drainage a \u00e9t\u00e9 doubl\u00e9 et tout ira bien \u00bb\"}]},{\"@type\":\"WebSite\",\"@id\":\"https:\/\/www.africa-press.net\/cotedivoire\/#website\",\"url\":\"https:\/\/www.africa-press.net\/cotedivoire\/\",\"name\":\"C\u00f4te d&#039;Ivoire\",\"description\":\"Just another Africa News Agency Sites site\",\"potentialAction\":[{\"@type\":\"SearchAction\",\"target\":{\"@type\":\"EntryPoint\",\"urlTemplate\":\"https:\/\/www.africa-press.net\/cotedivoire\/?s={search_term_string}\"},\"query-input\":{\"@type\":\"PropertyValueSpecification\",\"valueRequired\":true,\"valueName\":\"search_term_string\"}}],\"inLanguage\":\"fr-FR\"},{\"@type\":\"Person\",\"@id\":\"https:\/\/www.africa-press.net\/cotedivoire\/#\/schema\/person\/2b1cf3cd81a31e3cd26889ca66d677f1\",\"name\":\"cfeditorfr\"}]}<\/script>\n<!-- \/ Yoast SEO Premium plugin. -->","yoast_head_json":{"title":"La CAF rassure sur le stade d'Ebimp\u00e9 : \u00ab Le syst\u00e8me de drainage a \u00e9t\u00e9 doubl\u00e9 et tout ira bien \u00bb - C\u00f4te d&#039;Ivoire","description":"Le Stade Olympique Alassane Ouattara d\u2019Ebimpe\u0301 accueillera bien les rencontres de la Poule A de la Coupe d\u2019Afrique des N ...","robots":{"index":"index","follow":"follow","max-snippet":"max-snippet:-1","max-image-preview":"max-image-preview:large","max-video-preview":"max-video-preview:-1"},"canonical":"https:\/\/www.africa-press.net\/cotedivoire\/sports\/la-caf-rassure-sur-le-stade-debimpe-le-systeme-de-drainage-a-ete-double-et-tout-ira-bien","og_locale":"fr_FR","og_type":"article","og_title":"La CAF rassure sur le stade d'Ebimp\u00e9 : \u00ab Le syst\u00e8me de drainage a \u00e9t\u00e9 doubl\u00e9 et tout ira bien \u00bb","og_description":"Le Stade Olympique Alassane Ouattara d\u2019Ebimpe\u0301 accueillera bien les rencontres de la Poule A de la Coupe d\u2019Afrique des N ...","og_url":"https:\/\/www.africa-press.net\/cotedivoire\/sports\/la-caf-rassure-sur-le-stade-debimpe-le-systeme-de-drainage-a-ete-double-et-tout-ira-bien","og_site_name":"C\u00f4te d&#039;Ivoire","article_published_time":"2023-10-14T16:28:32+00:00","article_modified_time":"2023-10-14T16:45:04+00:00","og_image":[{"width":720,"height":540,"url":"https:\/\/static.africa-press.net\/cote\/sites\/43\/2023\/10\/sm_1697289126.308716.jpg","type":"image\/jpeg"}],"author":"cfeditorfr","twitter_card":"summary_large_image","twitter_misc":{"\u00c9crit par":"cfeditorfr","Dur\u00e9e de lecture estim\u00e9e":"1 minute"},"schema":{"@context":"https:\/\/schema.org","@graph":[{"@type":"Article","@id":"https:\/\/www.africa-press.net\/cotedivoire\/sports\/la-caf-rassure-sur-le-stade-debimpe-le-systeme-de-drainage-a-ete-double-et-tout-ira-bien#article","isPartOf":{"@id":"https:\/\/www.africa-press.net\/cotedivoire\/sports\/la-caf-rassure-sur-le-stade-debimpe-le-systeme-de-drainage-a-ete-double-et-tout-ira-bien"},"author":{"name":"cfeditorfr","@id":"https:\/\/www.africa-press.net\/cotedivoire\/#\/schema\/person\/2b1cf3cd81a31e3cd26889ca66d677f1"},"headline":"La CAF rassure sur le stade d&rsquo;Ebimp\u00e9 : \u00ab Le syst\u00e8me de drainage a \u00e9t\u00e9 doubl\u00e9 et tout ira bien \u00bb","datePublished":"2023-10-14T16:28:32+00:00","dateModified":"2023-10-14T16:45:04+00:00","mainEntityOfPage":{"@id":"https:\/\/www.africa-press.net\/cotedivoire\/sports\/la-caf-rassure-sur-le-stade-debimpe-le-systeme-de-drainage-a-ete-double-et-tout-ira-bien"},"wordCount":247,"commentCount":0,"image":{"@id":"https:\/\/www.africa-press.net\/cotedivoire\/sports\/la-caf-rassure-sur-le-stade-debimpe-le-systeme-de-drainage-a-ete-double-et-tout-ira-bien#primaryimage"},"thumbnailUrl":"https:\/\/static.africa-press.net\/cote\/sites\/43\/2023\/10\/sm_1697289126.308716.jpg","keywords":["Africa Press","Africa Press-C\u00f4te d'Ivoire","CAF","C\u00d4TE D'IVOIRE","stade d\u2019Ebimp\u00e9"],"articleSection":["Sports","Toutes les actualit\u00e9s"],"inLanguage":"fr-FR","potentialAction":[{"@type":"CommentAction","name":"Comment","target":["https:\/\/www.africa-press.net\/cotedivoire\/sports\/la-caf-rassure-sur-le-stade-debimpe-le-systeme-de-drainage-a-ete-double-et-tout-ira-bien#respond"]}]},{"@type":"WebPage","@id":"https:\/\/www.africa-press.net\/cotedivoire\/sports\/la-caf-rassure-sur-le-stade-debimpe-le-systeme-de-drainage-a-ete-double-et-tout-ira-bien","url":"https:\/\/www.africa-press.net\/cotedivoire\/sports\/la-caf-rassure-sur-le-stade-debimpe-le-systeme-de-drainage-a-ete-double-et-tout-ira-bien","name":"La CAF rassure sur le stade d'Ebimp\u00e9 : \u00ab Le syst\u00e8me de drainage a \u00e9t\u00e9 doubl\u00e9 et tout ira bien \u00bb - C\u00f4te d&#039;Ivoire","isPartOf":{"@id":"https:\/\/www.africa-press.net\/cotedivoire\/#website"},"primaryImageOfPage":{"@id":"https:\/\/www.africa-press.net\/cotedivoire\/sports\/la-caf-rassure-sur-le-stade-debimpe-le-systeme-de-drainage-a-ete-double-et-tout-ira-bien#primaryimage"},"image":{"@id":"https:\/\/www.africa-press.net\/cotedivoire\/sports\/la-caf-rassure-sur-le-stade-debimpe-le-systeme-de-drainage-a-ete-double-et-tout-ira-bien#primaryimage"},"thumbnailUrl":"https:\/\/static.africa-press.net\/cote\/sites\/43\/2023\/10\/sm_1697289126.308716.jpg","datePublished":"2023-10-14T16:28:32+00:00","dateModified":"2023-10-14T16:45:04+00:00","author":{"@id":"https:\/\/www.africa-press.net\/cotedivoire\/#\/schema\/person\/2b1cf3cd81a31e3cd26889ca66d677f1"},"description":"Le Stade Olympique Alassane Ouattara d\u2019Ebimpe\u0301 accueillera bien les rencontres de la Poule A de la Coupe d\u2019Afrique des N ...","breadcrumb":{"@id":"https:\/\/www.africa-press.net\/cotedivoire\/sports\/la-caf-rassure-sur-le-stade-debimpe-le-systeme-de-drainage-a-ete-double-et-tout-ira-bien#breadcrumb"},"inLanguage":"fr-FR","potentialAction":[{"@type":"ReadAction","target":["https:\/\/www.africa-press.net\/cotedivoire\/sports\/la-caf-rassure-sur-le-stade-debimpe-le-systeme-de-drainage-a-ete-double-et-tout-ira-bien"]}]},{"@type":"ImageObject","inLanguage":"fr-FR","@id":"https:\/\/www.africa-press.net\/cotedivoire\/sports\/la-caf-rassure-sur-le-stade-debimpe-le-systeme-de-drainage-a-ete-double-et-tout-ira-bien#primaryimage","url":"https:\/\/static.africa-press.net\/cote\/sites\/43\/2023\/10\/sm_1697289126.308716.jpg","contentUrl":"https:\/\/static.africa-press.net\/cote\/sites\/43\/2023\/10\/sm_1697289126.308716.jpg","width":720,"height":540,"caption":"La CAF rassure sur le stade d'Ebimp\u00e9 : \u00ab Le syst\u00e8me de drainage a \u00e9t\u00e9 doubl\u00e9 et tout ira bien \u00bb"},{"@type":"BreadcrumbList","@id":"https:\/\/www.africa-press.net\/cotedivoire\/sports\/la-caf-rassure-sur-le-stade-debimpe-le-systeme-de-drainage-a-ete-double-et-tout-ira-bien#breadcrumb","itemListElement":[{"@type":"ListItem","position":1,"name":"Accueil","item":"https:\/\/www.africa-press.net\/cotedivoire\/"},{"@type":"ListItem","position":2,"name":"La CAF rassure sur le stade d&#8217;Ebimp\u00e9 : \u00ab Le syst\u00e8me de drainage a \u00e9t\u00e9 doubl\u00e9 et tout ira bien \u00bb"}]},{"@type":"WebSite","@id":"https:\/\/www.africa-press.net\/cotedivoire\/#website","url":"https:\/\/www.africa-press.net\/cotedivoire\/","name":"C\u00f4te d&#039;Ivoire","description":"Just another Africa News Agency Sites site","potentialAction":[{"@type":"SearchAction","target":{"@type":"EntryPoint","urlTemplate":"https:\/\/www.africa-press.net\/cotedivoire\/?s={search_term_string}"},"query-input":{"@type":"PropertyValueSpecification","valueRequired":true,"valueName":"search_term_string"}}],"inLanguage":"fr-FR"},{"@type":"Person","@id":"https:\/\/www.africa-press.net\/cotedivoire\/#\/schema\/person\/2b1cf3cd81a31e3cd26889ca66d677f1","name":"cfeditorfr"}]}},"_links":{"self":[{"href":"https:\/\/www.africa-press.net\/cotedivoire\/wp-json\/wp\/v2\/posts\/67504","targetHints":{"allow":["GET"]}}],"collection":[{"href":"https:\/\/www.africa-press.net\/cotedivoire\/wp-json\/wp\/v2\/posts"}],"about":[{"href":"https:\/\/www.africa-press.net\/cotedivoire\/wp-json\/wp\/v2\/types\/post"}],"author":[{"embeddable":true,"href":"https:\/\/www.africa-press.net\/cotedivoire\/wp-json\/wp\/v2\/users\/82"}],"replies":[{"embeddable":true,"href":"https:\/\/www.africa-press.net\/cotedivoire\/wp-json\/wp\/v2\/comments?post=67504"}],"version-history":[{"count":0,"href":"https:\/\/www.africa-press.net\/cotedivoire\/wp-json\/wp\/v2\/posts\/67504\/revisions"}],"wp:featuredmedia":[{"embeddable":true,"href":"https:\/\/www.africa-press.net\/cotedivoire\/wp-json\/wp\/v2\/media\/67503"}],"wp:attachment":[{"href":"https:\/\/www.africa-press.net\/cotedivoire\/wp-json\/wp\/v2\/media?parent=67504"}],"wp:term":[{"taxonomy":"category","embeddable":true,"href":"https:\/\/www.africa-press.net\/cotedivoire\/wp-json\/wp\/v2\/categories?post=67504"},{"taxonomy":"post_tag","embeddable":true,"href":"https:\/\/www.africa-press.net\/cotedivoire\/wp-json\/wp\/v2\/tags?post=67504"}],"curies":[{"name":"wp","href":"https:\/\/api.w.org\/{rel}","templated":true}]}}