{"id":68116,"date":"2023-10-24T17:34:28","date_gmt":"2023-10-24T17:34:28","guid":{"rendered":"https:\/\/www.africa-press.net\/cotedivoire\/politique\/diplomatie-parlementaire-abidjan-et-luanda-signent-un-memorandum-dentente-entre-les-assemblees-nationales"},"modified":"2023-10-24T17:50:20","modified_gmt":"2023-10-24T17:50:20","slug":"diplomatie-parlementaire-abidjan-et-luanda-signent-un-memorandum-dentente-entre-les-assemblees-nationales","status":"publish","type":"post","link":"https:\/\/www.africa-press.net\/cotedivoire\/politique\/diplomatie-parlementaire-abidjan-et-luanda-signent-un-memorandum-dentente-entre-les-assemblees-nationales","title":{"rendered":"Diplomatie Parlementaire, Abidjan et Luanda signent un m\u00e9morandum d&rsquo;entente entre les Assembl\u00e9es nationales"},"content":{"rendered":"<p><span style=\"color: #ff6600\"><strong>Africa-Press &#8211; C\u00f4te d&rsquo;Ivoire. <\/strong><\/span>Abidjan et Luanda ont signe\u0301 un me\u0301morandum d\u2019entente entre les Assemble\u0301es nationales des deux pays.<\/p>\n<p>M. Adama Bictogo a rencontre\u0301 ce samedi, son homologue angolais ou\u0300 les deux personnalite\u0301s ont paraphe\u0301 le document a\u0300 Luanda, rapporte l\u2019institution ivoirienne.<\/p>\n<p>Le dimanche 22 octobre 2023, il a e\u0301change\u0301 avec la diaspora ivoirienne re\u0301sidant en Angola sur plusieurs aspects de l\u2019actualite\u0301 du pays. Le Chef de la chambre basse du parlement ivoirien a eu une oreille attentive aux pre\u0301occupations de ses compatriotes vivant loin de la patrie.<\/p>\n<p>Comme a\u0300 toutes ses rencontres avec les Ivoiriens de l\u2019e\u0301tranger, le Pre\u0301sident Adama Bictogo les a appele\u0301 a\u0300 demeurer des acteurs de paix et de de\u0301veloppement.<\/p>\n<p>Ce lundi 23 octobre 2023, il s\u2019entretiendra avec le Secre\u0301taire ge\u0301ne\u0301ral de l\u2019Union parlementaire des Etats membres de l\u2019OCI (UPCI).<\/p>\n<p>A l\u2019issue de ce rendez-vous, l\u2019Assemble\u0301e nationale de Co\u0302te d\u2019Ivoire signera un me\u0301morandum d\u2019entente avec le secre\u0301tariat ge\u0301ne\u0301ral de l\u2019UPCI. M. Adama Bictogo pre\u0301sidera, pour finir, la re\u0301union consultative du groupe UPCI.<\/p>\n<p><strong>Pour plus d&rsquo;informations et d&rsquo;analyses sur la <a href=\"https:\/\/www.africa-press.net\/cotedivoire\">C\u00f4te d&rsquo;Ivoire<\/a>, suivez <a href=\"https:\/\/www.africa-press.net\/\">Africa-Press<\/a><\/strong><\/p>\n","protected":false},"excerpt":{"rendered":"<p>Africa-Press &#8211; C\u00f4te d&rsquo;Ivoire. Abidjan et Luanda ont signe\u0301 un me\u0301morandum d\u2019entente entre les Assemble\u0301es nationales des deux pays. M. Adama Bictogo a rencontre\u0301 ce samedi, son homologue angolais ou\u0300 les deux personnalite\u0301s ont paraphe\u0301 le document a\u0300 Luanda, rapporte l\u2019institution ivoirienne. Le dimanche 22 octobre 2023, il a e\u0301change\u0301 avec la diaspora ivoirienne re\u0301sidant [&hellip;]<\/p>\n","protected":false},"author":82,"featured_media":68115,"comment_status":"open","ping_status":"closed","sticky":false,"template":"","format":"standard","meta":{"footnotes":""},"categories":[2,10],"tags":[1265,56,63,11191,29,275,6693,668],"class_list":["post-68116","post","type-post","status-publish","format-standard","has-post-thumbnail","hentry","category-politique","category-toutes-les-actualites","tag-adama-bictogo","tag-africa-press","tag-africa-press-cote-divoire","tag-assemblees","tag-cote-divoire","tag-diaspora","tag-memorandum","tag-upci"],"yoast_head":"<!-- This site is optimized with the Yoast SEO Premium plugin v26.1 (Yoast SEO v27.0) - https:\/\/yoast.com\/product\/yoast-seo-premium-wordpress\/ -->\n<title>Diplomatie Parlementaire, Abidjan et Luanda signent un m\u00e9morandum d&#039;entente entre les Assembl\u00e9es nationales - C\u00f4te d&#039;Ivoire<\/title>\n<meta name=\"description\" content=\"Abidjan et Luanda ont signe\u0301 un me\u0301morandum d\u2019entente entre les Assemble\u0301es nationales des deux pays. M. Adama Bictogo ...\" \/>\n<meta name=\"robots\" content=\"index, follow, max-snippet:-1, max-image-preview:large, max-video-preview:-1\" \/>\n<link rel=\"canonical\" href=\"https:\/\/www.africa-press.net\/cotedivoire\/politique\/diplomatie-parlementaire-abidjan-et-luanda-signent-un-memorandum-dentente-entre-les-assemblees-nationales\" \/>\n<meta property=\"og:locale\" content=\"fr_FR\" \/>\n<meta property=\"og:type\" content=\"article\" \/>\n<meta property=\"og:title\" content=\"Diplomatie Parlementaire, Abidjan et Luanda signent un m\u00e9morandum d&#039;entente entre les Assembl\u00e9es nationales\" \/>\n<meta property=\"og:description\" content=\"Abidjan et Luanda ont signe\u0301 un me\u0301morandum d\u2019entente entre les Assemble\u0301es nationales des deux pays. M. Adama Bictogo ...\" \/>\n<meta property=\"og:url\" content=\"https:\/\/www.africa-press.net\/cotedivoire\/politique\/diplomatie-parlementaire-abidjan-et-luanda-signent-un-memorandum-dentente-entre-les-assemblees-nationales\" \/>\n<meta property=\"og:site_name\" content=\"C\u00f4te d&#039;Ivoire\" \/>\n<meta property=\"article:published_time\" content=\"2023-10-24T17:34:28+00:00\" \/>\n<meta property=\"article:modified_time\" content=\"2023-10-24T17:50:20+00:00\" \/>\n<meta property=\"og:image\" content=\"https:\/\/static.africa-press.net\/cote\/sites\/43\/2023\/10\/sm_1698157160.098183.jpg\" \/>\n\t<meta property=\"og:image:width\" content=\"720\" \/>\n\t<meta property=\"og:image:height\" content=\"481\" \/>\n\t<meta property=\"og:image:type\" content=\"image\/jpeg\" \/>\n<meta name=\"author\" content=\"cfeditorfr\" \/>\n<meta name=\"twitter:card\" content=\"summary_large_image\" \/>\n<meta name=\"twitter:label1\" content=\"\u00c9crit par\" \/>\n\t<meta name=\"twitter:data1\" content=\"cfeditorfr\" \/>\n\t<meta name=\"twitter:label2\" content=\"Dur\u00e9e de lecture estim\u00e9e\" \/>\n\t<meta name=\"twitter:data2\" content=\"1 minute\" \/>\n<script type=\"application\/ld+json\" class=\"yoast-schema-graph\">{\"@context\":\"https:\/\/schema.org\",\"@graph\":[{\"@type\":\"Article\",\"@id\":\"https:\/\/www.africa-press.net\/cotedivoire\/politique\/diplomatie-parlementaire-abidjan-et-luanda-signent-un-memorandum-dentente-entre-les-assemblees-nationales#article\",\"isPartOf\":{\"@id\":\"https:\/\/www.africa-press.net\/cotedivoire\/politique\/diplomatie-parlementaire-abidjan-et-luanda-signent-un-memorandum-dentente-entre-les-assemblees-nationales\"},\"author\":{\"name\":\"cfeditorfr\",\"@id\":\"https:\/\/www.africa-press.net\/cotedivoire\/#\/schema\/person\/2b1cf3cd81a31e3cd26889ca66d677f1\"},\"headline\":\"Diplomatie Parlementaire, Abidjan et Luanda signent un m\u00e9morandum d&rsquo;entente entre les Assembl\u00e9es nationales\",\"datePublished\":\"2023-10-24T17:34:28+00:00\",\"dateModified\":\"2023-10-24T17:50:20+00:00\",\"mainEntityOfPage\":{\"@id\":\"https:\/\/www.africa-press.net\/cotedivoire\/politique\/diplomatie-parlementaire-abidjan-et-luanda-signent-un-memorandum-dentente-entre-les-assemblees-nationales\"},\"wordCount\":227,\"commentCount\":0,\"image\":{\"@id\":\"https:\/\/www.africa-press.net\/cotedivoire\/politique\/diplomatie-parlementaire-abidjan-et-luanda-signent-un-memorandum-dentente-entre-les-assemblees-nationales#primaryimage\"},\"thumbnailUrl\":\"https:\/\/static.africa-press.net\/cote\/sites\/43\/2023\/10\/sm_1698157160.098183.jpg\",\"keywords\":[\"Adama Bictogo\",\"Africa Press\",\"Africa Press-C\u00f4te d'Ivoire\",\"Assembl\u00e9es\",\"C\u00d4TE D'IVOIRE\",\"DIASPORA\",\"M\u00e9morandum\",\"UPCI\"],\"articleSection\":[\"Politique\",\"Toutes les actualit\u00e9s\"],\"inLanguage\":\"fr-FR\",\"potentialAction\":[{\"@type\":\"CommentAction\",\"name\":\"Comment\",\"target\":[\"https:\/\/www.africa-press.net\/cotedivoire\/politique\/diplomatie-parlementaire-abidjan-et-luanda-signent-un-memorandum-dentente-entre-les-assemblees-nationales#respond\"]}]},{\"@type\":\"WebPage\",\"@id\":\"https:\/\/www.africa-press.net\/cotedivoire\/politique\/diplomatie-parlementaire-abidjan-et-luanda-signent-un-memorandum-dentente-entre-les-assemblees-nationales\",\"url\":\"https:\/\/www.africa-press.net\/cotedivoire\/politique\/diplomatie-parlementaire-abidjan-et-luanda-signent-un-memorandum-dentente-entre-les-assemblees-nationales\",\"name\":\"Diplomatie Parlementaire, Abidjan et Luanda signent un m\u00e9morandum d'entente entre les Assembl\u00e9es nationales - C\u00f4te d&#039;Ivoire\",\"isPartOf\":{\"@id\":\"https:\/\/www.africa-press.net\/cotedivoire\/#website\"},\"primaryImageOfPage\":{\"@id\":\"https:\/\/www.africa-press.net\/cotedivoire\/politique\/diplomatie-parlementaire-abidjan-et-luanda-signent-un-memorandum-dentente-entre-les-assemblees-nationales#primaryimage\"},\"image\":{\"@id\":\"https:\/\/www.africa-press.net\/cotedivoire\/politique\/diplomatie-parlementaire-abidjan-et-luanda-signent-un-memorandum-dentente-entre-les-assemblees-nationales#primaryimage\"},\"thumbnailUrl\":\"https:\/\/static.africa-press.net\/cote\/sites\/43\/2023\/10\/sm_1698157160.098183.jpg\",\"datePublished\":\"2023-10-24T17:34:28+00:00\",\"dateModified\":\"2023-10-24T17:50:20+00:00\",\"author\":{\"@id\":\"https:\/\/www.africa-press.net\/cotedivoire\/#\/schema\/person\/2b1cf3cd81a31e3cd26889ca66d677f1\"},\"description\":\"Abidjan et Luanda ont signe\u0301 un me\u0301morandum d\u2019entente entre les Assemble\u0301es nationales des deux pays. M. Adama Bictogo ...\",\"breadcrumb\":{\"@id\":\"https:\/\/www.africa-press.net\/cotedivoire\/politique\/diplomatie-parlementaire-abidjan-et-luanda-signent-un-memorandum-dentente-entre-les-assemblees-nationales#breadcrumb\"},\"inLanguage\":\"fr-FR\",\"potentialAction\":[{\"@type\":\"ReadAction\",\"target\":[\"https:\/\/www.africa-press.net\/cotedivoire\/politique\/diplomatie-parlementaire-abidjan-et-luanda-signent-un-memorandum-dentente-entre-les-assemblees-nationales\"]}]},{\"@type\":\"ImageObject\",\"inLanguage\":\"fr-FR\",\"@id\":\"https:\/\/www.africa-press.net\/cotedivoire\/politique\/diplomatie-parlementaire-abidjan-et-luanda-signent-un-memorandum-dentente-entre-les-assemblees-nationales#primaryimage\",\"url\":\"https:\/\/static.africa-press.net\/cote\/sites\/43\/2023\/10\/sm_1698157160.098183.jpg\",\"contentUrl\":\"https:\/\/static.africa-press.net\/cote\/sites\/43\/2023\/10\/sm_1698157160.098183.jpg\",\"width\":720,\"height\":481,\"caption\":\"Diplomatie Parlementaire, Abidjan et Luanda signent un m\u00e9morandum d'entente entre les Assembl\u00e9es nationales\"},{\"@type\":\"BreadcrumbList\",\"@id\":\"https:\/\/www.africa-press.net\/cotedivoire\/politique\/diplomatie-parlementaire-abidjan-et-luanda-signent-un-memorandum-dentente-entre-les-assemblees-nationales#breadcrumb\",\"itemListElement\":[{\"@type\":\"ListItem\",\"position\":1,\"name\":\"Accueil\",\"item\":\"https:\/\/www.africa-press.net\/cotedivoire\/\"},{\"@type\":\"ListItem\",\"position\":2,\"name\":\"Diplomatie Parlementaire, Abidjan et Luanda signent un m\u00e9morandum d&#8217;entente entre les Assembl\u00e9es nationales\"}]},{\"@type\":\"WebSite\",\"@id\":\"https:\/\/www.africa-press.net\/cotedivoire\/#website\",\"url\":\"https:\/\/www.africa-press.net\/cotedivoire\/\",\"name\":\"C\u00f4te d&#039;Ivoire\",\"description\":\"Just another Africa News Agency Sites site\",\"potentialAction\":[{\"@type\":\"SearchAction\",\"target\":{\"@type\":\"EntryPoint\",\"urlTemplate\":\"https:\/\/www.africa-press.net\/cotedivoire\/?s={search_term_string}\"},\"query-input\":{\"@type\":\"PropertyValueSpecification\",\"valueRequired\":true,\"valueName\":\"search_term_string\"}}],\"inLanguage\":\"fr-FR\"},{\"@type\":\"Person\",\"@id\":\"https:\/\/www.africa-press.net\/cotedivoire\/#\/schema\/person\/2b1cf3cd81a31e3cd26889ca66d677f1\",\"name\":\"cfeditorfr\"}]}<\/script>\n<!-- \/ Yoast SEO Premium plugin. -->","yoast_head_json":{"title":"Diplomatie Parlementaire, Abidjan et Luanda signent un m\u00e9morandum d'entente entre les Assembl\u00e9es nationales - C\u00f4te d&#039;Ivoire","description":"Abidjan et Luanda ont signe\u0301 un me\u0301morandum d\u2019entente entre les Assemble\u0301es nationales des deux pays. M. Adama Bictogo ...","robots":{"index":"index","follow":"follow","max-snippet":"max-snippet:-1","max-image-preview":"max-image-preview:large","max-video-preview":"max-video-preview:-1"},"canonical":"https:\/\/www.africa-press.net\/cotedivoire\/politique\/diplomatie-parlementaire-abidjan-et-luanda-signent-un-memorandum-dentente-entre-les-assemblees-nationales","og_locale":"fr_FR","og_type":"article","og_title":"Diplomatie Parlementaire, Abidjan et Luanda signent un m\u00e9morandum d'entente entre les Assembl\u00e9es nationales","og_description":"Abidjan et Luanda ont signe\u0301 un me\u0301morandum d\u2019entente entre les Assemble\u0301es nationales des deux pays. M. Adama Bictogo ...","og_url":"https:\/\/www.africa-press.net\/cotedivoire\/politique\/diplomatie-parlementaire-abidjan-et-luanda-signent-un-memorandum-dentente-entre-les-assemblees-nationales","og_site_name":"C\u00f4te d&#039;Ivoire","article_published_time":"2023-10-24T17:34:28+00:00","article_modified_time":"2023-10-24T17:50:20+00:00","og_image":[{"width":720,"height":481,"url":"https:\/\/static.africa-press.net\/cote\/sites\/43\/2023\/10\/sm_1698157160.098183.jpg","type":"image\/jpeg"}],"author":"cfeditorfr","twitter_card":"summary_large_image","twitter_misc":{"\u00c9crit par":"cfeditorfr","Dur\u00e9e de lecture estim\u00e9e":"1 minute"},"schema":{"@context":"https:\/\/schema.org","@graph":[{"@type":"Article","@id":"https:\/\/www.africa-press.net\/cotedivoire\/politique\/diplomatie-parlementaire-abidjan-et-luanda-signent-un-memorandum-dentente-entre-les-assemblees-nationales#article","isPartOf":{"@id":"https:\/\/www.africa-press.net\/cotedivoire\/politique\/diplomatie-parlementaire-abidjan-et-luanda-signent-un-memorandum-dentente-entre-les-assemblees-nationales"},"author":{"name":"cfeditorfr","@id":"https:\/\/www.africa-press.net\/cotedivoire\/#\/schema\/person\/2b1cf3cd81a31e3cd26889ca66d677f1"},"headline":"Diplomatie Parlementaire, Abidjan et Luanda signent un m\u00e9morandum d&rsquo;entente entre les Assembl\u00e9es nationales","datePublished":"2023-10-24T17:34:28+00:00","dateModified":"2023-10-24T17:50:20+00:00","mainEntityOfPage":{"@id":"https:\/\/www.africa-press.net\/cotedivoire\/politique\/diplomatie-parlementaire-abidjan-et-luanda-signent-un-memorandum-dentente-entre-les-assemblees-nationales"},"wordCount":227,"commentCount":0,"image":{"@id":"https:\/\/www.africa-press.net\/cotedivoire\/politique\/diplomatie-parlementaire-abidjan-et-luanda-signent-un-memorandum-dentente-entre-les-assemblees-nationales#primaryimage"},"thumbnailUrl":"https:\/\/static.africa-press.net\/cote\/sites\/43\/2023\/10\/sm_1698157160.098183.jpg","keywords":["Adama Bictogo","Africa Press","Africa Press-C\u00f4te d'Ivoire","Assembl\u00e9es","C\u00d4TE D'IVOIRE","DIASPORA","M\u00e9morandum","UPCI"],"articleSection":["Politique","Toutes les actualit\u00e9s"],"inLanguage":"fr-FR","potentialAction":[{"@type":"CommentAction","name":"Comment","target":["https:\/\/www.africa-press.net\/cotedivoire\/politique\/diplomatie-parlementaire-abidjan-et-luanda-signent-un-memorandum-dentente-entre-les-assemblees-nationales#respond"]}]},{"@type":"WebPage","@id":"https:\/\/www.africa-press.net\/cotedivoire\/politique\/diplomatie-parlementaire-abidjan-et-luanda-signent-un-memorandum-dentente-entre-les-assemblees-nationales","url":"https:\/\/www.africa-press.net\/cotedivoire\/politique\/diplomatie-parlementaire-abidjan-et-luanda-signent-un-memorandum-dentente-entre-les-assemblees-nationales","name":"Diplomatie Parlementaire, Abidjan et Luanda signent un m\u00e9morandum d'entente entre les Assembl\u00e9es nationales - C\u00f4te d&#039;Ivoire","isPartOf":{"@id":"https:\/\/www.africa-press.net\/cotedivoire\/#website"},"primaryImageOfPage":{"@id":"https:\/\/www.africa-press.net\/cotedivoire\/politique\/diplomatie-parlementaire-abidjan-et-luanda-signent-un-memorandum-dentente-entre-les-assemblees-nationales#primaryimage"},"image":{"@id":"https:\/\/www.africa-press.net\/cotedivoire\/politique\/diplomatie-parlementaire-abidjan-et-luanda-signent-un-memorandum-dentente-entre-les-assemblees-nationales#primaryimage"},"thumbnailUrl":"https:\/\/static.africa-press.net\/cote\/sites\/43\/2023\/10\/sm_1698157160.098183.jpg","datePublished":"2023-10-24T17:34:28+00:00","dateModified":"2023-10-24T17:50:20+00:00","author":{"@id":"https:\/\/www.africa-press.net\/cotedivoire\/#\/schema\/person\/2b1cf3cd81a31e3cd26889ca66d677f1"},"description":"Abidjan et Luanda ont signe\u0301 un me\u0301morandum d\u2019entente entre les Assemble\u0301es nationales des deux pays. M. Adama Bictogo ...","breadcrumb":{"@id":"https:\/\/www.africa-press.net\/cotedivoire\/politique\/diplomatie-parlementaire-abidjan-et-luanda-signent-un-memorandum-dentente-entre-les-assemblees-nationales#breadcrumb"},"inLanguage":"fr-FR","potentialAction":[{"@type":"ReadAction","target":["https:\/\/www.africa-press.net\/cotedivoire\/politique\/diplomatie-parlementaire-abidjan-et-luanda-signent-un-memorandum-dentente-entre-les-assemblees-nationales"]}]},{"@type":"ImageObject","inLanguage":"fr-FR","@id":"https:\/\/www.africa-press.net\/cotedivoire\/politique\/diplomatie-parlementaire-abidjan-et-luanda-signent-un-memorandum-dentente-entre-les-assemblees-nationales#primaryimage","url":"https:\/\/static.africa-press.net\/cote\/sites\/43\/2023\/10\/sm_1698157160.098183.jpg","contentUrl":"https:\/\/static.africa-press.net\/cote\/sites\/43\/2023\/10\/sm_1698157160.098183.jpg","width":720,"height":481,"caption":"Diplomatie Parlementaire, Abidjan et Luanda signent un m\u00e9morandum d'entente entre les Assembl\u00e9es nationales"},{"@type":"BreadcrumbList","@id":"https:\/\/www.africa-press.net\/cotedivoire\/politique\/diplomatie-parlementaire-abidjan-et-luanda-signent-un-memorandum-dentente-entre-les-assemblees-nationales#breadcrumb","itemListElement":[{"@type":"ListItem","position":1,"name":"Accueil","item":"https:\/\/www.africa-press.net\/cotedivoire\/"},{"@type":"ListItem","position":2,"name":"Diplomatie Parlementaire, Abidjan et Luanda signent un m\u00e9morandum d&#8217;entente entre les Assembl\u00e9es nationales"}]},{"@type":"WebSite","@id":"https:\/\/www.africa-press.net\/cotedivoire\/#website","url":"https:\/\/www.africa-press.net\/cotedivoire\/","name":"C\u00f4te d&#039;Ivoire","description":"Just another Africa News Agency Sites site","potentialAction":[{"@type":"SearchAction","target":{"@type":"EntryPoint","urlTemplate":"https:\/\/www.africa-press.net\/cotedivoire\/?s={search_term_string}"},"query-input":{"@type":"PropertyValueSpecification","valueRequired":true,"valueName":"search_term_string"}}],"inLanguage":"fr-FR"},{"@type":"Person","@id":"https:\/\/www.africa-press.net\/cotedivoire\/#\/schema\/person\/2b1cf3cd81a31e3cd26889ca66d677f1","name":"cfeditorfr"}]}},"_links":{"self":[{"href":"https:\/\/www.africa-press.net\/cotedivoire\/wp-json\/wp\/v2\/posts\/68116","targetHints":{"allow":["GET"]}}],"collection":[{"href":"https:\/\/www.africa-press.net\/cotedivoire\/wp-json\/wp\/v2\/posts"}],"about":[{"href":"https:\/\/www.africa-press.net\/cotedivoire\/wp-json\/wp\/v2\/types\/post"}],"author":[{"embeddable":true,"href":"https:\/\/www.africa-press.net\/cotedivoire\/wp-json\/wp\/v2\/users\/82"}],"replies":[{"embeddable":true,"href":"https:\/\/www.africa-press.net\/cotedivoire\/wp-json\/wp\/v2\/comments?post=68116"}],"version-history":[{"count":0,"href":"https:\/\/www.africa-press.net\/cotedivoire\/wp-json\/wp\/v2\/posts\/68116\/revisions"}],"wp:featuredmedia":[{"embeddable":true,"href":"https:\/\/www.africa-press.net\/cotedivoire\/wp-json\/wp\/v2\/media\/68115"}],"wp:attachment":[{"href":"https:\/\/www.africa-press.net\/cotedivoire\/wp-json\/wp\/v2\/media?parent=68116"}],"wp:term":[{"taxonomy":"category","embeddable":true,"href":"https:\/\/www.africa-press.net\/cotedivoire\/wp-json\/wp\/v2\/categories?post=68116"},{"taxonomy":"post_tag","embeddable":true,"href":"https:\/\/www.africa-press.net\/cotedivoire\/wp-json\/wp\/v2\/tags?post=68116"}],"curies":[{"name":"wp","href":"https:\/\/api.w.org\/{rel}","templated":true}]}}