{"id":68136,"date":"2023-10-24T17:36:45","date_gmt":"2023-10-24T17:36:45","guid":{"rendered":"https:\/\/www.africa-press.net\/cotedivoire\/politique\/ppa-ci-apres-la-debacle-aux-elections-locales-gbagbo-fait-le-menage-plusieurs-cadres-debarques-voici-les-nouvelles-tetes-fortes-du-parti"},"modified":"2023-10-24T18:00:13","modified_gmt":"2023-10-24T18:00:13","slug":"ppa-ci-apres-la-debacle-aux-elections-locales-gbagbo-fait-le-menage-plusieurs-cadres-debarques-voici-les-nouvelles-tetes-fortes-du-parti","status":"publish","type":"post","link":"https:\/\/www.africa-press.net\/cotedivoire\/parties\/ppa-ci-apres-la-debacle-aux-elections-locales-gbagbo-fait-le-menage-plusieurs-cadres-debarques-voici-les-nouvelles-tetes-fortes-du-parti","title":{"rendered":"PPA-CI, apr\u00e8s la d\u00e9b\u00e2cle aux \u00e9lections locales, Gbagbo fait le m\u00e9nage, plusieurs cadres d\u00e9barqu\u00e9s, voici les nouvelles t\u00eates fortes du parti"},"content":{"rendered":"<p><span style=\"color: #ff6600\"><strong>Africa-Press &#8211; C\u00f4te d&rsquo;Ivoire. <\/strong><\/span>Ce grand me\u0301nage de Laurent Gbagbo au sein du Parti des Peuples Africains-Co\u0302te d\u2019Ivoire (PPA-CI) e\u0301tait attendu.<\/p>\n<p>Apre\u0300s la de\u0301ba\u0302cle de plusieurs cadres du PPA-CI aux dernie\u0300res e\u0301lections locales, l\u2019ancien pre\u0301sident ivoirien Laurent Gbagbo a de\u0301cide\u0301 de faire le me\u0301nage au sein de sa formation politique.<\/p>\n<p>Justin Kone\u0301 Katinan, qui occupait le poste de porte-parole du PPA-CI a e\u0301te\u0301 remplace\u0301 par Me Habiba Toure\u0301 qui est de\u0301sormais le porte-parole du PPA-CI, mais e\u0301galement de Laurent Gbagbo.<\/p>\n<p>Katinan occupe de\u0301sormais la fonction de 1er vice-pre\u0301sident du Conseil strate\u0301gique en charge du programme de gouvernement.<\/p>\n<p>Selon la nouvelle ossature du Parti des peuples africains-Co\u0302te d\u2019Ivoire, Hubert Oulaye n\u2019occupe plus la fonction de pre\u0301sident exe\u0301cutif du parti. Il a e\u0301te\u0301 remplace\u0301 par Sebsatien Dano Dje\u0301dje\u0301. Quant a\u0300 Hubert Oulaye de\u0301pute\u0301 de Guiglo, il devra se contenter du poste de 2e vice-pre\u0301sident du PPA-CI en charge de la vie du Parti.<\/p>\n<p>Damana Adia Pickass, a e\u0301te\u0301 limoge\u0301 de son poste de secre\u0301taire ge\u0301ne\u0301ral du PPA-CI. Il a e\u0301te\u0301 remplace\u0301 a\u0300 ce poste par Tche\u0301ide\u0301 Jean Gervais. Damana Pickass occupera le poste de deuxie\u0300me vice-pre\u0301sident du Conseil strate\u0301gique en charge de la mobilisation de la jeunesse et de la fe\u0302te de la renaissance.<\/p>\n<p>Ahoua Don Mello, ne fait partie de la nouvelle e\u0301quipe de Laurent Gbagbo. Toujours dans la re\u0301organisation de la haute direction du PPA-CI, Assoa Adou a e\u0301te\u0301 nomme\u0301 1er vice-pre\u0301sident en charge de la ligne et de la politique ge\u0301ne\u0301rale du PPA-CI.<\/p>\n<p>Ste\u0301phane Kipre\u0301 est de\u0301sormais a\u0300 la pre\u0301sidence exe\u0301cutive. Il occupera le poste de 1er vice-pre\u0301sident en charge de l\u2019implantation, de l\u2019animation des coordinations et des fe\u0301de\u0301rations du parti.<\/p>\n<p>Enfin, Laurent Gbagbo a convie\u0301 toutes les nouvelles personnes nomme\u0301es a\u0300 une re\u0301union pre\u0301vue ce mardi 24 octobre 2023 a\u0300 son cabinet a\u0300 Cocody.<\/p>\n<p><strong>Pour plus d&rsquo;informations et d&rsquo;analyses sur la <a href=\"https:\/\/www.africa-press.net\/cotedivoire\">C\u00f4te d&rsquo;Ivoire<\/a>, suivez <a href=\"https:\/\/www.africa-press.net\/\">Africa-Press<\/a><\/strong><\/p>\n","protected":false},"excerpt":{"rendered":"<p>Africa-Press &#8211; C\u00f4te d&rsquo;Ivoire. Ce grand me\u0301nage de Laurent Gbagbo au sein du Parti des Peuples Africains-Co\u0302te d\u2019Ivoire (PPA-CI) e\u0301tait attendu. Apre\u0300s la de\u0301ba\u0302cle de plusieurs cadres du PPA-CI aux dernie\u0300res e\u0301lections locales, l\u2019ancien pre\u0301sident ivoirien Laurent Gbagbo a de\u0301cide\u0301 de faire le me\u0301nage au sein de sa formation politique. Justin Kone\u0301 Katinan, qui occupait [&hellip;]<\/p>\n","protected":false},"author":82,"featured_media":68134,"comment_status":"open","ping_status":"closed","sticky":false,"template":"","format":"standard","meta":{"footnotes":""},"categories":[4,20,10],"tags":[56,63,29,320,1586,363,1952],"class_list":["post-68136","post","type-post","status-publish","format-standard","has-post-thumbnail","hentry","category-parties","category-top-nouvelles","category-toutes-les-actualites","tag-africa-press","tag-africa-press-cote-divoire","tag-cote-divoire","tag-gbagbo","tag-katinan","tag-parti","tag-ppa-ci"],"yoast_head":"<!-- This site is optimized with the Yoast SEO Premium plugin v26.1 (Yoast SEO v27.0) - https:\/\/yoast.com\/product\/yoast-seo-premium-wordpress\/ -->\n<title>PPA-CI, apr\u00e8s la d\u00e9b\u00e2cle aux \u00e9lections locales, Gbagbo fait le m\u00e9nage, plusieurs cadres d\u00e9barqu\u00e9s, voici les nouvelles t\u00eates fortes du parti - C\u00f4te d&#039;Ivoire<\/title>\n<meta name=\"description\" content=\"Ce grand me\u0301nage de Laurent Gbagbo au sein du Parti des Peuples Africains-Co\u0302te d\u2019Ivoire (PPA-CI) e\u0301tait attendu. Apre\u0300 ...\" \/>\n<meta name=\"robots\" content=\"index, follow, max-snippet:-1, max-image-preview:large, max-video-preview:-1\" \/>\n<link rel=\"canonical\" href=\"https:\/\/www.africa-press.net\/cotedivoire\/parties\/ppa-ci-apres-la-debacle-aux-elections-locales-gbagbo-fait-le-menage-plusieurs-cadres-debarques-voici-les-nouvelles-tetes-fortes-du-parti\" \/>\n<meta property=\"og:locale\" content=\"fr_FR\" \/>\n<meta property=\"og:type\" content=\"article\" \/>\n<meta property=\"og:title\" content=\"PPA-CI, apr\u00e8s la d\u00e9b\u00e2cle aux \u00e9lections locales, Gbagbo fait le m\u00e9nage, plusieurs cadres d\u00e9barqu\u00e9s, voici les nouvelles t\u00eates fortes du parti\" \/>\n<meta property=\"og:description\" content=\"Ce grand me\u0301nage de Laurent Gbagbo au sein du Parti des Peuples Africains-Co\u0302te d\u2019Ivoire (PPA-CI) e\u0301tait attendu. Apre\u0300 ...\" \/>\n<meta property=\"og:url\" content=\"https:\/\/www.africa-press.net\/cotedivoire\/parties\/ppa-ci-apres-la-debacle-aux-elections-locales-gbagbo-fait-le-menage-plusieurs-cadres-debarques-voici-les-nouvelles-tetes-fortes-du-parti\" \/>\n<meta property=\"og:site_name\" content=\"C\u00f4te d&#039;Ivoire\" \/>\n<meta property=\"article:published_time\" content=\"2023-10-24T17:36:45+00:00\" \/>\n<meta property=\"article:modified_time\" content=\"2023-10-24T18:00:13+00:00\" \/>\n<meta property=\"og:image\" content=\"https:\/\/static.africa-press.net\/cote\/sites\/43\/2023\/10\/sm_1698157751.50979.jpg\" \/>\n\t<meta property=\"og:image:width\" content=\"720\" \/>\n\t<meta property=\"og:image:height\" content=\"480\" \/>\n\t<meta property=\"og:image:type\" content=\"image\/jpeg\" \/>\n<meta name=\"author\" content=\"cfeditorfr\" \/>\n<meta name=\"twitter:card\" content=\"summary_large_image\" \/>\n<meta name=\"twitter:label1\" content=\"\u00c9crit par\" \/>\n\t<meta name=\"twitter:data1\" content=\"cfeditorfr\" \/>\n\t<meta name=\"twitter:label2\" content=\"Dur\u00e9e de lecture estim\u00e9e\" \/>\n\t<meta name=\"twitter:data2\" content=\"2 minutes\" \/>\n<script type=\"application\/ld+json\" class=\"yoast-schema-graph\">{\"@context\":\"https:\/\/schema.org\",\"@graph\":[{\"@type\":\"Article\",\"@id\":\"https:\/\/www.africa-press.net\/cotedivoire\/parties\/ppa-ci-apres-la-debacle-aux-elections-locales-gbagbo-fait-le-menage-plusieurs-cadres-debarques-voici-les-nouvelles-tetes-fortes-du-parti#article\",\"isPartOf\":{\"@id\":\"https:\/\/www.africa-press.net\/cotedivoire\/parties\/ppa-ci-apres-la-debacle-aux-elections-locales-gbagbo-fait-le-menage-plusieurs-cadres-debarques-voici-les-nouvelles-tetes-fortes-du-parti\"},\"author\":{\"name\":\"cfeditorfr\",\"@id\":\"https:\/\/www.africa-press.net\/cotedivoire\/#\/schema\/person\/2b1cf3cd81a31e3cd26889ca66d677f1\"},\"headline\":\"PPA-CI, apr\u00e8s la d\u00e9b\u00e2cle aux \u00e9lections locales, Gbagbo fait le m\u00e9nage, plusieurs cadres d\u00e9barqu\u00e9s, voici les nouvelles t\u00eates fortes du parti\",\"datePublished\":\"2023-10-24T17:36:45+00:00\",\"dateModified\":\"2023-10-24T18:00:13+00:00\",\"mainEntityOfPage\":{\"@id\":\"https:\/\/www.africa-press.net\/cotedivoire\/parties\/ppa-ci-apres-la-debacle-aux-elections-locales-gbagbo-fait-le-menage-plusieurs-cadres-debarques-voici-les-nouvelles-tetes-fortes-du-parti\"},\"wordCount\":395,\"commentCount\":0,\"image\":{\"@id\":\"https:\/\/www.africa-press.net\/cotedivoire\/parties\/ppa-ci-apres-la-debacle-aux-elections-locales-gbagbo-fait-le-menage-plusieurs-cadres-debarques-voici-les-nouvelles-tetes-fortes-du-parti#primaryimage\"},\"thumbnailUrl\":\"https:\/\/static.africa-press.net\/cote\/sites\/43\/2023\/10\/sm_1698157751.50979.jpg\",\"keywords\":[\"Africa Press\",\"Africa Press-C\u00f4te d'Ivoire\",\"C\u00d4TE D'IVOIRE\",\"Gbagbo\",\"Katinan\",\"Parti\",\"PPA-CI\"],\"articleSection\":[\"Parties\",\"Top Nouvelles\",\"Toutes les actualit\u00e9s\"],\"inLanguage\":\"fr-FR\",\"potentialAction\":[{\"@type\":\"CommentAction\",\"name\":\"Comment\",\"target\":[\"https:\/\/www.africa-press.net\/cotedivoire\/parties\/ppa-ci-apres-la-debacle-aux-elections-locales-gbagbo-fait-le-menage-plusieurs-cadres-debarques-voici-les-nouvelles-tetes-fortes-du-parti#respond\"]}]},{\"@type\":\"WebPage\",\"@id\":\"https:\/\/www.africa-press.net\/cotedivoire\/parties\/ppa-ci-apres-la-debacle-aux-elections-locales-gbagbo-fait-le-menage-plusieurs-cadres-debarques-voici-les-nouvelles-tetes-fortes-du-parti\",\"url\":\"https:\/\/www.africa-press.net\/cotedivoire\/parties\/ppa-ci-apres-la-debacle-aux-elections-locales-gbagbo-fait-le-menage-plusieurs-cadres-debarques-voici-les-nouvelles-tetes-fortes-du-parti\",\"name\":\"PPA-CI, apr\u00e8s la d\u00e9b\u00e2cle aux \u00e9lections locales, Gbagbo fait le m\u00e9nage, plusieurs cadres d\u00e9barqu\u00e9s, voici les nouvelles t\u00eates fortes du parti - C\u00f4te d&#039;Ivoire\",\"isPartOf\":{\"@id\":\"https:\/\/www.africa-press.net\/cotedivoire\/#website\"},\"primaryImageOfPage\":{\"@id\":\"https:\/\/www.africa-press.net\/cotedivoire\/parties\/ppa-ci-apres-la-debacle-aux-elections-locales-gbagbo-fait-le-menage-plusieurs-cadres-debarques-voici-les-nouvelles-tetes-fortes-du-parti#primaryimage\"},\"image\":{\"@id\":\"https:\/\/www.africa-press.net\/cotedivoire\/parties\/ppa-ci-apres-la-debacle-aux-elections-locales-gbagbo-fait-le-menage-plusieurs-cadres-debarques-voici-les-nouvelles-tetes-fortes-du-parti#primaryimage\"},\"thumbnailUrl\":\"https:\/\/static.africa-press.net\/cote\/sites\/43\/2023\/10\/sm_1698157751.50979.jpg\",\"datePublished\":\"2023-10-24T17:36:45+00:00\",\"dateModified\":\"2023-10-24T18:00:13+00:00\",\"author\":{\"@id\":\"https:\/\/www.africa-press.net\/cotedivoire\/#\/schema\/person\/2b1cf3cd81a31e3cd26889ca66d677f1\"},\"description\":\"Ce grand me\u0301nage de Laurent Gbagbo au sein du Parti des Peuples Africains-Co\u0302te d\u2019Ivoire (PPA-CI) e\u0301tait attendu. Apre\u0300 ...\",\"breadcrumb\":{\"@id\":\"https:\/\/www.africa-press.net\/cotedivoire\/parties\/ppa-ci-apres-la-debacle-aux-elections-locales-gbagbo-fait-le-menage-plusieurs-cadres-debarques-voici-les-nouvelles-tetes-fortes-du-parti#breadcrumb\"},\"inLanguage\":\"fr-FR\",\"potentialAction\":[{\"@type\":\"ReadAction\",\"target\":[\"https:\/\/www.africa-press.net\/cotedivoire\/parties\/ppa-ci-apres-la-debacle-aux-elections-locales-gbagbo-fait-le-menage-plusieurs-cadres-debarques-voici-les-nouvelles-tetes-fortes-du-parti\"]}]},{\"@type\":\"ImageObject\",\"inLanguage\":\"fr-FR\",\"@id\":\"https:\/\/www.africa-press.net\/cotedivoire\/parties\/ppa-ci-apres-la-debacle-aux-elections-locales-gbagbo-fait-le-menage-plusieurs-cadres-debarques-voici-les-nouvelles-tetes-fortes-du-parti#primaryimage\",\"url\":\"https:\/\/static.africa-press.net\/cote\/sites\/43\/2023\/10\/sm_1698157751.50979.jpg\",\"contentUrl\":\"https:\/\/static.africa-press.net\/cote\/sites\/43\/2023\/10\/sm_1698157751.50979.jpg\",\"width\":720,\"height\":480,\"caption\":\"PPA-CI, apr\u00e8s la d\u00e9b\u00e2cle aux \u00e9lections locales, Gbagbo fait le m\u00e9nage, plusieurs cadres d\u00e9barqu\u00e9s, voici les nouvelles t\u00eates fortes du parti\"},{\"@type\":\"BreadcrumbList\",\"@id\":\"https:\/\/www.africa-press.net\/cotedivoire\/parties\/ppa-ci-apres-la-debacle-aux-elections-locales-gbagbo-fait-le-menage-plusieurs-cadres-debarques-voici-les-nouvelles-tetes-fortes-du-parti#breadcrumb\",\"itemListElement\":[{\"@type\":\"ListItem\",\"position\":1,\"name\":\"Accueil\",\"item\":\"https:\/\/www.africa-press.net\/cotedivoire\/\"},{\"@type\":\"ListItem\",\"position\":2,\"name\":\"PPA-CI, apr\u00e8s la d\u00e9b\u00e2cle aux \u00e9lections locales, Gbagbo fait le m\u00e9nage, plusieurs cadres d\u00e9barqu\u00e9s, voici les nouvelles t\u00eates fortes du parti\"}]},{\"@type\":\"WebSite\",\"@id\":\"https:\/\/www.africa-press.net\/cotedivoire\/#website\",\"url\":\"https:\/\/www.africa-press.net\/cotedivoire\/\",\"name\":\"C\u00f4te d&#039;Ivoire\",\"description\":\"Just another Africa News Agency Sites site\",\"potentialAction\":[{\"@type\":\"SearchAction\",\"target\":{\"@type\":\"EntryPoint\",\"urlTemplate\":\"https:\/\/www.africa-press.net\/cotedivoire\/?s={search_term_string}\"},\"query-input\":{\"@type\":\"PropertyValueSpecification\",\"valueRequired\":true,\"valueName\":\"search_term_string\"}}],\"inLanguage\":\"fr-FR\"},{\"@type\":\"Person\",\"@id\":\"https:\/\/www.africa-press.net\/cotedivoire\/#\/schema\/person\/2b1cf3cd81a31e3cd26889ca66d677f1\",\"name\":\"cfeditorfr\"}]}<\/script>\n<!-- \/ Yoast SEO Premium plugin. -->","yoast_head_json":{"title":"PPA-CI, apr\u00e8s la d\u00e9b\u00e2cle aux \u00e9lections locales, Gbagbo fait le m\u00e9nage, plusieurs cadres d\u00e9barqu\u00e9s, voici les nouvelles t\u00eates fortes du parti - C\u00f4te d&#039;Ivoire","description":"Ce grand me\u0301nage de Laurent Gbagbo au sein du Parti des Peuples Africains-Co\u0302te d\u2019Ivoire (PPA-CI) e\u0301tait attendu. Apre\u0300 ...","robots":{"index":"index","follow":"follow","max-snippet":"max-snippet:-1","max-image-preview":"max-image-preview:large","max-video-preview":"max-video-preview:-1"},"canonical":"https:\/\/www.africa-press.net\/cotedivoire\/parties\/ppa-ci-apres-la-debacle-aux-elections-locales-gbagbo-fait-le-menage-plusieurs-cadres-debarques-voici-les-nouvelles-tetes-fortes-du-parti","og_locale":"fr_FR","og_type":"article","og_title":"PPA-CI, apr\u00e8s la d\u00e9b\u00e2cle aux \u00e9lections locales, Gbagbo fait le m\u00e9nage, plusieurs cadres d\u00e9barqu\u00e9s, voici les nouvelles t\u00eates fortes du parti","og_description":"Ce grand me\u0301nage de Laurent Gbagbo au sein du Parti des Peuples Africains-Co\u0302te d\u2019Ivoire (PPA-CI) e\u0301tait attendu. Apre\u0300 ...","og_url":"https:\/\/www.africa-press.net\/cotedivoire\/parties\/ppa-ci-apres-la-debacle-aux-elections-locales-gbagbo-fait-le-menage-plusieurs-cadres-debarques-voici-les-nouvelles-tetes-fortes-du-parti","og_site_name":"C\u00f4te d&#039;Ivoire","article_published_time":"2023-10-24T17:36:45+00:00","article_modified_time":"2023-10-24T18:00:13+00:00","og_image":[{"width":720,"height":480,"url":"https:\/\/static.africa-press.net\/cote\/sites\/43\/2023\/10\/sm_1698157751.50979.jpg","type":"image\/jpeg"}],"author":"cfeditorfr","twitter_card":"summary_large_image","twitter_misc":{"\u00c9crit par":"cfeditorfr","Dur\u00e9e de lecture estim\u00e9e":"2 minutes"},"schema":{"@context":"https:\/\/schema.org","@graph":[{"@type":"Article","@id":"https:\/\/www.africa-press.net\/cotedivoire\/parties\/ppa-ci-apres-la-debacle-aux-elections-locales-gbagbo-fait-le-menage-plusieurs-cadres-debarques-voici-les-nouvelles-tetes-fortes-du-parti#article","isPartOf":{"@id":"https:\/\/www.africa-press.net\/cotedivoire\/parties\/ppa-ci-apres-la-debacle-aux-elections-locales-gbagbo-fait-le-menage-plusieurs-cadres-debarques-voici-les-nouvelles-tetes-fortes-du-parti"},"author":{"name":"cfeditorfr","@id":"https:\/\/www.africa-press.net\/cotedivoire\/#\/schema\/person\/2b1cf3cd81a31e3cd26889ca66d677f1"},"headline":"PPA-CI, apr\u00e8s la d\u00e9b\u00e2cle aux \u00e9lections locales, Gbagbo fait le m\u00e9nage, plusieurs cadres d\u00e9barqu\u00e9s, voici les nouvelles t\u00eates fortes du parti","datePublished":"2023-10-24T17:36:45+00:00","dateModified":"2023-10-24T18:00:13+00:00","mainEntityOfPage":{"@id":"https:\/\/www.africa-press.net\/cotedivoire\/parties\/ppa-ci-apres-la-debacle-aux-elections-locales-gbagbo-fait-le-menage-plusieurs-cadres-debarques-voici-les-nouvelles-tetes-fortes-du-parti"},"wordCount":395,"commentCount":0,"image":{"@id":"https:\/\/www.africa-press.net\/cotedivoire\/parties\/ppa-ci-apres-la-debacle-aux-elections-locales-gbagbo-fait-le-menage-plusieurs-cadres-debarques-voici-les-nouvelles-tetes-fortes-du-parti#primaryimage"},"thumbnailUrl":"https:\/\/static.africa-press.net\/cote\/sites\/43\/2023\/10\/sm_1698157751.50979.jpg","keywords":["Africa Press","Africa Press-C\u00f4te d'Ivoire","C\u00d4TE D'IVOIRE","Gbagbo","Katinan","Parti","PPA-CI"],"articleSection":["Parties","Top Nouvelles","Toutes les actualit\u00e9s"],"inLanguage":"fr-FR","potentialAction":[{"@type":"CommentAction","name":"Comment","target":["https:\/\/www.africa-press.net\/cotedivoire\/parties\/ppa-ci-apres-la-debacle-aux-elections-locales-gbagbo-fait-le-menage-plusieurs-cadres-debarques-voici-les-nouvelles-tetes-fortes-du-parti#respond"]}]},{"@type":"WebPage","@id":"https:\/\/www.africa-press.net\/cotedivoire\/parties\/ppa-ci-apres-la-debacle-aux-elections-locales-gbagbo-fait-le-menage-plusieurs-cadres-debarques-voici-les-nouvelles-tetes-fortes-du-parti","url":"https:\/\/www.africa-press.net\/cotedivoire\/parties\/ppa-ci-apres-la-debacle-aux-elections-locales-gbagbo-fait-le-menage-plusieurs-cadres-debarques-voici-les-nouvelles-tetes-fortes-du-parti","name":"PPA-CI, apr\u00e8s la d\u00e9b\u00e2cle aux \u00e9lections locales, Gbagbo fait le m\u00e9nage, plusieurs cadres d\u00e9barqu\u00e9s, voici les nouvelles t\u00eates fortes du parti - C\u00f4te d&#039;Ivoire","isPartOf":{"@id":"https:\/\/www.africa-press.net\/cotedivoire\/#website"},"primaryImageOfPage":{"@id":"https:\/\/www.africa-press.net\/cotedivoire\/parties\/ppa-ci-apres-la-debacle-aux-elections-locales-gbagbo-fait-le-menage-plusieurs-cadres-debarques-voici-les-nouvelles-tetes-fortes-du-parti#primaryimage"},"image":{"@id":"https:\/\/www.africa-press.net\/cotedivoire\/parties\/ppa-ci-apres-la-debacle-aux-elections-locales-gbagbo-fait-le-menage-plusieurs-cadres-debarques-voici-les-nouvelles-tetes-fortes-du-parti#primaryimage"},"thumbnailUrl":"https:\/\/static.africa-press.net\/cote\/sites\/43\/2023\/10\/sm_1698157751.50979.jpg","datePublished":"2023-10-24T17:36:45+00:00","dateModified":"2023-10-24T18:00:13+00:00","author":{"@id":"https:\/\/www.africa-press.net\/cotedivoire\/#\/schema\/person\/2b1cf3cd81a31e3cd26889ca66d677f1"},"description":"Ce grand me\u0301nage de Laurent Gbagbo au sein du Parti des Peuples Africains-Co\u0302te d\u2019Ivoire (PPA-CI) e\u0301tait attendu. Apre\u0300 ...","breadcrumb":{"@id":"https:\/\/www.africa-press.net\/cotedivoire\/parties\/ppa-ci-apres-la-debacle-aux-elections-locales-gbagbo-fait-le-menage-plusieurs-cadres-debarques-voici-les-nouvelles-tetes-fortes-du-parti#breadcrumb"},"inLanguage":"fr-FR","potentialAction":[{"@type":"ReadAction","target":["https:\/\/www.africa-press.net\/cotedivoire\/parties\/ppa-ci-apres-la-debacle-aux-elections-locales-gbagbo-fait-le-menage-plusieurs-cadres-debarques-voici-les-nouvelles-tetes-fortes-du-parti"]}]},{"@type":"ImageObject","inLanguage":"fr-FR","@id":"https:\/\/www.africa-press.net\/cotedivoire\/parties\/ppa-ci-apres-la-debacle-aux-elections-locales-gbagbo-fait-le-menage-plusieurs-cadres-debarques-voici-les-nouvelles-tetes-fortes-du-parti#primaryimage","url":"https:\/\/static.africa-press.net\/cote\/sites\/43\/2023\/10\/sm_1698157751.50979.jpg","contentUrl":"https:\/\/static.africa-press.net\/cote\/sites\/43\/2023\/10\/sm_1698157751.50979.jpg","width":720,"height":480,"caption":"PPA-CI, apr\u00e8s la d\u00e9b\u00e2cle aux \u00e9lections locales, Gbagbo fait le m\u00e9nage, plusieurs cadres d\u00e9barqu\u00e9s, voici les nouvelles t\u00eates fortes du parti"},{"@type":"BreadcrumbList","@id":"https:\/\/www.africa-press.net\/cotedivoire\/parties\/ppa-ci-apres-la-debacle-aux-elections-locales-gbagbo-fait-le-menage-plusieurs-cadres-debarques-voici-les-nouvelles-tetes-fortes-du-parti#breadcrumb","itemListElement":[{"@type":"ListItem","position":1,"name":"Accueil","item":"https:\/\/www.africa-press.net\/cotedivoire\/"},{"@type":"ListItem","position":2,"name":"PPA-CI, apr\u00e8s la d\u00e9b\u00e2cle aux \u00e9lections locales, Gbagbo fait le m\u00e9nage, plusieurs cadres d\u00e9barqu\u00e9s, voici les nouvelles t\u00eates fortes du parti"}]},{"@type":"WebSite","@id":"https:\/\/www.africa-press.net\/cotedivoire\/#website","url":"https:\/\/www.africa-press.net\/cotedivoire\/","name":"C\u00f4te d&#039;Ivoire","description":"Just another Africa News Agency Sites site","potentialAction":[{"@type":"SearchAction","target":{"@type":"EntryPoint","urlTemplate":"https:\/\/www.africa-press.net\/cotedivoire\/?s={search_term_string}"},"query-input":{"@type":"PropertyValueSpecification","valueRequired":true,"valueName":"search_term_string"}}],"inLanguage":"fr-FR"},{"@type":"Person","@id":"https:\/\/www.africa-press.net\/cotedivoire\/#\/schema\/person\/2b1cf3cd81a31e3cd26889ca66d677f1","name":"cfeditorfr"}]}},"_links":{"self":[{"href":"https:\/\/www.africa-press.net\/cotedivoire\/wp-json\/wp\/v2\/posts\/68136","targetHints":{"allow":["GET"]}}],"collection":[{"href":"https:\/\/www.africa-press.net\/cotedivoire\/wp-json\/wp\/v2\/posts"}],"about":[{"href":"https:\/\/www.africa-press.net\/cotedivoire\/wp-json\/wp\/v2\/types\/post"}],"author":[{"embeddable":true,"href":"https:\/\/www.africa-press.net\/cotedivoire\/wp-json\/wp\/v2\/users\/82"}],"replies":[{"embeddable":true,"href":"https:\/\/www.africa-press.net\/cotedivoire\/wp-json\/wp\/v2\/comments?post=68136"}],"version-history":[{"count":0,"href":"https:\/\/www.africa-press.net\/cotedivoire\/wp-json\/wp\/v2\/posts\/68136\/revisions"}],"wp:featuredmedia":[{"embeddable":true,"href":"https:\/\/www.africa-press.net\/cotedivoire\/wp-json\/wp\/v2\/media\/68134"}],"wp:attachment":[{"href":"https:\/\/www.africa-press.net\/cotedivoire\/wp-json\/wp\/v2\/media?parent=68136"}],"wp:term":[{"taxonomy":"category","embeddable":true,"href":"https:\/\/www.africa-press.net\/cotedivoire\/wp-json\/wp\/v2\/categories?post=68136"},{"taxonomy":"post_tag","embeddable":true,"href":"https:\/\/www.africa-press.net\/cotedivoire\/wp-json\/wp\/v2\/tags?post=68136"}],"curies":[{"name":"wp","href":"https:\/\/api.w.org\/{rel}","templated":true}]}}