{"id":68141,"date":"2023-10-24T17:37:18","date_gmt":"2023-10-24T17:37:18","guid":{"rendered":"https:\/\/www.africa-press.net\/cotedivoire\/politique\/robert-beugre-mambe-recoit-les-ingenieurs-des-travaux-publics"},"modified":"2023-10-24T18:00:58","modified_gmt":"2023-10-24T18:00:58","slug":"robert-beugre-mambe-recoit-les-ingenieurs-des-travaux-publics","status":"publish","type":"post","link":"https:\/\/www.africa-press.net\/cotedivoire\/politique\/robert-beugre-mambe-recoit-les-ingenieurs-des-travaux-publics","title":{"rendered":"Robert Beugr\u00e9 Mamb\u00e9 re\u00e7oit les  ing\u00e9nieurs des Travaux publics"},"content":{"rendered":"<p><span style=\"color: #ff6600\"><strong>Africa-Press &#8211; C\u00f4te d&rsquo;Ivoire. <\/strong><\/span>Le premier ministre, Chef du gouvernement, ministre des Sports et du cadre de vie, Robert Beugre\u0301 Mambe\u0301, a eu hier, lundi 23 octobre, a\u0300 son domicile sis a\u0300 Cocody, une rencontre avec l\u2019ensemble des inge\u0301nieurs des Travaux publics (TP) du pays.<\/p>\n<p>A\u0300 leur te\u0302te, le ministre de l\u2019E\u0301quipement et de l\u2019Entretien Routier, Amede\u0301 Koffi Kouakou, Docteur inge\u0301nieur en ge\u0301nie civil, avec a\u0300 ses co\u0302te\u0301s le ministre de la Sante\u0301, de l\u2019Hygie\u0300ne publique et de la Couverture maladie universelle, Pierre Dimba.<\/p>\n<p>Nomme\u0301 le 16 octobre dernier, Robert Beugre\u0301 Mambe\u0301, inge\u0301nieur des TP de formation, s\u2019est entretenu, une semaine apre\u0300s cette nomination a\u0300 la Primature, avec sa corporation.<\/p>\n<p>Prenant la parole a\u0300 l\u2019occasion de cette rencontre qui voulue fraternelle et conviviale, Beugre\u0301 Mambe\u0301 a dit sa joie de recevoir ses pairs. \u00ab Ma joie est immense. Je suis tre\u0300s fier de vous. Que le Seigneur m\u2019aide a\u0300 e\u0302tre tre\u0300s attentif aux proble\u0300mes de chacun \u00bb, a-t-il fait savoir Il a exhorte\u0301 ses ho\u0302tes afin que cette \u2018\u2019solidarite\u0301\u2019\u2019 qui se traduit par cette visite, puisse continuer au sein de leur corporation. \u00ab Qu\u2019ensemble, nous donnons la preuve de notre solidarite\u0301 \u00bb, a-t-il recommande\u0301 a\u0300 ses ho\u0302tes. Car, selon le Premier ministre, cette solidarite\u0301 permettra au Chef de l\u2019Etat de poursuivre, dans de meilleures conditions, ses actions de de\u0301veloppement. \u00ab Si nous sommes solidaires, nous ferons des choses extraordinaires, nous a\u0300 aider le pre\u0301sident Alassane Ouattara a de\u0301veloppe\u0301 le pays. Les enjeux sont e\u0301normes. Dieu nous a donne\u0301 les moyens de ge\u0301rer cela \u00bb, a indique\u0301 Beugre\u0301 Mambe\u0301.<\/p>\n<p>Poursuivant, il a demande\u0301 aux membres de sa corporation de remercier le Chef de l\u2019Etat pour sa vision. \u00ab Je vous demande de remercier profonde\u0301ment le pre\u0301sident de la Re\u0301publique. Car il est me\u0301thodique. Rien ne lui e\u0301chappe. Il observe beaucoup. Il anticipe Beaucoup \u00bb, a-t-il reconnu. Au sujet du me\u0301tier de l\u2019inge\u0301nieur des TP, le nouveau dira : \u00ab Notre me\u0301tier est un me\u0301tier extraordinaire qui nous enseigne de nous contenter de tre\u0300s peu pour faire quelque chose d\u2019extraordinaire. Chaque projet est une the\u0300se \u00bb. C\u2019est pourquoi, il s\u2019est re\u0301joui de ces \u2018\u2019retrouvailles\u2019\u2019. Aussi, a-t-il aborde\u0301 le manque d\u2019inge\u0301nieurs dans l\u2019administration publique. A\u0300 cet effet, annonce\u0301 un me\u0301moire afin d\u2019adresser cette proble\u0301matique.<\/p>\n<p>Pour sa part, le ministre Amede\u0301 Kouakou a salue\u0301 la nomination du tout inge\u0301nieur des TP issu de l\u2019ENSTP avant de situer l\u2019objet du pre\u0301sent rendez-vous. \u00ab C\u2019est la premie\u0300re fois qu\u2019un inge\u0301nieur issu de cette e\u0301cole est nomme\u0301 Premier ministre en la personne de Monsieur Beugre\u0301 Mambe\u0301 Robert. (&#8230;) La rencontre d\u2019aujourd\u2019hui est organise\u0301e pour dire d\u2019abord merci a\u0300 Dieu et fe\u0301liciter le premier ministre Mambe\u0301. Mais surtout, dire merci au Pre\u0301sident de la Re\u0301publique, SEM Alassane Ouattara pour l\u2019honneur qu\u2019il fait a\u0300 toute l\u2019e\u0301cole et a\u0300 notre corporation \u00bb, a situe\u0301 le ministre Amede\u0301 Kouakou.<\/p>\n<p>Avant, toutes promotions confondues et issus de l\u2019Ecole nationale supe\u0301rieure des travaux publics (ENSTP), aujourd\u2019hui E\u0301cole supe\u0301rieure des Travaux publics (ESTP), les inge\u0301nieurs des TP sont venus fe\u0301liciter l\u2019actuel PM et un des leurs de la promotion 1976, pour sa nomination. Cela, par la voix du Professeur Menin Messou, de la promotion 1969. Le porte-parole des inge\u0301nieurs des TP a traduit, pour eux, le sens de cette nomination. \u00ab Elle reve\u0302t, a\u0300 nos yeux, un facteur d\u2019union. Elle re\u0301sonne en chacun de nous comme le symbole d\u2019une famille soude\u0301e par les fruits magnifiques du travail que tu as accompli \u00bb, a-t-il laisse\u0301 entendre. Menin Messou n\u2019a pas manque\u0301 l\u2019occasion d\u2019exprimer sa reconnaissance au Pre\u0301sident Ouattara.<\/p>\n<p>\u00ab Nous voulons continuer aussi a\u0300 exprimer avec toi notre infinie gratitude a\u0300 SEM Alassane Ouattara, Pre\u0301sident de la Re\u0301publique, pour son choix souverain et e\u0301claire\u0301 porte\u0301 sur ta personne, sur ta riche expe\u0301rience multidimensionnelle et pour l\u2019espoir qu\u2019il place ainsi dans tout le potentiel dont tu regorges \u00bb, a-t-il de\u0301clare\u0301. Non sans rendre hommage au nouveau Chef du gouvernement. \u00ab Merci, Monsieur le Premier Ministre, d\u2019assurer cette catalyse pour acce\u0301le\u0301rer la recherche de l\u2019excellence dans notre corporation, au service du de\u0301veloppement durable de notre pays \u00bb, a notifie\u0301 le Professeur Menin a\u0300 l\u2019endroit du PM.<\/p>\n\r\n                <style type=\"text\/css\">\r\n                    \r\n                    #td_uid_1_69f42b7cc678e  .td-doubleSlider-2 .td-item1 {\r\n                        background: url(https:\/\/static.africa-press.net\/cote\/sites\/43\/2023\/10\/sm_1698157767.909984-80x60.jpg) 0 0 no-repeat;\r\n                    }\r\n                    #td_uid_1_69f42b7cc678e  .td-doubleSlider-2 .td-item2 {\r\n                        background: url(https:\/\/static.africa-press.net\/cote\/sites\/43\/2023\/10\/sm_1698157776.649023-80x60.jpg) 0 0 no-repeat;\r\n                    }\r\n                <\/style>\r\n\r\n                <div id=\"td_uid_1_69f42b7cc678e\" class=\"td-gallery td-slide-on-2-columns\">\r\n                    <div class=\"post_td_gallery\">\r\n                        <div class=\"td-gallery-slide-top\">\r\n                           <div class=\"td-gallery-title\"><\/div>\r\n\r\n                            <div class=\"td-gallery-controls-wrapper\">\r\n                                <div class=\"td-gallery-slide-count\"><span class=\"td-gallery-slide-item-focus\">1<\/span> de 2<\/div>\r\n                                <div class=\"td-gallery-slide-prev-next-but\">\r\n                                    <i class = \"td-icon-left doubleSliderPrevButton\"><\/i>\r\n                                    <i class = \"td-icon-right doubleSliderNextButton\"><\/i>\r\n                                <\/div>\r\n                            <\/div>\r\n                        <\/div>\r\n\r\n                        <div class = \"td-doubleSlider-1 \">\r\n                            <div class = \"td-slider\">\r\n                                \r\n                    <div class = \"td-slide-item td-item1\">\r\n                        <figure class=\"td-slide-galery-figure td-slide-popup-gallery\">\r\n                            <a class=\"slide-gallery-image-link\" href=\"https:\/\/static.africa-press.net\/cote\/sites\/43\/2023\/10\/sm_1698157767.909984.jpg\" title=\"sm_1698157767.909984\"  data-caption=\"\"  data-description=\"\">\r\n                                <img decoding=\"async\" src=\"https:\/\/static.africa-press.net\/cote\/sites\/43\/2023\/10\/sm_1698157767.909984.jpg\" srcset=\"https:\/\/static.africa-press.net\/cote\/sites\/43\/2023\/10\/sm_1698157767.909984.jpg 1000w, https:\/\/static.africa-press.net\/cote\/sites\/43\/2023\/10\/sm_1698157767.909984-300x179.jpg 300w, https:\/\/static.africa-press.net\/cote\/sites\/43\/2023\/10\/sm_1698157767.909984-768x459.jpg 768w\" sizes=\"(max-width: 1000px) 100vw, 1000px\" alt=\"\">\r\n                            <\/a>\r\n                            \r\n                        <\/figure>\r\n                    <\/div>\r\n                    <div class = \"td-slide-item td-item2\">\r\n                        <figure class=\"td-slide-galery-figure td-slide-popup-gallery\">\r\n                            <a class=\"slide-gallery-image-link\" href=\"https:\/\/static.africa-press.net\/cote\/sites\/43\/2023\/10\/sm_1698157776.649023.jpg\" title=\"sm_1698157776.649023\"  data-caption=\"\"  data-description=\"\">\r\n                                <img decoding=\"async\" src=\"https:\/\/static.africa-press.net\/cote\/sites\/43\/2023\/10\/sm_1698157776.649023.jpg\" srcset=\"https:\/\/static.africa-press.net\/cote\/sites\/43\/2023\/10\/sm_1698157776.649023.jpg 1000w, https:\/\/static.africa-press.net\/cote\/sites\/43\/2023\/10\/sm_1698157776.649023-300x200.jpg 300w, https:\/\/static.africa-press.net\/cote\/sites\/43\/2023\/10\/sm_1698157776.649023-768x512.jpg 768w\" sizes=\"(max-width: 1000px) 100vw, 1000px\" alt=\"\">\r\n                            <\/a>\r\n                            \r\n                        <\/figure>\r\n                    <\/div>\r\n                            <\/div>\r\n                        <\/div>\r\n\r\n                        <div class = \"td-doubleSlider-2\">\r\n                            <div class = \"td-slider\">\r\n                                \r\n                    <div class = \"td-button td-item1\">\r\n                        <div class = \"td-border\"><\/div>\r\n                    <\/div>\r\n                    <div class = \"td-button td-item2\">\r\n                        <div class = \"td-border\"><\/div>\r\n                    <\/div>\r\n                            <\/div>\r\n                        <\/div>\r\n\r\n                    <\/div>\r\n\r\n                <\/div>\r\n                \n<p><strong>Pour plus d&rsquo;informations et d&rsquo;analyses sur la <a href=\"https:\/\/www.africa-press.net\/cotedivoire\">C\u00f4te d&rsquo;Ivoire<\/a>, suivez <a href=\"https:\/\/www.africa-press.net\/\">Africa-Press<\/a><\/strong><\/p>\n","protected":false},"excerpt":{"rendered":"<p>Africa-Press &#8211; C\u00f4te d&rsquo;Ivoire. Le premier ministre, Chef du gouvernement, ministre des Sports et du cadre de vie, Robert Beugre\u0301 Mambe\u0301, a eu hier, lundi 23 octobre, a\u0300 son domicile sis a\u0300 Cocody, une rencontre avec l\u2019ensemble des inge\u0301nieurs des Travaux publics (TP) du pays. A\u0300 leur te\u0302te, le ministre de l\u2019E\u0301quipement et de l\u2019Entretien [&hellip;]<\/p>\n","protected":false},"author":82,"featured_media":68140,"comment_status":"open","ping_status":"closed","sticky":false,"template":"","format":"standard","meta":{"footnotes":""},"categories":[8,2,10],"tags":[56,63,29,9980],"class_list":["post-68141","post","type-post","status-publish","format-standard","has-post-thumbnail","hentry","category-photo","category-politique","category-toutes-les-actualites","tag-africa-press","tag-africa-press-cote-divoire","tag-cote-divoire","tag-robert-beugre-mambe"],"yoast_head":"<!-- This site is optimized with the Yoast SEO Premium plugin v26.1 (Yoast SEO v27.0) - https:\/\/yoast.com\/product\/yoast-seo-premium-wordpress\/ -->\n<title>Robert Beugr\u00e9 Mamb\u00e9 re\u00e7oit les ing\u00e9nieurs des Travaux publics - C\u00f4te d&#039;Ivoire<\/title>\n<meta name=\"description\" content=\"Le premier ministre, Chef du gouvernement, ministre des Sports et du cadre de vie, Robert Beugre\u0301 Mambe\u0301, a eu hier, lun ...\" \/>\n<meta name=\"robots\" content=\"index, follow, max-snippet:-1, max-image-preview:large, max-video-preview:-1\" \/>\n<link rel=\"canonical\" href=\"https:\/\/www.africa-press.net\/cotedivoire\/politique\/robert-beugre-mambe-recoit-les-ingenieurs-des-travaux-publics\" \/>\n<meta property=\"og:locale\" content=\"fr_FR\" \/>\n<meta property=\"og:type\" content=\"article\" \/>\n<meta property=\"og:title\" content=\"Robert Beugr\u00e9 Mamb\u00e9 re\u00e7oit les ing\u00e9nieurs des Travaux publics\" \/>\n<meta property=\"og:description\" content=\"Le premier ministre, Chef du gouvernement, ministre des Sports et du cadre de vie, Robert Beugre\u0301 Mambe\u0301, a eu hier, lun ...\" \/>\n<meta property=\"og:url\" content=\"https:\/\/www.africa-press.net\/cotedivoire\/politique\/robert-beugre-mambe-recoit-les-ingenieurs-des-travaux-publics\" \/>\n<meta property=\"og:site_name\" content=\"C\u00f4te d&#039;Ivoire\" \/>\n<meta property=\"article:published_time\" content=\"2023-10-24T17:37:18+00:00\" \/>\n<meta property=\"article:modified_time\" content=\"2023-10-24T18:00:58+00:00\" \/>\n<meta property=\"og:image\" content=\"https:\/\/static.africa-press.net\/cote\/sites\/43\/2023\/10\/sm_1698157793.374821.jpg\" \/>\n\t<meta property=\"og:image:width\" content=\"720\" \/>\n\t<meta property=\"og:image:height\" content=\"391\" \/>\n\t<meta property=\"og:image:type\" content=\"image\/jpeg\" \/>\n<meta name=\"author\" content=\"cfeditorfr\" \/>\n<meta name=\"twitter:card\" content=\"summary_large_image\" \/>\n<meta name=\"twitter:label1\" content=\"\u00c9crit par\" \/>\n\t<meta name=\"twitter:data1\" content=\"cfeditorfr\" \/>\n\t<meta name=\"twitter:label2\" content=\"Dur\u00e9e de lecture estim\u00e9e\" \/>\n\t<meta name=\"twitter:data2\" content=\"4 minutes\" \/>\n<script type=\"application\/ld+json\" class=\"yoast-schema-graph\">{\"@context\":\"https:\/\/schema.org\",\"@graph\":[{\"@type\":\"Article\",\"@id\":\"https:\/\/www.africa-press.net\/cotedivoire\/politique\/robert-beugre-mambe-recoit-les-ingenieurs-des-travaux-publics#article\",\"isPartOf\":{\"@id\":\"https:\/\/www.africa-press.net\/cotedivoire\/politique\/robert-beugre-mambe-recoit-les-ingenieurs-des-travaux-publics\"},\"author\":{\"name\":\"cfeditorfr\",\"@id\":\"https:\/\/www.africa-press.net\/cotedivoire\/#\/schema\/person\/2b1cf3cd81a31e3cd26889ca66d677f1\"},\"headline\":\"Robert Beugr\u00e9 Mamb\u00e9 re\u00e7oit les ing\u00e9nieurs des Travaux publics\",\"datePublished\":\"2023-10-24T17:37:18+00:00\",\"dateModified\":\"2023-10-24T18:00:58+00:00\",\"mainEntityOfPage\":{\"@id\":\"https:\/\/www.africa-press.net\/cotedivoire\/politique\/robert-beugre-mambe-recoit-les-ingenieurs-des-travaux-publics\"},\"wordCount\":797,\"commentCount\":0,\"image\":{\"@id\":\"https:\/\/www.africa-press.net\/cotedivoire\/politique\/robert-beugre-mambe-recoit-les-ingenieurs-des-travaux-publics#primaryimage\"},\"thumbnailUrl\":\"https:\/\/static.africa-press.net\/cote\/sites\/43\/2023\/10\/sm_1698157793.374821.jpg\",\"keywords\":[\"Africa Press\",\"Africa Press-C\u00f4te d'Ivoire\",\"C\u00d4TE D'IVOIRE\",\"Robert Beugr\u00e9 Mamb\u00e9\"],\"articleSection\":[\"Photo\",\"Politique\",\"Toutes les actualit\u00e9s\"],\"inLanguage\":\"fr-FR\",\"potentialAction\":[{\"@type\":\"CommentAction\",\"name\":\"Comment\",\"target\":[\"https:\/\/www.africa-press.net\/cotedivoire\/politique\/robert-beugre-mambe-recoit-les-ingenieurs-des-travaux-publics#respond\"]}]},{\"@type\":\"WebPage\",\"@id\":\"https:\/\/www.africa-press.net\/cotedivoire\/politique\/robert-beugre-mambe-recoit-les-ingenieurs-des-travaux-publics\",\"url\":\"https:\/\/www.africa-press.net\/cotedivoire\/politique\/robert-beugre-mambe-recoit-les-ingenieurs-des-travaux-publics\",\"name\":\"Robert Beugr\u00e9 Mamb\u00e9 re\u00e7oit les ing\u00e9nieurs des Travaux publics - C\u00f4te d&#039;Ivoire\",\"isPartOf\":{\"@id\":\"https:\/\/www.africa-press.net\/cotedivoire\/#website\"},\"primaryImageOfPage\":{\"@id\":\"https:\/\/www.africa-press.net\/cotedivoire\/politique\/robert-beugre-mambe-recoit-les-ingenieurs-des-travaux-publics#primaryimage\"},\"image\":{\"@id\":\"https:\/\/www.africa-press.net\/cotedivoire\/politique\/robert-beugre-mambe-recoit-les-ingenieurs-des-travaux-publics#primaryimage\"},\"thumbnailUrl\":\"https:\/\/static.africa-press.net\/cote\/sites\/43\/2023\/10\/sm_1698157793.374821.jpg\",\"datePublished\":\"2023-10-24T17:37:18+00:00\",\"dateModified\":\"2023-10-24T18:00:58+00:00\",\"author\":{\"@id\":\"https:\/\/www.africa-press.net\/cotedivoire\/#\/schema\/person\/2b1cf3cd81a31e3cd26889ca66d677f1\"},\"description\":\"Le premier ministre, Chef du gouvernement, ministre des Sports et du cadre de vie, Robert Beugre\u0301 Mambe\u0301, a eu hier, lun ...\",\"breadcrumb\":{\"@id\":\"https:\/\/www.africa-press.net\/cotedivoire\/politique\/robert-beugre-mambe-recoit-les-ingenieurs-des-travaux-publics#breadcrumb\"},\"inLanguage\":\"fr-FR\",\"potentialAction\":[{\"@type\":\"ReadAction\",\"target\":[\"https:\/\/www.africa-press.net\/cotedivoire\/politique\/robert-beugre-mambe-recoit-les-ingenieurs-des-travaux-publics\"]}]},{\"@type\":\"ImageObject\",\"inLanguage\":\"fr-FR\",\"@id\":\"https:\/\/www.africa-press.net\/cotedivoire\/politique\/robert-beugre-mambe-recoit-les-ingenieurs-des-travaux-publics#primaryimage\",\"url\":\"https:\/\/static.africa-press.net\/cote\/sites\/43\/2023\/10\/sm_1698157793.374821.jpg\",\"contentUrl\":\"https:\/\/static.africa-press.net\/cote\/sites\/43\/2023\/10\/sm_1698157793.374821.jpg\",\"width\":720,\"height\":391,\"caption\":\"Robert Beugr\u00e9 Mamb\u00e9 re\u00e7oit les ing\u00e9nieurs des Travaux publics\"},{\"@type\":\"BreadcrumbList\",\"@id\":\"https:\/\/www.africa-press.net\/cotedivoire\/politique\/robert-beugre-mambe-recoit-les-ingenieurs-des-travaux-publics#breadcrumb\",\"itemListElement\":[{\"@type\":\"ListItem\",\"position\":1,\"name\":\"Accueil\",\"item\":\"https:\/\/www.africa-press.net\/cotedivoire\/\"},{\"@type\":\"ListItem\",\"position\":2,\"name\":\"Robert Beugr\u00e9 Mamb\u00e9 re\u00e7oit les ing\u00e9nieurs des Travaux publics\"}]},{\"@type\":\"WebSite\",\"@id\":\"https:\/\/www.africa-press.net\/cotedivoire\/#website\",\"url\":\"https:\/\/www.africa-press.net\/cotedivoire\/\",\"name\":\"C\u00f4te d&#039;Ivoire\",\"description\":\"Just another Africa News Agency Sites site\",\"potentialAction\":[{\"@type\":\"SearchAction\",\"target\":{\"@type\":\"EntryPoint\",\"urlTemplate\":\"https:\/\/www.africa-press.net\/cotedivoire\/?s={search_term_string}\"},\"query-input\":{\"@type\":\"PropertyValueSpecification\",\"valueRequired\":true,\"valueName\":\"search_term_string\"}}],\"inLanguage\":\"fr-FR\"},{\"@type\":\"Person\",\"@id\":\"https:\/\/www.africa-press.net\/cotedivoire\/#\/schema\/person\/2b1cf3cd81a31e3cd26889ca66d677f1\",\"name\":\"cfeditorfr\"}]}<\/script>\n<!-- \/ Yoast SEO Premium plugin. -->","yoast_head_json":{"title":"Robert Beugr\u00e9 Mamb\u00e9 re\u00e7oit les ing\u00e9nieurs des Travaux publics - C\u00f4te d&#039;Ivoire","description":"Le premier ministre, Chef du gouvernement, ministre des Sports et du cadre de vie, Robert Beugre\u0301 Mambe\u0301, a eu hier, lun ...","robots":{"index":"index","follow":"follow","max-snippet":"max-snippet:-1","max-image-preview":"max-image-preview:large","max-video-preview":"max-video-preview:-1"},"canonical":"https:\/\/www.africa-press.net\/cotedivoire\/politique\/robert-beugre-mambe-recoit-les-ingenieurs-des-travaux-publics","og_locale":"fr_FR","og_type":"article","og_title":"Robert Beugr\u00e9 Mamb\u00e9 re\u00e7oit les ing\u00e9nieurs des Travaux publics","og_description":"Le premier ministre, Chef du gouvernement, ministre des Sports et du cadre de vie, Robert Beugre\u0301 Mambe\u0301, a eu hier, lun ...","og_url":"https:\/\/www.africa-press.net\/cotedivoire\/politique\/robert-beugre-mambe-recoit-les-ingenieurs-des-travaux-publics","og_site_name":"C\u00f4te d&#039;Ivoire","article_published_time":"2023-10-24T17:37:18+00:00","article_modified_time":"2023-10-24T18:00:58+00:00","og_image":[{"width":720,"height":391,"url":"https:\/\/static.africa-press.net\/cote\/sites\/43\/2023\/10\/sm_1698157793.374821.jpg","type":"image\/jpeg"}],"author":"cfeditorfr","twitter_card":"summary_large_image","twitter_misc":{"\u00c9crit par":"cfeditorfr","Dur\u00e9e de lecture estim\u00e9e":"4 minutes"},"schema":{"@context":"https:\/\/schema.org","@graph":[{"@type":"Article","@id":"https:\/\/www.africa-press.net\/cotedivoire\/politique\/robert-beugre-mambe-recoit-les-ingenieurs-des-travaux-publics#article","isPartOf":{"@id":"https:\/\/www.africa-press.net\/cotedivoire\/politique\/robert-beugre-mambe-recoit-les-ingenieurs-des-travaux-publics"},"author":{"name":"cfeditorfr","@id":"https:\/\/www.africa-press.net\/cotedivoire\/#\/schema\/person\/2b1cf3cd81a31e3cd26889ca66d677f1"},"headline":"Robert Beugr\u00e9 Mamb\u00e9 re\u00e7oit les ing\u00e9nieurs des Travaux publics","datePublished":"2023-10-24T17:37:18+00:00","dateModified":"2023-10-24T18:00:58+00:00","mainEntityOfPage":{"@id":"https:\/\/www.africa-press.net\/cotedivoire\/politique\/robert-beugre-mambe-recoit-les-ingenieurs-des-travaux-publics"},"wordCount":797,"commentCount":0,"image":{"@id":"https:\/\/www.africa-press.net\/cotedivoire\/politique\/robert-beugre-mambe-recoit-les-ingenieurs-des-travaux-publics#primaryimage"},"thumbnailUrl":"https:\/\/static.africa-press.net\/cote\/sites\/43\/2023\/10\/sm_1698157793.374821.jpg","keywords":["Africa Press","Africa Press-C\u00f4te d'Ivoire","C\u00d4TE D'IVOIRE","Robert Beugr\u00e9 Mamb\u00e9"],"articleSection":["Photo","Politique","Toutes les actualit\u00e9s"],"inLanguage":"fr-FR","potentialAction":[{"@type":"CommentAction","name":"Comment","target":["https:\/\/www.africa-press.net\/cotedivoire\/politique\/robert-beugre-mambe-recoit-les-ingenieurs-des-travaux-publics#respond"]}]},{"@type":"WebPage","@id":"https:\/\/www.africa-press.net\/cotedivoire\/politique\/robert-beugre-mambe-recoit-les-ingenieurs-des-travaux-publics","url":"https:\/\/www.africa-press.net\/cotedivoire\/politique\/robert-beugre-mambe-recoit-les-ingenieurs-des-travaux-publics","name":"Robert Beugr\u00e9 Mamb\u00e9 re\u00e7oit les ing\u00e9nieurs des Travaux publics - C\u00f4te d&#039;Ivoire","isPartOf":{"@id":"https:\/\/www.africa-press.net\/cotedivoire\/#website"},"primaryImageOfPage":{"@id":"https:\/\/www.africa-press.net\/cotedivoire\/politique\/robert-beugre-mambe-recoit-les-ingenieurs-des-travaux-publics#primaryimage"},"image":{"@id":"https:\/\/www.africa-press.net\/cotedivoire\/politique\/robert-beugre-mambe-recoit-les-ingenieurs-des-travaux-publics#primaryimage"},"thumbnailUrl":"https:\/\/static.africa-press.net\/cote\/sites\/43\/2023\/10\/sm_1698157793.374821.jpg","datePublished":"2023-10-24T17:37:18+00:00","dateModified":"2023-10-24T18:00:58+00:00","author":{"@id":"https:\/\/www.africa-press.net\/cotedivoire\/#\/schema\/person\/2b1cf3cd81a31e3cd26889ca66d677f1"},"description":"Le premier ministre, Chef du gouvernement, ministre des Sports et du cadre de vie, Robert Beugre\u0301 Mambe\u0301, a eu hier, lun ...","breadcrumb":{"@id":"https:\/\/www.africa-press.net\/cotedivoire\/politique\/robert-beugre-mambe-recoit-les-ingenieurs-des-travaux-publics#breadcrumb"},"inLanguage":"fr-FR","potentialAction":[{"@type":"ReadAction","target":["https:\/\/www.africa-press.net\/cotedivoire\/politique\/robert-beugre-mambe-recoit-les-ingenieurs-des-travaux-publics"]}]},{"@type":"ImageObject","inLanguage":"fr-FR","@id":"https:\/\/www.africa-press.net\/cotedivoire\/politique\/robert-beugre-mambe-recoit-les-ingenieurs-des-travaux-publics#primaryimage","url":"https:\/\/static.africa-press.net\/cote\/sites\/43\/2023\/10\/sm_1698157793.374821.jpg","contentUrl":"https:\/\/static.africa-press.net\/cote\/sites\/43\/2023\/10\/sm_1698157793.374821.jpg","width":720,"height":391,"caption":"Robert Beugr\u00e9 Mamb\u00e9 re\u00e7oit les ing\u00e9nieurs des Travaux publics"},{"@type":"BreadcrumbList","@id":"https:\/\/www.africa-press.net\/cotedivoire\/politique\/robert-beugre-mambe-recoit-les-ingenieurs-des-travaux-publics#breadcrumb","itemListElement":[{"@type":"ListItem","position":1,"name":"Accueil","item":"https:\/\/www.africa-press.net\/cotedivoire\/"},{"@type":"ListItem","position":2,"name":"Robert Beugr\u00e9 Mamb\u00e9 re\u00e7oit les ing\u00e9nieurs des Travaux publics"}]},{"@type":"WebSite","@id":"https:\/\/www.africa-press.net\/cotedivoire\/#website","url":"https:\/\/www.africa-press.net\/cotedivoire\/","name":"C\u00f4te d&#039;Ivoire","description":"Just another Africa News Agency Sites site","potentialAction":[{"@type":"SearchAction","target":{"@type":"EntryPoint","urlTemplate":"https:\/\/www.africa-press.net\/cotedivoire\/?s={search_term_string}"},"query-input":{"@type":"PropertyValueSpecification","valueRequired":true,"valueName":"search_term_string"}}],"inLanguage":"fr-FR"},{"@type":"Person","@id":"https:\/\/www.africa-press.net\/cotedivoire\/#\/schema\/person\/2b1cf3cd81a31e3cd26889ca66d677f1","name":"cfeditorfr"}]}},"_links":{"self":[{"href":"https:\/\/www.africa-press.net\/cotedivoire\/wp-json\/wp\/v2\/posts\/68141","targetHints":{"allow":["GET"]}}],"collection":[{"href":"https:\/\/www.africa-press.net\/cotedivoire\/wp-json\/wp\/v2\/posts"}],"about":[{"href":"https:\/\/www.africa-press.net\/cotedivoire\/wp-json\/wp\/v2\/types\/post"}],"author":[{"embeddable":true,"href":"https:\/\/www.africa-press.net\/cotedivoire\/wp-json\/wp\/v2\/users\/82"}],"replies":[{"embeddable":true,"href":"https:\/\/www.africa-press.net\/cotedivoire\/wp-json\/wp\/v2\/comments?post=68141"}],"version-history":[{"count":0,"href":"https:\/\/www.africa-press.net\/cotedivoire\/wp-json\/wp\/v2\/posts\/68141\/revisions"}],"wp:featuredmedia":[{"embeddable":true,"href":"https:\/\/www.africa-press.net\/cotedivoire\/wp-json\/wp\/v2\/media\/68140"}],"wp:attachment":[{"href":"https:\/\/www.africa-press.net\/cotedivoire\/wp-json\/wp\/v2\/media?parent=68141"}],"wp:term":[{"taxonomy":"category","embeddable":true,"href":"https:\/\/www.africa-press.net\/cotedivoire\/wp-json\/wp\/v2\/categories?post=68141"},{"taxonomy":"post_tag","embeddable":true,"href":"https:\/\/www.africa-press.net\/cotedivoire\/wp-json\/wp\/v2\/tags?post=68141"}],"curies":[{"name":"wp","href":"https:\/\/api.w.org\/{rel}","templated":true}]}}