{"id":68278,"date":"2023-10-26T15:53:40","date_gmt":"2023-10-26T15:53:40","guid":{"rendered":"https:\/\/www.africa-press.net\/cotedivoire\/politique\/bouake-le-dr-du-commerce-en-visite-inopinee-dans-des-commerces-pour-le-controle-des-prix-des-marchandises"},"modified":"2023-10-26T16:42:38","modified_gmt":"2023-10-26T16:42:38","slug":"bouake-le-dr-du-commerce-en-visite-inopinee-dans-des-commerces-pour-le-controle-des-prix-des-marchandises","status":"publish","type":"post","link":"https:\/\/www.africa-press.net\/cotedivoire\/economie\/bouake-le-dr-du-commerce-en-visite-inopinee-dans-des-commerces-pour-le-controle-des-prix-des-marchandises","title":{"rendered":"Bouak\u00e9, le DR du commerce en visite inopin\u00e9e dans des commerces pour le contr\u00f4le des prix des marchandises"},"content":{"rendered":"<p><span style=\"color: #ff6600\"><strong>Africa-Press &#8211; C\u00f4te d&rsquo;Ivoire. <\/strong><\/span>Dans le cadre de la lutte contre la vie che\u0300re, le premier responsable de la direction re\u0301gionale du commerce et de l&rsquo;industrie dans le Gbe\u0302ke\u0302, a entrepris une se\u0301rie de tourne\u0301es dans des grandes surfaces, magasins, boutiques et plusieurs commerces a\u0300 Bouake\u0301 ce mardi 24 octobre 2023. Le directeur re\u0301gional tenait a\u0300 se rassurer sur l&rsquo;application re\u0301elle des prix fixe\u0301s par l&rsquo;autorite\u0301 sur les denre\u0301es alimentaires de grande consommation.<\/p>\n<p>\u00ab L\u2019E\u0301tat de Co\u0302te d\u2019Ivoire, a\u0300 travers le ministe\u0300re du Commerce et de l\u2019industrie, veille a\u0300 ce que les marche\u0301s soient re\u0301gulie\u0300rement approvisionne\u0301s et qu\u2019il ait une fluidite\u0301 au niveau des circuits de distribution. Nous sommes quotidiennement sur le terrain pour suivre les activite\u0301s des ope\u0301rateurs e\u0301conomiques et nous nous assurons du respect des mesures gouvernementales. Le gouvernement prend des dispositions pour alle\u0301ger le pouvoir d\u2019achat des populations. Il s\u2019agit de faire en sorte que les populations ne subissent pas les cou\u0302ts de la cherte\u0301 de la vie&#8230;\u00bb a explique\u0301 le directeur re\u0301gional du commerce et de l\u2019industrie, Monsieur Fadiga Mamadou. Il a ajoute\u0301 qu&rsquo; \u00ab En dehors du sucre, de fac\u0327on globale, tous les autres prix sont respecte\u0301s par les commerc\u0327ants.\u00bb<\/p>\n<p>Sadeci Aboubacar a, au nom des commerc\u0327ants, salue\u0301 l&rsquo;initiative du directeur re\u0301gional du commerce et de l\u2019industrie qui vise a\u0300 sensibiliser les consommateurs que les commerc\u0327ants sur le plafonnement des prix des denre\u0301es alimentaires. \u00ab Nous mettrons tout en \u0153uvre pour respecter les consignes du gouvernement afin de permettre aux consommateurs de toujours s\u2019approvisionner.\u00bb s&rsquo;est-il engage\u0301.<\/p>\n<p><strong>Pour plus d&rsquo;informations et d&rsquo;analyses sur la <a href=\"https:\/\/www.africa-press.net\/cotedivoire\">C\u00f4te d&rsquo;Ivoire<\/a>, suivez <a href=\"https:\/\/www.africa-press.net\/\">Africa-Press<\/a><\/strong><\/p>\n","protected":false},"excerpt":{"rendered":"<p>Africa-Press &#8211; C\u00f4te d&rsquo;Ivoire. Dans le cadre de la lutte contre la vie che\u0300re, le premier responsable de la direction re\u0301gionale du commerce et de l&rsquo;industrie dans le Gbe\u0302ke\u0302, a entrepris une se\u0301rie de tourne\u0301es dans des grandes surfaces, magasins, boutiques et plusieurs commerces a\u0300 Bouake\u0301 ce mardi 24 octobre 2023. Le directeur re\u0301gional tenait [&hellip;]<\/p>\n","protected":false},"author":82,"featured_media":68276,"comment_status":"open","ping_status":"closed","sticky":false,"template":"","format":"standard","meta":{"footnotes":""},"categories":[3,10],"tags":[56,63,366,1525,29,1438,11600],"class_list":["post-68278","post","type-post","status-publish","format-standard","has-post-thumbnail","hentry","category-economie","category-toutes-les-actualites","tag-africa-press","tag-africa-press-cote-divoire","tag-bouake","tag-commercants","tag-cote-divoire","tag-fadiga-mamadou","tag-sadeci-aboubacar"],"yoast_head":"<!-- This site is optimized with the Yoast SEO Premium plugin v26.1 (Yoast SEO v27.0) - https:\/\/yoast.com\/product\/yoast-seo-premium-wordpress\/ -->\n<title>Bouak\u00e9, le DR du commerce en visite inopin\u00e9e dans des commerces pour le contr\u00f4le des prix des marchandises - C\u00f4te d&#039;Ivoire<\/title>\n<meta name=\"description\" content=\"Dans le cadre de la lutte contre la vie che\u0300re, le premier responsable de la direction re\u0301gionale du commerce et de l&#039;in ...\" \/>\n<meta name=\"robots\" content=\"index, follow, max-snippet:-1, max-image-preview:large, max-video-preview:-1\" \/>\n<link rel=\"canonical\" href=\"https:\/\/www.africa-press.net\/cotedivoire\/economie\/bouake-le-dr-du-commerce-en-visite-inopinee-dans-des-commerces-pour-le-controle-des-prix-des-marchandises\" \/>\n<meta property=\"og:locale\" content=\"fr_FR\" \/>\n<meta property=\"og:type\" content=\"article\" \/>\n<meta property=\"og:title\" content=\"Bouak\u00e9, le DR du commerce en visite inopin\u00e9e dans des commerces pour le contr\u00f4le des prix des marchandises\" \/>\n<meta property=\"og:description\" content=\"Dans le cadre de la lutte contre la vie che\u0300re, le premier responsable de la direction re\u0301gionale du commerce et de l&#039;in ...\" \/>\n<meta property=\"og:url\" content=\"https:\/\/www.africa-press.net\/cotedivoire\/economie\/bouake-le-dr-du-commerce-en-visite-inopinee-dans-des-commerces-pour-le-controle-des-prix-des-marchandises\" \/>\n<meta property=\"og:site_name\" content=\"C\u00f4te d&#039;Ivoire\" \/>\n<meta property=\"article:published_time\" content=\"2023-10-26T15:53:40+00:00\" \/>\n<meta property=\"article:modified_time\" content=\"2023-10-26T16:42:38+00:00\" \/>\n<meta property=\"og:image\" content=\"https:\/\/static.africa-press.net\/cote\/sites\/43\/2023\/10\/sm_1698325857.998588.jpg\" \/>\n\t<meta property=\"og:image:width\" content=\"720\" \/>\n\t<meta property=\"og:image:height\" content=\"400\" \/>\n\t<meta property=\"og:image:type\" content=\"image\/jpeg\" \/>\n<meta name=\"author\" content=\"cfeditorfr\" \/>\n<meta name=\"twitter:card\" content=\"summary_large_image\" \/>\n<meta name=\"twitter:label1\" content=\"\u00c9crit par\" \/>\n\t<meta name=\"twitter:data1\" content=\"cfeditorfr\" \/>\n\t<meta name=\"twitter:label2\" content=\"Dur\u00e9e de lecture estim\u00e9e\" \/>\n\t<meta name=\"twitter:data2\" content=\"1 minute\" \/>\n<script type=\"application\/ld+json\" class=\"yoast-schema-graph\">{\"@context\":\"https:\/\/schema.org\",\"@graph\":[{\"@type\":\"Article\",\"@id\":\"https:\/\/www.africa-press.net\/cotedivoire\/economie\/bouake-le-dr-du-commerce-en-visite-inopinee-dans-des-commerces-pour-le-controle-des-prix-des-marchandises#article\",\"isPartOf\":{\"@id\":\"https:\/\/www.africa-press.net\/cotedivoire\/economie\/bouake-le-dr-du-commerce-en-visite-inopinee-dans-des-commerces-pour-le-controle-des-prix-des-marchandises\"},\"author\":{\"name\":\"cfeditorfr\",\"@id\":\"https:\/\/www.africa-press.net\/cotedivoire\/#\/schema\/person\/2b1cf3cd81a31e3cd26889ca66d677f1\"},\"headline\":\"Bouak\u00e9, le DR du commerce en visite inopin\u00e9e dans des commerces pour le contr\u00f4le des prix des marchandises\",\"datePublished\":\"2023-10-26T15:53:40+00:00\",\"dateModified\":\"2023-10-26T16:42:38+00:00\",\"mainEntityOfPage\":{\"@id\":\"https:\/\/www.africa-press.net\/cotedivoire\/economie\/bouake-le-dr-du-commerce-en-visite-inopinee-dans-des-commerces-pour-le-controle-des-prix-des-marchandises\"},\"wordCount\":326,\"commentCount\":0,\"image\":{\"@id\":\"https:\/\/www.africa-press.net\/cotedivoire\/economie\/bouake-le-dr-du-commerce-en-visite-inopinee-dans-des-commerces-pour-le-controle-des-prix-des-marchandises#primaryimage\"},\"thumbnailUrl\":\"https:\/\/static.africa-press.net\/cote\/sites\/43\/2023\/10\/sm_1698325857.998588.jpg\",\"keywords\":[\"Africa Press\",\"Africa Press-C\u00f4te d'Ivoire\",\"Bouak\u00e9\",\"commer\u00e7ants\",\"C\u00d4TE D'IVOIRE\",\"Fadiga Mamadou\",\"Sadeci Aboubacar\"],\"articleSection\":[\"\u00c9conomie\",\"Toutes les actualit\u00e9s\"],\"inLanguage\":\"fr-FR\",\"potentialAction\":[{\"@type\":\"CommentAction\",\"name\":\"Comment\",\"target\":[\"https:\/\/www.africa-press.net\/cotedivoire\/economie\/bouake-le-dr-du-commerce-en-visite-inopinee-dans-des-commerces-pour-le-controle-des-prix-des-marchandises#respond\"]}]},{\"@type\":\"WebPage\",\"@id\":\"https:\/\/www.africa-press.net\/cotedivoire\/economie\/bouake-le-dr-du-commerce-en-visite-inopinee-dans-des-commerces-pour-le-controle-des-prix-des-marchandises\",\"url\":\"https:\/\/www.africa-press.net\/cotedivoire\/economie\/bouake-le-dr-du-commerce-en-visite-inopinee-dans-des-commerces-pour-le-controle-des-prix-des-marchandises\",\"name\":\"Bouak\u00e9, le DR du commerce en visite inopin\u00e9e dans des commerces pour le contr\u00f4le des prix des marchandises - C\u00f4te d&#039;Ivoire\",\"isPartOf\":{\"@id\":\"https:\/\/www.africa-press.net\/cotedivoire\/#website\"},\"primaryImageOfPage\":{\"@id\":\"https:\/\/www.africa-press.net\/cotedivoire\/economie\/bouake-le-dr-du-commerce-en-visite-inopinee-dans-des-commerces-pour-le-controle-des-prix-des-marchandises#primaryimage\"},\"image\":{\"@id\":\"https:\/\/www.africa-press.net\/cotedivoire\/economie\/bouake-le-dr-du-commerce-en-visite-inopinee-dans-des-commerces-pour-le-controle-des-prix-des-marchandises#primaryimage\"},\"thumbnailUrl\":\"https:\/\/static.africa-press.net\/cote\/sites\/43\/2023\/10\/sm_1698325857.998588.jpg\",\"datePublished\":\"2023-10-26T15:53:40+00:00\",\"dateModified\":\"2023-10-26T16:42:38+00:00\",\"author\":{\"@id\":\"https:\/\/www.africa-press.net\/cotedivoire\/#\/schema\/person\/2b1cf3cd81a31e3cd26889ca66d677f1\"},\"description\":\"Dans le cadre de la lutte contre la vie che\u0300re, le premier responsable de la direction re\u0301gionale du commerce et de l'in ...\",\"breadcrumb\":{\"@id\":\"https:\/\/www.africa-press.net\/cotedivoire\/economie\/bouake-le-dr-du-commerce-en-visite-inopinee-dans-des-commerces-pour-le-controle-des-prix-des-marchandises#breadcrumb\"},\"inLanguage\":\"fr-FR\",\"potentialAction\":[{\"@type\":\"ReadAction\",\"target\":[\"https:\/\/www.africa-press.net\/cotedivoire\/economie\/bouake-le-dr-du-commerce-en-visite-inopinee-dans-des-commerces-pour-le-controle-des-prix-des-marchandises\"]}]},{\"@type\":\"ImageObject\",\"inLanguage\":\"fr-FR\",\"@id\":\"https:\/\/www.africa-press.net\/cotedivoire\/economie\/bouake-le-dr-du-commerce-en-visite-inopinee-dans-des-commerces-pour-le-controle-des-prix-des-marchandises#primaryimage\",\"url\":\"https:\/\/static.africa-press.net\/cote\/sites\/43\/2023\/10\/sm_1698325857.998588.jpg\",\"contentUrl\":\"https:\/\/static.africa-press.net\/cote\/sites\/43\/2023\/10\/sm_1698325857.998588.jpg\",\"width\":720,\"height\":400,\"caption\":\"Bouak\u00e9, le DR du commerce en visite inopin\u00e9e dans des commerces pour le contr\u00f4le des prix des marchandises\"},{\"@type\":\"BreadcrumbList\",\"@id\":\"https:\/\/www.africa-press.net\/cotedivoire\/economie\/bouake-le-dr-du-commerce-en-visite-inopinee-dans-des-commerces-pour-le-controle-des-prix-des-marchandises#breadcrumb\",\"itemListElement\":[{\"@type\":\"ListItem\",\"position\":1,\"name\":\"Accueil\",\"item\":\"https:\/\/www.africa-press.net\/cotedivoire\/\"},{\"@type\":\"ListItem\",\"position\":2,\"name\":\"Bouak\u00e9, le DR du commerce en visite inopin\u00e9e dans des commerces pour le contr\u00f4le des prix des marchandises\"}]},{\"@type\":\"WebSite\",\"@id\":\"https:\/\/www.africa-press.net\/cotedivoire\/#website\",\"url\":\"https:\/\/www.africa-press.net\/cotedivoire\/\",\"name\":\"C\u00f4te d&#039;Ivoire\",\"description\":\"Just another Africa News Agency Sites site\",\"potentialAction\":[{\"@type\":\"SearchAction\",\"target\":{\"@type\":\"EntryPoint\",\"urlTemplate\":\"https:\/\/www.africa-press.net\/cotedivoire\/?s={search_term_string}\"},\"query-input\":{\"@type\":\"PropertyValueSpecification\",\"valueRequired\":true,\"valueName\":\"search_term_string\"}}],\"inLanguage\":\"fr-FR\"},{\"@type\":\"Person\",\"@id\":\"https:\/\/www.africa-press.net\/cotedivoire\/#\/schema\/person\/2b1cf3cd81a31e3cd26889ca66d677f1\",\"name\":\"cfeditorfr\"}]}<\/script>\n<!-- \/ Yoast SEO Premium plugin. -->","yoast_head_json":{"title":"Bouak\u00e9, le DR du commerce en visite inopin\u00e9e dans des commerces pour le contr\u00f4le des prix des marchandises - C\u00f4te d&#039;Ivoire","description":"Dans le cadre de la lutte contre la vie che\u0300re, le premier responsable de la direction re\u0301gionale du commerce et de l'in ...","robots":{"index":"index","follow":"follow","max-snippet":"max-snippet:-1","max-image-preview":"max-image-preview:large","max-video-preview":"max-video-preview:-1"},"canonical":"https:\/\/www.africa-press.net\/cotedivoire\/economie\/bouake-le-dr-du-commerce-en-visite-inopinee-dans-des-commerces-pour-le-controle-des-prix-des-marchandises","og_locale":"fr_FR","og_type":"article","og_title":"Bouak\u00e9, le DR du commerce en visite inopin\u00e9e dans des commerces pour le contr\u00f4le des prix des marchandises","og_description":"Dans le cadre de la lutte contre la vie che\u0300re, le premier responsable de la direction re\u0301gionale du commerce et de l'in ...","og_url":"https:\/\/www.africa-press.net\/cotedivoire\/economie\/bouake-le-dr-du-commerce-en-visite-inopinee-dans-des-commerces-pour-le-controle-des-prix-des-marchandises","og_site_name":"C\u00f4te d&#039;Ivoire","article_published_time":"2023-10-26T15:53:40+00:00","article_modified_time":"2023-10-26T16:42:38+00:00","og_image":[{"width":720,"height":400,"url":"https:\/\/static.africa-press.net\/cote\/sites\/43\/2023\/10\/sm_1698325857.998588.jpg","type":"image\/jpeg"}],"author":"cfeditorfr","twitter_card":"summary_large_image","twitter_misc":{"\u00c9crit par":"cfeditorfr","Dur\u00e9e de lecture estim\u00e9e":"1 minute"},"schema":{"@context":"https:\/\/schema.org","@graph":[{"@type":"Article","@id":"https:\/\/www.africa-press.net\/cotedivoire\/economie\/bouake-le-dr-du-commerce-en-visite-inopinee-dans-des-commerces-pour-le-controle-des-prix-des-marchandises#article","isPartOf":{"@id":"https:\/\/www.africa-press.net\/cotedivoire\/economie\/bouake-le-dr-du-commerce-en-visite-inopinee-dans-des-commerces-pour-le-controle-des-prix-des-marchandises"},"author":{"name":"cfeditorfr","@id":"https:\/\/www.africa-press.net\/cotedivoire\/#\/schema\/person\/2b1cf3cd81a31e3cd26889ca66d677f1"},"headline":"Bouak\u00e9, le DR du commerce en visite inopin\u00e9e dans des commerces pour le contr\u00f4le des prix des marchandises","datePublished":"2023-10-26T15:53:40+00:00","dateModified":"2023-10-26T16:42:38+00:00","mainEntityOfPage":{"@id":"https:\/\/www.africa-press.net\/cotedivoire\/economie\/bouake-le-dr-du-commerce-en-visite-inopinee-dans-des-commerces-pour-le-controle-des-prix-des-marchandises"},"wordCount":326,"commentCount":0,"image":{"@id":"https:\/\/www.africa-press.net\/cotedivoire\/economie\/bouake-le-dr-du-commerce-en-visite-inopinee-dans-des-commerces-pour-le-controle-des-prix-des-marchandises#primaryimage"},"thumbnailUrl":"https:\/\/static.africa-press.net\/cote\/sites\/43\/2023\/10\/sm_1698325857.998588.jpg","keywords":["Africa Press","Africa Press-C\u00f4te d'Ivoire","Bouak\u00e9","commer\u00e7ants","C\u00d4TE D'IVOIRE","Fadiga Mamadou","Sadeci Aboubacar"],"articleSection":["\u00c9conomie","Toutes les actualit\u00e9s"],"inLanguage":"fr-FR","potentialAction":[{"@type":"CommentAction","name":"Comment","target":["https:\/\/www.africa-press.net\/cotedivoire\/economie\/bouake-le-dr-du-commerce-en-visite-inopinee-dans-des-commerces-pour-le-controle-des-prix-des-marchandises#respond"]}]},{"@type":"WebPage","@id":"https:\/\/www.africa-press.net\/cotedivoire\/economie\/bouake-le-dr-du-commerce-en-visite-inopinee-dans-des-commerces-pour-le-controle-des-prix-des-marchandises","url":"https:\/\/www.africa-press.net\/cotedivoire\/economie\/bouake-le-dr-du-commerce-en-visite-inopinee-dans-des-commerces-pour-le-controle-des-prix-des-marchandises","name":"Bouak\u00e9, le DR du commerce en visite inopin\u00e9e dans des commerces pour le contr\u00f4le des prix des marchandises - C\u00f4te d&#039;Ivoire","isPartOf":{"@id":"https:\/\/www.africa-press.net\/cotedivoire\/#website"},"primaryImageOfPage":{"@id":"https:\/\/www.africa-press.net\/cotedivoire\/economie\/bouake-le-dr-du-commerce-en-visite-inopinee-dans-des-commerces-pour-le-controle-des-prix-des-marchandises#primaryimage"},"image":{"@id":"https:\/\/www.africa-press.net\/cotedivoire\/economie\/bouake-le-dr-du-commerce-en-visite-inopinee-dans-des-commerces-pour-le-controle-des-prix-des-marchandises#primaryimage"},"thumbnailUrl":"https:\/\/static.africa-press.net\/cote\/sites\/43\/2023\/10\/sm_1698325857.998588.jpg","datePublished":"2023-10-26T15:53:40+00:00","dateModified":"2023-10-26T16:42:38+00:00","author":{"@id":"https:\/\/www.africa-press.net\/cotedivoire\/#\/schema\/person\/2b1cf3cd81a31e3cd26889ca66d677f1"},"description":"Dans le cadre de la lutte contre la vie che\u0300re, le premier responsable de la direction re\u0301gionale du commerce et de l'in ...","breadcrumb":{"@id":"https:\/\/www.africa-press.net\/cotedivoire\/economie\/bouake-le-dr-du-commerce-en-visite-inopinee-dans-des-commerces-pour-le-controle-des-prix-des-marchandises#breadcrumb"},"inLanguage":"fr-FR","potentialAction":[{"@type":"ReadAction","target":["https:\/\/www.africa-press.net\/cotedivoire\/economie\/bouake-le-dr-du-commerce-en-visite-inopinee-dans-des-commerces-pour-le-controle-des-prix-des-marchandises"]}]},{"@type":"ImageObject","inLanguage":"fr-FR","@id":"https:\/\/www.africa-press.net\/cotedivoire\/economie\/bouake-le-dr-du-commerce-en-visite-inopinee-dans-des-commerces-pour-le-controle-des-prix-des-marchandises#primaryimage","url":"https:\/\/static.africa-press.net\/cote\/sites\/43\/2023\/10\/sm_1698325857.998588.jpg","contentUrl":"https:\/\/static.africa-press.net\/cote\/sites\/43\/2023\/10\/sm_1698325857.998588.jpg","width":720,"height":400,"caption":"Bouak\u00e9, le DR du commerce en visite inopin\u00e9e dans des commerces pour le contr\u00f4le des prix des marchandises"},{"@type":"BreadcrumbList","@id":"https:\/\/www.africa-press.net\/cotedivoire\/economie\/bouake-le-dr-du-commerce-en-visite-inopinee-dans-des-commerces-pour-le-controle-des-prix-des-marchandises#breadcrumb","itemListElement":[{"@type":"ListItem","position":1,"name":"Accueil","item":"https:\/\/www.africa-press.net\/cotedivoire\/"},{"@type":"ListItem","position":2,"name":"Bouak\u00e9, le DR du commerce en visite inopin\u00e9e dans des commerces pour le contr\u00f4le des prix des marchandises"}]},{"@type":"WebSite","@id":"https:\/\/www.africa-press.net\/cotedivoire\/#website","url":"https:\/\/www.africa-press.net\/cotedivoire\/","name":"C\u00f4te d&#039;Ivoire","description":"Just another Africa News Agency Sites site","potentialAction":[{"@type":"SearchAction","target":{"@type":"EntryPoint","urlTemplate":"https:\/\/www.africa-press.net\/cotedivoire\/?s={search_term_string}"},"query-input":{"@type":"PropertyValueSpecification","valueRequired":true,"valueName":"search_term_string"}}],"inLanguage":"fr-FR"},{"@type":"Person","@id":"https:\/\/www.africa-press.net\/cotedivoire\/#\/schema\/person\/2b1cf3cd81a31e3cd26889ca66d677f1","name":"cfeditorfr"}]}},"_links":{"self":[{"href":"https:\/\/www.africa-press.net\/cotedivoire\/wp-json\/wp\/v2\/posts\/68278","targetHints":{"allow":["GET"]}}],"collection":[{"href":"https:\/\/www.africa-press.net\/cotedivoire\/wp-json\/wp\/v2\/posts"}],"about":[{"href":"https:\/\/www.africa-press.net\/cotedivoire\/wp-json\/wp\/v2\/types\/post"}],"author":[{"embeddable":true,"href":"https:\/\/www.africa-press.net\/cotedivoire\/wp-json\/wp\/v2\/users\/82"}],"replies":[{"embeddable":true,"href":"https:\/\/www.africa-press.net\/cotedivoire\/wp-json\/wp\/v2\/comments?post=68278"}],"version-history":[{"count":0,"href":"https:\/\/www.africa-press.net\/cotedivoire\/wp-json\/wp\/v2\/posts\/68278\/revisions"}],"wp:featuredmedia":[{"embeddable":true,"href":"https:\/\/www.africa-press.net\/cotedivoire\/wp-json\/wp\/v2\/media\/68276"}],"wp:attachment":[{"href":"https:\/\/www.africa-press.net\/cotedivoire\/wp-json\/wp\/v2\/media?parent=68278"}],"wp:term":[{"taxonomy":"category","embeddable":true,"href":"https:\/\/www.africa-press.net\/cotedivoire\/wp-json\/wp\/v2\/categories?post=68278"},{"taxonomy":"post_tag","embeddable":true,"href":"https:\/\/www.africa-press.net\/cotedivoire\/wp-json\/wp\/v2\/tags?post=68278"}],"curies":[{"name":"wp","href":"https:\/\/api.w.org\/{rel}","templated":true}]}}