{"id":68287,"date":"2023-10-26T15:54:49","date_gmt":"2023-10-26T15:54:49","guid":{"rendered":"https:\/\/www.africa-press.net\/cotedivoire\/politique\/debarque-de-son-role-de-porte-parole-du-ppa-ci-katinan-revele-sa-discussion-telephonique-avec-gbagbo"},"modified":"2023-10-26T16:46:24","modified_gmt":"2023-10-26T16:46:24","slug":"debarque-de-son-role-de-porte-parole-du-ppa-ci-katinan-revele-sa-discussion-telephonique-avec-gbagbo","status":"publish","type":"post","link":"https:\/\/www.africa-press.net\/cotedivoire\/politique\/debarque-de-son-role-de-porte-parole-du-ppa-ci-katinan-revele-sa-discussion-telephonique-avec-gbagbo","title":{"rendered":"D\u00e9barqu\u00e9 de son r\u00f4le de porte-parole du PPA-CI, Katinan r\u00e9v\u00e8le sa discussion t\u00e9l\u00e9phonique avec Gbagbo"},"content":{"rendered":"<p><span style=\"color: #ff6600\"><strong>Africa-Press &#8211; C\u00f4te d&rsquo;Ivoire. <\/strong><\/span>Laurent Gbagbo, pre\u0301sident du Parti des Peuples Africains &#8211; Co\u0302te d&rsquo;Ivoire (PPA-CI) a de\u0301cide\u0301 de re\u0301organiser la direction de son parti.<\/p>\n<p>Plusieurs cadres de cette formation politique qui jouaient les premiers ro\u0302les ont e\u0301te\u0301 rele\u0301gue\u0301s au second rang.<\/p>\n<p>Parmi ces cadres, Justin Kone\u0301 Katinan qui animait en tant que porte-parole du parti de Gbagbo \u00ab\u00a0la Tribune du PPA-CI\u00a0\u00bb dans laquelle l&rsquo;action gouvernementale e\u0301tait critique\u0301e, a e\u0301te\u0301 nomme\u0301e vice-pre\u0301sident.<\/p>\n<p>Il a ce\u0301de\u0301 son fauteuil a\u0300 Habiba Toure\u0301 qui est la porte-parole de Gbagbo et de son du parti de Gbagbo.<\/p>\n<p>Re\u0301agissant a\u0300 cette re\u0301organisation de la haute direction du PPA-CI, Kone\u0301 Katinan a re\u0301ve\u0301le\u0301 des e\u0301changes te\u0301le\u0301phoniques entre lui et Gbagbo.<\/p>\n<p>\u00ab\u00a0Dans la matine\u0301e du lundi 23 octobre 2023, j&rsquo;ai rec\u0327u un appel te\u0301le\u0301phonique du Pre\u0301sident Laurent Gbagbo, m&rsquo;informant qu&rsquo;il va me nommer Pre\u0301sident du Conseil Strate\u0301gique et Politique( CSP) en charge du programme de gouvernement de notre parti. Dans la soire\u0301e du me\u0302me jour, le Pre\u0301sident du Parti a traduit dans les faits cette promesse a\u0300 travers le communique\u0301 portant nomination de la direction du PPA-CI\u00a0\u00bb, relate l&rsquo;ancien porte-parole du PPA-CI qui traduit sa gratitude a\u0300 l&rsquo;ex-Pre\u0301sident Laurent Gbagbo pour la confiance qui lui a valu cette promotion.<\/p>\n<p>\u00ab\u00a0Je mesure la responsabilite\u0301 de cette fonction a\u0300 deux ans des e\u0301lections pre\u0301sidentielles de 2025 que le PPA-CI entend gagner. J&rsquo;assure le Pre\u0301sident Laurent Gbagbo et l&rsquo;ensemble des militantes et militants du parti que j&rsquo;assumerai avec loyaute\u0301 et de\u0301vouement cette fonction\u00a0\u00bb, ajoute le natif d&rsquo;Arikokaha.<\/p>\n<p>Jean Chresus, Abidjan<\/p>\n<p><strong>Pour plus d&rsquo;informations et d&rsquo;analyses sur la <a href=\"https:\/\/www.africa-press.net\/cotedivoire\">C\u00f4te d&rsquo;Ivoire<\/a>, suivez <a href=\"https:\/\/www.africa-press.net\/\">Africa-Press<\/a><\/strong><\/p>\n","protected":false},"excerpt":{"rendered":"<p>Africa-Press &#8211; C\u00f4te d&rsquo;Ivoire. Laurent Gbagbo, pre\u0301sident du Parti des Peuples Africains &#8211; Co\u0302te d&rsquo;Ivoire (PPA-CI) a de\u0301cide\u0301 de re\u0301organiser la direction de son parti. Plusieurs cadres de cette formation politique qui jouaient les premiers ro\u0302les ont e\u0301te\u0301 rele\u0301gue\u0301s au second rang. Parmi ces cadres, Justin Kone\u0301 Katinan qui animait en tant que porte-parole du [&hellip;]<\/p>\n","protected":false},"author":82,"featured_media":68285,"comment_status":"open","ping_status":"closed","sticky":false,"template":"","format":"standard","meta":{"footnotes":""},"categories":[2,10],"tags":[56,63,29,320,1586,363,1952],"class_list":["post-68287","post","type-post","status-publish","format-standard","has-post-thumbnail","hentry","category-politique","category-toutes-les-actualites","tag-africa-press","tag-africa-press-cote-divoire","tag-cote-divoire","tag-gbagbo","tag-katinan","tag-parti","tag-ppa-ci"],"yoast_head":"<!-- This site is optimized with the Yoast SEO Premium plugin v26.1 (Yoast SEO v27.0) - https:\/\/yoast.com\/product\/yoast-seo-premium-wordpress\/ -->\n<title>D\u00e9barqu\u00e9 de son r\u00f4le de porte-parole du PPA-CI, Katinan r\u00e9v\u00e8le sa discussion t\u00e9l\u00e9phonique avec Gbagbo - C\u00f4te d&#039;Ivoire<\/title>\n<meta name=\"description\" content=\"Laurent Gbagbo, pre\u0301sident du Parti des Peuples Africains - Co\u0302te d&#039;Ivoire (PPA-CI) a de\u0301cide\u0301 de re\u0301organiser la direct ...\" \/>\n<meta name=\"robots\" content=\"index, follow, max-snippet:-1, max-image-preview:large, max-video-preview:-1\" \/>\n<link rel=\"canonical\" href=\"https:\/\/www.africa-press.net\/cotedivoire\/politique\/debarque-de-son-role-de-porte-parole-du-ppa-ci-katinan-revele-sa-discussion-telephonique-avec-gbagbo\" \/>\n<meta property=\"og:locale\" content=\"fr_FR\" \/>\n<meta property=\"og:type\" content=\"article\" \/>\n<meta property=\"og:title\" content=\"D\u00e9barqu\u00e9 de son r\u00f4le de porte-parole du PPA-CI, Katinan r\u00e9v\u00e8le sa discussion t\u00e9l\u00e9phonique avec Gbagbo\" \/>\n<meta property=\"og:description\" content=\"Laurent Gbagbo, pre\u0301sident du Parti des Peuples Africains - Co\u0302te d&#039;Ivoire (PPA-CI) a de\u0301cide\u0301 de re\u0301organiser la direct ...\" \/>\n<meta property=\"og:url\" content=\"https:\/\/www.africa-press.net\/cotedivoire\/politique\/debarque-de-son-role-de-porte-parole-du-ppa-ci-katinan-revele-sa-discussion-telephonique-avec-gbagbo\" \/>\n<meta property=\"og:site_name\" content=\"C\u00f4te d&#039;Ivoire\" \/>\n<meta property=\"article:published_time\" content=\"2023-10-26T15:54:49+00:00\" \/>\n<meta property=\"article:modified_time\" content=\"2023-10-26T16:46:24+00:00\" \/>\n<meta property=\"og:image\" content=\"https:\/\/static.africa-press.net\/cote\/sites\/43\/2023\/10\/sm_1698326124.538879.jpg\" \/>\n\t<meta property=\"og:image:width\" content=\"720\" \/>\n\t<meta property=\"og:image:height\" content=\"472\" \/>\n\t<meta property=\"og:image:type\" content=\"image\/jpeg\" \/>\n<meta name=\"author\" content=\"cfeditorfr\" \/>\n<meta name=\"twitter:card\" content=\"summary_large_image\" \/>\n<meta name=\"twitter:label1\" content=\"\u00c9crit par\" \/>\n\t<meta name=\"twitter:data1\" content=\"cfeditorfr\" \/>\n\t<meta name=\"twitter:label2\" content=\"Dur\u00e9e de lecture estim\u00e9e\" \/>\n\t<meta name=\"twitter:data2\" content=\"1 minute\" \/>\n<script type=\"application\/ld+json\" class=\"yoast-schema-graph\">{\"@context\":\"https:\/\/schema.org\",\"@graph\":[{\"@type\":\"Article\",\"@id\":\"https:\/\/www.africa-press.net\/cotedivoire\/politique\/debarque-de-son-role-de-porte-parole-du-ppa-ci-katinan-revele-sa-discussion-telephonique-avec-gbagbo#article\",\"isPartOf\":{\"@id\":\"https:\/\/www.africa-press.net\/cotedivoire\/politique\/debarque-de-son-role-de-porte-parole-du-ppa-ci-katinan-revele-sa-discussion-telephonique-avec-gbagbo\"},\"author\":{\"name\":\"cfeditorfr\",\"@id\":\"https:\/\/www.africa-press.net\/cotedivoire\/#\/schema\/person\/2b1cf3cd81a31e3cd26889ca66d677f1\"},\"headline\":\"D\u00e9barqu\u00e9 de son r\u00f4le de porte-parole du PPA-CI, Katinan r\u00e9v\u00e8le sa discussion t\u00e9l\u00e9phonique avec Gbagbo\",\"datePublished\":\"2023-10-26T15:54:49+00:00\",\"dateModified\":\"2023-10-26T16:46:24+00:00\",\"mainEntityOfPage\":{\"@id\":\"https:\/\/www.africa-press.net\/cotedivoire\/politique\/debarque-de-son-role-de-porte-parole-du-ppa-ci-katinan-revele-sa-discussion-telephonique-avec-gbagbo\"},\"wordCount\":332,\"commentCount\":0,\"image\":{\"@id\":\"https:\/\/www.africa-press.net\/cotedivoire\/politique\/debarque-de-son-role-de-porte-parole-du-ppa-ci-katinan-revele-sa-discussion-telephonique-avec-gbagbo#primaryimage\"},\"thumbnailUrl\":\"https:\/\/static.africa-press.net\/cote\/sites\/43\/2023\/10\/sm_1698326124.538879.jpg\",\"keywords\":[\"Africa Press\",\"Africa Press-C\u00f4te d'Ivoire\",\"C\u00d4TE D'IVOIRE\",\"Gbagbo\",\"Katinan\",\"Parti\",\"PPA-CI\"],\"articleSection\":[\"Politique\",\"Toutes les actualit\u00e9s\"],\"inLanguage\":\"fr-FR\",\"potentialAction\":[{\"@type\":\"CommentAction\",\"name\":\"Comment\",\"target\":[\"https:\/\/www.africa-press.net\/cotedivoire\/politique\/debarque-de-son-role-de-porte-parole-du-ppa-ci-katinan-revele-sa-discussion-telephonique-avec-gbagbo#respond\"]}]},{\"@type\":\"WebPage\",\"@id\":\"https:\/\/www.africa-press.net\/cotedivoire\/politique\/debarque-de-son-role-de-porte-parole-du-ppa-ci-katinan-revele-sa-discussion-telephonique-avec-gbagbo\",\"url\":\"https:\/\/www.africa-press.net\/cotedivoire\/politique\/debarque-de-son-role-de-porte-parole-du-ppa-ci-katinan-revele-sa-discussion-telephonique-avec-gbagbo\",\"name\":\"D\u00e9barqu\u00e9 de son r\u00f4le de porte-parole du PPA-CI, Katinan r\u00e9v\u00e8le sa discussion t\u00e9l\u00e9phonique avec Gbagbo - C\u00f4te d&#039;Ivoire\",\"isPartOf\":{\"@id\":\"https:\/\/www.africa-press.net\/cotedivoire\/#website\"},\"primaryImageOfPage\":{\"@id\":\"https:\/\/www.africa-press.net\/cotedivoire\/politique\/debarque-de-son-role-de-porte-parole-du-ppa-ci-katinan-revele-sa-discussion-telephonique-avec-gbagbo#primaryimage\"},\"image\":{\"@id\":\"https:\/\/www.africa-press.net\/cotedivoire\/politique\/debarque-de-son-role-de-porte-parole-du-ppa-ci-katinan-revele-sa-discussion-telephonique-avec-gbagbo#primaryimage\"},\"thumbnailUrl\":\"https:\/\/static.africa-press.net\/cote\/sites\/43\/2023\/10\/sm_1698326124.538879.jpg\",\"datePublished\":\"2023-10-26T15:54:49+00:00\",\"dateModified\":\"2023-10-26T16:46:24+00:00\",\"author\":{\"@id\":\"https:\/\/www.africa-press.net\/cotedivoire\/#\/schema\/person\/2b1cf3cd81a31e3cd26889ca66d677f1\"},\"description\":\"Laurent Gbagbo, pre\u0301sident du Parti des Peuples Africains - Co\u0302te d'Ivoire (PPA-CI) a de\u0301cide\u0301 de re\u0301organiser la direct ...\",\"breadcrumb\":{\"@id\":\"https:\/\/www.africa-press.net\/cotedivoire\/politique\/debarque-de-son-role-de-porte-parole-du-ppa-ci-katinan-revele-sa-discussion-telephonique-avec-gbagbo#breadcrumb\"},\"inLanguage\":\"fr-FR\",\"potentialAction\":[{\"@type\":\"ReadAction\",\"target\":[\"https:\/\/www.africa-press.net\/cotedivoire\/politique\/debarque-de-son-role-de-porte-parole-du-ppa-ci-katinan-revele-sa-discussion-telephonique-avec-gbagbo\"]}]},{\"@type\":\"ImageObject\",\"inLanguage\":\"fr-FR\",\"@id\":\"https:\/\/www.africa-press.net\/cotedivoire\/politique\/debarque-de-son-role-de-porte-parole-du-ppa-ci-katinan-revele-sa-discussion-telephonique-avec-gbagbo#primaryimage\",\"url\":\"https:\/\/static.africa-press.net\/cote\/sites\/43\/2023\/10\/sm_1698326124.538879.jpg\",\"contentUrl\":\"https:\/\/static.africa-press.net\/cote\/sites\/43\/2023\/10\/sm_1698326124.538879.jpg\",\"width\":720,\"height\":472,\"caption\":\"D\u00e9barqu\u00e9 de son r\u00f4le de porte-parole du PPA-CI, Katinan r\u00e9v\u00e8le sa discussion t\u00e9l\u00e9phonique avec Gbagbo\"},{\"@type\":\"BreadcrumbList\",\"@id\":\"https:\/\/www.africa-press.net\/cotedivoire\/politique\/debarque-de-son-role-de-porte-parole-du-ppa-ci-katinan-revele-sa-discussion-telephonique-avec-gbagbo#breadcrumb\",\"itemListElement\":[{\"@type\":\"ListItem\",\"position\":1,\"name\":\"Accueil\",\"item\":\"https:\/\/www.africa-press.net\/cotedivoire\/\"},{\"@type\":\"ListItem\",\"position\":2,\"name\":\"D\u00e9barqu\u00e9 de son r\u00f4le de porte-parole du PPA-CI, Katinan r\u00e9v\u00e8le sa discussion t\u00e9l\u00e9phonique avec Gbagbo\"}]},{\"@type\":\"WebSite\",\"@id\":\"https:\/\/www.africa-press.net\/cotedivoire\/#website\",\"url\":\"https:\/\/www.africa-press.net\/cotedivoire\/\",\"name\":\"C\u00f4te d&#039;Ivoire\",\"description\":\"Just another Africa News Agency Sites site\",\"potentialAction\":[{\"@type\":\"SearchAction\",\"target\":{\"@type\":\"EntryPoint\",\"urlTemplate\":\"https:\/\/www.africa-press.net\/cotedivoire\/?s={search_term_string}\"},\"query-input\":{\"@type\":\"PropertyValueSpecification\",\"valueRequired\":true,\"valueName\":\"search_term_string\"}}],\"inLanguage\":\"fr-FR\"},{\"@type\":\"Person\",\"@id\":\"https:\/\/www.africa-press.net\/cotedivoire\/#\/schema\/person\/2b1cf3cd81a31e3cd26889ca66d677f1\",\"name\":\"cfeditorfr\"}]}<\/script>\n<!-- \/ Yoast SEO Premium plugin. -->","yoast_head_json":{"title":"D\u00e9barqu\u00e9 de son r\u00f4le de porte-parole du PPA-CI, Katinan r\u00e9v\u00e8le sa discussion t\u00e9l\u00e9phonique avec Gbagbo - C\u00f4te d&#039;Ivoire","description":"Laurent Gbagbo, pre\u0301sident du Parti des Peuples Africains - Co\u0302te d'Ivoire (PPA-CI) a de\u0301cide\u0301 de re\u0301organiser la direct ...","robots":{"index":"index","follow":"follow","max-snippet":"max-snippet:-1","max-image-preview":"max-image-preview:large","max-video-preview":"max-video-preview:-1"},"canonical":"https:\/\/www.africa-press.net\/cotedivoire\/politique\/debarque-de-son-role-de-porte-parole-du-ppa-ci-katinan-revele-sa-discussion-telephonique-avec-gbagbo","og_locale":"fr_FR","og_type":"article","og_title":"D\u00e9barqu\u00e9 de son r\u00f4le de porte-parole du PPA-CI, Katinan r\u00e9v\u00e8le sa discussion t\u00e9l\u00e9phonique avec Gbagbo","og_description":"Laurent Gbagbo, pre\u0301sident du Parti des Peuples Africains - Co\u0302te d'Ivoire (PPA-CI) a de\u0301cide\u0301 de re\u0301organiser la direct ...","og_url":"https:\/\/www.africa-press.net\/cotedivoire\/politique\/debarque-de-son-role-de-porte-parole-du-ppa-ci-katinan-revele-sa-discussion-telephonique-avec-gbagbo","og_site_name":"C\u00f4te d&#039;Ivoire","article_published_time":"2023-10-26T15:54:49+00:00","article_modified_time":"2023-10-26T16:46:24+00:00","og_image":[{"width":720,"height":472,"url":"https:\/\/static.africa-press.net\/cote\/sites\/43\/2023\/10\/sm_1698326124.538879.jpg","type":"image\/jpeg"}],"author":"cfeditorfr","twitter_card":"summary_large_image","twitter_misc":{"\u00c9crit par":"cfeditorfr","Dur\u00e9e de lecture estim\u00e9e":"1 minute"},"schema":{"@context":"https:\/\/schema.org","@graph":[{"@type":"Article","@id":"https:\/\/www.africa-press.net\/cotedivoire\/politique\/debarque-de-son-role-de-porte-parole-du-ppa-ci-katinan-revele-sa-discussion-telephonique-avec-gbagbo#article","isPartOf":{"@id":"https:\/\/www.africa-press.net\/cotedivoire\/politique\/debarque-de-son-role-de-porte-parole-du-ppa-ci-katinan-revele-sa-discussion-telephonique-avec-gbagbo"},"author":{"name":"cfeditorfr","@id":"https:\/\/www.africa-press.net\/cotedivoire\/#\/schema\/person\/2b1cf3cd81a31e3cd26889ca66d677f1"},"headline":"D\u00e9barqu\u00e9 de son r\u00f4le de porte-parole du PPA-CI, Katinan r\u00e9v\u00e8le sa discussion t\u00e9l\u00e9phonique avec Gbagbo","datePublished":"2023-10-26T15:54:49+00:00","dateModified":"2023-10-26T16:46:24+00:00","mainEntityOfPage":{"@id":"https:\/\/www.africa-press.net\/cotedivoire\/politique\/debarque-de-son-role-de-porte-parole-du-ppa-ci-katinan-revele-sa-discussion-telephonique-avec-gbagbo"},"wordCount":332,"commentCount":0,"image":{"@id":"https:\/\/www.africa-press.net\/cotedivoire\/politique\/debarque-de-son-role-de-porte-parole-du-ppa-ci-katinan-revele-sa-discussion-telephonique-avec-gbagbo#primaryimage"},"thumbnailUrl":"https:\/\/static.africa-press.net\/cote\/sites\/43\/2023\/10\/sm_1698326124.538879.jpg","keywords":["Africa Press","Africa Press-C\u00f4te d'Ivoire","C\u00d4TE D'IVOIRE","Gbagbo","Katinan","Parti","PPA-CI"],"articleSection":["Politique","Toutes les actualit\u00e9s"],"inLanguage":"fr-FR","potentialAction":[{"@type":"CommentAction","name":"Comment","target":["https:\/\/www.africa-press.net\/cotedivoire\/politique\/debarque-de-son-role-de-porte-parole-du-ppa-ci-katinan-revele-sa-discussion-telephonique-avec-gbagbo#respond"]}]},{"@type":"WebPage","@id":"https:\/\/www.africa-press.net\/cotedivoire\/politique\/debarque-de-son-role-de-porte-parole-du-ppa-ci-katinan-revele-sa-discussion-telephonique-avec-gbagbo","url":"https:\/\/www.africa-press.net\/cotedivoire\/politique\/debarque-de-son-role-de-porte-parole-du-ppa-ci-katinan-revele-sa-discussion-telephonique-avec-gbagbo","name":"D\u00e9barqu\u00e9 de son r\u00f4le de porte-parole du PPA-CI, Katinan r\u00e9v\u00e8le sa discussion t\u00e9l\u00e9phonique avec Gbagbo - C\u00f4te d&#039;Ivoire","isPartOf":{"@id":"https:\/\/www.africa-press.net\/cotedivoire\/#website"},"primaryImageOfPage":{"@id":"https:\/\/www.africa-press.net\/cotedivoire\/politique\/debarque-de-son-role-de-porte-parole-du-ppa-ci-katinan-revele-sa-discussion-telephonique-avec-gbagbo#primaryimage"},"image":{"@id":"https:\/\/www.africa-press.net\/cotedivoire\/politique\/debarque-de-son-role-de-porte-parole-du-ppa-ci-katinan-revele-sa-discussion-telephonique-avec-gbagbo#primaryimage"},"thumbnailUrl":"https:\/\/static.africa-press.net\/cote\/sites\/43\/2023\/10\/sm_1698326124.538879.jpg","datePublished":"2023-10-26T15:54:49+00:00","dateModified":"2023-10-26T16:46:24+00:00","author":{"@id":"https:\/\/www.africa-press.net\/cotedivoire\/#\/schema\/person\/2b1cf3cd81a31e3cd26889ca66d677f1"},"description":"Laurent Gbagbo, pre\u0301sident du Parti des Peuples Africains - Co\u0302te d'Ivoire (PPA-CI) a de\u0301cide\u0301 de re\u0301organiser la direct ...","breadcrumb":{"@id":"https:\/\/www.africa-press.net\/cotedivoire\/politique\/debarque-de-son-role-de-porte-parole-du-ppa-ci-katinan-revele-sa-discussion-telephonique-avec-gbagbo#breadcrumb"},"inLanguage":"fr-FR","potentialAction":[{"@type":"ReadAction","target":["https:\/\/www.africa-press.net\/cotedivoire\/politique\/debarque-de-son-role-de-porte-parole-du-ppa-ci-katinan-revele-sa-discussion-telephonique-avec-gbagbo"]}]},{"@type":"ImageObject","inLanguage":"fr-FR","@id":"https:\/\/www.africa-press.net\/cotedivoire\/politique\/debarque-de-son-role-de-porte-parole-du-ppa-ci-katinan-revele-sa-discussion-telephonique-avec-gbagbo#primaryimage","url":"https:\/\/static.africa-press.net\/cote\/sites\/43\/2023\/10\/sm_1698326124.538879.jpg","contentUrl":"https:\/\/static.africa-press.net\/cote\/sites\/43\/2023\/10\/sm_1698326124.538879.jpg","width":720,"height":472,"caption":"D\u00e9barqu\u00e9 de son r\u00f4le de porte-parole du PPA-CI, Katinan r\u00e9v\u00e8le sa discussion t\u00e9l\u00e9phonique avec Gbagbo"},{"@type":"BreadcrumbList","@id":"https:\/\/www.africa-press.net\/cotedivoire\/politique\/debarque-de-son-role-de-porte-parole-du-ppa-ci-katinan-revele-sa-discussion-telephonique-avec-gbagbo#breadcrumb","itemListElement":[{"@type":"ListItem","position":1,"name":"Accueil","item":"https:\/\/www.africa-press.net\/cotedivoire\/"},{"@type":"ListItem","position":2,"name":"D\u00e9barqu\u00e9 de son r\u00f4le de porte-parole du PPA-CI, Katinan r\u00e9v\u00e8le sa discussion t\u00e9l\u00e9phonique avec Gbagbo"}]},{"@type":"WebSite","@id":"https:\/\/www.africa-press.net\/cotedivoire\/#website","url":"https:\/\/www.africa-press.net\/cotedivoire\/","name":"C\u00f4te d&#039;Ivoire","description":"Just another Africa News Agency Sites site","potentialAction":[{"@type":"SearchAction","target":{"@type":"EntryPoint","urlTemplate":"https:\/\/www.africa-press.net\/cotedivoire\/?s={search_term_string}"},"query-input":{"@type":"PropertyValueSpecification","valueRequired":true,"valueName":"search_term_string"}}],"inLanguage":"fr-FR"},{"@type":"Person","@id":"https:\/\/www.africa-press.net\/cotedivoire\/#\/schema\/person\/2b1cf3cd81a31e3cd26889ca66d677f1","name":"cfeditorfr"}]}},"_links":{"self":[{"href":"https:\/\/www.africa-press.net\/cotedivoire\/wp-json\/wp\/v2\/posts\/68287","targetHints":{"allow":["GET"]}}],"collection":[{"href":"https:\/\/www.africa-press.net\/cotedivoire\/wp-json\/wp\/v2\/posts"}],"about":[{"href":"https:\/\/www.africa-press.net\/cotedivoire\/wp-json\/wp\/v2\/types\/post"}],"author":[{"embeddable":true,"href":"https:\/\/www.africa-press.net\/cotedivoire\/wp-json\/wp\/v2\/users\/82"}],"replies":[{"embeddable":true,"href":"https:\/\/www.africa-press.net\/cotedivoire\/wp-json\/wp\/v2\/comments?post=68287"}],"version-history":[{"count":0,"href":"https:\/\/www.africa-press.net\/cotedivoire\/wp-json\/wp\/v2\/posts\/68287\/revisions"}],"wp:featuredmedia":[{"embeddable":true,"href":"https:\/\/www.africa-press.net\/cotedivoire\/wp-json\/wp\/v2\/media\/68285"}],"wp:attachment":[{"href":"https:\/\/www.africa-press.net\/cotedivoire\/wp-json\/wp\/v2\/media?parent=68287"}],"wp:term":[{"taxonomy":"category","embeddable":true,"href":"https:\/\/www.africa-press.net\/cotedivoire\/wp-json\/wp\/v2\/categories?post=68287"},{"taxonomy":"post_tag","embeddable":true,"href":"https:\/\/www.africa-press.net\/cotedivoire\/wp-json\/wp\/v2\/tags?post=68287"}],"curies":[{"name":"wp","href":"https:\/\/api.w.org\/{rel}","templated":true}]}}