{"id":68426,"date":"2023-10-28T17:58:59","date_gmt":"2023-10-28T17:58:59","guid":{"rendered":"https:\/\/www.africa-press.net\/cotedivoire\/politique\/tensions-a-yopougon-koute-manifestation-des-jeunes-des-points-strategiques-occupes-le-chef-du-village-denonce-des-mains-obscures"},"modified":"2023-10-28T18:33:00","modified_gmt":"2023-10-28T18:33:00","slug":"tensions-a-yopougon-koute-manifestation-des-jeunes-des-points-strategiques-occupes-le-chef-du-village-denonce-des-mains-obscures","status":"publish","type":"post","link":"https:\/\/www.africa-press.net\/cotedivoire\/toutes-les-actualites\/tensions-a-yopougon-koute-manifestation-des-jeunes-des-points-strategiques-occupes-le-chef-du-village-denonce-des-mains-obscures","title":{"rendered":"Tensions \u00e0 Yopougon Kout\u00e9, manifestation des jeunes, des points strat\u00e9giques occup\u00e9s, le chef du village d\u00e9nonce des mains obscures"},"content":{"rendered":"<p><span style=\"color: #ff6600\"><strong>Africa-Press &#8211; C\u00f4te d&rsquo;Ivoire. <\/strong><\/span>Des bandeaux rouges attache\u0301s sur la te\u0302te, des points strate\u0301giques occupe\u0301s, des commerces et le marche\u0301 ferme\u0301s, voici ce a\u0300 quoi les populations du village de Koute\u0301 a\u0300 Yopougon ont assiste\u0301 hier vendredi 27 octobre 2023.<\/p>\n<p>Une ambiance inhabituelle dans le village impose\u0301e par les membres de la ge\u0301ne\u0301ration Blessoue\u0301. Pour cause, ces jeunes ont manifeste\u0301 pour re\u0301clamer le droit de choisir le doyen de leur village, avoir le droit de la gestion financie\u0300re et avoir le droit a\u0300 la parole lors des re\u0301unions.<\/p>\n<p>Ces trois grandes raisons qui ont pousse\u0301 les membres de la ge\u0301ne\u0301ration Blessoue\u0301 a\u0300 manifester dans le village de Koute\u0301 situe\u0301 au c\u0153ur de la commune de Yopougon ont e\u0301te\u0301 explique\u0301es Ghislain Besse\u0301 M\u2019Bouke\u0301, porte-parole du groupe.<\/p>\n<p>\u00ab Tout ce que nous demandons a\u0300 nos autorite\u0301s traditionnelles, c&rsquo;est d&rsquo;accepter simplement nos revendications \u00bb, la\u0302che-t-il.<\/p>\n<p>Si les membres de la chefferie du village de Koute\u0301 ne sont pas contre les revendications de la ge\u0301ne\u0301ration Blessoue\u0301, Cle\u0301ment Apiti et sa notabilite\u0301 ont convoque\u0301 une re\u0301union d\u2019urgence pour statuer sur la situation.<\/p>\n<p>\u00ab On ne dira pas que leurs revendications ne sont pas le\u0301gitimes. Elles sont le\u0301gitimes, mais cette manifestation est inapproprie\u0301e parce que le village a une chefferie et des notables. Pour un proble\u0300me de ce genre, il faut venir vers la chefferie, poser le proble\u0300me et on en discute pour trouver des solutions. Concernant le point de la gestion du pouvoir e\u0301conomique, ce n&rsquo;est pas parce qu&rsquo;on ne veut pas leur donner ce pouvoir. Certes, ils ont de\u0301ja\u0300 fait leur ce\u0301re\u0301monie qui consacre leur maturite\u0301, mais il y a des e\u0301tapes qu&rsquo;ils doivent suivre, et dans ces e\u0301tapes, il leur reste une e\u0301tape qu&rsquo;ils doivent franchir pour avoir droit a\u0300 ce pouvoir de gestion financie\u0300re. Et ils le savent bien. Donc ce n&rsquo;est pas un refus de notre part, mais on souhaite simplement qu&rsquo;ils franchissent cette e\u0301tape d&rsquo;abord \u00bb, a fait savoir le chef du village de Koute\u0301.<\/p>\n<p>Le chef du village de Koute\u0301 voit derrie\u0300re cette manifestation de la ge\u0301ne\u0301ration Blessoue\u0301, des mains obscures. Pour lui, ce soule\u0300vement ne devrait pas e\u0302tre, dans la mesure ou\u0300 tous ces points que les manifestants e\u0301voquent ont de\u0301ja\u0300 e\u0301te\u0301 pose\u0301s sur la table lors de plusieurs re\u0301unions.<\/p>\n<p>\u00ab Ils savent tous de chercher des solutions a\u0300 ces proble\u0300mes. Ce ne sont me\u0302me pas eux tous. C&rsquo;est une minorite\u0301 de onze personnes identifie\u0301es qui sont alle\u0301es appeler des renforts pour perturber les activite\u0301s ce matin, parce qu&rsquo;ils ont e\u0301te\u0301 identifie\u0301s et des sanctions sont pre\u0301vues contre ces jeunes \u00bb, a-t-il explique\u0301.<\/p>\n<p>Le chef Cle\u0301ment Apiti ajoute que ces manifestants sont en re\u0301alite\u0301 contre le projet d&rsquo;e\u0301radication de la drogue dans le village.<\/p>\n<p>\u00ab On a constate\u0301 que la drogue circule beaucoup dans le village, et on veut e\u0301viter que nos enfants soient sous l&#8217;emprise de ces stupe\u0301fiants. Ces dissidents sont alle\u0301s empe\u0302cher une re\u0301union que nous devrions avoir le dimanche dernier dans le cadre de cette lutte contre la drogue. Nous les avons convoque\u0301s pour leur signifier qu&rsquo;ils tombent sous le coup des sanctions. Ce matin, les me\u0302mes ont de\u0301cide\u0301 de bloquer le marche\u0301 \u00bb, re\u0301ve\u0300le le chef du village de Koute\u0301.<\/p>\n<p><strong>Pour plus d&rsquo;informations et d&rsquo;analyses sur la <a href=\"https:\/\/www.africa-press.net\/cotedivoire\">C\u00f4te d&rsquo;Ivoire<\/a>, suivez <a href=\"https:\/\/www.africa-press.net\/\">Africa-Press<\/a><\/strong><\/p>\n","protected":false},"excerpt":{"rendered":"<p>Africa-Press &#8211; C\u00f4te d&rsquo;Ivoire. Des bandeaux rouges attache\u0301s sur la te\u0302te, des points strate\u0301giques occupe\u0301s, des commerces et le marche\u0301 ferme\u0301s, voici ce a\u0300 quoi les populations du village de Koute\u0301 a\u0300 Yopougon ont assiste\u0301 hier vendredi 27 octobre 2023. Une ambiance inhabituelle dans le village impose\u0301e par les membres de la ge\u0301ne\u0301ration Blessoue\u0301. Pour [&hellip;]<\/p>\n","protected":false},"author":82,"featured_media":68424,"comment_status":"open","ping_status":"closed","sticky":false,"template":"","format":"standard","meta":{"footnotes":""},"categories":[21,10],"tags":[56,63,11637,29,2830,1491,8860,1284,540],"class_list":["post-68426","post","type-post","status-publish","format-standard","has-post-thumbnail","hentry","category-communaute","category-toutes-les-actualites","tag-africa-press","tag-africa-press-cote-divoire","tag-clement-apiti","tag-cote-divoire","tag-doyen","tag-generation","tag-koute","tag-village","tag-yopougon"],"yoast_head":"<!-- This site is optimized with the Yoast SEO Premium plugin v26.1 (Yoast SEO v27.0) - https:\/\/yoast.com\/product\/yoast-seo-premium-wordpress\/ -->\n<title>Tensions \u00e0 Yopougon Kout\u00e9, manifestation des jeunes, des points strat\u00e9giques occup\u00e9s, le chef du village d\u00e9nonce des mains obscures - C\u00f4te d&#039;Ivoire<\/title>\n<meta name=\"description\" content=\"Des bandeaux rouges attache\u0301s sur la te\u0302te, des points strate\u0301giques occupe\u0301s, des commerces et le marche\u0301 ferme\u0301s, voic ...\" \/>\n<meta name=\"robots\" content=\"index, follow, max-snippet:-1, max-image-preview:large, max-video-preview:-1\" \/>\n<link rel=\"canonical\" href=\"https:\/\/www.africa-press.net\/cotedivoire\/toutes-les-actualites\/tensions-a-yopougon-koute-manifestation-des-jeunes-des-points-strategiques-occupes-le-chef-du-village-denonce-des-mains-obscures\" \/>\n<meta property=\"og:locale\" content=\"fr_FR\" \/>\n<meta property=\"og:type\" content=\"article\" \/>\n<meta property=\"og:title\" content=\"Tensions \u00e0 Yopougon Kout\u00e9, manifestation des jeunes, des points strat\u00e9giques occup\u00e9s, le chef du village d\u00e9nonce des mains obscures\" \/>\n<meta property=\"og:description\" content=\"Des bandeaux rouges attache\u0301s sur la te\u0302te, des points strate\u0301giques occupe\u0301s, des commerces et le marche\u0301 ferme\u0301s, voic ...\" \/>\n<meta property=\"og:url\" content=\"https:\/\/www.africa-press.net\/cotedivoire\/toutes-les-actualites\/tensions-a-yopougon-koute-manifestation-des-jeunes-des-points-strategiques-occupes-le-chef-du-village-denonce-des-mains-obscures\" \/>\n<meta property=\"og:site_name\" content=\"C\u00f4te d&#039;Ivoire\" \/>\n<meta property=\"article:published_time\" content=\"2023-10-28T17:58:59+00:00\" \/>\n<meta property=\"article:modified_time\" content=\"2023-10-28T18:33:00+00:00\" \/>\n<meta property=\"og:image\" content=\"https:\/\/static.africa-press.net\/cote\/sites\/43\/2023\/10\/sm_1698505255.489.jpg\" \/>\n\t<meta property=\"og:image:width\" content=\"720\" \/>\n\t<meta property=\"og:image:height\" content=\"396\" \/>\n\t<meta property=\"og:image:type\" content=\"image\/jpeg\" \/>\n<meta name=\"author\" content=\"cfeditorfr\" \/>\n<meta name=\"twitter:card\" content=\"summary_large_image\" \/>\n<meta name=\"twitter:label1\" content=\"\u00c9crit par\" \/>\n\t<meta name=\"twitter:data1\" content=\"cfeditorfr\" \/>\n\t<meta name=\"twitter:label2\" content=\"Dur\u00e9e de lecture estim\u00e9e\" \/>\n\t<meta name=\"twitter:data2\" content=\"3 minutes\" \/>\n<script type=\"application\/ld+json\" class=\"yoast-schema-graph\">{\"@context\":\"https:\/\/schema.org\",\"@graph\":[{\"@type\":\"Article\",\"@id\":\"https:\/\/www.africa-press.net\/cotedivoire\/toutes-les-actualites\/tensions-a-yopougon-koute-manifestation-des-jeunes-des-points-strategiques-occupes-le-chef-du-village-denonce-des-mains-obscures#article\",\"isPartOf\":{\"@id\":\"https:\/\/www.africa-press.net\/cotedivoire\/toutes-les-actualites\/tensions-a-yopougon-koute-manifestation-des-jeunes-des-points-strategiques-occupes-le-chef-du-village-denonce-des-mains-obscures\"},\"author\":{\"name\":\"cfeditorfr\",\"@id\":\"https:\/\/www.africa-press.net\/cotedivoire\/#\/schema\/person\/2b1cf3cd81a31e3cd26889ca66d677f1\"},\"headline\":\"Tensions \u00e0 Yopougon Kout\u00e9, manifestation des jeunes, des points strat\u00e9giques occup\u00e9s, le chef du village d\u00e9nonce des mains obscures\",\"datePublished\":\"2023-10-28T17:58:59+00:00\",\"dateModified\":\"2023-10-28T18:33:00+00:00\",\"mainEntityOfPage\":{\"@id\":\"https:\/\/www.africa-press.net\/cotedivoire\/toutes-les-actualites\/tensions-a-yopougon-koute-manifestation-des-jeunes-des-points-strategiques-occupes-le-chef-du-village-denonce-des-mains-obscures\"},\"wordCount\":637,\"commentCount\":0,\"image\":{\"@id\":\"https:\/\/www.africa-press.net\/cotedivoire\/toutes-les-actualites\/tensions-a-yopougon-koute-manifestation-des-jeunes-des-points-strategiques-occupes-le-chef-du-village-denonce-des-mains-obscures#primaryimage\"},\"thumbnailUrl\":\"https:\/\/static.africa-press.net\/cote\/sites\/43\/2023\/10\/sm_1698505255.489.jpg\",\"keywords\":[\"Africa Press\",\"Africa Press-C\u00f4te d'Ivoire\",\"Cl\u00e9ment Apiti\",\"C\u00d4TE D'IVOIRE\",\"doyen\",\"g\u00e9n\u00e9ration\",\"Kout\u00e9\",\"village\",\"Yopougon\"],\"articleSection\":[\"Communaut\u00e9\",\"Toutes les actualit\u00e9s\"],\"inLanguage\":\"fr-FR\",\"potentialAction\":[{\"@type\":\"CommentAction\",\"name\":\"Comment\",\"target\":[\"https:\/\/www.africa-press.net\/cotedivoire\/toutes-les-actualites\/tensions-a-yopougon-koute-manifestation-des-jeunes-des-points-strategiques-occupes-le-chef-du-village-denonce-des-mains-obscures#respond\"]}]},{\"@type\":\"WebPage\",\"@id\":\"https:\/\/www.africa-press.net\/cotedivoire\/toutes-les-actualites\/tensions-a-yopougon-koute-manifestation-des-jeunes-des-points-strategiques-occupes-le-chef-du-village-denonce-des-mains-obscures\",\"url\":\"https:\/\/www.africa-press.net\/cotedivoire\/toutes-les-actualites\/tensions-a-yopougon-koute-manifestation-des-jeunes-des-points-strategiques-occupes-le-chef-du-village-denonce-des-mains-obscures\",\"name\":\"Tensions \u00e0 Yopougon Kout\u00e9, manifestation des jeunes, des points strat\u00e9giques occup\u00e9s, le chef du village d\u00e9nonce des mains obscures - C\u00f4te d&#039;Ivoire\",\"isPartOf\":{\"@id\":\"https:\/\/www.africa-press.net\/cotedivoire\/#website\"},\"primaryImageOfPage\":{\"@id\":\"https:\/\/www.africa-press.net\/cotedivoire\/toutes-les-actualites\/tensions-a-yopougon-koute-manifestation-des-jeunes-des-points-strategiques-occupes-le-chef-du-village-denonce-des-mains-obscures#primaryimage\"},\"image\":{\"@id\":\"https:\/\/www.africa-press.net\/cotedivoire\/toutes-les-actualites\/tensions-a-yopougon-koute-manifestation-des-jeunes-des-points-strategiques-occupes-le-chef-du-village-denonce-des-mains-obscures#primaryimage\"},\"thumbnailUrl\":\"https:\/\/static.africa-press.net\/cote\/sites\/43\/2023\/10\/sm_1698505255.489.jpg\",\"datePublished\":\"2023-10-28T17:58:59+00:00\",\"dateModified\":\"2023-10-28T18:33:00+00:00\",\"author\":{\"@id\":\"https:\/\/www.africa-press.net\/cotedivoire\/#\/schema\/person\/2b1cf3cd81a31e3cd26889ca66d677f1\"},\"description\":\"Des bandeaux rouges attache\u0301s sur la te\u0302te, des points strate\u0301giques occupe\u0301s, des commerces et le marche\u0301 ferme\u0301s, voic ...\",\"breadcrumb\":{\"@id\":\"https:\/\/www.africa-press.net\/cotedivoire\/toutes-les-actualites\/tensions-a-yopougon-koute-manifestation-des-jeunes-des-points-strategiques-occupes-le-chef-du-village-denonce-des-mains-obscures#breadcrumb\"},\"inLanguage\":\"fr-FR\",\"potentialAction\":[{\"@type\":\"ReadAction\",\"target\":[\"https:\/\/www.africa-press.net\/cotedivoire\/toutes-les-actualites\/tensions-a-yopougon-koute-manifestation-des-jeunes-des-points-strategiques-occupes-le-chef-du-village-denonce-des-mains-obscures\"]}]},{\"@type\":\"ImageObject\",\"inLanguage\":\"fr-FR\",\"@id\":\"https:\/\/www.africa-press.net\/cotedivoire\/toutes-les-actualites\/tensions-a-yopougon-koute-manifestation-des-jeunes-des-points-strategiques-occupes-le-chef-du-village-denonce-des-mains-obscures#primaryimage\",\"url\":\"https:\/\/static.africa-press.net\/cote\/sites\/43\/2023\/10\/sm_1698505255.489.jpg\",\"contentUrl\":\"https:\/\/static.africa-press.net\/cote\/sites\/43\/2023\/10\/sm_1698505255.489.jpg\",\"width\":720,\"height\":396,\"caption\":\"Tensions \u00e0 Yopougon Kout\u00e9, manifestation des jeunes, des points strat\u00e9giques occup\u00e9s, le chef du village d\u00e9nonce des mains obscures\"},{\"@type\":\"BreadcrumbList\",\"@id\":\"https:\/\/www.africa-press.net\/cotedivoire\/toutes-les-actualites\/tensions-a-yopougon-koute-manifestation-des-jeunes-des-points-strategiques-occupes-le-chef-du-village-denonce-des-mains-obscures#breadcrumb\",\"itemListElement\":[{\"@type\":\"ListItem\",\"position\":1,\"name\":\"Accueil\",\"item\":\"https:\/\/www.africa-press.net\/cotedivoire\/\"},{\"@type\":\"ListItem\",\"position\":2,\"name\":\"Tensions \u00e0 Yopougon Kout\u00e9, manifestation des jeunes, des points strat\u00e9giques occup\u00e9s, le chef du village d\u00e9nonce des mains obscures\"}]},{\"@type\":\"WebSite\",\"@id\":\"https:\/\/www.africa-press.net\/cotedivoire\/#website\",\"url\":\"https:\/\/www.africa-press.net\/cotedivoire\/\",\"name\":\"C\u00f4te d&#039;Ivoire\",\"description\":\"Just another Africa News Agency Sites site\",\"potentialAction\":[{\"@type\":\"SearchAction\",\"target\":{\"@type\":\"EntryPoint\",\"urlTemplate\":\"https:\/\/www.africa-press.net\/cotedivoire\/?s={search_term_string}\"},\"query-input\":{\"@type\":\"PropertyValueSpecification\",\"valueRequired\":true,\"valueName\":\"search_term_string\"}}],\"inLanguage\":\"fr-FR\"},{\"@type\":\"Person\",\"@id\":\"https:\/\/www.africa-press.net\/cotedivoire\/#\/schema\/person\/2b1cf3cd81a31e3cd26889ca66d677f1\",\"name\":\"cfeditorfr\"}]}<\/script>\n<!-- \/ Yoast SEO Premium plugin. -->","yoast_head_json":{"title":"Tensions \u00e0 Yopougon Kout\u00e9, manifestation des jeunes, des points strat\u00e9giques occup\u00e9s, le chef du village d\u00e9nonce des mains obscures - C\u00f4te d&#039;Ivoire","description":"Des bandeaux rouges attache\u0301s sur la te\u0302te, des points strate\u0301giques occupe\u0301s, des commerces et le marche\u0301 ferme\u0301s, voic ...","robots":{"index":"index","follow":"follow","max-snippet":"max-snippet:-1","max-image-preview":"max-image-preview:large","max-video-preview":"max-video-preview:-1"},"canonical":"https:\/\/www.africa-press.net\/cotedivoire\/toutes-les-actualites\/tensions-a-yopougon-koute-manifestation-des-jeunes-des-points-strategiques-occupes-le-chef-du-village-denonce-des-mains-obscures","og_locale":"fr_FR","og_type":"article","og_title":"Tensions \u00e0 Yopougon Kout\u00e9, manifestation des jeunes, des points strat\u00e9giques occup\u00e9s, le chef du village d\u00e9nonce des mains obscures","og_description":"Des bandeaux rouges attache\u0301s sur la te\u0302te, des points strate\u0301giques occupe\u0301s, des commerces et le marche\u0301 ferme\u0301s, voic ...","og_url":"https:\/\/www.africa-press.net\/cotedivoire\/toutes-les-actualites\/tensions-a-yopougon-koute-manifestation-des-jeunes-des-points-strategiques-occupes-le-chef-du-village-denonce-des-mains-obscures","og_site_name":"C\u00f4te d&#039;Ivoire","article_published_time":"2023-10-28T17:58:59+00:00","article_modified_time":"2023-10-28T18:33:00+00:00","og_image":[{"width":720,"height":396,"url":"https:\/\/static.africa-press.net\/cote\/sites\/43\/2023\/10\/sm_1698505255.489.jpg","type":"image\/jpeg"}],"author":"cfeditorfr","twitter_card":"summary_large_image","twitter_misc":{"\u00c9crit par":"cfeditorfr","Dur\u00e9e de lecture estim\u00e9e":"3 minutes"},"schema":{"@context":"https:\/\/schema.org","@graph":[{"@type":"Article","@id":"https:\/\/www.africa-press.net\/cotedivoire\/toutes-les-actualites\/tensions-a-yopougon-koute-manifestation-des-jeunes-des-points-strategiques-occupes-le-chef-du-village-denonce-des-mains-obscures#article","isPartOf":{"@id":"https:\/\/www.africa-press.net\/cotedivoire\/toutes-les-actualites\/tensions-a-yopougon-koute-manifestation-des-jeunes-des-points-strategiques-occupes-le-chef-du-village-denonce-des-mains-obscures"},"author":{"name":"cfeditorfr","@id":"https:\/\/www.africa-press.net\/cotedivoire\/#\/schema\/person\/2b1cf3cd81a31e3cd26889ca66d677f1"},"headline":"Tensions \u00e0 Yopougon Kout\u00e9, manifestation des jeunes, des points strat\u00e9giques occup\u00e9s, le chef du village d\u00e9nonce des mains obscures","datePublished":"2023-10-28T17:58:59+00:00","dateModified":"2023-10-28T18:33:00+00:00","mainEntityOfPage":{"@id":"https:\/\/www.africa-press.net\/cotedivoire\/toutes-les-actualites\/tensions-a-yopougon-koute-manifestation-des-jeunes-des-points-strategiques-occupes-le-chef-du-village-denonce-des-mains-obscures"},"wordCount":637,"commentCount":0,"image":{"@id":"https:\/\/www.africa-press.net\/cotedivoire\/toutes-les-actualites\/tensions-a-yopougon-koute-manifestation-des-jeunes-des-points-strategiques-occupes-le-chef-du-village-denonce-des-mains-obscures#primaryimage"},"thumbnailUrl":"https:\/\/static.africa-press.net\/cote\/sites\/43\/2023\/10\/sm_1698505255.489.jpg","keywords":["Africa Press","Africa Press-C\u00f4te d'Ivoire","Cl\u00e9ment Apiti","C\u00d4TE D'IVOIRE","doyen","g\u00e9n\u00e9ration","Kout\u00e9","village","Yopougon"],"articleSection":["Communaut\u00e9","Toutes les actualit\u00e9s"],"inLanguage":"fr-FR","potentialAction":[{"@type":"CommentAction","name":"Comment","target":["https:\/\/www.africa-press.net\/cotedivoire\/toutes-les-actualites\/tensions-a-yopougon-koute-manifestation-des-jeunes-des-points-strategiques-occupes-le-chef-du-village-denonce-des-mains-obscures#respond"]}]},{"@type":"WebPage","@id":"https:\/\/www.africa-press.net\/cotedivoire\/toutes-les-actualites\/tensions-a-yopougon-koute-manifestation-des-jeunes-des-points-strategiques-occupes-le-chef-du-village-denonce-des-mains-obscures","url":"https:\/\/www.africa-press.net\/cotedivoire\/toutes-les-actualites\/tensions-a-yopougon-koute-manifestation-des-jeunes-des-points-strategiques-occupes-le-chef-du-village-denonce-des-mains-obscures","name":"Tensions \u00e0 Yopougon Kout\u00e9, manifestation des jeunes, des points strat\u00e9giques occup\u00e9s, le chef du village d\u00e9nonce des mains obscures - C\u00f4te d&#039;Ivoire","isPartOf":{"@id":"https:\/\/www.africa-press.net\/cotedivoire\/#website"},"primaryImageOfPage":{"@id":"https:\/\/www.africa-press.net\/cotedivoire\/toutes-les-actualites\/tensions-a-yopougon-koute-manifestation-des-jeunes-des-points-strategiques-occupes-le-chef-du-village-denonce-des-mains-obscures#primaryimage"},"image":{"@id":"https:\/\/www.africa-press.net\/cotedivoire\/toutes-les-actualites\/tensions-a-yopougon-koute-manifestation-des-jeunes-des-points-strategiques-occupes-le-chef-du-village-denonce-des-mains-obscures#primaryimage"},"thumbnailUrl":"https:\/\/static.africa-press.net\/cote\/sites\/43\/2023\/10\/sm_1698505255.489.jpg","datePublished":"2023-10-28T17:58:59+00:00","dateModified":"2023-10-28T18:33:00+00:00","author":{"@id":"https:\/\/www.africa-press.net\/cotedivoire\/#\/schema\/person\/2b1cf3cd81a31e3cd26889ca66d677f1"},"description":"Des bandeaux rouges attache\u0301s sur la te\u0302te, des points strate\u0301giques occupe\u0301s, des commerces et le marche\u0301 ferme\u0301s, voic ...","breadcrumb":{"@id":"https:\/\/www.africa-press.net\/cotedivoire\/toutes-les-actualites\/tensions-a-yopougon-koute-manifestation-des-jeunes-des-points-strategiques-occupes-le-chef-du-village-denonce-des-mains-obscures#breadcrumb"},"inLanguage":"fr-FR","potentialAction":[{"@type":"ReadAction","target":["https:\/\/www.africa-press.net\/cotedivoire\/toutes-les-actualites\/tensions-a-yopougon-koute-manifestation-des-jeunes-des-points-strategiques-occupes-le-chef-du-village-denonce-des-mains-obscures"]}]},{"@type":"ImageObject","inLanguage":"fr-FR","@id":"https:\/\/www.africa-press.net\/cotedivoire\/toutes-les-actualites\/tensions-a-yopougon-koute-manifestation-des-jeunes-des-points-strategiques-occupes-le-chef-du-village-denonce-des-mains-obscures#primaryimage","url":"https:\/\/static.africa-press.net\/cote\/sites\/43\/2023\/10\/sm_1698505255.489.jpg","contentUrl":"https:\/\/static.africa-press.net\/cote\/sites\/43\/2023\/10\/sm_1698505255.489.jpg","width":720,"height":396,"caption":"Tensions \u00e0 Yopougon Kout\u00e9, manifestation des jeunes, des points strat\u00e9giques occup\u00e9s, le chef du village d\u00e9nonce des mains obscures"},{"@type":"BreadcrumbList","@id":"https:\/\/www.africa-press.net\/cotedivoire\/toutes-les-actualites\/tensions-a-yopougon-koute-manifestation-des-jeunes-des-points-strategiques-occupes-le-chef-du-village-denonce-des-mains-obscures#breadcrumb","itemListElement":[{"@type":"ListItem","position":1,"name":"Accueil","item":"https:\/\/www.africa-press.net\/cotedivoire\/"},{"@type":"ListItem","position":2,"name":"Tensions \u00e0 Yopougon Kout\u00e9, manifestation des jeunes, des points strat\u00e9giques occup\u00e9s, le chef du village d\u00e9nonce des mains obscures"}]},{"@type":"WebSite","@id":"https:\/\/www.africa-press.net\/cotedivoire\/#website","url":"https:\/\/www.africa-press.net\/cotedivoire\/","name":"C\u00f4te d&#039;Ivoire","description":"Just another Africa News Agency Sites site","potentialAction":[{"@type":"SearchAction","target":{"@type":"EntryPoint","urlTemplate":"https:\/\/www.africa-press.net\/cotedivoire\/?s={search_term_string}"},"query-input":{"@type":"PropertyValueSpecification","valueRequired":true,"valueName":"search_term_string"}}],"inLanguage":"fr-FR"},{"@type":"Person","@id":"https:\/\/www.africa-press.net\/cotedivoire\/#\/schema\/person\/2b1cf3cd81a31e3cd26889ca66d677f1","name":"cfeditorfr"}]}},"_links":{"self":[{"href":"https:\/\/www.africa-press.net\/cotedivoire\/wp-json\/wp\/v2\/posts\/68426","targetHints":{"allow":["GET"]}}],"collection":[{"href":"https:\/\/www.africa-press.net\/cotedivoire\/wp-json\/wp\/v2\/posts"}],"about":[{"href":"https:\/\/www.africa-press.net\/cotedivoire\/wp-json\/wp\/v2\/types\/post"}],"author":[{"embeddable":true,"href":"https:\/\/www.africa-press.net\/cotedivoire\/wp-json\/wp\/v2\/users\/82"}],"replies":[{"embeddable":true,"href":"https:\/\/www.africa-press.net\/cotedivoire\/wp-json\/wp\/v2\/comments?post=68426"}],"version-history":[{"count":0,"href":"https:\/\/www.africa-press.net\/cotedivoire\/wp-json\/wp\/v2\/posts\/68426\/revisions"}],"wp:featuredmedia":[{"embeddable":true,"href":"https:\/\/www.africa-press.net\/cotedivoire\/wp-json\/wp\/v2\/media\/68424"}],"wp:attachment":[{"href":"https:\/\/www.africa-press.net\/cotedivoire\/wp-json\/wp\/v2\/media?parent=68426"}],"wp:term":[{"taxonomy":"category","embeddable":true,"href":"https:\/\/www.africa-press.net\/cotedivoire\/wp-json\/wp\/v2\/categories?post=68426"},{"taxonomy":"post_tag","embeddable":true,"href":"https:\/\/www.africa-press.net\/cotedivoire\/wp-json\/wp\/v2\/tags?post=68426"}],"curies":[{"name":"wp","href":"https:\/\/api.w.org\/{rel}","templated":true}]}}