{"id":6843,"date":"2021-04-23T12:18:57","date_gmt":"2021-04-23T12:18:57","guid":{"rendered":"https:\/\/www.africa-press.net\/cotedivoire\/?p=6843"},"modified":"2021-04-23T13:38:15","modified_gmt":"2021-04-23T13:38:15","slug":"a-abidjan-en-cote-divoire-3-assaillants-tues-dans-lattaque-contre-la-base-militaire-de-ndotre-etat-major","status":"publish","type":"post","link":"https:\/\/www.africa-press.net\/cotedivoire\/politique\/a-abidjan-en-cote-divoire-3-assaillants-tues-dans-lattaque-contre-la-base-militaire-de-ndotre-etat-major","title":{"rendered":"\u00c0 Abidjan en C\u00f4te-d\u2019Ivoire 3 assaillants tu\u00e9s dans l\u2019attaque contre la base militaire de N\u2019Dotr\u00e9 (\u00e9tat-major)"},"content":{"rendered":"<hr \/>\n<p>&nbsp;<\/p>\n<hr \/>\n<p><span style=\"color: #ff6600\"><strong><a href=\"https:\/\/www.africa-press.net\/\">Africa-Press<\/a> &#8211; <a href=\"https:\/\/www.africa-press.net\/cotedivoire\">C\u00f4te d&rsquo;Ivoire<\/a>. <\/strong><\/span>Edwige FIENDE<\/p>\n<p>Trois assaillants ont \u00e9t\u00e9 tu\u00e9s et un autre bless\u00e9 fait prisonnier dans l\u2019attaque qui a vis\u00e9 mercredi vers 01H00 (GMT et locale) la base militaire de N\u2019dotr\u00e9, dans la commune d\u2019Abobo au nord d\u2019Abidjan, a indiqu\u00e9 le chef d\u2019\u00e9tat-major g\u00e9n\u00e9ral des arm\u00e9es le g\u00e9n\u00e9ral Lassina Doumbia.<\/p>\n<p>Mercredi, \u00ab aux environs de 01H00 (GMT et locale), des individus non identifi\u00e9s ont ouvert le feu sur les postes de garde de la base militaire de N\u2019dotr\u00e9, avec l\u2019intention certaine d\u2019y p\u00e9n\u00e9trer de force \u00bb, a expliqu\u00e9 le g\u00e9n\u00e9ral Doumbia dans un communiqu\u00e9.<\/p>\n<p>\u00ab La r\u00e9action imm\u00e9diate des sentinelles de faction a donn\u00e9 lieu \u00e0 des \u00e9changes de tirs nourris, obligeant les assaillants \u00e0 prendre la fuite \u00bb, a-t-il ajout\u00e9.<\/p>\n<p>Selon le bilan provisoire, \u00ab Un bless\u00e9 l\u00e9ger \u00bb a \u00e9t\u00e9 enregistr\u00e9 \u00ab c\u00f4t\u00e9 ami (militaire) \u00bb, trois tu\u00e9s et un bless\u00e9 fait prisonnier c\u00f4t\u00e9 ennemi ainsi que de nombreux mat\u00e9riels saisis \u00bb.<\/p>\n<p>Le g\u00e9n\u00e9ral Lassina Doumbia a fait savoir que \u00ab des op\u00e9rations militaires de ratissages ont \u00e9t\u00e9 engag\u00e9es sur le terrain et se poursuivent \u00bb, assurant que \u00ab la situation s\u00e9curitaire reste sous contr\u00f4le \u00bb.<\/p>\n<p>Fin mars, deux positions des Forces arm\u00e9es au nord ont subi des attaques. Deux soldats ont \u00e9t\u00e9 tu\u00e9s \u00e0 Kafolo, et un gendarme tu\u00e9 \u00e0 Koloubougou, \u00e0 la fronti\u00e8re avec le Burkina.<\/p>\n<p>&nbsp;<\/p>\n","protected":false},"excerpt":{"rendered":"<p>&nbsp; Africa-Press &#8211; C\u00f4te d&rsquo;Ivoire. Edwige FIENDE Trois assaillants ont \u00e9t\u00e9 tu\u00e9s et un autre bless\u00e9 fait prisonnier dans l\u2019attaque qui a vis\u00e9 mercredi vers 01H00 (GMT et locale) la base militaire de N\u2019dotr\u00e9, dans la commune d\u2019Abobo au nord d\u2019Abidjan, a indiqu\u00e9 le chef d\u2019\u00e9tat-major g\u00e9n\u00e9ral des arm\u00e9es le g\u00e9n\u00e9ral Lassina Doumbia. Mercredi, \u00ab [&hellip;]<\/p>\n","protected":false},"author":82,"featured_media":6842,"comment_status":"open","ping_status":"closed","sticky":false,"template":"","format":"standard","meta":{"footnotes":""},"categories":[11,2,10],"tags":[56,63,29],"class_list":["post-6843","post","type-post","status-publish","format-standard","has-post-thumbnail","hentry","category-homepage-french","category-politique","category-toutes-les-actualites","tag-africa-press","tag-africa-press-cote-divoire","tag-cote-divoire"],"yoast_head":"<!-- This site is optimized with the Yoast SEO Premium plugin v26.1 (Yoast SEO v27.0) - https:\/\/yoast.com\/product\/yoast-seo-premium-wordpress\/ -->\n<title>\u00c0 Abidjan en C\u00f4te-d\u2019Ivoire 3 assaillants tu\u00e9s dans l\u2019attaque contre la base militaire de N\u2019Dotr\u00e9 (\u00e9tat-major) - C\u00f4te d&#039;Ivoire<\/title>\n<meta name=\"description\" content=\"Edwige FIENDE Trois assaillants ont \u00e9t\u00e9 tu\u00e9s et un autre bless\u00e9 fait prisonnier dans l\u2019attaque qui a vis\u00e9 mercredi vers ...\" \/>\n<meta name=\"robots\" content=\"index, follow, max-snippet:-1, max-image-preview:large, max-video-preview:-1\" \/>\n<link rel=\"canonical\" href=\"https:\/\/www.africa-press.net\/cotedivoire\/politique\/a-abidjan-en-cote-divoire-3-assaillants-tues-dans-lattaque-contre-la-base-militaire-de-ndotre-etat-major\" \/>\n<meta property=\"og:locale\" content=\"fr_FR\" \/>\n<meta property=\"og:type\" content=\"article\" \/>\n<meta property=\"og:title\" content=\"\u00c0 Abidjan en C\u00f4te-d\u2019Ivoire 3 assaillants tu\u00e9s dans l\u2019attaque contre la base militaire de N\u2019Dotr\u00e9 (\u00e9tat-major)\" \/>\n<meta property=\"og:description\" content=\"Edwige FIENDE Trois assaillants ont \u00e9t\u00e9 tu\u00e9s et un autre bless\u00e9 fait prisonnier dans l\u2019attaque qui a vis\u00e9 mercredi vers ...\" \/>\n<meta property=\"og:url\" content=\"https:\/\/www.africa-press.net\/cotedivoire\/politique\/a-abidjan-en-cote-divoire-3-assaillants-tues-dans-lattaque-contre-la-base-militaire-de-ndotre-etat-major\" \/>\n<meta property=\"og:site_name\" content=\"C\u00f4te d&#039;Ivoire\" \/>\n<meta property=\"article:published_time\" content=\"2021-04-23T12:18:57+00:00\" \/>\n<meta property=\"article:modified_time\" content=\"2021-04-23T13:38:15+00:00\" \/>\n<meta property=\"og:image\" content=\"https:\/\/static.africa-press.net\/cote\/sites\/43\/2021\/04\/img-6082aa41f0dff.jpg\" \/>\n\t<meta property=\"og:image:width\" content=\"720\" \/>\n\t<meta property=\"og:image:height\" content=\"360\" \/>\n\t<meta property=\"og:image:type\" content=\"image\/jpeg\" \/>\n<meta name=\"author\" content=\"cfeditorfr\" \/>\n<meta name=\"twitter:card\" content=\"summary_large_image\" \/>\n<meta name=\"twitter:label1\" content=\"\u00c9crit par\" \/>\n\t<meta name=\"twitter:data1\" content=\"cfeditorfr\" \/>\n\t<meta name=\"twitter:label2\" content=\"Dur\u00e9e de lecture estim\u00e9e\" \/>\n\t<meta name=\"twitter:data2\" content=\"1 minute\" \/>\n<script type=\"application\/ld+json\" class=\"yoast-schema-graph\">{\"@context\":\"https:\/\/schema.org\",\"@graph\":[{\"@type\":\"Article\",\"@id\":\"https:\/\/www.africa-press.net\/cotedivoire\/politique\/a-abidjan-en-cote-divoire-3-assaillants-tues-dans-lattaque-contre-la-base-militaire-de-ndotre-etat-major#article\",\"isPartOf\":{\"@id\":\"https:\/\/www.africa-press.net\/cotedivoire\/politique\/a-abidjan-en-cote-divoire-3-assaillants-tues-dans-lattaque-contre-la-base-militaire-de-ndotre-etat-major\"},\"author\":{\"name\":\"cfeditorfr\",\"@id\":\"https:\/\/www.africa-press.net\/cotedivoire\/#\/schema\/person\/2b1cf3cd81a31e3cd26889ca66d677f1\"},\"headline\":\"\u00c0 Abidjan en C\u00f4te-d\u2019Ivoire 3 assaillants tu\u00e9s dans l\u2019attaque contre la base militaire de N\u2019Dotr\u00e9 (\u00e9tat-major)\",\"datePublished\":\"2021-04-23T12:18:57+00:00\",\"dateModified\":\"2021-04-23T13:38:15+00:00\",\"mainEntityOfPage\":{\"@id\":\"https:\/\/www.africa-press.net\/cotedivoire\/politique\/a-abidjan-en-cote-divoire-3-assaillants-tues-dans-lattaque-contre-la-base-militaire-de-ndotre-etat-major\"},\"wordCount\":262,\"commentCount\":0,\"image\":{\"@id\":\"https:\/\/www.africa-press.net\/cotedivoire\/politique\/a-abidjan-en-cote-divoire-3-assaillants-tues-dans-lattaque-contre-la-base-militaire-de-ndotre-etat-major#primaryimage\"},\"thumbnailUrl\":\"https:\/\/static.africa-press.net\/cote\/sites\/43\/2021\/04\/img-6082aa41f0dff.jpg\",\"keywords\":[\"Africa Press\",\"Africa Press-C\u00f4te d'Ivoire\",\"C\u00d4TE D'IVOIRE\"],\"articleSection\":[\"homepage-french\",\"Politique\",\"Toutes les actualit\u00e9s\"],\"inLanguage\":\"fr-FR\",\"potentialAction\":[{\"@type\":\"CommentAction\",\"name\":\"Comment\",\"target\":[\"https:\/\/www.africa-press.net\/cotedivoire\/politique\/a-abidjan-en-cote-divoire-3-assaillants-tues-dans-lattaque-contre-la-base-militaire-de-ndotre-etat-major#respond\"]}]},{\"@type\":\"WebPage\",\"@id\":\"https:\/\/www.africa-press.net\/cotedivoire\/politique\/a-abidjan-en-cote-divoire-3-assaillants-tues-dans-lattaque-contre-la-base-militaire-de-ndotre-etat-major\",\"url\":\"https:\/\/www.africa-press.net\/cotedivoire\/politique\/a-abidjan-en-cote-divoire-3-assaillants-tues-dans-lattaque-contre-la-base-militaire-de-ndotre-etat-major\",\"name\":\"\u00c0 Abidjan en C\u00f4te-d\u2019Ivoire 3 assaillants tu\u00e9s dans l\u2019attaque contre la base militaire de N\u2019Dotr\u00e9 (\u00e9tat-major) - C\u00f4te d&#039;Ivoire\",\"isPartOf\":{\"@id\":\"https:\/\/www.africa-press.net\/cotedivoire\/#website\"},\"primaryImageOfPage\":{\"@id\":\"https:\/\/www.africa-press.net\/cotedivoire\/politique\/a-abidjan-en-cote-divoire-3-assaillants-tues-dans-lattaque-contre-la-base-militaire-de-ndotre-etat-major#primaryimage\"},\"image\":{\"@id\":\"https:\/\/www.africa-press.net\/cotedivoire\/politique\/a-abidjan-en-cote-divoire-3-assaillants-tues-dans-lattaque-contre-la-base-militaire-de-ndotre-etat-major#primaryimage\"},\"thumbnailUrl\":\"https:\/\/static.africa-press.net\/cote\/sites\/43\/2021\/04\/img-6082aa41f0dff.jpg\",\"datePublished\":\"2021-04-23T12:18:57+00:00\",\"dateModified\":\"2021-04-23T13:38:15+00:00\",\"author\":{\"@id\":\"https:\/\/www.africa-press.net\/cotedivoire\/#\/schema\/person\/2b1cf3cd81a31e3cd26889ca66d677f1\"},\"description\":\"Edwige FIENDE Trois assaillants ont \u00e9t\u00e9 tu\u00e9s et un autre bless\u00e9 fait prisonnier dans l\u2019attaque qui a vis\u00e9 mercredi vers ...\",\"breadcrumb\":{\"@id\":\"https:\/\/www.africa-press.net\/cotedivoire\/politique\/a-abidjan-en-cote-divoire-3-assaillants-tues-dans-lattaque-contre-la-base-militaire-de-ndotre-etat-major#breadcrumb\"},\"inLanguage\":\"fr-FR\",\"potentialAction\":[{\"@type\":\"ReadAction\",\"target\":[\"https:\/\/www.africa-press.net\/cotedivoire\/politique\/a-abidjan-en-cote-divoire-3-assaillants-tues-dans-lattaque-contre-la-base-militaire-de-ndotre-etat-major\"]}]},{\"@type\":\"ImageObject\",\"inLanguage\":\"fr-FR\",\"@id\":\"https:\/\/www.africa-press.net\/cotedivoire\/politique\/a-abidjan-en-cote-divoire-3-assaillants-tues-dans-lattaque-contre-la-base-militaire-de-ndotre-etat-major#primaryimage\",\"url\":\"https:\/\/static.africa-press.net\/cote\/sites\/43\/2021\/04\/img-6082aa41f0dff.jpg\",\"contentUrl\":\"https:\/\/static.africa-press.net\/cote\/sites\/43\/2021\/04\/img-6082aa41f0dff.jpg\",\"width\":720,\"height\":360,\"caption\":\"\u00c0 Abidjan en C\u00f4te-d\u2019Ivoire 3 assaillants tu\u00e9s dans l\u2019attaque contre la base militaire de N\u2019Dotr\u00e9 (\u00e9tat-major)\"},{\"@type\":\"BreadcrumbList\",\"@id\":\"https:\/\/www.africa-press.net\/cotedivoire\/politique\/a-abidjan-en-cote-divoire-3-assaillants-tues-dans-lattaque-contre-la-base-militaire-de-ndotre-etat-major#breadcrumb\",\"itemListElement\":[{\"@type\":\"ListItem\",\"position\":1,\"name\":\"Accueil\",\"item\":\"https:\/\/www.africa-press.net\/cotedivoire\/\"},{\"@type\":\"ListItem\",\"position\":2,\"name\":\"\u00c0 Abidjan en C\u00f4te-d\u2019Ivoire 3 assaillants tu\u00e9s dans l\u2019attaque contre la base militaire de N\u2019Dotr\u00e9 (\u00e9tat-major)\"}]},{\"@type\":\"WebSite\",\"@id\":\"https:\/\/www.africa-press.net\/cotedivoire\/#website\",\"url\":\"https:\/\/www.africa-press.net\/cotedivoire\/\",\"name\":\"C\u00f4te d&#039;Ivoire\",\"description\":\"Just another Africa News Agency Sites site\",\"potentialAction\":[{\"@type\":\"SearchAction\",\"target\":{\"@type\":\"EntryPoint\",\"urlTemplate\":\"https:\/\/www.africa-press.net\/cotedivoire\/?s={search_term_string}\"},\"query-input\":{\"@type\":\"PropertyValueSpecification\",\"valueRequired\":true,\"valueName\":\"search_term_string\"}}],\"inLanguage\":\"fr-FR\"},{\"@type\":\"Person\",\"@id\":\"https:\/\/www.africa-press.net\/cotedivoire\/#\/schema\/person\/2b1cf3cd81a31e3cd26889ca66d677f1\",\"name\":\"cfeditorfr\"}]}<\/script>\n<!-- \/ Yoast SEO Premium plugin. -->","yoast_head_json":{"title":"\u00c0 Abidjan en C\u00f4te-d\u2019Ivoire 3 assaillants tu\u00e9s dans l\u2019attaque contre la base militaire de N\u2019Dotr\u00e9 (\u00e9tat-major) - C\u00f4te d&#039;Ivoire","description":"Edwige FIENDE Trois assaillants ont \u00e9t\u00e9 tu\u00e9s et un autre bless\u00e9 fait prisonnier dans l\u2019attaque qui a vis\u00e9 mercredi vers ...","robots":{"index":"index","follow":"follow","max-snippet":"max-snippet:-1","max-image-preview":"max-image-preview:large","max-video-preview":"max-video-preview:-1"},"canonical":"https:\/\/www.africa-press.net\/cotedivoire\/politique\/a-abidjan-en-cote-divoire-3-assaillants-tues-dans-lattaque-contre-la-base-militaire-de-ndotre-etat-major","og_locale":"fr_FR","og_type":"article","og_title":"\u00c0 Abidjan en C\u00f4te-d\u2019Ivoire 3 assaillants tu\u00e9s dans l\u2019attaque contre la base militaire de N\u2019Dotr\u00e9 (\u00e9tat-major)","og_description":"Edwige FIENDE Trois assaillants ont \u00e9t\u00e9 tu\u00e9s et un autre bless\u00e9 fait prisonnier dans l\u2019attaque qui a vis\u00e9 mercredi vers ...","og_url":"https:\/\/www.africa-press.net\/cotedivoire\/politique\/a-abidjan-en-cote-divoire-3-assaillants-tues-dans-lattaque-contre-la-base-militaire-de-ndotre-etat-major","og_site_name":"C\u00f4te d&#039;Ivoire","article_published_time":"2021-04-23T12:18:57+00:00","article_modified_time":"2021-04-23T13:38:15+00:00","og_image":[{"width":720,"height":360,"url":"https:\/\/static.africa-press.net\/cote\/sites\/43\/2021\/04\/img-6082aa41f0dff.jpg","type":"image\/jpeg"}],"author":"cfeditorfr","twitter_card":"summary_large_image","twitter_misc":{"\u00c9crit par":"cfeditorfr","Dur\u00e9e de lecture estim\u00e9e":"1 minute"},"schema":{"@context":"https:\/\/schema.org","@graph":[{"@type":"Article","@id":"https:\/\/www.africa-press.net\/cotedivoire\/politique\/a-abidjan-en-cote-divoire-3-assaillants-tues-dans-lattaque-contre-la-base-militaire-de-ndotre-etat-major#article","isPartOf":{"@id":"https:\/\/www.africa-press.net\/cotedivoire\/politique\/a-abidjan-en-cote-divoire-3-assaillants-tues-dans-lattaque-contre-la-base-militaire-de-ndotre-etat-major"},"author":{"name":"cfeditorfr","@id":"https:\/\/www.africa-press.net\/cotedivoire\/#\/schema\/person\/2b1cf3cd81a31e3cd26889ca66d677f1"},"headline":"\u00c0 Abidjan en C\u00f4te-d\u2019Ivoire 3 assaillants tu\u00e9s dans l\u2019attaque contre la base militaire de N\u2019Dotr\u00e9 (\u00e9tat-major)","datePublished":"2021-04-23T12:18:57+00:00","dateModified":"2021-04-23T13:38:15+00:00","mainEntityOfPage":{"@id":"https:\/\/www.africa-press.net\/cotedivoire\/politique\/a-abidjan-en-cote-divoire-3-assaillants-tues-dans-lattaque-contre-la-base-militaire-de-ndotre-etat-major"},"wordCount":262,"commentCount":0,"image":{"@id":"https:\/\/www.africa-press.net\/cotedivoire\/politique\/a-abidjan-en-cote-divoire-3-assaillants-tues-dans-lattaque-contre-la-base-militaire-de-ndotre-etat-major#primaryimage"},"thumbnailUrl":"https:\/\/static.africa-press.net\/cote\/sites\/43\/2021\/04\/img-6082aa41f0dff.jpg","keywords":["Africa Press","Africa Press-C\u00f4te d'Ivoire","C\u00d4TE D'IVOIRE"],"articleSection":["homepage-french","Politique","Toutes les actualit\u00e9s"],"inLanguage":"fr-FR","potentialAction":[{"@type":"CommentAction","name":"Comment","target":["https:\/\/www.africa-press.net\/cotedivoire\/politique\/a-abidjan-en-cote-divoire-3-assaillants-tues-dans-lattaque-contre-la-base-militaire-de-ndotre-etat-major#respond"]}]},{"@type":"WebPage","@id":"https:\/\/www.africa-press.net\/cotedivoire\/politique\/a-abidjan-en-cote-divoire-3-assaillants-tues-dans-lattaque-contre-la-base-militaire-de-ndotre-etat-major","url":"https:\/\/www.africa-press.net\/cotedivoire\/politique\/a-abidjan-en-cote-divoire-3-assaillants-tues-dans-lattaque-contre-la-base-militaire-de-ndotre-etat-major","name":"\u00c0 Abidjan en C\u00f4te-d\u2019Ivoire 3 assaillants tu\u00e9s dans l\u2019attaque contre la base militaire de N\u2019Dotr\u00e9 (\u00e9tat-major) - C\u00f4te d&#039;Ivoire","isPartOf":{"@id":"https:\/\/www.africa-press.net\/cotedivoire\/#website"},"primaryImageOfPage":{"@id":"https:\/\/www.africa-press.net\/cotedivoire\/politique\/a-abidjan-en-cote-divoire-3-assaillants-tues-dans-lattaque-contre-la-base-militaire-de-ndotre-etat-major#primaryimage"},"image":{"@id":"https:\/\/www.africa-press.net\/cotedivoire\/politique\/a-abidjan-en-cote-divoire-3-assaillants-tues-dans-lattaque-contre-la-base-militaire-de-ndotre-etat-major#primaryimage"},"thumbnailUrl":"https:\/\/static.africa-press.net\/cote\/sites\/43\/2021\/04\/img-6082aa41f0dff.jpg","datePublished":"2021-04-23T12:18:57+00:00","dateModified":"2021-04-23T13:38:15+00:00","author":{"@id":"https:\/\/www.africa-press.net\/cotedivoire\/#\/schema\/person\/2b1cf3cd81a31e3cd26889ca66d677f1"},"description":"Edwige FIENDE Trois assaillants ont \u00e9t\u00e9 tu\u00e9s et un autre bless\u00e9 fait prisonnier dans l\u2019attaque qui a vis\u00e9 mercredi vers ...","breadcrumb":{"@id":"https:\/\/www.africa-press.net\/cotedivoire\/politique\/a-abidjan-en-cote-divoire-3-assaillants-tues-dans-lattaque-contre-la-base-militaire-de-ndotre-etat-major#breadcrumb"},"inLanguage":"fr-FR","potentialAction":[{"@type":"ReadAction","target":["https:\/\/www.africa-press.net\/cotedivoire\/politique\/a-abidjan-en-cote-divoire-3-assaillants-tues-dans-lattaque-contre-la-base-militaire-de-ndotre-etat-major"]}]},{"@type":"ImageObject","inLanguage":"fr-FR","@id":"https:\/\/www.africa-press.net\/cotedivoire\/politique\/a-abidjan-en-cote-divoire-3-assaillants-tues-dans-lattaque-contre-la-base-militaire-de-ndotre-etat-major#primaryimage","url":"https:\/\/static.africa-press.net\/cote\/sites\/43\/2021\/04\/img-6082aa41f0dff.jpg","contentUrl":"https:\/\/static.africa-press.net\/cote\/sites\/43\/2021\/04\/img-6082aa41f0dff.jpg","width":720,"height":360,"caption":"\u00c0 Abidjan en C\u00f4te-d\u2019Ivoire 3 assaillants tu\u00e9s dans l\u2019attaque contre la base militaire de N\u2019Dotr\u00e9 (\u00e9tat-major)"},{"@type":"BreadcrumbList","@id":"https:\/\/www.africa-press.net\/cotedivoire\/politique\/a-abidjan-en-cote-divoire-3-assaillants-tues-dans-lattaque-contre-la-base-militaire-de-ndotre-etat-major#breadcrumb","itemListElement":[{"@type":"ListItem","position":1,"name":"Accueil","item":"https:\/\/www.africa-press.net\/cotedivoire\/"},{"@type":"ListItem","position":2,"name":"\u00c0 Abidjan en C\u00f4te-d\u2019Ivoire 3 assaillants tu\u00e9s dans l\u2019attaque contre la base militaire de N\u2019Dotr\u00e9 (\u00e9tat-major)"}]},{"@type":"WebSite","@id":"https:\/\/www.africa-press.net\/cotedivoire\/#website","url":"https:\/\/www.africa-press.net\/cotedivoire\/","name":"C\u00f4te d&#039;Ivoire","description":"Just another Africa News Agency Sites site","potentialAction":[{"@type":"SearchAction","target":{"@type":"EntryPoint","urlTemplate":"https:\/\/www.africa-press.net\/cotedivoire\/?s={search_term_string}"},"query-input":{"@type":"PropertyValueSpecification","valueRequired":true,"valueName":"search_term_string"}}],"inLanguage":"fr-FR"},{"@type":"Person","@id":"https:\/\/www.africa-press.net\/cotedivoire\/#\/schema\/person\/2b1cf3cd81a31e3cd26889ca66d677f1","name":"cfeditorfr"}]}},"_links":{"self":[{"href":"https:\/\/www.africa-press.net\/cotedivoire\/wp-json\/wp\/v2\/posts\/6843","targetHints":{"allow":["GET"]}}],"collection":[{"href":"https:\/\/www.africa-press.net\/cotedivoire\/wp-json\/wp\/v2\/posts"}],"about":[{"href":"https:\/\/www.africa-press.net\/cotedivoire\/wp-json\/wp\/v2\/types\/post"}],"author":[{"embeddable":true,"href":"https:\/\/www.africa-press.net\/cotedivoire\/wp-json\/wp\/v2\/users\/82"}],"replies":[{"embeddable":true,"href":"https:\/\/www.africa-press.net\/cotedivoire\/wp-json\/wp\/v2\/comments?post=6843"}],"version-history":[{"count":0,"href":"https:\/\/www.africa-press.net\/cotedivoire\/wp-json\/wp\/v2\/posts\/6843\/revisions"}],"wp:featuredmedia":[{"embeddable":true,"href":"https:\/\/www.africa-press.net\/cotedivoire\/wp-json\/wp\/v2\/media\/6842"}],"wp:attachment":[{"href":"https:\/\/www.africa-press.net\/cotedivoire\/wp-json\/wp\/v2\/media?parent=6843"}],"wp:term":[{"taxonomy":"category","embeddable":true,"href":"https:\/\/www.africa-press.net\/cotedivoire\/wp-json\/wp\/v2\/categories?post=6843"},{"taxonomy":"post_tag","embeddable":true,"href":"https:\/\/www.africa-press.net\/cotedivoire\/wp-json\/wp\/v2\/tags?post=6843"}],"curies":[{"name":"wp","href":"https:\/\/api.w.org\/{rel}","templated":true}]}}