{"id":68756,"date":"2023-11-01T16:28:45","date_gmt":"2023-11-01T16:28:45","guid":{"rendered":"https:\/\/www.africa-press.net\/cotedivoire\/politique\/sommet-de-lavenir-de-lonu-le-gouvernement-souhaite-que-la-mise-en-oeuvre-des-engagements-en-matiere-de-paix-et-de-securite-avec-lhumain"},"modified":"2023-11-01T17:01:52","modified_gmt":"2023-11-01T17:01:52","slug":"sommet-de-lavenir-de-lonu-le-gouvernement-souhaite-que-la-mise-en-oeuvre-des-engagements-en-matiere-de-paix-et-de-securite-avec-lhumain","status":"publish","type":"post","link":"https:\/\/www.africa-press.net\/cotedivoire\/politique\/sommet-de-lavenir-de-lonu-le-gouvernement-souhaite-que-la-mise-en-oeuvre-des-engagements-en-matiere-de-paix-et-de-securite-avec-lhumain","title":{"rendered":"Sommet de l&rsquo;Avenir de l&rsquo;ONU, le gouvernement souhaite que \u00ab la mise en \u0153uvre des engagements en mati\u00e8re de paix et de s\u00e9curit\u00e9 avec l&rsquo;humain  \u00bb"},"content":{"rendered":"<p><span style=\"color: #ff6600\"><strong>Africa-Press &#8211; C\u00f4te d&rsquo;Ivoire. <\/strong><\/span>La salle de confe\u0301rence du ministe\u0300re des Affaires E\u0301trange\u0300res, de l&rsquo;Inte\u0301gration Africaine et des Ivoiriens de l&rsquo;Exte\u0301rieur, a abrite\u0301, ce mardi 31 octobre dans l&rsquo;apre\u0300s-midi, un colloque en vue de pre\u0301parer le Sommet de l&rsquo;Avenir de l&rsquo;Organisation des Nations Unies ((ONU) pre\u0301vu en septembre 2024 a\u0300 son sie\u0300ge a\u0300 New-York aux E\u0301tats-Unis. Cette ce\u0301re\u0301monie, organise\u0301e a\u0300 l&rsquo;occasion de la ce\u0301le\u0301bration du 78e anniversaire de l&rsquo;entre\u0301e en vigueur de la charte de l&rsquo;Onu ce\u0301le\u0301bre\u0301 le 24 octobre de chaque anne\u0301e, a e\u0301te\u0301 mise a\u0300 profit par les participants compose\u0301s du gouvernement, du corps diplomatique, du syste\u0300me des Nations Unies, des universitaires, des e\u0301tudiants etc, pour plancher sur le rapport du Secre\u0301taire Ge\u0301ne\u0301ral de l&rsquo;ONU, Antonio Guterres intitule\u0301 \u00a0\u00bb Notre Programme Commun\u00a0\u00bb.<\/p>\n<p>Ce rapport, re\u0301dige\u0301 par le secre\u0301tariat ge\u0301ne\u0301ral de l&rsquo;ONU a\u0300 la demande des E\u0301tats membres de l&rsquo;institution dans le but d&rsquo;apporter une re\u0301ponse efficace aux de\u0301fis multiples et complexes qui font peser de re\u0301elles menaces sur la plane\u0300te, est un catalogue de propositions ambitieuses dans lequel Antonio Guterres appelle a\u0300 agir dans un esprit de coope\u0301ration renforce\u0301e et non d&rsquo;antagonisme pour construire un monde Pacifique et prospe\u0300re qui ne laisse personne de co\u0302te\u0301.<\/p>\n<p>Repre\u0301sentant le gouvernement ivoirien lors de cette rencontre, le ministre des Affaires E\u0301trange\u0300res de l&rsquo;inte\u0301gration Africaine et des Ivoiriens de l&rsquo;Exte\u0301rieur, Le\u0301on Adom Kacou, dans son allocution, a indique\u0301 que \u00a0\u00bb le Sommet de l&rsquo;Avenir repre\u0301sente une occasion historique pour les Etats membres de s&rsquo;approprier les recommandations pertinentes contenues dans \u00a0\u00bb Notre Programme Commun\u00a0\u00bb, et de donner des orientations concre\u0300tes pour apporter des re\u0301ponses innovantes et efficaces aux de\u0301fis pre\u0301gnants\u00a0\u00bb.<\/p>\n<p>Pour lui, \u00a0\u00bb la re\u0301affirmation des buts et principes de la charte des Nations Unies ainsi que l&rsquo;acce\u0301le\u0301ration de la mise en \u0153uvre de nos engagements en matie\u0300re de paix de se\u0301curite\u0301 et de de\u0301veloppement durable, avec l&rsquo;humain au c\u0153ur de notre action, devraient constituer l&rsquo;objectif majeur de ce sommet\u00a0\u00bb.<\/p>\n<p>Une proposition qu&rsquo;il a justifie\u0301 par le non-respect de la charte des Nations Unies comme constate\u0301 lors de nombreux conflits dans le monde.<\/p>\n<p>\u00ab\u00a0Le contexte ge\u0301opolitique actuel ainsi que la pre\u0301gnance des crises multiformes transnationales nous commandent de revisiter les buts, principes et objectifs qui ont pre\u0301side\u0301 a\u0300 la naissance de notre organisation commune. Il nous faut donc re\u0301affirmer les valeurs cardinales de la charte et renouveler notre engagement envers celle-ci, afin de recre\u0301er la confiance et le processus a\u0300 l&rsquo;origine de l&rsquo;espe\u0301rance ne\u0301e de la cre\u0301ation des Nations Unies\u00a0\u00bb, a-t-il de\u0301clare\u0301.<\/p>\n<p>Poursuivant, le ministre Le\u0301on Adom Kacou, au nom du gouvernement ivoirien, a propose\u0301 une re\u0301forme de la gouvernance mondiale, afin d&rsquo;appuyer les efforts collectifs en matie\u0300re de paix, de se\u0301curite\u0301 et de de\u0301veloppement durable. Toute chose qui selon lui, \u00ab\u00a0passe non seulement par la revitalisation de l&rsquo;Onu, mais aussi de l&rsquo;architecture financie\u0300re internationale pour les rendre aptes a\u0300 re\u0301pondre efficacement aux mutations ge\u0301opolitiques et e\u0301conomiques actuelles. La re\u0301forme souhaite\u0301e devra e\u0301galement donner la place qu&rsquo;elle me\u0301rite a\u0300 l&rsquo;Afrique qui concentre l&rsquo;essentiel des interventions onusiennes\u00a0\u00bb, a-t-il sugge\u0301re\u0301.<\/p>\n<p>Toujours sur le rapport intitule\u0301 \u00a0\u00bb Notre Programme Commun\u00a0\u00bb, le chef de la diplomatie ivoirienne s&rsquo;est re\u0301joui du fait qu&rsquo;il e\u0301pouse la vision du chef de l&rsquo;E\u0301tat Alassane Ouattara en bien de points. \u00a0\u00bb En matie\u0300re de solidarite\u0301 comme pro\u0302ne\u0301e par le Secre\u0301taire Ge\u0301ne\u0301ral des Nations Unies, nul besoin de souligner la convergence de vision avec celle d\u2019une Co\u0302te d\u2019Ivoire solidaire en marche voulue par le Chef de l\u2019Etat, Son Excellence Monsieur Alassane OUATTARA, Pre\u0301sident de la Re\u0301publique\u00a0\u00bb, a-t-il note\u0301.<\/p>\n<p>Pour sa part, monsieur Poinsot, le Coordinateur re\u0301sident du Syste\u0300me des Nations Unies en Co\u0302te d\u2019Ivoire, a fait savoir que le Sommet de l\u2019avenir qui aura lieu l\u2019anne\u0301e prochaine sera une occasion unique de forger un nouveau consensus mondial sur ce a\u0300 quoi notre avenir devrait ressembler et sur les moyens que nous pouvons de\u0301ployer aujourd\u2019hui pour le faire advenir.<\/p>\n<p>Il a invite\u0301 la Co\u0302te d\u2019Ivoire, a\u0300 travers son leadership re\u0301gional et international, a\u0300 apporter sa vision sur ces proble\u0301matiques et une contribution de qualite\u0301 aux re\u0301flexions en cours. \u00a0\u00bb Le pays a de\u0301montre\u0301 son ro\u0302le de premier plan a\u0300 travers sa participation significative au Conseil de Se\u0301curite\u0301, ses contributions aux ope\u0301rations de maintien de la paix de l&rsquo;ONU, sa transition re\u0301ussie d&rsquo;un pays fragile vers une nation stable, sa re\u0301cente re\u0301e\u0301lection au Conseil des Droits de l&rsquo;Homme de l&rsquo;ONU pour la pe\u0301riode 2024-2026. Sa contribution est attendue\u00a0\u00bb, a-t-il de\u0301clare\u0301.<\/p>\n<p><strong>Pour plus d&rsquo;informations et d&rsquo;analyses sur la <a href=\"https:\/\/www.africa-press.net\/cotedivoire\">C\u00f4te d&rsquo;Ivoire<\/a>, suivez <a href=\"https:\/\/www.africa-press.net\/\">Africa-Press<\/a><\/strong><\/p>\n","protected":false},"excerpt":{"rendered":"<p>Africa-Press &#8211; C\u00f4te d&rsquo;Ivoire. La salle de confe\u0301rence du ministe\u0300re des Affaires E\u0301trange\u0300res, de l&rsquo;Inte\u0301gration Africaine et des Ivoiriens de l&rsquo;Exte\u0301rieur, a abrite\u0301, ce mardi 31 octobre dans l&rsquo;apre\u0300s-midi, un colloque en vue de pre\u0301parer le Sommet de l&rsquo;Avenir de l&rsquo;Organisation des Nations Unies ((ONU) pre\u0301vu en septembre 2024 a\u0300 son sie\u0300ge a\u0300 New-York aux [&hellip;]<\/p>\n","protected":false},"author":82,"featured_media":68754,"comment_status":"open","ping_status":"closed","sticky":false,"template":"","format":"standard","meta":{"footnotes":""},"categories":[2,20,10],"tags":[56,63,5500,29,4085],"class_list":["post-68756","post","type-post","status-publish","format-standard","has-post-thumbnail","hentry","category-politique","category-top-nouvelles","category-toutes-les-actualites","tag-africa-press","tag-africa-press-cote-divoire","tag-antonio-guterres","tag-cote-divoire","tag-onu"],"yoast_head":"<!-- This site is optimized with the Yoast SEO Premium plugin v26.1 (Yoast SEO v27.0) - https:\/\/yoast.com\/product\/yoast-seo-premium-wordpress\/ -->\n<title>Sommet de l&#039;Avenir de l&#039;ONU, le gouvernement souhaite que \u00ab la mise en \u0153uvre des engagements en mati\u00e8re de paix et de s\u00e9curit\u00e9 avec l&#039;humain \u00bb - C\u00f4te d&#039;Ivoire<\/title>\n<meta name=\"description\" content=\"La salle de confe\u0301rence du ministe\u0300re des Affaires E\u0301trange\u0300res, de l&#039;Inte\u0301gration Africaine et des Ivoiriens de l&#039;Exte\u0301 ...\" \/>\n<meta name=\"robots\" content=\"index, follow, max-snippet:-1, max-image-preview:large, max-video-preview:-1\" \/>\n<link rel=\"canonical\" href=\"https:\/\/www.africa-press.net\/cotedivoire\/politique\/sommet-de-lavenir-de-lonu-le-gouvernement-souhaite-que-la-mise-en-oeuvre-des-engagements-en-matiere-de-paix-et-de-securite-avec-lhumain\" \/>\n<meta property=\"og:locale\" content=\"fr_FR\" \/>\n<meta property=\"og:type\" content=\"article\" \/>\n<meta property=\"og:title\" content=\"Sommet de l&#039;Avenir de l&#039;ONU, le gouvernement souhaite que \u00ab la mise en \u0153uvre des engagements en mati\u00e8re de paix et de s\u00e9curit\u00e9 avec l&#039;humain \u00bb\" \/>\n<meta property=\"og:description\" content=\"La salle de confe\u0301rence du ministe\u0300re des Affaires E\u0301trange\u0300res, de l&#039;Inte\u0301gration Africaine et des Ivoiriens de l&#039;Exte\u0301 ...\" \/>\n<meta property=\"og:url\" content=\"https:\/\/www.africa-press.net\/cotedivoire\/politique\/sommet-de-lavenir-de-lonu-le-gouvernement-souhaite-que-la-mise-en-oeuvre-des-engagements-en-matiere-de-paix-et-de-securite-avec-lhumain\" \/>\n<meta property=\"og:site_name\" content=\"C\u00f4te d&#039;Ivoire\" \/>\n<meta property=\"article:published_time\" content=\"2023-11-01T16:28:45+00:00\" \/>\n<meta property=\"article:modified_time\" content=\"2023-11-01T17:01:52+00:00\" \/>\n<meta property=\"og:image\" content=\"https:\/\/static.africa-press.net\/cote\/sites\/43\/2023\/11\/sm_1698845338.876633.jpg\" \/>\n\t<meta property=\"og:image:width\" content=\"720\" \/>\n\t<meta property=\"og:image:height\" content=\"417\" \/>\n\t<meta property=\"og:image:type\" content=\"image\/jpeg\" \/>\n<meta name=\"author\" content=\"cfeditorfr\" \/>\n<meta name=\"twitter:card\" content=\"summary_large_image\" \/>\n<meta name=\"twitter:label1\" content=\"\u00c9crit par\" \/>\n\t<meta name=\"twitter:data1\" content=\"cfeditorfr\" \/>\n\t<meta name=\"twitter:label2\" content=\"Dur\u00e9e de lecture estim\u00e9e\" \/>\n\t<meta name=\"twitter:data2\" content=\"4 minutes\" \/>\n<script type=\"application\/ld+json\" class=\"yoast-schema-graph\">{\"@context\":\"https:\/\/schema.org\",\"@graph\":[{\"@type\":\"Article\",\"@id\":\"https:\/\/www.africa-press.net\/cotedivoire\/politique\/sommet-de-lavenir-de-lonu-le-gouvernement-souhaite-que-la-mise-en-oeuvre-des-engagements-en-matiere-de-paix-et-de-securite-avec-lhumain#article\",\"isPartOf\":{\"@id\":\"https:\/\/www.africa-press.net\/cotedivoire\/politique\/sommet-de-lavenir-de-lonu-le-gouvernement-souhaite-que-la-mise-en-oeuvre-des-engagements-en-matiere-de-paix-et-de-securite-avec-lhumain\"},\"author\":{\"name\":\"cfeditorfr\",\"@id\":\"https:\/\/www.africa-press.net\/cotedivoire\/#\/schema\/person\/2b1cf3cd81a31e3cd26889ca66d677f1\"},\"headline\":\"Sommet de l&rsquo;Avenir de l&rsquo;ONU, le gouvernement souhaite que \u00ab la mise en \u0153uvre des engagements en mati\u00e8re de paix et de s\u00e9curit\u00e9 avec l&rsquo;humain \u00bb\",\"datePublished\":\"2023-11-01T16:28:45+00:00\",\"dateModified\":\"2023-11-01T17:01:52+00:00\",\"mainEntityOfPage\":{\"@id\":\"https:\/\/www.africa-press.net\/cotedivoire\/politique\/sommet-de-lavenir-de-lonu-le-gouvernement-souhaite-que-la-mise-en-oeuvre-des-engagements-en-matiere-de-paix-et-de-securite-avec-lhumain\"},\"wordCount\":917,\"commentCount\":0,\"image\":{\"@id\":\"https:\/\/www.africa-press.net\/cotedivoire\/politique\/sommet-de-lavenir-de-lonu-le-gouvernement-souhaite-que-la-mise-en-oeuvre-des-engagements-en-matiere-de-paix-et-de-securite-avec-lhumain#primaryimage\"},\"thumbnailUrl\":\"https:\/\/static.africa-press.net\/cote\/sites\/43\/2023\/11\/sm_1698845338.876633.jpg\",\"keywords\":[\"Africa Press\",\"Africa Press-C\u00f4te d'Ivoire\",\"Antonio Guterres\",\"C\u00d4TE D'IVOIRE\",\"ONU\"],\"articleSection\":[\"Politique\",\"Top Nouvelles\",\"Toutes les actualit\u00e9s\"],\"inLanguage\":\"fr-FR\",\"potentialAction\":[{\"@type\":\"CommentAction\",\"name\":\"Comment\",\"target\":[\"https:\/\/www.africa-press.net\/cotedivoire\/politique\/sommet-de-lavenir-de-lonu-le-gouvernement-souhaite-que-la-mise-en-oeuvre-des-engagements-en-matiere-de-paix-et-de-securite-avec-lhumain#respond\"]}]},{\"@type\":\"WebPage\",\"@id\":\"https:\/\/www.africa-press.net\/cotedivoire\/politique\/sommet-de-lavenir-de-lonu-le-gouvernement-souhaite-que-la-mise-en-oeuvre-des-engagements-en-matiere-de-paix-et-de-securite-avec-lhumain\",\"url\":\"https:\/\/www.africa-press.net\/cotedivoire\/politique\/sommet-de-lavenir-de-lonu-le-gouvernement-souhaite-que-la-mise-en-oeuvre-des-engagements-en-matiere-de-paix-et-de-securite-avec-lhumain\",\"name\":\"Sommet de l'Avenir de l'ONU, le gouvernement souhaite que \u00ab la mise en \u0153uvre des engagements en mati\u00e8re de paix et de s\u00e9curit\u00e9 avec l'humain \u00bb - C\u00f4te d&#039;Ivoire\",\"isPartOf\":{\"@id\":\"https:\/\/www.africa-press.net\/cotedivoire\/#website\"},\"primaryImageOfPage\":{\"@id\":\"https:\/\/www.africa-press.net\/cotedivoire\/politique\/sommet-de-lavenir-de-lonu-le-gouvernement-souhaite-que-la-mise-en-oeuvre-des-engagements-en-matiere-de-paix-et-de-securite-avec-lhumain#primaryimage\"},\"image\":{\"@id\":\"https:\/\/www.africa-press.net\/cotedivoire\/politique\/sommet-de-lavenir-de-lonu-le-gouvernement-souhaite-que-la-mise-en-oeuvre-des-engagements-en-matiere-de-paix-et-de-securite-avec-lhumain#primaryimage\"},\"thumbnailUrl\":\"https:\/\/static.africa-press.net\/cote\/sites\/43\/2023\/11\/sm_1698845338.876633.jpg\",\"datePublished\":\"2023-11-01T16:28:45+00:00\",\"dateModified\":\"2023-11-01T17:01:52+00:00\",\"author\":{\"@id\":\"https:\/\/www.africa-press.net\/cotedivoire\/#\/schema\/person\/2b1cf3cd81a31e3cd26889ca66d677f1\"},\"description\":\"La salle de confe\u0301rence du ministe\u0300re des Affaires E\u0301trange\u0300res, de l'Inte\u0301gration Africaine et des Ivoiriens de l'Exte\u0301 ...\",\"breadcrumb\":{\"@id\":\"https:\/\/www.africa-press.net\/cotedivoire\/politique\/sommet-de-lavenir-de-lonu-le-gouvernement-souhaite-que-la-mise-en-oeuvre-des-engagements-en-matiere-de-paix-et-de-securite-avec-lhumain#breadcrumb\"},\"inLanguage\":\"fr-FR\",\"potentialAction\":[{\"@type\":\"ReadAction\",\"target\":[\"https:\/\/www.africa-press.net\/cotedivoire\/politique\/sommet-de-lavenir-de-lonu-le-gouvernement-souhaite-que-la-mise-en-oeuvre-des-engagements-en-matiere-de-paix-et-de-securite-avec-lhumain\"]}]},{\"@type\":\"ImageObject\",\"inLanguage\":\"fr-FR\",\"@id\":\"https:\/\/www.africa-press.net\/cotedivoire\/politique\/sommet-de-lavenir-de-lonu-le-gouvernement-souhaite-que-la-mise-en-oeuvre-des-engagements-en-matiere-de-paix-et-de-securite-avec-lhumain#primaryimage\",\"url\":\"https:\/\/static.africa-press.net\/cote\/sites\/43\/2023\/11\/sm_1698845338.876633.jpg\",\"contentUrl\":\"https:\/\/static.africa-press.net\/cote\/sites\/43\/2023\/11\/sm_1698845338.876633.jpg\",\"width\":720,\"height\":417,\"caption\":\"Sommet de l'Avenir de l'ONU, le gouvernement souhaite que \u00ab la mise en \u0153uvre des engagements en mati\u00e8re de paix et de s\u00e9curit\u00e9 avec l'humain \u00bb\"},{\"@type\":\"BreadcrumbList\",\"@id\":\"https:\/\/www.africa-press.net\/cotedivoire\/politique\/sommet-de-lavenir-de-lonu-le-gouvernement-souhaite-que-la-mise-en-oeuvre-des-engagements-en-matiere-de-paix-et-de-securite-avec-lhumain#breadcrumb\",\"itemListElement\":[{\"@type\":\"ListItem\",\"position\":1,\"name\":\"Accueil\",\"item\":\"https:\/\/www.africa-press.net\/cotedivoire\/\"},{\"@type\":\"ListItem\",\"position\":2,\"name\":\"Sommet de l&#8217;Avenir de l&#8217;ONU, le gouvernement souhaite que \u00ab la mise en \u0153uvre des engagements en mati\u00e8re de paix et de s\u00e9curit\u00e9 avec l&#8217;humain \u00bb\"}]},{\"@type\":\"WebSite\",\"@id\":\"https:\/\/www.africa-press.net\/cotedivoire\/#website\",\"url\":\"https:\/\/www.africa-press.net\/cotedivoire\/\",\"name\":\"C\u00f4te d&#039;Ivoire\",\"description\":\"Just another Africa News Agency Sites site\",\"potentialAction\":[{\"@type\":\"SearchAction\",\"target\":{\"@type\":\"EntryPoint\",\"urlTemplate\":\"https:\/\/www.africa-press.net\/cotedivoire\/?s={search_term_string}\"},\"query-input\":{\"@type\":\"PropertyValueSpecification\",\"valueRequired\":true,\"valueName\":\"search_term_string\"}}],\"inLanguage\":\"fr-FR\"},{\"@type\":\"Person\",\"@id\":\"https:\/\/www.africa-press.net\/cotedivoire\/#\/schema\/person\/2b1cf3cd81a31e3cd26889ca66d677f1\",\"name\":\"cfeditorfr\"}]}<\/script>\n<!-- \/ Yoast SEO Premium plugin. -->","yoast_head_json":{"title":"Sommet de l'Avenir de l'ONU, le gouvernement souhaite que \u00ab la mise en \u0153uvre des engagements en mati\u00e8re de paix et de s\u00e9curit\u00e9 avec l'humain \u00bb - C\u00f4te d&#039;Ivoire","description":"La salle de confe\u0301rence du ministe\u0300re des Affaires E\u0301trange\u0300res, de l'Inte\u0301gration Africaine et des Ivoiriens de l'Exte\u0301 ...","robots":{"index":"index","follow":"follow","max-snippet":"max-snippet:-1","max-image-preview":"max-image-preview:large","max-video-preview":"max-video-preview:-1"},"canonical":"https:\/\/www.africa-press.net\/cotedivoire\/politique\/sommet-de-lavenir-de-lonu-le-gouvernement-souhaite-que-la-mise-en-oeuvre-des-engagements-en-matiere-de-paix-et-de-securite-avec-lhumain","og_locale":"fr_FR","og_type":"article","og_title":"Sommet de l'Avenir de l'ONU, le gouvernement souhaite que \u00ab la mise en \u0153uvre des engagements en mati\u00e8re de paix et de s\u00e9curit\u00e9 avec l'humain \u00bb","og_description":"La salle de confe\u0301rence du ministe\u0300re des Affaires E\u0301trange\u0300res, de l'Inte\u0301gration Africaine et des Ivoiriens de l'Exte\u0301 ...","og_url":"https:\/\/www.africa-press.net\/cotedivoire\/politique\/sommet-de-lavenir-de-lonu-le-gouvernement-souhaite-que-la-mise-en-oeuvre-des-engagements-en-matiere-de-paix-et-de-securite-avec-lhumain","og_site_name":"C\u00f4te d&#039;Ivoire","article_published_time":"2023-11-01T16:28:45+00:00","article_modified_time":"2023-11-01T17:01:52+00:00","og_image":[{"width":720,"height":417,"url":"https:\/\/static.africa-press.net\/cote\/sites\/43\/2023\/11\/sm_1698845338.876633.jpg","type":"image\/jpeg"}],"author":"cfeditorfr","twitter_card":"summary_large_image","twitter_misc":{"\u00c9crit par":"cfeditorfr","Dur\u00e9e de lecture estim\u00e9e":"4 minutes"},"schema":{"@context":"https:\/\/schema.org","@graph":[{"@type":"Article","@id":"https:\/\/www.africa-press.net\/cotedivoire\/politique\/sommet-de-lavenir-de-lonu-le-gouvernement-souhaite-que-la-mise-en-oeuvre-des-engagements-en-matiere-de-paix-et-de-securite-avec-lhumain#article","isPartOf":{"@id":"https:\/\/www.africa-press.net\/cotedivoire\/politique\/sommet-de-lavenir-de-lonu-le-gouvernement-souhaite-que-la-mise-en-oeuvre-des-engagements-en-matiere-de-paix-et-de-securite-avec-lhumain"},"author":{"name":"cfeditorfr","@id":"https:\/\/www.africa-press.net\/cotedivoire\/#\/schema\/person\/2b1cf3cd81a31e3cd26889ca66d677f1"},"headline":"Sommet de l&rsquo;Avenir de l&rsquo;ONU, le gouvernement souhaite que \u00ab la mise en \u0153uvre des engagements en mati\u00e8re de paix et de s\u00e9curit\u00e9 avec l&rsquo;humain \u00bb","datePublished":"2023-11-01T16:28:45+00:00","dateModified":"2023-11-01T17:01:52+00:00","mainEntityOfPage":{"@id":"https:\/\/www.africa-press.net\/cotedivoire\/politique\/sommet-de-lavenir-de-lonu-le-gouvernement-souhaite-que-la-mise-en-oeuvre-des-engagements-en-matiere-de-paix-et-de-securite-avec-lhumain"},"wordCount":917,"commentCount":0,"image":{"@id":"https:\/\/www.africa-press.net\/cotedivoire\/politique\/sommet-de-lavenir-de-lonu-le-gouvernement-souhaite-que-la-mise-en-oeuvre-des-engagements-en-matiere-de-paix-et-de-securite-avec-lhumain#primaryimage"},"thumbnailUrl":"https:\/\/static.africa-press.net\/cote\/sites\/43\/2023\/11\/sm_1698845338.876633.jpg","keywords":["Africa Press","Africa Press-C\u00f4te d'Ivoire","Antonio Guterres","C\u00d4TE D'IVOIRE","ONU"],"articleSection":["Politique","Top Nouvelles","Toutes les actualit\u00e9s"],"inLanguage":"fr-FR","potentialAction":[{"@type":"CommentAction","name":"Comment","target":["https:\/\/www.africa-press.net\/cotedivoire\/politique\/sommet-de-lavenir-de-lonu-le-gouvernement-souhaite-que-la-mise-en-oeuvre-des-engagements-en-matiere-de-paix-et-de-securite-avec-lhumain#respond"]}]},{"@type":"WebPage","@id":"https:\/\/www.africa-press.net\/cotedivoire\/politique\/sommet-de-lavenir-de-lonu-le-gouvernement-souhaite-que-la-mise-en-oeuvre-des-engagements-en-matiere-de-paix-et-de-securite-avec-lhumain","url":"https:\/\/www.africa-press.net\/cotedivoire\/politique\/sommet-de-lavenir-de-lonu-le-gouvernement-souhaite-que-la-mise-en-oeuvre-des-engagements-en-matiere-de-paix-et-de-securite-avec-lhumain","name":"Sommet de l'Avenir de l'ONU, le gouvernement souhaite que \u00ab la mise en \u0153uvre des engagements en mati\u00e8re de paix et de s\u00e9curit\u00e9 avec l'humain \u00bb - C\u00f4te d&#039;Ivoire","isPartOf":{"@id":"https:\/\/www.africa-press.net\/cotedivoire\/#website"},"primaryImageOfPage":{"@id":"https:\/\/www.africa-press.net\/cotedivoire\/politique\/sommet-de-lavenir-de-lonu-le-gouvernement-souhaite-que-la-mise-en-oeuvre-des-engagements-en-matiere-de-paix-et-de-securite-avec-lhumain#primaryimage"},"image":{"@id":"https:\/\/www.africa-press.net\/cotedivoire\/politique\/sommet-de-lavenir-de-lonu-le-gouvernement-souhaite-que-la-mise-en-oeuvre-des-engagements-en-matiere-de-paix-et-de-securite-avec-lhumain#primaryimage"},"thumbnailUrl":"https:\/\/static.africa-press.net\/cote\/sites\/43\/2023\/11\/sm_1698845338.876633.jpg","datePublished":"2023-11-01T16:28:45+00:00","dateModified":"2023-11-01T17:01:52+00:00","author":{"@id":"https:\/\/www.africa-press.net\/cotedivoire\/#\/schema\/person\/2b1cf3cd81a31e3cd26889ca66d677f1"},"description":"La salle de confe\u0301rence du ministe\u0300re des Affaires E\u0301trange\u0300res, de l'Inte\u0301gration Africaine et des Ivoiriens de l'Exte\u0301 ...","breadcrumb":{"@id":"https:\/\/www.africa-press.net\/cotedivoire\/politique\/sommet-de-lavenir-de-lonu-le-gouvernement-souhaite-que-la-mise-en-oeuvre-des-engagements-en-matiere-de-paix-et-de-securite-avec-lhumain#breadcrumb"},"inLanguage":"fr-FR","potentialAction":[{"@type":"ReadAction","target":["https:\/\/www.africa-press.net\/cotedivoire\/politique\/sommet-de-lavenir-de-lonu-le-gouvernement-souhaite-que-la-mise-en-oeuvre-des-engagements-en-matiere-de-paix-et-de-securite-avec-lhumain"]}]},{"@type":"ImageObject","inLanguage":"fr-FR","@id":"https:\/\/www.africa-press.net\/cotedivoire\/politique\/sommet-de-lavenir-de-lonu-le-gouvernement-souhaite-que-la-mise-en-oeuvre-des-engagements-en-matiere-de-paix-et-de-securite-avec-lhumain#primaryimage","url":"https:\/\/static.africa-press.net\/cote\/sites\/43\/2023\/11\/sm_1698845338.876633.jpg","contentUrl":"https:\/\/static.africa-press.net\/cote\/sites\/43\/2023\/11\/sm_1698845338.876633.jpg","width":720,"height":417,"caption":"Sommet de l'Avenir de l'ONU, le gouvernement souhaite que \u00ab la mise en \u0153uvre des engagements en mati\u00e8re de paix et de s\u00e9curit\u00e9 avec l'humain \u00bb"},{"@type":"BreadcrumbList","@id":"https:\/\/www.africa-press.net\/cotedivoire\/politique\/sommet-de-lavenir-de-lonu-le-gouvernement-souhaite-que-la-mise-en-oeuvre-des-engagements-en-matiere-de-paix-et-de-securite-avec-lhumain#breadcrumb","itemListElement":[{"@type":"ListItem","position":1,"name":"Accueil","item":"https:\/\/www.africa-press.net\/cotedivoire\/"},{"@type":"ListItem","position":2,"name":"Sommet de l&#8217;Avenir de l&#8217;ONU, le gouvernement souhaite que \u00ab la mise en \u0153uvre des engagements en mati\u00e8re de paix et de s\u00e9curit\u00e9 avec l&#8217;humain \u00bb"}]},{"@type":"WebSite","@id":"https:\/\/www.africa-press.net\/cotedivoire\/#website","url":"https:\/\/www.africa-press.net\/cotedivoire\/","name":"C\u00f4te d&#039;Ivoire","description":"Just another Africa News Agency Sites site","potentialAction":[{"@type":"SearchAction","target":{"@type":"EntryPoint","urlTemplate":"https:\/\/www.africa-press.net\/cotedivoire\/?s={search_term_string}"},"query-input":{"@type":"PropertyValueSpecification","valueRequired":true,"valueName":"search_term_string"}}],"inLanguage":"fr-FR"},{"@type":"Person","@id":"https:\/\/www.africa-press.net\/cotedivoire\/#\/schema\/person\/2b1cf3cd81a31e3cd26889ca66d677f1","name":"cfeditorfr"}]}},"_links":{"self":[{"href":"https:\/\/www.africa-press.net\/cotedivoire\/wp-json\/wp\/v2\/posts\/68756","targetHints":{"allow":["GET"]}}],"collection":[{"href":"https:\/\/www.africa-press.net\/cotedivoire\/wp-json\/wp\/v2\/posts"}],"about":[{"href":"https:\/\/www.africa-press.net\/cotedivoire\/wp-json\/wp\/v2\/types\/post"}],"author":[{"embeddable":true,"href":"https:\/\/www.africa-press.net\/cotedivoire\/wp-json\/wp\/v2\/users\/82"}],"replies":[{"embeddable":true,"href":"https:\/\/www.africa-press.net\/cotedivoire\/wp-json\/wp\/v2\/comments?post=68756"}],"version-history":[{"count":0,"href":"https:\/\/www.africa-press.net\/cotedivoire\/wp-json\/wp\/v2\/posts\/68756\/revisions"}],"wp:featuredmedia":[{"embeddable":true,"href":"https:\/\/www.africa-press.net\/cotedivoire\/wp-json\/wp\/v2\/media\/68754"}],"wp:attachment":[{"href":"https:\/\/www.africa-press.net\/cotedivoire\/wp-json\/wp\/v2\/media?parent=68756"}],"wp:term":[{"taxonomy":"category","embeddable":true,"href":"https:\/\/www.africa-press.net\/cotedivoire\/wp-json\/wp\/v2\/categories?post=68756"},{"taxonomy":"post_tag","embeddable":true,"href":"https:\/\/www.africa-press.net\/cotedivoire\/wp-json\/wp\/v2\/tags?post=68756"}],"curies":[{"name":"wp","href":"https:\/\/api.w.org\/{rel}","templated":true}]}}