{"id":68836,"date":"2023-11-02T17:27:14","date_gmt":"2023-11-02T17:27:14","guid":{"rendered":"https:\/\/www.africa-press.net\/cotedivoire\/politique\/gervinho-temoigne-sa-reconnaissance-au-president-ouattara"},"modified":"2023-11-02T17:57:33","modified_gmt":"2023-11-02T17:57:33","slug":"gervinho-temoigne-sa-reconnaissance-au-president-ouattara","status":"publish","type":"post","link":"https:\/\/www.africa-press.net\/cotedivoire\/politique\/gervinho-temoigne-sa-reconnaissance-au-president-ouattara","title":{"rendered":"Gervinho t\u00e9moigne sa reconnaissance au pr\u00e9sident Ouattara"},"content":{"rendered":"<p><span style=\"color: #ff6600\"><strong>Africa-Press &#8211; C\u00f4te d&rsquo;Ivoire. <\/strong><\/span>Sans club apre\u0300s la rupture de contrat qui le liait au club grec Aris Salonique, Yao Kouassi Gervais dit Gervinho de\u0301sormais certain de ne pas e\u0302tre dans le groupe des e\u0301le\u0301phants pour la CAN 2023, semble se diriger vers la fin de carrie\u0300re.<\/p>\n<p>Mardi dernier, il a e\u0301te\u0301 rec\u0327u par le Pre\u0301sident de la Re\u0301publique, Alassane Ouattara a\u0300 son domicile de la Riviera-Cocody a\u0300 Abidjan. Le champion d\u2019Afrique 2015 a re\u0301ve\u0301le\u0301 l\u2019information.<\/p>\n<p>Gervinho dit e\u0302tre alle\u0301 te\u0301moigner au premier citoyen du pays toute sa reconnaissance.<\/p>\n<p>\u00ab J\u2019ai eu l\u2019honneur d\u2019e\u0302tre rec\u0327u par le pre\u0301sident de la Re\u0301publique pour lui te\u0301moigner toute ma reconnaissance pour s\u2019e\u0302tre tenu a\u0300 nos co\u0302te\u0301s quand j\u2019ai perdu mon pe\u0300re \u00bb, a-t-il indique\u0301, avant de poursuivre.<\/p>\n<p>\u00ab J&rsquo;ai donc profite\u0301 de cette opportunite\u0301 pour e\u0301changer avec le pre\u0301sident sur divers sujets. \u00bb<\/p>\n<p>Yao Kouassi Gervais apre\u0300s une carrie\u0300re de footballeur brillante songe de\u0301sormais a\u0300 sa reconversion et l\u2019avenir nous en dira plus.<\/p>\n<p><strong>Pour plus d&rsquo;informations et d&rsquo;analyses sur la <a href=\"https:\/\/www.africa-press.net\/cotedivoire\">C\u00f4te d&rsquo;Ivoire<\/a>, suivez <a href=\"https:\/\/www.africa-press.net\/\">Africa-Press<\/a><\/strong><\/p>\n","protected":false},"excerpt":{"rendered":"<p>Africa-Press &#8211; C\u00f4te d&rsquo;Ivoire. Sans club apre\u0300s la rupture de contrat qui le liait au club grec Aris Salonique, Yao Kouassi Gervais dit Gervinho de\u0301sormais certain de ne pas e\u0302tre dans le groupe des e\u0301le\u0301phants pour la CAN 2023, semble se diriger vers la fin de carrie\u0300re. Mardi dernier, il a e\u0301te\u0301 rec\u0327u par le [&hellip;]<\/p>\n","protected":false},"author":82,"featured_media":68834,"comment_status":"open","ping_status":"closed","sticky":false,"template":"","format":"standard","meta":{"footnotes":""},"categories":[2,10],"tags":[56,63,38,2113,29,526,2254,1201],"class_list":["post-68836","post","type-post","status-publish","format-standard","has-post-thumbnail","hentry","category-politique","category-toutes-les-actualites","tag-africa-press","tag-africa-press-cote-divoire","tag-alassane-ouattara","tag-can-2023","tag-cote-divoire","tag-elephants","tag-gervinho","tag-reconnaissance"],"yoast_head":"<!-- This site is optimized with the Yoast SEO Premium plugin v26.1 (Yoast SEO v27.0) - https:\/\/yoast.com\/product\/yoast-seo-premium-wordpress\/ -->\n<title>Gervinho t\u00e9moigne sa reconnaissance au pr\u00e9sident Ouattara - C\u00f4te d&#039;Ivoire<\/title>\n<meta name=\"description\" content=\"Sans club apre\u0300s la rupture de contrat qui le liait au club grec Aris Salonique, Yao Kouassi Gervais dit Gervinho de\u0301sor ...\" \/>\n<meta name=\"robots\" content=\"index, follow, max-snippet:-1, max-image-preview:large, max-video-preview:-1\" \/>\n<link rel=\"canonical\" href=\"https:\/\/www.africa-press.net\/cotedivoire\/politique\/gervinho-temoigne-sa-reconnaissance-au-president-ouattara\" \/>\n<meta property=\"og:locale\" content=\"fr_FR\" \/>\n<meta property=\"og:type\" content=\"article\" \/>\n<meta property=\"og:title\" content=\"Gervinho t\u00e9moigne sa reconnaissance au pr\u00e9sident Ouattara\" \/>\n<meta property=\"og:description\" content=\"Sans club apre\u0300s la rupture de contrat qui le liait au club grec Aris Salonique, Yao Kouassi Gervais dit Gervinho de\u0301sor ...\" \/>\n<meta property=\"og:url\" content=\"https:\/\/www.africa-press.net\/cotedivoire\/politique\/gervinho-temoigne-sa-reconnaissance-au-president-ouattara\" \/>\n<meta property=\"og:site_name\" content=\"C\u00f4te d&#039;Ivoire\" \/>\n<meta property=\"article:published_time\" content=\"2023-11-02T17:27:14+00:00\" \/>\n<meta property=\"article:modified_time\" content=\"2023-11-02T17:57:33+00:00\" \/>\n<meta property=\"og:image\" content=\"https:\/\/static.africa-press.net\/cote\/sites\/43\/2023\/11\/sm_1698935135.042825.jpg\" \/>\n\t<meta property=\"og:image:width\" content=\"720\" \/>\n\t<meta property=\"og:image:height\" content=\"480\" \/>\n\t<meta property=\"og:image:type\" content=\"image\/jpeg\" \/>\n<meta name=\"author\" content=\"cfeditorfr\" \/>\n<meta name=\"twitter:card\" content=\"summary_large_image\" \/>\n<meta name=\"twitter:label1\" content=\"\u00c9crit par\" \/>\n\t<meta name=\"twitter:data1\" content=\"cfeditorfr\" \/>\n\t<meta name=\"twitter:label2\" content=\"Dur\u00e9e de lecture estim\u00e9e\" \/>\n\t<meta name=\"twitter:data2\" content=\"1 minute\" \/>\n<script type=\"application\/ld+json\" class=\"yoast-schema-graph\">{\"@context\":\"https:\/\/schema.org\",\"@graph\":[{\"@type\":\"Article\",\"@id\":\"https:\/\/www.africa-press.net\/cotedivoire\/politique\/gervinho-temoigne-sa-reconnaissance-au-president-ouattara#article\",\"isPartOf\":{\"@id\":\"https:\/\/www.africa-press.net\/cotedivoire\/politique\/gervinho-temoigne-sa-reconnaissance-au-president-ouattara\"},\"author\":{\"name\":\"cfeditorfr\",\"@id\":\"https:\/\/www.africa-press.net\/cotedivoire\/#\/schema\/person\/2b1cf3cd81a31e3cd26889ca66d677f1\"},\"headline\":\"Gervinho t\u00e9moigne sa reconnaissance au pr\u00e9sident Ouattara\",\"datePublished\":\"2023-11-02T17:27:14+00:00\",\"dateModified\":\"2023-11-02T17:57:33+00:00\",\"mainEntityOfPage\":{\"@id\":\"https:\/\/www.africa-press.net\/cotedivoire\/politique\/gervinho-temoigne-sa-reconnaissance-au-president-ouattara\"},\"wordCount\":217,\"commentCount\":0,\"image\":{\"@id\":\"https:\/\/www.africa-press.net\/cotedivoire\/politique\/gervinho-temoigne-sa-reconnaissance-au-president-ouattara#primaryimage\"},\"thumbnailUrl\":\"https:\/\/static.africa-press.net\/cote\/sites\/43\/2023\/11\/sm_1698935135.042825.jpg\",\"keywords\":[\"Africa Press\",\"Africa Press-C\u00f4te d'Ivoire\",\"Alassane Ouattara\",\"CAN 2023\",\"C\u00d4TE D'IVOIRE\",\"\u00e9l\u00e9phants\",\"Gervinho\",\"reconnaissance\"],\"articleSection\":[\"Politique\",\"Toutes les actualit\u00e9s\"],\"inLanguage\":\"fr-FR\",\"potentialAction\":[{\"@type\":\"CommentAction\",\"name\":\"Comment\",\"target\":[\"https:\/\/www.africa-press.net\/cotedivoire\/politique\/gervinho-temoigne-sa-reconnaissance-au-president-ouattara#respond\"]}]},{\"@type\":\"WebPage\",\"@id\":\"https:\/\/www.africa-press.net\/cotedivoire\/politique\/gervinho-temoigne-sa-reconnaissance-au-president-ouattara\",\"url\":\"https:\/\/www.africa-press.net\/cotedivoire\/politique\/gervinho-temoigne-sa-reconnaissance-au-president-ouattara\",\"name\":\"Gervinho t\u00e9moigne sa reconnaissance au pr\u00e9sident Ouattara - C\u00f4te d&#039;Ivoire\",\"isPartOf\":{\"@id\":\"https:\/\/www.africa-press.net\/cotedivoire\/#website\"},\"primaryImageOfPage\":{\"@id\":\"https:\/\/www.africa-press.net\/cotedivoire\/politique\/gervinho-temoigne-sa-reconnaissance-au-president-ouattara#primaryimage\"},\"image\":{\"@id\":\"https:\/\/www.africa-press.net\/cotedivoire\/politique\/gervinho-temoigne-sa-reconnaissance-au-president-ouattara#primaryimage\"},\"thumbnailUrl\":\"https:\/\/static.africa-press.net\/cote\/sites\/43\/2023\/11\/sm_1698935135.042825.jpg\",\"datePublished\":\"2023-11-02T17:27:14+00:00\",\"dateModified\":\"2023-11-02T17:57:33+00:00\",\"author\":{\"@id\":\"https:\/\/www.africa-press.net\/cotedivoire\/#\/schema\/person\/2b1cf3cd81a31e3cd26889ca66d677f1\"},\"description\":\"Sans club apre\u0300s la rupture de contrat qui le liait au club grec Aris Salonique, Yao Kouassi Gervais dit Gervinho de\u0301sor ...\",\"breadcrumb\":{\"@id\":\"https:\/\/www.africa-press.net\/cotedivoire\/politique\/gervinho-temoigne-sa-reconnaissance-au-president-ouattara#breadcrumb\"},\"inLanguage\":\"fr-FR\",\"potentialAction\":[{\"@type\":\"ReadAction\",\"target\":[\"https:\/\/www.africa-press.net\/cotedivoire\/politique\/gervinho-temoigne-sa-reconnaissance-au-president-ouattara\"]}]},{\"@type\":\"ImageObject\",\"inLanguage\":\"fr-FR\",\"@id\":\"https:\/\/www.africa-press.net\/cotedivoire\/politique\/gervinho-temoigne-sa-reconnaissance-au-president-ouattara#primaryimage\",\"url\":\"https:\/\/static.africa-press.net\/cote\/sites\/43\/2023\/11\/sm_1698935135.042825.jpg\",\"contentUrl\":\"https:\/\/static.africa-press.net\/cote\/sites\/43\/2023\/11\/sm_1698935135.042825.jpg\",\"width\":720,\"height\":480,\"caption\":\"Gervinho t\u00e9moigne sa reconnaissance au pr\u00e9sident Ouattara\"},{\"@type\":\"BreadcrumbList\",\"@id\":\"https:\/\/www.africa-press.net\/cotedivoire\/politique\/gervinho-temoigne-sa-reconnaissance-au-president-ouattara#breadcrumb\",\"itemListElement\":[{\"@type\":\"ListItem\",\"position\":1,\"name\":\"Accueil\",\"item\":\"https:\/\/www.africa-press.net\/cotedivoire\/\"},{\"@type\":\"ListItem\",\"position\":2,\"name\":\"Gervinho t\u00e9moigne sa reconnaissance au pr\u00e9sident Ouattara\"}]},{\"@type\":\"WebSite\",\"@id\":\"https:\/\/www.africa-press.net\/cotedivoire\/#website\",\"url\":\"https:\/\/www.africa-press.net\/cotedivoire\/\",\"name\":\"C\u00f4te d&#039;Ivoire\",\"description\":\"Just another Africa News Agency Sites site\",\"potentialAction\":[{\"@type\":\"SearchAction\",\"target\":{\"@type\":\"EntryPoint\",\"urlTemplate\":\"https:\/\/www.africa-press.net\/cotedivoire\/?s={search_term_string}\"},\"query-input\":{\"@type\":\"PropertyValueSpecification\",\"valueRequired\":true,\"valueName\":\"search_term_string\"}}],\"inLanguage\":\"fr-FR\"},{\"@type\":\"Person\",\"@id\":\"https:\/\/www.africa-press.net\/cotedivoire\/#\/schema\/person\/2b1cf3cd81a31e3cd26889ca66d677f1\",\"name\":\"cfeditorfr\"}]}<\/script>\n<!-- \/ Yoast SEO Premium plugin. -->","yoast_head_json":{"title":"Gervinho t\u00e9moigne sa reconnaissance au pr\u00e9sident Ouattara - C\u00f4te d&#039;Ivoire","description":"Sans club apre\u0300s la rupture de contrat qui le liait au club grec Aris Salonique, Yao Kouassi Gervais dit Gervinho de\u0301sor ...","robots":{"index":"index","follow":"follow","max-snippet":"max-snippet:-1","max-image-preview":"max-image-preview:large","max-video-preview":"max-video-preview:-1"},"canonical":"https:\/\/www.africa-press.net\/cotedivoire\/politique\/gervinho-temoigne-sa-reconnaissance-au-president-ouattara","og_locale":"fr_FR","og_type":"article","og_title":"Gervinho t\u00e9moigne sa reconnaissance au pr\u00e9sident Ouattara","og_description":"Sans club apre\u0300s la rupture de contrat qui le liait au club grec Aris Salonique, Yao Kouassi Gervais dit Gervinho de\u0301sor ...","og_url":"https:\/\/www.africa-press.net\/cotedivoire\/politique\/gervinho-temoigne-sa-reconnaissance-au-president-ouattara","og_site_name":"C\u00f4te d&#039;Ivoire","article_published_time":"2023-11-02T17:27:14+00:00","article_modified_time":"2023-11-02T17:57:33+00:00","og_image":[{"width":720,"height":480,"url":"https:\/\/static.africa-press.net\/cote\/sites\/43\/2023\/11\/sm_1698935135.042825.jpg","type":"image\/jpeg"}],"author":"cfeditorfr","twitter_card":"summary_large_image","twitter_misc":{"\u00c9crit par":"cfeditorfr","Dur\u00e9e de lecture estim\u00e9e":"1 minute"},"schema":{"@context":"https:\/\/schema.org","@graph":[{"@type":"Article","@id":"https:\/\/www.africa-press.net\/cotedivoire\/politique\/gervinho-temoigne-sa-reconnaissance-au-president-ouattara#article","isPartOf":{"@id":"https:\/\/www.africa-press.net\/cotedivoire\/politique\/gervinho-temoigne-sa-reconnaissance-au-president-ouattara"},"author":{"name":"cfeditorfr","@id":"https:\/\/www.africa-press.net\/cotedivoire\/#\/schema\/person\/2b1cf3cd81a31e3cd26889ca66d677f1"},"headline":"Gervinho t\u00e9moigne sa reconnaissance au pr\u00e9sident Ouattara","datePublished":"2023-11-02T17:27:14+00:00","dateModified":"2023-11-02T17:57:33+00:00","mainEntityOfPage":{"@id":"https:\/\/www.africa-press.net\/cotedivoire\/politique\/gervinho-temoigne-sa-reconnaissance-au-president-ouattara"},"wordCount":217,"commentCount":0,"image":{"@id":"https:\/\/www.africa-press.net\/cotedivoire\/politique\/gervinho-temoigne-sa-reconnaissance-au-president-ouattara#primaryimage"},"thumbnailUrl":"https:\/\/static.africa-press.net\/cote\/sites\/43\/2023\/11\/sm_1698935135.042825.jpg","keywords":["Africa Press","Africa Press-C\u00f4te d'Ivoire","Alassane Ouattara","CAN 2023","C\u00d4TE D'IVOIRE","\u00e9l\u00e9phants","Gervinho","reconnaissance"],"articleSection":["Politique","Toutes les actualit\u00e9s"],"inLanguage":"fr-FR","potentialAction":[{"@type":"CommentAction","name":"Comment","target":["https:\/\/www.africa-press.net\/cotedivoire\/politique\/gervinho-temoigne-sa-reconnaissance-au-president-ouattara#respond"]}]},{"@type":"WebPage","@id":"https:\/\/www.africa-press.net\/cotedivoire\/politique\/gervinho-temoigne-sa-reconnaissance-au-president-ouattara","url":"https:\/\/www.africa-press.net\/cotedivoire\/politique\/gervinho-temoigne-sa-reconnaissance-au-president-ouattara","name":"Gervinho t\u00e9moigne sa reconnaissance au pr\u00e9sident Ouattara - C\u00f4te d&#039;Ivoire","isPartOf":{"@id":"https:\/\/www.africa-press.net\/cotedivoire\/#website"},"primaryImageOfPage":{"@id":"https:\/\/www.africa-press.net\/cotedivoire\/politique\/gervinho-temoigne-sa-reconnaissance-au-president-ouattara#primaryimage"},"image":{"@id":"https:\/\/www.africa-press.net\/cotedivoire\/politique\/gervinho-temoigne-sa-reconnaissance-au-president-ouattara#primaryimage"},"thumbnailUrl":"https:\/\/static.africa-press.net\/cote\/sites\/43\/2023\/11\/sm_1698935135.042825.jpg","datePublished":"2023-11-02T17:27:14+00:00","dateModified":"2023-11-02T17:57:33+00:00","author":{"@id":"https:\/\/www.africa-press.net\/cotedivoire\/#\/schema\/person\/2b1cf3cd81a31e3cd26889ca66d677f1"},"description":"Sans club apre\u0300s la rupture de contrat qui le liait au club grec Aris Salonique, Yao Kouassi Gervais dit Gervinho de\u0301sor ...","breadcrumb":{"@id":"https:\/\/www.africa-press.net\/cotedivoire\/politique\/gervinho-temoigne-sa-reconnaissance-au-president-ouattara#breadcrumb"},"inLanguage":"fr-FR","potentialAction":[{"@type":"ReadAction","target":["https:\/\/www.africa-press.net\/cotedivoire\/politique\/gervinho-temoigne-sa-reconnaissance-au-president-ouattara"]}]},{"@type":"ImageObject","inLanguage":"fr-FR","@id":"https:\/\/www.africa-press.net\/cotedivoire\/politique\/gervinho-temoigne-sa-reconnaissance-au-president-ouattara#primaryimage","url":"https:\/\/static.africa-press.net\/cote\/sites\/43\/2023\/11\/sm_1698935135.042825.jpg","contentUrl":"https:\/\/static.africa-press.net\/cote\/sites\/43\/2023\/11\/sm_1698935135.042825.jpg","width":720,"height":480,"caption":"Gervinho t\u00e9moigne sa reconnaissance au pr\u00e9sident Ouattara"},{"@type":"BreadcrumbList","@id":"https:\/\/www.africa-press.net\/cotedivoire\/politique\/gervinho-temoigne-sa-reconnaissance-au-president-ouattara#breadcrumb","itemListElement":[{"@type":"ListItem","position":1,"name":"Accueil","item":"https:\/\/www.africa-press.net\/cotedivoire\/"},{"@type":"ListItem","position":2,"name":"Gervinho t\u00e9moigne sa reconnaissance au pr\u00e9sident Ouattara"}]},{"@type":"WebSite","@id":"https:\/\/www.africa-press.net\/cotedivoire\/#website","url":"https:\/\/www.africa-press.net\/cotedivoire\/","name":"C\u00f4te d&#039;Ivoire","description":"Just another Africa News Agency Sites site","potentialAction":[{"@type":"SearchAction","target":{"@type":"EntryPoint","urlTemplate":"https:\/\/www.africa-press.net\/cotedivoire\/?s={search_term_string}"},"query-input":{"@type":"PropertyValueSpecification","valueRequired":true,"valueName":"search_term_string"}}],"inLanguage":"fr-FR"},{"@type":"Person","@id":"https:\/\/www.africa-press.net\/cotedivoire\/#\/schema\/person\/2b1cf3cd81a31e3cd26889ca66d677f1","name":"cfeditorfr"}]}},"_links":{"self":[{"href":"https:\/\/www.africa-press.net\/cotedivoire\/wp-json\/wp\/v2\/posts\/68836","targetHints":{"allow":["GET"]}}],"collection":[{"href":"https:\/\/www.africa-press.net\/cotedivoire\/wp-json\/wp\/v2\/posts"}],"about":[{"href":"https:\/\/www.africa-press.net\/cotedivoire\/wp-json\/wp\/v2\/types\/post"}],"author":[{"embeddable":true,"href":"https:\/\/www.africa-press.net\/cotedivoire\/wp-json\/wp\/v2\/users\/82"}],"replies":[{"embeddable":true,"href":"https:\/\/www.africa-press.net\/cotedivoire\/wp-json\/wp\/v2\/comments?post=68836"}],"version-history":[{"count":0,"href":"https:\/\/www.africa-press.net\/cotedivoire\/wp-json\/wp\/v2\/posts\/68836\/revisions"}],"wp:featuredmedia":[{"embeddable":true,"href":"https:\/\/www.africa-press.net\/cotedivoire\/wp-json\/wp\/v2\/media\/68834"}],"wp:attachment":[{"href":"https:\/\/www.africa-press.net\/cotedivoire\/wp-json\/wp\/v2\/media?parent=68836"}],"wp:term":[{"taxonomy":"category","embeddable":true,"href":"https:\/\/www.africa-press.net\/cotedivoire\/wp-json\/wp\/v2\/categories?post=68836"},{"taxonomy":"post_tag","embeddable":true,"href":"https:\/\/www.africa-press.net\/cotedivoire\/wp-json\/wp\/v2\/tags?post=68836"}],"curies":[{"name":"wp","href":"https:\/\/api.w.org\/{rel}","templated":true}]}}