{"id":68946,"date":"2023-11-04T16:48:37","date_gmt":"2023-11-04T16:48:37","guid":{"rendered":"https:\/\/www.africa-press.net\/cotedivoire\/politique\/cour-dappel-dabidjan-dembele-tahirou-dresse-le-bilan-de-lannee-judiciaire-2022-2023-et-se-rejouit-du-rendement-qui-a-evolue-de-18"},"modified":"2023-11-04T17:16:01","modified_gmt":"2023-11-04T17:16:01","slug":"cour-dappel-dabidjan-dembele-tahirou-dresse-le-bilan-de-lannee-judiciaire-2022-2023-et-se-rejouit-du-rendement-qui-a-evolue-de-18","status":"publish","type":"post","link":"https:\/\/www.africa-press.net\/cotedivoire\/politique\/cour-dappel-dabidjan-dembele-tahirou-dresse-le-bilan-de-lannee-judiciaire-2022-2023-et-se-rejouit-du-rendement-qui-a-evolue-de-18","title":{"rendered":"Cour d&rsquo;Appel d&rsquo;Abidjan, Demb\u00e9l\u00e9 Tahirou dresse le bilan de l&rsquo;ann\u00e9e judiciaire 2022-2023 et se r\u00e9jouit du rendement qui a \u00e9volu\u00e9 de 18%"},"content":{"rendered":"<p><span style=\"color: #ff6600\"><strong>Africa-Press &#8211; C\u00f4te d&rsquo;Ivoire. <\/strong><\/span>Premier pre\u0301sident de la Cour d&rsquo;Appel d&rsquo;Abidjan, Dembe\u0301le\u0301 Tahirou, lors de la ce\u0301re\u0301monie solennelle de rentre\u0301e judiciaire 2023-2024 qui s&rsquo;est tenue, ce vendredi 3 novembre au Palais de Justice du Plateau, a partage\u0301 avec l&rsquo;assistance, le bilan des activite\u0301s de cette Cour, au titre de l&rsquo;anne\u0301e 2022-2023.<\/p>\n<p>Il a indique\u0301 qu&rsquo;au cours de l&rsquo;anne\u0301e judiciaire e\u0301coule\u0301e, la Cour d&rsquo;Appel d&rsquo;Abidjan a rendu 4645 de\u0301cisions toutes matie\u0300res confondues. Ces chiffres selon Dembe\u0301le\u0301 Tahirou se re\u0301partissent comme suit: \u00a0\u00bb 1224 de\u0301cisions en matie\u0300re civile, 1135 arre\u0302ts en matie\u0300re sociale, 1426 arre\u0302ts en matie\u0300re correctionnelle et 448 de\u0301cisions en matie\u0300re d&rsquo;instruction\u00a0\u00bb. Ces statistiques selon le juge, sont en nette progression avec un surplus de 710 de\u0301cisions par rapport aux re\u0301sultats de l&rsquo;anne\u0301e pre\u0301ce\u0301dente, soit 18,04% de taux de taux de croissance en termes de rendements.<\/p>\n<p>Pour le premier pre\u0301sident de la Cour d&rsquo;Appel d&rsquo;Abidjan, ces chiffres re\u0301ve\u0300lent incontestablement, une activite\u0301 dense et soutenue qui a su faire face a\u0300 l&rsquo;ensemble de ses missions en de\u0301pit des conditions de travail pas toujours aise\u0301es.<\/p>\n<p>\u00ab\u00a0Ces re\u0301sultats globalement satisfaisants, re\u0301sultent d&rsquo;un travail d&rsquo;e\u0301quipe qui met a\u0300 l&rsquo;e\u0301vidence les performances de la juridiction. C&rsquo;est pourquoi je trouve a\u0300 propos de fe\u0301liciter publiquement tous mes collaborateurs, magistrats, greffiers, personnel interministe\u0301riel et administratif pour le travail abattu et les de\u0301fis qui ont pu e\u0302tre releve\u0301s\u00a0\u00bb, s&rsquo;est-il re\u0301joui.<\/p>\n<p>Dembe\u0301le\u0301 Tahirou s&rsquo;est en outre dit satisfait des nouveaux me\u0301canismes plus ade\u0301quats qui ont e\u0301te\u0301 mis en \u0153uvre au cours de cette anne\u0301e e\u0301coule\u0301e et qui ont eu le me\u0301rite de produire des effets positifs tre\u0300s sensibles sur la dure\u0301e des proce\u0300s. Toute chose qui e\u0301tait le principal objectif choisi et de\u0301fini dans l&rsquo;inte\u0301re\u0302t du justiciable.<\/p>\n<p>\u00ab\u00a0Au regard des progre\u0300s significatifs, nous comptons perse\u0301ve\u0301rer dans cette me\u0301thode de travail qui pourrait au fur et a\u0300 mesure modifier les mentalite\u0301s et par voie de conse\u0301quence, faire mieux appre\u0301cier l&rsquo;action de la justice \u00ab\u00a0, a-t-il annonce\u0301.<\/p>\n<p>Wassimagnon<\/p>\n<p><strong>Pour plus d&rsquo;informations et d&rsquo;analyses sur la <a href=\"https:\/\/www.africa-press.net\/cotedivoire\">C\u00f4te d&rsquo;Ivoire<\/a>, suivez <a href=\"https:\/\/www.africa-press.net\/\">Africa-Press<\/a><\/strong><\/p>\n","protected":false},"excerpt":{"rendered":"<p>Africa-Press &#8211; C\u00f4te d&rsquo;Ivoire. Premier pre\u0301sident de la Cour d&rsquo;Appel d&rsquo;Abidjan, Dembe\u0301le\u0301 Tahirou, lors de la ce\u0301re\u0301monie solennelle de rentre\u0301e judiciaire 2023-2024 qui s&rsquo;est tenue, ce vendredi 3 novembre au Palais de Justice du Plateau, a partage\u0301 avec l&rsquo;assistance, le bilan des activite\u0301s de cette Cour, au titre de l&rsquo;anne\u0301e 2022-2023. Il a indique\u0301 qu&rsquo;au [&hellip;]<\/p>\n","protected":false},"author":82,"featured_media":68945,"comment_status":"open","ping_status":"closed","sticky":false,"template":"","format":"standard","meta":{"footnotes":""},"categories":[2,10],"tags":[56,63,29,3215,9081],"class_list":["post-68946","post","type-post","status-publish","format-standard","has-post-thumbnail","hentry","category-politique","category-toutes-les-actualites","tag-africa-press","tag-africa-press-cote-divoire","tag-cote-divoire","tag-cour-dappel","tag-dembele-tahirou"],"yoast_head":"<!-- This site is optimized with the Yoast SEO Premium plugin v26.1 (Yoast SEO v27.0) - https:\/\/yoast.com\/product\/yoast-seo-premium-wordpress\/ -->\n<title>Cour d&#039;Appel d&#039;Abidjan, Demb\u00e9l\u00e9 Tahirou dresse le bilan de l&#039;ann\u00e9e judiciaire 2022-2023 et se r\u00e9jouit du rendement qui a \u00e9volu\u00e9 de 18% - C\u00f4te d&#039;Ivoire<\/title>\n<meta name=\"description\" content=\"Premier pre\u0301sident de la Cour d&#039;Appel d&#039;Abidjan, Dembe\u0301le\u0301 Tahirou, lors de la ce\u0301re\u0301monie solennelle de rentre\u0301e judici ...\" \/>\n<meta name=\"robots\" content=\"index, follow, max-snippet:-1, max-image-preview:large, max-video-preview:-1\" \/>\n<link rel=\"canonical\" href=\"https:\/\/www.africa-press.net\/cotedivoire\/politique\/cour-dappel-dabidjan-dembele-tahirou-dresse-le-bilan-de-lannee-judiciaire-2022-2023-et-se-rejouit-du-rendement-qui-a-evolue-de-18\" \/>\n<meta property=\"og:locale\" content=\"fr_FR\" \/>\n<meta property=\"og:type\" content=\"article\" \/>\n<meta property=\"og:title\" content=\"Cour d&#039;Appel d&#039;Abidjan, Demb\u00e9l\u00e9 Tahirou dresse le bilan de l&#039;ann\u00e9e judiciaire 2022-2023 et se r\u00e9jouit du rendement qui a \u00e9volu\u00e9 de 18%\" \/>\n<meta property=\"og:description\" content=\"Premier pre\u0301sident de la Cour d&#039;Appel d&#039;Abidjan, Dembe\u0301le\u0301 Tahirou, lors de la ce\u0301re\u0301monie solennelle de rentre\u0301e judici ...\" \/>\n<meta property=\"og:url\" content=\"https:\/\/www.africa-press.net\/cotedivoire\/politique\/cour-dappel-dabidjan-dembele-tahirou-dresse-le-bilan-de-lannee-judiciaire-2022-2023-et-se-rejouit-du-rendement-qui-a-evolue-de-18\" \/>\n<meta property=\"og:site_name\" content=\"C\u00f4te d&#039;Ivoire\" \/>\n<meta property=\"article:published_time\" content=\"2023-11-04T16:48:37+00:00\" \/>\n<meta property=\"article:modified_time\" content=\"2023-11-04T17:16:01+00:00\" \/>\n<meta property=\"og:image\" content=\"https:\/\/static.africa-press.net\/cote\/sites\/43\/2023\/11\/sm_1699105514.844555.jpg\" \/>\n\t<meta property=\"og:image:width\" content=\"720\" \/>\n\t<meta property=\"og:image:height\" content=\"316\" \/>\n\t<meta property=\"og:image:type\" content=\"image\/jpeg\" \/>\n<meta name=\"author\" content=\"cfeditorfr\" \/>\n<meta name=\"twitter:card\" content=\"summary_large_image\" \/>\n<meta name=\"twitter:label1\" content=\"\u00c9crit par\" \/>\n\t<meta name=\"twitter:data1\" content=\"cfeditorfr\" \/>\n\t<meta name=\"twitter:label2\" content=\"Dur\u00e9e de lecture estim\u00e9e\" \/>\n\t<meta name=\"twitter:data2\" content=\"2 minutes\" \/>\n<script type=\"application\/ld+json\" class=\"yoast-schema-graph\">{\"@context\":\"https:\/\/schema.org\",\"@graph\":[{\"@type\":\"Article\",\"@id\":\"https:\/\/www.africa-press.net\/cotedivoire\/politique\/cour-dappel-dabidjan-dembele-tahirou-dresse-le-bilan-de-lannee-judiciaire-2022-2023-et-se-rejouit-du-rendement-qui-a-evolue-de-18#article\",\"isPartOf\":{\"@id\":\"https:\/\/www.africa-press.net\/cotedivoire\/politique\/cour-dappel-dabidjan-dembele-tahirou-dresse-le-bilan-de-lannee-judiciaire-2022-2023-et-se-rejouit-du-rendement-qui-a-evolue-de-18\"},\"author\":{\"name\":\"cfeditorfr\",\"@id\":\"https:\/\/www.africa-press.net\/cotedivoire\/#\/schema\/person\/2b1cf3cd81a31e3cd26889ca66d677f1\"},\"headline\":\"Cour d&rsquo;Appel d&rsquo;Abidjan, Demb\u00e9l\u00e9 Tahirou dresse le bilan de l&rsquo;ann\u00e9e judiciaire 2022-2023 et se r\u00e9jouit du rendement qui a \u00e9volu\u00e9 de 18%\",\"datePublished\":\"2023-11-04T16:48:37+00:00\",\"dateModified\":\"2023-11-04T17:16:01+00:00\",\"mainEntityOfPage\":{\"@id\":\"https:\/\/www.africa-press.net\/cotedivoire\/politique\/cour-dappel-dabidjan-dembele-tahirou-dresse-le-bilan-de-lannee-judiciaire-2022-2023-et-se-rejouit-du-rendement-qui-a-evolue-de-18\"},\"wordCount\":437,\"commentCount\":0,\"image\":{\"@id\":\"https:\/\/www.africa-press.net\/cotedivoire\/politique\/cour-dappel-dabidjan-dembele-tahirou-dresse-le-bilan-de-lannee-judiciaire-2022-2023-et-se-rejouit-du-rendement-qui-a-evolue-de-18#primaryimage\"},\"thumbnailUrl\":\"https:\/\/static.africa-press.net\/cote\/sites\/43\/2023\/11\/sm_1699105514.844555.jpg\",\"keywords\":[\"Africa Press\",\"Africa Press-C\u00f4te d'Ivoire\",\"C\u00d4TE D'IVOIRE\",\"cour d'appel\",\"Demb\u00e9l\u00e9 Tahirou\"],\"articleSection\":[\"Politique\",\"Toutes les actualit\u00e9s\"],\"inLanguage\":\"fr-FR\",\"potentialAction\":[{\"@type\":\"CommentAction\",\"name\":\"Comment\",\"target\":[\"https:\/\/www.africa-press.net\/cotedivoire\/politique\/cour-dappel-dabidjan-dembele-tahirou-dresse-le-bilan-de-lannee-judiciaire-2022-2023-et-se-rejouit-du-rendement-qui-a-evolue-de-18#respond\"]}]},{\"@type\":\"WebPage\",\"@id\":\"https:\/\/www.africa-press.net\/cotedivoire\/politique\/cour-dappel-dabidjan-dembele-tahirou-dresse-le-bilan-de-lannee-judiciaire-2022-2023-et-se-rejouit-du-rendement-qui-a-evolue-de-18\",\"url\":\"https:\/\/www.africa-press.net\/cotedivoire\/politique\/cour-dappel-dabidjan-dembele-tahirou-dresse-le-bilan-de-lannee-judiciaire-2022-2023-et-se-rejouit-du-rendement-qui-a-evolue-de-18\",\"name\":\"Cour d'Appel d'Abidjan, Demb\u00e9l\u00e9 Tahirou dresse le bilan de l'ann\u00e9e judiciaire 2022-2023 et se r\u00e9jouit du rendement qui a \u00e9volu\u00e9 de 18% - C\u00f4te d&#039;Ivoire\",\"isPartOf\":{\"@id\":\"https:\/\/www.africa-press.net\/cotedivoire\/#website\"},\"primaryImageOfPage\":{\"@id\":\"https:\/\/www.africa-press.net\/cotedivoire\/politique\/cour-dappel-dabidjan-dembele-tahirou-dresse-le-bilan-de-lannee-judiciaire-2022-2023-et-se-rejouit-du-rendement-qui-a-evolue-de-18#primaryimage\"},\"image\":{\"@id\":\"https:\/\/www.africa-press.net\/cotedivoire\/politique\/cour-dappel-dabidjan-dembele-tahirou-dresse-le-bilan-de-lannee-judiciaire-2022-2023-et-se-rejouit-du-rendement-qui-a-evolue-de-18#primaryimage\"},\"thumbnailUrl\":\"https:\/\/static.africa-press.net\/cote\/sites\/43\/2023\/11\/sm_1699105514.844555.jpg\",\"datePublished\":\"2023-11-04T16:48:37+00:00\",\"dateModified\":\"2023-11-04T17:16:01+00:00\",\"author\":{\"@id\":\"https:\/\/www.africa-press.net\/cotedivoire\/#\/schema\/person\/2b1cf3cd81a31e3cd26889ca66d677f1\"},\"description\":\"Premier pre\u0301sident de la Cour d'Appel d'Abidjan, Dembe\u0301le\u0301 Tahirou, lors de la ce\u0301re\u0301monie solennelle de rentre\u0301e judici ...\",\"breadcrumb\":{\"@id\":\"https:\/\/www.africa-press.net\/cotedivoire\/politique\/cour-dappel-dabidjan-dembele-tahirou-dresse-le-bilan-de-lannee-judiciaire-2022-2023-et-se-rejouit-du-rendement-qui-a-evolue-de-18#breadcrumb\"},\"inLanguage\":\"fr-FR\",\"potentialAction\":[{\"@type\":\"ReadAction\",\"target\":[\"https:\/\/www.africa-press.net\/cotedivoire\/politique\/cour-dappel-dabidjan-dembele-tahirou-dresse-le-bilan-de-lannee-judiciaire-2022-2023-et-se-rejouit-du-rendement-qui-a-evolue-de-18\"]}]},{\"@type\":\"ImageObject\",\"inLanguage\":\"fr-FR\",\"@id\":\"https:\/\/www.africa-press.net\/cotedivoire\/politique\/cour-dappel-dabidjan-dembele-tahirou-dresse-le-bilan-de-lannee-judiciaire-2022-2023-et-se-rejouit-du-rendement-qui-a-evolue-de-18#primaryimage\",\"url\":\"https:\/\/static.africa-press.net\/cote\/sites\/43\/2023\/11\/sm_1699105514.844555.jpg\",\"contentUrl\":\"https:\/\/static.africa-press.net\/cote\/sites\/43\/2023\/11\/sm_1699105514.844555.jpg\",\"width\":720,\"height\":316,\"caption\":\"Cour d'Appel d'Abidjan, Demb\u00e9l\u00e9 Tahirou dresse le bilan de l'ann\u00e9e judiciaire 2022-2023 et se r\u00e9jouit du rendement qui a \u00e9volu\u00e9 de 18%\"},{\"@type\":\"BreadcrumbList\",\"@id\":\"https:\/\/www.africa-press.net\/cotedivoire\/politique\/cour-dappel-dabidjan-dembele-tahirou-dresse-le-bilan-de-lannee-judiciaire-2022-2023-et-se-rejouit-du-rendement-qui-a-evolue-de-18#breadcrumb\",\"itemListElement\":[{\"@type\":\"ListItem\",\"position\":1,\"name\":\"Accueil\",\"item\":\"https:\/\/www.africa-press.net\/cotedivoire\/\"},{\"@type\":\"ListItem\",\"position\":2,\"name\":\"Cour d&#8217;Appel d&#8217;Abidjan, Demb\u00e9l\u00e9 Tahirou dresse le bilan de l&#8217;ann\u00e9e judiciaire 2022-2023 et se r\u00e9jouit du rendement qui a \u00e9volu\u00e9 de 18%\"}]},{\"@type\":\"WebSite\",\"@id\":\"https:\/\/www.africa-press.net\/cotedivoire\/#website\",\"url\":\"https:\/\/www.africa-press.net\/cotedivoire\/\",\"name\":\"C\u00f4te d&#039;Ivoire\",\"description\":\"Just another Africa News Agency Sites site\",\"potentialAction\":[{\"@type\":\"SearchAction\",\"target\":{\"@type\":\"EntryPoint\",\"urlTemplate\":\"https:\/\/www.africa-press.net\/cotedivoire\/?s={search_term_string}\"},\"query-input\":{\"@type\":\"PropertyValueSpecification\",\"valueRequired\":true,\"valueName\":\"search_term_string\"}}],\"inLanguage\":\"fr-FR\"},{\"@type\":\"Person\",\"@id\":\"https:\/\/www.africa-press.net\/cotedivoire\/#\/schema\/person\/2b1cf3cd81a31e3cd26889ca66d677f1\",\"name\":\"cfeditorfr\"}]}<\/script>\n<!-- \/ Yoast SEO Premium plugin. -->","yoast_head_json":{"title":"Cour d'Appel d'Abidjan, Demb\u00e9l\u00e9 Tahirou dresse le bilan de l'ann\u00e9e judiciaire 2022-2023 et se r\u00e9jouit du rendement qui a \u00e9volu\u00e9 de 18% - C\u00f4te d&#039;Ivoire","description":"Premier pre\u0301sident de la Cour d'Appel d'Abidjan, Dembe\u0301le\u0301 Tahirou, lors de la ce\u0301re\u0301monie solennelle de rentre\u0301e judici ...","robots":{"index":"index","follow":"follow","max-snippet":"max-snippet:-1","max-image-preview":"max-image-preview:large","max-video-preview":"max-video-preview:-1"},"canonical":"https:\/\/www.africa-press.net\/cotedivoire\/politique\/cour-dappel-dabidjan-dembele-tahirou-dresse-le-bilan-de-lannee-judiciaire-2022-2023-et-se-rejouit-du-rendement-qui-a-evolue-de-18","og_locale":"fr_FR","og_type":"article","og_title":"Cour d'Appel d'Abidjan, Demb\u00e9l\u00e9 Tahirou dresse le bilan de l'ann\u00e9e judiciaire 2022-2023 et se r\u00e9jouit du rendement qui a \u00e9volu\u00e9 de 18%","og_description":"Premier pre\u0301sident de la Cour d'Appel d'Abidjan, Dembe\u0301le\u0301 Tahirou, lors de la ce\u0301re\u0301monie solennelle de rentre\u0301e judici ...","og_url":"https:\/\/www.africa-press.net\/cotedivoire\/politique\/cour-dappel-dabidjan-dembele-tahirou-dresse-le-bilan-de-lannee-judiciaire-2022-2023-et-se-rejouit-du-rendement-qui-a-evolue-de-18","og_site_name":"C\u00f4te d&#039;Ivoire","article_published_time":"2023-11-04T16:48:37+00:00","article_modified_time":"2023-11-04T17:16:01+00:00","og_image":[{"width":720,"height":316,"url":"https:\/\/static.africa-press.net\/cote\/sites\/43\/2023\/11\/sm_1699105514.844555.jpg","type":"image\/jpeg"}],"author":"cfeditorfr","twitter_card":"summary_large_image","twitter_misc":{"\u00c9crit par":"cfeditorfr","Dur\u00e9e de lecture estim\u00e9e":"2 minutes"},"schema":{"@context":"https:\/\/schema.org","@graph":[{"@type":"Article","@id":"https:\/\/www.africa-press.net\/cotedivoire\/politique\/cour-dappel-dabidjan-dembele-tahirou-dresse-le-bilan-de-lannee-judiciaire-2022-2023-et-se-rejouit-du-rendement-qui-a-evolue-de-18#article","isPartOf":{"@id":"https:\/\/www.africa-press.net\/cotedivoire\/politique\/cour-dappel-dabidjan-dembele-tahirou-dresse-le-bilan-de-lannee-judiciaire-2022-2023-et-se-rejouit-du-rendement-qui-a-evolue-de-18"},"author":{"name":"cfeditorfr","@id":"https:\/\/www.africa-press.net\/cotedivoire\/#\/schema\/person\/2b1cf3cd81a31e3cd26889ca66d677f1"},"headline":"Cour d&rsquo;Appel d&rsquo;Abidjan, Demb\u00e9l\u00e9 Tahirou dresse le bilan de l&rsquo;ann\u00e9e judiciaire 2022-2023 et se r\u00e9jouit du rendement qui a \u00e9volu\u00e9 de 18%","datePublished":"2023-11-04T16:48:37+00:00","dateModified":"2023-11-04T17:16:01+00:00","mainEntityOfPage":{"@id":"https:\/\/www.africa-press.net\/cotedivoire\/politique\/cour-dappel-dabidjan-dembele-tahirou-dresse-le-bilan-de-lannee-judiciaire-2022-2023-et-se-rejouit-du-rendement-qui-a-evolue-de-18"},"wordCount":437,"commentCount":0,"image":{"@id":"https:\/\/www.africa-press.net\/cotedivoire\/politique\/cour-dappel-dabidjan-dembele-tahirou-dresse-le-bilan-de-lannee-judiciaire-2022-2023-et-se-rejouit-du-rendement-qui-a-evolue-de-18#primaryimage"},"thumbnailUrl":"https:\/\/static.africa-press.net\/cote\/sites\/43\/2023\/11\/sm_1699105514.844555.jpg","keywords":["Africa Press","Africa Press-C\u00f4te d'Ivoire","C\u00d4TE D'IVOIRE","cour d'appel","Demb\u00e9l\u00e9 Tahirou"],"articleSection":["Politique","Toutes les actualit\u00e9s"],"inLanguage":"fr-FR","potentialAction":[{"@type":"CommentAction","name":"Comment","target":["https:\/\/www.africa-press.net\/cotedivoire\/politique\/cour-dappel-dabidjan-dembele-tahirou-dresse-le-bilan-de-lannee-judiciaire-2022-2023-et-se-rejouit-du-rendement-qui-a-evolue-de-18#respond"]}]},{"@type":"WebPage","@id":"https:\/\/www.africa-press.net\/cotedivoire\/politique\/cour-dappel-dabidjan-dembele-tahirou-dresse-le-bilan-de-lannee-judiciaire-2022-2023-et-se-rejouit-du-rendement-qui-a-evolue-de-18","url":"https:\/\/www.africa-press.net\/cotedivoire\/politique\/cour-dappel-dabidjan-dembele-tahirou-dresse-le-bilan-de-lannee-judiciaire-2022-2023-et-se-rejouit-du-rendement-qui-a-evolue-de-18","name":"Cour d'Appel d'Abidjan, Demb\u00e9l\u00e9 Tahirou dresse le bilan de l'ann\u00e9e judiciaire 2022-2023 et se r\u00e9jouit du rendement qui a \u00e9volu\u00e9 de 18% - C\u00f4te d&#039;Ivoire","isPartOf":{"@id":"https:\/\/www.africa-press.net\/cotedivoire\/#website"},"primaryImageOfPage":{"@id":"https:\/\/www.africa-press.net\/cotedivoire\/politique\/cour-dappel-dabidjan-dembele-tahirou-dresse-le-bilan-de-lannee-judiciaire-2022-2023-et-se-rejouit-du-rendement-qui-a-evolue-de-18#primaryimage"},"image":{"@id":"https:\/\/www.africa-press.net\/cotedivoire\/politique\/cour-dappel-dabidjan-dembele-tahirou-dresse-le-bilan-de-lannee-judiciaire-2022-2023-et-se-rejouit-du-rendement-qui-a-evolue-de-18#primaryimage"},"thumbnailUrl":"https:\/\/static.africa-press.net\/cote\/sites\/43\/2023\/11\/sm_1699105514.844555.jpg","datePublished":"2023-11-04T16:48:37+00:00","dateModified":"2023-11-04T17:16:01+00:00","author":{"@id":"https:\/\/www.africa-press.net\/cotedivoire\/#\/schema\/person\/2b1cf3cd81a31e3cd26889ca66d677f1"},"description":"Premier pre\u0301sident de la Cour d'Appel d'Abidjan, Dembe\u0301le\u0301 Tahirou, lors de la ce\u0301re\u0301monie solennelle de rentre\u0301e judici ...","breadcrumb":{"@id":"https:\/\/www.africa-press.net\/cotedivoire\/politique\/cour-dappel-dabidjan-dembele-tahirou-dresse-le-bilan-de-lannee-judiciaire-2022-2023-et-se-rejouit-du-rendement-qui-a-evolue-de-18#breadcrumb"},"inLanguage":"fr-FR","potentialAction":[{"@type":"ReadAction","target":["https:\/\/www.africa-press.net\/cotedivoire\/politique\/cour-dappel-dabidjan-dembele-tahirou-dresse-le-bilan-de-lannee-judiciaire-2022-2023-et-se-rejouit-du-rendement-qui-a-evolue-de-18"]}]},{"@type":"ImageObject","inLanguage":"fr-FR","@id":"https:\/\/www.africa-press.net\/cotedivoire\/politique\/cour-dappel-dabidjan-dembele-tahirou-dresse-le-bilan-de-lannee-judiciaire-2022-2023-et-se-rejouit-du-rendement-qui-a-evolue-de-18#primaryimage","url":"https:\/\/static.africa-press.net\/cote\/sites\/43\/2023\/11\/sm_1699105514.844555.jpg","contentUrl":"https:\/\/static.africa-press.net\/cote\/sites\/43\/2023\/11\/sm_1699105514.844555.jpg","width":720,"height":316,"caption":"Cour d'Appel d'Abidjan, Demb\u00e9l\u00e9 Tahirou dresse le bilan de l'ann\u00e9e judiciaire 2022-2023 et se r\u00e9jouit du rendement qui a \u00e9volu\u00e9 de 18%"},{"@type":"BreadcrumbList","@id":"https:\/\/www.africa-press.net\/cotedivoire\/politique\/cour-dappel-dabidjan-dembele-tahirou-dresse-le-bilan-de-lannee-judiciaire-2022-2023-et-se-rejouit-du-rendement-qui-a-evolue-de-18#breadcrumb","itemListElement":[{"@type":"ListItem","position":1,"name":"Accueil","item":"https:\/\/www.africa-press.net\/cotedivoire\/"},{"@type":"ListItem","position":2,"name":"Cour d&#8217;Appel d&#8217;Abidjan, Demb\u00e9l\u00e9 Tahirou dresse le bilan de l&#8217;ann\u00e9e judiciaire 2022-2023 et se r\u00e9jouit du rendement qui a \u00e9volu\u00e9 de 18%"}]},{"@type":"WebSite","@id":"https:\/\/www.africa-press.net\/cotedivoire\/#website","url":"https:\/\/www.africa-press.net\/cotedivoire\/","name":"C\u00f4te d&#039;Ivoire","description":"Just another Africa News Agency Sites site","potentialAction":[{"@type":"SearchAction","target":{"@type":"EntryPoint","urlTemplate":"https:\/\/www.africa-press.net\/cotedivoire\/?s={search_term_string}"},"query-input":{"@type":"PropertyValueSpecification","valueRequired":true,"valueName":"search_term_string"}}],"inLanguage":"fr-FR"},{"@type":"Person","@id":"https:\/\/www.africa-press.net\/cotedivoire\/#\/schema\/person\/2b1cf3cd81a31e3cd26889ca66d677f1","name":"cfeditorfr"}]}},"_links":{"self":[{"href":"https:\/\/www.africa-press.net\/cotedivoire\/wp-json\/wp\/v2\/posts\/68946","targetHints":{"allow":["GET"]}}],"collection":[{"href":"https:\/\/www.africa-press.net\/cotedivoire\/wp-json\/wp\/v2\/posts"}],"about":[{"href":"https:\/\/www.africa-press.net\/cotedivoire\/wp-json\/wp\/v2\/types\/post"}],"author":[{"embeddable":true,"href":"https:\/\/www.africa-press.net\/cotedivoire\/wp-json\/wp\/v2\/users\/82"}],"replies":[{"embeddable":true,"href":"https:\/\/www.africa-press.net\/cotedivoire\/wp-json\/wp\/v2\/comments?post=68946"}],"version-history":[{"count":0,"href":"https:\/\/www.africa-press.net\/cotedivoire\/wp-json\/wp\/v2\/posts\/68946\/revisions"}],"wp:featuredmedia":[{"embeddable":true,"href":"https:\/\/www.africa-press.net\/cotedivoire\/wp-json\/wp\/v2\/media\/68945"}],"wp:attachment":[{"href":"https:\/\/www.africa-press.net\/cotedivoire\/wp-json\/wp\/v2\/media?parent=68946"}],"wp:term":[{"taxonomy":"category","embeddable":true,"href":"https:\/\/www.africa-press.net\/cotedivoire\/wp-json\/wp\/v2\/categories?post=68946"},{"taxonomy":"post_tag","embeddable":true,"href":"https:\/\/www.africa-press.net\/cotedivoire\/wp-json\/wp\/v2\/tags?post=68946"}],"curies":[{"name":"wp","href":"https:\/\/api.w.org\/{rel}","templated":true}]}}