{"id":68967,"date":"2023-11-04T18:01:50","date_gmt":"2023-11-04T18:01:50","guid":{"rendered":"https:\/\/www.africa-press.net\/cotedivoire\/politique\/le-match-elephants-contre-les-seychelles-comptant-pour-le-mondial-2026-programme-au-stade-debimpe-la-fif-prete-a-affronter-la-pluie"},"modified":"2023-11-04T18:26:05","modified_gmt":"2023-11-04T18:26:05","slug":"le-match-elephants-contre-les-seychelles-comptant-pour-le-mondial-2026-programme-au-stade-debimpe-la-fif-prete-a-affronter-la-pluie","status":"publish","type":"post","link":"https:\/\/www.africa-press.net\/cotedivoire\/sports\/le-match-elephants-contre-les-seychelles-comptant-pour-le-mondial-2026-programme-au-stade-debimpe-la-fif-prete-a-affronter-la-pluie","title":{"rendered":"Le match \u00e9l\u00e9phants contre les Seychelles comptant pour le Mondial 2026 programm\u00e9 au stade d&rsquo;Ebimp\u00e9, la FIF pr\u00eate \u00e0 affronter la pluie"},"content":{"rendered":"<p><span style=\"color: #ff6600\"><strong>Africa-Press &#8211; C\u00f4te d&rsquo;Ivoire. <\/strong><\/span>Pour son entre\u0301e en lice dans les e\u0301liminatoires de la Coupe du Monde de 2026, la Co\u0302te d\u2019Ivoire recevra les i\u0302les Seychelles le vendredi 17 novembre 2023 au stade olympique Alassane Ouattara d\u2019Ebimpe\u0301.<\/p>\n<p>L\u2019annonce a e\u0301te\u0301 faite le vendredi 03 novembre 2023 par le directeur exe\u0301cutif de la Fe\u0301de\u0301ration ivoirienne de football (FIF), Armand De\u0301sire\u0301 Gohourou.<\/p>\n<p>Cette rencontre comptant pour la premie\u0300re journe\u0301e des e\u0301liminatoires de la Coupe du Monde 2026, sera l\u2019occasion pour les 22 acteurs de tester la pelouse du Stade qui abritera le match d\u2019ouverture de la CAN 2023 le 13 janvier 2024.<\/p>\n<p>Une grosse pluie a inonde\u0301 la pelouse du Stade d\u2019Ebimpe\u0301 lors du match amical Co\u0302te d\u2019Ivoire \u2013 Mali, le 12 septembre dernier, occasionnant ainsi une nouvelle re\u0301novation de l\u2019infrastructure sportive.<\/p>\n<p>\u00ab Nous aurons l\u2019occasion de tester a\u0300 nouveau la pelouse de ce stade qui a enregistre\u0301 d\u2019e\u0301normes progre\u0300s en termes de travaux depuis le 12 septembre 2023. Nous pouvons dire qu\u2019en plus de la pelouse qui est pre\u0302te a\u0300 recevoir n\u2019importe quel match, plusieurs entre\u0301es des supporters ont e\u0301te\u0301 e\u0301galement pre\u0301vues. Nous souhaitons me\u0302me qu\u2019il pleuve ce jour-la\u0300 pour montrer au monde que le stade d\u2019Ebimpe\u0301 est pre\u0302t \u00bb, a rassure\u0301 M. Gohourou.<\/p>\n<p><strong>Pour plus d&rsquo;informations et d&rsquo;analyses sur la <a href=\"https:\/\/www.africa-press.net\/cotedivoire\">C\u00f4te d&rsquo;Ivoire<\/a>, suivez <a href=\"https:\/\/www.africa-press.net\/\">Africa-Press<\/a><\/strong><\/p>\n","protected":false},"excerpt":{"rendered":"<p>Africa-Press &#8211; C\u00f4te d&rsquo;Ivoire. Pour son entre\u0301e en lice dans les e\u0301liminatoires de la Coupe du Monde de 2026, la Co\u0302te d\u2019Ivoire recevra les i\u0302les Seychelles le vendredi 17 novembre 2023 au stade olympique Alassane Ouattara d\u2019Ebimpe\u0301. L\u2019annonce a e\u0301te\u0301 faite le vendredi 03 novembre 2023 par le directeur exe\u0301cutif de la Fe\u0301de\u0301ration ivoirienne de [&hellip;]<\/p>\n","protected":false},"author":82,"featured_media":68965,"comment_status":"open","ping_status":"closed","sticky":false,"template":"","format":"standard","meta":{"footnotes":""},"categories":[6,10],"tags":[56,63,11702,29,859,11480],"class_list":["post-68967","post","type-post","status-publish","format-standard","has-post-thumbnail","hentry","category-sports","category-toutes-les-actualites","tag-africa-press","tag-africa-press-cote-divoire","tag-armand-desire-gohourou","tag-cote-divoire","tag-fif","tag-stade-debimpe-2"],"yoast_head":"<!-- This site is optimized with the Yoast SEO Premium plugin v26.1 (Yoast SEO v27.0) - https:\/\/yoast.com\/product\/yoast-seo-premium-wordpress\/ -->\n<title>Le match \u00e9l\u00e9phants contre les Seychelles comptant pour le Mondial 2026 programm\u00e9 au stade d&#039;Ebimp\u00e9, la FIF pr\u00eate \u00e0 affronter la pluie - C\u00f4te d&#039;Ivoire<\/title>\n<meta name=\"description\" content=\"Pour son entre\u0301e en lice dans les e\u0301liminatoires de la Coupe du Monde de 2026, la Co\u0302te d\u2019Ivoire recevra les i\u0302les Seych ...\" \/>\n<meta name=\"robots\" content=\"index, follow, max-snippet:-1, max-image-preview:large, max-video-preview:-1\" \/>\n<link rel=\"canonical\" href=\"https:\/\/www.africa-press.net\/cotedivoire\/sports\/le-match-elephants-contre-les-seychelles-comptant-pour-le-mondial-2026-programme-au-stade-debimpe-la-fif-prete-a-affronter-la-pluie\" \/>\n<meta property=\"og:locale\" content=\"fr_FR\" \/>\n<meta property=\"og:type\" content=\"article\" \/>\n<meta property=\"og:title\" content=\"Le match \u00e9l\u00e9phants contre les Seychelles comptant pour le Mondial 2026 programm\u00e9 au stade d&#039;Ebimp\u00e9, la FIF pr\u00eate \u00e0 affronter la pluie\" \/>\n<meta property=\"og:description\" content=\"Pour son entre\u0301e en lice dans les e\u0301liminatoires de la Coupe du Monde de 2026, la Co\u0302te d\u2019Ivoire recevra les i\u0302les Seych ...\" \/>\n<meta property=\"og:url\" content=\"https:\/\/www.africa-press.net\/cotedivoire\/sports\/le-match-elephants-contre-les-seychelles-comptant-pour-le-mondial-2026-programme-au-stade-debimpe-la-fif-prete-a-affronter-la-pluie\" \/>\n<meta property=\"og:site_name\" content=\"C\u00f4te d&#039;Ivoire\" \/>\n<meta property=\"article:published_time\" content=\"2023-11-04T18:01:50+00:00\" \/>\n<meta property=\"article:modified_time\" content=\"2023-11-04T18:26:05+00:00\" \/>\n<meta property=\"og:image\" content=\"https:\/\/static.africa-press.net\/cote\/sites\/43\/2023\/11\/sm_1699109685.831188.jpg\" \/>\n\t<meta property=\"og:image:width\" content=\"720\" \/>\n\t<meta property=\"og:image:height\" content=\"480\" \/>\n\t<meta property=\"og:image:type\" content=\"image\/jpeg\" \/>\n<meta name=\"author\" content=\"cfeditorfr\" \/>\n<meta name=\"twitter:card\" content=\"summary_large_image\" \/>\n<meta name=\"twitter:label1\" content=\"\u00c9crit par\" \/>\n\t<meta name=\"twitter:data1\" content=\"cfeditorfr\" \/>\n\t<meta name=\"twitter:label2\" content=\"Dur\u00e9e de lecture estim\u00e9e\" \/>\n\t<meta name=\"twitter:data2\" content=\"2 minutes\" \/>\n<script type=\"application\/ld+json\" class=\"yoast-schema-graph\">{\"@context\":\"https:\/\/schema.org\",\"@graph\":[{\"@type\":\"Article\",\"@id\":\"https:\/\/www.africa-press.net\/cotedivoire\/sports\/le-match-elephants-contre-les-seychelles-comptant-pour-le-mondial-2026-programme-au-stade-debimpe-la-fif-prete-a-affronter-la-pluie#article\",\"isPartOf\":{\"@id\":\"https:\/\/www.africa-press.net\/cotedivoire\/sports\/le-match-elephants-contre-les-seychelles-comptant-pour-le-mondial-2026-programme-au-stade-debimpe-la-fif-prete-a-affronter-la-pluie\"},\"author\":{\"name\":\"cfeditorfr\",\"@id\":\"https:\/\/www.africa-press.net\/cotedivoire\/#\/schema\/person\/2b1cf3cd81a31e3cd26889ca66d677f1\"},\"headline\":\"Le match \u00e9l\u00e9phants contre les Seychelles comptant pour le Mondial 2026 programm\u00e9 au stade d&rsquo;Ebimp\u00e9, la FIF pr\u00eate \u00e0 affronter la pluie\",\"datePublished\":\"2023-11-04T18:01:50+00:00\",\"dateModified\":\"2023-11-04T18:26:05+00:00\",\"mainEntityOfPage\":{\"@id\":\"https:\/\/www.africa-press.net\/cotedivoire\/sports\/le-match-elephants-contre-les-seychelles-comptant-pour-le-mondial-2026-programme-au-stade-debimpe-la-fif-prete-a-affronter-la-pluie\"},\"wordCount\":264,\"commentCount\":0,\"image\":{\"@id\":\"https:\/\/www.africa-press.net\/cotedivoire\/sports\/le-match-elephants-contre-les-seychelles-comptant-pour-le-mondial-2026-programme-au-stade-debimpe-la-fif-prete-a-affronter-la-pluie#primaryimage\"},\"thumbnailUrl\":\"https:\/\/static.africa-press.net\/cote\/sites\/43\/2023\/11\/sm_1699109685.831188.jpg\",\"keywords\":[\"Africa Press\",\"Africa Press-C\u00f4te d'Ivoire\",\"Armand D\u00e9sir\u00e9 Gohourou\",\"C\u00d4TE D'IVOIRE\",\"FIF\",\"stade d\u2019Ebimp\u00e9\"],\"articleSection\":[\"Sports\",\"Toutes les actualit\u00e9s\"],\"inLanguage\":\"fr-FR\",\"potentialAction\":[{\"@type\":\"CommentAction\",\"name\":\"Comment\",\"target\":[\"https:\/\/www.africa-press.net\/cotedivoire\/sports\/le-match-elephants-contre-les-seychelles-comptant-pour-le-mondial-2026-programme-au-stade-debimpe-la-fif-prete-a-affronter-la-pluie#respond\"]}]},{\"@type\":\"WebPage\",\"@id\":\"https:\/\/www.africa-press.net\/cotedivoire\/sports\/le-match-elephants-contre-les-seychelles-comptant-pour-le-mondial-2026-programme-au-stade-debimpe-la-fif-prete-a-affronter-la-pluie\",\"url\":\"https:\/\/www.africa-press.net\/cotedivoire\/sports\/le-match-elephants-contre-les-seychelles-comptant-pour-le-mondial-2026-programme-au-stade-debimpe-la-fif-prete-a-affronter-la-pluie\",\"name\":\"Le match \u00e9l\u00e9phants contre les Seychelles comptant pour le Mondial 2026 programm\u00e9 au stade d'Ebimp\u00e9, la FIF pr\u00eate \u00e0 affronter la pluie - C\u00f4te d&#039;Ivoire\",\"isPartOf\":{\"@id\":\"https:\/\/www.africa-press.net\/cotedivoire\/#website\"},\"primaryImageOfPage\":{\"@id\":\"https:\/\/www.africa-press.net\/cotedivoire\/sports\/le-match-elephants-contre-les-seychelles-comptant-pour-le-mondial-2026-programme-au-stade-debimpe-la-fif-prete-a-affronter-la-pluie#primaryimage\"},\"image\":{\"@id\":\"https:\/\/www.africa-press.net\/cotedivoire\/sports\/le-match-elephants-contre-les-seychelles-comptant-pour-le-mondial-2026-programme-au-stade-debimpe-la-fif-prete-a-affronter-la-pluie#primaryimage\"},\"thumbnailUrl\":\"https:\/\/static.africa-press.net\/cote\/sites\/43\/2023\/11\/sm_1699109685.831188.jpg\",\"datePublished\":\"2023-11-04T18:01:50+00:00\",\"dateModified\":\"2023-11-04T18:26:05+00:00\",\"author\":{\"@id\":\"https:\/\/www.africa-press.net\/cotedivoire\/#\/schema\/person\/2b1cf3cd81a31e3cd26889ca66d677f1\"},\"description\":\"Pour son entre\u0301e en lice dans les e\u0301liminatoires de la Coupe du Monde de 2026, la Co\u0302te d\u2019Ivoire recevra les i\u0302les Seych ...\",\"breadcrumb\":{\"@id\":\"https:\/\/www.africa-press.net\/cotedivoire\/sports\/le-match-elephants-contre-les-seychelles-comptant-pour-le-mondial-2026-programme-au-stade-debimpe-la-fif-prete-a-affronter-la-pluie#breadcrumb\"},\"inLanguage\":\"fr-FR\",\"potentialAction\":[{\"@type\":\"ReadAction\",\"target\":[\"https:\/\/www.africa-press.net\/cotedivoire\/sports\/le-match-elephants-contre-les-seychelles-comptant-pour-le-mondial-2026-programme-au-stade-debimpe-la-fif-prete-a-affronter-la-pluie\"]}]},{\"@type\":\"ImageObject\",\"inLanguage\":\"fr-FR\",\"@id\":\"https:\/\/www.africa-press.net\/cotedivoire\/sports\/le-match-elephants-contre-les-seychelles-comptant-pour-le-mondial-2026-programme-au-stade-debimpe-la-fif-prete-a-affronter-la-pluie#primaryimage\",\"url\":\"https:\/\/static.africa-press.net\/cote\/sites\/43\/2023\/11\/sm_1699109685.831188.jpg\",\"contentUrl\":\"https:\/\/static.africa-press.net\/cote\/sites\/43\/2023\/11\/sm_1699109685.831188.jpg\",\"width\":720,\"height\":480,\"caption\":\"Le match \u00e9l\u00e9phants contre les Seychelles comptant pour le Mondial 2026 programm\u00e9 au stade d'Ebimp\u00e9, la FIF pr\u00eate \u00e0 affronter la pluie\"},{\"@type\":\"BreadcrumbList\",\"@id\":\"https:\/\/www.africa-press.net\/cotedivoire\/sports\/le-match-elephants-contre-les-seychelles-comptant-pour-le-mondial-2026-programme-au-stade-debimpe-la-fif-prete-a-affronter-la-pluie#breadcrumb\",\"itemListElement\":[{\"@type\":\"ListItem\",\"position\":1,\"name\":\"Accueil\",\"item\":\"https:\/\/www.africa-press.net\/cotedivoire\/\"},{\"@type\":\"ListItem\",\"position\":2,\"name\":\"Le match \u00e9l\u00e9phants contre les Seychelles comptant pour le Mondial 2026 programm\u00e9 au stade d&#8217;Ebimp\u00e9, la FIF pr\u00eate \u00e0 affronter la pluie\"}]},{\"@type\":\"WebSite\",\"@id\":\"https:\/\/www.africa-press.net\/cotedivoire\/#website\",\"url\":\"https:\/\/www.africa-press.net\/cotedivoire\/\",\"name\":\"C\u00f4te d&#039;Ivoire\",\"description\":\"Just another Africa News Agency Sites site\",\"potentialAction\":[{\"@type\":\"SearchAction\",\"target\":{\"@type\":\"EntryPoint\",\"urlTemplate\":\"https:\/\/www.africa-press.net\/cotedivoire\/?s={search_term_string}\"},\"query-input\":{\"@type\":\"PropertyValueSpecification\",\"valueRequired\":true,\"valueName\":\"search_term_string\"}}],\"inLanguage\":\"fr-FR\"},{\"@type\":\"Person\",\"@id\":\"https:\/\/www.africa-press.net\/cotedivoire\/#\/schema\/person\/2b1cf3cd81a31e3cd26889ca66d677f1\",\"name\":\"cfeditorfr\"}]}<\/script>\n<!-- \/ Yoast SEO Premium plugin. -->","yoast_head_json":{"title":"Le match \u00e9l\u00e9phants contre les Seychelles comptant pour le Mondial 2026 programm\u00e9 au stade d'Ebimp\u00e9, la FIF pr\u00eate \u00e0 affronter la pluie - C\u00f4te d&#039;Ivoire","description":"Pour son entre\u0301e en lice dans les e\u0301liminatoires de la Coupe du Monde de 2026, la Co\u0302te d\u2019Ivoire recevra les i\u0302les Seych ...","robots":{"index":"index","follow":"follow","max-snippet":"max-snippet:-1","max-image-preview":"max-image-preview:large","max-video-preview":"max-video-preview:-1"},"canonical":"https:\/\/www.africa-press.net\/cotedivoire\/sports\/le-match-elephants-contre-les-seychelles-comptant-pour-le-mondial-2026-programme-au-stade-debimpe-la-fif-prete-a-affronter-la-pluie","og_locale":"fr_FR","og_type":"article","og_title":"Le match \u00e9l\u00e9phants contre les Seychelles comptant pour le Mondial 2026 programm\u00e9 au stade d'Ebimp\u00e9, la FIF pr\u00eate \u00e0 affronter la pluie","og_description":"Pour son entre\u0301e en lice dans les e\u0301liminatoires de la Coupe du Monde de 2026, la Co\u0302te d\u2019Ivoire recevra les i\u0302les Seych ...","og_url":"https:\/\/www.africa-press.net\/cotedivoire\/sports\/le-match-elephants-contre-les-seychelles-comptant-pour-le-mondial-2026-programme-au-stade-debimpe-la-fif-prete-a-affronter-la-pluie","og_site_name":"C\u00f4te d&#039;Ivoire","article_published_time":"2023-11-04T18:01:50+00:00","article_modified_time":"2023-11-04T18:26:05+00:00","og_image":[{"width":720,"height":480,"url":"https:\/\/static.africa-press.net\/cote\/sites\/43\/2023\/11\/sm_1699109685.831188.jpg","type":"image\/jpeg"}],"author":"cfeditorfr","twitter_card":"summary_large_image","twitter_misc":{"\u00c9crit par":"cfeditorfr","Dur\u00e9e de lecture estim\u00e9e":"2 minutes"},"schema":{"@context":"https:\/\/schema.org","@graph":[{"@type":"Article","@id":"https:\/\/www.africa-press.net\/cotedivoire\/sports\/le-match-elephants-contre-les-seychelles-comptant-pour-le-mondial-2026-programme-au-stade-debimpe-la-fif-prete-a-affronter-la-pluie#article","isPartOf":{"@id":"https:\/\/www.africa-press.net\/cotedivoire\/sports\/le-match-elephants-contre-les-seychelles-comptant-pour-le-mondial-2026-programme-au-stade-debimpe-la-fif-prete-a-affronter-la-pluie"},"author":{"name":"cfeditorfr","@id":"https:\/\/www.africa-press.net\/cotedivoire\/#\/schema\/person\/2b1cf3cd81a31e3cd26889ca66d677f1"},"headline":"Le match \u00e9l\u00e9phants contre les Seychelles comptant pour le Mondial 2026 programm\u00e9 au stade d&rsquo;Ebimp\u00e9, la FIF pr\u00eate \u00e0 affronter la pluie","datePublished":"2023-11-04T18:01:50+00:00","dateModified":"2023-11-04T18:26:05+00:00","mainEntityOfPage":{"@id":"https:\/\/www.africa-press.net\/cotedivoire\/sports\/le-match-elephants-contre-les-seychelles-comptant-pour-le-mondial-2026-programme-au-stade-debimpe-la-fif-prete-a-affronter-la-pluie"},"wordCount":264,"commentCount":0,"image":{"@id":"https:\/\/www.africa-press.net\/cotedivoire\/sports\/le-match-elephants-contre-les-seychelles-comptant-pour-le-mondial-2026-programme-au-stade-debimpe-la-fif-prete-a-affronter-la-pluie#primaryimage"},"thumbnailUrl":"https:\/\/static.africa-press.net\/cote\/sites\/43\/2023\/11\/sm_1699109685.831188.jpg","keywords":["Africa Press","Africa Press-C\u00f4te d'Ivoire","Armand D\u00e9sir\u00e9 Gohourou","C\u00d4TE D'IVOIRE","FIF","stade d\u2019Ebimp\u00e9"],"articleSection":["Sports","Toutes les actualit\u00e9s"],"inLanguage":"fr-FR","potentialAction":[{"@type":"CommentAction","name":"Comment","target":["https:\/\/www.africa-press.net\/cotedivoire\/sports\/le-match-elephants-contre-les-seychelles-comptant-pour-le-mondial-2026-programme-au-stade-debimpe-la-fif-prete-a-affronter-la-pluie#respond"]}]},{"@type":"WebPage","@id":"https:\/\/www.africa-press.net\/cotedivoire\/sports\/le-match-elephants-contre-les-seychelles-comptant-pour-le-mondial-2026-programme-au-stade-debimpe-la-fif-prete-a-affronter-la-pluie","url":"https:\/\/www.africa-press.net\/cotedivoire\/sports\/le-match-elephants-contre-les-seychelles-comptant-pour-le-mondial-2026-programme-au-stade-debimpe-la-fif-prete-a-affronter-la-pluie","name":"Le match \u00e9l\u00e9phants contre les Seychelles comptant pour le Mondial 2026 programm\u00e9 au stade d'Ebimp\u00e9, la FIF pr\u00eate \u00e0 affronter la pluie - C\u00f4te d&#039;Ivoire","isPartOf":{"@id":"https:\/\/www.africa-press.net\/cotedivoire\/#website"},"primaryImageOfPage":{"@id":"https:\/\/www.africa-press.net\/cotedivoire\/sports\/le-match-elephants-contre-les-seychelles-comptant-pour-le-mondial-2026-programme-au-stade-debimpe-la-fif-prete-a-affronter-la-pluie#primaryimage"},"image":{"@id":"https:\/\/www.africa-press.net\/cotedivoire\/sports\/le-match-elephants-contre-les-seychelles-comptant-pour-le-mondial-2026-programme-au-stade-debimpe-la-fif-prete-a-affronter-la-pluie#primaryimage"},"thumbnailUrl":"https:\/\/static.africa-press.net\/cote\/sites\/43\/2023\/11\/sm_1699109685.831188.jpg","datePublished":"2023-11-04T18:01:50+00:00","dateModified":"2023-11-04T18:26:05+00:00","author":{"@id":"https:\/\/www.africa-press.net\/cotedivoire\/#\/schema\/person\/2b1cf3cd81a31e3cd26889ca66d677f1"},"description":"Pour son entre\u0301e en lice dans les e\u0301liminatoires de la Coupe du Monde de 2026, la Co\u0302te d\u2019Ivoire recevra les i\u0302les Seych ...","breadcrumb":{"@id":"https:\/\/www.africa-press.net\/cotedivoire\/sports\/le-match-elephants-contre-les-seychelles-comptant-pour-le-mondial-2026-programme-au-stade-debimpe-la-fif-prete-a-affronter-la-pluie#breadcrumb"},"inLanguage":"fr-FR","potentialAction":[{"@type":"ReadAction","target":["https:\/\/www.africa-press.net\/cotedivoire\/sports\/le-match-elephants-contre-les-seychelles-comptant-pour-le-mondial-2026-programme-au-stade-debimpe-la-fif-prete-a-affronter-la-pluie"]}]},{"@type":"ImageObject","inLanguage":"fr-FR","@id":"https:\/\/www.africa-press.net\/cotedivoire\/sports\/le-match-elephants-contre-les-seychelles-comptant-pour-le-mondial-2026-programme-au-stade-debimpe-la-fif-prete-a-affronter-la-pluie#primaryimage","url":"https:\/\/static.africa-press.net\/cote\/sites\/43\/2023\/11\/sm_1699109685.831188.jpg","contentUrl":"https:\/\/static.africa-press.net\/cote\/sites\/43\/2023\/11\/sm_1699109685.831188.jpg","width":720,"height":480,"caption":"Le match \u00e9l\u00e9phants contre les Seychelles comptant pour le Mondial 2026 programm\u00e9 au stade d'Ebimp\u00e9, la FIF pr\u00eate \u00e0 affronter la pluie"},{"@type":"BreadcrumbList","@id":"https:\/\/www.africa-press.net\/cotedivoire\/sports\/le-match-elephants-contre-les-seychelles-comptant-pour-le-mondial-2026-programme-au-stade-debimpe-la-fif-prete-a-affronter-la-pluie#breadcrumb","itemListElement":[{"@type":"ListItem","position":1,"name":"Accueil","item":"https:\/\/www.africa-press.net\/cotedivoire\/"},{"@type":"ListItem","position":2,"name":"Le match \u00e9l\u00e9phants contre les Seychelles comptant pour le Mondial 2026 programm\u00e9 au stade d&#8217;Ebimp\u00e9, la FIF pr\u00eate \u00e0 affronter la pluie"}]},{"@type":"WebSite","@id":"https:\/\/www.africa-press.net\/cotedivoire\/#website","url":"https:\/\/www.africa-press.net\/cotedivoire\/","name":"C\u00f4te d&#039;Ivoire","description":"Just another Africa News Agency Sites site","potentialAction":[{"@type":"SearchAction","target":{"@type":"EntryPoint","urlTemplate":"https:\/\/www.africa-press.net\/cotedivoire\/?s={search_term_string}"},"query-input":{"@type":"PropertyValueSpecification","valueRequired":true,"valueName":"search_term_string"}}],"inLanguage":"fr-FR"},{"@type":"Person","@id":"https:\/\/www.africa-press.net\/cotedivoire\/#\/schema\/person\/2b1cf3cd81a31e3cd26889ca66d677f1","name":"cfeditorfr"}]}},"_links":{"self":[{"href":"https:\/\/www.africa-press.net\/cotedivoire\/wp-json\/wp\/v2\/posts\/68967","targetHints":{"allow":["GET"]}}],"collection":[{"href":"https:\/\/www.africa-press.net\/cotedivoire\/wp-json\/wp\/v2\/posts"}],"about":[{"href":"https:\/\/www.africa-press.net\/cotedivoire\/wp-json\/wp\/v2\/types\/post"}],"author":[{"embeddable":true,"href":"https:\/\/www.africa-press.net\/cotedivoire\/wp-json\/wp\/v2\/users\/82"}],"replies":[{"embeddable":true,"href":"https:\/\/www.africa-press.net\/cotedivoire\/wp-json\/wp\/v2\/comments?post=68967"}],"version-history":[{"count":0,"href":"https:\/\/www.africa-press.net\/cotedivoire\/wp-json\/wp\/v2\/posts\/68967\/revisions"}],"wp:featuredmedia":[{"embeddable":true,"href":"https:\/\/www.africa-press.net\/cotedivoire\/wp-json\/wp\/v2\/media\/68965"}],"wp:attachment":[{"href":"https:\/\/www.africa-press.net\/cotedivoire\/wp-json\/wp\/v2\/media?parent=68967"}],"wp:term":[{"taxonomy":"category","embeddable":true,"href":"https:\/\/www.africa-press.net\/cotedivoire\/wp-json\/wp\/v2\/categories?post=68967"},{"taxonomy":"post_tag","embeddable":true,"href":"https:\/\/www.africa-press.net\/cotedivoire\/wp-json\/wp\/v2\/tags?post=68967"}],"curies":[{"name":"wp","href":"https:\/\/api.w.org\/{rel}","templated":true}]}}