{"id":69240,"date":"2023-11-08T15:53:55","date_gmt":"2023-11-08T15:53:55","guid":{"rendered":"https:\/\/www.africa-press.net\/cotedivoire\/politique\/beugre-mambe-au-cocan-vous-avez-elabore-votre-architecture-pour-le-travail-qui-sera-conduit-mais-de-grace-pas-un-franc-de-plus"},"modified":"2023-11-08T16:22:36","modified_gmt":"2023-11-08T16:22:36","slug":"beugre-mambe-au-cocan-vous-avez-elabore-votre-architecture-pour-le-travail-qui-sera-conduit-mais-de-grace-pas-un-franc-de-plus","status":"publish","type":"post","link":"https:\/\/www.africa-press.net\/cotedivoire\/sports\/beugre-mambe-au-cocan-vous-avez-elabore-votre-architecture-pour-le-travail-qui-sera-conduit-mais-de-grace-pas-un-franc-de-plus","title":{"rendered":"Beugr\u00e9 Mamb\u00e9 au COCAN : \u00ab Vous avez \u00e9labor\u00e9 votre architecture pour le travail qui sera conduit (&#8230;) Mais, de gr\u00e2ce, pas un franc de plus \u00bb"},"content":{"rendered":"<p><span style=\"color: #ff6600\"><strong>Africa-Press &#8211; C\u00f4te d&rsquo;Ivoire. <\/strong><\/span>Le Premier Ministre Beugre\u0301 Mambe\u0301 est a\u0300 la ta\u0302che pour la re\u0301ussite de la Coupe d\u2019Afrique des Nations (CAN) pre\u0301vue du 13 janvier au 11 fe\u0301vrier 2024.<\/p>\n<p>Apre\u0300s avoir visite\u0301 mardi le stade Olympique Alassane Ouattara, il a invite\u0301 le Comite\u0301 d\u2019Organisation de la CAN (COCAN) pour un atelier de cadrage la Primature.<\/p>\n<p>Il s\u2019agit a\u0300 la sortie du conclave de de\u0301terminer un calendrier clair pour les ta\u0302ches a\u0300 re\u0301aliser sans un franc de plus.<\/p>\n<p>\u00ab En organisant cette rencontre, nous visons a\u0300 mettre en e\u0301vidence, tous les segments auxquels nous devons pre\u0302ter une tre\u0300s grande attention pour ne rien oublier. Je vous demande de donner le meilleur de vous-me\u0302mes. En revoyant tous les visages ici re\u0301unis, ce sont des te\u0301nors qui sont dans l\u2019organisation. Nous n\u2019avons pas le droit d\u2019oublier des de\u0301tails qui feront la diffe\u0301rence. C\u2019est vrai, vous avez e\u0301labore\u0301 votre architecture pour le travail qui sera conduit, je suis venu avec une e\u0301quipe de quatre a\u0300 cinq encadreurs qui seront aux co\u0302te\u0301s d&rsquo;Idriss Diallo (Coordonnateur) pour identifier, commission par commission, toutes les ta\u0302ches avec un calendrier de mise en \u0153uvre et les moyens qui accompagnent ce calendrier \u00bb, a indique\u0301 le Ministre des Sports et du cadre de vie, avant de marteler.<\/p>\n<p>\u00ab Bien attendu, il y a une hypothe\u0300se de base que nous devons respecter : pas un centime de plus, on reste dans le budget et on fait toutes les ta\u0302ches. A\u0300 l\u2019impossible, nul n\u2019est tenu. Si par extraordinaire, il y avait une ta\u0302che que nous aurions tous oublie\u0301e et que nous devons valider pendant le se\u0301minaire qui s\u2019ave\u0300re indispensable pour l\u2019e\u0301quilibre de notre ambition, nous pourrions regarder. Mais, de gra\u0302ce, pas un franc de plus. Je voudrais terminer en disant, chacun de nous engage sa responsabilite\u0301, son image et sa re\u0301putation. \u00bb<\/p>\n<p><strong>Pour plus d&rsquo;informations et d&rsquo;analyses sur la <a href=\"https:\/\/www.africa-press.net\/cotedivoire\">C\u00f4te d&rsquo;Ivoire<\/a>, suivez <a href=\"https:\/\/www.africa-press.net\/\">Africa-Press<\/a><\/strong><\/p>\n","protected":false},"excerpt":{"rendered":"<p>Africa-Press &#8211; C\u00f4te d&rsquo;Ivoire. Le Premier Ministre Beugre\u0301 Mambe\u0301 est a\u0300 la ta\u0302che pour la re\u0301ussite de la Coupe d\u2019Afrique des Nations (CAN) pre\u0301vue du 13 janvier au 11 fe\u0301vrier 2024. Apre\u0300s avoir visite\u0301 mardi le stade Olympique Alassane Ouattara, il a invite\u0301 le Comite\u0301 d\u2019Organisation de la CAN (COCAN) pour un atelier de cadrage [&hellip;]<\/p>\n","protected":false},"author":82,"featured_media":69238,"comment_status":"open","ping_status":"closed","sticky":false,"template":"","format":"standard","meta":{"footnotes":""},"categories":[6,10],"tags":[56,63,2113,1791,29,1356,1304,9980],"class_list":["post-69240","post","type-post","status-publish","format-standard","has-post-thumbnail","hentry","category-sports","category-toutes-les-actualites","tag-africa-press","tag-africa-press-cote-divoire","tag-can-2023","tag-cocan","tag-cote-divoire","tag-idriss-diallo","tag-primature","tag-robert-beugre-mambe"],"yoast_head":"<!-- This site is optimized with the Yoast SEO Premium plugin v26.1 (Yoast SEO v27.0) - https:\/\/yoast.com\/product\/yoast-seo-premium-wordpress\/ -->\n<title>Beugr\u00e9 Mamb\u00e9 au COCAN : \u00ab Vous avez \u00e9labor\u00e9 votre architecture pour le travail qui sera conduit (...) Mais, de gr\u00e2ce, pas un franc de plus \u00bb - C\u00f4te d&#039;Ivoire<\/title>\n<meta name=\"description\" content=\"Le Premier Ministre Beugre\u0301 Mambe\u0301 est a\u0300 la ta\u0302che pour la re\u0301ussite de la Coupe d\u2019Afrique des Nations (CAN) pre\u0301vue du ...\" \/>\n<meta name=\"robots\" content=\"index, follow, max-snippet:-1, max-image-preview:large, max-video-preview:-1\" \/>\n<link rel=\"canonical\" href=\"https:\/\/www.africa-press.net\/cotedivoire\/sports\/beugre-mambe-au-cocan-vous-avez-elabore-votre-architecture-pour-le-travail-qui-sera-conduit-mais-de-grace-pas-un-franc-de-plus\" \/>\n<meta property=\"og:locale\" content=\"fr_FR\" \/>\n<meta property=\"og:type\" content=\"article\" \/>\n<meta property=\"og:title\" content=\"Beugr\u00e9 Mamb\u00e9 au COCAN : \u00ab Vous avez \u00e9labor\u00e9 votre architecture pour le travail qui sera conduit (...) Mais, de gr\u00e2ce, pas un franc de plus \u00bb\" \/>\n<meta property=\"og:description\" content=\"Le Premier Ministre Beugre\u0301 Mambe\u0301 est a\u0300 la ta\u0302che pour la re\u0301ussite de la Coupe d\u2019Afrique des Nations (CAN) pre\u0301vue du ...\" \/>\n<meta property=\"og:url\" content=\"https:\/\/www.africa-press.net\/cotedivoire\/sports\/beugre-mambe-au-cocan-vous-avez-elabore-votre-architecture-pour-le-travail-qui-sera-conduit-mais-de-grace-pas-un-franc-de-plus\" \/>\n<meta property=\"og:site_name\" content=\"C\u00f4te d&#039;Ivoire\" \/>\n<meta property=\"article:published_time\" content=\"2023-11-08T15:53:55+00:00\" \/>\n<meta property=\"article:modified_time\" content=\"2023-11-08T16:22:36+00:00\" \/>\n<meta property=\"og:image\" content=\"https:\/\/static.africa-press.net\/cote\/sites\/43\/2023\/11\/sm_1699447903.695751.jpg\" \/>\n\t<meta property=\"og:image:width\" content=\"720\" \/>\n\t<meta property=\"og:image:height\" content=\"520\" \/>\n\t<meta property=\"og:image:type\" content=\"image\/jpeg\" \/>\n<meta name=\"author\" content=\"cfeditorfr\" \/>\n<meta name=\"twitter:card\" content=\"summary_large_image\" \/>\n<meta name=\"twitter:label1\" content=\"\u00c9crit par\" \/>\n\t<meta name=\"twitter:data1\" content=\"cfeditorfr\" \/>\n\t<meta name=\"twitter:label2\" content=\"Dur\u00e9e de lecture estim\u00e9e\" \/>\n\t<meta name=\"twitter:data2\" content=\"2 minutes\" \/>\n<script type=\"application\/ld+json\" class=\"yoast-schema-graph\">{\"@context\":\"https:\/\/schema.org\",\"@graph\":[{\"@type\":\"Article\",\"@id\":\"https:\/\/www.africa-press.net\/cotedivoire\/sports\/beugre-mambe-au-cocan-vous-avez-elabore-votre-architecture-pour-le-travail-qui-sera-conduit-mais-de-grace-pas-un-franc-de-plus#article\",\"isPartOf\":{\"@id\":\"https:\/\/www.africa-press.net\/cotedivoire\/sports\/beugre-mambe-au-cocan-vous-avez-elabore-votre-architecture-pour-le-travail-qui-sera-conduit-mais-de-grace-pas-un-franc-de-plus\"},\"author\":{\"name\":\"cfeditorfr\",\"@id\":\"https:\/\/www.africa-press.net\/cotedivoire\/#\/schema\/person\/2b1cf3cd81a31e3cd26889ca66d677f1\"},\"headline\":\"Beugr\u00e9 Mamb\u00e9 au COCAN : \u00ab Vous avez \u00e9labor\u00e9 votre architecture pour le travail qui sera conduit (&#8230;) Mais, de gr\u00e2ce, pas un franc de plus \u00bb\",\"datePublished\":\"2023-11-08T15:53:55+00:00\",\"dateModified\":\"2023-11-08T16:22:36+00:00\",\"mainEntityOfPage\":{\"@id\":\"https:\/\/www.africa-press.net\/cotedivoire\/sports\/beugre-mambe-au-cocan-vous-avez-elabore-votre-architecture-pour-le-travail-qui-sera-conduit-mais-de-grace-pas-un-franc-de-plus\"},\"wordCount\":377,\"commentCount\":0,\"image\":{\"@id\":\"https:\/\/www.africa-press.net\/cotedivoire\/sports\/beugre-mambe-au-cocan-vous-avez-elabore-votre-architecture-pour-le-travail-qui-sera-conduit-mais-de-grace-pas-un-franc-de-plus#primaryimage\"},\"thumbnailUrl\":\"https:\/\/static.africa-press.net\/cote\/sites\/43\/2023\/11\/sm_1699447903.695751.jpg\",\"keywords\":[\"Africa Press\",\"Africa Press-C\u00f4te d'Ivoire\",\"CAN 2023\",\"COCAN\",\"C\u00d4TE D'IVOIRE\",\"Idriss Diallo\",\"Primature\",\"Robert Beugr\u00e9 Mamb\u00e9\"],\"articleSection\":[\"Sports\",\"Toutes les actualit\u00e9s\"],\"inLanguage\":\"fr-FR\",\"potentialAction\":[{\"@type\":\"CommentAction\",\"name\":\"Comment\",\"target\":[\"https:\/\/www.africa-press.net\/cotedivoire\/sports\/beugre-mambe-au-cocan-vous-avez-elabore-votre-architecture-pour-le-travail-qui-sera-conduit-mais-de-grace-pas-un-franc-de-plus#respond\"]}]},{\"@type\":\"WebPage\",\"@id\":\"https:\/\/www.africa-press.net\/cotedivoire\/sports\/beugre-mambe-au-cocan-vous-avez-elabore-votre-architecture-pour-le-travail-qui-sera-conduit-mais-de-grace-pas-un-franc-de-plus\",\"url\":\"https:\/\/www.africa-press.net\/cotedivoire\/sports\/beugre-mambe-au-cocan-vous-avez-elabore-votre-architecture-pour-le-travail-qui-sera-conduit-mais-de-grace-pas-un-franc-de-plus\",\"name\":\"Beugr\u00e9 Mamb\u00e9 au COCAN : \u00ab Vous avez \u00e9labor\u00e9 votre architecture pour le travail qui sera conduit (...) Mais, de gr\u00e2ce, pas un franc de plus \u00bb - C\u00f4te d&#039;Ivoire\",\"isPartOf\":{\"@id\":\"https:\/\/www.africa-press.net\/cotedivoire\/#website\"},\"primaryImageOfPage\":{\"@id\":\"https:\/\/www.africa-press.net\/cotedivoire\/sports\/beugre-mambe-au-cocan-vous-avez-elabore-votre-architecture-pour-le-travail-qui-sera-conduit-mais-de-grace-pas-un-franc-de-plus#primaryimage\"},\"image\":{\"@id\":\"https:\/\/www.africa-press.net\/cotedivoire\/sports\/beugre-mambe-au-cocan-vous-avez-elabore-votre-architecture-pour-le-travail-qui-sera-conduit-mais-de-grace-pas-un-franc-de-plus#primaryimage\"},\"thumbnailUrl\":\"https:\/\/static.africa-press.net\/cote\/sites\/43\/2023\/11\/sm_1699447903.695751.jpg\",\"datePublished\":\"2023-11-08T15:53:55+00:00\",\"dateModified\":\"2023-11-08T16:22:36+00:00\",\"author\":{\"@id\":\"https:\/\/www.africa-press.net\/cotedivoire\/#\/schema\/person\/2b1cf3cd81a31e3cd26889ca66d677f1\"},\"description\":\"Le Premier Ministre Beugre\u0301 Mambe\u0301 est a\u0300 la ta\u0302che pour la re\u0301ussite de la Coupe d\u2019Afrique des Nations (CAN) pre\u0301vue du ...\",\"breadcrumb\":{\"@id\":\"https:\/\/www.africa-press.net\/cotedivoire\/sports\/beugre-mambe-au-cocan-vous-avez-elabore-votre-architecture-pour-le-travail-qui-sera-conduit-mais-de-grace-pas-un-franc-de-plus#breadcrumb\"},\"inLanguage\":\"fr-FR\",\"potentialAction\":[{\"@type\":\"ReadAction\",\"target\":[\"https:\/\/www.africa-press.net\/cotedivoire\/sports\/beugre-mambe-au-cocan-vous-avez-elabore-votre-architecture-pour-le-travail-qui-sera-conduit-mais-de-grace-pas-un-franc-de-plus\"]}]},{\"@type\":\"ImageObject\",\"inLanguage\":\"fr-FR\",\"@id\":\"https:\/\/www.africa-press.net\/cotedivoire\/sports\/beugre-mambe-au-cocan-vous-avez-elabore-votre-architecture-pour-le-travail-qui-sera-conduit-mais-de-grace-pas-un-franc-de-plus#primaryimage\",\"url\":\"https:\/\/static.africa-press.net\/cote\/sites\/43\/2023\/11\/sm_1699447903.695751.jpg\",\"contentUrl\":\"https:\/\/static.africa-press.net\/cote\/sites\/43\/2023\/11\/sm_1699447903.695751.jpg\",\"width\":720,\"height\":520,\"caption\":\"Beugr\u00e9 Mamb\u00e9 au COCAN : \u00ab Vous avez \u00e9labor\u00e9 votre architecture pour le travail qui sera conduit (...) Mais, de gr\u00e2ce, pas un franc de plus \u00bb\"},{\"@type\":\"BreadcrumbList\",\"@id\":\"https:\/\/www.africa-press.net\/cotedivoire\/sports\/beugre-mambe-au-cocan-vous-avez-elabore-votre-architecture-pour-le-travail-qui-sera-conduit-mais-de-grace-pas-un-franc-de-plus#breadcrumb\",\"itemListElement\":[{\"@type\":\"ListItem\",\"position\":1,\"name\":\"Accueil\",\"item\":\"https:\/\/www.africa-press.net\/cotedivoire\/\"},{\"@type\":\"ListItem\",\"position\":2,\"name\":\"Beugr\u00e9 Mamb\u00e9 au COCAN : \u00ab Vous avez \u00e9labor\u00e9 votre architecture pour le travail qui sera conduit (&#8230;) Mais, de gr\u00e2ce, pas un franc de plus \u00bb\"}]},{\"@type\":\"WebSite\",\"@id\":\"https:\/\/www.africa-press.net\/cotedivoire\/#website\",\"url\":\"https:\/\/www.africa-press.net\/cotedivoire\/\",\"name\":\"C\u00f4te d&#039;Ivoire\",\"description\":\"Just another Africa News Agency Sites site\",\"potentialAction\":[{\"@type\":\"SearchAction\",\"target\":{\"@type\":\"EntryPoint\",\"urlTemplate\":\"https:\/\/www.africa-press.net\/cotedivoire\/?s={search_term_string}\"},\"query-input\":{\"@type\":\"PropertyValueSpecification\",\"valueRequired\":true,\"valueName\":\"search_term_string\"}}],\"inLanguage\":\"fr-FR\"},{\"@type\":\"Person\",\"@id\":\"https:\/\/www.africa-press.net\/cotedivoire\/#\/schema\/person\/2b1cf3cd81a31e3cd26889ca66d677f1\",\"name\":\"cfeditorfr\"}]}<\/script>\n<!-- \/ Yoast SEO Premium plugin. -->","yoast_head_json":{"title":"Beugr\u00e9 Mamb\u00e9 au COCAN : \u00ab Vous avez \u00e9labor\u00e9 votre architecture pour le travail qui sera conduit (...) Mais, de gr\u00e2ce, pas un franc de plus \u00bb - C\u00f4te d&#039;Ivoire","description":"Le Premier Ministre Beugre\u0301 Mambe\u0301 est a\u0300 la ta\u0302che pour la re\u0301ussite de la Coupe d\u2019Afrique des Nations (CAN) pre\u0301vue du ...","robots":{"index":"index","follow":"follow","max-snippet":"max-snippet:-1","max-image-preview":"max-image-preview:large","max-video-preview":"max-video-preview:-1"},"canonical":"https:\/\/www.africa-press.net\/cotedivoire\/sports\/beugre-mambe-au-cocan-vous-avez-elabore-votre-architecture-pour-le-travail-qui-sera-conduit-mais-de-grace-pas-un-franc-de-plus","og_locale":"fr_FR","og_type":"article","og_title":"Beugr\u00e9 Mamb\u00e9 au COCAN : \u00ab Vous avez \u00e9labor\u00e9 votre architecture pour le travail qui sera conduit (...) Mais, de gr\u00e2ce, pas un franc de plus \u00bb","og_description":"Le Premier Ministre Beugre\u0301 Mambe\u0301 est a\u0300 la ta\u0302che pour la re\u0301ussite de la Coupe d\u2019Afrique des Nations (CAN) pre\u0301vue du ...","og_url":"https:\/\/www.africa-press.net\/cotedivoire\/sports\/beugre-mambe-au-cocan-vous-avez-elabore-votre-architecture-pour-le-travail-qui-sera-conduit-mais-de-grace-pas-un-franc-de-plus","og_site_name":"C\u00f4te d&#039;Ivoire","article_published_time":"2023-11-08T15:53:55+00:00","article_modified_time":"2023-11-08T16:22:36+00:00","og_image":[{"width":720,"height":520,"url":"https:\/\/static.africa-press.net\/cote\/sites\/43\/2023\/11\/sm_1699447903.695751.jpg","type":"image\/jpeg"}],"author":"cfeditorfr","twitter_card":"summary_large_image","twitter_misc":{"\u00c9crit par":"cfeditorfr","Dur\u00e9e de lecture estim\u00e9e":"2 minutes"},"schema":{"@context":"https:\/\/schema.org","@graph":[{"@type":"Article","@id":"https:\/\/www.africa-press.net\/cotedivoire\/sports\/beugre-mambe-au-cocan-vous-avez-elabore-votre-architecture-pour-le-travail-qui-sera-conduit-mais-de-grace-pas-un-franc-de-plus#article","isPartOf":{"@id":"https:\/\/www.africa-press.net\/cotedivoire\/sports\/beugre-mambe-au-cocan-vous-avez-elabore-votre-architecture-pour-le-travail-qui-sera-conduit-mais-de-grace-pas-un-franc-de-plus"},"author":{"name":"cfeditorfr","@id":"https:\/\/www.africa-press.net\/cotedivoire\/#\/schema\/person\/2b1cf3cd81a31e3cd26889ca66d677f1"},"headline":"Beugr\u00e9 Mamb\u00e9 au COCAN : \u00ab Vous avez \u00e9labor\u00e9 votre architecture pour le travail qui sera conduit (&#8230;) Mais, de gr\u00e2ce, pas un franc de plus \u00bb","datePublished":"2023-11-08T15:53:55+00:00","dateModified":"2023-11-08T16:22:36+00:00","mainEntityOfPage":{"@id":"https:\/\/www.africa-press.net\/cotedivoire\/sports\/beugre-mambe-au-cocan-vous-avez-elabore-votre-architecture-pour-le-travail-qui-sera-conduit-mais-de-grace-pas-un-franc-de-plus"},"wordCount":377,"commentCount":0,"image":{"@id":"https:\/\/www.africa-press.net\/cotedivoire\/sports\/beugre-mambe-au-cocan-vous-avez-elabore-votre-architecture-pour-le-travail-qui-sera-conduit-mais-de-grace-pas-un-franc-de-plus#primaryimage"},"thumbnailUrl":"https:\/\/static.africa-press.net\/cote\/sites\/43\/2023\/11\/sm_1699447903.695751.jpg","keywords":["Africa Press","Africa Press-C\u00f4te d'Ivoire","CAN 2023","COCAN","C\u00d4TE D'IVOIRE","Idriss Diallo","Primature","Robert Beugr\u00e9 Mamb\u00e9"],"articleSection":["Sports","Toutes les actualit\u00e9s"],"inLanguage":"fr-FR","potentialAction":[{"@type":"CommentAction","name":"Comment","target":["https:\/\/www.africa-press.net\/cotedivoire\/sports\/beugre-mambe-au-cocan-vous-avez-elabore-votre-architecture-pour-le-travail-qui-sera-conduit-mais-de-grace-pas-un-franc-de-plus#respond"]}]},{"@type":"WebPage","@id":"https:\/\/www.africa-press.net\/cotedivoire\/sports\/beugre-mambe-au-cocan-vous-avez-elabore-votre-architecture-pour-le-travail-qui-sera-conduit-mais-de-grace-pas-un-franc-de-plus","url":"https:\/\/www.africa-press.net\/cotedivoire\/sports\/beugre-mambe-au-cocan-vous-avez-elabore-votre-architecture-pour-le-travail-qui-sera-conduit-mais-de-grace-pas-un-franc-de-plus","name":"Beugr\u00e9 Mamb\u00e9 au COCAN : \u00ab Vous avez \u00e9labor\u00e9 votre architecture pour le travail qui sera conduit (...) Mais, de gr\u00e2ce, pas un franc de plus \u00bb - C\u00f4te d&#039;Ivoire","isPartOf":{"@id":"https:\/\/www.africa-press.net\/cotedivoire\/#website"},"primaryImageOfPage":{"@id":"https:\/\/www.africa-press.net\/cotedivoire\/sports\/beugre-mambe-au-cocan-vous-avez-elabore-votre-architecture-pour-le-travail-qui-sera-conduit-mais-de-grace-pas-un-franc-de-plus#primaryimage"},"image":{"@id":"https:\/\/www.africa-press.net\/cotedivoire\/sports\/beugre-mambe-au-cocan-vous-avez-elabore-votre-architecture-pour-le-travail-qui-sera-conduit-mais-de-grace-pas-un-franc-de-plus#primaryimage"},"thumbnailUrl":"https:\/\/static.africa-press.net\/cote\/sites\/43\/2023\/11\/sm_1699447903.695751.jpg","datePublished":"2023-11-08T15:53:55+00:00","dateModified":"2023-11-08T16:22:36+00:00","author":{"@id":"https:\/\/www.africa-press.net\/cotedivoire\/#\/schema\/person\/2b1cf3cd81a31e3cd26889ca66d677f1"},"description":"Le Premier Ministre Beugre\u0301 Mambe\u0301 est a\u0300 la ta\u0302che pour la re\u0301ussite de la Coupe d\u2019Afrique des Nations (CAN) pre\u0301vue du ...","breadcrumb":{"@id":"https:\/\/www.africa-press.net\/cotedivoire\/sports\/beugre-mambe-au-cocan-vous-avez-elabore-votre-architecture-pour-le-travail-qui-sera-conduit-mais-de-grace-pas-un-franc-de-plus#breadcrumb"},"inLanguage":"fr-FR","potentialAction":[{"@type":"ReadAction","target":["https:\/\/www.africa-press.net\/cotedivoire\/sports\/beugre-mambe-au-cocan-vous-avez-elabore-votre-architecture-pour-le-travail-qui-sera-conduit-mais-de-grace-pas-un-franc-de-plus"]}]},{"@type":"ImageObject","inLanguage":"fr-FR","@id":"https:\/\/www.africa-press.net\/cotedivoire\/sports\/beugre-mambe-au-cocan-vous-avez-elabore-votre-architecture-pour-le-travail-qui-sera-conduit-mais-de-grace-pas-un-franc-de-plus#primaryimage","url":"https:\/\/static.africa-press.net\/cote\/sites\/43\/2023\/11\/sm_1699447903.695751.jpg","contentUrl":"https:\/\/static.africa-press.net\/cote\/sites\/43\/2023\/11\/sm_1699447903.695751.jpg","width":720,"height":520,"caption":"Beugr\u00e9 Mamb\u00e9 au COCAN : \u00ab Vous avez \u00e9labor\u00e9 votre architecture pour le travail qui sera conduit (...) Mais, de gr\u00e2ce, pas un franc de plus \u00bb"},{"@type":"BreadcrumbList","@id":"https:\/\/www.africa-press.net\/cotedivoire\/sports\/beugre-mambe-au-cocan-vous-avez-elabore-votre-architecture-pour-le-travail-qui-sera-conduit-mais-de-grace-pas-un-franc-de-plus#breadcrumb","itemListElement":[{"@type":"ListItem","position":1,"name":"Accueil","item":"https:\/\/www.africa-press.net\/cotedivoire\/"},{"@type":"ListItem","position":2,"name":"Beugr\u00e9 Mamb\u00e9 au COCAN : \u00ab Vous avez \u00e9labor\u00e9 votre architecture pour le travail qui sera conduit (&#8230;) Mais, de gr\u00e2ce, pas un franc de plus \u00bb"}]},{"@type":"WebSite","@id":"https:\/\/www.africa-press.net\/cotedivoire\/#website","url":"https:\/\/www.africa-press.net\/cotedivoire\/","name":"C\u00f4te d&#039;Ivoire","description":"Just another Africa News Agency Sites site","potentialAction":[{"@type":"SearchAction","target":{"@type":"EntryPoint","urlTemplate":"https:\/\/www.africa-press.net\/cotedivoire\/?s={search_term_string}"},"query-input":{"@type":"PropertyValueSpecification","valueRequired":true,"valueName":"search_term_string"}}],"inLanguage":"fr-FR"},{"@type":"Person","@id":"https:\/\/www.africa-press.net\/cotedivoire\/#\/schema\/person\/2b1cf3cd81a31e3cd26889ca66d677f1","name":"cfeditorfr"}]}},"_links":{"self":[{"href":"https:\/\/www.africa-press.net\/cotedivoire\/wp-json\/wp\/v2\/posts\/69240","targetHints":{"allow":["GET"]}}],"collection":[{"href":"https:\/\/www.africa-press.net\/cotedivoire\/wp-json\/wp\/v2\/posts"}],"about":[{"href":"https:\/\/www.africa-press.net\/cotedivoire\/wp-json\/wp\/v2\/types\/post"}],"author":[{"embeddable":true,"href":"https:\/\/www.africa-press.net\/cotedivoire\/wp-json\/wp\/v2\/users\/82"}],"replies":[{"embeddable":true,"href":"https:\/\/www.africa-press.net\/cotedivoire\/wp-json\/wp\/v2\/comments?post=69240"}],"version-history":[{"count":0,"href":"https:\/\/www.africa-press.net\/cotedivoire\/wp-json\/wp\/v2\/posts\/69240\/revisions"}],"wp:featuredmedia":[{"embeddable":true,"href":"https:\/\/www.africa-press.net\/cotedivoire\/wp-json\/wp\/v2\/media\/69238"}],"wp:attachment":[{"href":"https:\/\/www.africa-press.net\/cotedivoire\/wp-json\/wp\/v2\/media?parent=69240"}],"wp:term":[{"taxonomy":"category","embeddable":true,"href":"https:\/\/www.africa-press.net\/cotedivoire\/wp-json\/wp\/v2\/categories?post=69240"},{"taxonomy":"post_tag","embeddable":true,"href":"https:\/\/www.africa-press.net\/cotedivoire\/wp-json\/wp\/v2\/tags?post=69240"}],"curies":[{"name":"wp","href":"https:\/\/api.w.org\/{rel}","templated":true}]}}