{"id":69299,"date":"2023-11-09T13:02:09","date_gmt":"2023-11-09T13:02:09","guid":{"rendered":"https:\/\/www.africa-press.net\/cotedivoire\/politique\/congres-du-pdci-rda-les-membres-du-comite-electoral-connus-kakou-gervais-designe-president"},"modified":"2023-11-09T13:56:02","modified_gmt":"2023-11-09T13:56:02","slug":"congres-du-pdci-rda-les-membres-du-comite-electoral-connus-kakou-gervais-designe-president","status":"publish","type":"post","link":"https:\/\/www.africa-press.net\/cotedivoire\/politique\/congres-du-pdci-rda-les-membres-du-comite-electoral-connus-kakou-gervais-designe-president","title":{"rendered":"Congr\u00e8s du PDCI-RDA, les Membres du Comit\u00e9 Electoral connus, Kakou Gervais d\u00e9sign\u00e9  pr\u00e9sident"},"content":{"rendered":"<p><span style=\"color: #ff6600\"><strong>Africa-Press &#8211; C\u00f4te d&rsquo;Ivoire. <\/strong><\/span>Les Membres du Comite\u0301 E\u0301lectoral pour la pre\u0301sidence du PDCI-RDA au Congre\u0300s Extraordinaire du 16 de\u0301cembre prochain sont connus.<\/p>\n<p>Ils ont e\u0301te\u0301 de\u0301signe\u0301s par le Pr. Philippe Cowppli Bony Kwassy Pre\u0301sident inte\u0301rimaire du parti depuis le de\u0301ce\u0300s d\u2019Henri Konan Be\u0301die\u0301, le 1er aou\u0302t 2023.<\/p>\n<p>Le comite\u0301 e\u0301lectoral est pre\u0301side\u0301 par l\u2019ex-ministre des Affaires Etrange\u0300res, Kakou Gervais Jean-Marie.<\/p>\n<p>Ci-dessous, les membres du Comite\u0301 e\u0301lectoral du congre\u0300s du PDCI-RA&#8230;.<\/p>\n<p>1 Pre\u0301sident: Monsieur KAKOU GERVAIS JEAN-MARIE, Vice-Pre\u0301sident du PDCI-RDA est nomme\u0301.<\/p>\n<p>1.2 Vice-Pre\u0301sident: Monsieur SESS ESSAIGNE DANIEL Vice-Pre\u0301sident du PDCI-RDA.<\/p>\n<p>1.3 Vice-Pre\u0301sidente: Madame TEHOUA AMAH MARIE, Vice-Pre\u0301sidente du PDCI-RDA.<\/p>\n<p>1.4 Secre\u0301taire Ge\u0301ne\u0301rale: Madame DADIE\u0301-SANGARE\u0301 LINDA, membre de la cellule de veille juridique du PDCI-RDA.<\/p>\n<p>1.5 Secre\u0301taire Ge\u0301ne\u0301rale Adjointe: Madame TOURE GERMAINE, membre de la cellule de veille juridique du PDCI-RDA.<\/p>\n<p>1.6 Membre Monsieur TRAORE\u0301 ADAMS KOLIA, Vice-Pre\u0301sident du PDCI-RDA.<\/p>\n<p>1.7 Membre: Monsieur BLESSY CHRISOSTOME, Vice-Pre\u0301sident du PDCI-RDA, Pre\u0301sident de la Cellule juridique du PDCI-RDA<\/p>\n<p>1.8 Membre N&rsquo;GOUAN JE\u0301RE\u0301MIE Vice-Pre\u0301sident du PDCI-RDA<\/p>\n<p>1.9 Membre: Monsieur SERY BIALI.<\/p>\n<p>Notons que, chaque Candidat retenu de\u0301signera un repre\u0301sentant devant sie\u0301ger en qualite\u0301 d&rsquo;observateur dans le Comite\u0301 e\u0301lectoral.<\/p>\n<p>Le Comite\u0301 de candidatures a\u0300 la Pre\u0301sidence du parti pourra, dans le cadre des missions, faire appel, en cas de besoins, aux expertises du Comite\u0301 de Gestion et de suivi des e\u0301lections du parti ainsi que la cellule de veille juridique du parti.<\/p>\n<p><strong>Pour plus d&rsquo;informations et d&rsquo;analyses sur la <a href=\"https:\/\/www.africa-press.net\/cotedivoire\">C\u00f4te d&rsquo;Ivoire<\/a>, suivez <a href=\"https:\/\/www.africa-press.net\/\">Africa-Press<\/a><\/strong><\/p>\n","protected":false},"excerpt":{"rendered":"<p>Africa-Press &#8211; C\u00f4te d&rsquo;Ivoire. Les Membres du Comite\u0301 E\u0301lectoral pour la pre\u0301sidence du PDCI-RDA au Congre\u0300s Extraordinaire du 16 de\u0301cembre prochain sont connus. Ils ont e\u0301te\u0301 de\u0301signe\u0301s par le Pr. Philippe Cowppli Bony Kwassy Pre\u0301sident inte\u0301rimaire du parti depuis le de\u0301ce\u0300s d\u2019Henri Konan Be\u0301die\u0301, le 1er aou\u0302t 2023. Le comite\u0301 e\u0301lectoral est pre\u0301side\u0301 par l\u2019ex-ministre [&hellip;]<\/p>\n","protected":false},"author":82,"featured_media":69297,"comment_status":"open","ping_status":"closed","sticky":false,"template":"","format":"standard","meta":{"footnotes":""},"categories":[2,10],"tags":[56,63,1391,663,29,1565,11751,739,11752],"class_list":["post-69299","post","type-post","status-publish","format-standard","has-post-thumbnail","hentry","category-politique","category-toutes-les-actualites","tag-africa-press","tag-africa-press-cote-divoire","tag-candidatures","tag-congres","tag-cote-divoire","tag-electoral","tag-gervais-kakou","tag-pdci-rda","tag-philippe-cowppli"],"yoast_head":"<!-- This site is optimized with the Yoast SEO Premium plugin v26.1 (Yoast SEO v27.0) - https:\/\/yoast.com\/product\/yoast-seo-premium-wordpress\/ -->\n<title>Congr\u00e8s du PDCI-RDA, les Membres du Comit\u00e9 Electoral connus, Kakou Gervais d\u00e9sign\u00e9 pr\u00e9sident - C\u00f4te d&#039;Ivoire<\/title>\n<meta name=\"description\" content=\"Les Membres du Comite\u0301 E\u0301lectoral pour la pre\u0301sidence du PDCI-RDA au Congre\u0300s Extraordinaire du 16 de\u0301cembre prochain so ...\" \/>\n<meta name=\"robots\" content=\"index, follow, max-snippet:-1, max-image-preview:large, max-video-preview:-1\" \/>\n<link rel=\"canonical\" href=\"https:\/\/www.africa-press.net\/cotedivoire\/politique\/congres-du-pdci-rda-les-membres-du-comite-electoral-connus-kakou-gervais-designe-president\" \/>\n<meta property=\"og:locale\" content=\"fr_FR\" \/>\n<meta property=\"og:type\" content=\"article\" \/>\n<meta property=\"og:title\" content=\"Congr\u00e8s du PDCI-RDA, les Membres du Comit\u00e9 Electoral connus, Kakou Gervais d\u00e9sign\u00e9 pr\u00e9sident\" \/>\n<meta property=\"og:description\" content=\"Les Membres du Comite\u0301 E\u0301lectoral pour la pre\u0301sidence du PDCI-RDA au Congre\u0300s Extraordinaire du 16 de\u0301cembre prochain so ...\" \/>\n<meta property=\"og:url\" content=\"https:\/\/www.africa-press.net\/cotedivoire\/politique\/congres-du-pdci-rda-les-membres-du-comite-electoral-connus-kakou-gervais-designe-president\" \/>\n<meta property=\"og:site_name\" content=\"C\u00f4te d&#039;Ivoire\" \/>\n<meta property=\"article:published_time\" content=\"2023-11-09T13:02:09+00:00\" \/>\n<meta property=\"article:modified_time\" content=\"2023-11-09T13:56:02+00:00\" \/>\n<meta property=\"og:image\" content=\"https:\/\/static.africa-press.net\/cote\/sites\/43\/2023\/11\/sm_1699525504.873127.jpg\" \/>\n\t<meta property=\"og:image:width\" content=\"720\" \/>\n\t<meta property=\"og:image:height\" content=\"494\" \/>\n\t<meta property=\"og:image:type\" content=\"image\/jpeg\" \/>\n<meta name=\"author\" content=\"cfeditorfr\" \/>\n<meta name=\"twitter:card\" content=\"summary_large_image\" \/>\n<meta name=\"twitter:label1\" content=\"\u00c9crit par\" \/>\n\t<meta name=\"twitter:data1\" content=\"cfeditorfr\" \/>\n\t<meta name=\"twitter:label2\" content=\"Dur\u00e9e de lecture estim\u00e9e\" \/>\n\t<meta name=\"twitter:data2\" content=\"1 minute\" \/>\n<script type=\"application\/ld+json\" class=\"yoast-schema-graph\">{\"@context\":\"https:\/\/schema.org\",\"@graph\":[{\"@type\":\"Article\",\"@id\":\"https:\/\/www.africa-press.net\/cotedivoire\/politique\/congres-du-pdci-rda-les-membres-du-comite-electoral-connus-kakou-gervais-designe-president#article\",\"isPartOf\":{\"@id\":\"https:\/\/www.africa-press.net\/cotedivoire\/politique\/congres-du-pdci-rda-les-membres-du-comite-electoral-connus-kakou-gervais-designe-president\"},\"author\":{\"name\":\"cfeditorfr\",\"@id\":\"https:\/\/www.africa-press.net\/cotedivoire\/#\/schema\/person\/2b1cf3cd81a31e3cd26889ca66d677f1\"},\"headline\":\"Congr\u00e8s du PDCI-RDA, les Membres du Comit\u00e9 Electoral connus, Kakou Gervais d\u00e9sign\u00e9 pr\u00e9sident\",\"datePublished\":\"2023-11-09T13:02:09+00:00\",\"dateModified\":\"2023-11-09T13:56:02+00:00\",\"mainEntityOfPage\":{\"@id\":\"https:\/\/www.africa-press.net\/cotedivoire\/politique\/congres-du-pdci-rda-les-membres-du-comite-electoral-connus-kakou-gervais-designe-president\"},\"wordCount\":296,\"commentCount\":0,\"image\":{\"@id\":\"https:\/\/www.africa-press.net\/cotedivoire\/politique\/congres-du-pdci-rda-les-membres-du-comite-electoral-connus-kakou-gervais-designe-president#primaryimage\"},\"thumbnailUrl\":\"https:\/\/static.africa-press.net\/cote\/sites\/43\/2023\/11\/sm_1699525504.873127.jpg\",\"keywords\":[\"Africa Press\",\"Africa Press-C\u00f4te d'Ivoire\",\"candidatures\",\"congr\u00e8s\",\"C\u00d4TE D'IVOIRE\",\"\u00e9lectoral\",\"Gervais Kakou\",\"PDCI-RDA\",\"Philippe Cowppli\"],\"articleSection\":[\"Politique\",\"Toutes les actualit\u00e9s\"],\"inLanguage\":\"fr-FR\",\"potentialAction\":[{\"@type\":\"CommentAction\",\"name\":\"Comment\",\"target\":[\"https:\/\/www.africa-press.net\/cotedivoire\/politique\/congres-du-pdci-rda-les-membres-du-comite-electoral-connus-kakou-gervais-designe-president#respond\"]}]},{\"@type\":\"WebPage\",\"@id\":\"https:\/\/www.africa-press.net\/cotedivoire\/politique\/congres-du-pdci-rda-les-membres-du-comite-electoral-connus-kakou-gervais-designe-president\",\"url\":\"https:\/\/www.africa-press.net\/cotedivoire\/politique\/congres-du-pdci-rda-les-membres-du-comite-electoral-connus-kakou-gervais-designe-president\",\"name\":\"Congr\u00e8s du PDCI-RDA, les Membres du Comit\u00e9 Electoral connus, Kakou Gervais d\u00e9sign\u00e9 pr\u00e9sident - C\u00f4te d&#039;Ivoire\",\"isPartOf\":{\"@id\":\"https:\/\/www.africa-press.net\/cotedivoire\/#website\"},\"primaryImageOfPage\":{\"@id\":\"https:\/\/www.africa-press.net\/cotedivoire\/politique\/congres-du-pdci-rda-les-membres-du-comite-electoral-connus-kakou-gervais-designe-president#primaryimage\"},\"image\":{\"@id\":\"https:\/\/www.africa-press.net\/cotedivoire\/politique\/congres-du-pdci-rda-les-membres-du-comite-electoral-connus-kakou-gervais-designe-president#primaryimage\"},\"thumbnailUrl\":\"https:\/\/static.africa-press.net\/cote\/sites\/43\/2023\/11\/sm_1699525504.873127.jpg\",\"datePublished\":\"2023-11-09T13:02:09+00:00\",\"dateModified\":\"2023-11-09T13:56:02+00:00\",\"author\":{\"@id\":\"https:\/\/www.africa-press.net\/cotedivoire\/#\/schema\/person\/2b1cf3cd81a31e3cd26889ca66d677f1\"},\"description\":\"Les Membres du Comite\u0301 E\u0301lectoral pour la pre\u0301sidence du PDCI-RDA au Congre\u0300s Extraordinaire du 16 de\u0301cembre prochain so ...\",\"breadcrumb\":{\"@id\":\"https:\/\/www.africa-press.net\/cotedivoire\/politique\/congres-du-pdci-rda-les-membres-du-comite-electoral-connus-kakou-gervais-designe-president#breadcrumb\"},\"inLanguage\":\"fr-FR\",\"potentialAction\":[{\"@type\":\"ReadAction\",\"target\":[\"https:\/\/www.africa-press.net\/cotedivoire\/politique\/congres-du-pdci-rda-les-membres-du-comite-electoral-connus-kakou-gervais-designe-president\"]}]},{\"@type\":\"ImageObject\",\"inLanguage\":\"fr-FR\",\"@id\":\"https:\/\/www.africa-press.net\/cotedivoire\/politique\/congres-du-pdci-rda-les-membres-du-comite-electoral-connus-kakou-gervais-designe-president#primaryimage\",\"url\":\"https:\/\/static.africa-press.net\/cote\/sites\/43\/2023\/11\/sm_1699525504.873127.jpg\",\"contentUrl\":\"https:\/\/static.africa-press.net\/cote\/sites\/43\/2023\/11\/sm_1699525504.873127.jpg\",\"width\":720,\"height\":494,\"caption\":\"Congr\u00e8s du PDCI-RDA, les Membres du Comit\u00e9 Electoral connus, Kakou Gervais d\u00e9sign\u00e9 pr\u00e9sident\"},{\"@type\":\"BreadcrumbList\",\"@id\":\"https:\/\/www.africa-press.net\/cotedivoire\/politique\/congres-du-pdci-rda-les-membres-du-comite-electoral-connus-kakou-gervais-designe-president#breadcrumb\",\"itemListElement\":[{\"@type\":\"ListItem\",\"position\":1,\"name\":\"Accueil\",\"item\":\"https:\/\/www.africa-press.net\/cotedivoire\/\"},{\"@type\":\"ListItem\",\"position\":2,\"name\":\"Congr\u00e8s du PDCI-RDA, les Membres du Comit\u00e9 Electoral connus, Kakou Gervais d\u00e9sign\u00e9 pr\u00e9sident\"}]},{\"@type\":\"WebSite\",\"@id\":\"https:\/\/www.africa-press.net\/cotedivoire\/#website\",\"url\":\"https:\/\/www.africa-press.net\/cotedivoire\/\",\"name\":\"C\u00f4te d&#039;Ivoire\",\"description\":\"Just another Africa News Agency Sites site\",\"potentialAction\":[{\"@type\":\"SearchAction\",\"target\":{\"@type\":\"EntryPoint\",\"urlTemplate\":\"https:\/\/www.africa-press.net\/cotedivoire\/?s={search_term_string}\"},\"query-input\":{\"@type\":\"PropertyValueSpecification\",\"valueRequired\":true,\"valueName\":\"search_term_string\"}}],\"inLanguage\":\"fr-FR\"},{\"@type\":\"Person\",\"@id\":\"https:\/\/www.africa-press.net\/cotedivoire\/#\/schema\/person\/2b1cf3cd81a31e3cd26889ca66d677f1\",\"name\":\"cfeditorfr\"}]}<\/script>\n<!-- \/ Yoast SEO Premium plugin. -->","yoast_head_json":{"title":"Congr\u00e8s du PDCI-RDA, les Membres du Comit\u00e9 Electoral connus, Kakou Gervais d\u00e9sign\u00e9 pr\u00e9sident - C\u00f4te d&#039;Ivoire","description":"Les Membres du Comite\u0301 E\u0301lectoral pour la pre\u0301sidence du PDCI-RDA au Congre\u0300s Extraordinaire du 16 de\u0301cembre prochain so ...","robots":{"index":"index","follow":"follow","max-snippet":"max-snippet:-1","max-image-preview":"max-image-preview:large","max-video-preview":"max-video-preview:-1"},"canonical":"https:\/\/www.africa-press.net\/cotedivoire\/politique\/congres-du-pdci-rda-les-membres-du-comite-electoral-connus-kakou-gervais-designe-president","og_locale":"fr_FR","og_type":"article","og_title":"Congr\u00e8s du PDCI-RDA, les Membres du Comit\u00e9 Electoral connus, Kakou Gervais d\u00e9sign\u00e9 pr\u00e9sident","og_description":"Les Membres du Comite\u0301 E\u0301lectoral pour la pre\u0301sidence du PDCI-RDA au Congre\u0300s Extraordinaire du 16 de\u0301cembre prochain so ...","og_url":"https:\/\/www.africa-press.net\/cotedivoire\/politique\/congres-du-pdci-rda-les-membres-du-comite-electoral-connus-kakou-gervais-designe-president","og_site_name":"C\u00f4te d&#039;Ivoire","article_published_time":"2023-11-09T13:02:09+00:00","article_modified_time":"2023-11-09T13:56:02+00:00","og_image":[{"width":720,"height":494,"url":"https:\/\/static.africa-press.net\/cote\/sites\/43\/2023\/11\/sm_1699525504.873127.jpg","type":"image\/jpeg"}],"author":"cfeditorfr","twitter_card":"summary_large_image","twitter_misc":{"\u00c9crit par":"cfeditorfr","Dur\u00e9e de lecture estim\u00e9e":"1 minute"},"schema":{"@context":"https:\/\/schema.org","@graph":[{"@type":"Article","@id":"https:\/\/www.africa-press.net\/cotedivoire\/politique\/congres-du-pdci-rda-les-membres-du-comite-electoral-connus-kakou-gervais-designe-president#article","isPartOf":{"@id":"https:\/\/www.africa-press.net\/cotedivoire\/politique\/congres-du-pdci-rda-les-membres-du-comite-electoral-connus-kakou-gervais-designe-president"},"author":{"name":"cfeditorfr","@id":"https:\/\/www.africa-press.net\/cotedivoire\/#\/schema\/person\/2b1cf3cd81a31e3cd26889ca66d677f1"},"headline":"Congr\u00e8s du PDCI-RDA, les Membres du Comit\u00e9 Electoral connus, Kakou Gervais d\u00e9sign\u00e9 pr\u00e9sident","datePublished":"2023-11-09T13:02:09+00:00","dateModified":"2023-11-09T13:56:02+00:00","mainEntityOfPage":{"@id":"https:\/\/www.africa-press.net\/cotedivoire\/politique\/congres-du-pdci-rda-les-membres-du-comite-electoral-connus-kakou-gervais-designe-president"},"wordCount":296,"commentCount":0,"image":{"@id":"https:\/\/www.africa-press.net\/cotedivoire\/politique\/congres-du-pdci-rda-les-membres-du-comite-electoral-connus-kakou-gervais-designe-president#primaryimage"},"thumbnailUrl":"https:\/\/static.africa-press.net\/cote\/sites\/43\/2023\/11\/sm_1699525504.873127.jpg","keywords":["Africa Press","Africa Press-C\u00f4te d'Ivoire","candidatures","congr\u00e8s","C\u00d4TE D'IVOIRE","\u00e9lectoral","Gervais Kakou","PDCI-RDA","Philippe Cowppli"],"articleSection":["Politique","Toutes les actualit\u00e9s"],"inLanguage":"fr-FR","potentialAction":[{"@type":"CommentAction","name":"Comment","target":["https:\/\/www.africa-press.net\/cotedivoire\/politique\/congres-du-pdci-rda-les-membres-du-comite-electoral-connus-kakou-gervais-designe-president#respond"]}]},{"@type":"WebPage","@id":"https:\/\/www.africa-press.net\/cotedivoire\/politique\/congres-du-pdci-rda-les-membres-du-comite-electoral-connus-kakou-gervais-designe-president","url":"https:\/\/www.africa-press.net\/cotedivoire\/politique\/congres-du-pdci-rda-les-membres-du-comite-electoral-connus-kakou-gervais-designe-president","name":"Congr\u00e8s du PDCI-RDA, les Membres du Comit\u00e9 Electoral connus, Kakou Gervais d\u00e9sign\u00e9 pr\u00e9sident - C\u00f4te d&#039;Ivoire","isPartOf":{"@id":"https:\/\/www.africa-press.net\/cotedivoire\/#website"},"primaryImageOfPage":{"@id":"https:\/\/www.africa-press.net\/cotedivoire\/politique\/congres-du-pdci-rda-les-membres-du-comite-electoral-connus-kakou-gervais-designe-president#primaryimage"},"image":{"@id":"https:\/\/www.africa-press.net\/cotedivoire\/politique\/congres-du-pdci-rda-les-membres-du-comite-electoral-connus-kakou-gervais-designe-president#primaryimage"},"thumbnailUrl":"https:\/\/static.africa-press.net\/cote\/sites\/43\/2023\/11\/sm_1699525504.873127.jpg","datePublished":"2023-11-09T13:02:09+00:00","dateModified":"2023-11-09T13:56:02+00:00","author":{"@id":"https:\/\/www.africa-press.net\/cotedivoire\/#\/schema\/person\/2b1cf3cd81a31e3cd26889ca66d677f1"},"description":"Les Membres du Comite\u0301 E\u0301lectoral pour la pre\u0301sidence du PDCI-RDA au Congre\u0300s Extraordinaire du 16 de\u0301cembre prochain so ...","breadcrumb":{"@id":"https:\/\/www.africa-press.net\/cotedivoire\/politique\/congres-du-pdci-rda-les-membres-du-comite-electoral-connus-kakou-gervais-designe-president#breadcrumb"},"inLanguage":"fr-FR","potentialAction":[{"@type":"ReadAction","target":["https:\/\/www.africa-press.net\/cotedivoire\/politique\/congres-du-pdci-rda-les-membres-du-comite-electoral-connus-kakou-gervais-designe-president"]}]},{"@type":"ImageObject","inLanguage":"fr-FR","@id":"https:\/\/www.africa-press.net\/cotedivoire\/politique\/congres-du-pdci-rda-les-membres-du-comite-electoral-connus-kakou-gervais-designe-president#primaryimage","url":"https:\/\/static.africa-press.net\/cote\/sites\/43\/2023\/11\/sm_1699525504.873127.jpg","contentUrl":"https:\/\/static.africa-press.net\/cote\/sites\/43\/2023\/11\/sm_1699525504.873127.jpg","width":720,"height":494,"caption":"Congr\u00e8s du PDCI-RDA, les Membres du Comit\u00e9 Electoral connus, Kakou Gervais d\u00e9sign\u00e9 pr\u00e9sident"},{"@type":"BreadcrumbList","@id":"https:\/\/www.africa-press.net\/cotedivoire\/politique\/congres-du-pdci-rda-les-membres-du-comite-electoral-connus-kakou-gervais-designe-president#breadcrumb","itemListElement":[{"@type":"ListItem","position":1,"name":"Accueil","item":"https:\/\/www.africa-press.net\/cotedivoire\/"},{"@type":"ListItem","position":2,"name":"Congr\u00e8s du PDCI-RDA, les Membres du Comit\u00e9 Electoral connus, Kakou Gervais d\u00e9sign\u00e9 pr\u00e9sident"}]},{"@type":"WebSite","@id":"https:\/\/www.africa-press.net\/cotedivoire\/#website","url":"https:\/\/www.africa-press.net\/cotedivoire\/","name":"C\u00f4te d&#039;Ivoire","description":"Just another Africa News Agency Sites site","potentialAction":[{"@type":"SearchAction","target":{"@type":"EntryPoint","urlTemplate":"https:\/\/www.africa-press.net\/cotedivoire\/?s={search_term_string}"},"query-input":{"@type":"PropertyValueSpecification","valueRequired":true,"valueName":"search_term_string"}}],"inLanguage":"fr-FR"},{"@type":"Person","@id":"https:\/\/www.africa-press.net\/cotedivoire\/#\/schema\/person\/2b1cf3cd81a31e3cd26889ca66d677f1","name":"cfeditorfr"}]}},"_links":{"self":[{"href":"https:\/\/www.africa-press.net\/cotedivoire\/wp-json\/wp\/v2\/posts\/69299","targetHints":{"allow":["GET"]}}],"collection":[{"href":"https:\/\/www.africa-press.net\/cotedivoire\/wp-json\/wp\/v2\/posts"}],"about":[{"href":"https:\/\/www.africa-press.net\/cotedivoire\/wp-json\/wp\/v2\/types\/post"}],"author":[{"embeddable":true,"href":"https:\/\/www.africa-press.net\/cotedivoire\/wp-json\/wp\/v2\/users\/82"}],"replies":[{"embeddable":true,"href":"https:\/\/www.africa-press.net\/cotedivoire\/wp-json\/wp\/v2\/comments?post=69299"}],"version-history":[{"count":0,"href":"https:\/\/www.africa-press.net\/cotedivoire\/wp-json\/wp\/v2\/posts\/69299\/revisions"}],"wp:featuredmedia":[{"embeddable":true,"href":"https:\/\/www.africa-press.net\/cotedivoire\/wp-json\/wp\/v2\/media\/69297"}],"wp:attachment":[{"href":"https:\/\/www.africa-press.net\/cotedivoire\/wp-json\/wp\/v2\/media?parent=69299"}],"wp:term":[{"taxonomy":"category","embeddable":true,"href":"https:\/\/www.africa-press.net\/cotedivoire\/wp-json\/wp\/v2\/categories?post=69299"},{"taxonomy":"post_tag","embeddable":true,"href":"https:\/\/www.africa-press.net\/cotedivoire\/wp-json\/wp\/v2\/tags?post=69299"}],"curies":[{"name":"wp","href":"https:\/\/api.w.org\/{rel}","templated":true}]}}