{"id":70207,"date":"2023-11-23T13:48:32","date_gmt":"2023-11-23T13:48:32","guid":{"rendered":"https:\/\/www.africa-press.net\/cotedivoire\/politique\/le-rhdp-se-prepare-a-commemorer-le-30e-anniversaire-du-deces-du-president-felix-houphouet-boigny"},"modified":"2023-11-23T15:28:32","modified_gmt":"2023-11-23T15:28:32","slug":"le-rhdp-se-prepare-a-commemorer-le-30e-anniversaire-du-deces-du-president-felix-houphouet-boigny","status":"publish","type":"post","link":"https:\/\/www.africa-press.net\/cotedivoire\/politique\/le-rhdp-se-prepare-a-commemorer-le-30e-anniversaire-du-deces-du-president-felix-houphouet-boigny","title":{"rendered":"Le RHDP se pr\u00e9pare \u00e0 comm\u00e9morer le 30\u00e8 anniversaire du d\u00e9c\u00e8s du Pr\u00e9sident F\u00e9lix Houphou\u00ebt-Boigny"},"content":{"rendered":"<p><span style=\"color: #ff6600\"><strong>Africa-Press &#8211; C\u00f4te d&rsquo;Ivoire. <\/strong><\/span>Le Rassemblement des Houphoue\u0308tistes pour la De\u0301mocratie et la Paix (RHDP) se pre\u0301pare a\u0300 comme\u0301morer le 30e\u0300 anniversaire du de\u0301ce\u0300s du Premier pre\u0301sident ivoirien, Fe\u0301lix Houphoue\u0308t-Boigny le 7 de\u0301cembre 2023.<\/p>\n<p>C\u2019est l\u2019une des informations principales du Secre\u0301tariat Exe\u0301cutif du RHDP qui s\u2019est tenu le mercredi 22 novembre 2023 au sie\u0300ge du parti a\u0300 la Rue Lepic, a\u0300 Abidjan-Cocody sous la direction de Cisse\u0301 Ibrahima Bacongo, Secre\u0301taire Exe\u0301cutif dudit parti.<\/p>\n<p>Cette seizie\u0300me (16e\u0300) se\u0301ance de travail avait a\u0300 son ordre du jour sept (07) points principaux, a\u0300 savoir : Informations ; Analyse de la situation sociopolitique ; E\u0301lections partielles du 2 de\u0301cembre et le lancement de la campagne e\u0301lectorale le 24 novembre 2023 ; Point sur le se\u0301minaire du 17 au 19 novembre 2023 ; Point de la plateforme E-militants et ce\u0301re\u0301monie de lancement de la production des cartes le 30 novembre 2023 ; Assemble\u0301es ge\u0301ne\u0301rales e\u0301lectives des jeunes et des femmes respectivement les 6 et 16 de\u0301cembre 2023 et ce\u0301re\u0301monie de comme\u0301moration du 30e\u0300 anniversaire du de\u0301ce\u0300s du Pre\u0301sident Fe\u0301lix Houphoue\u0308t-Boigny le 7 de\u0301cembre 2023.<\/p>\n<p>\u00ab Au terme de cette rencontre, le Secre\u0301taire Exe\u0301cutif a tenu a\u0300 fe\u0301liciter les membres du Secre\u0301tariat Exe\u0301cutif et insiste\u0301 sur la pre\u0301sence assidue de chacun aux re\u0301unions du Secre\u0301tariat Exe\u0301cutif \u00bb, note-t-on.<\/p>\n<p><strong>Pour plus d&rsquo;informations et d&rsquo;analyses sur la <a href=\"https:\/\/www.africa-press.net\/cotedivoire\">C\u00f4te d&rsquo;Ivoire<\/a>, suivez <a href=\"https:\/\/www.africa-press.net\/\">Africa-Press<\/a><\/strong><\/p>\n","protected":false},"excerpt":{"rendered":"<p>Africa-Press &#8211; C\u00f4te d&rsquo;Ivoire. Le Rassemblement des Houphoue\u0308tistes pour la De\u0301mocratie et la Paix (RHDP) se pre\u0301pare a\u0300 comme\u0301morer le 30e\u0300 anniversaire du de\u0301ce\u0300s du Premier pre\u0301sident ivoirien, Fe\u0301lix Houphoue\u0308t-Boigny le 7 de\u0301cembre 2023. C\u2019est l\u2019une des informations principales du Secre\u0301tariat Exe\u0301cutif du RHDP qui s\u2019est tenu le mercredi 22 novembre 2023 au sie\u0300ge du [&hellip;]<\/p>\n","protected":false},"author":82,"featured_media":70206,"comment_status":"open","ping_status":"closed","sticky":false,"template":"","format":"standard","meta":{"footnotes":""},"categories":[2,10],"tags":[56,63,951,11878,29,1349,11879,371,1350],"class_list":["post-70207","post","type-post","status-publish","format-standard","has-post-thumbnail","hentry","category-politique","category-toutes-les-actualites","tag-africa-press","tag-africa-press-cote-divoire","tag-cisse-bacongo","tag-commemorer","tag-cote-divoire","tag-executif","tag-houhouet-boigny","tag-rhdp","tag-secretariat"],"yoast_head":"<!-- This site is optimized with the Yoast SEO Premium plugin v26.1 (Yoast SEO v27.0) - https:\/\/yoast.com\/product\/yoast-seo-premium-wordpress\/ -->\n<title>Le RHDP se pr\u00e9pare \u00e0 comm\u00e9morer le 30\u00e8 anniversaire du d\u00e9c\u00e8s du Pr\u00e9sident F\u00e9lix Houphou\u00ebt-Boigny - C\u00f4te d&#039;Ivoire<\/title>\n<meta name=\"description\" content=\"Le Rassemblement des Houphoue\u0308tistes pour la De\u0301mocratie et la Paix (RHDP) se pre\u0301pare a\u0300 comme\u0301morer le 30e\u0300 anniversai ...\" \/>\n<meta name=\"robots\" content=\"index, follow, max-snippet:-1, max-image-preview:large, max-video-preview:-1\" \/>\n<link rel=\"canonical\" href=\"https:\/\/www.africa-press.net\/cotedivoire\/politique\/le-rhdp-se-prepare-a-commemorer-le-30e-anniversaire-du-deces-du-president-felix-houphouet-boigny\" \/>\n<meta property=\"og:locale\" content=\"fr_FR\" \/>\n<meta property=\"og:type\" content=\"article\" \/>\n<meta property=\"og:title\" content=\"Le RHDP se pr\u00e9pare \u00e0 comm\u00e9morer le 30\u00e8 anniversaire du d\u00e9c\u00e8s du Pr\u00e9sident F\u00e9lix Houphou\u00ebt-Boigny\" \/>\n<meta property=\"og:description\" content=\"Le Rassemblement des Houphoue\u0308tistes pour la De\u0301mocratie et la Paix (RHDP) se pre\u0301pare a\u0300 comme\u0301morer le 30e\u0300 anniversai ...\" \/>\n<meta property=\"og:url\" content=\"https:\/\/www.africa-press.net\/cotedivoire\/politique\/le-rhdp-se-prepare-a-commemorer-le-30e-anniversaire-du-deces-du-president-felix-houphouet-boigny\" \/>\n<meta property=\"og:site_name\" content=\"C\u00f4te d&#039;Ivoire\" \/>\n<meta property=\"article:published_time\" content=\"2023-11-23T13:48:32+00:00\" \/>\n<meta property=\"article:modified_time\" content=\"2023-11-23T15:28:32+00:00\" \/>\n<meta property=\"og:image\" content=\"https:\/\/static.africa-press.net\/cote\/sites\/43\/2023\/11\/sm_1700740444.293914.jpg\" \/>\n\t<meta property=\"og:image:width\" content=\"720\" \/>\n\t<meta property=\"og:image:height\" content=\"480\" \/>\n\t<meta property=\"og:image:type\" content=\"image\/jpeg\" \/>\n<meta name=\"author\" content=\"cfeditorfr\" \/>\n<meta name=\"twitter:card\" content=\"summary_large_image\" \/>\n<meta name=\"twitter:label1\" content=\"\u00c9crit par\" \/>\n\t<meta name=\"twitter:data1\" content=\"cfeditorfr\" \/>\n\t<meta name=\"twitter:label2\" content=\"Dur\u00e9e de lecture estim\u00e9e\" \/>\n\t<meta name=\"twitter:data2\" content=\"2 minutes\" \/>\n<script type=\"application\/ld+json\" class=\"yoast-schema-graph\">{\"@context\":\"https:\/\/schema.org\",\"@graph\":[{\"@type\":\"Article\",\"@id\":\"https:\/\/www.africa-press.net\/cotedivoire\/politique\/le-rhdp-se-prepare-a-commemorer-le-30e-anniversaire-du-deces-du-president-felix-houphouet-boigny#article\",\"isPartOf\":{\"@id\":\"https:\/\/www.africa-press.net\/cotedivoire\/politique\/le-rhdp-se-prepare-a-commemorer-le-30e-anniversaire-du-deces-du-president-felix-houphouet-boigny\"},\"author\":{\"name\":\"cfeditorfr\",\"@id\":\"https:\/\/www.africa-press.net\/cotedivoire\/#\/schema\/person\/2b1cf3cd81a31e3cd26889ca66d677f1\"},\"headline\":\"Le RHDP se pr\u00e9pare \u00e0 comm\u00e9morer le 30\u00e8 anniversaire du d\u00e9c\u00e8s du Pr\u00e9sident F\u00e9lix Houphou\u00ebt-Boigny\",\"datePublished\":\"2023-11-23T13:48:32+00:00\",\"dateModified\":\"2023-11-23T15:28:32+00:00\",\"mainEntityOfPage\":{\"@id\":\"https:\/\/www.africa-press.net\/cotedivoire\/politique\/le-rhdp-se-prepare-a-commemorer-le-30e-anniversaire-du-deces-du-president-felix-houphouet-boigny\"},\"wordCount\":272,\"commentCount\":0,\"image\":{\"@id\":\"https:\/\/www.africa-press.net\/cotedivoire\/politique\/le-rhdp-se-prepare-a-commemorer-le-30e-anniversaire-du-deces-du-president-felix-houphouet-boigny#primaryimage\"},\"thumbnailUrl\":\"https:\/\/static.africa-press.net\/cote\/sites\/43\/2023\/11\/sm_1700740444.293914.jpg\",\"keywords\":[\"Africa Press\",\"Africa Press-C\u00f4te d'Ivoire\",\"Ciss\u00e9 Bacongo\",\"comm\u00e9morer\",\"C\u00d4TE D'IVOIRE\",\"Ex\u00e9cutif\",\"Houhou\u00ebt-Boigny\",\"RHDP\",\"S\u00e9cr\u00e9tariat\"],\"articleSection\":[\"Politique\",\"Toutes les actualit\u00e9s\"],\"inLanguage\":\"fr-FR\",\"potentialAction\":[{\"@type\":\"CommentAction\",\"name\":\"Comment\",\"target\":[\"https:\/\/www.africa-press.net\/cotedivoire\/politique\/le-rhdp-se-prepare-a-commemorer-le-30e-anniversaire-du-deces-du-president-felix-houphouet-boigny#respond\"]}]},{\"@type\":\"WebPage\",\"@id\":\"https:\/\/www.africa-press.net\/cotedivoire\/politique\/le-rhdp-se-prepare-a-commemorer-le-30e-anniversaire-du-deces-du-president-felix-houphouet-boigny\",\"url\":\"https:\/\/www.africa-press.net\/cotedivoire\/politique\/le-rhdp-se-prepare-a-commemorer-le-30e-anniversaire-du-deces-du-president-felix-houphouet-boigny\",\"name\":\"Le RHDP se pr\u00e9pare \u00e0 comm\u00e9morer le 30\u00e8 anniversaire du d\u00e9c\u00e8s du Pr\u00e9sident F\u00e9lix Houphou\u00ebt-Boigny - C\u00f4te d&#039;Ivoire\",\"isPartOf\":{\"@id\":\"https:\/\/www.africa-press.net\/cotedivoire\/#website\"},\"primaryImageOfPage\":{\"@id\":\"https:\/\/www.africa-press.net\/cotedivoire\/politique\/le-rhdp-se-prepare-a-commemorer-le-30e-anniversaire-du-deces-du-president-felix-houphouet-boigny#primaryimage\"},\"image\":{\"@id\":\"https:\/\/www.africa-press.net\/cotedivoire\/politique\/le-rhdp-se-prepare-a-commemorer-le-30e-anniversaire-du-deces-du-president-felix-houphouet-boigny#primaryimage\"},\"thumbnailUrl\":\"https:\/\/static.africa-press.net\/cote\/sites\/43\/2023\/11\/sm_1700740444.293914.jpg\",\"datePublished\":\"2023-11-23T13:48:32+00:00\",\"dateModified\":\"2023-11-23T15:28:32+00:00\",\"author\":{\"@id\":\"https:\/\/www.africa-press.net\/cotedivoire\/#\/schema\/person\/2b1cf3cd81a31e3cd26889ca66d677f1\"},\"description\":\"Le Rassemblement des Houphoue\u0308tistes pour la De\u0301mocratie et la Paix (RHDP) se pre\u0301pare a\u0300 comme\u0301morer le 30e\u0300 anniversai ...\",\"breadcrumb\":{\"@id\":\"https:\/\/www.africa-press.net\/cotedivoire\/politique\/le-rhdp-se-prepare-a-commemorer-le-30e-anniversaire-du-deces-du-president-felix-houphouet-boigny#breadcrumb\"},\"inLanguage\":\"fr-FR\",\"potentialAction\":[{\"@type\":\"ReadAction\",\"target\":[\"https:\/\/www.africa-press.net\/cotedivoire\/politique\/le-rhdp-se-prepare-a-commemorer-le-30e-anniversaire-du-deces-du-president-felix-houphouet-boigny\"]}]},{\"@type\":\"ImageObject\",\"inLanguage\":\"fr-FR\",\"@id\":\"https:\/\/www.africa-press.net\/cotedivoire\/politique\/le-rhdp-se-prepare-a-commemorer-le-30e-anniversaire-du-deces-du-president-felix-houphouet-boigny#primaryimage\",\"url\":\"https:\/\/static.africa-press.net\/cote\/sites\/43\/2023\/11\/sm_1700740444.293914.jpg\",\"contentUrl\":\"https:\/\/static.africa-press.net\/cote\/sites\/43\/2023\/11\/sm_1700740444.293914.jpg\",\"width\":720,\"height\":480,\"caption\":\"Le RHDP se pr\u00e9pare \u00e0 comm\u00e9morer le 30\u00e8 anniversaire du d\u00e9c\u00e8s du Pr\u00e9sident F\u00e9lix Houphou\u00ebt-Boigny\"},{\"@type\":\"BreadcrumbList\",\"@id\":\"https:\/\/www.africa-press.net\/cotedivoire\/politique\/le-rhdp-se-prepare-a-commemorer-le-30e-anniversaire-du-deces-du-president-felix-houphouet-boigny#breadcrumb\",\"itemListElement\":[{\"@type\":\"ListItem\",\"position\":1,\"name\":\"Accueil\",\"item\":\"https:\/\/www.africa-press.net\/cotedivoire\/\"},{\"@type\":\"ListItem\",\"position\":2,\"name\":\"Le RHDP se pr\u00e9pare \u00e0 comm\u00e9morer le 30\u00e8 anniversaire du d\u00e9c\u00e8s du Pr\u00e9sident F\u00e9lix Houphou\u00ebt-Boigny\"}]},{\"@type\":\"WebSite\",\"@id\":\"https:\/\/www.africa-press.net\/cotedivoire\/#website\",\"url\":\"https:\/\/www.africa-press.net\/cotedivoire\/\",\"name\":\"C\u00f4te d&#039;Ivoire\",\"description\":\"Just another Africa News Agency Sites site\",\"potentialAction\":[{\"@type\":\"SearchAction\",\"target\":{\"@type\":\"EntryPoint\",\"urlTemplate\":\"https:\/\/www.africa-press.net\/cotedivoire\/?s={search_term_string}\"},\"query-input\":{\"@type\":\"PropertyValueSpecification\",\"valueRequired\":true,\"valueName\":\"search_term_string\"}}],\"inLanguage\":\"fr-FR\"},{\"@type\":\"Person\",\"@id\":\"https:\/\/www.africa-press.net\/cotedivoire\/#\/schema\/person\/2b1cf3cd81a31e3cd26889ca66d677f1\",\"name\":\"cfeditorfr\"}]}<\/script>\n<!-- \/ Yoast SEO Premium plugin. -->","yoast_head_json":{"title":"Le RHDP se pr\u00e9pare \u00e0 comm\u00e9morer le 30\u00e8 anniversaire du d\u00e9c\u00e8s du Pr\u00e9sident F\u00e9lix Houphou\u00ebt-Boigny - C\u00f4te d&#039;Ivoire","description":"Le Rassemblement des Houphoue\u0308tistes pour la De\u0301mocratie et la Paix (RHDP) se pre\u0301pare a\u0300 comme\u0301morer le 30e\u0300 anniversai ...","robots":{"index":"index","follow":"follow","max-snippet":"max-snippet:-1","max-image-preview":"max-image-preview:large","max-video-preview":"max-video-preview:-1"},"canonical":"https:\/\/www.africa-press.net\/cotedivoire\/politique\/le-rhdp-se-prepare-a-commemorer-le-30e-anniversaire-du-deces-du-president-felix-houphouet-boigny","og_locale":"fr_FR","og_type":"article","og_title":"Le RHDP se pr\u00e9pare \u00e0 comm\u00e9morer le 30\u00e8 anniversaire du d\u00e9c\u00e8s du Pr\u00e9sident F\u00e9lix Houphou\u00ebt-Boigny","og_description":"Le Rassemblement des Houphoue\u0308tistes pour la De\u0301mocratie et la Paix (RHDP) se pre\u0301pare a\u0300 comme\u0301morer le 30e\u0300 anniversai ...","og_url":"https:\/\/www.africa-press.net\/cotedivoire\/politique\/le-rhdp-se-prepare-a-commemorer-le-30e-anniversaire-du-deces-du-president-felix-houphouet-boigny","og_site_name":"C\u00f4te d&#039;Ivoire","article_published_time":"2023-11-23T13:48:32+00:00","article_modified_time":"2023-11-23T15:28:32+00:00","og_image":[{"width":720,"height":480,"url":"https:\/\/static.africa-press.net\/cote\/sites\/43\/2023\/11\/sm_1700740444.293914.jpg","type":"image\/jpeg"}],"author":"cfeditorfr","twitter_card":"summary_large_image","twitter_misc":{"\u00c9crit par":"cfeditorfr","Dur\u00e9e de lecture estim\u00e9e":"2 minutes"},"schema":{"@context":"https:\/\/schema.org","@graph":[{"@type":"Article","@id":"https:\/\/www.africa-press.net\/cotedivoire\/politique\/le-rhdp-se-prepare-a-commemorer-le-30e-anniversaire-du-deces-du-president-felix-houphouet-boigny#article","isPartOf":{"@id":"https:\/\/www.africa-press.net\/cotedivoire\/politique\/le-rhdp-se-prepare-a-commemorer-le-30e-anniversaire-du-deces-du-president-felix-houphouet-boigny"},"author":{"name":"cfeditorfr","@id":"https:\/\/www.africa-press.net\/cotedivoire\/#\/schema\/person\/2b1cf3cd81a31e3cd26889ca66d677f1"},"headline":"Le RHDP se pr\u00e9pare \u00e0 comm\u00e9morer le 30\u00e8 anniversaire du d\u00e9c\u00e8s du Pr\u00e9sident F\u00e9lix Houphou\u00ebt-Boigny","datePublished":"2023-11-23T13:48:32+00:00","dateModified":"2023-11-23T15:28:32+00:00","mainEntityOfPage":{"@id":"https:\/\/www.africa-press.net\/cotedivoire\/politique\/le-rhdp-se-prepare-a-commemorer-le-30e-anniversaire-du-deces-du-president-felix-houphouet-boigny"},"wordCount":272,"commentCount":0,"image":{"@id":"https:\/\/www.africa-press.net\/cotedivoire\/politique\/le-rhdp-se-prepare-a-commemorer-le-30e-anniversaire-du-deces-du-president-felix-houphouet-boigny#primaryimage"},"thumbnailUrl":"https:\/\/static.africa-press.net\/cote\/sites\/43\/2023\/11\/sm_1700740444.293914.jpg","keywords":["Africa Press","Africa Press-C\u00f4te d'Ivoire","Ciss\u00e9 Bacongo","comm\u00e9morer","C\u00d4TE D'IVOIRE","Ex\u00e9cutif","Houhou\u00ebt-Boigny","RHDP","S\u00e9cr\u00e9tariat"],"articleSection":["Politique","Toutes les actualit\u00e9s"],"inLanguage":"fr-FR","potentialAction":[{"@type":"CommentAction","name":"Comment","target":["https:\/\/www.africa-press.net\/cotedivoire\/politique\/le-rhdp-se-prepare-a-commemorer-le-30e-anniversaire-du-deces-du-president-felix-houphouet-boigny#respond"]}]},{"@type":"WebPage","@id":"https:\/\/www.africa-press.net\/cotedivoire\/politique\/le-rhdp-se-prepare-a-commemorer-le-30e-anniversaire-du-deces-du-president-felix-houphouet-boigny","url":"https:\/\/www.africa-press.net\/cotedivoire\/politique\/le-rhdp-se-prepare-a-commemorer-le-30e-anniversaire-du-deces-du-president-felix-houphouet-boigny","name":"Le RHDP se pr\u00e9pare \u00e0 comm\u00e9morer le 30\u00e8 anniversaire du d\u00e9c\u00e8s du Pr\u00e9sident F\u00e9lix Houphou\u00ebt-Boigny - C\u00f4te d&#039;Ivoire","isPartOf":{"@id":"https:\/\/www.africa-press.net\/cotedivoire\/#website"},"primaryImageOfPage":{"@id":"https:\/\/www.africa-press.net\/cotedivoire\/politique\/le-rhdp-se-prepare-a-commemorer-le-30e-anniversaire-du-deces-du-president-felix-houphouet-boigny#primaryimage"},"image":{"@id":"https:\/\/www.africa-press.net\/cotedivoire\/politique\/le-rhdp-se-prepare-a-commemorer-le-30e-anniversaire-du-deces-du-president-felix-houphouet-boigny#primaryimage"},"thumbnailUrl":"https:\/\/static.africa-press.net\/cote\/sites\/43\/2023\/11\/sm_1700740444.293914.jpg","datePublished":"2023-11-23T13:48:32+00:00","dateModified":"2023-11-23T15:28:32+00:00","author":{"@id":"https:\/\/www.africa-press.net\/cotedivoire\/#\/schema\/person\/2b1cf3cd81a31e3cd26889ca66d677f1"},"description":"Le Rassemblement des Houphoue\u0308tistes pour la De\u0301mocratie et la Paix (RHDP) se pre\u0301pare a\u0300 comme\u0301morer le 30e\u0300 anniversai ...","breadcrumb":{"@id":"https:\/\/www.africa-press.net\/cotedivoire\/politique\/le-rhdp-se-prepare-a-commemorer-le-30e-anniversaire-du-deces-du-president-felix-houphouet-boigny#breadcrumb"},"inLanguage":"fr-FR","potentialAction":[{"@type":"ReadAction","target":["https:\/\/www.africa-press.net\/cotedivoire\/politique\/le-rhdp-se-prepare-a-commemorer-le-30e-anniversaire-du-deces-du-president-felix-houphouet-boigny"]}]},{"@type":"ImageObject","inLanguage":"fr-FR","@id":"https:\/\/www.africa-press.net\/cotedivoire\/politique\/le-rhdp-se-prepare-a-commemorer-le-30e-anniversaire-du-deces-du-president-felix-houphouet-boigny#primaryimage","url":"https:\/\/static.africa-press.net\/cote\/sites\/43\/2023\/11\/sm_1700740444.293914.jpg","contentUrl":"https:\/\/static.africa-press.net\/cote\/sites\/43\/2023\/11\/sm_1700740444.293914.jpg","width":720,"height":480,"caption":"Le RHDP se pr\u00e9pare \u00e0 comm\u00e9morer le 30\u00e8 anniversaire du d\u00e9c\u00e8s du Pr\u00e9sident F\u00e9lix Houphou\u00ebt-Boigny"},{"@type":"BreadcrumbList","@id":"https:\/\/www.africa-press.net\/cotedivoire\/politique\/le-rhdp-se-prepare-a-commemorer-le-30e-anniversaire-du-deces-du-president-felix-houphouet-boigny#breadcrumb","itemListElement":[{"@type":"ListItem","position":1,"name":"Accueil","item":"https:\/\/www.africa-press.net\/cotedivoire\/"},{"@type":"ListItem","position":2,"name":"Le RHDP se pr\u00e9pare \u00e0 comm\u00e9morer le 30\u00e8 anniversaire du d\u00e9c\u00e8s du Pr\u00e9sident F\u00e9lix Houphou\u00ebt-Boigny"}]},{"@type":"WebSite","@id":"https:\/\/www.africa-press.net\/cotedivoire\/#website","url":"https:\/\/www.africa-press.net\/cotedivoire\/","name":"C\u00f4te d&#039;Ivoire","description":"Just another Africa News Agency Sites site","potentialAction":[{"@type":"SearchAction","target":{"@type":"EntryPoint","urlTemplate":"https:\/\/www.africa-press.net\/cotedivoire\/?s={search_term_string}"},"query-input":{"@type":"PropertyValueSpecification","valueRequired":true,"valueName":"search_term_string"}}],"inLanguage":"fr-FR"},{"@type":"Person","@id":"https:\/\/www.africa-press.net\/cotedivoire\/#\/schema\/person\/2b1cf3cd81a31e3cd26889ca66d677f1","name":"cfeditorfr"}]}},"_links":{"self":[{"href":"https:\/\/www.africa-press.net\/cotedivoire\/wp-json\/wp\/v2\/posts\/70207","targetHints":{"allow":["GET"]}}],"collection":[{"href":"https:\/\/www.africa-press.net\/cotedivoire\/wp-json\/wp\/v2\/posts"}],"about":[{"href":"https:\/\/www.africa-press.net\/cotedivoire\/wp-json\/wp\/v2\/types\/post"}],"author":[{"embeddable":true,"href":"https:\/\/www.africa-press.net\/cotedivoire\/wp-json\/wp\/v2\/users\/82"}],"replies":[{"embeddable":true,"href":"https:\/\/www.africa-press.net\/cotedivoire\/wp-json\/wp\/v2\/comments?post=70207"}],"version-history":[{"count":0,"href":"https:\/\/www.africa-press.net\/cotedivoire\/wp-json\/wp\/v2\/posts\/70207\/revisions"}],"wp:featuredmedia":[{"embeddable":true,"href":"https:\/\/www.africa-press.net\/cotedivoire\/wp-json\/wp\/v2\/media\/70206"}],"wp:attachment":[{"href":"https:\/\/www.africa-press.net\/cotedivoire\/wp-json\/wp\/v2\/media?parent=70207"}],"wp:term":[{"taxonomy":"category","embeddable":true,"href":"https:\/\/www.africa-press.net\/cotedivoire\/wp-json\/wp\/v2\/categories?post=70207"},{"taxonomy":"post_tag","embeddable":true,"href":"https:\/\/www.africa-press.net\/cotedivoire\/wp-json\/wp\/v2\/tags?post=70207"}],"curies":[{"name":"wp","href":"https:\/\/api.w.org\/{rel}","templated":true}]}}