{"id":70305,"date":"2023-11-25T16:11:22","date_gmt":"2023-11-25T16:11:22","guid":{"rendered":"https:\/\/www.africa-press.net\/cotedivoire\/politique\/amelioration-de-la-gestion-des-entreprises-publiques-moussa-sanogo-echange-avec-les-experts-comptables"},"modified":"2023-11-25T16:32:23","modified_gmt":"2023-11-25T16:32:23","slug":"amelioration-de-la-gestion-des-entreprises-publiques-moussa-sanogo-echange-avec-les-experts-comptables","status":"publish","type":"post","link":"https:\/\/www.africa-press.net\/cotedivoire\/economie\/amelioration-de-la-gestion-des-entreprises-publiques-moussa-sanogo-echange-avec-les-experts-comptables","title":{"rendered":"Am\u00e9lioration de la gestion des entreprises publiques, Moussa Sanogo \u00e9change avec les experts comptables"},"content":{"rendered":"<p><span style=\"color: #ff6600\"><strong>Africa-Press &#8211; C\u00f4te d&rsquo;Ivoire. <\/strong><\/span>Le Ministre Moussa Sanogo, le ge\u0301ne\u0301ral du Portefeuille de l\u2019E\u0301tat et le pre\u0301sident de l&rsquo;ordre des experts compatbles au Plateau (Ph KOACI) Moussa Sanogo, ministre du Patrimoine, du Portefeuille de l\u2019E\u0301tat et des Entreprises publiques, Il a partage\u0301 la vision et les expertises de l\u2019E\u0301tat-actionnaire avec les experts-comptables, en matie\u0300re d\u2019ame\u0301lioration de la gouvernance des entreprises publiques. C\u2019e\u0301tait au cours d\u2019une rencontre dans la commune du Plateau, comme sur place constate\u0301 par KOACI. Profitant de cette se\u0301ance de travail avec les experts-comptables de Co\u0302te d\u2019Ivoire, Moussa Sanogo a aussi recueilli leurs contributions. Selon lui, les experts-comptables ont un ro\u0302le extre\u0302mement important dans la bonne marche d\u2019une entreprise, en particulier les entreprises publiques. \u00ab Ils expriment, de fac\u0327on pe\u0301riodique, une opinion sur la qualite\u0301 de la gestion et font des recommandations pour que les choses se passent mieux \u00bb, a fait savoir Moussa Sanogo. \u00ab Lorsque des recommandations sont formule\u0301es, il faut travailler a\u0300 les mettre en \u0153uvre. Nous prendrons les dispositions pour aller le plus vite possible, parce que nous sommes dans une conjoncture difficile et il faut apporter des re\u0301ponses aux pre\u0301occupations souleve\u0301es, de fac\u0327on a\u0300 anticiper la survenue de crises \u00bb, a-t-il ajoute\u0301 re\u0301pondant aux pre\u0301occupations des experts comptables, qui ont estime\u0301 que la non-prise en compte de leurs recommandations, le retard important dans la de\u0301mate\u0301rialisation des ta\u0302ches, le manque de cartographie des entreprises, est un proble\u0300me majeur qu\u2019ils rencontrent. Moussa Sanogo a salue\u0301 la disponibilite\u0301 des experts-comptables a\u0300 accompagner l\u2019E\u0301tat dans le suivi de la gouvernance et de la performance des entreprises publiques. Drissa Kone\u0301, pre\u0301sident de l\u2019ordre des experts-comptables s\u2019est quant a\u0300 lui fe\u0301licite\u0301 de la volonte\u0301 du ministre en charge des entreprises publiques d\u2019impliquer les professionnels de l\u2019audit et de la comptabilite\u0301 dans le suivi des entreprises du portefeuille de l\u2019E\u0301tat. Enfin, Seydou Bamba, directeur ge\u0301ne\u0301ral du Portefeuille de l\u2019E\u0301tat, a affirme\u0301 que les entreprises publiques jouent un ro\u0302le primordial dans la mise en \u0153uvre des politiques sectorielles de l\u2019E\u0301tat. <strong>Pour plus d&rsquo;informations et d&rsquo;analyses sur la <a href=\"https:\/\/www.africa-press.net\/cotedivoire\">C\u00f4te d&rsquo;Ivoire<\/a>, suivez <a href=\"https:\/\/www.africa-press.net\/\">Africa-Press<\/a><\/strong><\/p>\n","protected":false},"excerpt":{"rendered":"<p>Africa-Press &#8211; C\u00f4te d&rsquo;Ivoire. Le Ministre Moussa Sanogo, le ge\u0301ne\u0301ral du Portefeuille de l\u2019E\u0301tat et le pre\u0301sident de l&rsquo;ordre des experts compatbles au Plateau (Ph KOACI) Moussa Sanogo, ministre du Patrimoine, du Portefeuille de l\u2019E\u0301tat et des Entreprises publiques, Il a partage\u0301 la vision et les expertises de l\u2019E\u0301tat-actionnaire avec les experts-comptables, en matie\u0300re d\u2019ame\u0301lioration [&hellip;]<\/p>\n","protected":false},"author":82,"featured_media":70304,"comment_status":"open","ping_status":"closed","sticky":false,"template":"","format":"standard","meta":{"footnotes":""},"categories":[3,10],"tags":[56,63,11892,29,1102,527,11893],"class_list":["post-70305","post","type-post","status-publish","format-standard","has-post-thumbnail","hentry","category-economie","category-toutes-les-actualites","tag-africa-press","tag-africa-press-cote-divoire","tag-compatble","tag-cote-divoire","tag-moussa-sanogo","tag-plateau","tag-seydou-bamba"],"yoast_head":"<!-- This site is optimized with the Yoast SEO Premium plugin v26.1 (Yoast SEO v27.0) - https:\/\/yoast.com\/product\/yoast-seo-premium-wordpress\/ -->\n<title>Am\u00e9lioration de la gestion des entreprises publiques, Moussa Sanogo \u00e9change avec les experts comptables - C\u00f4te d&#039;Ivoire<\/title>\n<meta name=\"description\" content=\"Le Ministre Moussa Sanogo, le ge\u0301ne\u0301ral du Portefeuille de l\u2019E\u0301tat et le pre\u0301sident de l&#039;ordre des experts compatbles au ...\" \/>\n<meta name=\"robots\" content=\"index, follow, max-snippet:-1, max-image-preview:large, max-video-preview:-1\" \/>\n<link rel=\"canonical\" href=\"https:\/\/www.africa-press.net\/cotedivoire\/economie\/amelioration-de-la-gestion-des-entreprises-publiques-moussa-sanogo-echange-avec-les-experts-comptables\" \/>\n<meta property=\"og:locale\" content=\"fr_FR\" \/>\n<meta property=\"og:type\" content=\"article\" \/>\n<meta property=\"og:title\" content=\"Am\u00e9lioration de la gestion des entreprises publiques, Moussa Sanogo \u00e9change avec les experts comptables\" \/>\n<meta property=\"og:description\" content=\"Le Ministre Moussa Sanogo, le ge\u0301ne\u0301ral du Portefeuille de l\u2019E\u0301tat et le pre\u0301sident de l&#039;ordre des experts compatbles au ...\" \/>\n<meta property=\"og:url\" content=\"https:\/\/www.africa-press.net\/cotedivoire\/economie\/amelioration-de-la-gestion-des-entreprises-publiques-moussa-sanogo-echange-avec-les-experts-comptables\" \/>\n<meta property=\"og:site_name\" content=\"C\u00f4te d&#039;Ivoire\" \/>\n<meta property=\"article:published_time\" content=\"2023-11-25T16:11:22+00:00\" \/>\n<meta property=\"article:modified_time\" content=\"2023-11-25T16:32:23+00:00\" \/>\n<meta property=\"og:image\" content=\"https:\/\/static.africa-press.net\/cote\/sites\/43\/2023\/11\/sm_1700917070.01575.jpg\" \/>\n\t<meta property=\"og:image:width\" content=\"720\" \/>\n\t<meta property=\"og:image:height\" content=\"480\" \/>\n\t<meta property=\"og:image:type\" content=\"image\/jpeg\" \/>\n<meta name=\"author\" content=\"cfeditorfr\" \/>\n<meta name=\"twitter:card\" content=\"summary_large_image\" \/>\n<meta name=\"twitter:label1\" content=\"\u00c9crit par\" \/>\n\t<meta name=\"twitter:data1\" content=\"cfeditorfr\" \/>\n\t<meta name=\"twitter:label2\" content=\"Dur\u00e9e de lecture estim\u00e9e\" \/>\n\t<meta name=\"twitter:data2\" content=\"2 minutes\" \/>\n<script type=\"application\/ld+json\" class=\"yoast-schema-graph\">{\"@context\":\"https:\/\/schema.org\",\"@graph\":[{\"@type\":\"Article\",\"@id\":\"https:\/\/www.africa-press.net\/cotedivoire\/economie\/amelioration-de-la-gestion-des-entreprises-publiques-moussa-sanogo-echange-avec-les-experts-comptables#article\",\"isPartOf\":{\"@id\":\"https:\/\/www.africa-press.net\/cotedivoire\/economie\/amelioration-de-la-gestion-des-entreprises-publiques-moussa-sanogo-echange-avec-les-experts-comptables\"},\"author\":{\"name\":\"cfeditorfr\",\"@id\":\"https:\/\/www.africa-press.net\/cotedivoire\/#\/schema\/person\/2b1cf3cd81a31e3cd26889ca66d677f1\"},\"headline\":\"Am\u00e9lioration de la gestion des entreprises publiques, Moussa Sanogo \u00e9change avec les experts comptables\",\"datePublished\":\"2023-11-25T16:11:22+00:00\",\"dateModified\":\"2023-11-25T16:32:23+00:00\",\"mainEntityOfPage\":{\"@id\":\"https:\/\/www.africa-press.net\/cotedivoire\/economie\/amelioration-de-la-gestion-des-entreprises-publiques-moussa-sanogo-echange-avec-les-experts-comptables\"},\"wordCount\":410,\"commentCount\":0,\"image\":{\"@id\":\"https:\/\/www.africa-press.net\/cotedivoire\/economie\/amelioration-de-la-gestion-des-entreprises-publiques-moussa-sanogo-echange-avec-les-experts-comptables#primaryimage\"},\"thumbnailUrl\":\"https:\/\/static.africa-press.net\/cote\/sites\/43\/2023\/11\/sm_1700917070.01575.jpg\",\"keywords\":[\"Africa Press\",\"Africa Press-C\u00f4te d'Ivoire\",\"compatble\",\"C\u00d4TE D'IVOIRE\",\"Moussa Sanogo\",\"Plateau\",\"Seydou Bamba\"],\"articleSection\":[\"\u00c9conomie\",\"Toutes les actualit\u00e9s\"],\"inLanguage\":\"fr-FR\",\"potentialAction\":[{\"@type\":\"CommentAction\",\"name\":\"Comment\",\"target\":[\"https:\/\/www.africa-press.net\/cotedivoire\/economie\/amelioration-de-la-gestion-des-entreprises-publiques-moussa-sanogo-echange-avec-les-experts-comptables#respond\"]}]},{\"@type\":\"WebPage\",\"@id\":\"https:\/\/www.africa-press.net\/cotedivoire\/economie\/amelioration-de-la-gestion-des-entreprises-publiques-moussa-sanogo-echange-avec-les-experts-comptables\",\"url\":\"https:\/\/www.africa-press.net\/cotedivoire\/economie\/amelioration-de-la-gestion-des-entreprises-publiques-moussa-sanogo-echange-avec-les-experts-comptables\",\"name\":\"Am\u00e9lioration de la gestion des entreprises publiques, Moussa Sanogo \u00e9change avec les experts comptables - C\u00f4te d&#039;Ivoire\",\"isPartOf\":{\"@id\":\"https:\/\/www.africa-press.net\/cotedivoire\/#website\"},\"primaryImageOfPage\":{\"@id\":\"https:\/\/www.africa-press.net\/cotedivoire\/economie\/amelioration-de-la-gestion-des-entreprises-publiques-moussa-sanogo-echange-avec-les-experts-comptables#primaryimage\"},\"image\":{\"@id\":\"https:\/\/www.africa-press.net\/cotedivoire\/economie\/amelioration-de-la-gestion-des-entreprises-publiques-moussa-sanogo-echange-avec-les-experts-comptables#primaryimage\"},\"thumbnailUrl\":\"https:\/\/static.africa-press.net\/cote\/sites\/43\/2023\/11\/sm_1700917070.01575.jpg\",\"datePublished\":\"2023-11-25T16:11:22+00:00\",\"dateModified\":\"2023-11-25T16:32:23+00:00\",\"author\":{\"@id\":\"https:\/\/www.africa-press.net\/cotedivoire\/#\/schema\/person\/2b1cf3cd81a31e3cd26889ca66d677f1\"},\"description\":\"Le Ministre Moussa Sanogo, le ge\u0301ne\u0301ral du Portefeuille de l\u2019E\u0301tat et le pre\u0301sident de l'ordre des experts compatbles au ...\",\"breadcrumb\":{\"@id\":\"https:\/\/www.africa-press.net\/cotedivoire\/economie\/amelioration-de-la-gestion-des-entreprises-publiques-moussa-sanogo-echange-avec-les-experts-comptables#breadcrumb\"},\"inLanguage\":\"fr-FR\",\"potentialAction\":[{\"@type\":\"ReadAction\",\"target\":[\"https:\/\/www.africa-press.net\/cotedivoire\/economie\/amelioration-de-la-gestion-des-entreprises-publiques-moussa-sanogo-echange-avec-les-experts-comptables\"]}]},{\"@type\":\"ImageObject\",\"inLanguage\":\"fr-FR\",\"@id\":\"https:\/\/www.africa-press.net\/cotedivoire\/economie\/amelioration-de-la-gestion-des-entreprises-publiques-moussa-sanogo-echange-avec-les-experts-comptables#primaryimage\",\"url\":\"https:\/\/static.africa-press.net\/cote\/sites\/43\/2023\/11\/sm_1700917070.01575.jpg\",\"contentUrl\":\"https:\/\/static.africa-press.net\/cote\/sites\/43\/2023\/11\/sm_1700917070.01575.jpg\",\"width\":720,\"height\":480,\"caption\":\"Am\u00e9lioration de la gestion des entreprises publiques, Moussa Sanogo \u00e9change avec les experts comptables\"},{\"@type\":\"BreadcrumbList\",\"@id\":\"https:\/\/www.africa-press.net\/cotedivoire\/economie\/amelioration-de-la-gestion-des-entreprises-publiques-moussa-sanogo-echange-avec-les-experts-comptables#breadcrumb\",\"itemListElement\":[{\"@type\":\"ListItem\",\"position\":1,\"name\":\"Accueil\",\"item\":\"https:\/\/www.africa-press.net\/cotedivoire\/\"},{\"@type\":\"ListItem\",\"position\":2,\"name\":\"Am\u00e9lioration de la gestion des entreprises publiques, Moussa Sanogo \u00e9change avec les experts comptables\"}]},{\"@type\":\"WebSite\",\"@id\":\"https:\/\/www.africa-press.net\/cotedivoire\/#website\",\"url\":\"https:\/\/www.africa-press.net\/cotedivoire\/\",\"name\":\"C\u00f4te d&#039;Ivoire\",\"description\":\"Just another Africa News Agency Sites site\",\"potentialAction\":[{\"@type\":\"SearchAction\",\"target\":{\"@type\":\"EntryPoint\",\"urlTemplate\":\"https:\/\/www.africa-press.net\/cotedivoire\/?s={search_term_string}\"},\"query-input\":{\"@type\":\"PropertyValueSpecification\",\"valueRequired\":true,\"valueName\":\"search_term_string\"}}],\"inLanguage\":\"fr-FR\"},{\"@type\":\"Person\",\"@id\":\"https:\/\/www.africa-press.net\/cotedivoire\/#\/schema\/person\/2b1cf3cd81a31e3cd26889ca66d677f1\",\"name\":\"cfeditorfr\"}]}<\/script>\n<!-- \/ Yoast SEO Premium plugin. -->","yoast_head_json":{"title":"Am\u00e9lioration de la gestion des entreprises publiques, Moussa Sanogo \u00e9change avec les experts comptables - C\u00f4te d&#039;Ivoire","description":"Le Ministre Moussa Sanogo, le ge\u0301ne\u0301ral du Portefeuille de l\u2019E\u0301tat et le pre\u0301sident de l'ordre des experts compatbles au ...","robots":{"index":"index","follow":"follow","max-snippet":"max-snippet:-1","max-image-preview":"max-image-preview:large","max-video-preview":"max-video-preview:-1"},"canonical":"https:\/\/www.africa-press.net\/cotedivoire\/economie\/amelioration-de-la-gestion-des-entreprises-publiques-moussa-sanogo-echange-avec-les-experts-comptables","og_locale":"fr_FR","og_type":"article","og_title":"Am\u00e9lioration de la gestion des entreprises publiques, Moussa Sanogo \u00e9change avec les experts comptables","og_description":"Le Ministre Moussa Sanogo, le ge\u0301ne\u0301ral du Portefeuille de l\u2019E\u0301tat et le pre\u0301sident de l'ordre des experts compatbles au ...","og_url":"https:\/\/www.africa-press.net\/cotedivoire\/economie\/amelioration-de-la-gestion-des-entreprises-publiques-moussa-sanogo-echange-avec-les-experts-comptables","og_site_name":"C\u00f4te d&#039;Ivoire","article_published_time":"2023-11-25T16:11:22+00:00","article_modified_time":"2023-11-25T16:32:23+00:00","og_image":[{"width":720,"height":480,"url":"https:\/\/static.africa-press.net\/cote\/sites\/43\/2023\/11\/sm_1700917070.01575.jpg","type":"image\/jpeg"}],"author":"cfeditorfr","twitter_card":"summary_large_image","twitter_misc":{"\u00c9crit par":"cfeditorfr","Dur\u00e9e de lecture estim\u00e9e":"2 minutes"},"schema":{"@context":"https:\/\/schema.org","@graph":[{"@type":"Article","@id":"https:\/\/www.africa-press.net\/cotedivoire\/economie\/amelioration-de-la-gestion-des-entreprises-publiques-moussa-sanogo-echange-avec-les-experts-comptables#article","isPartOf":{"@id":"https:\/\/www.africa-press.net\/cotedivoire\/economie\/amelioration-de-la-gestion-des-entreprises-publiques-moussa-sanogo-echange-avec-les-experts-comptables"},"author":{"name":"cfeditorfr","@id":"https:\/\/www.africa-press.net\/cotedivoire\/#\/schema\/person\/2b1cf3cd81a31e3cd26889ca66d677f1"},"headline":"Am\u00e9lioration de la gestion des entreprises publiques, Moussa Sanogo \u00e9change avec les experts comptables","datePublished":"2023-11-25T16:11:22+00:00","dateModified":"2023-11-25T16:32:23+00:00","mainEntityOfPage":{"@id":"https:\/\/www.africa-press.net\/cotedivoire\/economie\/amelioration-de-la-gestion-des-entreprises-publiques-moussa-sanogo-echange-avec-les-experts-comptables"},"wordCount":410,"commentCount":0,"image":{"@id":"https:\/\/www.africa-press.net\/cotedivoire\/economie\/amelioration-de-la-gestion-des-entreprises-publiques-moussa-sanogo-echange-avec-les-experts-comptables#primaryimage"},"thumbnailUrl":"https:\/\/static.africa-press.net\/cote\/sites\/43\/2023\/11\/sm_1700917070.01575.jpg","keywords":["Africa Press","Africa Press-C\u00f4te d'Ivoire","compatble","C\u00d4TE D'IVOIRE","Moussa Sanogo","Plateau","Seydou Bamba"],"articleSection":["\u00c9conomie","Toutes les actualit\u00e9s"],"inLanguage":"fr-FR","potentialAction":[{"@type":"CommentAction","name":"Comment","target":["https:\/\/www.africa-press.net\/cotedivoire\/economie\/amelioration-de-la-gestion-des-entreprises-publiques-moussa-sanogo-echange-avec-les-experts-comptables#respond"]}]},{"@type":"WebPage","@id":"https:\/\/www.africa-press.net\/cotedivoire\/economie\/amelioration-de-la-gestion-des-entreprises-publiques-moussa-sanogo-echange-avec-les-experts-comptables","url":"https:\/\/www.africa-press.net\/cotedivoire\/economie\/amelioration-de-la-gestion-des-entreprises-publiques-moussa-sanogo-echange-avec-les-experts-comptables","name":"Am\u00e9lioration de la gestion des entreprises publiques, Moussa Sanogo \u00e9change avec les experts comptables - C\u00f4te d&#039;Ivoire","isPartOf":{"@id":"https:\/\/www.africa-press.net\/cotedivoire\/#website"},"primaryImageOfPage":{"@id":"https:\/\/www.africa-press.net\/cotedivoire\/economie\/amelioration-de-la-gestion-des-entreprises-publiques-moussa-sanogo-echange-avec-les-experts-comptables#primaryimage"},"image":{"@id":"https:\/\/www.africa-press.net\/cotedivoire\/economie\/amelioration-de-la-gestion-des-entreprises-publiques-moussa-sanogo-echange-avec-les-experts-comptables#primaryimage"},"thumbnailUrl":"https:\/\/static.africa-press.net\/cote\/sites\/43\/2023\/11\/sm_1700917070.01575.jpg","datePublished":"2023-11-25T16:11:22+00:00","dateModified":"2023-11-25T16:32:23+00:00","author":{"@id":"https:\/\/www.africa-press.net\/cotedivoire\/#\/schema\/person\/2b1cf3cd81a31e3cd26889ca66d677f1"},"description":"Le Ministre Moussa Sanogo, le ge\u0301ne\u0301ral du Portefeuille de l\u2019E\u0301tat et le pre\u0301sident de l'ordre des experts compatbles au ...","breadcrumb":{"@id":"https:\/\/www.africa-press.net\/cotedivoire\/economie\/amelioration-de-la-gestion-des-entreprises-publiques-moussa-sanogo-echange-avec-les-experts-comptables#breadcrumb"},"inLanguage":"fr-FR","potentialAction":[{"@type":"ReadAction","target":["https:\/\/www.africa-press.net\/cotedivoire\/economie\/amelioration-de-la-gestion-des-entreprises-publiques-moussa-sanogo-echange-avec-les-experts-comptables"]}]},{"@type":"ImageObject","inLanguage":"fr-FR","@id":"https:\/\/www.africa-press.net\/cotedivoire\/economie\/amelioration-de-la-gestion-des-entreprises-publiques-moussa-sanogo-echange-avec-les-experts-comptables#primaryimage","url":"https:\/\/static.africa-press.net\/cote\/sites\/43\/2023\/11\/sm_1700917070.01575.jpg","contentUrl":"https:\/\/static.africa-press.net\/cote\/sites\/43\/2023\/11\/sm_1700917070.01575.jpg","width":720,"height":480,"caption":"Am\u00e9lioration de la gestion des entreprises publiques, Moussa Sanogo \u00e9change avec les experts comptables"},{"@type":"BreadcrumbList","@id":"https:\/\/www.africa-press.net\/cotedivoire\/economie\/amelioration-de-la-gestion-des-entreprises-publiques-moussa-sanogo-echange-avec-les-experts-comptables#breadcrumb","itemListElement":[{"@type":"ListItem","position":1,"name":"Accueil","item":"https:\/\/www.africa-press.net\/cotedivoire\/"},{"@type":"ListItem","position":2,"name":"Am\u00e9lioration de la gestion des entreprises publiques, Moussa Sanogo \u00e9change avec les experts comptables"}]},{"@type":"WebSite","@id":"https:\/\/www.africa-press.net\/cotedivoire\/#website","url":"https:\/\/www.africa-press.net\/cotedivoire\/","name":"C\u00f4te d&#039;Ivoire","description":"Just another Africa News Agency Sites site","potentialAction":[{"@type":"SearchAction","target":{"@type":"EntryPoint","urlTemplate":"https:\/\/www.africa-press.net\/cotedivoire\/?s={search_term_string}"},"query-input":{"@type":"PropertyValueSpecification","valueRequired":true,"valueName":"search_term_string"}}],"inLanguage":"fr-FR"},{"@type":"Person","@id":"https:\/\/www.africa-press.net\/cotedivoire\/#\/schema\/person\/2b1cf3cd81a31e3cd26889ca66d677f1","name":"cfeditorfr"}]}},"_links":{"self":[{"href":"https:\/\/www.africa-press.net\/cotedivoire\/wp-json\/wp\/v2\/posts\/70305","targetHints":{"allow":["GET"]}}],"collection":[{"href":"https:\/\/www.africa-press.net\/cotedivoire\/wp-json\/wp\/v2\/posts"}],"about":[{"href":"https:\/\/www.africa-press.net\/cotedivoire\/wp-json\/wp\/v2\/types\/post"}],"author":[{"embeddable":true,"href":"https:\/\/www.africa-press.net\/cotedivoire\/wp-json\/wp\/v2\/users\/82"}],"replies":[{"embeddable":true,"href":"https:\/\/www.africa-press.net\/cotedivoire\/wp-json\/wp\/v2\/comments?post=70305"}],"version-history":[{"count":0,"href":"https:\/\/www.africa-press.net\/cotedivoire\/wp-json\/wp\/v2\/posts\/70305\/revisions"}],"wp:featuredmedia":[{"embeddable":true,"href":"https:\/\/www.africa-press.net\/cotedivoire\/wp-json\/wp\/v2\/media\/70304"}],"wp:attachment":[{"href":"https:\/\/www.africa-press.net\/cotedivoire\/wp-json\/wp\/v2\/media?parent=70305"}],"wp:term":[{"taxonomy":"category","embeddable":true,"href":"https:\/\/www.africa-press.net\/cotedivoire\/wp-json\/wp\/v2\/categories?post=70305"},{"taxonomy":"post_tag","embeddable":true,"href":"https:\/\/www.africa-press.net\/cotedivoire\/wp-json\/wp\/v2\/tags?post=70305"}],"curies":[{"name":"wp","href":"https:\/\/api.w.org\/{rel}","templated":true}]}}