{"id":70424,"date":"2023-11-27T17:42:18","date_gmt":"2023-11-27T17:42:18","guid":{"rendered":"https:\/\/www.africa-press.net\/cotedivoire\/politique\/reprise-des-elections-municipales-a-san-pedro-damana-pickass-aux-militants-du-ppa-ci-si-vous-voulez-gagner-vous-allez-gagner"},"modified":"2023-11-27T17:47:35","modified_gmt":"2023-11-27T17:47:35","slug":"reprise-des-elections-municipales-a-san-pedro-damana-pickass-aux-militants-du-ppa-ci-si-vous-voulez-gagner-vous-allez-gagner","status":"publish","type":"post","link":"https:\/\/www.africa-press.net\/cotedivoire\/politique\/reprise-des-elections-municipales-a-san-pedro-damana-pickass-aux-militants-du-ppa-ci-si-vous-voulez-gagner-vous-allez-gagner","title":{"rendered":"Reprise des \u00e9lections municipales \u00e0 San-Pedro, Damana Pickass aux militants du PPA-CI \u00ab Si vous voulez gagner, vous allez gagner \u00bb"},"content":{"rendered":"<p><span style=\"color: #ff6600\"><strong>Africa-Press &#8211; C\u00f4te d&rsquo;Ivoire. <\/strong><\/span>Les e\u0301lections municipales seront reprises dans la commune de San-Pe\u0301dro. Dans le cadre de la reprise de ces e\u0301lections municipales partielles qui auront lieu le 02 de\u0301cembre 2023 dans la commune de San-Pe\u0301dro, Damana Adia Pickass 2e\u0300me Vice-Pre\u0301sident du conseil strate\u0301gique et politique (CSP) du Parti des Peuples Africains &#8211; Co\u0302te d&rsquo;Ivoire (PPA-CI) a effectue\u0301 plusieurs rencontres a\u0300 l&rsquo;effet de mobiliser les populations a\u0300 e\u0301lire le candidat de sa formation politique, Sylvanus Kla Koue\u0301.<\/p>\n<p>C&rsquo;est en compagnie du candidat et de plusieurs cadres du PPA-CI et du PDCI-RDA que Damana Adia Pickass de\u0301barque\u0301 re\u0301cemment de son poste de secre\u0301taire ge\u0301ne\u0301ral du PPA-CI a entame\u0301 ses rencontres.<\/p>\n<p>Il a successivement rencontre\u0301 les responsables des structures de base du Parti au Quartier Ge\u0301ne\u0301ral de campagne du candidat au quartier Lac, puis les militants de la section de Seweke.<\/p>\n<p>Aux militants du parti de Laurent Gbagbo a\u0300 San-Pe\u0301dro, Damana Pickass a indique\u0301 que la victoire est a\u0300 leur porte\u0301e.<\/p>\n<p>\u00ab\u00a0On peut gagner sans e\u0302tre milliardaire, on peut triompher sans e\u0302tre friands d&rsquo;argent facile. Le parcours du pre\u0301sident Laurent Gbagbo de l&rsquo;opposition jusqu&rsquo;au pouvoir en 2000 en est une illustration parfaite. Armez-vous de courage et de de\u0301termination pour effectivement remporter cette e\u0301lection qui est a\u0300 notre porte\u0301e\u00a0\u00bb, a-t-il affirme\u0301.<\/p>\n<p>Damana Pickass a fait savoir que le 02 de\u0301cembre prochain devra e\u0302tre la\u0300 confirmation de la victoire du PPA-CI aux e\u0301lections municipales a\u0300 San-Pe\u0301dro.<\/p>\n<p>\u00ab\u00a0Si vous voulez gagner, vous allez gagner. J&rsquo;insiste, si vous voulez gagner, vous allez gagner. C&rsquo;est parce que vous avez de\u0301ja\u0300 gagne\u0301 le 2 septembre, qu&rsquo;il y a aujourd&rsquo;hui la reprise du 02 de\u0301cembre. Il va falloir donc confirmer, mais de fac\u0327on significative, la victoire du 2 septembre dernier. Vous avez deux de\u0301fis fondamentaux a\u0300 relever face auxquels je vous engage. D&rsquo;une part, relever le taux de participation surtout dans nos bastions et d&rsquo;autre part, limiter la fraude en rejetant la corruption\u00a0\u00bb, a-t-il martele\u0301.<\/p>\n<p>Aussi, le collaborateur de Gbagbo a invite\u0301 les militants a\u0300 se de\u0301tourner du pouvoir de l&rsquo;argent. Car, dira-t-il, c&rsquo;est le mercenaire qui exige de l&rsquo;argent pour accomplir une mission.<\/p>\n<p>\u00ab\u00a0J&rsquo;aimerais interpeller nos camarades militants, il n&rsquo;est pas bon pour un militant d&rsquo;exiger de l&rsquo;argent au candidat du parti avant de le repre\u0301senter dans un bureau de vote. Le faisant, tu cesses d&rsquo;e\u0302tre militant et tu deviens de facto un mercenaire. Car c&rsquo;est le mercenaire qui exige de l&rsquo;argent pour accomplir une mission. Nous devons e\u0301viter le militantisme mercantiliste. Ce sont ces valeurs que le pre\u0301sident Gbagbo nous a toujours enseigne\u0301es et a\u0300 Lakota, il nous a encore enseigne\u0301 en demandant aux jeunes de Co\u0302te d&rsquo;Ivoire et d&rsquo;ailleurs de rester toujours dignes\u00a0\u00bb, a conclu Damana Pickass.<\/p>\n<p><strong>Pour plus d&rsquo;informations et d&rsquo;analyses sur la <a href=\"https:\/\/www.africa-press.net\/cotedivoire\">C\u00f4te d&rsquo;Ivoire<\/a>, suivez <a href=\"https:\/\/www.africa-press.net\/\">Africa-Press<\/a><\/strong><\/p>\n","protected":false},"excerpt":{"rendered":"<p>Africa-Press &#8211; C\u00f4te d&rsquo;Ivoire. Les e\u0301lections municipales seront reprises dans la commune de San-Pe\u0301dro. Dans le cadre de la reprise de ces e\u0301lections municipales partielles qui auront lieu le 02 de\u0301cembre 2023 dans la commune de San-Pe\u0301dro, Damana Adia Pickass 2e\u0300me Vice-Pre\u0301sident du conseil strate\u0301gique et politique (CSP) du Parti des Peuples Africains &#8211; Co\u0302te [&hellip;]<\/p>\n","protected":false},"author":82,"featured_media":70423,"comment_status":"open","ping_status":"closed","sticky":false,"template":"","format":"standard","meta":{"footnotes":""},"categories":[2,20,10],"tags":[56,63,11907,29,320,980,3132,1233,1952,1863],"class_list":["post-70424","post","type-post","status-publish","format-standard","has-post-thumbnail","hentry","category-politique","category-top-nouvelles","category-toutes-les-actualites","tag-africa-press","tag-africa-press-cote-divoire","tag-cdp","tag-cote-divoire","tag-gbagbo","tag-lakota","tag-militant","tag-pickass","tag-ppa-ci","tag-san-pedro-2"],"yoast_head":"<!-- This site is optimized with the Yoast SEO Premium plugin v26.1 (Yoast SEO v27.0) - https:\/\/yoast.com\/product\/yoast-seo-premium-wordpress\/ -->\n<title>Reprise des \u00e9lections municipales \u00e0 San-Pedro, Damana Pickass aux militants du PPA-CI \u00ab Si vous voulez gagner, vous allez gagner \u00bb - C\u00f4te d&#039;Ivoire<\/title>\n<meta name=\"description\" content=\"Les e\u0301lections municipales seront reprises dans la commune de San-Pe\u0301dro. Dans le cadre de la reprise de ces e\u0301lections ...\" \/>\n<meta name=\"robots\" content=\"index, follow, max-snippet:-1, max-image-preview:large, max-video-preview:-1\" \/>\n<link rel=\"canonical\" href=\"https:\/\/www.africa-press.net\/cotedivoire\/politique\/reprise-des-elections-municipales-a-san-pedro-damana-pickass-aux-militants-du-ppa-ci-si-vous-voulez-gagner-vous-allez-gagner\" \/>\n<meta property=\"og:locale\" content=\"fr_FR\" \/>\n<meta property=\"og:type\" content=\"article\" \/>\n<meta property=\"og:title\" content=\"Reprise des \u00e9lections municipales \u00e0 San-Pedro, Damana Pickass aux militants du PPA-CI \u00ab Si vous voulez gagner, vous allez gagner \u00bb\" \/>\n<meta property=\"og:description\" content=\"Les e\u0301lections municipales seront reprises dans la commune de San-Pe\u0301dro. Dans le cadre de la reprise de ces e\u0301lections ...\" \/>\n<meta property=\"og:url\" content=\"https:\/\/www.africa-press.net\/cotedivoire\/politique\/reprise-des-elections-municipales-a-san-pedro-damana-pickass-aux-militants-du-ppa-ci-si-vous-voulez-gagner-vous-allez-gagner\" \/>\n<meta property=\"og:site_name\" content=\"C\u00f4te d&#039;Ivoire\" \/>\n<meta property=\"article:published_time\" content=\"2023-11-27T17:42:18+00:00\" \/>\n<meta property=\"article:modified_time\" content=\"2023-11-27T17:47:35+00:00\" \/>\n<meta property=\"og:image\" content=\"https:\/\/static.africa-press.net\/cote\/sites\/43\/2023\/11\/sm_1701094575.10491.jpg\" \/>\n\t<meta property=\"og:image:width\" content=\"720\" \/>\n\t<meta property=\"og:image:height\" content=\"480\" \/>\n\t<meta property=\"og:image:type\" content=\"image\/jpeg\" \/>\n<meta name=\"author\" content=\"cfeditorfr\" \/>\n<meta name=\"twitter:card\" content=\"summary_large_image\" \/>\n<meta name=\"twitter:label1\" content=\"\u00c9crit par\" \/>\n\t<meta name=\"twitter:data1\" content=\"cfeditorfr\" \/>\n\t<meta name=\"twitter:label2\" content=\"Dur\u00e9e de lecture estim\u00e9e\" \/>\n\t<meta name=\"twitter:data2\" content=\"2 minutes\" \/>\n<script type=\"application\/ld+json\" class=\"yoast-schema-graph\">{\"@context\":\"https:\/\/schema.org\",\"@graph\":[{\"@type\":\"Article\",\"@id\":\"https:\/\/www.africa-press.net\/cotedivoire\/politique\/reprise-des-elections-municipales-a-san-pedro-damana-pickass-aux-militants-du-ppa-ci-si-vous-voulez-gagner-vous-allez-gagner#article\",\"isPartOf\":{\"@id\":\"https:\/\/www.africa-press.net\/cotedivoire\/politique\/reprise-des-elections-municipales-a-san-pedro-damana-pickass-aux-militants-du-ppa-ci-si-vous-voulez-gagner-vous-allez-gagner\"},\"author\":{\"name\":\"cfeditorfr\",\"@id\":\"https:\/\/www.africa-press.net\/cotedivoire\/#\/schema\/person\/2b1cf3cd81a31e3cd26889ca66d677f1\"},\"headline\":\"Reprise des \u00e9lections municipales \u00e0 San-Pedro, Damana Pickass aux militants du PPA-CI \u00ab Si vous voulez gagner, vous allez gagner \u00bb\",\"datePublished\":\"2023-11-27T17:42:18+00:00\",\"dateModified\":\"2023-11-27T17:47:35+00:00\",\"mainEntityOfPage\":{\"@id\":\"https:\/\/www.africa-press.net\/cotedivoire\/politique\/reprise-des-elections-municipales-a-san-pedro-damana-pickass-aux-militants-du-ppa-ci-si-vous-voulez-gagner-vous-allez-gagner\"},\"wordCount\":534,\"commentCount\":0,\"image\":{\"@id\":\"https:\/\/www.africa-press.net\/cotedivoire\/politique\/reprise-des-elections-municipales-a-san-pedro-damana-pickass-aux-militants-du-ppa-ci-si-vous-voulez-gagner-vous-allez-gagner#primaryimage\"},\"thumbnailUrl\":\"https:\/\/static.africa-press.net\/cote\/sites\/43\/2023\/11\/sm_1701094575.10491.jpg\",\"keywords\":[\"Africa Press\",\"Africa Press-C\u00f4te d'Ivoire\",\"CDP\",\"C\u00d4TE D'IVOIRE\",\"Gbagbo\",\"Lakota\",\"militant\",\"Pickass\",\"PPA-CI\",\"San-Pedro\"],\"articleSection\":[\"Politique\",\"Top Nouvelles\",\"Toutes les actualit\u00e9s\"],\"inLanguage\":\"fr-FR\",\"potentialAction\":[{\"@type\":\"CommentAction\",\"name\":\"Comment\",\"target\":[\"https:\/\/www.africa-press.net\/cotedivoire\/politique\/reprise-des-elections-municipales-a-san-pedro-damana-pickass-aux-militants-du-ppa-ci-si-vous-voulez-gagner-vous-allez-gagner#respond\"]}]},{\"@type\":\"WebPage\",\"@id\":\"https:\/\/www.africa-press.net\/cotedivoire\/politique\/reprise-des-elections-municipales-a-san-pedro-damana-pickass-aux-militants-du-ppa-ci-si-vous-voulez-gagner-vous-allez-gagner\",\"url\":\"https:\/\/www.africa-press.net\/cotedivoire\/politique\/reprise-des-elections-municipales-a-san-pedro-damana-pickass-aux-militants-du-ppa-ci-si-vous-voulez-gagner-vous-allez-gagner\",\"name\":\"Reprise des \u00e9lections municipales \u00e0 San-Pedro, Damana Pickass aux militants du PPA-CI \u00ab Si vous voulez gagner, vous allez gagner \u00bb - C\u00f4te d&#039;Ivoire\",\"isPartOf\":{\"@id\":\"https:\/\/www.africa-press.net\/cotedivoire\/#website\"},\"primaryImageOfPage\":{\"@id\":\"https:\/\/www.africa-press.net\/cotedivoire\/politique\/reprise-des-elections-municipales-a-san-pedro-damana-pickass-aux-militants-du-ppa-ci-si-vous-voulez-gagner-vous-allez-gagner#primaryimage\"},\"image\":{\"@id\":\"https:\/\/www.africa-press.net\/cotedivoire\/politique\/reprise-des-elections-municipales-a-san-pedro-damana-pickass-aux-militants-du-ppa-ci-si-vous-voulez-gagner-vous-allez-gagner#primaryimage\"},\"thumbnailUrl\":\"https:\/\/static.africa-press.net\/cote\/sites\/43\/2023\/11\/sm_1701094575.10491.jpg\",\"datePublished\":\"2023-11-27T17:42:18+00:00\",\"dateModified\":\"2023-11-27T17:47:35+00:00\",\"author\":{\"@id\":\"https:\/\/www.africa-press.net\/cotedivoire\/#\/schema\/person\/2b1cf3cd81a31e3cd26889ca66d677f1\"},\"description\":\"Les e\u0301lections municipales seront reprises dans la commune de San-Pe\u0301dro. Dans le cadre de la reprise de ces e\u0301lections ...\",\"breadcrumb\":{\"@id\":\"https:\/\/www.africa-press.net\/cotedivoire\/politique\/reprise-des-elections-municipales-a-san-pedro-damana-pickass-aux-militants-du-ppa-ci-si-vous-voulez-gagner-vous-allez-gagner#breadcrumb\"},\"inLanguage\":\"fr-FR\",\"potentialAction\":[{\"@type\":\"ReadAction\",\"target\":[\"https:\/\/www.africa-press.net\/cotedivoire\/politique\/reprise-des-elections-municipales-a-san-pedro-damana-pickass-aux-militants-du-ppa-ci-si-vous-voulez-gagner-vous-allez-gagner\"]}]},{\"@type\":\"ImageObject\",\"inLanguage\":\"fr-FR\",\"@id\":\"https:\/\/www.africa-press.net\/cotedivoire\/politique\/reprise-des-elections-municipales-a-san-pedro-damana-pickass-aux-militants-du-ppa-ci-si-vous-voulez-gagner-vous-allez-gagner#primaryimage\",\"url\":\"https:\/\/static.africa-press.net\/cote\/sites\/43\/2023\/11\/sm_1701094575.10491.jpg\",\"contentUrl\":\"https:\/\/static.africa-press.net\/cote\/sites\/43\/2023\/11\/sm_1701094575.10491.jpg\",\"width\":720,\"height\":480,\"caption\":\"Reprise des \u00e9lections municipales \u00e0 San-Pedro, Damana Pickass aux militants du PPA-CI \u00ab Si vous voulez gagner, vous allez gagner \u00bb\"},{\"@type\":\"BreadcrumbList\",\"@id\":\"https:\/\/www.africa-press.net\/cotedivoire\/politique\/reprise-des-elections-municipales-a-san-pedro-damana-pickass-aux-militants-du-ppa-ci-si-vous-voulez-gagner-vous-allez-gagner#breadcrumb\",\"itemListElement\":[{\"@type\":\"ListItem\",\"position\":1,\"name\":\"Accueil\",\"item\":\"https:\/\/www.africa-press.net\/cotedivoire\/\"},{\"@type\":\"ListItem\",\"position\":2,\"name\":\"Reprise des \u00e9lections municipales \u00e0 San-Pedro, Damana Pickass aux militants du PPA-CI \u00ab Si vous voulez gagner, vous allez gagner \u00bb\"}]},{\"@type\":\"WebSite\",\"@id\":\"https:\/\/www.africa-press.net\/cotedivoire\/#website\",\"url\":\"https:\/\/www.africa-press.net\/cotedivoire\/\",\"name\":\"C\u00f4te d&#039;Ivoire\",\"description\":\"Just another Africa News Agency Sites site\",\"potentialAction\":[{\"@type\":\"SearchAction\",\"target\":{\"@type\":\"EntryPoint\",\"urlTemplate\":\"https:\/\/www.africa-press.net\/cotedivoire\/?s={search_term_string}\"},\"query-input\":{\"@type\":\"PropertyValueSpecification\",\"valueRequired\":true,\"valueName\":\"search_term_string\"}}],\"inLanguage\":\"fr-FR\"},{\"@type\":\"Person\",\"@id\":\"https:\/\/www.africa-press.net\/cotedivoire\/#\/schema\/person\/2b1cf3cd81a31e3cd26889ca66d677f1\",\"name\":\"cfeditorfr\"}]}<\/script>\n<!-- \/ Yoast SEO Premium plugin. -->","yoast_head_json":{"title":"Reprise des \u00e9lections municipales \u00e0 San-Pedro, Damana Pickass aux militants du PPA-CI \u00ab Si vous voulez gagner, vous allez gagner \u00bb - C\u00f4te d&#039;Ivoire","description":"Les e\u0301lections municipales seront reprises dans la commune de San-Pe\u0301dro. Dans le cadre de la reprise de ces e\u0301lections ...","robots":{"index":"index","follow":"follow","max-snippet":"max-snippet:-1","max-image-preview":"max-image-preview:large","max-video-preview":"max-video-preview:-1"},"canonical":"https:\/\/www.africa-press.net\/cotedivoire\/politique\/reprise-des-elections-municipales-a-san-pedro-damana-pickass-aux-militants-du-ppa-ci-si-vous-voulez-gagner-vous-allez-gagner","og_locale":"fr_FR","og_type":"article","og_title":"Reprise des \u00e9lections municipales \u00e0 San-Pedro, Damana Pickass aux militants du PPA-CI \u00ab Si vous voulez gagner, vous allez gagner \u00bb","og_description":"Les e\u0301lections municipales seront reprises dans la commune de San-Pe\u0301dro. Dans le cadre de la reprise de ces e\u0301lections ...","og_url":"https:\/\/www.africa-press.net\/cotedivoire\/politique\/reprise-des-elections-municipales-a-san-pedro-damana-pickass-aux-militants-du-ppa-ci-si-vous-voulez-gagner-vous-allez-gagner","og_site_name":"C\u00f4te d&#039;Ivoire","article_published_time":"2023-11-27T17:42:18+00:00","article_modified_time":"2023-11-27T17:47:35+00:00","og_image":[{"width":720,"height":480,"url":"https:\/\/static.africa-press.net\/cote\/sites\/43\/2023\/11\/sm_1701094575.10491.jpg","type":"image\/jpeg"}],"author":"cfeditorfr","twitter_card":"summary_large_image","twitter_misc":{"\u00c9crit par":"cfeditorfr","Dur\u00e9e de lecture estim\u00e9e":"2 minutes"},"schema":{"@context":"https:\/\/schema.org","@graph":[{"@type":"Article","@id":"https:\/\/www.africa-press.net\/cotedivoire\/politique\/reprise-des-elections-municipales-a-san-pedro-damana-pickass-aux-militants-du-ppa-ci-si-vous-voulez-gagner-vous-allez-gagner#article","isPartOf":{"@id":"https:\/\/www.africa-press.net\/cotedivoire\/politique\/reprise-des-elections-municipales-a-san-pedro-damana-pickass-aux-militants-du-ppa-ci-si-vous-voulez-gagner-vous-allez-gagner"},"author":{"name":"cfeditorfr","@id":"https:\/\/www.africa-press.net\/cotedivoire\/#\/schema\/person\/2b1cf3cd81a31e3cd26889ca66d677f1"},"headline":"Reprise des \u00e9lections municipales \u00e0 San-Pedro, Damana Pickass aux militants du PPA-CI \u00ab Si vous voulez gagner, vous allez gagner \u00bb","datePublished":"2023-11-27T17:42:18+00:00","dateModified":"2023-11-27T17:47:35+00:00","mainEntityOfPage":{"@id":"https:\/\/www.africa-press.net\/cotedivoire\/politique\/reprise-des-elections-municipales-a-san-pedro-damana-pickass-aux-militants-du-ppa-ci-si-vous-voulez-gagner-vous-allez-gagner"},"wordCount":534,"commentCount":0,"image":{"@id":"https:\/\/www.africa-press.net\/cotedivoire\/politique\/reprise-des-elections-municipales-a-san-pedro-damana-pickass-aux-militants-du-ppa-ci-si-vous-voulez-gagner-vous-allez-gagner#primaryimage"},"thumbnailUrl":"https:\/\/static.africa-press.net\/cote\/sites\/43\/2023\/11\/sm_1701094575.10491.jpg","keywords":["Africa Press","Africa Press-C\u00f4te d'Ivoire","CDP","C\u00d4TE D'IVOIRE","Gbagbo","Lakota","militant","Pickass","PPA-CI","San-Pedro"],"articleSection":["Politique","Top Nouvelles","Toutes les actualit\u00e9s"],"inLanguage":"fr-FR","potentialAction":[{"@type":"CommentAction","name":"Comment","target":["https:\/\/www.africa-press.net\/cotedivoire\/politique\/reprise-des-elections-municipales-a-san-pedro-damana-pickass-aux-militants-du-ppa-ci-si-vous-voulez-gagner-vous-allez-gagner#respond"]}]},{"@type":"WebPage","@id":"https:\/\/www.africa-press.net\/cotedivoire\/politique\/reprise-des-elections-municipales-a-san-pedro-damana-pickass-aux-militants-du-ppa-ci-si-vous-voulez-gagner-vous-allez-gagner","url":"https:\/\/www.africa-press.net\/cotedivoire\/politique\/reprise-des-elections-municipales-a-san-pedro-damana-pickass-aux-militants-du-ppa-ci-si-vous-voulez-gagner-vous-allez-gagner","name":"Reprise des \u00e9lections municipales \u00e0 San-Pedro, Damana Pickass aux militants du PPA-CI \u00ab Si vous voulez gagner, vous allez gagner \u00bb - C\u00f4te d&#039;Ivoire","isPartOf":{"@id":"https:\/\/www.africa-press.net\/cotedivoire\/#website"},"primaryImageOfPage":{"@id":"https:\/\/www.africa-press.net\/cotedivoire\/politique\/reprise-des-elections-municipales-a-san-pedro-damana-pickass-aux-militants-du-ppa-ci-si-vous-voulez-gagner-vous-allez-gagner#primaryimage"},"image":{"@id":"https:\/\/www.africa-press.net\/cotedivoire\/politique\/reprise-des-elections-municipales-a-san-pedro-damana-pickass-aux-militants-du-ppa-ci-si-vous-voulez-gagner-vous-allez-gagner#primaryimage"},"thumbnailUrl":"https:\/\/static.africa-press.net\/cote\/sites\/43\/2023\/11\/sm_1701094575.10491.jpg","datePublished":"2023-11-27T17:42:18+00:00","dateModified":"2023-11-27T17:47:35+00:00","author":{"@id":"https:\/\/www.africa-press.net\/cotedivoire\/#\/schema\/person\/2b1cf3cd81a31e3cd26889ca66d677f1"},"description":"Les e\u0301lections municipales seront reprises dans la commune de San-Pe\u0301dro. Dans le cadre de la reprise de ces e\u0301lections ...","breadcrumb":{"@id":"https:\/\/www.africa-press.net\/cotedivoire\/politique\/reprise-des-elections-municipales-a-san-pedro-damana-pickass-aux-militants-du-ppa-ci-si-vous-voulez-gagner-vous-allez-gagner#breadcrumb"},"inLanguage":"fr-FR","potentialAction":[{"@type":"ReadAction","target":["https:\/\/www.africa-press.net\/cotedivoire\/politique\/reprise-des-elections-municipales-a-san-pedro-damana-pickass-aux-militants-du-ppa-ci-si-vous-voulez-gagner-vous-allez-gagner"]}]},{"@type":"ImageObject","inLanguage":"fr-FR","@id":"https:\/\/www.africa-press.net\/cotedivoire\/politique\/reprise-des-elections-municipales-a-san-pedro-damana-pickass-aux-militants-du-ppa-ci-si-vous-voulez-gagner-vous-allez-gagner#primaryimage","url":"https:\/\/static.africa-press.net\/cote\/sites\/43\/2023\/11\/sm_1701094575.10491.jpg","contentUrl":"https:\/\/static.africa-press.net\/cote\/sites\/43\/2023\/11\/sm_1701094575.10491.jpg","width":720,"height":480,"caption":"Reprise des \u00e9lections municipales \u00e0 San-Pedro, Damana Pickass aux militants du PPA-CI \u00ab Si vous voulez gagner, vous allez gagner \u00bb"},{"@type":"BreadcrumbList","@id":"https:\/\/www.africa-press.net\/cotedivoire\/politique\/reprise-des-elections-municipales-a-san-pedro-damana-pickass-aux-militants-du-ppa-ci-si-vous-voulez-gagner-vous-allez-gagner#breadcrumb","itemListElement":[{"@type":"ListItem","position":1,"name":"Accueil","item":"https:\/\/www.africa-press.net\/cotedivoire\/"},{"@type":"ListItem","position":2,"name":"Reprise des \u00e9lections municipales \u00e0 San-Pedro, Damana Pickass aux militants du PPA-CI \u00ab Si vous voulez gagner, vous allez gagner \u00bb"}]},{"@type":"WebSite","@id":"https:\/\/www.africa-press.net\/cotedivoire\/#website","url":"https:\/\/www.africa-press.net\/cotedivoire\/","name":"C\u00f4te d&#039;Ivoire","description":"Just another Africa News Agency Sites site","potentialAction":[{"@type":"SearchAction","target":{"@type":"EntryPoint","urlTemplate":"https:\/\/www.africa-press.net\/cotedivoire\/?s={search_term_string}"},"query-input":{"@type":"PropertyValueSpecification","valueRequired":true,"valueName":"search_term_string"}}],"inLanguage":"fr-FR"},{"@type":"Person","@id":"https:\/\/www.africa-press.net\/cotedivoire\/#\/schema\/person\/2b1cf3cd81a31e3cd26889ca66d677f1","name":"cfeditorfr"}]}},"_links":{"self":[{"href":"https:\/\/www.africa-press.net\/cotedivoire\/wp-json\/wp\/v2\/posts\/70424","targetHints":{"allow":["GET"]}}],"collection":[{"href":"https:\/\/www.africa-press.net\/cotedivoire\/wp-json\/wp\/v2\/posts"}],"about":[{"href":"https:\/\/www.africa-press.net\/cotedivoire\/wp-json\/wp\/v2\/types\/post"}],"author":[{"embeddable":true,"href":"https:\/\/www.africa-press.net\/cotedivoire\/wp-json\/wp\/v2\/users\/82"}],"replies":[{"embeddable":true,"href":"https:\/\/www.africa-press.net\/cotedivoire\/wp-json\/wp\/v2\/comments?post=70424"}],"version-history":[{"count":0,"href":"https:\/\/www.africa-press.net\/cotedivoire\/wp-json\/wp\/v2\/posts\/70424\/revisions"}],"wp:featuredmedia":[{"embeddable":true,"href":"https:\/\/www.africa-press.net\/cotedivoire\/wp-json\/wp\/v2\/media\/70423"}],"wp:attachment":[{"href":"https:\/\/www.africa-press.net\/cotedivoire\/wp-json\/wp\/v2\/media?parent=70424"}],"wp:term":[{"taxonomy":"category","embeddable":true,"href":"https:\/\/www.africa-press.net\/cotedivoire\/wp-json\/wp\/v2\/categories?post=70424"},{"taxonomy":"post_tag","embeddable":true,"href":"https:\/\/www.africa-press.net\/cotedivoire\/wp-json\/wp\/v2\/tags?post=70424"}],"curies":[{"name":"wp","href":"https:\/\/api.w.org\/{rel}","templated":true}]}}