{"id":70912,"date":"2023-12-06T16:06:09","date_gmt":"2023-12-06T16:06:09","guid":{"rendered":"https:\/\/www.africa-press.net\/cotedivoire\/politique\/abidjan-va-commemorer-le-54eme-anniversaire-de-la-conference-des-ministres-de-la-jeunesse-et-des-sports-de-la-francophonie"},"modified":"2023-12-06T17:08:11","modified_gmt":"2023-12-06T17:08:11","slug":"abidjan-va-commemorer-le-54eme-anniversaire-de-la-conference-des-ministres-de-la-jeunesse-et-des-sports-de-la-francophonie","status":"publish","type":"post","link":"https:\/\/www.africa-press.net\/cotedivoire\/sports\/abidjan-va-commemorer-le-54eme-anniversaire-de-la-conference-des-ministres-de-la-jeunesse-et-des-sports-de-la-francophonie","title":{"rendered":"Abidjan va comm\u00e9morer le 54\u00e8me anniversaire de la Conf\u00e9rence des Ministres de la Jeunesse et des Sports de la Francophonie"},"content":{"rendered":"<p><span style=\"color: #ff6600\"><strong>Africa-Press &#8211; C\u00f4te d&rsquo;Ivoire. <\/strong><\/span>La Co\u0302te d\u2019Ivoire va comme\u0301morer les 54 ans de la Confe\u0301rence des Ministres de la Jeunesse et des Sports de la Francophonie (CONFEJES).<\/p>\n<p>A l&rsquo;occasion de son 54e\u0300me anniversaire, la Confe\u0301rence des Ministres de la Jeunesse et des Sports de la Francophonie (CONFEJES) organise \u00ab la semaine de la CONFEJES \u00bb du 1er au 05 de\u0301cembre 2023 a\u0300 travers ses cellules nationales.<\/p>\n<p>En Co\u0302te &#8211; d\u2019Ivoire, cette comme\u0301moration aura lieu du 07 au 08 de\u0301cembre 2023. Plusieurs temps forts sont au menu de cette \u00ab semaine de la CONFEJES \u00bb : Confe\u0301rence le 07 de\u0301cembre 2023, a\u0300 l&rsquo;auditorium de la CNPS et activite\u0301s sportives inter &#8211; promotions a\u0300 l&rsquo;INJS, le 08 de\u0301cembre 2023.<\/p>\n<p>Le the\u0300me retenu pour la comme\u0301moration est : \u00ab Mobilite\u0301 croise\u0301e des volontaires : initiatives, actions et engagements pour plus de solidarite\u0301 entre la jeunesse de l&rsquo;espace francophone. \u00bb<\/p>\n<p>Cette ce\u0301le\u0301bration vise plusieurs objectifs. Entre autres : \u00ab communiquer et valoriser les actions de l&rsquo;Institution afin d&rsquo;impacter la jeunesse francophone \u00bb ; Sensibiliser les femmes et les jeunes filles sur les actions de la communaute\u0301 francophone \u00bb ; Encourager les initiatives d&rsquo;insertion socio &#8211; e\u0301conomiques propose\u0301es par les jeunes en participant au financement de projets de jeunes entrepreneurs. \u00bb<\/p>\n<p>La CONFEJES ambitionne e\u0301galement de \u00ab contribuer au de\u0301veloppement de la pratique sportive sous toutes ses formes et a\u0300 la promotion de la langue franc\u0327aise comme langue du sport dans les grands e\u0301ve\u0301nements du sport mondial et les instances internationales du sport. \u00bb<\/p>\n<p>La journe\u0301e du 07 de\u0301cembre 2023 sera marque\u0301e par : une confe\u0301rence a\u0300 l&rsquo;auditorium de la CNPS suivie de trois (3) panels dont les the\u0300mes sont : Ro\u0302le de la CONFEJES dans le de\u0301veloppement de la jeunesse ; L&rsquo;impact du sport sur la cohe\u0301sion sociale ; Les opportunite\u0301s de formation offertes par la CONFEJES.<\/p>\n<p>Quant a\u0300 la journe\u0301e du 08 de\u0301cembre 2023, elle sera anime\u0301e par des activite\u0301s sportives inter &#8211; promotions a\u0300 l&rsquo;INJS de Marcory.<\/p>\n<p>La \u00ab semaine de la CONFEJES \u00bb est organise\u0301e par la cellule nationale de Co\u0302te &#8211; d&rsquo;Ivoire pre\u0301side\u0301e par Mme Diop Yolande en collaboration avec les Ministe\u0300res sectoriels (Ministe\u0300re du Tourisme et des Loisirs, Ministe\u0300re de l&rsquo;Education Nationale, Ministe\u0300re de la Culture et de la Francophonie, Ministe\u0300re de la Jeunesse et de l&rsquo;Education Civique), la Communaute\u0301 francophone ( CNF, AUF, Onu &#8211; Femmes etc&#8230;.), les partenaires, les Organisations non gouvernementales et les e\u0301tudiants de l&rsquo;INJS.<\/p>\n<p>Pour rappel, la Confe\u0301rence des Ministres de la Jeunesse et des Sports de la Francophonie (CONFEJES) est compose\u0301e de 43 E\u0301tats et Gouvernements Membres.<\/p>\n<p><strong>Pour plus d&rsquo;informations et d&rsquo;analyses sur la <a href=\"https:\/\/www.africa-press.net\/cotedivoire\">C\u00f4te d&rsquo;Ivoire<\/a>, suivez <a href=\"https:\/\/www.africa-press.net\/\">Africa-Press<\/a><\/strong><\/p>\n","protected":false},"excerpt":{"rendered":"<p>Africa-Press &#8211; C\u00f4te d&rsquo;Ivoire. La Co\u0302te d\u2019Ivoire va comme\u0301morer les 54 ans de la Confe\u0301rence des Ministres de la Jeunesse et des Sports de la Francophonie (CONFEJES). A l&rsquo;occasion de son 54e\u0300me anniversaire, la Confe\u0301rence des Ministres de la Jeunesse et des Sports de la Francophonie (CONFEJES) organise \u00ab la semaine de la CONFEJES \u00bb [&hellip;]<\/p>\n","protected":false},"author":82,"featured_media":70911,"comment_status":"open","ping_status":"closed","sticky":false,"template":"","format":"standard","meta":{"footnotes":""},"categories":[6,10],"tags":[11981,56,63,1843,11982,29,8167,1338],"class_list":["post-70912","post","type-post","status-publish","format-standard","has-post-thumbnail","hentry","category-sports","category-toutes-les-actualites","tag-adje-silas","tag-africa-press","tag-africa-press-cote-divoire","tag-commemoration","tag-confejes","tag-cote-divoire","tag-francophonie","tag-ministres"],"yoast_head":"<!-- This site is optimized with the Yoast SEO Premium plugin v26.1 (Yoast SEO v27.0) - https:\/\/yoast.com\/product\/yoast-seo-premium-wordpress\/ -->\n<title>Abidjan va comm\u00e9morer le 54\u00e8me anniversaire de la Conf\u00e9rence des Ministres de la Jeunesse et des Sports de la Francophonie - C\u00f4te d&#039;Ivoire<\/title>\n<meta name=\"description\" content=\"La Co\u0302te d\u2019Ivoire va comme\u0301morer les 54 ans de la Confe\u0301rence des Ministres de la Jeunesse et des Sports de la Francopho ...\" \/>\n<meta name=\"robots\" content=\"index, follow, max-snippet:-1, max-image-preview:large, max-video-preview:-1\" \/>\n<link rel=\"canonical\" href=\"https:\/\/www.africa-press.net\/cotedivoire\/sports\/abidjan-va-commemorer-le-54eme-anniversaire-de-la-conference-des-ministres-de-la-jeunesse-et-des-sports-de-la-francophonie\" \/>\n<meta property=\"og:locale\" content=\"fr_FR\" \/>\n<meta property=\"og:type\" content=\"article\" \/>\n<meta property=\"og:title\" content=\"Abidjan va comm\u00e9morer le 54\u00e8me anniversaire de la Conf\u00e9rence des Ministres de la Jeunesse et des Sports de la Francophonie\" \/>\n<meta property=\"og:description\" content=\"La Co\u0302te d\u2019Ivoire va comme\u0301morer les 54 ans de la Confe\u0301rence des Ministres de la Jeunesse et des Sports de la Francopho ...\" \/>\n<meta property=\"og:url\" content=\"https:\/\/www.africa-press.net\/cotedivoire\/sports\/abidjan-va-commemorer-le-54eme-anniversaire-de-la-conference-des-ministres-de-la-jeunesse-et-des-sports-de-la-francophonie\" \/>\n<meta property=\"og:site_name\" content=\"C\u00f4te d&#039;Ivoire\" \/>\n<meta property=\"article:published_time\" content=\"2023-12-06T16:06:09+00:00\" \/>\n<meta property=\"article:modified_time\" content=\"2023-12-06T17:08:11+00:00\" \/>\n<meta property=\"og:image\" content=\"https:\/\/static.africa-press.net\/cote\/sites\/43\/2023\/12\/sm_1701868889.278828.jpg\" \/>\n\t<meta property=\"og:image:width\" content=\"720\" \/>\n\t<meta property=\"og:image:height\" content=\"410\" \/>\n\t<meta property=\"og:image:type\" content=\"image\/jpeg\" \/>\n<meta name=\"author\" content=\"cfeditorfr\" \/>\n<meta name=\"twitter:card\" content=\"summary_large_image\" \/>\n<meta name=\"twitter:label1\" content=\"\u00c9crit par\" \/>\n\t<meta name=\"twitter:data1\" content=\"cfeditorfr\" \/>\n\t<meta name=\"twitter:label2\" content=\"Dur\u00e9e de lecture estim\u00e9e\" \/>\n\t<meta name=\"twitter:data2\" content=\"2 minutes\" \/>\n<script type=\"application\/ld+json\" class=\"yoast-schema-graph\">{\"@context\":\"https:\/\/schema.org\",\"@graph\":[{\"@type\":\"Article\",\"@id\":\"https:\/\/www.africa-press.net\/cotedivoire\/sports\/abidjan-va-commemorer-le-54eme-anniversaire-de-la-conference-des-ministres-de-la-jeunesse-et-des-sports-de-la-francophonie#article\",\"isPartOf\":{\"@id\":\"https:\/\/www.africa-press.net\/cotedivoire\/sports\/abidjan-va-commemorer-le-54eme-anniversaire-de-la-conference-des-ministres-de-la-jeunesse-et-des-sports-de-la-francophonie\"},\"author\":{\"name\":\"cfeditorfr\",\"@id\":\"https:\/\/www.africa-press.net\/cotedivoire\/#\/schema\/person\/2b1cf3cd81a31e3cd26889ca66d677f1\"},\"headline\":\"Abidjan va comm\u00e9morer le 54\u00e8me anniversaire de la Conf\u00e9rence des Ministres de la Jeunesse et des Sports de la Francophonie\",\"datePublished\":\"2023-12-06T16:06:09+00:00\",\"dateModified\":\"2023-12-06T17:08:11+00:00\",\"mainEntityOfPage\":{\"@id\":\"https:\/\/www.africa-press.net\/cotedivoire\/sports\/abidjan-va-commemorer-le-54eme-anniversaire-de-la-conference-des-ministres-de-la-jeunesse-et-des-sports-de-la-francophonie\"},\"wordCount\":489,\"commentCount\":0,\"image\":{\"@id\":\"https:\/\/www.africa-press.net\/cotedivoire\/sports\/abidjan-va-commemorer-le-54eme-anniversaire-de-la-conference-des-ministres-de-la-jeunesse-et-des-sports-de-la-francophonie#primaryimage\"},\"thumbnailUrl\":\"https:\/\/static.africa-press.net\/cote\/sites\/43\/2023\/12\/sm_1701868889.278828.jpg\",\"keywords\":[\"Adj\u00e9 Silas\",\"Africa Press\",\"Africa Press-C\u00f4te d'Ivoire\",\"comm\u00e9moration\",\"CONFEJES\",\"C\u00d4TE D'IVOIRE\",\"Francophonie\",\"ministres\"],\"articleSection\":[\"Sports\",\"Toutes les actualit\u00e9s\"],\"inLanguage\":\"fr-FR\",\"potentialAction\":[{\"@type\":\"CommentAction\",\"name\":\"Comment\",\"target\":[\"https:\/\/www.africa-press.net\/cotedivoire\/sports\/abidjan-va-commemorer-le-54eme-anniversaire-de-la-conference-des-ministres-de-la-jeunesse-et-des-sports-de-la-francophonie#respond\"]}]},{\"@type\":\"WebPage\",\"@id\":\"https:\/\/www.africa-press.net\/cotedivoire\/sports\/abidjan-va-commemorer-le-54eme-anniversaire-de-la-conference-des-ministres-de-la-jeunesse-et-des-sports-de-la-francophonie\",\"url\":\"https:\/\/www.africa-press.net\/cotedivoire\/sports\/abidjan-va-commemorer-le-54eme-anniversaire-de-la-conference-des-ministres-de-la-jeunesse-et-des-sports-de-la-francophonie\",\"name\":\"Abidjan va comm\u00e9morer le 54\u00e8me anniversaire de la Conf\u00e9rence des Ministres de la Jeunesse et des Sports de la Francophonie - C\u00f4te d&#039;Ivoire\",\"isPartOf\":{\"@id\":\"https:\/\/www.africa-press.net\/cotedivoire\/#website\"},\"primaryImageOfPage\":{\"@id\":\"https:\/\/www.africa-press.net\/cotedivoire\/sports\/abidjan-va-commemorer-le-54eme-anniversaire-de-la-conference-des-ministres-de-la-jeunesse-et-des-sports-de-la-francophonie#primaryimage\"},\"image\":{\"@id\":\"https:\/\/www.africa-press.net\/cotedivoire\/sports\/abidjan-va-commemorer-le-54eme-anniversaire-de-la-conference-des-ministres-de-la-jeunesse-et-des-sports-de-la-francophonie#primaryimage\"},\"thumbnailUrl\":\"https:\/\/static.africa-press.net\/cote\/sites\/43\/2023\/12\/sm_1701868889.278828.jpg\",\"datePublished\":\"2023-12-06T16:06:09+00:00\",\"dateModified\":\"2023-12-06T17:08:11+00:00\",\"author\":{\"@id\":\"https:\/\/www.africa-press.net\/cotedivoire\/#\/schema\/person\/2b1cf3cd81a31e3cd26889ca66d677f1\"},\"description\":\"La Co\u0302te d\u2019Ivoire va comme\u0301morer les 54 ans de la Confe\u0301rence des Ministres de la Jeunesse et des Sports de la Francopho ...\",\"breadcrumb\":{\"@id\":\"https:\/\/www.africa-press.net\/cotedivoire\/sports\/abidjan-va-commemorer-le-54eme-anniversaire-de-la-conference-des-ministres-de-la-jeunesse-et-des-sports-de-la-francophonie#breadcrumb\"},\"inLanguage\":\"fr-FR\",\"potentialAction\":[{\"@type\":\"ReadAction\",\"target\":[\"https:\/\/www.africa-press.net\/cotedivoire\/sports\/abidjan-va-commemorer-le-54eme-anniversaire-de-la-conference-des-ministres-de-la-jeunesse-et-des-sports-de-la-francophonie\"]}]},{\"@type\":\"ImageObject\",\"inLanguage\":\"fr-FR\",\"@id\":\"https:\/\/www.africa-press.net\/cotedivoire\/sports\/abidjan-va-commemorer-le-54eme-anniversaire-de-la-conference-des-ministres-de-la-jeunesse-et-des-sports-de-la-francophonie#primaryimage\",\"url\":\"https:\/\/static.africa-press.net\/cote\/sites\/43\/2023\/12\/sm_1701868889.278828.jpg\",\"contentUrl\":\"https:\/\/static.africa-press.net\/cote\/sites\/43\/2023\/12\/sm_1701868889.278828.jpg\",\"width\":720,\"height\":410,\"caption\":\"Abidjan va comm\u00e9morer le 54\u00e8me anniversaire de la Conf\u00e9rence des Ministres de la Jeunesse et des Sports de la Francophonie\"},{\"@type\":\"BreadcrumbList\",\"@id\":\"https:\/\/www.africa-press.net\/cotedivoire\/sports\/abidjan-va-commemorer-le-54eme-anniversaire-de-la-conference-des-ministres-de-la-jeunesse-et-des-sports-de-la-francophonie#breadcrumb\",\"itemListElement\":[{\"@type\":\"ListItem\",\"position\":1,\"name\":\"Accueil\",\"item\":\"https:\/\/www.africa-press.net\/cotedivoire\/\"},{\"@type\":\"ListItem\",\"position\":2,\"name\":\"Abidjan va comm\u00e9morer le 54\u00e8me anniversaire de la Conf\u00e9rence des Ministres de la Jeunesse et des Sports de la Francophonie\"}]},{\"@type\":\"WebSite\",\"@id\":\"https:\/\/www.africa-press.net\/cotedivoire\/#website\",\"url\":\"https:\/\/www.africa-press.net\/cotedivoire\/\",\"name\":\"C\u00f4te d&#039;Ivoire\",\"description\":\"Just another Africa News Agency Sites site\",\"potentialAction\":[{\"@type\":\"SearchAction\",\"target\":{\"@type\":\"EntryPoint\",\"urlTemplate\":\"https:\/\/www.africa-press.net\/cotedivoire\/?s={search_term_string}\"},\"query-input\":{\"@type\":\"PropertyValueSpecification\",\"valueRequired\":true,\"valueName\":\"search_term_string\"}}],\"inLanguage\":\"fr-FR\"},{\"@type\":\"Person\",\"@id\":\"https:\/\/www.africa-press.net\/cotedivoire\/#\/schema\/person\/2b1cf3cd81a31e3cd26889ca66d677f1\",\"name\":\"cfeditorfr\"}]}<\/script>\n<!-- \/ Yoast SEO Premium plugin. -->","yoast_head_json":{"title":"Abidjan va comm\u00e9morer le 54\u00e8me anniversaire de la Conf\u00e9rence des Ministres de la Jeunesse et des Sports de la Francophonie - C\u00f4te d&#039;Ivoire","description":"La Co\u0302te d\u2019Ivoire va comme\u0301morer les 54 ans de la Confe\u0301rence des Ministres de la Jeunesse et des Sports de la Francopho ...","robots":{"index":"index","follow":"follow","max-snippet":"max-snippet:-1","max-image-preview":"max-image-preview:large","max-video-preview":"max-video-preview:-1"},"canonical":"https:\/\/www.africa-press.net\/cotedivoire\/sports\/abidjan-va-commemorer-le-54eme-anniversaire-de-la-conference-des-ministres-de-la-jeunesse-et-des-sports-de-la-francophonie","og_locale":"fr_FR","og_type":"article","og_title":"Abidjan va comm\u00e9morer le 54\u00e8me anniversaire de la Conf\u00e9rence des Ministres de la Jeunesse et des Sports de la Francophonie","og_description":"La Co\u0302te d\u2019Ivoire va comme\u0301morer les 54 ans de la Confe\u0301rence des Ministres de la Jeunesse et des Sports de la Francopho ...","og_url":"https:\/\/www.africa-press.net\/cotedivoire\/sports\/abidjan-va-commemorer-le-54eme-anniversaire-de-la-conference-des-ministres-de-la-jeunesse-et-des-sports-de-la-francophonie","og_site_name":"C\u00f4te d&#039;Ivoire","article_published_time":"2023-12-06T16:06:09+00:00","article_modified_time":"2023-12-06T17:08:11+00:00","og_image":[{"width":720,"height":410,"url":"https:\/\/static.africa-press.net\/cote\/sites\/43\/2023\/12\/sm_1701868889.278828.jpg","type":"image\/jpeg"}],"author":"cfeditorfr","twitter_card":"summary_large_image","twitter_misc":{"\u00c9crit par":"cfeditorfr","Dur\u00e9e de lecture estim\u00e9e":"2 minutes"},"schema":{"@context":"https:\/\/schema.org","@graph":[{"@type":"Article","@id":"https:\/\/www.africa-press.net\/cotedivoire\/sports\/abidjan-va-commemorer-le-54eme-anniversaire-de-la-conference-des-ministres-de-la-jeunesse-et-des-sports-de-la-francophonie#article","isPartOf":{"@id":"https:\/\/www.africa-press.net\/cotedivoire\/sports\/abidjan-va-commemorer-le-54eme-anniversaire-de-la-conference-des-ministres-de-la-jeunesse-et-des-sports-de-la-francophonie"},"author":{"name":"cfeditorfr","@id":"https:\/\/www.africa-press.net\/cotedivoire\/#\/schema\/person\/2b1cf3cd81a31e3cd26889ca66d677f1"},"headline":"Abidjan va comm\u00e9morer le 54\u00e8me anniversaire de la Conf\u00e9rence des Ministres de la Jeunesse et des Sports de la Francophonie","datePublished":"2023-12-06T16:06:09+00:00","dateModified":"2023-12-06T17:08:11+00:00","mainEntityOfPage":{"@id":"https:\/\/www.africa-press.net\/cotedivoire\/sports\/abidjan-va-commemorer-le-54eme-anniversaire-de-la-conference-des-ministres-de-la-jeunesse-et-des-sports-de-la-francophonie"},"wordCount":489,"commentCount":0,"image":{"@id":"https:\/\/www.africa-press.net\/cotedivoire\/sports\/abidjan-va-commemorer-le-54eme-anniversaire-de-la-conference-des-ministres-de-la-jeunesse-et-des-sports-de-la-francophonie#primaryimage"},"thumbnailUrl":"https:\/\/static.africa-press.net\/cote\/sites\/43\/2023\/12\/sm_1701868889.278828.jpg","keywords":["Adj\u00e9 Silas","Africa Press","Africa Press-C\u00f4te d'Ivoire","comm\u00e9moration","CONFEJES","C\u00d4TE D'IVOIRE","Francophonie","ministres"],"articleSection":["Sports","Toutes les actualit\u00e9s"],"inLanguage":"fr-FR","potentialAction":[{"@type":"CommentAction","name":"Comment","target":["https:\/\/www.africa-press.net\/cotedivoire\/sports\/abidjan-va-commemorer-le-54eme-anniversaire-de-la-conference-des-ministres-de-la-jeunesse-et-des-sports-de-la-francophonie#respond"]}]},{"@type":"WebPage","@id":"https:\/\/www.africa-press.net\/cotedivoire\/sports\/abidjan-va-commemorer-le-54eme-anniversaire-de-la-conference-des-ministres-de-la-jeunesse-et-des-sports-de-la-francophonie","url":"https:\/\/www.africa-press.net\/cotedivoire\/sports\/abidjan-va-commemorer-le-54eme-anniversaire-de-la-conference-des-ministres-de-la-jeunesse-et-des-sports-de-la-francophonie","name":"Abidjan va comm\u00e9morer le 54\u00e8me anniversaire de la Conf\u00e9rence des Ministres de la Jeunesse et des Sports de la Francophonie - C\u00f4te d&#039;Ivoire","isPartOf":{"@id":"https:\/\/www.africa-press.net\/cotedivoire\/#website"},"primaryImageOfPage":{"@id":"https:\/\/www.africa-press.net\/cotedivoire\/sports\/abidjan-va-commemorer-le-54eme-anniversaire-de-la-conference-des-ministres-de-la-jeunesse-et-des-sports-de-la-francophonie#primaryimage"},"image":{"@id":"https:\/\/www.africa-press.net\/cotedivoire\/sports\/abidjan-va-commemorer-le-54eme-anniversaire-de-la-conference-des-ministres-de-la-jeunesse-et-des-sports-de-la-francophonie#primaryimage"},"thumbnailUrl":"https:\/\/static.africa-press.net\/cote\/sites\/43\/2023\/12\/sm_1701868889.278828.jpg","datePublished":"2023-12-06T16:06:09+00:00","dateModified":"2023-12-06T17:08:11+00:00","author":{"@id":"https:\/\/www.africa-press.net\/cotedivoire\/#\/schema\/person\/2b1cf3cd81a31e3cd26889ca66d677f1"},"description":"La Co\u0302te d\u2019Ivoire va comme\u0301morer les 54 ans de la Confe\u0301rence des Ministres de la Jeunesse et des Sports de la Francopho ...","breadcrumb":{"@id":"https:\/\/www.africa-press.net\/cotedivoire\/sports\/abidjan-va-commemorer-le-54eme-anniversaire-de-la-conference-des-ministres-de-la-jeunesse-et-des-sports-de-la-francophonie#breadcrumb"},"inLanguage":"fr-FR","potentialAction":[{"@type":"ReadAction","target":["https:\/\/www.africa-press.net\/cotedivoire\/sports\/abidjan-va-commemorer-le-54eme-anniversaire-de-la-conference-des-ministres-de-la-jeunesse-et-des-sports-de-la-francophonie"]}]},{"@type":"ImageObject","inLanguage":"fr-FR","@id":"https:\/\/www.africa-press.net\/cotedivoire\/sports\/abidjan-va-commemorer-le-54eme-anniversaire-de-la-conference-des-ministres-de-la-jeunesse-et-des-sports-de-la-francophonie#primaryimage","url":"https:\/\/static.africa-press.net\/cote\/sites\/43\/2023\/12\/sm_1701868889.278828.jpg","contentUrl":"https:\/\/static.africa-press.net\/cote\/sites\/43\/2023\/12\/sm_1701868889.278828.jpg","width":720,"height":410,"caption":"Abidjan va comm\u00e9morer le 54\u00e8me anniversaire de la Conf\u00e9rence des Ministres de la Jeunesse et des Sports de la Francophonie"},{"@type":"BreadcrumbList","@id":"https:\/\/www.africa-press.net\/cotedivoire\/sports\/abidjan-va-commemorer-le-54eme-anniversaire-de-la-conference-des-ministres-de-la-jeunesse-et-des-sports-de-la-francophonie#breadcrumb","itemListElement":[{"@type":"ListItem","position":1,"name":"Accueil","item":"https:\/\/www.africa-press.net\/cotedivoire\/"},{"@type":"ListItem","position":2,"name":"Abidjan va comm\u00e9morer le 54\u00e8me anniversaire de la Conf\u00e9rence des Ministres de la Jeunesse et des Sports de la Francophonie"}]},{"@type":"WebSite","@id":"https:\/\/www.africa-press.net\/cotedivoire\/#website","url":"https:\/\/www.africa-press.net\/cotedivoire\/","name":"C\u00f4te d&#039;Ivoire","description":"Just another Africa News Agency Sites site","potentialAction":[{"@type":"SearchAction","target":{"@type":"EntryPoint","urlTemplate":"https:\/\/www.africa-press.net\/cotedivoire\/?s={search_term_string}"},"query-input":{"@type":"PropertyValueSpecification","valueRequired":true,"valueName":"search_term_string"}}],"inLanguage":"fr-FR"},{"@type":"Person","@id":"https:\/\/www.africa-press.net\/cotedivoire\/#\/schema\/person\/2b1cf3cd81a31e3cd26889ca66d677f1","name":"cfeditorfr"}]}},"_links":{"self":[{"href":"https:\/\/www.africa-press.net\/cotedivoire\/wp-json\/wp\/v2\/posts\/70912","targetHints":{"allow":["GET"]}}],"collection":[{"href":"https:\/\/www.africa-press.net\/cotedivoire\/wp-json\/wp\/v2\/posts"}],"about":[{"href":"https:\/\/www.africa-press.net\/cotedivoire\/wp-json\/wp\/v2\/types\/post"}],"author":[{"embeddable":true,"href":"https:\/\/www.africa-press.net\/cotedivoire\/wp-json\/wp\/v2\/users\/82"}],"replies":[{"embeddable":true,"href":"https:\/\/www.africa-press.net\/cotedivoire\/wp-json\/wp\/v2\/comments?post=70912"}],"version-history":[{"count":0,"href":"https:\/\/www.africa-press.net\/cotedivoire\/wp-json\/wp\/v2\/posts\/70912\/revisions"}],"wp:featuredmedia":[{"embeddable":true,"href":"https:\/\/www.africa-press.net\/cotedivoire\/wp-json\/wp\/v2\/media\/70911"}],"wp:attachment":[{"href":"https:\/\/www.africa-press.net\/cotedivoire\/wp-json\/wp\/v2\/media?parent=70912"}],"wp:term":[{"taxonomy":"category","embeddable":true,"href":"https:\/\/www.africa-press.net\/cotedivoire\/wp-json\/wp\/v2\/categories?post=70912"},{"taxonomy":"post_tag","embeddable":true,"href":"https:\/\/www.africa-press.net\/cotedivoire\/wp-json\/wp\/v2\/tags?post=70912"}],"curies":[{"name":"wp","href":"https:\/\/api.w.org\/{rel}","templated":true}]}}