{"id":71080,"date":"2023-12-08T12:39:31","date_gmt":"2023-12-08T12:39:31","guid":{"rendered":"https:\/\/www.africa-press.net\/cotedivoire\/politique\/can-2023-le-directeur-general-de-ci-energies-desormais-dans-lecurie-du-cnse"},"modified":"2023-12-08T13:14:13","modified_gmt":"2023-12-08T13:14:13","slug":"can-2023-le-directeur-general-de-ci-energies-desormais-dans-lecurie-du-cnse","status":"publish","type":"post","link":"https:\/\/www.africa-press.net\/cotedivoire\/sports\/can-2023-le-directeur-general-de-ci-energies-desormais-dans-lecurie-du-cnse","title":{"rendered":"CAN 2023, le Directeur G\u00e9n\u00e9ral de CI-\u00c9NERGIES, d\u00e9sormais dans l&rsquo;\u00e9curie du CNSE"},"content":{"rendered":"<p><span style=\"color: #ff6600\"><strong>Africa-Press &#8211; C\u00f4te d&rsquo;Ivoire. <\/strong><\/span>Un nouveau partenaire dans l&rsquo;e\u0301curie du Comite\u0301 National de Soutien aux E\u0301le\u0301phants (CNSE) a\u0300 l&rsquo;ore\u0301e de la CAN 2023 dans le but de cre\u0301er la symbiose et l&rsquo;union sacre\u0301e de toutes les populations ivoiriennes autour des Ele\u0301phants lors de la Coupe d&rsquo;Afrique des nations (CAN) pre\u0301vue du 13 janvier au 11 fe\u0301vrier prochain.<\/p>\n<p>Le dernier partenariat est celui tisse\u0301 avec la socie\u0301te\u0301 Co\u0302te d&rsquo;Ivoire E\u0301NERGIES, et officialise\u0301, lors d&rsquo;une ce\u0301re\u0301monie a\u0300 son sie\u0300ge ce jeudi 07 de\u0301cembre 2023, au cours de laquelle son directeur, Sidibe\u0301 Noumory, a e\u0301te\u0301 fait ambassadeur du CNSE pour la mobilisation.<\/p>\n<p>En pre\u0301sence de ses collaborateurs et du conseiller technique du ministre de\u0301le\u0301gue\u0301 aupre\u0300s du Premier Ministre, ministre des Sports et du Cadre de Vie, le Directeur Ge\u0301ne\u0301ral a rec\u0327u ses attributs d&rsquo;ambassadeur, comprenant notamment sa carte CNSE, ses maillots de supporter et son e\u0301charpe.<\/p>\n<p>\u00ab\u00a0En tant qu&rsquo;ambassadeur du CNSE, j&rsquo;entends prendre toute ma part et toute ma place dans le soutien a\u0300 notre e\u0301quipe nationale\u00a0\u00bb, a assure\u0301 Sidibe\u0301 Noumory.<\/p>\n<p>Le Directeur ge\u0301ne\u0301ral de Co\u0302te d&rsquo;Ivoire E\u0301nergie a e\u0301galement annonce\u0301 que son entreprise a de\u0301cide\u0301, a\u0300 l&rsquo;occasion de cette CAN, \u00ab\u00a0de prendre sa part a\u0300 cette belle fe\u0302te sportive africaine a\u0300 travers l&rsquo;organisation de villages CAN en partenariat avec le CNSE. Ces villages CAN seront les lieux de ce\u0301le\u0301bration de valeurs.\u00a0\u00bb<\/p>\n<p>De me\u0302me, Sidibe\u0301 Noumory a encourage\u0301 le pre\u0301sident du CNSE, Adonis Kouadio, et l&rsquo;ensemble de son e\u0301quipe a\u0300 redoubler d&rsquo;ardeur dans le ro\u0302le qui est le leur et a\u0300 pousser les E\u0301le\u0301phants a\u0300 se surpasser et a\u0300 briller sur le toit de l&rsquo;Afrique.<\/p>\n<p>\u00ab\u00a0J&rsquo;ai derrie\u0300re moi toute une entreprise mobilise\u0301e et des collaborateurs impatients de participer a\u0300 cette grande fe\u0302te du football\u00a0\u00bb, a-t-il assure\u0301.<\/p>\n<p>\u00ab Monsieur le Directeur Ge\u0301ne\u0301ral, en acceptant de partager la mission du CNSE dans cette CAN, vous prenez votre part de responsabilite\u0301 en tant qu&rsquo;Ivoirien soucieux de l&rsquo;inte\u0301re\u0302t du pays \u00bb, a indique\u0301 pour sa part le pre\u0301sident du CNSE, Adonis Kouadio.<\/p>\n<p>Apre\u0300s avoir rappele\u0301 l&rsquo;historique de cre\u0301ation ainsi que les missions du CNSE, il a soutenu que \u00ab La Co\u0302te d&rsquo;Ivoire jouant la CAN sur son territoire, il est bien e\u0301vident que le CNSE doit se de\u0301ployer, surtout que depuis plus de 10 ans, elle est reconnue par la FIFA et la CAF comme championne d&rsquo;Afrique de l&rsquo;animation et championne d&rsquo;Afrique dans l&rsquo;organisation\u00a0\u00bb.<\/p>\n<p>\u00ab Nous ambitionnons de mobiliser toutes ces couches sociales, sans aucune distinction sur toute l&rsquo;e\u0301tendue du territoire et la diaspora afin de pousser notre e\u0301quipe a\u0300 lever haut le drapeau ivoirien et surtout a\u0300 remporter la CAN \u00bb,<\/p>\n<p>\u00ab Chers fre\u0300res et s\u0153urs Ivoiriens, le pays vous appelle, le CNSE vous invite a\u0300 vous joindre a\u0300 lui. Les E\u0301le\u0301phants ont besoin de votre soutien afin qu&rsquo;au soir du 11 fe\u0301vrier, nous puissions de\u0301crocher notre 3e\u0300me e\u0301toile sur notre fameux maillot. La coupe atterrit en terre d&rsquo;Eburnie, elle doit rester en terre d&rsquo;Eburnie. C&rsquo;est c\u0327a notre mission, c&rsquo;est cela votre mission \u00bb, a-t-il conclu.<\/p>\n<p>A\u0300 noter qu&rsquo;a\u0300 l&rsquo;instar du Directeur Ge\u0301ne\u0301ral de Co\u0302te d&rsquo;Ivoire E\u0301nergie, quatorze autres personnalite\u0301s du pays ont e\u0301te\u0301 de\u0301signe\u0301es ambassadeurs du CNSE, dont le Coordonnateur ge\u0301ne\u0301ral du Programme Social du Gouvernement (PS-Gouv), Non Karna Coulibaly. Ce dernier a rec\u0327u ses attributs en septembre 2023 en vue de mobiliser davantage le public sportif a\u0300 encourager les athle\u0300tes a\u0300 hisser haut le drapeau ivoirien lors de la 34e\u0300me e\u0301dition de la CAN, qui se de\u0301roulera du 13 janvier au 11 fe\u0301vrier 2024 en Co\u0302te d&rsquo;Ivoire.<\/p>\n\r\n                <style type=\"text\/css\">\r\n                    \r\n                    #td_uid_1_69f4fd5229118  .td-doubleSlider-2 .td-item1 {\r\n                        background: url(https:\/\/static.africa-press.net\/cote\/sites\/43\/2023\/12\/sm_1702028611.227684-80x60.jpg) 0 0 no-repeat;\r\n                    }\r\n                    #td_uid_1_69f4fd5229118  .td-doubleSlider-2 .td-item2 {\r\n                        background: url(https:\/\/static.africa-press.net\/cote\/sites\/43\/2023\/12\/sm_1702028618.917203-80x60.jpg) 0 0 no-repeat;\r\n                    }\r\n                <\/style>\r\n\r\n                <div id=\"td_uid_1_69f4fd5229118\" class=\"td-gallery td-slide-on-2-columns\">\r\n                    <div class=\"post_td_gallery\">\r\n                        <div class=\"td-gallery-slide-top\">\r\n                           <div class=\"td-gallery-title\"><\/div>\r\n\r\n                            <div class=\"td-gallery-controls-wrapper\">\r\n                                <div class=\"td-gallery-slide-count\"><span class=\"td-gallery-slide-item-focus\">1<\/span> de 2<\/div>\r\n                                <div class=\"td-gallery-slide-prev-next-but\">\r\n                                    <i class = \"td-icon-left doubleSliderPrevButton\"><\/i>\r\n                                    <i class = \"td-icon-right doubleSliderNextButton\"><\/i>\r\n                                <\/div>\r\n                            <\/div>\r\n                        <\/div>\r\n\r\n                        <div class = \"td-doubleSlider-1 \">\r\n                            <div class = \"td-slider\">\r\n                                \r\n                    <div class = \"td-slide-item td-item1\">\r\n                        <figure class=\"td-slide-galery-figure td-slide-popup-gallery\">\r\n                            <a class=\"slide-gallery-image-link\" href=\"https:\/\/static.africa-press.net\/cote\/sites\/43\/2023\/12\/sm_1702028611.227684.jpg\" title=\"sm_1702028611.227684\"  data-caption=\"\"  data-description=\"\">\r\n                                <img decoding=\"async\" src=\"https:\/\/static.africa-press.net\/cote\/sites\/43\/2023\/12\/sm_1702028611.227684.jpg\" srcset=\"https:\/\/static.africa-press.net\/cote\/sites\/43\/2023\/12\/sm_1702028611.227684.jpg 1000w, https:\/\/static.africa-press.net\/cote\/sites\/43\/2023\/12\/sm_1702028611.227684-300x202.jpg 300w, https:\/\/static.africa-press.net\/cote\/sites\/43\/2023\/12\/sm_1702028611.227684-768x517.jpg 768w\" sizes=\"(max-width: 1000px) 100vw, 1000px\" alt=\"\">\r\n                            <\/a>\r\n                            \r\n                        <\/figure>\r\n                    <\/div>\r\n                    <div class = \"td-slide-item td-item2\">\r\n                        <figure class=\"td-slide-galery-figure td-slide-popup-gallery\">\r\n                            <a class=\"slide-gallery-image-link\" href=\"https:\/\/static.africa-press.net\/cote\/sites\/43\/2023\/12\/sm_1702028618.917203.jpg\" title=\"sm_1702028618.917203\"  data-caption=\"\"  data-description=\"\">\r\n                                <img decoding=\"async\" src=\"https:\/\/static.africa-press.net\/cote\/sites\/43\/2023\/12\/sm_1702028618.917203.jpg\" srcset=\"https:\/\/static.africa-press.net\/cote\/sites\/43\/2023\/12\/sm_1702028618.917203.jpg 1000w, https:\/\/static.africa-press.net\/cote\/sites\/43\/2023\/12\/sm_1702028618.917203-300x225.jpg 300w, https:\/\/static.africa-press.net\/cote\/sites\/43\/2023\/12\/sm_1702028618.917203-768x576.jpg 768w, https:\/\/static.africa-press.net\/cote\/sites\/43\/2023\/12\/sm_1702028618.917203-80x60.jpg 80w\" sizes=\"(max-width: 1000px) 100vw, 1000px\" alt=\"\">\r\n                            <\/a>\r\n                            \r\n                        <\/figure>\r\n                    <\/div>\r\n                            <\/div>\r\n                        <\/div>\r\n\r\n                        <div class = \"td-doubleSlider-2\">\r\n                            <div class = \"td-slider\">\r\n                                \r\n                    <div class = \"td-button td-item1\">\r\n                        <div class = \"td-border\"><\/div>\r\n                    <\/div>\r\n                    <div class = \"td-button td-item2\">\r\n                        <div class = \"td-border\"><\/div>\r\n                    <\/div>\r\n                            <\/div>\r\n                        <\/div>\r\n\r\n                    <\/div>\r\n\r\n                <\/div>\r\n                \n<p><strong>Pour plus d&rsquo;informations et d&rsquo;analyses sur la <a href=\"https:\/\/www.africa-press.net\/cotedivoire\">C\u00f4te d&rsquo;Ivoire<\/a>, suivez <a href=\"https:\/\/www.africa-press.net\/\">Africa-Press<\/a><\/strong><\/p>\n","protected":false},"excerpt":{"rendered":"<p>Africa-Press &#8211; C\u00f4te d&rsquo;Ivoire. Un nouveau partenaire dans l&rsquo;e\u0301curie du Comite\u0301 National de Soutien aux E\u0301le\u0301phants (CNSE) a\u0300 l&rsquo;ore\u0301e de la CAN 2023 dans le but de cre\u0301er la symbiose et l&rsquo;union sacre\u0301e de toutes les populations ivoiriennes autour des Ele\u0301phants lors de la Coupe d&rsquo;Afrique des nations (CAN) pre\u0301vue du 13 janvier au 11 [&hellip;]<\/p>\n","protected":false},"author":82,"featured_media":71079,"comment_status":"open","ping_status":"closed","sticky":false,"template":"","format":"standard","meta":{"footnotes":""},"categories":[8,6,10],"tags":[56,63,9366,29],"class_list":["post-71080","post","type-post","status-publish","format-standard","has-post-thumbnail","hentry","category-photo","category-sports","category-toutes-les-actualites","tag-africa-press","tag-africa-press-cote-divoire","tag-cnse","tag-cote-divoire"],"yoast_head":"<!-- This site is optimized with the Yoast SEO Premium plugin v26.1 (Yoast SEO v27.0) - https:\/\/yoast.com\/product\/yoast-seo-premium-wordpress\/ -->\n<title>CAN 2023, le Directeur G\u00e9n\u00e9ral de CI-\u00c9NERGIES, d\u00e9sormais dans l&#039;\u00e9curie du CNSE - C\u00f4te d&#039;Ivoire<\/title>\n<meta name=\"description\" content=\"Un nouveau partenaire dans l&#039;e\u0301curie du Comite\u0301 National de Soutien aux E\u0301le\u0301phants (CNSE) a\u0300 l&#039;ore\u0301e de la CAN 2023 dan ...\" \/>\n<meta name=\"robots\" content=\"index, follow, max-snippet:-1, max-image-preview:large, max-video-preview:-1\" \/>\n<link rel=\"canonical\" href=\"https:\/\/www.africa-press.net\/cotedivoire\/sports\/can-2023-le-directeur-general-de-ci-energies-desormais-dans-lecurie-du-cnse\" \/>\n<meta property=\"og:locale\" content=\"fr_FR\" \/>\n<meta property=\"og:type\" content=\"article\" \/>\n<meta property=\"og:title\" content=\"CAN 2023, le Directeur G\u00e9n\u00e9ral de CI-\u00c9NERGIES, d\u00e9sormais dans l&#039;\u00e9curie du CNSE\" \/>\n<meta property=\"og:description\" content=\"Un nouveau partenaire dans l&#039;e\u0301curie du Comite\u0301 National de Soutien aux E\u0301le\u0301phants (CNSE) a\u0300 l&#039;ore\u0301e de la CAN 2023 dan ...\" \/>\n<meta property=\"og:url\" content=\"https:\/\/www.africa-press.net\/cotedivoire\/sports\/can-2023-le-directeur-general-de-ci-energies-desormais-dans-lecurie-du-cnse\" \/>\n<meta property=\"og:site_name\" content=\"C\u00f4te d&#039;Ivoire\" \/>\n<meta property=\"article:published_time\" content=\"2023-12-08T12:39:31+00:00\" \/>\n<meta property=\"article:modified_time\" content=\"2023-12-08T13:14:13+00:00\" \/>\n<meta property=\"og:image\" content=\"https:\/\/static.africa-press.net\/cote\/sites\/43\/2023\/12\/sm_1702028626.016783.jpg\" \/>\n\t<meta property=\"og:image:width\" content=\"720\" \/>\n\t<meta property=\"og:image:height\" content=\"540\" \/>\n\t<meta property=\"og:image:type\" content=\"image\/jpeg\" \/>\n<meta name=\"author\" content=\"cfeditorfr\" \/>\n<meta name=\"twitter:card\" content=\"summary_large_image\" \/>\n<meta name=\"twitter:label1\" content=\"\u00c9crit par\" \/>\n\t<meta name=\"twitter:data1\" content=\"cfeditorfr\" \/>\n\t<meta name=\"twitter:label2\" content=\"Dur\u00e9e de lecture estim\u00e9e\" \/>\n\t<meta name=\"twitter:data2\" content=\"3 minutes\" \/>\n<script type=\"application\/ld+json\" class=\"yoast-schema-graph\">{\"@context\":\"https:\/\/schema.org\",\"@graph\":[{\"@type\":\"Article\",\"@id\":\"https:\/\/www.africa-press.net\/cotedivoire\/sports\/can-2023-le-directeur-general-de-ci-energies-desormais-dans-lecurie-du-cnse#article\",\"isPartOf\":{\"@id\":\"https:\/\/www.africa-press.net\/cotedivoire\/sports\/can-2023-le-directeur-general-de-ci-energies-desormais-dans-lecurie-du-cnse\"},\"author\":{\"name\":\"cfeditorfr\",\"@id\":\"https:\/\/www.africa-press.net\/cotedivoire\/#\/schema\/person\/2b1cf3cd81a31e3cd26889ca66d677f1\"},\"headline\":\"CAN 2023, le Directeur G\u00e9n\u00e9ral de CI-\u00c9NERGIES, d\u00e9sormais dans l&rsquo;\u00e9curie du CNSE\",\"datePublished\":\"2023-12-08T12:39:31+00:00\",\"dateModified\":\"2023-12-08T13:14:13+00:00\",\"mainEntityOfPage\":{\"@id\":\"https:\/\/www.africa-press.net\/cotedivoire\/sports\/can-2023-le-directeur-general-de-ci-energies-desormais-dans-lecurie-du-cnse\"},\"wordCount\":714,\"commentCount\":0,\"image\":{\"@id\":\"https:\/\/www.africa-press.net\/cotedivoire\/sports\/can-2023-le-directeur-general-de-ci-energies-desormais-dans-lecurie-du-cnse#primaryimage\"},\"thumbnailUrl\":\"https:\/\/static.africa-press.net\/cote\/sites\/43\/2023\/12\/sm_1702028626.016783.jpg\",\"keywords\":[\"Africa Press\",\"Africa Press-C\u00f4te d'Ivoire\",\"CNSE\",\"C\u00d4TE D'IVOIRE\"],\"articleSection\":[\"Photo\",\"Sports\",\"Toutes les actualit\u00e9s\"],\"inLanguage\":\"fr-FR\",\"potentialAction\":[{\"@type\":\"CommentAction\",\"name\":\"Comment\",\"target\":[\"https:\/\/www.africa-press.net\/cotedivoire\/sports\/can-2023-le-directeur-general-de-ci-energies-desormais-dans-lecurie-du-cnse#respond\"]}]},{\"@type\":\"WebPage\",\"@id\":\"https:\/\/www.africa-press.net\/cotedivoire\/sports\/can-2023-le-directeur-general-de-ci-energies-desormais-dans-lecurie-du-cnse\",\"url\":\"https:\/\/www.africa-press.net\/cotedivoire\/sports\/can-2023-le-directeur-general-de-ci-energies-desormais-dans-lecurie-du-cnse\",\"name\":\"CAN 2023, le Directeur G\u00e9n\u00e9ral de CI-\u00c9NERGIES, d\u00e9sormais dans l'\u00e9curie du CNSE - C\u00f4te d&#039;Ivoire\",\"isPartOf\":{\"@id\":\"https:\/\/www.africa-press.net\/cotedivoire\/#website\"},\"primaryImageOfPage\":{\"@id\":\"https:\/\/www.africa-press.net\/cotedivoire\/sports\/can-2023-le-directeur-general-de-ci-energies-desormais-dans-lecurie-du-cnse#primaryimage\"},\"image\":{\"@id\":\"https:\/\/www.africa-press.net\/cotedivoire\/sports\/can-2023-le-directeur-general-de-ci-energies-desormais-dans-lecurie-du-cnse#primaryimage\"},\"thumbnailUrl\":\"https:\/\/static.africa-press.net\/cote\/sites\/43\/2023\/12\/sm_1702028626.016783.jpg\",\"datePublished\":\"2023-12-08T12:39:31+00:00\",\"dateModified\":\"2023-12-08T13:14:13+00:00\",\"author\":{\"@id\":\"https:\/\/www.africa-press.net\/cotedivoire\/#\/schema\/person\/2b1cf3cd81a31e3cd26889ca66d677f1\"},\"description\":\"Un nouveau partenaire dans l'e\u0301curie du Comite\u0301 National de Soutien aux E\u0301le\u0301phants (CNSE) a\u0300 l'ore\u0301e de la CAN 2023 dan ...\",\"breadcrumb\":{\"@id\":\"https:\/\/www.africa-press.net\/cotedivoire\/sports\/can-2023-le-directeur-general-de-ci-energies-desormais-dans-lecurie-du-cnse#breadcrumb\"},\"inLanguage\":\"fr-FR\",\"potentialAction\":[{\"@type\":\"ReadAction\",\"target\":[\"https:\/\/www.africa-press.net\/cotedivoire\/sports\/can-2023-le-directeur-general-de-ci-energies-desormais-dans-lecurie-du-cnse\"]}]},{\"@type\":\"ImageObject\",\"inLanguage\":\"fr-FR\",\"@id\":\"https:\/\/www.africa-press.net\/cotedivoire\/sports\/can-2023-le-directeur-general-de-ci-energies-desormais-dans-lecurie-du-cnse#primaryimage\",\"url\":\"https:\/\/static.africa-press.net\/cote\/sites\/43\/2023\/12\/sm_1702028626.016783.jpg\",\"contentUrl\":\"https:\/\/static.africa-press.net\/cote\/sites\/43\/2023\/12\/sm_1702028626.016783.jpg\",\"width\":720,\"height\":540,\"caption\":\"CAN 2023, le Directeur G\u00e9n\u00e9ral de CI-\u00c9NERGIES, d\u00e9sormais dans l'\u00e9curie du CNSE\"},{\"@type\":\"BreadcrumbList\",\"@id\":\"https:\/\/www.africa-press.net\/cotedivoire\/sports\/can-2023-le-directeur-general-de-ci-energies-desormais-dans-lecurie-du-cnse#breadcrumb\",\"itemListElement\":[{\"@type\":\"ListItem\",\"position\":1,\"name\":\"Accueil\",\"item\":\"https:\/\/www.africa-press.net\/cotedivoire\/\"},{\"@type\":\"ListItem\",\"position\":2,\"name\":\"CAN 2023, le Directeur G\u00e9n\u00e9ral de CI-\u00c9NERGIES, d\u00e9sormais dans l&#8217;\u00e9curie du CNSE\"}]},{\"@type\":\"WebSite\",\"@id\":\"https:\/\/www.africa-press.net\/cotedivoire\/#website\",\"url\":\"https:\/\/www.africa-press.net\/cotedivoire\/\",\"name\":\"C\u00f4te d&#039;Ivoire\",\"description\":\"Just another Africa News Agency Sites site\",\"potentialAction\":[{\"@type\":\"SearchAction\",\"target\":{\"@type\":\"EntryPoint\",\"urlTemplate\":\"https:\/\/www.africa-press.net\/cotedivoire\/?s={search_term_string}\"},\"query-input\":{\"@type\":\"PropertyValueSpecification\",\"valueRequired\":true,\"valueName\":\"search_term_string\"}}],\"inLanguage\":\"fr-FR\"},{\"@type\":\"Person\",\"@id\":\"https:\/\/www.africa-press.net\/cotedivoire\/#\/schema\/person\/2b1cf3cd81a31e3cd26889ca66d677f1\",\"name\":\"cfeditorfr\"}]}<\/script>\n<!-- \/ Yoast SEO Premium plugin. -->","yoast_head_json":{"title":"CAN 2023, le Directeur G\u00e9n\u00e9ral de CI-\u00c9NERGIES, d\u00e9sormais dans l'\u00e9curie du CNSE - C\u00f4te d&#039;Ivoire","description":"Un nouveau partenaire dans l'e\u0301curie du Comite\u0301 National de Soutien aux E\u0301le\u0301phants (CNSE) a\u0300 l'ore\u0301e de la CAN 2023 dan ...","robots":{"index":"index","follow":"follow","max-snippet":"max-snippet:-1","max-image-preview":"max-image-preview:large","max-video-preview":"max-video-preview:-1"},"canonical":"https:\/\/www.africa-press.net\/cotedivoire\/sports\/can-2023-le-directeur-general-de-ci-energies-desormais-dans-lecurie-du-cnse","og_locale":"fr_FR","og_type":"article","og_title":"CAN 2023, le Directeur G\u00e9n\u00e9ral de CI-\u00c9NERGIES, d\u00e9sormais dans l'\u00e9curie du CNSE","og_description":"Un nouveau partenaire dans l'e\u0301curie du Comite\u0301 National de Soutien aux E\u0301le\u0301phants (CNSE) a\u0300 l'ore\u0301e de la CAN 2023 dan ...","og_url":"https:\/\/www.africa-press.net\/cotedivoire\/sports\/can-2023-le-directeur-general-de-ci-energies-desormais-dans-lecurie-du-cnse","og_site_name":"C\u00f4te d&#039;Ivoire","article_published_time":"2023-12-08T12:39:31+00:00","article_modified_time":"2023-12-08T13:14:13+00:00","og_image":[{"width":720,"height":540,"url":"https:\/\/static.africa-press.net\/cote\/sites\/43\/2023\/12\/sm_1702028626.016783.jpg","type":"image\/jpeg"}],"author":"cfeditorfr","twitter_card":"summary_large_image","twitter_misc":{"\u00c9crit par":"cfeditorfr","Dur\u00e9e de lecture estim\u00e9e":"3 minutes"},"schema":{"@context":"https:\/\/schema.org","@graph":[{"@type":"Article","@id":"https:\/\/www.africa-press.net\/cotedivoire\/sports\/can-2023-le-directeur-general-de-ci-energies-desormais-dans-lecurie-du-cnse#article","isPartOf":{"@id":"https:\/\/www.africa-press.net\/cotedivoire\/sports\/can-2023-le-directeur-general-de-ci-energies-desormais-dans-lecurie-du-cnse"},"author":{"name":"cfeditorfr","@id":"https:\/\/www.africa-press.net\/cotedivoire\/#\/schema\/person\/2b1cf3cd81a31e3cd26889ca66d677f1"},"headline":"CAN 2023, le Directeur G\u00e9n\u00e9ral de CI-\u00c9NERGIES, d\u00e9sormais dans l&rsquo;\u00e9curie du CNSE","datePublished":"2023-12-08T12:39:31+00:00","dateModified":"2023-12-08T13:14:13+00:00","mainEntityOfPage":{"@id":"https:\/\/www.africa-press.net\/cotedivoire\/sports\/can-2023-le-directeur-general-de-ci-energies-desormais-dans-lecurie-du-cnse"},"wordCount":714,"commentCount":0,"image":{"@id":"https:\/\/www.africa-press.net\/cotedivoire\/sports\/can-2023-le-directeur-general-de-ci-energies-desormais-dans-lecurie-du-cnse#primaryimage"},"thumbnailUrl":"https:\/\/static.africa-press.net\/cote\/sites\/43\/2023\/12\/sm_1702028626.016783.jpg","keywords":["Africa Press","Africa Press-C\u00f4te d'Ivoire","CNSE","C\u00d4TE D'IVOIRE"],"articleSection":["Photo","Sports","Toutes les actualit\u00e9s"],"inLanguage":"fr-FR","potentialAction":[{"@type":"CommentAction","name":"Comment","target":["https:\/\/www.africa-press.net\/cotedivoire\/sports\/can-2023-le-directeur-general-de-ci-energies-desormais-dans-lecurie-du-cnse#respond"]}]},{"@type":"WebPage","@id":"https:\/\/www.africa-press.net\/cotedivoire\/sports\/can-2023-le-directeur-general-de-ci-energies-desormais-dans-lecurie-du-cnse","url":"https:\/\/www.africa-press.net\/cotedivoire\/sports\/can-2023-le-directeur-general-de-ci-energies-desormais-dans-lecurie-du-cnse","name":"CAN 2023, le Directeur G\u00e9n\u00e9ral de CI-\u00c9NERGIES, d\u00e9sormais dans l'\u00e9curie du CNSE - C\u00f4te d&#039;Ivoire","isPartOf":{"@id":"https:\/\/www.africa-press.net\/cotedivoire\/#website"},"primaryImageOfPage":{"@id":"https:\/\/www.africa-press.net\/cotedivoire\/sports\/can-2023-le-directeur-general-de-ci-energies-desormais-dans-lecurie-du-cnse#primaryimage"},"image":{"@id":"https:\/\/www.africa-press.net\/cotedivoire\/sports\/can-2023-le-directeur-general-de-ci-energies-desormais-dans-lecurie-du-cnse#primaryimage"},"thumbnailUrl":"https:\/\/static.africa-press.net\/cote\/sites\/43\/2023\/12\/sm_1702028626.016783.jpg","datePublished":"2023-12-08T12:39:31+00:00","dateModified":"2023-12-08T13:14:13+00:00","author":{"@id":"https:\/\/www.africa-press.net\/cotedivoire\/#\/schema\/person\/2b1cf3cd81a31e3cd26889ca66d677f1"},"description":"Un nouveau partenaire dans l'e\u0301curie du Comite\u0301 National de Soutien aux E\u0301le\u0301phants (CNSE) a\u0300 l'ore\u0301e de la CAN 2023 dan ...","breadcrumb":{"@id":"https:\/\/www.africa-press.net\/cotedivoire\/sports\/can-2023-le-directeur-general-de-ci-energies-desormais-dans-lecurie-du-cnse#breadcrumb"},"inLanguage":"fr-FR","potentialAction":[{"@type":"ReadAction","target":["https:\/\/www.africa-press.net\/cotedivoire\/sports\/can-2023-le-directeur-general-de-ci-energies-desormais-dans-lecurie-du-cnse"]}]},{"@type":"ImageObject","inLanguage":"fr-FR","@id":"https:\/\/www.africa-press.net\/cotedivoire\/sports\/can-2023-le-directeur-general-de-ci-energies-desormais-dans-lecurie-du-cnse#primaryimage","url":"https:\/\/static.africa-press.net\/cote\/sites\/43\/2023\/12\/sm_1702028626.016783.jpg","contentUrl":"https:\/\/static.africa-press.net\/cote\/sites\/43\/2023\/12\/sm_1702028626.016783.jpg","width":720,"height":540,"caption":"CAN 2023, le Directeur G\u00e9n\u00e9ral de CI-\u00c9NERGIES, d\u00e9sormais dans l'\u00e9curie du CNSE"},{"@type":"BreadcrumbList","@id":"https:\/\/www.africa-press.net\/cotedivoire\/sports\/can-2023-le-directeur-general-de-ci-energies-desormais-dans-lecurie-du-cnse#breadcrumb","itemListElement":[{"@type":"ListItem","position":1,"name":"Accueil","item":"https:\/\/www.africa-press.net\/cotedivoire\/"},{"@type":"ListItem","position":2,"name":"CAN 2023, le Directeur G\u00e9n\u00e9ral de CI-\u00c9NERGIES, d\u00e9sormais dans l&#8217;\u00e9curie du CNSE"}]},{"@type":"WebSite","@id":"https:\/\/www.africa-press.net\/cotedivoire\/#website","url":"https:\/\/www.africa-press.net\/cotedivoire\/","name":"C\u00f4te d&#039;Ivoire","description":"Just another Africa News Agency Sites site","potentialAction":[{"@type":"SearchAction","target":{"@type":"EntryPoint","urlTemplate":"https:\/\/www.africa-press.net\/cotedivoire\/?s={search_term_string}"},"query-input":{"@type":"PropertyValueSpecification","valueRequired":true,"valueName":"search_term_string"}}],"inLanguage":"fr-FR"},{"@type":"Person","@id":"https:\/\/www.africa-press.net\/cotedivoire\/#\/schema\/person\/2b1cf3cd81a31e3cd26889ca66d677f1","name":"cfeditorfr"}]}},"_links":{"self":[{"href":"https:\/\/www.africa-press.net\/cotedivoire\/wp-json\/wp\/v2\/posts\/71080","targetHints":{"allow":["GET"]}}],"collection":[{"href":"https:\/\/www.africa-press.net\/cotedivoire\/wp-json\/wp\/v2\/posts"}],"about":[{"href":"https:\/\/www.africa-press.net\/cotedivoire\/wp-json\/wp\/v2\/types\/post"}],"author":[{"embeddable":true,"href":"https:\/\/www.africa-press.net\/cotedivoire\/wp-json\/wp\/v2\/users\/82"}],"replies":[{"embeddable":true,"href":"https:\/\/www.africa-press.net\/cotedivoire\/wp-json\/wp\/v2\/comments?post=71080"}],"version-history":[{"count":0,"href":"https:\/\/www.africa-press.net\/cotedivoire\/wp-json\/wp\/v2\/posts\/71080\/revisions"}],"wp:featuredmedia":[{"embeddable":true,"href":"https:\/\/www.africa-press.net\/cotedivoire\/wp-json\/wp\/v2\/media\/71079"}],"wp:attachment":[{"href":"https:\/\/www.africa-press.net\/cotedivoire\/wp-json\/wp\/v2\/media?parent=71080"}],"wp:term":[{"taxonomy":"category","embeddable":true,"href":"https:\/\/www.africa-press.net\/cotedivoire\/wp-json\/wp\/v2\/categories?post=71080"},{"taxonomy":"post_tag","embeddable":true,"href":"https:\/\/www.africa-press.net\/cotedivoire\/wp-json\/wp\/v2\/tags?post=71080"}],"curies":[{"name":"wp","href":"https:\/\/api.w.org\/{rel}","templated":true}]}}