{"id":71083,"date":"2023-12-08T12:40:29","date_gmt":"2023-12-08T12:40:29","guid":{"rendered":"https:\/\/www.africa-press.net\/cotedivoire\/politique\/suivi-et-operationnalisation-des-resultats-de-la-quatrieme-etude-nationale-prospective-2040-le-gouvernement-met-en-place-le-reseau-des-praticiens-de-lintelligence-economique"},"modified":"2023-12-08T13:14:37","modified_gmt":"2023-12-08T13:14:37","slug":"suivi-et-operationnalisation-des-resultats-de-la-quatrieme-etude-nationale-prospective-2040-le-gouvernement-met-en-place-le-reseau-des-praticiens-de-lintelligence-economique","status":"publish","type":"post","link":"https:\/\/www.africa-press.net\/cotedivoire\/politique\/suivi-et-operationnalisation-des-resultats-de-la-quatrieme-etude-nationale-prospective-2040-le-gouvernement-met-en-place-le-reseau-des-praticiens-de-lintelligence-economique","title":{"rendered":"Suivi et op\u00e9rationnalisation des r\u00e9sultats de la quatri\u00e8me \u00e9tude nationale prospective 2040, le Gouvernement met en place le R\u00e9seau des praticiens de l&rsquo;intelligence \u00e9conomique"},"content":{"rendered":"<p><span style=\"color: #ff6600\"><strong>Africa-Press &#8211; C\u00f4te d&rsquo;Ivoire. <\/strong><\/span>Les praticiens de l&rsquo;intelligence e\u0301conomique ont leur re\u0301seau qui a e\u0301te\u0301 mis en place en avril 2023 a\u0300 Abidjan. Un atelier de validation du cadre de mise en \u0153uvre des activite\u0301s dudit Re\u0301seau s&rsquo;est tenu aujourd&rsquo;hui au Plateau.<\/p>\n<p>La Co\u0302te d&rsquo;Ivoire a choisi depuis son inde\u0301pendance, l&rsquo;approche prospective comme l&rsquo;un des instruments fondamentaux de gestion de ses strate\u0301gies et politiques de de\u0301veloppement. Le pays a su mettre en cohe\u0301rence prospective et planification strate\u0301gique. En effet, le plan quinquennal 1976-1980 s&rsquo;est fortement appuye\u0301 sur lez re\u0301sultats de l&rsquo;e\u0301tude prospective \u00ab Co\u0302te d&rsquo;Ivoire 2000 \u00bb. Bien que l\u2019e\u0301tude nationale prospective Co\u0302te d&rsquo;Ivoire 2025 n&rsquo;ait abouti a\u0300 un plan, le programme de gouvernement de\u0301nomme\u0301 \u00ab les 10 sentiers de l&rsquo;Elephant d\u2019Afrique \u00bb s&rsquo;en est profonde\u0301ment inspire\u0301.<\/p>\n<p>Toutefois, les conclusions des re\u0301flexions prospectives n&rsquo;ont pas suffisamment mobilise\u0301 l&rsquo;attention des gouvernants dans la conduite des actions publiques, faute de dispositifs de veille strate\u0301gique.<\/p>\n<p>Afin d&rsquo;assurer la promotion et la vulgarisation de la veille strate\u0301gique et de l&rsquo;intelligence e\u0301conomique en tant qu&rsquo;outils d&rsquo;innovation et de gouvernance dans les programmes et projets de de\u0301veloppement, le ministe\u0300re de l&rsquo;Economie du Plan et du de\u0301veloppement a\u0300 travers le Bureau national de la prospective et de la veille strate\u0301gique ( BNPVS) a de\u0301cide\u0301 de la mise en place du Re\u0301seau des praticiens.<\/p>\n<p>L&rsquo;objectif de cet atelier est d&rsquo;e\u0301laborer le cadre de mise en \u0153uvre du Re\u0301seau des praticiens de la veille strate\u0301gique et l&rsquo;intelligence e\u0301conomique de Co\u0302te d&rsquo;Ivoire en vue d\u2019orienter ses interventions pour les 5 anne\u0301es a\u0300 venir.<\/p>\n<p>L&rsquo;ouverture de cet atelier a e\u0301te\u0301 pre\u0301side\u0301e par Henri Ouattara, chef de cabinet adjoint au ministe\u0300re de l&rsquo;Economie du Plan et du de\u0301veloppement, Secre\u0301taire ge\u0301ne\u0301ral par inte\u0301rim du BNPVS. Il a affirme\u0301 que la de\u0301finition du cadre de mise en \u0153uvre du Re\u0301seau ivoirien des praticiens de l&rsquo;intelligence e\u0301conomique vise a\u0300 rendre le Re\u0301seau fonctionnel.<\/p>\n<p>Selon lui, cette activite\u0301 participe de la mise en \u0153uvre du me\u0301canisme institutionnel de veille strate\u0301gique (MIVS) qui a e\u0301te\u0301 agre\u0301e\u0301 par le gouvernement ivoirien lors du conseil des ministres du 30 septembre 2015 pour suivre et ope\u0301rationnaliser les re\u0301sultats de la quatrie\u0300me e\u0301tude nationale prospective Co\u0302te d&rsquo;Ivoire 2040.<\/p>\n<p>Le MIVS est un outil qui a pour objet de de\u0301velopper une culture d&rsquo;anticipation et d&rsquo;alerte au niveau des acteurs du syste\u0300me Co\u0302te d&rsquo;Ivoire. Pour Henri Ouattara, la re\u0301ussite dans la mise en place du MIVS et de la SNIE re\u0301sidera entre autres dans la vulgarisation et une pleine appropriation des concepts et enjeux d&rsquo;intelligence e\u0301conomique et de veille strate\u0301gique.<\/p>\n<p>\u00abAussi, l&rsquo;inversion de cet e\u0301tat des choses, faisant comprendre aux acteurs Co\u0302te d&rsquo;Ivoire l&rsquo;importance du management de l&rsquo;information pour le pays, donnera certainement un coup d&rsquo;acce\u0301le\u0301rateur au MIVS ainsi qu&rsquo;une adhe\u0301sion de l\u2019ensemble du corps social aux enjeux y relatifs \u00bb, a-t-il ajoute\u0301.<\/p>\n<p>\u00ab Ainsi, la pre\u0301sente rencontre se fait-elle un creuset d\u2019e\u0301changes qui permettra de de\u0301finir les orientations du Re\u0301seau sur les cinq anne\u0301es a\u0300 venir \u00bb, a conclu, M. Ouattara.<\/p>\n<p>Fotchinhoro Se\u0301raphin-Pierre, chef de de\u0301partement de la vie strate\u0301gique du Bureau nationale de la prospective et de la veille strate\u0301gique (BNPVS) a indique\u0301 qu&rsquo;au cours de cet atelier, les participants e\u0301laboreront les textes du Re\u0301seau.<\/p>\n<p>\u00abA l&rsquo;occasion du lancement du Re\u0301seau, il e\u0301tait question que nous puissions de\u0301finir les textes qui vont encadrer les activite\u0301s qui vont se re\u0301alise\u0301es dans ce Re\u0301seau. Nous sommes la\u0300 pour de\u0301finir un cadre de mise en \u0153uvre de ces diffe\u0301rentes activite\u0301s. C\u0327a suppose que nous puissions identifier le cadre dans lequel nous e\u0301voluons, en dotant l&rsquo;association d&rsquo;un statut et d&rsquo;un re\u0300glement inte\u0301rieur. Et penser comment pe\u0301renniser ce re\u0301seau parce que c&rsquo;est une grande pre\u0301occupation \u00bb, a-t-il explique\u0301.<\/p>\n<p>Les Re\u0301seaux sont mis en place et ils disparaissent parce qu&rsquo;il n&rsquo;y a pas d&rsquo;animateurs, il n&rsquo;y a pas de moyens pour les entretenir. Selon Fotchinhoro, les participants pousseront la re\u0301flexion pour identifier les sources possibles pour entretenir ce re\u0301seau.<\/p>\n<p>\u00abC&rsquo;est un Re\u0301seau qui est ouvert a\u0300 tous les professionnels, praticiens. Celui qui, dans le cadre de ses activite\u0301s utilise l&rsquo;intelligence e\u0301conomique et la veille strate\u0301gique pour conduire certaines activite\u0301s. Nous avons de\u0301marre\u0301 avec le secteur public, les ministe\u0300res, cette action doit e\u0302tre e\u0301largie au secteur prive\u0301, parce que les entreprises me\u0300nent des actions d&rsquo;intelligence e\u0301conomique essaye\u0301 de faire face a\u0300 la compe\u0301tition et a\u0300 la compe\u0301titivite\u0301 \u00bb, a conclu, le chef de de\u0301partement.<\/p>\n<p><strong>Pour plus d&rsquo;informations et d&rsquo;analyses sur la <a href=\"https:\/\/www.africa-press.net\/cotedivoire\">C\u00f4te d&rsquo;Ivoire<\/a>, suivez <a href=\"https:\/\/www.africa-press.net\/\">Africa-Press<\/a><\/strong><\/p>\n","protected":false},"excerpt":{"rendered":"<p>Africa-Press &#8211; C\u00f4te d&rsquo;Ivoire. Les praticiens de l&rsquo;intelligence e\u0301conomique ont leur re\u0301seau qui a e\u0301te\u0301 mis en place en avril 2023 a\u0300 Abidjan. Un atelier de validation du cadre de mise en \u0153uvre des activite\u0301s dudit Re\u0301seau s&rsquo;est tenu aujourd&rsquo;hui au Plateau. La Co\u0302te d&rsquo;Ivoire a choisi depuis son inde\u0301pendance, l&rsquo;approche prospective comme l&rsquo;un des [&hellip;]<\/p>\n","protected":false},"author":82,"featured_media":71082,"comment_status":"open","ping_status":"closed","sticky":false,"template":"","format":"standard","meta":{"footnotes":""},"categories":[2,10],"tags":[56,63,29,4147,293],"class_list":["post-71083","post","type-post","status-publish","format-standard","has-post-thumbnail","hentry","category-politique","category-toutes-les-actualites","tag-africa-press","tag-africa-press-cote-divoire","tag-cote-divoire","tag-economique","tag-lintelligence"],"yoast_head":"<!-- This site is optimized with the Yoast SEO Premium plugin v26.1 (Yoast SEO v27.0) - https:\/\/yoast.com\/product\/yoast-seo-premium-wordpress\/ -->\n<title>Suivi et op\u00e9rationnalisation des r\u00e9sultats de la quatri\u00e8me \u00e9tude nationale prospective 2040, le Gouvernement met en place le R\u00e9seau des praticiens de l&#039;intelligence \u00e9conomique - C\u00f4te d&#039;Ivoire<\/title>\n<meta name=\"description\" content=\"Les praticiens de l&#039;intelligence e\u0301conomique ont leur re\u0301seau qui a e\u0301te\u0301 mis en place en avril 2023 a\u0300 Abidjan. Un atel ...\" \/>\n<meta name=\"robots\" content=\"index, follow, max-snippet:-1, max-image-preview:large, max-video-preview:-1\" \/>\n<link rel=\"canonical\" href=\"https:\/\/www.africa-press.net\/cotedivoire\/politique\/suivi-et-operationnalisation-des-resultats-de-la-quatrieme-etude-nationale-prospective-2040-le-gouvernement-met-en-place-le-reseau-des-praticiens-de-lintelligence-economique\" \/>\n<meta property=\"og:locale\" content=\"fr_FR\" \/>\n<meta property=\"og:type\" content=\"article\" \/>\n<meta property=\"og:title\" content=\"Suivi et op\u00e9rationnalisation des r\u00e9sultats de la quatri\u00e8me \u00e9tude nationale prospective 2040, le Gouvernement met en place le R\u00e9seau des praticiens de l&#039;intelligence \u00e9conomique\" \/>\n<meta property=\"og:description\" content=\"Les praticiens de l&#039;intelligence e\u0301conomique ont leur re\u0301seau qui a e\u0301te\u0301 mis en place en avril 2023 a\u0300 Abidjan. Un atel ...\" \/>\n<meta property=\"og:url\" content=\"https:\/\/www.africa-press.net\/cotedivoire\/politique\/suivi-et-operationnalisation-des-resultats-de-la-quatrieme-etude-nationale-prospective-2040-le-gouvernement-met-en-place-le-reseau-des-praticiens-de-lintelligence-economique\" \/>\n<meta property=\"og:site_name\" content=\"C\u00f4te d&#039;Ivoire\" \/>\n<meta property=\"article:published_time\" content=\"2023-12-08T12:40:29+00:00\" \/>\n<meta property=\"article:modified_time\" content=\"2023-12-08T13:14:37+00:00\" \/>\n<meta property=\"og:image\" content=\"https:\/\/static.africa-press.net\/cote\/sites\/43\/2023\/12\/sm_1702028640.605141.jpg\" \/>\n\t<meta property=\"og:image:width\" content=\"720\" \/>\n\t<meta property=\"og:image:height\" content=\"540\" \/>\n\t<meta property=\"og:image:type\" content=\"image\/jpeg\" \/>\n<meta name=\"author\" content=\"cfeditorfr\" \/>\n<meta name=\"twitter:card\" content=\"summary_large_image\" \/>\n<meta name=\"twitter:label1\" content=\"\u00c9crit par\" \/>\n\t<meta name=\"twitter:data1\" content=\"cfeditorfr\" \/>\n\t<meta name=\"twitter:label2\" content=\"Dur\u00e9e de lecture estim\u00e9e\" \/>\n\t<meta name=\"twitter:data2\" content=\"4 minutes\" \/>\n<script type=\"application\/ld+json\" class=\"yoast-schema-graph\">{\"@context\":\"https:\/\/schema.org\",\"@graph\":[{\"@type\":\"Article\",\"@id\":\"https:\/\/www.africa-press.net\/cotedivoire\/politique\/suivi-et-operationnalisation-des-resultats-de-la-quatrieme-etude-nationale-prospective-2040-le-gouvernement-met-en-place-le-reseau-des-praticiens-de-lintelligence-economique#article\",\"isPartOf\":{\"@id\":\"https:\/\/www.africa-press.net\/cotedivoire\/politique\/suivi-et-operationnalisation-des-resultats-de-la-quatrieme-etude-nationale-prospective-2040-le-gouvernement-met-en-place-le-reseau-des-praticiens-de-lintelligence-economique\"},\"author\":{\"name\":\"cfeditorfr\",\"@id\":\"https:\/\/www.africa-press.net\/cotedivoire\/#\/schema\/person\/2b1cf3cd81a31e3cd26889ca66d677f1\"},\"headline\":\"Suivi et op\u00e9rationnalisation des r\u00e9sultats de la quatri\u00e8me \u00e9tude nationale prospective 2040, le Gouvernement met en place le R\u00e9seau des praticiens de l&rsquo;intelligence \u00e9conomique\",\"datePublished\":\"2023-12-08T12:40:29+00:00\",\"dateModified\":\"2023-12-08T13:14:37+00:00\",\"mainEntityOfPage\":{\"@id\":\"https:\/\/www.africa-press.net\/cotedivoire\/politique\/suivi-et-operationnalisation-des-resultats-de-la-quatrieme-etude-nationale-prospective-2040-le-gouvernement-met-en-place-le-reseau-des-praticiens-de-lintelligence-economique\"},\"wordCount\":912,\"commentCount\":0,\"image\":{\"@id\":\"https:\/\/www.africa-press.net\/cotedivoire\/politique\/suivi-et-operationnalisation-des-resultats-de-la-quatrieme-etude-nationale-prospective-2040-le-gouvernement-met-en-place-le-reseau-des-praticiens-de-lintelligence-economique#primaryimage\"},\"thumbnailUrl\":\"https:\/\/static.africa-press.net\/cote\/sites\/43\/2023\/12\/sm_1702028640.605141.jpg\",\"keywords\":[\"Africa Press\",\"Africa Press-C\u00f4te d'Ivoire\",\"C\u00d4TE D'IVOIRE\",\"Economique\",\"L'intelligence\"],\"articleSection\":[\"Politique\",\"Toutes les actualit\u00e9s\"],\"inLanguage\":\"fr-FR\",\"potentialAction\":[{\"@type\":\"CommentAction\",\"name\":\"Comment\",\"target\":[\"https:\/\/www.africa-press.net\/cotedivoire\/politique\/suivi-et-operationnalisation-des-resultats-de-la-quatrieme-etude-nationale-prospective-2040-le-gouvernement-met-en-place-le-reseau-des-praticiens-de-lintelligence-economique#respond\"]}]},{\"@type\":\"WebPage\",\"@id\":\"https:\/\/www.africa-press.net\/cotedivoire\/politique\/suivi-et-operationnalisation-des-resultats-de-la-quatrieme-etude-nationale-prospective-2040-le-gouvernement-met-en-place-le-reseau-des-praticiens-de-lintelligence-economique\",\"url\":\"https:\/\/www.africa-press.net\/cotedivoire\/politique\/suivi-et-operationnalisation-des-resultats-de-la-quatrieme-etude-nationale-prospective-2040-le-gouvernement-met-en-place-le-reseau-des-praticiens-de-lintelligence-economique\",\"name\":\"Suivi et op\u00e9rationnalisation des r\u00e9sultats de la quatri\u00e8me \u00e9tude nationale prospective 2040, le Gouvernement met en place le R\u00e9seau des praticiens de l'intelligence \u00e9conomique - C\u00f4te d&#039;Ivoire\",\"isPartOf\":{\"@id\":\"https:\/\/www.africa-press.net\/cotedivoire\/#website\"},\"primaryImageOfPage\":{\"@id\":\"https:\/\/www.africa-press.net\/cotedivoire\/politique\/suivi-et-operationnalisation-des-resultats-de-la-quatrieme-etude-nationale-prospective-2040-le-gouvernement-met-en-place-le-reseau-des-praticiens-de-lintelligence-economique#primaryimage\"},\"image\":{\"@id\":\"https:\/\/www.africa-press.net\/cotedivoire\/politique\/suivi-et-operationnalisation-des-resultats-de-la-quatrieme-etude-nationale-prospective-2040-le-gouvernement-met-en-place-le-reseau-des-praticiens-de-lintelligence-economique#primaryimage\"},\"thumbnailUrl\":\"https:\/\/static.africa-press.net\/cote\/sites\/43\/2023\/12\/sm_1702028640.605141.jpg\",\"datePublished\":\"2023-12-08T12:40:29+00:00\",\"dateModified\":\"2023-12-08T13:14:37+00:00\",\"author\":{\"@id\":\"https:\/\/www.africa-press.net\/cotedivoire\/#\/schema\/person\/2b1cf3cd81a31e3cd26889ca66d677f1\"},\"description\":\"Les praticiens de l'intelligence e\u0301conomique ont leur re\u0301seau qui a e\u0301te\u0301 mis en place en avril 2023 a\u0300 Abidjan. Un atel ...\",\"breadcrumb\":{\"@id\":\"https:\/\/www.africa-press.net\/cotedivoire\/politique\/suivi-et-operationnalisation-des-resultats-de-la-quatrieme-etude-nationale-prospective-2040-le-gouvernement-met-en-place-le-reseau-des-praticiens-de-lintelligence-economique#breadcrumb\"},\"inLanguage\":\"fr-FR\",\"potentialAction\":[{\"@type\":\"ReadAction\",\"target\":[\"https:\/\/www.africa-press.net\/cotedivoire\/politique\/suivi-et-operationnalisation-des-resultats-de-la-quatrieme-etude-nationale-prospective-2040-le-gouvernement-met-en-place-le-reseau-des-praticiens-de-lintelligence-economique\"]}]},{\"@type\":\"ImageObject\",\"inLanguage\":\"fr-FR\",\"@id\":\"https:\/\/www.africa-press.net\/cotedivoire\/politique\/suivi-et-operationnalisation-des-resultats-de-la-quatrieme-etude-nationale-prospective-2040-le-gouvernement-met-en-place-le-reseau-des-praticiens-de-lintelligence-economique#primaryimage\",\"url\":\"https:\/\/static.africa-press.net\/cote\/sites\/43\/2023\/12\/sm_1702028640.605141.jpg\",\"contentUrl\":\"https:\/\/static.africa-press.net\/cote\/sites\/43\/2023\/12\/sm_1702028640.605141.jpg\",\"width\":720,\"height\":540,\"caption\":\"Suivi et op\u00e9rationnalisation des r\u00e9sultats de la quatri\u00e8me \u00e9tude nationale prospective 2040, le Gouvernement met en place le R\u00e9seau des praticiens de l'intelligence \u00e9conomique\"},{\"@type\":\"BreadcrumbList\",\"@id\":\"https:\/\/www.africa-press.net\/cotedivoire\/politique\/suivi-et-operationnalisation-des-resultats-de-la-quatrieme-etude-nationale-prospective-2040-le-gouvernement-met-en-place-le-reseau-des-praticiens-de-lintelligence-economique#breadcrumb\",\"itemListElement\":[{\"@type\":\"ListItem\",\"position\":1,\"name\":\"Accueil\",\"item\":\"https:\/\/www.africa-press.net\/cotedivoire\/\"},{\"@type\":\"ListItem\",\"position\":2,\"name\":\"Suivi et op\u00e9rationnalisation des r\u00e9sultats de la quatri\u00e8me \u00e9tude nationale prospective 2040, le Gouvernement met en place le R\u00e9seau des praticiens de l&#8217;intelligence \u00e9conomique\"}]},{\"@type\":\"WebSite\",\"@id\":\"https:\/\/www.africa-press.net\/cotedivoire\/#website\",\"url\":\"https:\/\/www.africa-press.net\/cotedivoire\/\",\"name\":\"C\u00f4te d&#039;Ivoire\",\"description\":\"Just another Africa News Agency Sites site\",\"potentialAction\":[{\"@type\":\"SearchAction\",\"target\":{\"@type\":\"EntryPoint\",\"urlTemplate\":\"https:\/\/www.africa-press.net\/cotedivoire\/?s={search_term_string}\"},\"query-input\":{\"@type\":\"PropertyValueSpecification\",\"valueRequired\":true,\"valueName\":\"search_term_string\"}}],\"inLanguage\":\"fr-FR\"},{\"@type\":\"Person\",\"@id\":\"https:\/\/www.africa-press.net\/cotedivoire\/#\/schema\/person\/2b1cf3cd81a31e3cd26889ca66d677f1\",\"name\":\"cfeditorfr\"}]}<\/script>\n<!-- \/ Yoast SEO Premium plugin. -->","yoast_head_json":{"title":"Suivi et op\u00e9rationnalisation des r\u00e9sultats de la quatri\u00e8me \u00e9tude nationale prospective 2040, le Gouvernement met en place le R\u00e9seau des praticiens de l'intelligence \u00e9conomique - C\u00f4te d&#039;Ivoire","description":"Les praticiens de l'intelligence e\u0301conomique ont leur re\u0301seau qui a e\u0301te\u0301 mis en place en avril 2023 a\u0300 Abidjan. Un atel ...","robots":{"index":"index","follow":"follow","max-snippet":"max-snippet:-1","max-image-preview":"max-image-preview:large","max-video-preview":"max-video-preview:-1"},"canonical":"https:\/\/www.africa-press.net\/cotedivoire\/politique\/suivi-et-operationnalisation-des-resultats-de-la-quatrieme-etude-nationale-prospective-2040-le-gouvernement-met-en-place-le-reseau-des-praticiens-de-lintelligence-economique","og_locale":"fr_FR","og_type":"article","og_title":"Suivi et op\u00e9rationnalisation des r\u00e9sultats de la quatri\u00e8me \u00e9tude nationale prospective 2040, le Gouvernement met en place le R\u00e9seau des praticiens de l'intelligence \u00e9conomique","og_description":"Les praticiens de l'intelligence e\u0301conomique ont leur re\u0301seau qui a e\u0301te\u0301 mis en place en avril 2023 a\u0300 Abidjan. Un atel ...","og_url":"https:\/\/www.africa-press.net\/cotedivoire\/politique\/suivi-et-operationnalisation-des-resultats-de-la-quatrieme-etude-nationale-prospective-2040-le-gouvernement-met-en-place-le-reseau-des-praticiens-de-lintelligence-economique","og_site_name":"C\u00f4te d&#039;Ivoire","article_published_time":"2023-12-08T12:40:29+00:00","article_modified_time":"2023-12-08T13:14:37+00:00","og_image":[{"width":720,"height":540,"url":"https:\/\/static.africa-press.net\/cote\/sites\/43\/2023\/12\/sm_1702028640.605141.jpg","type":"image\/jpeg"}],"author":"cfeditorfr","twitter_card":"summary_large_image","twitter_misc":{"\u00c9crit par":"cfeditorfr","Dur\u00e9e de lecture estim\u00e9e":"4 minutes"},"schema":{"@context":"https:\/\/schema.org","@graph":[{"@type":"Article","@id":"https:\/\/www.africa-press.net\/cotedivoire\/politique\/suivi-et-operationnalisation-des-resultats-de-la-quatrieme-etude-nationale-prospective-2040-le-gouvernement-met-en-place-le-reseau-des-praticiens-de-lintelligence-economique#article","isPartOf":{"@id":"https:\/\/www.africa-press.net\/cotedivoire\/politique\/suivi-et-operationnalisation-des-resultats-de-la-quatrieme-etude-nationale-prospective-2040-le-gouvernement-met-en-place-le-reseau-des-praticiens-de-lintelligence-economique"},"author":{"name":"cfeditorfr","@id":"https:\/\/www.africa-press.net\/cotedivoire\/#\/schema\/person\/2b1cf3cd81a31e3cd26889ca66d677f1"},"headline":"Suivi et op\u00e9rationnalisation des r\u00e9sultats de la quatri\u00e8me \u00e9tude nationale prospective 2040, le Gouvernement met en place le R\u00e9seau des praticiens de l&rsquo;intelligence \u00e9conomique","datePublished":"2023-12-08T12:40:29+00:00","dateModified":"2023-12-08T13:14:37+00:00","mainEntityOfPage":{"@id":"https:\/\/www.africa-press.net\/cotedivoire\/politique\/suivi-et-operationnalisation-des-resultats-de-la-quatrieme-etude-nationale-prospective-2040-le-gouvernement-met-en-place-le-reseau-des-praticiens-de-lintelligence-economique"},"wordCount":912,"commentCount":0,"image":{"@id":"https:\/\/www.africa-press.net\/cotedivoire\/politique\/suivi-et-operationnalisation-des-resultats-de-la-quatrieme-etude-nationale-prospective-2040-le-gouvernement-met-en-place-le-reseau-des-praticiens-de-lintelligence-economique#primaryimage"},"thumbnailUrl":"https:\/\/static.africa-press.net\/cote\/sites\/43\/2023\/12\/sm_1702028640.605141.jpg","keywords":["Africa Press","Africa Press-C\u00f4te d'Ivoire","C\u00d4TE D'IVOIRE","Economique","L'intelligence"],"articleSection":["Politique","Toutes les actualit\u00e9s"],"inLanguage":"fr-FR","potentialAction":[{"@type":"CommentAction","name":"Comment","target":["https:\/\/www.africa-press.net\/cotedivoire\/politique\/suivi-et-operationnalisation-des-resultats-de-la-quatrieme-etude-nationale-prospective-2040-le-gouvernement-met-en-place-le-reseau-des-praticiens-de-lintelligence-economique#respond"]}]},{"@type":"WebPage","@id":"https:\/\/www.africa-press.net\/cotedivoire\/politique\/suivi-et-operationnalisation-des-resultats-de-la-quatrieme-etude-nationale-prospective-2040-le-gouvernement-met-en-place-le-reseau-des-praticiens-de-lintelligence-economique","url":"https:\/\/www.africa-press.net\/cotedivoire\/politique\/suivi-et-operationnalisation-des-resultats-de-la-quatrieme-etude-nationale-prospective-2040-le-gouvernement-met-en-place-le-reseau-des-praticiens-de-lintelligence-economique","name":"Suivi et op\u00e9rationnalisation des r\u00e9sultats de la quatri\u00e8me \u00e9tude nationale prospective 2040, le Gouvernement met en place le R\u00e9seau des praticiens de l'intelligence \u00e9conomique - C\u00f4te d&#039;Ivoire","isPartOf":{"@id":"https:\/\/www.africa-press.net\/cotedivoire\/#website"},"primaryImageOfPage":{"@id":"https:\/\/www.africa-press.net\/cotedivoire\/politique\/suivi-et-operationnalisation-des-resultats-de-la-quatrieme-etude-nationale-prospective-2040-le-gouvernement-met-en-place-le-reseau-des-praticiens-de-lintelligence-economique#primaryimage"},"image":{"@id":"https:\/\/www.africa-press.net\/cotedivoire\/politique\/suivi-et-operationnalisation-des-resultats-de-la-quatrieme-etude-nationale-prospective-2040-le-gouvernement-met-en-place-le-reseau-des-praticiens-de-lintelligence-economique#primaryimage"},"thumbnailUrl":"https:\/\/static.africa-press.net\/cote\/sites\/43\/2023\/12\/sm_1702028640.605141.jpg","datePublished":"2023-12-08T12:40:29+00:00","dateModified":"2023-12-08T13:14:37+00:00","author":{"@id":"https:\/\/www.africa-press.net\/cotedivoire\/#\/schema\/person\/2b1cf3cd81a31e3cd26889ca66d677f1"},"description":"Les praticiens de l'intelligence e\u0301conomique ont leur re\u0301seau qui a e\u0301te\u0301 mis en place en avril 2023 a\u0300 Abidjan. Un atel ...","breadcrumb":{"@id":"https:\/\/www.africa-press.net\/cotedivoire\/politique\/suivi-et-operationnalisation-des-resultats-de-la-quatrieme-etude-nationale-prospective-2040-le-gouvernement-met-en-place-le-reseau-des-praticiens-de-lintelligence-economique#breadcrumb"},"inLanguage":"fr-FR","potentialAction":[{"@type":"ReadAction","target":["https:\/\/www.africa-press.net\/cotedivoire\/politique\/suivi-et-operationnalisation-des-resultats-de-la-quatrieme-etude-nationale-prospective-2040-le-gouvernement-met-en-place-le-reseau-des-praticiens-de-lintelligence-economique"]}]},{"@type":"ImageObject","inLanguage":"fr-FR","@id":"https:\/\/www.africa-press.net\/cotedivoire\/politique\/suivi-et-operationnalisation-des-resultats-de-la-quatrieme-etude-nationale-prospective-2040-le-gouvernement-met-en-place-le-reseau-des-praticiens-de-lintelligence-economique#primaryimage","url":"https:\/\/static.africa-press.net\/cote\/sites\/43\/2023\/12\/sm_1702028640.605141.jpg","contentUrl":"https:\/\/static.africa-press.net\/cote\/sites\/43\/2023\/12\/sm_1702028640.605141.jpg","width":720,"height":540,"caption":"Suivi et op\u00e9rationnalisation des r\u00e9sultats de la quatri\u00e8me \u00e9tude nationale prospective 2040, le Gouvernement met en place le R\u00e9seau des praticiens de l'intelligence \u00e9conomique"},{"@type":"BreadcrumbList","@id":"https:\/\/www.africa-press.net\/cotedivoire\/politique\/suivi-et-operationnalisation-des-resultats-de-la-quatrieme-etude-nationale-prospective-2040-le-gouvernement-met-en-place-le-reseau-des-praticiens-de-lintelligence-economique#breadcrumb","itemListElement":[{"@type":"ListItem","position":1,"name":"Accueil","item":"https:\/\/www.africa-press.net\/cotedivoire\/"},{"@type":"ListItem","position":2,"name":"Suivi et op\u00e9rationnalisation des r\u00e9sultats de la quatri\u00e8me \u00e9tude nationale prospective 2040, le Gouvernement met en place le R\u00e9seau des praticiens de l&#8217;intelligence \u00e9conomique"}]},{"@type":"WebSite","@id":"https:\/\/www.africa-press.net\/cotedivoire\/#website","url":"https:\/\/www.africa-press.net\/cotedivoire\/","name":"C\u00f4te d&#039;Ivoire","description":"Just another Africa News Agency Sites site","potentialAction":[{"@type":"SearchAction","target":{"@type":"EntryPoint","urlTemplate":"https:\/\/www.africa-press.net\/cotedivoire\/?s={search_term_string}"},"query-input":{"@type":"PropertyValueSpecification","valueRequired":true,"valueName":"search_term_string"}}],"inLanguage":"fr-FR"},{"@type":"Person","@id":"https:\/\/www.africa-press.net\/cotedivoire\/#\/schema\/person\/2b1cf3cd81a31e3cd26889ca66d677f1","name":"cfeditorfr"}]}},"_links":{"self":[{"href":"https:\/\/www.africa-press.net\/cotedivoire\/wp-json\/wp\/v2\/posts\/71083","targetHints":{"allow":["GET"]}}],"collection":[{"href":"https:\/\/www.africa-press.net\/cotedivoire\/wp-json\/wp\/v2\/posts"}],"about":[{"href":"https:\/\/www.africa-press.net\/cotedivoire\/wp-json\/wp\/v2\/types\/post"}],"author":[{"embeddable":true,"href":"https:\/\/www.africa-press.net\/cotedivoire\/wp-json\/wp\/v2\/users\/82"}],"replies":[{"embeddable":true,"href":"https:\/\/www.africa-press.net\/cotedivoire\/wp-json\/wp\/v2\/comments?post=71083"}],"version-history":[{"count":0,"href":"https:\/\/www.africa-press.net\/cotedivoire\/wp-json\/wp\/v2\/posts\/71083\/revisions"}],"wp:featuredmedia":[{"embeddable":true,"href":"https:\/\/www.africa-press.net\/cotedivoire\/wp-json\/wp\/v2\/media\/71082"}],"wp:attachment":[{"href":"https:\/\/www.africa-press.net\/cotedivoire\/wp-json\/wp\/v2\/media?parent=71083"}],"wp:term":[{"taxonomy":"category","embeddable":true,"href":"https:\/\/www.africa-press.net\/cotedivoire\/wp-json\/wp\/v2\/categories?post=71083"},{"taxonomy":"post_tag","embeddable":true,"href":"https:\/\/www.africa-press.net\/cotedivoire\/wp-json\/wp\/v2\/tags?post=71083"}],"curies":[{"name":"wp","href":"https:\/\/api.w.org\/{rel}","templated":true}]}}