{"id":71160,"date":"2023-12-09T15:02:40","date_gmt":"2023-12-09T15:02:40","guid":{"rendered":"https:\/\/www.africa-press.net\/cotedivoire\/politique\/organisation-de-la-can-2023-le-pm-mambe-met-en-mission-artistes-et-anciennes-gloires-du-sport-pour-la-reussite-de-levenement"},"modified":"2023-12-09T15:43:12","modified_gmt":"2023-12-09T15:43:12","slug":"organisation-de-la-can-2023-le-pm-mambe-met-en-mission-artistes-et-anciennes-gloires-du-sport-pour-la-reussite-de-levenement","status":"publish","type":"post","link":"https:\/\/www.africa-press.net\/cotedivoire\/politique\/organisation-de-la-can-2023-le-pm-mambe-met-en-mission-artistes-et-anciennes-gloires-du-sport-pour-la-reussite-de-levenement","title":{"rendered":"Organisation de la CAN 2023, le PM Mamb\u00e9 met en mission artistes et anciennes gloires du sport pour la r\u00e9ussite de l&rsquo;\u00e9v\u00e8nement"},"content":{"rendered":"<p><span style=\"color: #ff6600\"><strong>Africa-Press &#8211; C\u00f4te d&rsquo;Ivoire. <\/strong><\/span>Robert Beugre\u0301 Mambe\u0301, Premier ministre, ministre des Sports et du cadre de vie a entame\u0301 jeudi 7 de\u0301cembre 2023, une se\u0301rie de rencontres avec les diffe\u0301rentes entite\u0301s de la population dans le cadre de l&rsquo;organisation de la 34e e\u0301dition de la Coupe d&rsquo;Afrique des Nations de Football, qui se tiendra en Co\u0302te d&rsquo;Ivoire du 13 janvier au 11 fe\u0301vrier 2023.<\/p>\n<p>Apre\u0300s les guides religieux hier jeudi 7 novembre, le Premier ministre s&rsquo;est entretenu successivement, ce 8 novembre 2023 au District autonome d\u2019Abidjan, avec les anciennes gloires du sport et les artistes.<\/p>\n<p>Accompagne\u0301 du ministre de\u0301le\u0301gue\u0301 du Sport et du cadre de vie et du Pre\u0301sident du COCAN et de la ministre de la Culture et de la francophonie, Robert Mambe\u0301 Beugre\u0301 a, a\u0300 l&rsquo;occasion, demande\u0301 a\u0300 ses ho\u0302tes de se mobiliser autour de la CAN qui aura lieu dans quelques jours. Il a e\u0301galement salue\u0301 le travail qu&rsquo;ils ont abattu et qu&rsquo;ils abattent pour le rayonnement du pays hors des frontie\u0300res.<\/p>\n<p>\u00abJe vous salue avec beaucoup de respect et de fraternite\u0301. Ces hommes et femmes ont servi la Co\u0302te d&rsquo;Ivoire avec de\u0301vouement. Vous avez rendu service au pays. Vous e\u0302tes des tre\u0301sors. Vous avez e\u0301te\u0301 toujours la fierte\u0301 de ce beau pays. C&rsquo;est une occasion recherche\u0301e pour vous rendre hommage avec l&rsquo;organisation de la CAN. La Co\u0302te d&rsquo;Ivoire va recevoir, dans quelques jours, des de\u0301le\u0301gations venues d\u2019ailleurs. Je vous ai re\u0301uni, on fera tout pour que vous puissiez participer comme il se doit, a\u0300 votre manie\u0300re, a\u0300 cette fe\u0302te du football \u00bb, a de\u0301clare\u0301, le Premier ministre a\u0300 l&rsquo;endroit des anciennes gloires du sport.<\/p>\n<p>Comme mission, il a demande\u0301 a\u0300 toutes les anciennes gloires qui ont effectue\u0301 le de\u0301placement de l&rsquo;ho\u0302tel Du District d&rsquo;Abidjan-Plateau, de mobiliser les Ivoiriens dans leurs diffe\u0301rents quartiers. \u00ab Soyez nos porte-voix dans les quartiers. Encouragez les jeunes joueurs, vos successeurs qui ont l&rsquo;opportunite\u0301 de vous rencontrer pour leur le\u0301guer votre he\u0301ritage. Je vous demande sur les plateaux te\u0301le\u0301vise\u0301s d&rsquo;e\u0302tre les professeurs de la psychologie mentale de vos successeurs. Nous devons nous mobiliser pour que les jeunes sachent qu&rsquo;ils ont des capacite\u0301s e\u0301normes. Il faut travailler leur mental. Nous avons les meilleurs footballeurs, mais c&rsquo;est le mental qui nous manque \u00bb, a ajoute\u0301, le ministre des Sports et du cadre de vie.<\/p>\n<p>Robert Mambe\u0301 Beugre\u0301 a promis aux anciennes gloires qu&rsquo;il fera tout pour qu\u2019elles puissent assister a\u0300 tous les matchs e\u0301liminatoires a\u0300 Bouake\u0301, San-Pedro, Yamoussoukro, etc.<\/p>\n<p>\u00ab Nous allons prendre 500 anciennes gloires. Tous les matchs e\u0301liminatoires, nous allons mettre des tickets a\u0300 leur disposition. Le Pre\u0301sident de la Re\u0301publique m&rsquo;a demande\u0301 de tout faire pour que vous soyez heureux. Faites tout pour que vous vous sentez dans la Coupe. Si vous e\u0302tes dans la Coupe, elle va rester en Co\u0302te d&rsquo;Ivoire. Nous allons confectionner des maillots spe\u0301ciaux pour vous \u00bb, a-t-il conclu.<\/p>\n<p>Ye\u0301o Martial, Mangle\u0301 Eustache ont au nom des anciennes gloires rassure\u0301 le chef du Gouvernement de leur implication dans la re\u0301ussite de la 34e e\u0301dition de la CAN.<\/p>\n<p>Avec les artistes, le discours du Premier ministre n&rsquo;a pas varie\u0301. Il leur a e\u0301galement demande\u0301 de s&rsquo;approprier ce rendez-vous continental du football et de sortir des chansons pour mobiliser les Ivoiriens.<\/p>\n<p>\u00ab Vous e\u0302tes une grande richesse pour le pays. Il faut continuer parce que vous e\u0302tes sur la bonne voie. Notre pays a la chance d&rsquo;organiser la CAN, mais il n&rsquo;y a pas que le football. Le Pre\u0301sident de la Re\u0301publique a pense\u0301 aux artistes. Vous ne l&rsquo;imaginez pas, l&rsquo;impact que vous repre\u0301sentez. Cette CAN, c&rsquo;est pour vous. On vous la confie. Cette CAN vous appartient. Je vous demande de sortir les chansons pour mobiliser les Ivoiriens, pour expliquer aux ivoiriens que nous sommes des fre\u0300res et s\u0153urs. Parlez aux ivoiriens par vos chansons. Dites aux ivoiriens que vous e\u0302tes des ambassadeurs de l&rsquo;e\u0301ve\u0301nement qui aura lieu. Si vous donnez l&rsquo;hospitalite\u0301 aux autres, Dieu va nous donner la victoire \u00bb, a explique\u0301, Robert Beugre\u0301 Mambe\u0301.<\/p>\n<p>Il a invite\u0301 les artistes a\u0300 se mobiliser dans les fan-zones pour sensibiliser les Ivoiriens et les a rassure\u0301s que le Burida va veiller a\u0300 ce que leurs droits soient pre\u0301serve\u0301s. \u00ab Nous comptons sur vous pour que dans les fan-zones, il y ait de l&rsquo;animation. Il faut qu&rsquo;on vous voit dans les stades. Nous allons nous pre\u0301parer a\u0300 vous donner des tickets, (1000 tickets). Nous allons e\u0301galement confectionner des tee-shirts pour vous\u00a0\u00bb, a-t-il promis.<\/p>\n<p>Lors des e\u0301changes, Gohou Michel a assure\u0301 le Premier ministre de la mobilisation des artistes. Il lui a fait la promesse que les de\u0301le\u0301gations qui viendront en Co\u0302te d&rsquo;Ivoire seront servies avec joie et humour. L&rsquo;humoriste a de\u0301clare\u0301 que les artistes feront plaisir au Gouvernement a\u0300 travers leurs prestations.<\/p>\n<p>Il a enfin fait des dole\u0301ances au Premier ministre, en pre\u0301sence de la ministre de la Culture et de la francophonie, me\u0302me si l&rsquo;endroit n\u2019e\u0301tait pas approprie\u0301.<\/p>\n<p>\u00ab Nous sommes des ambassadeurs et nous vendons en bien notre pays. Nous souhaitons be\u0301ne\u0301ficier de passeports diplomatiques en tant qu&rsquo;artistes. Et que l\u2019Etat exone\u0300re de taxes fiscales, nos camarades qui veulent investir \u00bb, a-t-il plaide\u0301.<\/p>\n<p>Guy Kalou a au nom des cine\u0301astes souhaite\u0301 que des films soient projete\u0301s dans chaque fan-zones lors de la 34e e\u0301dition de la CAN.<\/p>\n<p>En re\u0301ponse aux pre\u0301occupations des diffe\u0301rents intervenants, le Premier ministre a salue\u0301 l&rsquo;intervention du cine\u0301aste et a indique\u0301 qu&rsquo;il donnera des instructions a\u0300 la ministre pour le choix des films, de pre\u0301fe\u0301rence des films qui parlent de famille.<\/p>\n<p>Concernant les pre\u0301occupations de l&rsquo;humoriste Gohou Michel, Robert Mambe\u0301 Beugre\u0301, a dit prendre acte et promet rendre compte au chef de l&rsquo;Etat ivoirien de ses dole\u0301ances.<\/p>\n<p><strong>Pour plus d&rsquo;informations et d&rsquo;analyses sur la <a href=\"https:\/\/www.africa-press.net\/cotedivoire\">C\u00f4te d&rsquo;Ivoire<\/a>, suivez <a href=\"https:\/\/www.africa-press.net\/\">Africa-Press<\/a><\/strong><\/p>\n","protected":false},"excerpt":{"rendered":"<p>Africa-Press &#8211; C\u00f4te d&rsquo;Ivoire. Robert Beugre\u0301 Mambe\u0301, Premier ministre, ministre des Sports et du cadre de vie a entame\u0301 jeudi 7 de\u0301cembre 2023, une se\u0301rie de rencontres avec les diffe\u0301rentes entite\u0301s de la population dans le cadre de l&rsquo;organisation de la 34e e\u0301dition de la Coupe d&rsquo;Afrique des Nations de Football, qui se tiendra en [&hellip;]<\/p>\n","protected":false},"author":82,"featured_media":71158,"comment_status":"open","ping_status":"closed","sticky":false,"template":"","format":"standard","meta":{"footnotes":""},"categories":[2,10],"tags":[56,63,2113,29,12036,12037,9980],"class_list":["post-71160","post","type-post","status-publish","format-standard","has-post-thumbnail","hentry","category-politique","category-toutes-les-actualites","tag-africa-press","tag-africa-press-cote-divoire","tag-can-2023","tag-cote-divoire","tag-gohou-michel","tag-guy-kalou","tag-robert-beugre-mambe"],"yoast_head":"<!-- This site is optimized with the Yoast SEO Premium plugin v26.1 (Yoast SEO v27.0) - https:\/\/yoast.com\/product\/yoast-seo-premium-wordpress\/ -->\n<title>Organisation de la CAN 2023, le PM Mamb\u00e9 met en mission artistes et anciennes gloires du sport pour la r\u00e9ussite de l&#039;\u00e9v\u00e8nement - C\u00f4te d&#039;Ivoire<\/title>\n<meta name=\"description\" content=\"Robert Beugre\u0301 Mambe\u0301, Premier ministre, ministre des Sports et du cadre de vie a entame\u0301 jeudi 7 de\u0301cembre 2023, une se ...\" \/>\n<meta name=\"robots\" content=\"index, follow, max-snippet:-1, max-image-preview:large, max-video-preview:-1\" \/>\n<link rel=\"canonical\" href=\"https:\/\/www.africa-press.net\/cotedivoire\/politique\/organisation-de-la-can-2023-le-pm-mambe-met-en-mission-artistes-et-anciennes-gloires-du-sport-pour-la-reussite-de-levenement\" \/>\n<meta property=\"og:locale\" content=\"fr_FR\" \/>\n<meta property=\"og:type\" content=\"article\" \/>\n<meta property=\"og:title\" content=\"Organisation de la CAN 2023, le PM Mamb\u00e9 met en mission artistes et anciennes gloires du sport pour la r\u00e9ussite de l&#039;\u00e9v\u00e8nement\" \/>\n<meta property=\"og:description\" content=\"Robert Beugre\u0301 Mambe\u0301, Premier ministre, ministre des Sports et du cadre de vie a entame\u0301 jeudi 7 de\u0301cembre 2023, une se ...\" \/>\n<meta property=\"og:url\" content=\"https:\/\/www.africa-press.net\/cotedivoire\/politique\/organisation-de-la-can-2023-le-pm-mambe-met-en-mission-artistes-et-anciennes-gloires-du-sport-pour-la-reussite-de-levenement\" \/>\n<meta property=\"og:site_name\" content=\"C\u00f4te d&#039;Ivoire\" \/>\n<meta property=\"article:published_time\" content=\"2023-12-09T15:02:40+00:00\" \/>\n<meta property=\"article:modified_time\" content=\"2023-12-09T15:43:12+00:00\" \/>\n<meta property=\"og:image\" content=\"https:\/\/static.africa-press.net\/cote\/sites\/43\/2023\/12\/sm_1702123886.58602.jpg\" \/>\n\t<meta property=\"og:image:width\" content=\"720\" \/>\n\t<meta property=\"og:image:height\" content=\"381\" \/>\n\t<meta property=\"og:image:type\" content=\"image\/jpeg\" \/>\n<meta name=\"author\" content=\"cfeditorfr\" \/>\n<meta name=\"twitter:card\" content=\"summary_large_image\" \/>\n<meta name=\"twitter:label1\" content=\"\u00c9crit par\" \/>\n\t<meta name=\"twitter:data1\" content=\"cfeditorfr\" \/>\n\t<meta name=\"twitter:label2\" content=\"Dur\u00e9e de lecture estim\u00e9e\" \/>\n\t<meta name=\"twitter:data2\" content=\"5 minutes\" \/>\n<script type=\"application\/ld+json\" class=\"yoast-schema-graph\">{\"@context\":\"https:\/\/schema.org\",\"@graph\":[{\"@type\":\"Article\",\"@id\":\"https:\/\/www.africa-press.net\/cotedivoire\/politique\/organisation-de-la-can-2023-le-pm-mambe-met-en-mission-artistes-et-anciennes-gloires-du-sport-pour-la-reussite-de-levenement#article\",\"isPartOf\":{\"@id\":\"https:\/\/www.africa-press.net\/cotedivoire\/politique\/organisation-de-la-can-2023-le-pm-mambe-met-en-mission-artistes-et-anciennes-gloires-du-sport-pour-la-reussite-de-levenement\"},\"author\":{\"name\":\"cfeditorfr\",\"@id\":\"https:\/\/www.africa-press.net\/cotedivoire\/#\/schema\/person\/2b1cf3cd81a31e3cd26889ca66d677f1\"},\"headline\":\"Organisation de la CAN 2023, le PM Mamb\u00e9 met en mission artistes et anciennes gloires du sport pour la r\u00e9ussite de l&rsquo;\u00e9v\u00e8nement\",\"datePublished\":\"2023-12-09T15:02:40+00:00\",\"dateModified\":\"2023-12-09T15:43:12+00:00\",\"mainEntityOfPage\":{\"@id\":\"https:\/\/www.africa-press.net\/cotedivoire\/politique\/organisation-de-la-can-2023-le-pm-mambe-met-en-mission-artistes-et-anciennes-gloires-du-sport-pour-la-reussite-de-levenement\"},\"wordCount\":1085,\"commentCount\":0,\"image\":{\"@id\":\"https:\/\/www.africa-press.net\/cotedivoire\/politique\/organisation-de-la-can-2023-le-pm-mambe-met-en-mission-artistes-et-anciennes-gloires-du-sport-pour-la-reussite-de-levenement#primaryimage\"},\"thumbnailUrl\":\"https:\/\/static.africa-press.net\/cote\/sites\/43\/2023\/12\/sm_1702123886.58602.jpg\",\"keywords\":[\"Africa Press\",\"Africa Press-C\u00f4te d'Ivoire\",\"CAN 2023\",\"C\u00d4TE D'IVOIRE\",\"Gohou Michel\",\"Guy Kalou\",\"Robert Beugr\u00e9 Mamb\u00e9\"],\"articleSection\":[\"Politique\",\"Toutes les actualit\u00e9s\"],\"inLanguage\":\"fr-FR\",\"potentialAction\":[{\"@type\":\"CommentAction\",\"name\":\"Comment\",\"target\":[\"https:\/\/www.africa-press.net\/cotedivoire\/politique\/organisation-de-la-can-2023-le-pm-mambe-met-en-mission-artistes-et-anciennes-gloires-du-sport-pour-la-reussite-de-levenement#respond\"]}]},{\"@type\":\"WebPage\",\"@id\":\"https:\/\/www.africa-press.net\/cotedivoire\/politique\/organisation-de-la-can-2023-le-pm-mambe-met-en-mission-artistes-et-anciennes-gloires-du-sport-pour-la-reussite-de-levenement\",\"url\":\"https:\/\/www.africa-press.net\/cotedivoire\/politique\/organisation-de-la-can-2023-le-pm-mambe-met-en-mission-artistes-et-anciennes-gloires-du-sport-pour-la-reussite-de-levenement\",\"name\":\"Organisation de la CAN 2023, le PM Mamb\u00e9 met en mission artistes et anciennes gloires du sport pour la r\u00e9ussite de l'\u00e9v\u00e8nement - C\u00f4te d&#039;Ivoire\",\"isPartOf\":{\"@id\":\"https:\/\/www.africa-press.net\/cotedivoire\/#website\"},\"primaryImageOfPage\":{\"@id\":\"https:\/\/www.africa-press.net\/cotedivoire\/politique\/organisation-de-la-can-2023-le-pm-mambe-met-en-mission-artistes-et-anciennes-gloires-du-sport-pour-la-reussite-de-levenement#primaryimage\"},\"image\":{\"@id\":\"https:\/\/www.africa-press.net\/cotedivoire\/politique\/organisation-de-la-can-2023-le-pm-mambe-met-en-mission-artistes-et-anciennes-gloires-du-sport-pour-la-reussite-de-levenement#primaryimage\"},\"thumbnailUrl\":\"https:\/\/static.africa-press.net\/cote\/sites\/43\/2023\/12\/sm_1702123886.58602.jpg\",\"datePublished\":\"2023-12-09T15:02:40+00:00\",\"dateModified\":\"2023-12-09T15:43:12+00:00\",\"author\":{\"@id\":\"https:\/\/www.africa-press.net\/cotedivoire\/#\/schema\/person\/2b1cf3cd81a31e3cd26889ca66d677f1\"},\"description\":\"Robert Beugre\u0301 Mambe\u0301, Premier ministre, ministre des Sports et du cadre de vie a entame\u0301 jeudi 7 de\u0301cembre 2023, une se ...\",\"breadcrumb\":{\"@id\":\"https:\/\/www.africa-press.net\/cotedivoire\/politique\/organisation-de-la-can-2023-le-pm-mambe-met-en-mission-artistes-et-anciennes-gloires-du-sport-pour-la-reussite-de-levenement#breadcrumb\"},\"inLanguage\":\"fr-FR\",\"potentialAction\":[{\"@type\":\"ReadAction\",\"target\":[\"https:\/\/www.africa-press.net\/cotedivoire\/politique\/organisation-de-la-can-2023-le-pm-mambe-met-en-mission-artistes-et-anciennes-gloires-du-sport-pour-la-reussite-de-levenement\"]}]},{\"@type\":\"ImageObject\",\"inLanguage\":\"fr-FR\",\"@id\":\"https:\/\/www.africa-press.net\/cotedivoire\/politique\/organisation-de-la-can-2023-le-pm-mambe-met-en-mission-artistes-et-anciennes-gloires-du-sport-pour-la-reussite-de-levenement#primaryimage\",\"url\":\"https:\/\/static.africa-press.net\/cote\/sites\/43\/2023\/12\/sm_1702123886.58602.jpg\",\"contentUrl\":\"https:\/\/static.africa-press.net\/cote\/sites\/43\/2023\/12\/sm_1702123886.58602.jpg\",\"width\":720,\"height\":381,\"caption\":\"Organisation de la CAN 2023, le PM Mamb\u00e9 met en mission artistes et anciennes gloires du sport pour la r\u00e9ussite de l'\u00e9v\u00e8nement\"},{\"@type\":\"BreadcrumbList\",\"@id\":\"https:\/\/www.africa-press.net\/cotedivoire\/politique\/organisation-de-la-can-2023-le-pm-mambe-met-en-mission-artistes-et-anciennes-gloires-du-sport-pour-la-reussite-de-levenement#breadcrumb\",\"itemListElement\":[{\"@type\":\"ListItem\",\"position\":1,\"name\":\"Accueil\",\"item\":\"https:\/\/www.africa-press.net\/cotedivoire\/\"},{\"@type\":\"ListItem\",\"position\":2,\"name\":\"Organisation de la CAN 2023, le PM Mamb\u00e9 met en mission artistes et anciennes gloires du sport pour la r\u00e9ussite de l&#8217;\u00e9v\u00e8nement\"}]},{\"@type\":\"WebSite\",\"@id\":\"https:\/\/www.africa-press.net\/cotedivoire\/#website\",\"url\":\"https:\/\/www.africa-press.net\/cotedivoire\/\",\"name\":\"C\u00f4te d&#039;Ivoire\",\"description\":\"Just another Africa News Agency Sites site\",\"potentialAction\":[{\"@type\":\"SearchAction\",\"target\":{\"@type\":\"EntryPoint\",\"urlTemplate\":\"https:\/\/www.africa-press.net\/cotedivoire\/?s={search_term_string}\"},\"query-input\":{\"@type\":\"PropertyValueSpecification\",\"valueRequired\":true,\"valueName\":\"search_term_string\"}}],\"inLanguage\":\"fr-FR\"},{\"@type\":\"Person\",\"@id\":\"https:\/\/www.africa-press.net\/cotedivoire\/#\/schema\/person\/2b1cf3cd81a31e3cd26889ca66d677f1\",\"name\":\"cfeditorfr\"}]}<\/script>\n<!-- \/ Yoast SEO Premium plugin. -->","yoast_head_json":{"title":"Organisation de la CAN 2023, le PM Mamb\u00e9 met en mission artistes et anciennes gloires du sport pour la r\u00e9ussite de l'\u00e9v\u00e8nement - C\u00f4te d&#039;Ivoire","description":"Robert Beugre\u0301 Mambe\u0301, Premier ministre, ministre des Sports et du cadre de vie a entame\u0301 jeudi 7 de\u0301cembre 2023, une se ...","robots":{"index":"index","follow":"follow","max-snippet":"max-snippet:-1","max-image-preview":"max-image-preview:large","max-video-preview":"max-video-preview:-1"},"canonical":"https:\/\/www.africa-press.net\/cotedivoire\/politique\/organisation-de-la-can-2023-le-pm-mambe-met-en-mission-artistes-et-anciennes-gloires-du-sport-pour-la-reussite-de-levenement","og_locale":"fr_FR","og_type":"article","og_title":"Organisation de la CAN 2023, le PM Mamb\u00e9 met en mission artistes et anciennes gloires du sport pour la r\u00e9ussite de l'\u00e9v\u00e8nement","og_description":"Robert Beugre\u0301 Mambe\u0301, Premier ministre, ministre des Sports et du cadre de vie a entame\u0301 jeudi 7 de\u0301cembre 2023, une se ...","og_url":"https:\/\/www.africa-press.net\/cotedivoire\/politique\/organisation-de-la-can-2023-le-pm-mambe-met-en-mission-artistes-et-anciennes-gloires-du-sport-pour-la-reussite-de-levenement","og_site_name":"C\u00f4te d&#039;Ivoire","article_published_time":"2023-12-09T15:02:40+00:00","article_modified_time":"2023-12-09T15:43:12+00:00","og_image":[{"width":720,"height":381,"url":"https:\/\/static.africa-press.net\/cote\/sites\/43\/2023\/12\/sm_1702123886.58602.jpg","type":"image\/jpeg"}],"author":"cfeditorfr","twitter_card":"summary_large_image","twitter_misc":{"\u00c9crit par":"cfeditorfr","Dur\u00e9e de lecture estim\u00e9e":"5 minutes"},"schema":{"@context":"https:\/\/schema.org","@graph":[{"@type":"Article","@id":"https:\/\/www.africa-press.net\/cotedivoire\/politique\/organisation-de-la-can-2023-le-pm-mambe-met-en-mission-artistes-et-anciennes-gloires-du-sport-pour-la-reussite-de-levenement#article","isPartOf":{"@id":"https:\/\/www.africa-press.net\/cotedivoire\/politique\/organisation-de-la-can-2023-le-pm-mambe-met-en-mission-artistes-et-anciennes-gloires-du-sport-pour-la-reussite-de-levenement"},"author":{"name":"cfeditorfr","@id":"https:\/\/www.africa-press.net\/cotedivoire\/#\/schema\/person\/2b1cf3cd81a31e3cd26889ca66d677f1"},"headline":"Organisation de la CAN 2023, le PM Mamb\u00e9 met en mission artistes et anciennes gloires du sport pour la r\u00e9ussite de l&rsquo;\u00e9v\u00e8nement","datePublished":"2023-12-09T15:02:40+00:00","dateModified":"2023-12-09T15:43:12+00:00","mainEntityOfPage":{"@id":"https:\/\/www.africa-press.net\/cotedivoire\/politique\/organisation-de-la-can-2023-le-pm-mambe-met-en-mission-artistes-et-anciennes-gloires-du-sport-pour-la-reussite-de-levenement"},"wordCount":1085,"commentCount":0,"image":{"@id":"https:\/\/www.africa-press.net\/cotedivoire\/politique\/organisation-de-la-can-2023-le-pm-mambe-met-en-mission-artistes-et-anciennes-gloires-du-sport-pour-la-reussite-de-levenement#primaryimage"},"thumbnailUrl":"https:\/\/static.africa-press.net\/cote\/sites\/43\/2023\/12\/sm_1702123886.58602.jpg","keywords":["Africa Press","Africa Press-C\u00f4te d'Ivoire","CAN 2023","C\u00d4TE D'IVOIRE","Gohou Michel","Guy Kalou","Robert Beugr\u00e9 Mamb\u00e9"],"articleSection":["Politique","Toutes les actualit\u00e9s"],"inLanguage":"fr-FR","potentialAction":[{"@type":"CommentAction","name":"Comment","target":["https:\/\/www.africa-press.net\/cotedivoire\/politique\/organisation-de-la-can-2023-le-pm-mambe-met-en-mission-artistes-et-anciennes-gloires-du-sport-pour-la-reussite-de-levenement#respond"]}]},{"@type":"WebPage","@id":"https:\/\/www.africa-press.net\/cotedivoire\/politique\/organisation-de-la-can-2023-le-pm-mambe-met-en-mission-artistes-et-anciennes-gloires-du-sport-pour-la-reussite-de-levenement","url":"https:\/\/www.africa-press.net\/cotedivoire\/politique\/organisation-de-la-can-2023-le-pm-mambe-met-en-mission-artistes-et-anciennes-gloires-du-sport-pour-la-reussite-de-levenement","name":"Organisation de la CAN 2023, le PM Mamb\u00e9 met en mission artistes et anciennes gloires du sport pour la r\u00e9ussite de l'\u00e9v\u00e8nement - C\u00f4te d&#039;Ivoire","isPartOf":{"@id":"https:\/\/www.africa-press.net\/cotedivoire\/#website"},"primaryImageOfPage":{"@id":"https:\/\/www.africa-press.net\/cotedivoire\/politique\/organisation-de-la-can-2023-le-pm-mambe-met-en-mission-artistes-et-anciennes-gloires-du-sport-pour-la-reussite-de-levenement#primaryimage"},"image":{"@id":"https:\/\/www.africa-press.net\/cotedivoire\/politique\/organisation-de-la-can-2023-le-pm-mambe-met-en-mission-artistes-et-anciennes-gloires-du-sport-pour-la-reussite-de-levenement#primaryimage"},"thumbnailUrl":"https:\/\/static.africa-press.net\/cote\/sites\/43\/2023\/12\/sm_1702123886.58602.jpg","datePublished":"2023-12-09T15:02:40+00:00","dateModified":"2023-12-09T15:43:12+00:00","author":{"@id":"https:\/\/www.africa-press.net\/cotedivoire\/#\/schema\/person\/2b1cf3cd81a31e3cd26889ca66d677f1"},"description":"Robert Beugre\u0301 Mambe\u0301, Premier ministre, ministre des Sports et du cadre de vie a entame\u0301 jeudi 7 de\u0301cembre 2023, une se ...","breadcrumb":{"@id":"https:\/\/www.africa-press.net\/cotedivoire\/politique\/organisation-de-la-can-2023-le-pm-mambe-met-en-mission-artistes-et-anciennes-gloires-du-sport-pour-la-reussite-de-levenement#breadcrumb"},"inLanguage":"fr-FR","potentialAction":[{"@type":"ReadAction","target":["https:\/\/www.africa-press.net\/cotedivoire\/politique\/organisation-de-la-can-2023-le-pm-mambe-met-en-mission-artistes-et-anciennes-gloires-du-sport-pour-la-reussite-de-levenement"]}]},{"@type":"ImageObject","inLanguage":"fr-FR","@id":"https:\/\/www.africa-press.net\/cotedivoire\/politique\/organisation-de-la-can-2023-le-pm-mambe-met-en-mission-artistes-et-anciennes-gloires-du-sport-pour-la-reussite-de-levenement#primaryimage","url":"https:\/\/static.africa-press.net\/cote\/sites\/43\/2023\/12\/sm_1702123886.58602.jpg","contentUrl":"https:\/\/static.africa-press.net\/cote\/sites\/43\/2023\/12\/sm_1702123886.58602.jpg","width":720,"height":381,"caption":"Organisation de la CAN 2023, le PM Mamb\u00e9 met en mission artistes et anciennes gloires du sport pour la r\u00e9ussite de l'\u00e9v\u00e8nement"},{"@type":"BreadcrumbList","@id":"https:\/\/www.africa-press.net\/cotedivoire\/politique\/organisation-de-la-can-2023-le-pm-mambe-met-en-mission-artistes-et-anciennes-gloires-du-sport-pour-la-reussite-de-levenement#breadcrumb","itemListElement":[{"@type":"ListItem","position":1,"name":"Accueil","item":"https:\/\/www.africa-press.net\/cotedivoire\/"},{"@type":"ListItem","position":2,"name":"Organisation de la CAN 2023, le PM Mamb\u00e9 met en mission artistes et anciennes gloires du sport pour la r\u00e9ussite de l&#8217;\u00e9v\u00e8nement"}]},{"@type":"WebSite","@id":"https:\/\/www.africa-press.net\/cotedivoire\/#website","url":"https:\/\/www.africa-press.net\/cotedivoire\/","name":"C\u00f4te d&#039;Ivoire","description":"Just another Africa News Agency Sites site","potentialAction":[{"@type":"SearchAction","target":{"@type":"EntryPoint","urlTemplate":"https:\/\/www.africa-press.net\/cotedivoire\/?s={search_term_string}"},"query-input":{"@type":"PropertyValueSpecification","valueRequired":true,"valueName":"search_term_string"}}],"inLanguage":"fr-FR"},{"@type":"Person","@id":"https:\/\/www.africa-press.net\/cotedivoire\/#\/schema\/person\/2b1cf3cd81a31e3cd26889ca66d677f1","name":"cfeditorfr"}]}},"_links":{"self":[{"href":"https:\/\/www.africa-press.net\/cotedivoire\/wp-json\/wp\/v2\/posts\/71160","targetHints":{"allow":["GET"]}}],"collection":[{"href":"https:\/\/www.africa-press.net\/cotedivoire\/wp-json\/wp\/v2\/posts"}],"about":[{"href":"https:\/\/www.africa-press.net\/cotedivoire\/wp-json\/wp\/v2\/types\/post"}],"author":[{"embeddable":true,"href":"https:\/\/www.africa-press.net\/cotedivoire\/wp-json\/wp\/v2\/users\/82"}],"replies":[{"embeddable":true,"href":"https:\/\/www.africa-press.net\/cotedivoire\/wp-json\/wp\/v2\/comments?post=71160"}],"version-history":[{"count":0,"href":"https:\/\/www.africa-press.net\/cotedivoire\/wp-json\/wp\/v2\/posts\/71160\/revisions"}],"wp:featuredmedia":[{"embeddable":true,"href":"https:\/\/www.africa-press.net\/cotedivoire\/wp-json\/wp\/v2\/media\/71158"}],"wp:attachment":[{"href":"https:\/\/www.africa-press.net\/cotedivoire\/wp-json\/wp\/v2\/media?parent=71160"}],"wp:term":[{"taxonomy":"category","embeddable":true,"href":"https:\/\/www.africa-press.net\/cotedivoire\/wp-json\/wp\/v2\/categories?post=71160"},{"taxonomy":"post_tag","embeddable":true,"href":"https:\/\/www.africa-press.net\/cotedivoire\/wp-json\/wp\/v2\/tags?post=71160"}],"curies":[{"name":"wp","href":"https:\/\/api.w.org\/{rel}","templated":true}]}}